{"id":1005,"date":"2025-08-11T15:07:54","date_gmt":"2025-08-11T19:07:54","guid":{"rendered":"https:\/\/elglobal.do\/?p=1005"},"modified":"2025-08-11T15:07:55","modified_gmt":"2025-08-11T19:07:55","slug":"corea-del-norte-amenaza-con-medidas-contundentes-ante-ejercicios-militares-de-seul-y-ee-uu","status":"publish","type":"post","link":"https:\/\/elglobal.do\/index.php\/2025\/08\/11\/corea-del-norte-amenaza-con-medidas-contundentes-ante-ejercicios-militares-de-seul-y-ee-uu\/","title":{"rendered":"Corea del Norte amenaza con \u201cmedidas contundentes\u201d ante ejercicios militares de Se\u00fal y EE. UU."},"content":{"rendered":"\n<p><strong>Corea del Norte.- <\/strong>Este lunes, Corea del Norte<strong> <\/strong>ha<strong> <\/strong>advertdo que responder\u00e1 con<strong>\u00a0\u201cmedidas firmes y contundentes\u201d\u00a0<\/strong>si enfrenta provocaciones durante las maniobras militares conjuntas que Corea del Sur y Estados Unidos realizar\u00e1n del 18 al 28 de agosto, bajo el nombre\u00a0Escudo de Libertad Ulchi.<\/p>\n\n\n\n<figure class=\"wp-block-image size-full\"><img loading=\"lazy\" decoding=\"async\" width=\"768\" height=\"512\" src=\"https:\/\/elglobal.do\/wp-content\/uploads\/2025\/08\/Corea.webp\" alt=\"\" class=\"wp-image-1006\" srcset=\"https:\/\/elglobal.do\/wp-content\/uploads\/2025\/08\/Corea.webp 768w, https:\/\/elglobal.do\/wp-content\/uploads\/2025\/08\/Corea-300x200.webp 300w\" sizes=\"auto, (max-width: 768px) 100vw, 768px\" \/><\/figure>\n\n\n\n<p>El anuncio fue hecho por el jefe militar norcoreano\u00a0No Kwang Chol, quien afirm\u00f3 que las fuerzas armadas de la Rep\u00fablica Popular Democr\u00e1tica de Corea (RPDC) actuar\u00e1n <strong>\u201cen su derecho a la autodefensa\u201d<\/strong> frente a los ejercicios, considerados por Pyongyang como un ensayo de invasi\u00f3n.<\/p>\n\n\n\n<p>Las maniobras anuales, en las que participan alrededor de\u00a028.500 soldados estadounidenses desplegados en Corea del Sur, tienen car\u00e1cter defensivo seg\u00fan Washington y Se\u00fal, pero hist\u00f3ricamente han provocado la ira del r\u00e9gimen norcoreano.<\/p>\n\n\n\n<p>Pese a la tensi\u00f3n, ambas Coreas han mostrado se\u00f1ales de distensi\u00f3n en los \u00faltimos meses. En junio, tras la elecci\u00f3n del presidente surcoreano\u00a0Lee Jae Myung, se suspendieron las transmisiones de propaganda en la zona desmilitarizada y se inici\u00f3 el desmantelamiento de los altavoces utilizados con ese fin a lo largo de la frontera.<\/p>\n\n\n\n<p><\/p>\n\n\n\n<p><strong>Fuente: <a href=\"https:\/\/www.latercera.com\/mundo\/noticia\/corea-del-norte-reivindica-el-derecho-a-defenderse-ante-las-maniobras-de-estados-unidos-en-la-zona\/\" data-type=\"link\" data-id=\"https:\/\/www.latercera.com\/mundo\/noticia\/corea-del-norte-reivindica-el-derecho-a-defenderse-ante-las-maniobras-de-estados-unidos-en-la-zona\/\">Yahoo Noticias<\/a><\/strong><\/p>\n\n\n\n<p><\/p>\n","protected":false},"excerpt":{"rendered":"<p>Corea del Norte.- Este lunes, Corea del Norte ha advertdo que responder\u00e1 con\u00a0\u201cmedidas firmes y contundentes\u201d\u00a0si enfrenta provocaciones durante las maniobras militares conjuntas que Corea del Sur y Estados Unidos&hellip; <\/p>\n","protected":false},"author":1,"featured_media":1006,"comment_status":"open","ping_status":"open","sticky":false,"template":"","format":"standard","meta":{"_jetpack_memberships_contains_paid_content":false,"footnotes":""},"categories":[15,1],"tags":[436,438,439,437],"class_list":["post-1005","post","type-post","status-publish","format-standard","has-post-thumbnail","hentry","category-asia","category-categoria-internacionales","tag-coreadelnorte","tag-ee-uu-3","tag-medidas","tag-seul"],"yoast_head":"<!-- This site is optimized with the Yoast SEO plugin v26.9 - https:\/\/yoast.com\/product\/yoast-seo-wordpress\/ -->\n<title>Corea del Norte amenaza con \u201cmedidas contundentes\u201d ante ejercicios militares de Se\u00fal y EE. UU. - EL GLOBAL INFORMATIVO<\/title>\n<meta name=\"robots\" content=\"index, follow, max-snippet:-1, max-image-preview:large, max-video-preview:-1\" \/>\n<link rel=\"canonical\" href=\"https:\/\/elglobal.do\/index.php\/2025\/08\/11\/corea-del-norte-amenaza-con-medidas-contundentes-ante-ejercicios-militares-de-seul-y-ee-uu\/\" \/>\n<meta property=\"og:locale\" content=\"es_ES\" \/>\n<meta property=\"og:type\" content=\"article\" \/>\n<meta property=\"og:title\" content=\"Corea del Norte amenaza con \u201cmedidas contundentes\u201d ante ejercicios militares de Se\u00fal y EE. UU. - EL GLOBAL INFORMATIVO\" \/>\n<meta property=\"og:description\" content=\"Corea del Norte.- Este lunes, Corea del Norte ha advertdo que responder\u00e1 con\u00a0\u201cmedidas firmes y contundentes\u201d\u00a0si enfrenta provocaciones durante las maniobras militares conjuntas que Corea del Sur y Estados Unidos&hellip;\" \/>\n<meta property=\"og:url\" content=\"https:\/\/elglobal.do\/index.php\/2025\/08\/11\/corea-del-norte-amenaza-con-medidas-contundentes-ante-ejercicios-militares-de-seul-y-ee-uu\/\" \/>\n<meta property=\"og:site_name\" content=\"EL GLOBAL INFORMATIVO\" \/>\n<meta property=\"article:published_time\" content=\"2025-08-11T19:07:54+00:00\" \/>\n<meta property=\"article:modified_time\" content=\"2025-08-11T19:07:55+00:00\" \/>\n<meta property=\"og:image\" content=\"https:\/\/elglobal.do\/wp-content\/uploads\/2025\/08\/Corea.webp\" \/>\n\t<meta property=\"og:image:width\" content=\"768\" \/>\n\t<meta property=\"og:image:height\" content=\"512\" \/>\n\t<meta property=\"og:image:type\" content=\"image\/webp\" \/>\n<meta name=\"author\" content=\"EL GLOBAL\" \/>\n<meta name=\"twitter:card\" content=\"summary_large_image\" \/>\n<meta name=\"twitter:label1\" content=\"Escrito por\" \/>\n\t<meta name=\"twitter:data1\" content=\"EL GLOBAL\" \/>\n\t<meta name=\"twitter:label2\" content=\"Tiempo de lectura\" \/>\n\t<meta name=\"twitter:data2\" content=\"1 minuto\" \/>\n<script type=\"application\/ld+json\" class=\"yoast-schema-graph\">{\"@context\":\"https:\/\/schema.org\",\"@graph\":[{\"@type\":\"Article\",\"@id\":\"https:\/\/elglobal.do\/index.php\/2025\/08\/11\/corea-del-norte-amenaza-con-medidas-contundentes-ante-ejercicios-militares-de-seul-y-ee-uu\/#article\",\"isPartOf\":{\"@id\":\"https:\/\/elglobal.do\/index.php\/2025\/08\/11\/corea-del-norte-amenaza-con-medidas-contundentes-ante-ejercicios-militares-de-seul-y-ee-uu\/\"},\"author\":{\"name\":\"EL GLOBAL\",\"@id\":\"https:\/\/elglobal.do\/#\/schema\/person\/0c97ec2c7714fb605d230c292f64d55f\"},\"headline\":\"Corea del Norte amenaza con \u201cmedidas contundentes\u201d ante ejercicios militares de Se\u00fal y EE. UU.\",\"datePublished\":\"2025-08-11T19:07:54+00:00\",\"dateModified\":\"2025-08-11T19:07:55+00:00\",\"mainEntityOfPage\":{\"@id\":\"https:\/\/elglobal.do\/index.php\/2025\/08\/11\/corea-del-norte-amenaza-con-medidas-contundentes-ante-ejercicios-militares-de-seul-y-ee-uu\/\"},\"wordCount\":209,\"commentCount\":0,\"publisher\":{\"@id\":\"https:\/\/elglobal.do\/#organization\"},\"image\":{\"@id\":\"https:\/\/elglobal.do\/index.php\/2025\/08\/11\/corea-del-norte-amenaza-con-medidas-contundentes-ante-ejercicios-militares-de-seul-y-ee-uu\/#primaryimage\"},\"thumbnailUrl\":\"https:\/\/elglobal.do\/wp-content\/uploads\/2025\/08\/Corea.webp\",\"keywords\":[\"#CoreadelNorte\",\"#EE.UU.\",\"#medidas\",\"#Se\u00fal\"],\"articleSection\":[\"ASIA\",\"INTERNACIONALES\"],\"inLanguage\":\"es\",\"potentialAction\":[{\"@type\":\"CommentAction\",\"name\":\"Comment\",\"target\":[\"https:\/\/elglobal.do\/index.php\/2025\/08\/11\/corea-del-norte-amenaza-con-medidas-contundentes-ante-ejercicios-militares-de-seul-y-ee-uu\/#respond\"]}]},{\"@type\":\"WebPage\",\"@id\":\"https:\/\/elglobal.do\/index.php\/2025\/08\/11\/corea-del-norte-amenaza-con-medidas-contundentes-ante-ejercicios-militares-de-seul-y-ee-uu\/\",\"url\":\"https:\/\/elglobal.do\/index.php\/2025\/08\/11\/corea-del-norte-amenaza-con-medidas-contundentes-ante-ejercicios-militares-de-seul-y-ee-uu\/\",\"name\":\"Corea del Norte amenaza con \u201cmedidas contundentes\u201d ante ejercicios militares de Se\u00fal y EE. UU. - EL GLOBAL INFORMATIVO\",\"isPartOf\":{\"@id\":\"https:\/\/elglobal.do\/#website\"},\"primaryImageOfPage\":{\"@id\":\"https:\/\/elglobal.do\/index.php\/2025\/08\/11\/corea-del-norte-amenaza-con-medidas-contundentes-ante-ejercicios-militares-de-seul-y-ee-uu\/#primaryimage\"},\"image\":{\"@id\":\"https:\/\/elglobal.do\/index.php\/2025\/08\/11\/corea-del-norte-amenaza-con-medidas-contundentes-ante-ejercicios-militares-de-seul-y-ee-uu\/#primaryimage\"},\"thumbnailUrl\":\"https:\/\/elglobal.do\/wp-content\/uploads\/2025\/08\/Corea.webp\",\"datePublished\":\"2025-08-11T19:07:54+00:00\",\"dateModified\":\"2025-08-11T19:07:55+00:00\",\"breadcrumb\":{\"@id\":\"https:\/\/elglobal.do\/index.php\/2025\/08\/11\/corea-del-norte-amenaza-con-medidas-contundentes-ante-ejercicios-militares-de-seul-y-ee-uu\/#breadcrumb\"},\"inLanguage\":\"es\",\"potentialAction\":[{\"@type\":\"ReadAction\",\"target\":[\"https:\/\/elglobal.do\/index.php\/2025\/08\/11\/corea-del-norte-amenaza-con-medidas-contundentes-ante-ejercicios-militares-de-seul-y-ee-uu\/\"]}]},{\"@type\":\"ImageObject\",\"inLanguage\":\"es\",\"@id\":\"https:\/\/elglobal.do\/index.php\/2025\/08\/11\/corea-del-norte-amenaza-con-medidas-contundentes-ante-ejercicios-militares-de-seul-y-ee-uu\/#primaryimage\",\"url\":\"https:\/\/elglobal.do\/wp-content\/uploads\/2025\/08\/Corea.webp\",\"contentUrl\":\"https:\/\/elglobal.do\/wp-content\/uploads\/2025\/08\/Corea.webp\",\"width\":768,\"height\":512},{\"@type\":\"BreadcrumbList\",\"@id\":\"https:\/\/elglobal.do\/index.php\/2025\/08\/11\/corea-del-norte-amenaza-con-medidas-contundentes-ante-ejercicios-militares-de-seul-y-ee-uu\/#breadcrumb\",\"itemListElement\":[{\"@type\":\"ListItem\",\"position\":1,\"name\":\"Portada\",\"item\":\"https:\/\/elglobal.do\/\"},{\"@type\":\"ListItem\",\"position\":2,\"name\":\"Corea del Norte amenaza con \u201cmedidas contundentes\u201d ante ejercicios militares de Se\u00fal y EE. UU.\"}]},{\"@type\":\"WebSite\",\"@id\":\"https:\/\/elglobal.do\/#website\",\"url\":\"https:\/\/elglobal.do\/\",\"name\":\"EL GLOBAL INFORMATIVO\",\"description\":\"Peri\u00f3dico digital de la Rep\u00fablica Dominicana que ofrece noticias, novedades, pol\u00edtica y las \u00faltimas actualidades, con informaci\u00f3n veraz y oportuna para mantenerte siempre informad\",\"publisher\":{\"@id\":\"https:\/\/elglobal.do\/#organization\"},\"potentialAction\":[{\"@type\":\"SearchAction\",\"target\":{\"@type\":\"EntryPoint\",\"urlTemplate\":\"https:\/\/elglobal.do\/?s={search_term_string}\"},\"query-input\":{\"@type\":\"PropertyValueSpecification\",\"valueRequired\":true,\"valueName\":\"search_term_string\"}}],\"inLanguage\":\"es\"},{\"@type\":\"Organization\",\"@id\":\"https:\/\/elglobal.do\/#organization\",\"name\":\"EL GLOBAL.DO INFORMATIVO\",\"url\":\"https:\/\/elglobal.do\/\",\"logo\":{\"@type\":\"ImageObject\",\"inLanguage\":\"es\",\"@id\":\"https:\/\/elglobal.do\/#\/schema\/logo\/image\/\",\"url\":\"https:\/\/elglobal.do\/wp-content\/uploads\/2025\/08\/icon.png\",\"contentUrl\":\"https:\/\/elglobal.do\/wp-content\/uploads\/2025\/08\/icon.png\",\"width\":512,\"height\":512,\"caption\":\"EL GLOBAL.DO INFORMATIVO\"},\"image\":{\"@id\":\"https:\/\/elglobal.do\/#\/schema\/logo\/image\/\"}},{\"@type\":\"Person\",\"@id\":\"https:\/\/elglobal.do\/#\/schema\/person\/0c97ec2c7714fb605d230c292f64d55f\",\"name\":\"EL GLOBAL\",\"image\":{\"@type\":\"ImageObject\",\"inLanguage\":\"es\",\"@id\":\"https:\/\/elglobal.do\/#\/schema\/person\/image\/\",\"url\":\"https:\/\/secure.gravatar.com\/avatar\/081cfb6cf99faddc6f4e23a0c11ab98c5cf302925382d1c88dc3ed757ab910a3?s=96&d=mm&r=g\",\"contentUrl\":\"https:\/\/secure.gravatar.com\/avatar\/081cfb6cf99faddc6f4e23a0c11ab98c5cf302925382d1c88dc3ed757ab910a3?s=96&d=mm&r=g\",\"caption\":\"EL GLOBAL\"},\"description\":\"El Global Informativo es un peri\u00f3dico digital de Rep\u00fablica Dominicana que se dedica a cubrir temas importantes, como la pol\u00edtica local, geopol\u00edtica, econom\u00eda, tecnolog\u00eda, noticias internacionales y eventos relacionados con la gesti\u00f3n social, cultural y humana. Su objetivo principal es mantener a la poblaci\u00f3n informada, ofreciendo una visi\u00f3n amplia y actualizada de lo que sucede tanto en el pa\u00eds como en el mundo. Est\u00e1 dirigido por un grupo de periodistas experimentados, lo que garantiza la calidad y la precisi\u00f3n de la informaci\u00f3n que ofrecen. Tiene su sede en la ciudad de Santo Domingo y es parte integral del portafolio de la empresa, MC Global S.R.L.\",\"sameAs\":[\"https:\/\/elglobal.do\",\"https:\/\/www.instagram.com\/elglobal.do_informativo\/\"],\"url\":\"https:\/\/elglobal.do\/index.php\/author\/elglobaluserpro\/\"}]}<\/script>\n<!-- \/ Yoast SEO plugin. -->","yoast_head_json":{"title":"Corea del Norte amenaza con \u201cmedidas contundentes\u201d ante ejercicios militares de Se\u00fal y EE. UU. - EL GLOBAL INFORMATIVO","robots":{"index":"index","follow":"follow","max-snippet":"max-snippet:-1","max-image-preview":"max-image-preview:large","max-video-preview":"max-video-preview:-1"},"canonical":"https:\/\/elglobal.do\/index.php\/2025\/08\/11\/corea-del-norte-amenaza-con-medidas-contundentes-ante-ejercicios-militares-de-seul-y-ee-uu\/","og_locale":"es_ES","og_type":"article","og_title":"Corea del Norte amenaza con \u201cmedidas contundentes\u201d ante ejercicios militares de Se\u00fal y EE. UU. - EL GLOBAL INFORMATIVO","og_description":"Corea del Norte.- Este lunes, Corea del Norte ha advertdo que responder\u00e1 con\u00a0\u201cmedidas firmes y contundentes\u201d\u00a0si enfrenta provocaciones durante las maniobras militares conjuntas que Corea del Sur y Estados Unidos&hellip;","og_url":"https:\/\/elglobal.do\/index.php\/2025\/08\/11\/corea-del-norte-amenaza-con-medidas-contundentes-ante-ejercicios-militares-de-seul-y-ee-uu\/","og_site_name":"EL GLOBAL INFORMATIVO","article_published_time":"2025-08-11T19:07:54+00:00","article_modified_time":"2025-08-11T19:07:55+00:00","og_image":[{"width":768,"height":512,"url":"https:\/\/elglobal.do\/wp-content\/uploads\/2025\/08\/Corea.webp","type":"image\/webp"}],"author":"EL GLOBAL","twitter_card":"summary_large_image","twitter_misc":{"Escrito por":"EL GLOBAL","Tiempo de lectura":"1 minuto"},"schema":{"@context":"https:\/\/schema.org","@graph":[{"@type":"Article","@id":"https:\/\/elglobal.do\/index.php\/2025\/08\/11\/corea-del-norte-amenaza-con-medidas-contundentes-ante-ejercicios-militares-de-seul-y-ee-uu\/#article","isPartOf":{"@id":"https:\/\/elglobal.do\/index.php\/2025\/08\/11\/corea-del-norte-amenaza-con-medidas-contundentes-ante-ejercicios-militares-de-seul-y-ee-uu\/"},"author":{"name":"EL GLOBAL","@id":"https:\/\/elglobal.do\/#\/schema\/person\/0c97ec2c7714fb605d230c292f64d55f"},"headline":"Corea del Norte amenaza con \u201cmedidas contundentes\u201d ante ejercicios militares de Se\u00fal y EE. UU.","datePublished":"2025-08-11T19:07:54+00:00","dateModified":"2025-08-11T19:07:55+00:00","mainEntityOfPage":{"@id":"https:\/\/elglobal.do\/index.php\/2025\/08\/11\/corea-del-norte-amenaza-con-medidas-contundentes-ante-ejercicios-militares-de-seul-y-ee-uu\/"},"wordCount":209,"commentCount":0,"publisher":{"@id":"https:\/\/elglobal.do\/#organization"},"image":{"@id":"https:\/\/elglobal.do\/index.php\/2025\/08\/11\/corea-del-norte-amenaza-con-medidas-contundentes-ante-ejercicios-militares-de-seul-y-ee-uu\/#primaryimage"},"thumbnailUrl":"https:\/\/elglobal.do\/wp-content\/uploads\/2025\/08\/Corea.webp","keywords":["#CoreadelNorte","#EE.UU.","#medidas","#Se\u00fal"],"articleSection":["ASIA","INTERNACIONALES"],"inLanguage":"es","potentialAction":[{"@type":"CommentAction","name":"Comment","target":["https:\/\/elglobal.do\/index.php\/2025\/08\/11\/corea-del-norte-amenaza-con-medidas-contundentes-ante-ejercicios-militares-de-seul-y-ee-uu\/#respond"]}]},{"@type":"WebPage","@id":"https:\/\/elglobal.do\/index.php\/2025\/08\/11\/corea-del-norte-amenaza-con-medidas-contundentes-ante-ejercicios-militares-de-seul-y-ee-uu\/","url":"https:\/\/elglobal.do\/index.php\/2025\/08\/11\/corea-del-norte-amenaza-con-medidas-contundentes-ante-ejercicios-militares-de-seul-y-ee-uu\/","name":"Corea del Norte amenaza con \u201cmedidas contundentes\u201d ante ejercicios militares de Se\u00fal y EE. UU. - EL GLOBAL INFORMATIVO","isPartOf":{"@id":"https:\/\/elglobal.do\/#website"},"primaryImageOfPage":{"@id":"https:\/\/elglobal.do\/index.php\/2025\/08\/11\/corea-del-norte-amenaza-con-medidas-contundentes-ante-ejercicios-militares-de-seul-y-ee-uu\/#primaryimage"},"image":{"@id":"https:\/\/elglobal.do\/index.php\/2025\/08\/11\/corea-del-norte-amenaza-con-medidas-contundentes-ante-ejercicios-militares-de-seul-y-ee-uu\/#primaryimage"},"thumbnailUrl":"https:\/\/elglobal.do\/wp-content\/uploads\/2025\/08\/Corea.webp","datePublished":"2025-08-11T19:07:54+00:00","dateModified":"2025-08-11T19:07:55+00:00","breadcrumb":{"@id":"https:\/\/elglobal.do\/index.php\/2025\/08\/11\/corea-del-norte-amenaza-con-medidas-contundentes-ante-ejercicios-militares-de-seul-y-ee-uu\/#breadcrumb"},"inLanguage":"es","potentialAction":[{"@type":"ReadAction","target":["https:\/\/elglobal.do\/index.php\/2025\/08\/11\/corea-del-norte-amenaza-con-medidas-contundentes-ante-ejercicios-militares-de-seul-y-ee-uu\/"]}]},{"@type":"ImageObject","inLanguage":"es","@id":"https:\/\/elglobal.do\/index.php\/2025\/08\/11\/corea-del-norte-amenaza-con-medidas-contundentes-ante-ejercicios-militares-de-seul-y-ee-uu\/#primaryimage","url":"https:\/\/elglobal.do\/wp-content\/uploads\/2025\/08\/Corea.webp","contentUrl":"https:\/\/elglobal.do\/wp-content\/uploads\/2025\/08\/Corea.webp","width":768,"height":512},{"@type":"BreadcrumbList","@id":"https:\/\/elglobal.do\/index.php\/2025\/08\/11\/corea-del-norte-amenaza-con-medidas-contundentes-ante-ejercicios-militares-de-seul-y-ee-uu\/#breadcrumb","itemListElement":[{"@type":"ListItem","position":1,"name":"Portada","item":"https:\/\/elglobal.do\/"},{"@type":"ListItem","position":2,"name":"Corea del Norte amenaza con \u201cmedidas contundentes\u201d ante ejercicios militares de Se\u00fal y EE. UU."}]},{"@type":"WebSite","@id":"https:\/\/elglobal.do\/#website","url":"https:\/\/elglobal.do\/","name":"EL GLOBAL INFORMATIVO","description":"Peri\u00f3dico digital de la Rep\u00fablica Dominicana que ofrece noticias, novedades, pol\u00edtica y las \u00faltimas actualidades, con informaci\u00f3n veraz y oportuna para mantenerte siempre informad","publisher":{"@id":"https:\/\/elglobal.do\/#organization"},"potentialAction":[{"@type":"SearchAction","target":{"@type":"EntryPoint","urlTemplate":"https:\/\/elglobal.do\/?s={search_term_string}"},"query-input":{"@type":"PropertyValueSpecification","valueRequired":true,"valueName":"search_term_string"}}],"inLanguage":"es"},{"@type":"Organization","@id":"https:\/\/elglobal.do\/#organization","name":"EL GLOBAL.DO INFORMATIVO","url":"https:\/\/elglobal.do\/","logo":{"@type":"ImageObject","inLanguage":"es","@id":"https:\/\/elglobal.do\/#\/schema\/logo\/image\/","url":"https:\/\/elglobal.do\/wp-content\/uploads\/2025\/08\/icon.png","contentUrl":"https:\/\/elglobal.do\/wp-content\/uploads\/2025\/08\/icon.png","width":512,"height":512,"caption":"EL GLOBAL.DO INFORMATIVO"},"image":{"@id":"https:\/\/elglobal.do\/#\/schema\/logo\/image\/"}},{"@type":"Person","@id":"https:\/\/elglobal.do\/#\/schema\/person\/0c97ec2c7714fb605d230c292f64d55f","name":"EL GLOBAL","image":{"@type":"ImageObject","inLanguage":"es","@id":"https:\/\/elglobal.do\/#\/schema\/person\/image\/","url":"https:\/\/secure.gravatar.com\/avatar\/081cfb6cf99faddc6f4e23a0c11ab98c5cf302925382d1c88dc3ed757ab910a3?s=96&d=mm&r=g","contentUrl":"https:\/\/secure.gravatar.com\/avatar\/081cfb6cf99faddc6f4e23a0c11ab98c5cf302925382d1c88dc3ed757ab910a3?s=96&d=mm&r=g","caption":"EL GLOBAL"},"description":"El Global Informativo es un peri\u00f3dico digital de Rep\u00fablica Dominicana que se dedica a cubrir temas importantes, como la pol\u00edtica local, geopol\u00edtica, econom\u00eda, tecnolog\u00eda, noticias internacionales y eventos relacionados con la gesti\u00f3n social, cultural y humana. Su objetivo principal es mantener a la poblaci\u00f3n informada, ofreciendo una visi\u00f3n amplia y actualizada de lo que sucede tanto en el pa\u00eds como en el mundo. Est\u00e1 dirigido por un grupo de periodistas experimentados, lo que garantiza la calidad y la precisi\u00f3n de la informaci\u00f3n que ofrecen. Tiene su sede en la ciudad de Santo Domingo y es parte integral del portafolio de la empresa, MC Global S.R.L.","sameAs":["https:\/\/elglobal.do","https:\/\/www.instagram.com\/elglobal.do_informativo\/"],"url":"https:\/\/elglobal.do\/index.php\/author\/elglobaluserpro\/"}]}},"jetpack_featured_media_url":"https:\/\/elglobal.do\/wp-content\/uploads\/2025\/08\/Corea.webp","jetpack_sharing_enabled":true,"_links":{"self":[{"href":"https:\/\/elglobal.do\/index.php\/wp-json\/wp\/v2\/posts\/1005","targetHints":{"allow":["GET"]}}],"collection":[{"href":"https:\/\/elglobal.do\/index.php\/wp-json\/wp\/v2\/posts"}],"about":[{"href":"https:\/\/elglobal.do\/index.php\/wp-json\/wp\/v2\/types\/post"}],"author":[{"embeddable":true,"href":"https:\/\/elglobal.do\/index.php\/wp-json\/wp\/v2\/users\/1"}],"replies":[{"embeddable":true,"href":"https:\/\/elglobal.do\/index.php\/wp-json\/wp\/v2\/comments?post=1005"}],"version-history":[{"count":1,"href":"https:\/\/elglobal.do\/index.php\/wp-json\/wp\/v2\/posts\/1005\/revisions"}],"predecessor-version":[{"id":1007,"href":"https:\/\/elglobal.do\/index.php\/wp-json\/wp\/v2\/posts\/1005\/revisions\/1007"}],"wp:featuredmedia":[{"embeddable":true,"href":"https:\/\/elglobal.do\/index.php\/wp-json\/wp\/v2\/media\/1006"}],"wp:attachment":[{"href":"https:\/\/elglobal.do\/index.php\/wp-json\/wp\/v2\/media?parent=1005"}],"wp:term":[{"taxonomy":"category","embeddable":true,"href":"https:\/\/elglobal.do\/index.php\/wp-json\/wp\/v2\/categories?post=1005"},{"taxonomy":"post_tag","embeddable":true,"href":"https:\/\/elglobal.do\/index.php\/wp-json\/wp\/v2\/tags?post=1005"}],"curies":[{"name":"wp","href":"https:\/\/api.w.org\/{rel}","templated":true}]}}