{"id":1022,"date":"2025-08-12T10:28:05","date_gmt":"2025-08-12T14:28:05","guid":{"rendered":"https:\/\/elglobal.do\/?p=1022"},"modified":"2025-08-12T10:28:05","modified_gmt":"2025-08-12T14:28:05","slug":"cinco-anos-de-transformacion-gubernamental-en-gestion-de-abinader","status":"publish","type":"post","link":"https:\/\/elglobal.do\/index.php\/2025\/08\/12\/cinco-anos-de-transformacion-gubernamental-en-gestion-de-abinader\/","title":{"rendered":"Cinco a\u00f1os de transformaci\u00f3n gubernamental en gesti\u00f3n de Abinader"},"content":{"rendered":"\n<p><em>De la visi\u00f3n a la realidad<\/em><\/p>\n\n\n\n<figure class=\"wp-block-image size-large\"><img loading=\"lazy\" decoding=\"async\" width=\"1024\" height=\"485\" src=\"https:\/\/elglobal.do\/wp-content\/uploads\/2025\/08\/Gestion-1024x485.jpeg\" alt=\"\" class=\"wp-image-1023\" srcset=\"https:\/\/elglobal.do\/wp-content\/uploads\/2025\/08\/Gestion-1024x485.jpeg 1024w, https:\/\/elglobal.do\/wp-content\/uploads\/2025\/08\/Gestion-300x142.jpeg 300w, https:\/\/elglobal.do\/wp-content\/uploads\/2025\/08\/Gestion-768x364.jpeg 768w, https:\/\/elglobal.do\/wp-content\/uploads\/2025\/08\/Gestion-1536x728.jpeg 1536w, https:\/\/elglobal.do\/wp-content\/uploads\/2025\/08\/Gestion.jpeg 1600w\" sizes=\"auto, (max-width: 1024px) 100vw, 1024px\" \/><\/figure>\n\n\n\n<p><\/p>\n\n\n\n<p><strong>Santo Domingo. &#8211;<\/strong> En LA Semanal con la prensa de este lunes, <strong>el presidente Luis Abinader <\/strong>hizo un recuento de los avances y transformaciones que ha tenido el pa\u00eds durante los 5 a\u00f1os de su gesti\u00f3n de Gobierno.<\/p>\n\n\n\n<p>El mandatario<strong> <\/strong>destac\u00f3 el impacto de los indicadores sociales centrado en los&nbsp; &nbsp;temas de salud, viviendas, empleos, tasa de pobreza, salarios, calidad en la educaci\u00f3n, agua potable, sector el\u00e9ctrico, agropecuario, el bienestar y la dignidad, indicadores- rurales, (vivienda, agua, iluminaci\u00f3n), eficiencia &#8211; transparencia y lucha contra la corrupci\u00f3n.<\/p>\n\n\n\n<p>Asimismo, el jefe de Estado reafirm\u00f3 los esfuerzos que se hacen desde el Gobierno para fortalecer los niveles de pobreza anteriormente expuestos. Abinader indic\u00f3 adem\u00e1s que se tienen que seguir mejorando todos los sectores. <strong>&#8216;no es un solo sector, tenemos que seguir mejor\u00e1ndolos todos&#8217;<\/strong>, dijo.<\/p>\n\n\n\n<p>  Ver ampliado: <a href=\"https:\/\/presidencia.gob.do\/noticias\/republica-dominicana-registra-avances-historicos-en-salud-educacion-seguridad-vivienda-y\">https:\/\/presidencia.gob.do\/noticias\/republica-dominicana-registra-avances-historicos-en-salud-educacion-seguridad-vivienda-y<\/a><\/p>\n\n\n\n<p><\/p>\n","protected":false},"excerpt":{"rendered":"<p>De la visi\u00f3n a la realidad Santo Domingo. &#8211; En LA Semanal con la prensa de este lunes, el presidente Luis Abinader hizo un recuento de los avances y transformaciones&hellip; <\/p>\n","protected":false},"author":1,"featured_media":1023,"comment_status":"open","ping_status":"open","sticky":false,"template":"","format":"standard","meta":{"_jetpack_memberships_contains_paid_content":false,"footnotes":""},"categories":[40],"tags":[444,139,33],"class_list":["post-1022","post","type-post","status-publish","format-standard","has-post-thumbnail","hentry","category-nacionales","tag-cincoanosdegestion","tag-lasemanal","tag-luisabinader"],"yoast_head":"<!-- This site is optimized with the Yoast SEO plugin v26.9 - https:\/\/yoast.com\/product\/yoast-seo-wordpress\/ -->\n<title>Cinco a\u00f1os de transformaci\u00f3n gubernamental en gesti\u00f3n de Abinader - EL GLOBAL INFORMATIVO<\/title>\n<meta name=\"robots\" content=\"index, follow, max-snippet:-1, max-image-preview:large, max-video-preview:-1\" \/>\n<link rel=\"canonical\" href=\"https:\/\/elglobal.do\/index.php\/2025\/08\/12\/cinco-anos-de-transformacion-gubernamental-en-gestion-de-abinader\/\" \/>\n<meta property=\"og:locale\" content=\"es_ES\" \/>\n<meta property=\"og:type\" content=\"article\" \/>\n<meta property=\"og:title\" content=\"Cinco a\u00f1os de transformaci\u00f3n gubernamental en gesti\u00f3n de Abinader - EL GLOBAL INFORMATIVO\" \/>\n<meta property=\"og:description\" content=\"De la visi\u00f3n a la realidad Santo Domingo. &#8211; En LA Semanal con la prensa de este lunes, el presidente Luis Abinader hizo un recuento de los avances y transformaciones&hellip;\" \/>\n<meta property=\"og:url\" content=\"https:\/\/elglobal.do\/index.php\/2025\/08\/12\/cinco-anos-de-transformacion-gubernamental-en-gestion-de-abinader\/\" \/>\n<meta property=\"og:site_name\" content=\"EL GLOBAL INFORMATIVO\" \/>\n<meta property=\"article:published_time\" content=\"2025-08-12T14:28:05+00:00\" \/>\n<meta property=\"og:image\" content=\"https:\/\/elglobal.do\/wp-content\/uploads\/2025\/08\/Gestion.jpeg\" \/>\n\t<meta property=\"og:image:width\" content=\"1600\" \/>\n\t<meta property=\"og:image:height\" content=\"758\" \/>\n\t<meta property=\"og:image:type\" content=\"image\/jpeg\" \/>\n<meta name=\"author\" content=\"EL GLOBAL\" \/>\n<meta name=\"twitter:card\" content=\"summary_large_image\" \/>\n<meta name=\"twitter:label1\" content=\"Escrito por\" \/>\n\t<meta name=\"twitter:data1\" content=\"EL GLOBAL\" \/>\n\t<meta name=\"twitter:label2\" content=\"Tiempo de lectura\" \/>\n\t<meta name=\"twitter:data2\" content=\"1 minuto\" \/>\n<script type=\"application\/ld+json\" class=\"yoast-schema-graph\">{\"@context\":\"https:\/\/schema.org\",\"@graph\":[{\"@type\":\"Article\",\"@id\":\"https:\/\/elglobal.do\/index.php\/2025\/08\/12\/cinco-anos-de-transformacion-gubernamental-en-gestion-de-abinader\/#article\",\"isPartOf\":{\"@id\":\"https:\/\/elglobal.do\/index.php\/2025\/08\/12\/cinco-anos-de-transformacion-gubernamental-en-gestion-de-abinader\/\"},\"author\":{\"name\":\"EL GLOBAL\",\"@id\":\"https:\/\/elglobal.do\/#\/schema\/person\/0c97ec2c7714fb605d230c292f64d55f\"},\"headline\":\"Cinco a\u00f1os de transformaci\u00f3n gubernamental en gesti\u00f3n de Abinader\",\"datePublished\":\"2025-08-12T14:28:05+00:00\",\"mainEntityOfPage\":{\"@id\":\"https:\/\/elglobal.do\/index.php\/2025\/08\/12\/cinco-anos-de-transformacion-gubernamental-en-gestion-de-abinader\/\"},\"wordCount\":168,\"commentCount\":0,\"publisher\":{\"@id\":\"https:\/\/elglobal.do\/#organization\"},\"image\":{\"@id\":\"https:\/\/elglobal.do\/index.php\/2025\/08\/12\/cinco-anos-de-transformacion-gubernamental-en-gestion-de-abinader\/#primaryimage\"},\"thumbnailUrl\":\"https:\/\/elglobal.do\/wp-content\/uploads\/2025\/08\/Gestion.jpeg\",\"keywords\":[\"#Cincoa\u00f1osdeGesti\u00f3n\",\"#LASemanal\",\"#LuisAbinader\"],\"articleSection\":[\"NACIONALES\"],\"inLanguage\":\"es\",\"potentialAction\":[{\"@type\":\"CommentAction\",\"name\":\"Comment\",\"target\":[\"https:\/\/elglobal.do\/index.php\/2025\/08\/12\/cinco-anos-de-transformacion-gubernamental-en-gestion-de-abinader\/#respond\"]}]},{\"@type\":\"WebPage\",\"@id\":\"https:\/\/elglobal.do\/index.php\/2025\/08\/12\/cinco-anos-de-transformacion-gubernamental-en-gestion-de-abinader\/\",\"url\":\"https:\/\/elglobal.do\/index.php\/2025\/08\/12\/cinco-anos-de-transformacion-gubernamental-en-gestion-de-abinader\/\",\"name\":\"Cinco a\u00f1os de transformaci\u00f3n gubernamental en gesti\u00f3n de Abinader - EL GLOBAL INFORMATIVO\",\"isPartOf\":{\"@id\":\"https:\/\/elglobal.do\/#website\"},\"primaryImageOfPage\":{\"@id\":\"https:\/\/elglobal.do\/index.php\/2025\/08\/12\/cinco-anos-de-transformacion-gubernamental-en-gestion-de-abinader\/#primaryimage\"},\"image\":{\"@id\":\"https:\/\/elglobal.do\/index.php\/2025\/08\/12\/cinco-anos-de-transformacion-gubernamental-en-gestion-de-abinader\/#primaryimage\"},\"thumbnailUrl\":\"https:\/\/elglobal.do\/wp-content\/uploads\/2025\/08\/Gestion.jpeg\",\"datePublished\":\"2025-08-12T14:28:05+00:00\",\"breadcrumb\":{\"@id\":\"https:\/\/elglobal.do\/index.php\/2025\/08\/12\/cinco-anos-de-transformacion-gubernamental-en-gestion-de-abinader\/#breadcrumb\"},\"inLanguage\":\"es\",\"potentialAction\":[{\"@type\":\"ReadAction\",\"target\":[\"https:\/\/elglobal.do\/index.php\/2025\/08\/12\/cinco-anos-de-transformacion-gubernamental-en-gestion-de-abinader\/\"]}]},{\"@type\":\"ImageObject\",\"inLanguage\":\"es\",\"@id\":\"https:\/\/elglobal.do\/index.php\/2025\/08\/12\/cinco-anos-de-transformacion-gubernamental-en-gestion-de-abinader\/#primaryimage\",\"url\":\"https:\/\/elglobal.do\/wp-content\/uploads\/2025\/08\/Gestion.jpeg\",\"contentUrl\":\"https:\/\/elglobal.do\/wp-content\/uploads\/2025\/08\/Gestion.jpeg\",\"width\":1600,\"height\":758},{\"@type\":\"BreadcrumbList\",\"@id\":\"https:\/\/elglobal.do\/index.php\/2025\/08\/12\/cinco-anos-de-transformacion-gubernamental-en-gestion-de-abinader\/#breadcrumb\",\"itemListElement\":[{\"@type\":\"ListItem\",\"position\":1,\"name\":\"Portada\",\"item\":\"https:\/\/elglobal.do\/\"},{\"@type\":\"ListItem\",\"position\":2,\"name\":\"Cinco a\u00f1os de transformaci\u00f3n gubernamental en gesti\u00f3n de Abinader\"}]},{\"@type\":\"WebSite\",\"@id\":\"https:\/\/elglobal.do\/#website\",\"url\":\"https:\/\/elglobal.do\/\",\"name\":\"EL GLOBAL INFORMATIVO\",\"description\":\"Peri\u00f3dico digital de la Rep\u00fablica Dominicana que ofrece noticias, novedades, pol\u00edtica y las \u00faltimas actualidades, con informaci\u00f3n veraz y oportuna para mantenerte siempre informad\",\"publisher\":{\"@id\":\"https:\/\/elglobal.do\/#organization\"},\"potentialAction\":[{\"@type\":\"SearchAction\",\"target\":{\"@type\":\"EntryPoint\",\"urlTemplate\":\"https:\/\/elglobal.do\/?s={search_term_string}\"},\"query-input\":{\"@type\":\"PropertyValueSpecification\",\"valueRequired\":true,\"valueName\":\"search_term_string\"}}],\"inLanguage\":\"es\"},{\"@type\":\"Organization\",\"@id\":\"https:\/\/elglobal.do\/#organization\",\"name\":\"EL GLOBAL.DO INFORMATIVO\",\"url\":\"https:\/\/elglobal.do\/\",\"logo\":{\"@type\":\"ImageObject\",\"inLanguage\":\"es\",\"@id\":\"https:\/\/elglobal.do\/#\/schema\/logo\/image\/\",\"url\":\"https:\/\/elglobal.do\/wp-content\/uploads\/2025\/08\/icon.png\",\"contentUrl\":\"https:\/\/elglobal.do\/wp-content\/uploads\/2025\/08\/icon.png\",\"width\":512,\"height\":512,\"caption\":\"EL GLOBAL.DO INFORMATIVO\"},\"image\":{\"@id\":\"https:\/\/elglobal.do\/#\/schema\/logo\/image\/\"}},{\"@type\":\"Person\",\"@id\":\"https:\/\/elglobal.do\/#\/schema\/person\/0c97ec2c7714fb605d230c292f64d55f\",\"name\":\"EL GLOBAL\",\"image\":{\"@type\":\"ImageObject\",\"inLanguage\":\"es\",\"@id\":\"https:\/\/elglobal.do\/#\/schema\/person\/image\/\",\"url\":\"https:\/\/secure.gravatar.com\/avatar\/081cfb6cf99faddc6f4e23a0c11ab98c5cf302925382d1c88dc3ed757ab910a3?s=96&d=mm&r=g\",\"contentUrl\":\"https:\/\/secure.gravatar.com\/avatar\/081cfb6cf99faddc6f4e23a0c11ab98c5cf302925382d1c88dc3ed757ab910a3?s=96&d=mm&r=g\",\"caption\":\"EL GLOBAL\"},\"description\":\"El Global Informativo es un peri\u00f3dico digital de Rep\u00fablica Dominicana que se dedica a cubrir temas importantes, como la pol\u00edtica local, geopol\u00edtica, econom\u00eda, tecnolog\u00eda, noticias internacionales y eventos relacionados con la gesti\u00f3n social, cultural y humana. Su objetivo principal es mantener a la poblaci\u00f3n informada, ofreciendo una visi\u00f3n amplia y actualizada de lo que sucede tanto en el pa\u00eds como en el mundo. Est\u00e1 dirigido por un grupo de periodistas experimentados, lo que garantiza la calidad y la precisi\u00f3n de la informaci\u00f3n que ofrecen. Tiene su sede en la ciudad de Santo Domingo y es parte integral del portafolio de la empresa, MC Global S.R.L.\",\"sameAs\":[\"https:\/\/elglobal.do\",\"https:\/\/www.instagram.com\/elglobal.do_informativo\/\"],\"url\":\"https:\/\/elglobal.do\/index.php\/author\/elglobaluserpro\/\"}]}<\/script>\n<!-- \/ Yoast SEO plugin. -->","yoast_head_json":{"title":"Cinco a\u00f1os de transformaci\u00f3n gubernamental en gesti\u00f3n de Abinader - EL GLOBAL INFORMATIVO","robots":{"index":"index","follow":"follow","max-snippet":"max-snippet:-1","max-image-preview":"max-image-preview:large","max-video-preview":"max-video-preview:-1"},"canonical":"https:\/\/elglobal.do\/index.php\/2025\/08\/12\/cinco-anos-de-transformacion-gubernamental-en-gestion-de-abinader\/","og_locale":"es_ES","og_type":"article","og_title":"Cinco a\u00f1os de transformaci\u00f3n gubernamental en gesti\u00f3n de Abinader - EL GLOBAL INFORMATIVO","og_description":"De la visi\u00f3n a la realidad Santo Domingo. &#8211; En LA Semanal con la prensa de este lunes, el presidente Luis Abinader hizo un recuento de los avances y transformaciones&hellip;","og_url":"https:\/\/elglobal.do\/index.php\/2025\/08\/12\/cinco-anos-de-transformacion-gubernamental-en-gestion-de-abinader\/","og_site_name":"EL GLOBAL INFORMATIVO","article_published_time":"2025-08-12T14:28:05+00:00","og_image":[{"width":1600,"height":758,"url":"https:\/\/elglobal.do\/wp-content\/uploads\/2025\/08\/Gestion.jpeg","type":"image\/jpeg"}],"author":"EL GLOBAL","twitter_card":"summary_large_image","twitter_misc":{"Escrito por":"EL GLOBAL","Tiempo de lectura":"1 minuto"},"schema":{"@context":"https:\/\/schema.org","@graph":[{"@type":"Article","@id":"https:\/\/elglobal.do\/index.php\/2025\/08\/12\/cinco-anos-de-transformacion-gubernamental-en-gestion-de-abinader\/#article","isPartOf":{"@id":"https:\/\/elglobal.do\/index.php\/2025\/08\/12\/cinco-anos-de-transformacion-gubernamental-en-gestion-de-abinader\/"},"author":{"name":"EL GLOBAL","@id":"https:\/\/elglobal.do\/#\/schema\/person\/0c97ec2c7714fb605d230c292f64d55f"},"headline":"Cinco a\u00f1os de transformaci\u00f3n gubernamental en gesti\u00f3n de Abinader","datePublished":"2025-08-12T14:28:05+00:00","mainEntityOfPage":{"@id":"https:\/\/elglobal.do\/index.php\/2025\/08\/12\/cinco-anos-de-transformacion-gubernamental-en-gestion-de-abinader\/"},"wordCount":168,"commentCount":0,"publisher":{"@id":"https:\/\/elglobal.do\/#organization"},"image":{"@id":"https:\/\/elglobal.do\/index.php\/2025\/08\/12\/cinco-anos-de-transformacion-gubernamental-en-gestion-de-abinader\/#primaryimage"},"thumbnailUrl":"https:\/\/elglobal.do\/wp-content\/uploads\/2025\/08\/Gestion.jpeg","keywords":["#Cincoa\u00f1osdeGesti\u00f3n","#LASemanal","#LuisAbinader"],"articleSection":["NACIONALES"],"inLanguage":"es","potentialAction":[{"@type":"CommentAction","name":"Comment","target":["https:\/\/elglobal.do\/index.php\/2025\/08\/12\/cinco-anos-de-transformacion-gubernamental-en-gestion-de-abinader\/#respond"]}]},{"@type":"WebPage","@id":"https:\/\/elglobal.do\/index.php\/2025\/08\/12\/cinco-anos-de-transformacion-gubernamental-en-gestion-de-abinader\/","url":"https:\/\/elglobal.do\/index.php\/2025\/08\/12\/cinco-anos-de-transformacion-gubernamental-en-gestion-de-abinader\/","name":"Cinco a\u00f1os de transformaci\u00f3n gubernamental en gesti\u00f3n de Abinader - EL GLOBAL INFORMATIVO","isPartOf":{"@id":"https:\/\/elglobal.do\/#website"},"primaryImageOfPage":{"@id":"https:\/\/elglobal.do\/index.php\/2025\/08\/12\/cinco-anos-de-transformacion-gubernamental-en-gestion-de-abinader\/#primaryimage"},"image":{"@id":"https:\/\/elglobal.do\/index.php\/2025\/08\/12\/cinco-anos-de-transformacion-gubernamental-en-gestion-de-abinader\/#primaryimage"},"thumbnailUrl":"https:\/\/elglobal.do\/wp-content\/uploads\/2025\/08\/Gestion.jpeg","datePublished":"2025-08-12T14:28:05+00:00","breadcrumb":{"@id":"https:\/\/elglobal.do\/index.php\/2025\/08\/12\/cinco-anos-de-transformacion-gubernamental-en-gestion-de-abinader\/#breadcrumb"},"inLanguage":"es","potentialAction":[{"@type":"ReadAction","target":["https:\/\/elglobal.do\/index.php\/2025\/08\/12\/cinco-anos-de-transformacion-gubernamental-en-gestion-de-abinader\/"]}]},{"@type":"ImageObject","inLanguage":"es","@id":"https:\/\/elglobal.do\/index.php\/2025\/08\/12\/cinco-anos-de-transformacion-gubernamental-en-gestion-de-abinader\/#primaryimage","url":"https:\/\/elglobal.do\/wp-content\/uploads\/2025\/08\/Gestion.jpeg","contentUrl":"https:\/\/elglobal.do\/wp-content\/uploads\/2025\/08\/Gestion.jpeg","width":1600,"height":758},{"@type":"BreadcrumbList","@id":"https:\/\/elglobal.do\/index.php\/2025\/08\/12\/cinco-anos-de-transformacion-gubernamental-en-gestion-de-abinader\/#breadcrumb","itemListElement":[{"@type":"ListItem","position":1,"name":"Portada","item":"https:\/\/elglobal.do\/"},{"@type":"ListItem","position":2,"name":"Cinco a\u00f1os de transformaci\u00f3n gubernamental en gesti\u00f3n de Abinader"}]},{"@type":"WebSite","@id":"https:\/\/elglobal.do\/#website","url":"https:\/\/elglobal.do\/","name":"EL GLOBAL INFORMATIVO","description":"Peri\u00f3dico digital de la Rep\u00fablica Dominicana que ofrece noticias, novedades, pol\u00edtica y las \u00faltimas actualidades, con informaci\u00f3n veraz y oportuna para mantenerte siempre informad","publisher":{"@id":"https:\/\/elglobal.do\/#organization"},"potentialAction":[{"@type":"SearchAction","target":{"@type":"EntryPoint","urlTemplate":"https:\/\/elglobal.do\/?s={search_term_string}"},"query-input":{"@type":"PropertyValueSpecification","valueRequired":true,"valueName":"search_term_string"}}],"inLanguage":"es"},{"@type":"Organization","@id":"https:\/\/elglobal.do\/#organization","name":"EL GLOBAL.DO INFORMATIVO","url":"https:\/\/elglobal.do\/","logo":{"@type":"ImageObject","inLanguage":"es","@id":"https:\/\/elglobal.do\/#\/schema\/logo\/image\/","url":"https:\/\/elglobal.do\/wp-content\/uploads\/2025\/08\/icon.png","contentUrl":"https:\/\/elglobal.do\/wp-content\/uploads\/2025\/08\/icon.png","width":512,"height":512,"caption":"EL GLOBAL.DO INFORMATIVO"},"image":{"@id":"https:\/\/elglobal.do\/#\/schema\/logo\/image\/"}},{"@type":"Person","@id":"https:\/\/elglobal.do\/#\/schema\/person\/0c97ec2c7714fb605d230c292f64d55f","name":"EL GLOBAL","image":{"@type":"ImageObject","inLanguage":"es","@id":"https:\/\/elglobal.do\/#\/schema\/person\/image\/","url":"https:\/\/secure.gravatar.com\/avatar\/081cfb6cf99faddc6f4e23a0c11ab98c5cf302925382d1c88dc3ed757ab910a3?s=96&d=mm&r=g","contentUrl":"https:\/\/secure.gravatar.com\/avatar\/081cfb6cf99faddc6f4e23a0c11ab98c5cf302925382d1c88dc3ed757ab910a3?s=96&d=mm&r=g","caption":"EL GLOBAL"},"description":"El Global Informativo es un peri\u00f3dico digital de Rep\u00fablica Dominicana que se dedica a cubrir temas importantes, como la pol\u00edtica local, geopol\u00edtica, econom\u00eda, tecnolog\u00eda, noticias internacionales y eventos relacionados con la gesti\u00f3n social, cultural y humana. Su objetivo principal es mantener a la poblaci\u00f3n informada, ofreciendo una visi\u00f3n amplia y actualizada de lo que sucede tanto en el pa\u00eds como en el mundo. Est\u00e1 dirigido por un grupo de periodistas experimentados, lo que garantiza la calidad y la precisi\u00f3n de la informaci\u00f3n que ofrecen. Tiene su sede en la ciudad de Santo Domingo y es parte integral del portafolio de la empresa, MC Global S.R.L.","sameAs":["https:\/\/elglobal.do","https:\/\/www.instagram.com\/elglobal.do_informativo\/"],"url":"https:\/\/elglobal.do\/index.php\/author\/elglobaluserpro\/"}]}},"jetpack_featured_media_url":"https:\/\/elglobal.do\/wp-content\/uploads\/2025\/08\/Gestion.jpeg","jetpack_sharing_enabled":true,"_links":{"self":[{"href":"https:\/\/elglobal.do\/index.php\/wp-json\/wp\/v2\/posts\/1022","targetHints":{"allow":["GET"]}}],"collection":[{"href":"https:\/\/elglobal.do\/index.php\/wp-json\/wp\/v2\/posts"}],"about":[{"href":"https:\/\/elglobal.do\/index.php\/wp-json\/wp\/v2\/types\/post"}],"author":[{"embeddable":true,"href":"https:\/\/elglobal.do\/index.php\/wp-json\/wp\/v2\/users\/1"}],"replies":[{"embeddable":true,"href":"https:\/\/elglobal.do\/index.php\/wp-json\/wp\/v2\/comments?post=1022"}],"version-history":[{"count":1,"href":"https:\/\/elglobal.do\/index.php\/wp-json\/wp\/v2\/posts\/1022\/revisions"}],"predecessor-version":[{"id":1024,"href":"https:\/\/elglobal.do\/index.php\/wp-json\/wp\/v2\/posts\/1022\/revisions\/1024"}],"wp:featuredmedia":[{"embeddable":true,"href":"https:\/\/elglobal.do\/index.php\/wp-json\/wp\/v2\/media\/1023"}],"wp:attachment":[{"href":"https:\/\/elglobal.do\/index.php\/wp-json\/wp\/v2\/media?parent=1022"}],"wp:term":[{"taxonomy":"category","embeddable":true,"href":"https:\/\/elglobal.do\/index.php\/wp-json\/wp\/v2\/categories?post=1022"},{"taxonomy":"post_tag","embeddable":true,"href":"https:\/\/elglobal.do\/index.php\/wp-json\/wp\/v2\/tags?post=1022"}],"curies":[{"name":"wp","href":"https:\/\/api.w.org\/{rel}","templated":true}]}}