{"id":1084,"date":"2025-08-13T14:21:43","date_gmt":"2025-08-13T18:21:43","guid":{"rendered":"https:\/\/elglobal.do\/?p=1084"},"modified":"2025-08-13T17:40:38","modified_gmt":"2025-08-13T21:40:38","slug":"gobierno-inaugura-nueva-terminal-courier-en-el-aila","status":"publish","type":"post","link":"https:\/\/elglobal.do\/index.php\/2025\/08\/13\/gobierno-inaugura-nueva-terminal-courier-en-el-aila\/","title":{"rendered":"Gobierno Inaugura nueva terminal Courier en el AILA"},"content":{"rendered":"\n<figure class=\"wp-block-image size-large\"><img loading=\"lazy\" decoding=\"async\" width=\"1024\" height=\"683\" src=\"https:\/\/elglobal.do\/wp-content\/uploads\/2025\/08\/Terminal-1024x683.jpeg\" alt=\"\" class=\"wp-image-1086\" srcset=\"https:\/\/elglobal.do\/wp-content\/uploads\/2025\/08\/Terminal-1024x683.jpeg 1024w, https:\/\/elglobal.do\/wp-content\/uploads\/2025\/08\/Terminal-300x200.jpeg 300w, https:\/\/elglobal.do\/wp-content\/uploads\/2025\/08\/Terminal-768x512.jpeg 768w, https:\/\/elglobal.do\/wp-content\/uploads\/2025\/08\/Terminal-1536x1024.jpeg 1536w, https:\/\/elglobal.do\/wp-content\/uploads\/2025\/08\/Terminal-2048x1366.jpeg 2048w\" sizes=\"auto, (max-width: 1024px) 100vw, 1024px\" \/><figcaption class=\"wp-element-caption\"><em>La nueva terminal Courier en el AILA cumple con los m\u00e1s altos est\u00e1ndares de calidad y seguridad para el manejo de mercanc\u00eda comprada por internet<\/em><\/figcaption><\/figure>\n\n\n\n<p><\/p>\n\n\n\n<p><strong>Santo Domingo.<\/strong> \u2013 <strong>El presidente Luis Abinader y el director general de Aduanas, Yayo Sanz Lovat\u00f3n<\/strong>, inauguraron este mi\u00e9rcoles una moderna terminal Courier para el manejo y almacenaje de paqueter\u00eda expresa y comercio electr\u00f3nico, en el <strong>Aeropuerto Internacional Las Am\u00e9ricas <strong>(AILA)<\/strong>, Dr. Jos\u00e9 Francisco Pe\u00f1a G\u00f3mez. <\/strong><\/p>\n\n\n\n<p>La obra, que representa una inversi\u00f3n de US$10 millones, incrementa la capacidad de procesamiento en un 186 %, con una superficie total de 4,858 m\u00b2.<\/p>\n\n\n\n<p><strong>El director de la DGA<\/strong>, Yayo Sanz Lovat\u00f3n, destac\u00f3 que <strong>\u201cson m\u00e1s de 4 millones de paquetes adicionales cada<\/strong> <strong>a\u00f1o que podremos procesar, y lo haremos con eficiencia, seguridad y tecnolog\u00eda de punta\u201d<\/strong>.<\/p>\n\n\n\n<p>Por su parte, M\u00f3nika Infante, CEO de <strong>Aeropuertos Dominicanos Siglo XXI (AERODOM)<\/strong>, subray\u00f3 que, <strong>AERODOM y VINCI<\/strong> Airports mantienen un compromiso inquebrantable con el desarrollo del pa\u00eds. \u201cCada inversi\u00f3n fortalece la infraestructura aeroportuaria, impulsa el crecimiento econ\u00f3mico y capacita una conectividad a\u00e9rea segura, eficiente y continua\u201d. Esta nueva terminal, destinada a la Direcci\u00f3n General de Aduanas, permitir\u00e1 una gesti\u00f3n m\u00e1s \u00e1gil.<\/p>\n\n\n\n<p><\/p>\n\n\n\n<figure class=\"wp-block-image size-large\"><img loading=\"lazy\" decoding=\"async\" width=\"1024\" height=\"683\" src=\"https:\/\/elglobal.do\/wp-content\/uploads\/2025\/08\/Presidente-4-1024x683.jpeg\" alt=\"\" class=\"wp-image-1087\" srcset=\"https:\/\/elglobal.do\/wp-content\/uploads\/2025\/08\/Presidente-4-1024x683.jpeg 1024w, https:\/\/elglobal.do\/wp-content\/uploads\/2025\/08\/Presidente-4-300x200.jpeg 300w, https:\/\/elglobal.do\/wp-content\/uploads\/2025\/08\/Presidente-4-768x512.jpeg 768w, https:\/\/elglobal.do\/wp-content\/uploads\/2025\/08\/Presidente-4-1536x1024.jpeg 1536w, https:\/\/elglobal.do\/wp-content\/uploads\/2025\/08\/Presidente-4-2048x1366.jpeg 2048w\" sizes=\"auto, (max-width: 1024px) 100vw, 1024px\" \/><\/figure>\n\n\n\n<p><\/p>\n\n\n\n<p>En materia de seguridad, la instalaci\u00f3n cuenta con equipos de rayos X de \u00faltima generaci\u00f3n, que agilizan y optimizan la inspecci\u00f3n de todos los paquetes expresos que ingresan al pa\u00eds, reforzando al mismo tiempo la seguridad nacional.<\/p>\n\n\n\n<p>Los trabajos iniciaron en mayo de 2023, respondiendo al crecimiento sostenido del comercio electr\u00f3nico en la Rep\u00fablica Dominicana. La obra fue posible gracias a una alianza p\u00fablico-privada, sin costo para el Estado dominicano.<\/p>\n\n\n\n<p>La nueva terminal Courier operar\u00e1 24 horas al d\u00eda, los 7 d\u00edas de la semana, beneficiando a los usuarios con un despacho m\u00e1s r\u00e1pido, mejor resguardo de la carga y mayor trazabilidad.<\/p>\n\n\n\n<p>\u201cSeguimos trabajando para que la Rep\u00fablica Dominicana sea un hub log\u00edstico de clase mundial\u201d, concluy\u00f3 Sanz Lovat\u00f3n.<\/p>\n\n\n\n<p>&nbsp;<strong>Reconocimiento<\/strong><\/p>\n\n\n\n<p>Durante el evento, <strong>La Asociaci\u00f3n Dominicana de Empresas Courier (ASODEC)<\/strong>, entreg\u00f3 un reconocimiento al presidente Luis Abinader, por su visi\u00f3n, liderazgo y motivaci\u00f3n para la realizaci\u00f3n de este proyecto.<\/p>\n\n\n\n<p>El reconocimiento fue entregado por Tomas Berrido, director de ASODEC.<\/p>\n\n\n\n<p>La actividad cont\u00f3 con la presencia del: ministro de Defensa, teniente general Carlos Antonio Fern\u00e1ndez Onofre; ministro de la Presidencia, Jos\u00e9 Ignacio Paliza; el ministro de Turismo, David Collado; ministro de Cultura, Roberto \u00c1ngel Salcedo y el director <strong>del Departamento Aeroportuario (DA)<\/strong>, V\u00edctor Pichardo.<\/p>\n\n\n\n<p>Tambi\u00e9n, el director ejecutivo de la Direcci\u00f3n General de Alianzas P\u00fablico-Privadas ( DGAPP), Andr\u00e9s Lugo Risk; el director general de la Polic\u00eda Nacional, mayor general Ram\u00f3n Antonio Guzm\u00e1n Peralta; el director ejecutivo de <strong>la Direcci\u00f3n General de Alianzas P\u00fablico-Privadas (DGAPP)<\/strong>, Andr\u00e9s Lugo Risk; el director general de Migraci\u00f3n, vicealmirante Luis Rafael Lee Ballester; entre otras autoridades gubernamentales y congresuales.<\/p>\n\n\n\n<p><\/p>\n","protected":false},"excerpt":{"rendered":"<p>Santo Domingo. \u2013 El presidente Luis Abinader y el director general de Aduanas, Yayo Sanz Lovat\u00f3n, inauguraron este mi\u00e9rcoles una moderna terminal Courier para el manejo y almacenaje de paqueter\u00eda&hellip; <\/p>\n","protected":false},"author":1,"featured_media":1085,"comment_status":"open","ping_status":"open","sticky":false,"template":"","format":"standard","meta":{"_jetpack_memberships_contains_paid_content":false,"footnotes":""},"categories":[40,14],"tags":[501,500,502,498,499,98,497],"class_list":["post-1084","post","type-post","status-publish","format-standard","has-post-thumbnail","hentry","category-nacionales","category-slider","tag-aerodom","tag-aila","tag-courier","tag-dga","tag-dgapp","tag-elglobalinformativo","tag-terminal"],"yoast_head":"<!-- This site is optimized with the Yoast SEO plugin v26.9 - https:\/\/yoast.com\/product\/yoast-seo-wordpress\/ -->\n<title>Gobierno Inaugura nueva terminal Courier en el AILA - EL GLOBAL INFORMATIVO<\/title>\n<meta name=\"robots\" content=\"index, follow, max-snippet:-1, max-image-preview:large, max-video-preview:-1\" \/>\n<link rel=\"canonical\" href=\"https:\/\/elglobal.do\/index.php\/2025\/08\/13\/gobierno-inaugura-nueva-terminal-courier-en-el-aila\/\" \/>\n<meta property=\"og:locale\" content=\"es_ES\" \/>\n<meta property=\"og:type\" content=\"article\" \/>\n<meta property=\"og:title\" content=\"Gobierno Inaugura nueva terminal Courier en el AILA - EL GLOBAL INFORMATIVO\" \/>\n<meta property=\"og:description\" content=\"Santo Domingo. \u2013 El presidente Luis Abinader y el director general de Aduanas, Yayo Sanz Lovat\u00f3n, inauguraron este mi\u00e9rcoles una moderna terminal Courier para el manejo y almacenaje de paqueter\u00eda&hellip;\" \/>\n<meta property=\"og:url\" content=\"https:\/\/elglobal.do\/index.php\/2025\/08\/13\/gobierno-inaugura-nueva-terminal-courier-en-el-aila\/\" \/>\n<meta property=\"og:site_name\" content=\"EL GLOBAL INFORMATIVO\" \/>\n<meta property=\"article:published_time\" content=\"2025-08-13T18:21:43+00:00\" \/>\n<meta property=\"article:modified_time\" content=\"2025-08-13T21:40:38+00:00\" \/>\n<meta property=\"og:image\" content=\"https:\/\/elglobal.do\/wp-content\/uploads\/2025\/08\/Palazo-scaled.jpeg\" \/>\n\t<meta property=\"og:image:width\" content=\"2560\" \/>\n\t<meta property=\"og:image:height\" content=\"1707\" \/>\n\t<meta property=\"og:image:type\" content=\"image\/jpeg\" \/>\n<meta name=\"author\" content=\"EL GLOBAL\" \/>\n<meta name=\"twitter:card\" content=\"summary_large_image\" \/>\n<meta name=\"twitter:label1\" content=\"Escrito por\" \/>\n\t<meta name=\"twitter:data1\" content=\"EL GLOBAL\" \/>\n\t<meta name=\"twitter:label2\" content=\"Tiempo de lectura\" \/>\n\t<meta name=\"twitter:data2\" content=\"2 minutos\" \/>\n<script type=\"application\/ld+json\" class=\"yoast-schema-graph\">{\"@context\":\"https:\/\/schema.org\",\"@graph\":[{\"@type\":\"Article\",\"@id\":\"https:\/\/elglobal.do\/index.php\/2025\/08\/13\/gobierno-inaugura-nueva-terminal-courier-en-el-aila\/#article\",\"isPartOf\":{\"@id\":\"https:\/\/elglobal.do\/index.php\/2025\/08\/13\/gobierno-inaugura-nueva-terminal-courier-en-el-aila\/\"},\"author\":{\"name\":\"EL GLOBAL\",\"@id\":\"https:\/\/elglobal.do\/#\/schema\/person\/0c97ec2c7714fb605d230c292f64d55f\"},\"headline\":\"Gobierno Inaugura nueva terminal Courier en el AILA\",\"datePublished\":\"2025-08-13T18:21:43+00:00\",\"dateModified\":\"2025-08-13T21:40:38+00:00\",\"mainEntityOfPage\":{\"@id\":\"https:\/\/elglobal.do\/index.php\/2025\/08\/13\/gobierno-inaugura-nueva-terminal-courier-en-el-aila\/\"},\"wordCount\":506,\"commentCount\":0,\"publisher\":{\"@id\":\"https:\/\/elglobal.do\/#organization\"},\"image\":{\"@id\":\"https:\/\/elglobal.do\/index.php\/2025\/08\/13\/gobierno-inaugura-nueva-terminal-courier-en-el-aila\/#primaryimage\"},\"thumbnailUrl\":\"https:\/\/elglobal.do\/wp-content\/uploads\/2025\/08\/Palazo-scaled.jpeg\",\"keywords\":[\"#AERODOM\",\"#AILA\",\"#Courier\",\"#DGA\",\"#DGAPP\",\"#ElGlobalInformativo\",\"#terminal\"],\"articleSection\":[\"NACIONALES\",\"NOTICIAS RELEVANTES\"],\"inLanguage\":\"es\",\"potentialAction\":[{\"@type\":\"CommentAction\",\"name\":\"Comment\",\"target\":[\"https:\/\/elglobal.do\/index.php\/2025\/08\/13\/gobierno-inaugura-nueva-terminal-courier-en-el-aila\/#respond\"]}]},{\"@type\":\"WebPage\",\"@id\":\"https:\/\/elglobal.do\/index.php\/2025\/08\/13\/gobierno-inaugura-nueva-terminal-courier-en-el-aila\/\",\"url\":\"https:\/\/elglobal.do\/index.php\/2025\/08\/13\/gobierno-inaugura-nueva-terminal-courier-en-el-aila\/\",\"name\":\"Gobierno Inaugura nueva terminal Courier en el AILA - EL GLOBAL INFORMATIVO\",\"isPartOf\":{\"@id\":\"https:\/\/elglobal.do\/#website\"},\"primaryImageOfPage\":{\"@id\":\"https:\/\/elglobal.do\/index.php\/2025\/08\/13\/gobierno-inaugura-nueva-terminal-courier-en-el-aila\/#primaryimage\"},\"image\":{\"@id\":\"https:\/\/elglobal.do\/index.php\/2025\/08\/13\/gobierno-inaugura-nueva-terminal-courier-en-el-aila\/#primaryimage\"},\"thumbnailUrl\":\"https:\/\/elglobal.do\/wp-content\/uploads\/2025\/08\/Palazo-scaled.jpeg\",\"datePublished\":\"2025-08-13T18:21:43+00:00\",\"dateModified\":\"2025-08-13T21:40:38+00:00\",\"breadcrumb\":{\"@id\":\"https:\/\/elglobal.do\/index.php\/2025\/08\/13\/gobierno-inaugura-nueva-terminal-courier-en-el-aila\/#breadcrumb\"},\"inLanguage\":\"es\",\"potentialAction\":[{\"@type\":\"ReadAction\",\"target\":[\"https:\/\/elglobal.do\/index.php\/2025\/08\/13\/gobierno-inaugura-nueva-terminal-courier-en-el-aila\/\"]}]},{\"@type\":\"ImageObject\",\"inLanguage\":\"es\",\"@id\":\"https:\/\/elglobal.do\/index.php\/2025\/08\/13\/gobierno-inaugura-nueva-terminal-courier-en-el-aila\/#primaryimage\",\"url\":\"https:\/\/elglobal.do\/wp-content\/uploads\/2025\/08\/Palazo-scaled.jpeg\",\"contentUrl\":\"https:\/\/elglobal.do\/wp-content\/uploads\/2025\/08\/Palazo-scaled.jpeg\",\"width\":2560,\"height\":1707},{\"@type\":\"BreadcrumbList\",\"@id\":\"https:\/\/elglobal.do\/index.php\/2025\/08\/13\/gobierno-inaugura-nueva-terminal-courier-en-el-aila\/#breadcrumb\",\"itemListElement\":[{\"@type\":\"ListItem\",\"position\":1,\"name\":\"Portada\",\"item\":\"https:\/\/elglobal.do\/\"},{\"@type\":\"ListItem\",\"position\":2,\"name\":\"Gobierno Inaugura nueva terminal Courier en el AILA\"}]},{\"@type\":\"WebSite\",\"@id\":\"https:\/\/elglobal.do\/#website\",\"url\":\"https:\/\/elglobal.do\/\",\"name\":\"EL GLOBAL INFORMATIVO\",\"description\":\"Peri\u00f3dico digital de la Rep\u00fablica Dominicana que ofrece noticias, novedades, pol\u00edtica y las \u00faltimas actualidades, con informaci\u00f3n veraz y oportuna para mantenerte siempre informad\",\"publisher\":{\"@id\":\"https:\/\/elglobal.do\/#organization\"},\"potentialAction\":[{\"@type\":\"SearchAction\",\"target\":{\"@type\":\"EntryPoint\",\"urlTemplate\":\"https:\/\/elglobal.do\/?s={search_term_string}\"},\"query-input\":{\"@type\":\"PropertyValueSpecification\",\"valueRequired\":true,\"valueName\":\"search_term_string\"}}],\"inLanguage\":\"es\"},{\"@type\":\"Organization\",\"@id\":\"https:\/\/elglobal.do\/#organization\",\"name\":\"EL GLOBAL.DO INFORMATIVO\",\"url\":\"https:\/\/elglobal.do\/\",\"logo\":{\"@type\":\"ImageObject\",\"inLanguage\":\"es\",\"@id\":\"https:\/\/elglobal.do\/#\/schema\/logo\/image\/\",\"url\":\"https:\/\/elglobal.do\/wp-content\/uploads\/2025\/08\/icon.png\",\"contentUrl\":\"https:\/\/elglobal.do\/wp-content\/uploads\/2025\/08\/icon.png\",\"width\":512,\"height\":512,\"caption\":\"EL GLOBAL.DO INFORMATIVO\"},\"image\":{\"@id\":\"https:\/\/elglobal.do\/#\/schema\/logo\/image\/\"}},{\"@type\":\"Person\",\"@id\":\"https:\/\/elglobal.do\/#\/schema\/person\/0c97ec2c7714fb605d230c292f64d55f\",\"name\":\"EL GLOBAL\",\"image\":{\"@type\":\"ImageObject\",\"inLanguage\":\"es\",\"@id\":\"https:\/\/elglobal.do\/#\/schema\/person\/image\/\",\"url\":\"https:\/\/secure.gravatar.com\/avatar\/081cfb6cf99faddc6f4e23a0c11ab98c5cf302925382d1c88dc3ed757ab910a3?s=96&d=mm&r=g\",\"contentUrl\":\"https:\/\/secure.gravatar.com\/avatar\/081cfb6cf99faddc6f4e23a0c11ab98c5cf302925382d1c88dc3ed757ab910a3?s=96&d=mm&r=g\",\"caption\":\"EL GLOBAL\"},\"description\":\"El Global Informativo es un peri\u00f3dico digital de Rep\u00fablica Dominicana que se dedica a cubrir temas importantes, como la pol\u00edtica local, geopol\u00edtica, econom\u00eda, tecnolog\u00eda, noticias internacionales y eventos relacionados con la gesti\u00f3n social, cultural y humana. Su objetivo principal es mantener a la poblaci\u00f3n informada, ofreciendo una visi\u00f3n amplia y actualizada de lo que sucede tanto en el pa\u00eds como en el mundo. Est\u00e1 dirigido por un grupo de periodistas experimentados, lo que garantiza la calidad y la precisi\u00f3n de la informaci\u00f3n que ofrecen. Tiene su sede en la ciudad de Santo Domingo y es parte integral del portafolio de la empresa, MC Global S.R.L.\",\"sameAs\":[\"https:\/\/elglobal.do\",\"https:\/\/www.instagram.com\/elglobal.do_informativo\/\"],\"url\":\"https:\/\/elglobal.do\/index.php\/author\/elglobaluserpro\/\"}]}<\/script>\n<!-- \/ Yoast SEO plugin. -->","yoast_head_json":{"title":"Gobierno Inaugura nueva terminal Courier en el AILA - EL GLOBAL INFORMATIVO","robots":{"index":"index","follow":"follow","max-snippet":"max-snippet:-1","max-image-preview":"max-image-preview:large","max-video-preview":"max-video-preview:-1"},"canonical":"https:\/\/elglobal.do\/index.php\/2025\/08\/13\/gobierno-inaugura-nueva-terminal-courier-en-el-aila\/","og_locale":"es_ES","og_type":"article","og_title":"Gobierno Inaugura nueva terminal Courier en el AILA - EL GLOBAL INFORMATIVO","og_description":"Santo Domingo. \u2013 El presidente Luis Abinader y el director general de Aduanas, Yayo Sanz Lovat\u00f3n, inauguraron este mi\u00e9rcoles una moderna terminal Courier para el manejo y almacenaje de paqueter\u00eda&hellip;","og_url":"https:\/\/elglobal.do\/index.php\/2025\/08\/13\/gobierno-inaugura-nueva-terminal-courier-en-el-aila\/","og_site_name":"EL GLOBAL INFORMATIVO","article_published_time":"2025-08-13T18:21:43+00:00","article_modified_time":"2025-08-13T21:40:38+00:00","og_image":[{"width":2560,"height":1707,"url":"https:\/\/elglobal.do\/wp-content\/uploads\/2025\/08\/Palazo-scaled.jpeg","type":"image\/jpeg"}],"author":"EL GLOBAL","twitter_card":"summary_large_image","twitter_misc":{"Escrito por":"EL GLOBAL","Tiempo de lectura":"2 minutos"},"schema":{"@context":"https:\/\/schema.org","@graph":[{"@type":"Article","@id":"https:\/\/elglobal.do\/index.php\/2025\/08\/13\/gobierno-inaugura-nueva-terminal-courier-en-el-aila\/#article","isPartOf":{"@id":"https:\/\/elglobal.do\/index.php\/2025\/08\/13\/gobierno-inaugura-nueva-terminal-courier-en-el-aila\/"},"author":{"name":"EL GLOBAL","@id":"https:\/\/elglobal.do\/#\/schema\/person\/0c97ec2c7714fb605d230c292f64d55f"},"headline":"Gobierno Inaugura nueva terminal Courier en el AILA","datePublished":"2025-08-13T18:21:43+00:00","dateModified":"2025-08-13T21:40:38+00:00","mainEntityOfPage":{"@id":"https:\/\/elglobal.do\/index.php\/2025\/08\/13\/gobierno-inaugura-nueva-terminal-courier-en-el-aila\/"},"wordCount":506,"commentCount":0,"publisher":{"@id":"https:\/\/elglobal.do\/#organization"},"image":{"@id":"https:\/\/elglobal.do\/index.php\/2025\/08\/13\/gobierno-inaugura-nueva-terminal-courier-en-el-aila\/#primaryimage"},"thumbnailUrl":"https:\/\/elglobal.do\/wp-content\/uploads\/2025\/08\/Palazo-scaled.jpeg","keywords":["#AERODOM","#AILA","#Courier","#DGA","#DGAPP","#ElGlobalInformativo","#terminal"],"articleSection":["NACIONALES","NOTICIAS RELEVANTES"],"inLanguage":"es","potentialAction":[{"@type":"CommentAction","name":"Comment","target":["https:\/\/elglobal.do\/index.php\/2025\/08\/13\/gobierno-inaugura-nueva-terminal-courier-en-el-aila\/#respond"]}]},{"@type":"WebPage","@id":"https:\/\/elglobal.do\/index.php\/2025\/08\/13\/gobierno-inaugura-nueva-terminal-courier-en-el-aila\/","url":"https:\/\/elglobal.do\/index.php\/2025\/08\/13\/gobierno-inaugura-nueva-terminal-courier-en-el-aila\/","name":"Gobierno Inaugura nueva terminal Courier en el AILA - EL GLOBAL INFORMATIVO","isPartOf":{"@id":"https:\/\/elglobal.do\/#website"},"primaryImageOfPage":{"@id":"https:\/\/elglobal.do\/index.php\/2025\/08\/13\/gobierno-inaugura-nueva-terminal-courier-en-el-aila\/#primaryimage"},"image":{"@id":"https:\/\/elglobal.do\/index.php\/2025\/08\/13\/gobierno-inaugura-nueva-terminal-courier-en-el-aila\/#primaryimage"},"thumbnailUrl":"https:\/\/elglobal.do\/wp-content\/uploads\/2025\/08\/Palazo-scaled.jpeg","datePublished":"2025-08-13T18:21:43+00:00","dateModified":"2025-08-13T21:40:38+00:00","breadcrumb":{"@id":"https:\/\/elglobal.do\/index.php\/2025\/08\/13\/gobierno-inaugura-nueva-terminal-courier-en-el-aila\/#breadcrumb"},"inLanguage":"es","potentialAction":[{"@type":"ReadAction","target":["https:\/\/elglobal.do\/index.php\/2025\/08\/13\/gobierno-inaugura-nueva-terminal-courier-en-el-aila\/"]}]},{"@type":"ImageObject","inLanguage":"es","@id":"https:\/\/elglobal.do\/index.php\/2025\/08\/13\/gobierno-inaugura-nueva-terminal-courier-en-el-aila\/#primaryimage","url":"https:\/\/elglobal.do\/wp-content\/uploads\/2025\/08\/Palazo-scaled.jpeg","contentUrl":"https:\/\/elglobal.do\/wp-content\/uploads\/2025\/08\/Palazo-scaled.jpeg","width":2560,"height":1707},{"@type":"BreadcrumbList","@id":"https:\/\/elglobal.do\/index.php\/2025\/08\/13\/gobierno-inaugura-nueva-terminal-courier-en-el-aila\/#breadcrumb","itemListElement":[{"@type":"ListItem","position":1,"name":"Portada","item":"https:\/\/elglobal.do\/"},{"@type":"ListItem","position":2,"name":"Gobierno Inaugura nueva terminal Courier en el AILA"}]},{"@type":"WebSite","@id":"https:\/\/elglobal.do\/#website","url":"https:\/\/elglobal.do\/","name":"EL GLOBAL INFORMATIVO","description":"Peri\u00f3dico digital de la Rep\u00fablica Dominicana que ofrece noticias, novedades, pol\u00edtica y las \u00faltimas actualidades, con informaci\u00f3n veraz y oportuna para mantenerte siempre informad","publisher":{"@id":"https:\/\/elglobal.do\/#organization"},"potentialAction":[{"@type":"SearchAction","target":{"@type":"EntryPoint","urlTemplate":"https:\/\/elglobal.do\/?s={search_term_string}"},"query-input":{"@type":"PropertyValueSpecification","valueRequired":true,"valueName":"search_term_string"}}],"inLanguage":"es"},{"@type":"Organization","@id":"https:\/\/elglobal.do\/#organization","name":"EL GLOBAL.DO INFORMATIVO","url":"https:\/\/elglobal.do\/","logo":{"@type":"ImageObject","inLanguage":"es","@id":"https:\/\/elglobal.do\/#\/schema\/logo\/image\/","url":"https:\/\/elglobal.do\/wp-content\/uploads\/2025\/08\/icon.png","contentUrl":"https:\/\/elglobal.do\/wp-content\/uploads\/2025\/08\/icon.png","width":512,"height":512,"caption":"EL GLOBAL.DO INFORMATIVO"},"image":{"@id":"https:\/\/elglobal.do\/#\/schema\/logo\/image\/"}},{"@type":"Person","@id":"https:\/\/elglobal.do\/#\/schema\/person\/0c97ec2c7714fb605d230c292f64d55f","name":"EL GLOBAL","image":{"@type":"ImageObject","inLanguage":"es","@id":"https:\/\/elglobal.do\/#\/schema\/person\/image\/","url":"https:\/\/secure.gravatar.com\/avatar\/081cfb6cf99faddc6f4e23a0c11ab98c5cf302925382d1c88dc3ed757ab910a3?s=96&d=mm&r=g","contentUrl":"https:\/\/secure.gravatar.com\/avatar\/081cfb6cf99faddc6f4e23a0c11ab98c5cf302925382d1c88dc3ed757ab910a3?s=96&d=mm&r=g","caption":"EL GLOBAL"},"description":"El Global Informativo es un peri\u00f3dico digital de Rep\u00fablica Dominicana que se dedica a cubrir temas importantes, como la pol\u00edtica local, geopol\u00edtica, econom\u00eda, tecnolog\u00eda, noticias internacionales y eventos relacionados con la gesti\u00f3n social, cultural y humana. Su objetivo principal es mantener a la poblaci\u00f3n informada, ofreciendo una visi\u00f3n amplia y actualizada de lo que sucede tanto en el pa\u00eds como en el mundo. Est\u00e1 dirigido por un grupo de periodistas experimentados, lo que garantiza la calidad y la precisi\u00f3n de la informaci\u00f3n que ofrecen. Tiene su sede en la ciudad de Santo Domingo y es parte integral del portafolio de la empresa, MC Global S.R.L.","sameAs":["https:\/\/elglobal.do","https:\/\/www.instagram.com\/elglobal.do_informativo\/"],"url":"https:\/\/elglobal.do\/index.php\/author\/elglobaluserpro\/"}]}},"jetpack_featured_media_url":"https:\/\/elglobal.do\/wp-content\/uploads\/2025\/08\/Palazo-scaled.jpeg","jetpack_sharing_enabled":true,"_links":{"self":[{"href":"https:\/\/elglobal.do\/index.php\/wp-json\/wp\/v2\/posts\/1084","targetHints":{"allow":["GET"]}}],"collection":[{"href":"https:\/\/elglobal.do\/index.php\/wp-json\/wp\/v2\/posts"}],"about":[{"href":"https:\/\/elglobal.do\/index.php\/wp-json\/wp\/v2\/types\/post"}],"author":[{"embeddable":true,"href":"https:\/\/elglobal.do\/index.php\/wp-json\/wp\/v2\/users\/1"}],"replies":[{"embeddable":true,"href":"https:\/\/elglobal.do\/index.php\/wp-json\/wp\/v2\/comments?post=1084"}],"version-history":[{"count":1,"href":"https:\/\/elglobal.do\/index.php\/wp-json\/wp\/v2\/posts\/1084\/revisions"}],"predecessor-version":[{"id":1088,"href":"https:\/\/elglobal.do\/index.php\/wp-json\/wp\/v2\/posts\/1084\/revisions\/1088"}],"wp:featuredmedia":[{"embeddable":true,"href":"https:\/\/elglobal.do\/index.php\/wp-json\/wp\/v2\/media\/1085"}],"wp:attachment":[{"href":"https:\/\/elglobal.do\/index.php\/wp-json\/wp\/v2\/media?parent=1084"}],"wp:term":[{"taxonomy":"category","embeddable":true,"href":"https:\/\/elglobal.do\/index.php\/wp-json\/wp\/v2\/categories?post=1084"},{"taxonomy":"post_tag","embeddable":true,"href":"https:\/\/elglobal.do\/index.php\/wp-json\/wp\/v2\/tags?post=1084"}],"curies":[{"name":"wp","href":"https:\/\/api.w.org\/{rel}","templated":true}]}}