{"id":1139,"date":"2025-08-14T12:35:32","date_gmt":"2025-08-14T16:35:32","guid":{"rendered":"https:\/\/elglobal.do\/?p=1139"},"modified":"2025-08-14T12:35:33","modified_gmt":"2025-08-14T16:35:33","slug":"policia-nacional-y-ministerio-publico-realizan-operativos-en-la-provincia-duarte","status":"publish","type":"post","link":"https:\/\/elglobal.do\/index.php\/2025\/08\/14\/policia-nacional-y-ministerio-publico-realizan-operativos-en-la-provincia-duarte\/","title":{"rendered":"Polic\u00eda Nacional y Ministerio P\u00fablico realizan operativos en la provincia Duarte"},"content":{"rendered":"\n<p><strong>Duarte. <\/strong>\u2013 Armas de fuego de alto calibre, municiones, drogas, y m\u00e1s de 200 dispositivos electr\u00f3nicos comercializados de forma irregular fueron ocupados durante allanamientos y operativos simult\u00e1neos realizados por agentes policiales de la Subdirecci\u00f3n Regional Noreste de Investigaci\u00f3n <strong>(DICRIM),<\/strong> en coordinaci\u00f3n con la Polic\u00eda Preventiva y el Ministerio P\u00fablico, en los municipios de Arenoso y San Francisco de Macor\u00eds.<\/p>\n\n\n\n<p>Las acciones incluyeron un allanamiento, mediante <strong>orden judicial No. 2025-AJ0050393<\/strong>, en la vivienda de un hombre identificado solo como \u201cLande\u201d, presunto comprador ilegal de armas de fuego y se\u00f1alado por residentes del sector como responsable de realizar disparos al aire.<\/p>\n\n\n\n<figure class=\"wp-block-image size-large is-resized\"><img loading=\"lazy\" decoding=\"async\" width=\"1024\" height=\"768\" src=\"https:\/\/elglobal.do\/wp-content\/uploads\/2025\/08\/3c4a8779-bb21-4c8c-a7b1-6a87de907415-1024x768.jpg\" alt=\"\" class=\"wp-image-1140\" style=\"width:527px;height:auto\" srcset=\"https:\/\/elglobal.do\/wp-content\/uploads\/2025\/08\/3c4a8779-bb21-4c8c-a7b1-6a87de907415-1024x768.jpg 1024w, https:\/\/elglobal.do\/wp-content\/uploads\/2025\/08\/3c4a8779-bb21-4c8c-a7b1-6a87de907415-300x225.jpg 300w, https:\/\/elglobal.do\/wp-content\/uploads\/2025\/08\/3c4a8779-bb21-4c8c-a7b1-6a87de907415-768x576.jpg 768w, https:\/\/elglobal.do\/wp-content\/uploads\/2025\/08\/3c4a8779-bb21-4c8c-a7b1-6a87de907415.jpg 1280w\" sizes=\"auto, (max-width: 1024px) 100vw, 1024px\" \/><\/figure>\n\n\n\n<p>En la requisa fueron ocupados: dos fusiles calibre 5.56 mm, uno marca Ruger, serie No. 185130531, con su cargador; y otro marca Adams Arms, modelo AA-15, serie No. AA0008945, con su cargador; una pistola no letal de fogueo, marca Smith &amp; Wesson, serie No. 21S11588; tres cargadores para pistola (uno marca Glock calibre .45 mm, otro para pistola 9 mm y el \u00faltimo para pistola .32 mm); y una caja de 50 c\u00e1psulas calibre 9 mm, marca Magtech. El presunto propietario no se encontraba presente al momento del allanamiento.<\/p>\n\n\n\n<p>De forma paralela, y en cumplimiento de la Resoluci\u00f3n No. 064-2025 del <strong>Instituto Dominicano de las Telecomunicaciones (INDOTEL)<\/strong>, se desmantelaron establecimientos clandestinos en los sectores Villa Riva, Barrio M\u00e9xico, Vista del Valle, Rabo de Chivo, Madeja, Los Jardines y La Esp\u00ednola I, en San Francisco de Macor\u00eds. En estos fueron incautados 224 tel\u00e9fonos m\u00f3viles, 23 tabletas, 11 computadoras port\u00e1tiles, una gran cantidad de repuestos y accesorios para equipos electr\u00f3nicos, as\u00ed como 110 chips nuevos activados ilegalmente.<\/p>\n\n\n\n<p>Todos los art\u00edculos incautados fueron puestos bajo custodia del <strong>Ministerio P\u00fablico <\/strong>para los fines legales correspondientes, a fin de determinar su procedencia y posibles v\u00ednculos con redes delictivas.<\/p>\n\n\n\n<p><\/p>\n","protected":false},"excerpt":{"rendered":"<p>Duarte. \u2013 Armas de fuego de alto calibre, municiones, drogas, y m\u00e1s de 200 dispositivos electr\u00f3nicos comercializados de forma irregular fueron ocupados durante allanamientos y operativos simult\u00e1neos realizados por agentes&hellip; <\/p>\n","protected":false},"author":1,"featured_media":1141,"comment_status":"open","ping_status":"open","sticky":false,"template":"","format":"standard","meta":{"_jetpack_memberships_contains_paid_content":false,"footnotes":""},"categories":[40],"tags":[189,530,422,126,179,59],"class_list":["post-1139","post","type-post","status-publish","format-standard","has-post-thumbnail","hentry","category-nacionales","tag-dicrim","tag-duarte","tag-indotel","tag-ministeriopublico","tag-operativos","tag-policianacional"],"yoast_head":"<!-- This site is optimized with the Yoast SEO plugin v26.9 - https:\/\/yoast.com\/product\/yoast-seo-wordpress\/ -->\n<title>Polic\u00eda Nacional y Ministerio P\u00fablico realizan operativos en la provincia Duarte - EL GLOBAL INFORMATIVO<\/title>\n<meta name=\"robots\" content=\"index, follow, max-snippet:-1, max-image-preview:large, max-video-preview:-1\" \/>\n<link rel=\"canonical\" href=\"https:\/\/elglobal.do\/index.php\/2025\/08\/14\/policia-nacional-y-ministerio-publico-realizan-operativos-en-la-provincia-duarte\/\" \/>\n<meta property=\"og:locale\" content=\"es_ES\" \/>\n<meta property=\"og:type\" content=\"article\" \/>\n<meta property=\"og:title\" content=\"Polic\u00eda Nacional y Ministerio P\u00fablico realizan operativos en la provincia Duarte - EL GLOBAL INFORMATIVO\" \/>\n<meta property=\"og:description\" content=\"Duarte. \u2013 Armas de fuego de alto calibre, municiones, drogas, y m\u00e1s de 200 dispositivos electr\u00f3nicos comercializados de forma irregular fueron ocupados durante allanamientos y operativos simult\u00e1neos realizados por agentes&hellip;\" \/>\n<meta property=\"og:url\" content=\"https:\/\/elglobal.do\/index.php\/2025\/08\/14\/policia-nacional-y-ministerio-publico-realizan-operativos-en-la-provincia-duarte\/\" \/>\n<meta property=\"og:site_name\" content=\"EL GLOBAL INFORMATIVO\" \/>\n<meta property=\"article:published_time\" content=\"2025-08-14T16:35:32+00:00\" \/>\n<meta property=\"article:modified_time\" content=\"2025-08-14T16:35:33+00:00\" \/>\n<meta property=\"og:image\" content=\"https:\/\/elglobal.do\/wp-content\/uploads\/2025\/08\/38eab978-10bd-4db2-859d-eca6c388ce6e.jpg\" \/>\n\t<meta property=\"og:image:width\" content=\"1280\" \/>\n\t<meta property=\"og:image:height\" content=\"960\" \/>\n\t<meta property=\"og:image:type\" content=\"image\/jpeg\" \/>\n<meta name=\"author\" content=\"EL GLOBAL\" \/>\n<meta name=\"twitter:card\" content=\"summary_large_image\" \/>\n<meta name=\"twitter:label1\" content=\"Escrito por\" \/>\n\t<meta name=\"twitter:data1\" content=\"EL GLOBAL\" \/>\n\t<meta name=\"twitter:label2\" content=\"Tiempo de lectura\" \/>\n\t<meta name=\"twitter:data2\" content=\"2 minutos\" \/>\n<script type=\"application\/ld+json\" class=\"yoast-schema-graph\">{\"@context\":\"https:\/\/schema.org\",\"@graph\":[{\"@type\":\"Article\",\"@id\":\"https:\/\/elglobal.do\/index.php\/2025\/08\/14\/policia-nacional-y-ministerio-publico-realizan-operativos-en-la-provincia-duarte\/#article\",\"isPartOf\":{\"@id\":\"https:\/\/elglobal.do\/index.php\/2025\/08\/14\/policia-nacional-y-ministerio-publico-realizan-operativos-en-la-provincia-duarte\/\"},\"author\":{\"name\":\"EL GLOBAL\",\"@id\":\"https:\/\/elglobal.do\/#\/schema\/person\/0c97ec2c7714fb605d230c292f64d55f\"},\"headline\":\"Polic\u00eda Nacional y Ministerio P\u00fablico realizan operativos en la provincia Duarte\",\"datePublished\":\"2025-08-14T16:35:32+00:00\",\"dateModified\":\"2025-08-14T16:35:33+00:00\",\"mainEntityOfPage\":{\"@id\":\"https:\/\/elglobal.do\/index.php\/2025\/08\/14\/policia-nacional-y-ministerio-publico-realizan-operativos-en-la-provincia-duarte\/\"},\"wordCount\":314,\"commentCount\":0,\"publisher\":{\"@id\":\"https:\/\/elglobal.do\/#organization\"},\"image\":{\"@id\":\"https:\/\/elglobal.do\/index.php\/2025\/08\/14\/policia-nacional-y-ministerio-publico-realizan-operativos-en-la-provincia-duarte\/#primaryimage\"},\"thumbnailUrl\":\"https:\/\/elglobal.do\/wp-content\/uploads\/2025\/08\/38eab978-10bd-4db2-859d-eca6c388ce6e.jpg\",\"keywords\":[\"#DICRIM\",\"#Duarte\",\"#Indotel\",\"#MinisterioP\u00fablico\",\"#operativos\",\"#PoliciaNacional\"],\"articleSection\":[\"NACIONALES\"],\"inLanguage\":\"es\",\"potentialAction\":[{\"@type\":\"CommentAction\",\"name\":\"Comment\",\"target\":[\"https:\/\/elglobal.do\/index.php\/2025\/08\/14\/policia-nacional-y-ministerio-publico-realizan-operativos-en-la-provincia-duarte\/#respond\"]}]},{\"@type\":\"WebPage\",\"@id\":\"https:\/\/elglobal.do\/index.php\/2025\/08\/14\/policia-nacional-y-ministerio-publico-realizan-operativos-en-la-provincia-duarte\/\",\"url\":\"https:\/\/elglobal.do\/index.php\/2025\/08\/14\/policia-nacional-y-ministerio-publico-realizan-operativos-en-la-provincia-duarte\/\",\"name\":\"Polic\u00eda Nacional y Ministerio P\u00fablico realizan operativos en la provincia Duarte - EL GLOBAL INFORMATIVO\",\"isPartOf\":{\"@id\":\"https:\/\/elglobal.do\/#website\"},\"primaryImageOfPage\":{\"@id\":\"https:\/\/elglobal.do\/index.php\/2025\/08\/14\/policia-nacional-y-ministerio-publico-realizan-operativos-en-la-provincia-duarte\/#primaryimage\"},\"image\":{\"@id\":\"https:\/\/elglobal.do\/index.php\/2025\/08\/14\/policia-nacional-y-ministerio-publico-realizan-operativos-en-la-provincia-duarte\/#primaryimage\"},\"thumbnailUrl\":\"https:\/\/elglobal.do\/wp-content\/uploads\/2025\/08\/38eab978-10bd-4db2-859d-eca6c388ce6e.jpg\",\"datePublished\":\"2025-08-14T16:35:32+00:00\",\"dateModified\":\"2025-08-14T16:35:33+00:00\",\"breadcrumb\":{\"@id\":\"https:\/\/elglobal.do\/index.php\/2025\/08\/14\/policia-nacional-y-ministerio-publico-realizan-operativos-en-la-provincia-duarte\/#breadcrumb\"},\"inLanguage\":\"es\",\"potentialAction\":[{\"@type\":\"ReadAction\",\"target\":[\"https:\/\/elglobal.do\/index.php\/2025\/08\/14\/policia-nacional-y-ministerio-publico-realizan-operativos-en-la-provincia-duarte\/\"]}]},{\"@type\":\"ImageObject\",\"inLanguage\":\"es\",\"@id\":\"https:\/\/elglobal.do\/index.php\/2025\/08\/14\/policia-nacional-y-ministerio-publico-realizan-operativos-en-la-provincia-duarte\/#primaryimage\",\"url\":\"https:\/\/elglobal.do\/wp-content\/uploads\/2025\/08\/38eab978-10bd-4db2-859d-eca6c388ce6e.jpg\",\"contentUrl\":\"https:\/\/elglobal.do\/wp-content\/uploads\/2025\/08\/38eab978-10bd-4db2-859d-eca6c388ce6e.jpg\",\"width\":1280,\"height\":960},{\"@type\":\"BreadcrumbList\",\"@id\":\"https:\/\/elglobal.do\/index.php\/2025\/08\/14\/policia-nacional-y-ministerio-publico-realizan-operativos-en-la-provincia-duarte\/#breadcrumb\",\"itemListElement\":[{\"@type\":\"ListItem\",\"position\":1,\"name\":\"Portada\",\"item\":\"https:\/\/elglobal.do\/\"},{\"@type\":\"ListItem\",\"position\":2,\"name\":\"Polic\u00eda Nacional y Ministerio P\u00fablico realizan operativos en la provincia Duarte\"}]},{\"@type\":\"WebSite\",\"@id\":\"https:\/\/elglobal.do\/#website\",\"url\":\"https:\/\/elglobal.do\/\",\"name\":\"EL GLOBAL INFORMATIVO\",\"description\":\"Peri\u00f3dico digital de la Rep\u00fablica Dominicana que ofrece noticias, novedades, pol\u00edtica y las \u00faltimas actualidades, con informaci\u00f3n veraz y oportuna para mantenerte siempre informad\",\"publisher\":{\"@id\":\"https:\/\/elglobal.do\/#organization\"},\"potentialAction\":[{\"@type\":\"SearchAction\",\"target\":{\"@type\":\"EntryPoint\",\"urlTemplate\":\"https:\/\/elglobal.do\/?s={search_term_string}\"},\"query-input\":{\"@type\":\"PropertyValueSpecification\",\"valueRequired\":true,\"valueName\":\"search_term_string\"}}],\"inLanguage\":\"es\"},{\"@type\":\"Organization\",\"@id\":\"https:\/\/elglobal.do\/#organization\",\"name\":\"EL GLOBAL.DO INFORMATIVO\",\"url\":\"https:\/\/elglobal.do\/\",\"logo\":{\"@type\":\"ImageObject\",\"inLanguage\":\"es\",\"@id\":\"https:\/\/elglobal.do\/#\/schema\/logo\/image\/\",\"url\":\"https:\/\/elglobal.do\/wp-content\/uploads\/2025\/08\/icon.png\",\"contentUrl\":\"https:\/\/elglobal.do\/wp-content\/uploads\/2025\/08\/icon.png\",\"width\":512,\"height\":512,\"caption\":\"EL GLOBAL.DO INFORMATIVO\"},\"image\":{\"@id\":\"https:\/\/elglobal.do\/#\/schema\/logo\/image\/\"}},{\"@type\":\"Person\",\"@id\":\"https:\/\/elglobal.do\/#\/schema\/person\/0c97ec2c7714fb605d230c292f64d55f\",\"name\":\"EL GLOBAL\",\"image\":{\"@type\":\"ImageObject\",\"inLanguage\":\"es\",\"@id\":\"https:\/\/elglobal.do\/#\/schema\/person\/image\/\",\"url\":\"https:\/\/secure.gravatar.com\/avatar\/081cfb6cf99faddc6f4e23a0c11ab98c5cf302925382d1c88dc3ed757ab910a3?s=96&d=mm&r=g\",\"contentUrl\":\"https:\/\/secure.gravatar.com\/avatar\/081cfb6cf99faddc6f4e23a0c11ab98c5cf302925382d1c88dc3ed757ab910a3?s=96&d=mm&r=g\",\"caption\":\"EL GLOBAL\"},\"description\":\"El Global Informativo es un peri\u00f3dico digital de Rep\u00fablica Dominicana que se dedica a cubrir temas importantes, como la pol\u00edtica local, geopol\u00edtica, econom\u00eda, tecnolog\u00eda, noticias internacionales y eventos relacionados con la gesti\u00f3n social, cultural y humana. Su objetivo principal es mantener a la poblaci\u00f3n informada, ofreciendo una visi\u00f3n amplia y actualizada de lo que sucede tanto en el pa\u00eds como en el mundo. Est\u00e1 dirigido por un grupo de periodistas experimentados, lo que garantiza la calidad y la precisi\u00f3n de la informaci\u00f3n que ofrecen. Tiene su sede en la ciudad de Santo Domingo y es parte integral del portafolio de la empresa, MC Global S.R.L.\",\"sameAs\":[\"https:\/\/elglobal.do\",\"https:\/\/www.instagram.com\/elglobal.do_informativo\/\"],\"url\":\"https:\/\/elglobal.do\/index.php\/author\/elglobaluserpro\/\"}]}<\/script>\n<!-- \/ Yoast SEO plugin. -->","yoast_head_json":{"title":"Polic\u00eda Nacional y Ministerio P\u00fablico realizan operativos en la provincia Duarte - EL GLOBAL INFORMATIVO","robots":{"index":"index","follow":"follow","max-snippet":"max-snippet:-1","max-image-preview":"max-image-preview:large","max-video-preview":"max-video-preview:-1"},"canonical":"https:\/\/elglobal.do\/index.php\/2025\/08\/14\/policia-nacional-y-ministerio-publico-realizan-operativos-en-la-provincia-duarte\/","og_locale":"es_ES","og_type":"article","og_title":"Polic\u00eda Nacional y Ministerio P\u00fablico realizan operativos en la provincia Duarte - EL GLOBAL INFORMATIVO","og_description":"Duarte. \u2013 Armas de fuego de alto calibre, municiones, drogas, y m\u00e1s de 200 dispositivos electr\u00f3nicos comercializados de forma irregular fueron ocupados durante allanamientos y operativos simult\u00e1neos realizados por agentes&hellip;","og_url":"https:\/\/elglobal.do\/index.php\/2025\/08\/14\/policia-nacional-y-ministerio-publico-realizan-operativos-en-la-provincia-duarte\/","og_site_name":"EL GLOBAL INFORMATIVO","article_published_time":"2025-08-14T16:35:32+00:00","article_modified_time":"2025-08-14T16:35:33+00:00","og_image":[{"width":1280,"height":960,"url":"https:\/\/elglobal.do\/wp-content\/uploads\/2025\/08\/38eab978-10bd-4db2-859d-eca6c388ce6e.jpg","type":"image\/jpeg"}],"author":"EL GLOBAL","twitter_card":"summary_large_image","twitter_misc":{"Escrito por":"EL GLOBAL","Tiempo de lectura":"2 minutos"},"schema":{"@context":"https:\/\/schema.org","@graph":[{"@type":"Article","@id":"https:\/\/elglobal.do\/index.php\/2025\/08\/14\/policia-nacional-y-ministerio-publico-realizan-operativos-en-la-provincia-duarte\/#article","isPartOf":{"@id":"https:\/\/elglobal.do\/index.php\/2025\/08\/14\/policia-nacional-y-ministerio-publico-realizan-operativos-en-la-provincia-duarte\/"},"author":{"name":"EL GLOBAL","@id":"https:\/\/elglobal.do\/#\/schema\/person\/0c97ec2c7714fb605d230c292f64d55f"},"headline":"Polic\u00eda Nacional y Ministerio P\u00fablico realizan operativos en la provincia Duarte","datePublished":"2025-08-14T16:35:32+00:00","dateModified":"2025-08-14T16:35:33+00:00","mainEntityOfPage":{"@id":"https:\/\/elglobal.do\/index.php\/2025\/08\/14\/policia-nacional-y-ministerio-publico-realizan-operativos-en-la-provincia-duarte\/"},"wordCount":314,"commentCount":0,"publisher":{"@id":"https:\/\/elglobal.do\/#organization"},"image":{"@id":"https:\/\/elglobal.do\/index.php\/2025\/08\/14\/policia-nacional-y-ministerio-publico-realizan-operativos-en-la-provincia-duarte\/#primaryimage"},"thumbnailUrl":"https:\/\/elglobal.do\/wp-content\/uploads\/2025\/08\/38eab978-10bd-4db2-859d-eca6c388ce6e.jpg","keywords":["#DICRIM","#Duarte","#Indotel","#MinisterioP\u00fablico","#operativos","#PoliciaNacional"],"articleSection":["NACIONALES"],"inLanguage":"es","potentialAction":[{"@type":"CommentAction","name":"Comment","target":["https:\/\/elglobal.do\/index.php\/2025\/08\/14\/policia-nacional-y-ministerio-publico-realizan-operativos-en-la-provincia-duarte\/#respond"]}]},{"@type":"WebPage","@id":"https:\/\/elglobal.do\/index.php\/2025\/08\/14\/policia-nacional-y-ministerio-publico-realizan-operativos-en-la-provincia-duarte\/","url":"https:\/\/elglobal.do\/index.php\/2025\/08\/14\/policia-nacional-y-ministerio-publico-realizan-operativos-en-la-provincia-duarte\/","name":"Polic\u00eda Nacional y Ministerio P\u00fablico realizan operativos en la provincia Duarte - EL GLOBAL INFORMATIVO","isPartOf":{"@id":"https:\/\/elglobal.do\/#website"},"primaryImageOfPage":{"@id":"https:\/\/elglobal.do\/index.php\/2025\/08\/14\/policia-nacional-y-ministerio-publico-realizan-operativos-en-la-provincia-duarte\/#primaryimage"},"image":{"@id":"https:\/\/elglobal.do\/index.php\/2025\/08\/14\/policia-nacional-y-ministerio-publico-realizan-operativos-en-la-provincia-duarte\/#primaryimage"},"thumbnailUrl":"https:\/\/elglobal.do\/wp-content\/uploads\/2025\/08\/38eab978-10bd-4db2-859d-eca6c388ce6e.jpg","datePublished":"2025-08-14T16:35:32+00:00","dateModified":"2025-08-14T16:35:33+00:00","breadcrumb":{"@id":"https:\/\/elglobal.do\/index.php\/2025\/08\/14\/policia-nacional-y-ministerio-publico-realizan-operativos-en-la-provincia-duarte\/#breadcrumb"},"inLanguage":"es","potentialAction":[{"@type":"ReadAction","target":["https:\/\/elglobal.do\/index.php\/2025\/08\/14\/policia-nacional-y-ministerio-publico-realizan-operativos-en-la-provincia-duarte\/"]}]},{"@type":"ImageObject","inLanguage":"es","@id":"https:\/\/elglobal.do\/index.php\/2025\/08\/14\/policia-nacional-y-ministerio-publico-realizan-operativos-en-la-provincia-duarte\/#primaryimage","url":"https:\/\/elglobal.do\/wp-content\/uploads\/2025\/08\/38eab978-10bd-4db2-859d-eca6c388ce6e.jpg","contentUrl":"https:\/\/elglobal.do\/wp-content\/uploads\/2025\/08\/38eab978-10bd-4db2-859d-eca6c388ce6e.jpg","width":1280,"height":960},{"@type":"BreadcrumbList","@id":"https:\/\/elglobal.do\/index.php\/2025\/08\/14\/policia-nacional-y-ministerio-publico-realizan-operativos-en-la-provincia-duarte\/#breadcrumb","itemListElement":[{"@type":"ListItem","position":1,"name":"Portada","item":"https:\/\/elglobal.do\/"},{"@type":"ListItem","position":2,"name":"Polic\u00eda Nacional y Ministerio P\u00fablico realizan operativos en la provincia Duarte"}]},{"@type":"WebSite","@id":"https:\/\/elglobal.do\/#website","url":"https:\/\/elglobal.do\/","name":"EL GLOBAL INFORMATIVO","description":"Peri\u00f3dico digital de la Rep\u00fablica Dominicana que ofrece noticias, novedades, pol\u00edtica y las \u00faltimas actualidades, con informaci\u00f3n veraz y oportuna para mantenerte siempre informad","publisher":{"@id":"https:\/\/elglobal.do\/#organization"},"potentialAction":[{"@type":"SearchAction","target":{"@type":"EntryPoint","urlTemplate":"https:\/\/elglobal.do\/?s={search_term_string}"},"query-input":{"@type":"PropertyValueSpecification","valueRequired":true,"valueName":"search_term_string"}}],"inLanguage":"es"},{"@type":"Organization","@id":"https:\/\/elglobal.do\/#organization","name":"EL GLOBAL.DO INFORMATIVO","url":"https:\/\/elglobal.do\/","logo":{"@type":"ImageObject","inLanguage":"es","@id":"https:\/\/elglobal.do\/#\/schema\/logo\/image\/","url":"https:\/\/elglobal.do\/wp-content\/uploads\/2025\/08\/icon.png","contentUrl":"https:\/\/elglobal.do\/wp-content\/uploads\/2025\/08\/icon.png","width":512,"height":512,"caption":"EL GLOBAL.DO INFORMATIVO"},"image":{"@id":"https:\/\/elglobal.do\/#\/schema\/logo\/image\/"}},{"@type":"Person","@id":"https:\/\/elglobal.do\/#\/schema\/person\/0c97ec2c7714fb605d230c292f64d55f","name":"EL GLOBAL","image":{"@type":"ImageObject","inLanguage":"es","@id":"https:\/\/elglobal.do\/#\/schema\/person\/image\/","url":"https:\/\/secure.gravatar.com\/avatar\/081cfb6cf99faddc6f4e23a0c11ab98c5cf302925382d1c88dc3ed757ab910a3?s=96&d=mm&r=g","contentUrl":"https:\/\/secure.gravatar.com\/avatar\/081cfb6cf99faddc6f4e23a0c11ab98c5cf302925382d1c88dc3ed757ab910a3?s=96&d=mm&r=g","caption":"EL GLOBAL"},"description":"El Global Informativo es un peri\u00f3dico digital de Rep\u00fablica Dominicana que se dedica a cubrir temas importantes, como la pol\u00edtica local, geopol\u00edtica, econom\u00eda, tecnolog\u00eda, noticias internacionales y eventos relacionados con la gesti\u00f3n social, cultural y humana. Su objetivo principal es mantener a la poblaci\u00f3n informada, ofreciendo una visi\u00f3n amplia y actualizada de lo que sucede tanto en el pa\u00eds como en el mundo. Est\u00e1 dirigido por un grupo de periodistas experimentados, lo que garantiza la calidad y la precisi\u00f3n de la informaci\u00f3n que ofrecen. Tiene su sede en la ciudad de Santo Domingo y es parte integral del portafolio de la empresa, MC Global S.R.L.","sameAs":["https:\/\/elglobal.do","https:\/\/www.instagram.com\/elglobal.do_informativo\/"],"url":"https:\/\/elglobal.do\/index.php\/author\/elglobaluserpro\/"}]}},"jetpack_featured_media_url":"https:\/\/elglobal.do\/wp-content\/uploads\/2025\/08\/38eab978-10bd-4db2-859d-eca6c388ce6e.jpg","jetpack_sharing_enabled":true,"_links":{"self":[{"href":"https:\/\/elglobal.do\/index.php\/wp-json\/wp\/v2\/posts\/1139","targetHints":{"allow":["GET"]}}],"collection":[{"href":"https:\/\/elglobal.do\/index.php\/wp-json\/wp\/v2\/posts"}],"about":[{"href":"https:\/\/elglobal.do\/index.php\/wp-json\/wp\/v2\/types\/post"}],"author":[{"embeddable":true,"href":"https:\/\/elglobal.do\/index.php\/wp-json\/wp\/v2\/users\/1"}],"replies":[{"embeddable":true,"href":"https:\/\/elglobal.do\/index.php\/wp-json\/wp\/v2\/comments?post=1139"}],"version-history":[{"count":1,"href":"https:\/\/elglobal.do\/index.php\/wp-json\/wp\/v2\/posts\/1139\/revisions"}],"predecessor-version":[{"id":1143,"href":"https:\/\/elglobal.do\/index.php\/wp-json\/wp\/v2\/posts\/1139\/revisions\/1143"}],"wp:featuredmedia":[{"embeddable":true,"href":"https:\/\/elglobal.do\/index.php\/wp-json\/wp\/v2\/media\/1141"}],"wp:attachment":[{"href":"https:\/\/elglobal.do\/index.php\/wp-json\/wp\/v2\/media?parent=1139"}],"wp:term":[{"taxonomy":"category","embeddable":true,"href":"https:\/\/elglobal.do\/index.php\/wp-json\/wp\/v2\/categories?post=1139"},{"taxonomy":"post_tag","embeddable":true,"href":"https:\/\/elglobal.do\/index.php\/wp-json\/wp\/v2\/tags?post=1139"}],"curies":[{"name":"wp","href":"https:\/\/api.w.org\/{rel}","templated":true}]}}