{"id":1196,"date":"2025-08-15T10:33:41","date_gmt":"2025-08-15T14:33:41","guid":{"rendered":"https:\/\/elglobal.do\/?p=1196"},"modified":"2025-08-15T10:33:43","modified_gmt":"2025-08-15T14:33:43","slug":"llego-el-dia-del-cara-a-cara-entre-donad-trump-y-vladimir-putin","status":"publish","type":"post","link":"https:\/\/elglobal.do\/index.php\/2025\/08\/15\/llego-el-dia-del-cara-a-cara-entre-donad-trump-y-vladimir-putin\/","title":{"rendered":"Lleg\u00f3 el d\u00eda del cara a cara entre Donad Trump y Vladimir Putin"},"content":{"rendered":"\n<p><em>Trump parti\u00f3 de Washington rumbo a Alaska el viernes por la ma\u00f1ana.<\/em><\/p>\n\n\n\n<p>El presidente estadounidense, Donald Trump, y su hom\u00f3logo ruso, Vladimir Putin, se re\u00fanen este viernes en Alaska en una cumbre que podr\u00eda ser decisiva para el futuro de Ucrania y tiene en vilo al mundo.<\/p>\n\n\n\n<p>Trump parti\u00f3 de Washington rumbo a Alaska el viernes por la ma\u00f1ana. \u00ab<strong>MUCHO EN JUEGO\u00bb<\/strong>, public\u00f3 Trump en su plataforma Truth Social poco antes de abordar el Air Force One y despegar para el vuelo de casi siete horas hacia Anchorage.<\/p>\n\n\n\n<figure class=\"wp-block-image size-full\"><img loading=\"lazy\" decoding=\"async\" width=\"950\" height=\"465\" src=\"https:\/\/elglobal.do\/wp-content\/uploads\/2025\/08\/689f348f09b75.r_d.139-333.jpeg\" alt=\"\" class=\"wp-image-1197\" srcset=\"https:\/\/elglobal.do\/wp-content\/uploads\/2025\/08\/689f348f09b75.r_d.139-333.jpeg 950w, https:\/\/elglobal.do\/wp-content\/uploads\/2025\/08\/689f348f09b75.r_d.139-333-300x147.jpeg 300w, https:\/\/elglobal.do\/wp-content\/uploads\/2025\/08\/689f348f09b75.r_d.139-333-768x376.jpeg 768w\" sizes=\"auto, (max-width: 950px) 100vw, 950px\" \/><\/figure>\n\n\n\n<p>Putin en tanto, pisar\u00e1 suelo occidental por primera vez desde que orden\u00f3 la invasi\u00f3n de Ucrania en febrero de 2022, una guerra que ha causado la muerte de decenas de miles de personas y en la que Rusia gana terreno. Actualmente controla aproximadamente una quinta parte del territorio.<\/p>\n\n\n\n<p>Trump hizo la invitaci\u00f3n por sugerencia del propio l\u00edder ruso, pero el presidente estadounidense se ha mostrado a la defensiva y ha advertido que la reuni\u00f3n podr\u00eda terminar en cuesti\u00f3n de minutos si Putin no cede.<\/p>\n\n\n\n<p>Los dirigentes europeos estar\u00e1n pendientes de cada palabra y gesto.<\/p>\n\n\n\n<p>Para el presidente ucraniano, Volodimir Zelenski, ser\u00e1 otro d\u00eda de alto voltaje. Hasta ahora ha rechazado p\u00fablicamente la presi\u00f3n de Trump para que ceda el territorio ocupado por Rusia.<\/p>\n\n\n\n<p>Trump alardea de talante negociador pero ha rebajado las expectativas diciendo que es una <strong>\u00abreuni\u00f3n de tanteo\u00bb <\/strong>para ver si Putin habla en serio.<\/p>\n\n\n\n<p>\u00abSoy presidente, y \u00e9l no va a jugar conmigo\u00bb, declar\u00f3 a periodistas en la Casa Blanca el jueves.<\/p>\n\n\n\n<p>\u00abSi es una reuni\u00f3n mala, terminar\u00e1 muy r\u00e1pido, y si es una buena, vamos a terminar logrando la paz en un futuro bastante cercano\u00bb, asegur\u00f3 el mandatario, quien calcula que la cumbre tiene un \u00ab25%\u00bb de probabilidades de fracasar.<\/p>\n\n\n\n<p>A su llegada a Alaska, el jefe de la diplomacia rusa, Sergu\u00e9i Lavrov, <strong>rechaz\u00f3 hacer pron\u00f3sticos.<\/strong><\/p>\n\n\n\n<p>\u00abNunca hacemos suposiciones anticipadas\u00bb, declar\u00f3 el canciller, luciendo lo que parec\u00eda ser una camiseta con la palabra \u00abURSS\u00bb en ruso escrita en ella. \u00abSabemos que tenemos nuestros argumentos y nuestra postura es clara y sin ambig\u00fcedad. La presentaremos\u00bb, a\u00f1adi\u00f3.<\/p>\n\n\n\n<p>Trump ha prometido consultar r\u00e1pidamente con los l\u00edderes europeos y con Zelenski. Seg\u00fan \u00e9l, para alcanzar un acuerdo final hace falta una reuni\u00f3n tripartita con Zelenski y repartirse el territorio.<\/p>\n\n\n\n<p>Trump ha reconocido sentirse frustrado con Putin y ha advertido de \u00abconsecuencias muy graves\u00bb si no acepta un alto el fuego.<\/p>\n\n\n\n<p>Las conversaciones est\u00e1n programadas para las <strong>11H30 <\/strong>(19H30 GMT) del viernes en la Base A\u00e9rea Elmendorf. La elecci\u00f3n de Alaska no es casual. Para llegar a Alaska, Putin, objeto de una orden de arresto de la Corte Penal Internacional, de la que Estados Unidos no es miembro, solo tiene que cruzar el estrecho de Bering.<\/p>\n\n\n\n<p>Adem\u00e1s, Alaska es un territorio con pasado ruso ya que fue cedido por Rusia a Estados Unidos en el siglo XIX. Mosc\u00fa ha citado este acuerdo para demostrar la legitimidad de los intercambios de territorios.<\/p>\n\n\n\n<p>En Anchorage, la ciudad m\u00e1s grande de Alaska, los manifestantes han colocado carteles de solidaridad con <strong>Ucrania.<\/strong><\/p>\n\n\n\n<p>Altos cargos rusos tambi\u00e9n est\u00e1n sometidos a sanciones, pero el Departamento del Tesoro estadounidense las flexibiliz\u00f3 temporalmente para permitirles viajar y usar tarjetas bancarias en Alaska.<\/p>\n\n\n\n<p>El Kremlin afirm\u00f3 que espera que Putin y Trump se re\u00fanan a solas con int\u00e9rpretes antes de un almuerzo de trabajo con sus asesores.<\/p>\n\n\n\n<p><strong>\u00bfVictoria para Putin?<\/strong><\/p>\n\n\n\n<p>La cumbre contrasta con el enfoque de los l\u00edderes europeos y de Biden, quienes prometieron no dialogar con Rusia sobre el futuro de Ucrania a menos que Kiev est\u00e9 presente.<\/p>\n\n\n\n<p>Zelenski declar\u00f3 el martes que la cumbre de Alaska es una \u00abvictoria personal\u00bb para Putin.<\/p>\n\n\n\n<p>Con el viaje, Putin \u00absale de su aislamiento\u00bb y, de alguna manera, aplaz\u00f3 las sanciones que Trump hab\u00eda prometido imponer a Rusia.<\/p>\n\n\n\n<p>Pero el jefe de la diplomacia estadounidense, Marco Rubio, ha pedido garant\u00edas de seguridad para Ucrania, una idea que Trump minimiz\u00f3 hace meses.<\/p>\n\n\n\n<p>Daniel Fried, exdiplom\u00e1tico estadounidense que ahora trabaja en el Atlantic Council, un grupo de reflexi\u00f3n, estima que Trump tiene forma de presionar a Putin con nuevas sanciones y el env\u00edo de armas a Ucrania.<\/p>\n\n\n\n<p>Pero Putin podr\u00eda intentar distraerlo con una nueva propuesta. Seg\u00fan Fried, \u00abes un maestro en el nuevo objeto llamativo que resulta ser insignificante\u00bb.<\/p>\n","protected":false},"excerpt":{"rendered":"<p>Trump parti\u00f3 de Washington rumbo a Alaska el viernes por la ma\u00f1ana. El presidente estadounidense, Donald Trump, y su hom\u00f3logo ruso, Vladimir Putin, se re\u00fanen este viernes en Alaska en&hellip; <\/p>\n","protected":false},"author":1,"featured_media":1197,"comment_status":"open","ping_status":"open","sticky":false,"template":"","format":"standard","meta":{"_jetpack_memberships_contains_paid_content":false,"footnotes":""},"categories":[16,17,1],"tags":[553,551,554,552],"class_list":["post-1196","post","type-post","status-publish","format-standard","has-post-thumbnail","hentry","category-america","category-europa","category-categoria-internacionales","tag-alaska","tag-donaltrump","tag-encuentro","tag-vladimirputin"],"yoast_head":"<!-- This site is optimized with the Yoast SEO plugin v26.9 - https:\/\/yoast.com\/product\/yoast-seo-wordpress\/ -->\n<title>Lleg\u00f3 el d\u00eda del cara a cara entre Donad Trump y Vladimir Putin - EL GLOBAL INFORMATIVO<\/title>\n<meta name=\"robots\" content=\"index, follow, max-snippet:-1, max-image-preview:large, max-video-preview:-1\" \/>\n<link rel=\"canonical\" href=\"https:\/\/elglobal.do\/index.php\/2025\/08\/15\/llego-el-dia-del-cara-a-cara-entre-donad-trump-y-vladimir-putin\/\" \/>\n<meta property=\"og:locale\" content=\"es_ES\" \/>\n<meta property=\"og:type\" content=\"article\" \/>\n<meta property=\"og:title\" content=\"Lleg\u00f3 el d\u00eda del cara a cara entre Donad Trump y Vladimir Putin - EL GLOBAL INFORMATIVO\" \/>\n<meta property=\"og:description\" content=\"Trump parti\u00f3 de Washington rumbo a Alaska el viernes por la ma\u00f1ana. El presidente estadounidense, Donald Trump, y su hom\u00f3logo ruso, Vladimir Putin, se re\u00fanen este viernes en Alaska en&hellip;\" \/>\n<meta property=\"og:url\" content=\"https:\/\/elglobal.do\/index.php\/2025\/08\/15\/llego-el-dia-del-cara-a-cara-entre-donad-trump-y-vladimir-putin\/\" \/>\n<meta property=\"og:site_name\" content=\"EL GLOBAL INFORMATIVO\" \/>\n<meta property=\"article:published_time\" content=\"2025-08-15T14:33:41+00:00\" \/>\n<meta property=\"article:modified_time\" content=\"2025-08-15T14:33:43+00:00\" \/>\n<meta property=\"og:image\" content=\"https:\/\/elglobal.do\/wp-content\/uploads\/2025\/08\/689f348f09b75.r_d.139-333.jpeg\" \/>\n\t<meta property=\"og:image:width\" content=\"950\" \/>\n\t<meta property=\"og:image:height\" content=\"465\" \/>\n\t<meta property=\"og:image:type\" content=\"image\/jpeg\" \/>\n<meta name=\"author\" content=\"EL GLOBAL\" \/>\n<meta name=\"twitter:card\" content=\"summary_large_image\" \/>\n<meta name=\"twitter:label1\" content=\"Escrito por\" \/>\n\t<meta name=\"twitter:data1\" content=\"EL GLOBAL\" \/>\n\t<meta name=\"twitter:label2\" content=\"Tiempo de lectura\" \/>\n\t<meta name=\"twitter:data2\" content=\"4 minutos\" \/>\n<script type=\"application\/ld+json\" class=\"yoast-schema-graph\">{\"@context\":\"https:\/\/schema.org\",\"@graph\":[{\"@type\":\"Article\",\"@id\":\"https:\/\/elglobal.do\/index.php\/2025\/08\/15\/llego-el-dia-del-cara-a-cara-entre-donad-trump-y-vladimir-putin\/#article\",\"isPartOf\":{\"@id\":\"https:\/\/elglobal.do\/index.php\/2025\/08\/15\/llego-el-dia-del-cara-a-cara-entre-donad-trump-y-vladimir-putin\/\"},\"author\":{\"name\":\"EL GLOBAL\",\"@id\":\"https:\/\/elglobal.do\/#\/schema\/person\/0c97ec2c7714fb605d230c292f64d55f\"},\"headline\":\"Lleg\u00f3 el d\u00eda del cara a cara entre Donad Trump y Vladimir Putin\",\"datePublished\":\"2025-08-15T14:33:41+00:00\",\"dateModified\":\"2025-08-15T14:33:43+00:00\",\"mainEntityOfPage\":{\"@id\":\"https:\/\/elglobal.do\/index.php\/2025\/08\/15\/llego-el-dia-del-cara-a-cara-entre-donad-trump-y-vladimir-putin\/\"},\"wordCount\":761,\"commentCount\":0,\"publisher\":{\"@id\":\"https:\/\/elglobal.do\/#organization\"},\"image\":{\"@id\":\"https:\/\/elglobal.do\/index.php\/2025\/08\/15\/llego-el-dia-del-cara-a-cara-entre-donad-trump-y-vladimir-putin\/#primaryimage\"},\"thumbnailUrl\":\"https:\/\/elglobal.do\/wp-content\/uploads\/2025\/08\/689f348f09b75.r_d.139-333.jpeg\",\"keywords\":[\"#Alaska\",\"#DonalTrump\",\"#Encuentro\",\"#VladimirPutin\"],\"articleSection\":[\"AM\u00c9RICA\",\"EUROPA\",\"INTERNACIONALES\"],\"inLanguage\":\"es\",\"potentialAction\":[{\"@type\":\"CommentAction\",\"name\":\"Comment\",\"target\":[\"https:\/\/elglobal.do\/index.php\/2025\/08\/15\/llego-el-dia-del-cara-a-cara-entre-donad-trump-y-vladimir-putin\/#respond\"]}]},{\"@type\":\"WebPage\",\"@id\":\"https:\/\/elglobal.do\/index.php\/2025\/08\/15\/llego-el-dia-del-cara-a-cara-entre-donad-trump-y-vladimir-putin\/\",\"url\":\"https:\/\/elglobal.do\/index.php\/2025\/08\/15\/llego-el-dia-del-cara-a-cara-entre-donad-trump-y-vladimir-putin\/\",\"name\":\"Lleg\u00f3 el d\u00eda del cara a cara entre Donad Trump y Vladimir Putin - EL GLOBAL INFORMATIVO\",\"isPartOf\":{\"@id\":\"https:\/\/elglobal.do\/#website\"},\"primaryImageOfPage\":{\"@id\":\"https:\/\/elglobal.do\/index.php\/2025\/08\/15\/llego-el-dia-del-cara-a-cara-entre-donad-trump-y-vladimir-putin\/#primaryimage\"},\"image\":{\"@id\":\"https:\/\/elglobal.do\/index.php\/2025\/08\/15\/llego-el-dia-del-cara-a-cara-entre-donad-trump-y-vladimir-putin\/#primaryimage\"},\"thumbnailUrl\":\"https:\/\/elglobal.do\/wp-content\/uploads\/2025\/08\/689f348f09b75.r_d.139-333.jpeg\",\"datePublished\":\"2025-08-15T14:33:41+00:00\",\"dateModified\":\"2025-08-15T14:33:43+00:00\",\"breadcrumb\":{\"@id\":\"https:\/\/elglobal.do\/index.php\/2025\/08\/15\/llego-el-dia-del-cara-a-cara-entre-donad-trump-y-vladimir-putin\/#breadcrumb\"},\"inLanguage\":\"es\",\"potentialAction\":[{\"@type\":\"ReadAction\",\"target\":[\"https:\/\/elglobal.do\/index.php\/2025\/08\/15\/llego-el-dia-del-cara-a-cara-entre-donad-trump-y-vladimir-putin\/\"]}]},{\"@type\":\"ImageObject\",\"inLanguage\":\"es\",\"@id\":\"https:\/\/elglobal.do\/index.php\/2025\/08\/15\/llego-el-dia-del-cara-a-cara-entre-donad-trump-y-vladimir-putin\/#primaryimage\",\"url\":\"https:\/\/elglobal.do\/wp-content\/uploads\/2025\/08\/689f348f09b75.r_d.139-333.jpeg\",\"contentUrl\":\"https:\/\/elglobal.do\/wp-content\/uploads\/2025\/08\/689f348f09b75.r_d.139-333.jpeg\",\"width\":950,\"height\":465},{\"@type\":\"BreadcrumbList\",\"@id\":\"https:\/\/elglobal.do\/index.php\/2025\/08\/15\/llego-el-dia-del-cara-a-cara-entre-donad-trump-y-vladimir-putin\/#breadcrumb\",\"itemListElement\":[{\"@type\":\"ListItem\",\"position\":1,\"name\":\"Portada\",\"item\":\"https:\/\/elglobal.do\/\"},{\"@type\":\"ListItem\",\"position\":2,\"name\":\"Lleg\u00f3 el d\u00eda del cara a cara entre Donad Trump y Vladimir Putin\"}]},{\"@type\":\"WebSite\",\"@id\":\"https:\/\/elglobal.do\/#website\",\"url\":\"https:\/\/elglobal.do\/\",\"name\":\"EL GLOBAL INFORMATIVO\",\"description\":\"Peri\u00f3dico digital de la Rep\u00fablica Dominicana que ofrece noticias, novedades, pol\u00edtica y las \u00faltimas actualidades, con informaci\u00f3n veraz y oportuna para mantenerte siempre informad\",\"publisher\":{\"@id\":\"https:\/\/elglobal.do\/#organization\"},\"potentialAction\":[{\"@type\":\"SearchAction\",\"target\":{\"@type\":\"EntryPoint\",\"urlTemplate\":\"https:\/\/elglobal.do\/?s={search_term_string}\"},\"query-input\":{\"@type\":\"PropertyValueSpecification\",\"valueRequired\":true,\"valueName\":\"search_term_string\"}}],\"inLanguage\":\"es\"},{\"@type\":\"Organization\",\"@id\":\"https:\/\/elglobal.do\/#organization\",\"name\":\"EL GLOBAL.DO INFORMATIVO\",\"url\":\"https:\/\/elglobal.do\/\",\"logo\":{\"@type\":\"ImageObject\",\"inLanguage\":\"es\",\"@id\":\"https:\/\/elglobal.do\/#\/schema\/logo\/image\/\",\"url\":\"https:\/\/elglobal.do\/wp-content\/uploads\/2025\/08\/icon.png\",\"contentUrl\":\"https:\/\/elglobal.do\/wp-content\/uploads\/2025\/08\/icon.png\",\"width\":512,\"height\":512,\"caption\":\"EL GLOBAL.DO INFORMATIVO\"},\"image\":{\"@id\":\"https:\/\/elglobal.do\/#\/schema\/logo\/image\/\"}},{\"@type\":\"Person\",\"@id\":\"https:\/\/elglobal.do\/#\/schema\/person\/0c97ec2c7714fb605d230c292f64d55f\",\"name\":\"EL GLOBAL\",\"image\":{\"@type\":\"ImageObject\",\"inLanguage\":\"es\",\"@id\":\"https:\/\/elglobal.do\/#\/schema\/person\/image\/\",\"url\":\"https:\/\/secure.gravatar.com\/avatar\/081cfb6cf99faddc6f4e23a0c11ab98c5cf302925382d1c88dc3ed757ab910a3?s=96&d=mm&r=g\",\"contentUrl\":\"https:\/\/secure.gravatar.com\/avatar\/081cfb6cf99faddc6f4e23a0c11ab98c5cf302925382d1c88dc3ed757ab910a3?s=96&d=mm&r=g\",\"caption\":\"EL GLOBAL\"},\"description\":\"El Global Informativo es un peri\u00f3dico digital de Rep\u00fablica Dominicana que se dedica a cubrir temas importantes, como la pol\u00edtica local, geopol\u00edtica, econom\u00eda, tecnolog\u00eda, noticias internacionales y eventos relacionados con la gesti\u00f3n social, cultural y humana. Su objetivo principal es mantener a la poblaci\u00f3n informada, ofreciendo una visi\u00f3n amplia y actualizada de lo que sucede tanto en el pa\u00eds como en el mundo. Est\u00e1 dirigido por un grupo de periodistas experimentados, lo que garantiza la calidad y la precisi\u00f3n de la informaci\u00f3n que ofrecen. Tiene su sede en la ciudad de Santo Domingo y es parte integral del portafolio de la empresa, MC Global S.R.L.\",\"sameAs\":[\"https:\/\/elglobal.do\",\"https:\/\/www.instagram.com\/elglobal.do_informativo\/\"],\"url\":\"https:\/\/elglobal.do\/index.php\/author\/elglobaluserpro\/\"}]}<\/script>\n<!-- \/ Yoast SEO plugin. -->","yoast_head_json":{"title":"Lleg\u00f3 el d\u00eda del cara a cara entre Donad Trump y Vladimir Putin - EL GLOBAL INFORMATIVO","robots":{"index":"index","follow":"follow","max-snippet":"max-snippet:-1","max-image-preview":"max-image-preview:large","max-video-preview":"max-video-preview:-1"},"canonical":"https:\/\/elglobal.do\/index.php\/2025\/08\/15\/llego-el-dia-del-cara-a-cara-entre-donad-trump-y-vladimir-putin\/","og_locale":"es_ES","og_type":"article","og_title":"Lleg\u00f3 el d\u00eda del cara a cara entre Donad Trump y Vladimir Putin - EL GLOBAL INFORMATIVO","og_description":"Trump parti\u00f3 de Washington rumbo a Alaska el viernes por la ma\u00f1ana. El presidente estadounidense, Donald Trump, y su hom\u00f3logo ruso, Vladimir Putin, se re\u00fanen este viernes en Alaska en&hellip;","og_url":"https:\/\/elglobal.do\/index.php\/2025\/08\/15\/llego-el-dia-del-cara-a-cara-entre-donad-trump-y-vladimir-putin\/","og_site_name":"EL GLOBAL INFORMATIVO","article_published_time":"2025-08-15T14:33:41+00:00","article_modified_time":"2025-08-15T14:33:43+00:00","og_image":[{"width":950,"height":465,"url":"https:\/\/elglobal.do\/wp-content\/uploads\/2025\/08\/689f348f09b75.r_d.139-333.jpeg","type":"image\/jpeg"}],"author":"EL GLOBAL","twitter_card":"summary_large_image","twitter_misc":{"Escrito por":"EL GLOBAL","Tiempo de lectura":"4 minutos"},"schema":{"@context":"https:\/\/schema.org","@graph":[{"@type":"Article","@id":"https:\/\/elglobal.do\/index.php\/2025\/08\/15\/llego-el-dia-del-cara-a-cara-entre-donad-trump-y-vladimir-putin\/#article","isPartOf":{"@id":"https:\/\/elglobal.do\/index.php\/2025\/08\/15\/llego-el-dia-del-cara-a-cara-entre-donad-trump-y-vladimir-putin\/"},"author":{"name":"EL GLOBAL","@id":"https:\/\/elglobal.do\/#\/schema\/person\/0c97ec2c7714fb605d230c292f64d55f"},"headline":"Lleg\u00f3 el d\u00eda del cara a cara entre Donad Trump y Vladimir Putin","datePublished":"2025-08-15T14:33:41+00:00","dateModified":"2025-08-15T14:33:43+00:00","mainEntityOfPage":{"@id":"https:\/\/elglobal.do\/index.php\/2025\/08\/15\/llego-el-dia-del-cara-a-cara-entre-donad-trump-y-vladimir-putin\/"},"wordCount":761,"commentCount":0,"publisher":{"@id":"https:\/\/elglobal.do\/#organization"},"image":{"@id":"https:\/\/elglobal.do\/index.php\/2025\/08\/15\/llego-el-dia-del-cara-a-cara-entre-donad-trump-y-vladimir-putin\/#primaryimage"},"thumbnailUrl":"https:\/\/elglobal.do\/wp-content\/uploads\/2025\/08\/689f348f09b75.r_d.139-333.jpeg","keywords":["#Alaska","#DonalTrump","#Encuentro","#VladimirPutin"],"articleSection":["AM\u00c9RICA","EUROPA","INTERNACIONALES"],"inLanguage":"es","potentialAction":[{"@type":"CommentAction","name":"Comment","target":["https:\/\/elglobal.do\/index.php\/2025\/08\/15\/llego-el-dia-del-cara-a-cara-entre-donad-trump-y-vladimir-putin\/#respond"]}]},{"@type":"WebPage","@id":"https:\/\/elglobal.do\/index.php\/2025\/08\/15\/llego-el-dia-del-cara-a-cara-entre-donad-trump-y-vladimir-putin\/","url":"https:\/\/elglobal.do\/index.php\/2025\/08\/15\/llego-el-dia-del-cara-a-cara-entre-donad-trump-y-vladimir-putin\/","name":"Lleg\u00f3 el d\u00eda del cara a cara entre Donad Trump y Vladimir Putin - EL GLOBAL INFORMATIVO","isPartOf":{"@id":"https:\/\/elglobal.do\/#website"},"primaryImageOfPage":{"@id":"https:\/\/elglobal.do\/index.php\/2025\/08\/15\/llego-el-dia-del-cara-a-cara-entre-donad-trump-y-vladimir-putin\/#primaryimage"},"image":{"@id":"https:\/\/elglobal.do\/index.php\/2025\/08\/15\/llego-el-dia-del-cara-a-cara-entre-donad-trump-y-vladimir-putin\/#primaryimage"},"thumbnailUrl":"https:\/\/elglobal.do\/wp-content\/uploads\/2025\/08\/689f348f09b75.r_d.139-333.jpeg","datePublished":"2025-08-15T14:33:41+00:00","dateModified":"2025-08-15T14:33:43+00:00","breadcrumb":{"@id":"https:\/\/elglobal.do\/index.php\/2025\/08\/15\/llego-el-dia-del-cara-a-cara-entre-donad-trump-y-vladimir-putin\/#breadcrumb"},"inLanguage":"es","potentialAction":[{"@type":"ReadAction","target":["https:\/\/elglobal.do\/index.php\/2025\/08\/15\/llego-el-dia-del-cara-a-cara-entre-donad-trump-y-vladimir-putin\/"]}]},{"@type":"ImageObject","inLanguage":"es","@id":"https:\/\/elglobal.do\/index.php\/2025\/08\/15\/llego-el-dia-del-cara-a-cara-entre-donad-trump-y-vladimir-putin\/#primaryimage","url":"https:\/\/elglobal.do\/wp-content\/uploads\/2025\/08\/689f348f09b75.r_d.139-333.jpeg","contentUrl":"https:\/\/elglobal.do\/wp-content\/uploads\/2025\/08\/689f348f09b75.r_d.139-333.jpeg","width":950,"height":465},{"@type":"BreadcrumbList","@id":"https:\/\/elglobal.do\/index.php\/2025\/08\/15\/llego-el-dia-del-cara-a-cara-entre-donad-trump-y-vladimir-putin\/#breadcrumb","itemListElement":[{"@type":"ListItem","position":1,"name":"Portada","item":"https:\/\/elglobal.do\/"},{"@type":"ListItem","position":2,"name":"Lleg\u00f3 el d\u00eda del cara a cara entre Donad Trump y Vladimir Putin"}]},{"@type":"WebSite","@id":"https:\/\/elglobal.do\/#website","url":"https:\/\/elglobal.do\/","name":"EL GLOBAL INFORMATIVO","description":"Peri\u00f3dico digital de la Rep\u00fablica Dominicana que ofrece noticias, novedades, pol\u00edtica y las \u00faltimas actualidades, con informaci\u00f3n veraz y oportuna para mantenerte siempre informad","publisher":{"@id":"https:\/\/elglobal.do\/#organization"},"potentialAction":[{"@type":"SearchAction","target":{"@type":"EntryPoint","urlTemplate":"https:\/\/elglobal.do\/?s={search_term_string}"},"query-input":{"@type":"PropertyValueSpecification","valueRequired":true,"valueName":"search_term_string"}}],"inLanguage":"es"},{"@type":"Organization","@id":"https:\/\/elglobal.do\/#organization","name":"EL GLOBAL.DO INFORMATIVO","url":"https:\/\/elglobal.do\/","logo":{"@type":"ImageObject","inLanguage":"es","@id":"https:\/\/elglobal.do\/#\/schema\/logo\/image\/","url":"https:\/\/elglobal.do\/wp-content\/uploads\/2025\/08\/icon.png","contentUrl":"https:\/\/elglobal.do\/wp-content\/uploads\/2025\/08\/icon.png","width":512,"height":512,"caption":"EL GLOBAL.DO INFORMATIVO"},"image":{"@id":"https:\/\/elglobal.do\/#\/schema\/logo\/image\/"}},{"@type":"Person","@id":"https:\/\/elglobal.do\/#\/schema\/person\/0c97ec2c7714fb605d230c292f64d55f","name":"EL GLOBAL","image":{"@type":"ImageObject","inLanguage":"es","@id":"https:\/\/elglobal.do\/#\/schema\/person\/image\/","url":"https:\/\/secure.gravatar.com\/avatar\/081cfb6cf99faddc6f4e23a0c11ab98c5cf302925382d1c88dc3ed757ab910a3?s=96&d=mm&r=g","contentUrl":"https:\/\/secure.gravatar.com\/avatar\/081cfb6cf99faddc6f4e23a0c11ab98c5cf302925382d1c88dc3ed757ab910a3?s=96&d=mm&r=g","caption":"EL GLOBAL"},"description":"El Global Informativo es un peri\u00f3dico digital de Rep\u00fablica Dominicana que se dedica a cubrir temas importantes, como la pol\u00edtica local, geopol\u00edtica, econom\u00eda, tecnolog\u00eda, noticias internacionales y eventos relacionados con la gesti\u00f3n social, cultural y humana. Su objetivo principal es mantener a la poblaci\u00f3n informada, ofreciendo una visi\u00f3n amplia y actualizada de lo que sucede tanto en el pa\u00eds como en el mundo. Est\u00e1 dirigido por un grupo de periodistas experimentados, lo que garantiza la calidad y la precisi\u00f3n de la informaci\u00f3n que ofrecen. Tiene su sede en la ciudad de Santo Domingo y es parte integral del portafolio de la empresa, MC Global S.R.L.","sameAs":["https:\/\/elglobal.do","https:\/\/www.instagram.com\/elglobal.do_informativo\/"],"url":"https:\/\/elglobal.do\/index.php\/author\/elglobaluserpro\/"}]}},"jetpack_featured_media_url":"https:\/\/elglobal.do\/wp-content\/uploads\/2025\/08\/689f348f09b75.r_d.139-333.jpeg","jetpack_sharing_enabled":true,"_links":{"self":[{"href":"https:\/\/elglobal.do\/index.php\/wp-json\/wp\/v2\/posts\/1196","targetHints":{"allow":["GET"]}}],"collection":[{"href":"https:\/\/elglobal.do\/index.php\/wp-json\/wp\/v2\/posts"}],"about":[{"href":"https:\/\/elglobal.do\/index.php\/wp-json\/wp\/v2\/types\/post"}],"author":[{"embeddable":true,"href":"https:\/\/elglobal.do\/index.php\/wp-json\/wp\/v2\/users\/1"}],"replies":[{"embeddable":true,"href":"https:\/\/elglobal.do\/index.php\/wp-json\/wp\/v2\/comments?post=1196"}],"version-history":[{"count":1,"href":"https:\/\/elglobal.do\/index.php\/wp-json\/wp\/v2\/posts\/1196\/revisions"}],"predecessor-version":[{"id":1198,"href":"https:\/\/elglobal.do\/index.php\/wp-json\/wp\/v2\/posts\/1196\/revisions\/1198"}],"wp:featuredmedia":[{"embeddable":true,"href":"https:\/\/elglobal.do\/index.php\/wp-json\/wp\/v2\/media\/1197"}],"wp:attachment":[{"href":"https:\/\/elglobal.do\/index.php\/wp-json\/wp\/v2\/media?parent=1196"}],"wp:term":[{"taxonomy":"category","embeddable":true,"href":"https:\/\/elglobal.do\/index.php\/wp-json\/wp\/v2\/categories?post=1196"},{"taxonomy":"post_tag","embeddable":true,"href":"https:\/\/elglobal.do\/index.php\/wp-json\/wp\/v2\/tags?post=1196"}],"curies":[{"name":"wp","href":"https:\/\/api.w.org\/{rel}","templated":true}]}}