{"id":1273,"date":"2025-08-16T21:47:18","date_gmt":"2025-08-17T01:47:18","guid":{"rendered":"https:\/\/elglobal.do\/?p=1273"},"modified":"2025-08-16T21:47:21","modified_gmt":"2025-08-17T01:47:21","slug":"congreso-nacional-juramento-sus-bufetes-directivos","status":"publish","type":"post","link":"https:\/\/elglobal.do\/index.php\/2025\/08\/16\/congreso-nacional-juramento-sus-bufetes-directivos\/","title":{"rendered":"Congreso Nacional jurament\u00f3 sus bufetes directivos"},"content":{"rendered":"\n<figure class=\"wp-block-image size-full\"><img loading=\"lazy\" decoding=\"async\" width=\"1000\" height=\"600\" src=\"https:\/\/elglobal.do\/wp-content\/uploads\/2025\/08\/Ricardo-de-los-Santos.webp\" alt=\"\" class=\"wp-image-1274\" srcset=\"https:\/\/elglobal.do\/wp-content\/uploads\/2025\/08\/Ricardo-de-los-Santos.webp 1000w, https:\/\/elglobal.do\/wp-content\/uploads\/2025\/08\/Ricardo-de-los-Santos-300x180.webp 300w, https:\/\/elglobal.do\/wp-content\/uploads\/2025\/08\/Ricardo-de-los-Santos-768x461.webp 768w\" sizes=\"auto, (max-width: 1000px) 100vw, 1000px\" \/><\/figure>\n\n\n\n<p><\/p>\n\n\n\n<p><strong>Santo Domingo. &#8211; <\/strong>El Congreso Nacional dej\u00f3 instalados este s\u00e1bado sus bufetes directivos, para el per\u00edodo 2025-2026, y dar\u00e1 apertura a la segunda legislatura ordinaria, que se extender\u00e1 hasta el 12 de enero del pr\u00f3ximo a\u00f1o. Los encuentros son a partir de las 8:00 de la ma\u00f1ana.<br><br>Tanto en el Senado como en la C\u00e1mara de Diputados habr\u00e1 pocos rostros nuevos que exhibir en el liderazgo congresual. Ricardo de los Santos (PRM-S\u00e1nchez Ram\u00edrez) y Alfredo Pacheco (PRM) seguir\u00e1n por un a\u00f1o m\u00e1s frente a la C\u00e1mara Alta y la Baja, respectivamente, acompa\u00f1ados de los mismos miembros de los bufetes directivos de la actualidad.<br><br>El presidente del Senado continuar\u00e1 <strong>\u201ccon el tim\u00f3n\u201d <\/strong>del ala parlamentaria junto a Pedro Catrain Bonilla (PRM-Saman\u00e1), vicepresidente; y L\u00eda D\u00edaz (PRM-Azua) y Aracelis Villanueva (PRM-San Pedro de Macor\u00eds), secretarias. Ser\u00e1 el segundo a\u00f1o de este bufete y el tercero para el representante de S\u00e1nchez Ram\u00edrez como titular del ala congresual.<\/p>\n\n\n\n<p><\/p>\n\n\n\n<figure class=\"wp-block-image size-full\"><img loading=\"lazy\" decoding=\"async\" width=\"1000\" height=\"600\" src=\"https:\/\/elglobal.do\/wp-content\/uploads\/2025\/08\/Pacheco.jpg\" alt=\"\" class=\"wp-image-1275\" srcset=\"https:\/\/elglobal.do\/wp-content\/uploads\/2025\/08\/Pacheco.jpg 1000w, https:\/\/elglobal.do\/wp-content\/uploads\/2025\/08\/Pacheco-300x180.jpg 300w, https:\/\/elglobal.do\/wp-content\/uploads\/2025\/08\/Pacheco-768x461.jpg 768w\" sizes=\"auto, (max-width: 1000px) 100vw, 1000px\" \/><\/figure>\n\n\n\n<p><br><br><strong>Por la C\u00e1mara de Diputados, Pacheco seguir\u00e1 como su presidente,<\/strong> por sexto a\u00f1o consecutivo, acompa\u00f1ado por segunda ocasi\u00f3n de Dharuelly D\u2019 Aza, como vicepresidenta; y de Emil Dur\u00e1n y Leyvi Bautista, como secretarios.<br><br><strong>Bloques Senado<br><\/strong><br>Hasta hace unos d\u00edas, en el Senado, la bancada del Partido Revolucionario Moderno (PRM) no hab\u00eda elegido a sus representantes. Los actuales integrantes son Crist\u00f3bal Venerado Castillo (Hato Mayor), vocero; Mar\u00eda Mercedes Ortiz (Hermanas Mirabal), vicevocera; y Gustavo Lara (San Crist\u00f3bal), secretario.<br><br>La Fuerza del Pueblo (FP) \u201cmover\u00e1 sus fichas, \u201d para que Eduard Esp\u00edritusanto (La Romana) sea el nuevo portavoz; F\u00e9lix Bautista (San Juan) siga como vicevocero; y Omar Fern\u00e1ndez (Distrito Nacional) pase a ser el secretario.<br><br>Los partidos Reformista Social Cristiano (PRSC) y Primero la Gente (PPG), representados por Ram\u00f3n Rogelio Genao (La Vega) y Antonio Marte (Santiago Rodr\u00edguez), respectivamente, continuar\u00e1n siendo un mismo bloque: Genao, el portavoz; y Marte, el vicevocero.<br><br><strong>Vocer\u00edas en la CD<br><\/strong><br>El PRM seguir\u00e1 siendo encabezado por Amado D\u00edaz, como vocero; Luis B\u00e1ez, vicevocero; y Jackeline Fern\u00e1ndez, secretaria. Rafael Castillo continuar\u00e1 como vocero del bloque de la FP; Carlos de P\u00e9rez se estrenar\u00e1 como vicevocero (posici\u00f3n que ocupa Selin\u00e9e M\u00e9ndez) y Dulce Rojas repetir\u00e1 como secretaria. Mientras, el Partido de la Liberaci\u00f3n Dominicana (PLD) ratificar\u00e1 a Gustavo S\u00e1nchez en la vocer\u00eda y a Damaris V\u00e1squez Castillo en la secretaria, pero pondr\u00e1 a Ydenia Do\u00f1\u00e9 como vicevocera (cargo que ahora ocupa Heidy Musa).<br><br>Similar al PRM, hasta hace unos d\u00edas el Partido Reformista Social Cristiano (PRSC) -que tiene como vocero del bloque a Rogelio Alfonso Genao Lanza y a Fiordaliza Est\u00e9vez como vicevocera -no hab\u00eda elegido qui\u00e9n ser\u00eda el o la portavoz de su bancada para el per\u00edodo 2025-2026.<br><br>El bloque del Partido Quisqueyano Dem\u00f3crata Cristiano (PQDC) junto al Partido Revolucionario Dominicano (PRD) tendr\u00e1 como vocero a Ram\u00f3n Raposo, del PRD, y a El\u00edas Wessin, presidente del PQDC, como el vicevocero. En la actualidad los diputados nacionales ocupan posiciones contrarias.<br><br>El bloque de los partidos Dominicanos por el Cambio (DxC) y Alianza Pa\u00eds (AlPa\u00eds), estar\u00e1 representado por Braulio de Jes\u00fas Espinal, de DxC, como vocero; Pedro Mart\u00ednez, de AlPa\u00eds, vicevocero; y Mateo Espaillat, de DxC, secretario. Espaillat es el actual vocero de esa organizaci\u00f3n pol\u00edtica en la C\u00e1mara Baja; Braulio de Jes\u00fas, el vicevocero; y Pedro Mart\u00ednez, el secretario.<br><br>Finalmente, el bloque de los partidos C\u00edvico Renovador (PCR) y Liberal Reformista (PLR) seguir\u00e1 representado por los diputados Jorge Manuel Zorrilla Gonz\u00e1lez, como portavoz; y Onavel Aristy, vicevocero.<\/p>\n\n\n\n<p>Alfredo Pacheco repetir\u00e1 como presidente de la C\u00e1mara Baja por seis a\u00f1os corridos.<\/p>\n\n\n\n<p><strong>Establece las legislaturas y bufetes directivos<\/strong><\/p>\n\n\n\n<p><strong>La Constituci\u00f3n establece<\/strong>, en su art\u00edculo 90, que el 16 de agosto de cada a\u00f1o el Senado y la C\u00e1mara de Diputados elegir\u00e1n sus respectivos bufetes directivos, integrados por un presidente, un vicepresidente y dos secretarios. Los presidentes del Congreso tendr\u00e1n, durante las sesiones, poderes disciplinarios y representar\u00e1n a su respectiva c\u00e1mara en todos los actos legales; y cada c\u00e1mara designar\u00e1 sus funcionarios, empleados administrativos y auxiliares. En su art\u00edculo 89, la Carta Magna precisa que las c\u00e1maras se reunir\u00e1n de forma ordinaria el 27 de febrero y el 16 de agosto de cada a\u00f1o, y que cada legislatura durar\u00e1 ciento cincuenta d\u00edas.<\/p>\n\n\n\n<p><\/p>\n","protected":false},"excerpt":{"rendered":"<p>Santo Domingo. &#8211; El Congreso Nacional dej\u00f3 instalados este s\u00e1bado sus bufetes directivos, para el per\u00edodo 2025-2026, y dar\u00e1 apertura a la segunda legislatura ordinaria, que se extender\u00e1 hasta el&hellip; <\/p>\n","protected":false},"author":1,"featured_media":1274,"comment_status":"open","ping_status":"open","sticky":false,"template":"","format":"standard","meta":{"_jetpack_memberships_contains_paid_content":false,"footnotes":""},"categories":[40],"tags":[492,601,602,591,98,603],"class_list":["post-1273","post","type-post","status-publish","format-standard","has-post-thumbnail","hentry","category-nacionales","tag-16deagosto","tag-bufetes","tag-congresonacional","tag-elglobaldeportes","tag-elglobalinformativo","tag-juramentacion"],"yoast_head":"<!-- This site is optimized with the Yoast SEO plugin v26.9 - https:\/\/yoast.com\/product\/yoast-seo-wordpress\/ -->\n<title>Congreso Nacional jurament\u00f3 sus bufetes directivos - EL GLOBAL INFORMATIVO<\/title>\n<meta name=\"robots\" content=\"index, follow, max-snippet:-1, max-image-preview:large, max-video-preview:-1\" \/>\n<link rel=\"canonical\" href=\"https:\/\/elglobal.do\/index.php\/2025\/08\/16\/congreso-nacional-juramento-sus-bufetes-directivos\/\" \/>\n<meta property=\"og:locale\" content=\"es_ES\" \/>\n<meta property=\"og:type\" content=\"article\" \/>\n<meta property=\"og:title\" content=\"Congreso Nacional jurament\u00f3 sus bufetes directivos - EL GLOBAL INFORMATIVO\" \/>\n<meta property=\"og:description\" content=\"Santo Domingo. &#8211; El Congreso Nacional dej\u00f3 instalados este s\u00e1bado sus bufetes directivos, para el per\u00edodo 2025-2026, y dar\u00e1 apertura a la segunda legislatura ordinaria, que se extender\u00e1 hasta el&hellip;\" \/>\n<meta property=\"og:url\" content=\"https:\/\/elglobal.do\/index.php\/2025\/08\/16\/congreso-nacional-juramento-sus-bufetes-directivos\/\" \/>\n<meta property=\"og:site_name\" content=\"EL GLOBAL INFORMATIVO\" \/>\n<meta property=\"article:published_time\" content=\"2025-08-17T01:47:18+00:00\" \/>\n<meta property=\"article:modified_time\" content=\"2025-08-17T01:47:21+00:00\" \/>\n<meta property=\"og:image\" content=\"https:\/\/elglobal.do\/wp-content\/uploads\/2025\/08\/Ricardo-de-los-Santos.webp\" \/>\n\t<meta property=\"og:image:width\" content=\"1000\" \/>\n\t<meta property=\"og:image:height\" content=\"600\" \/>\n\t<meta property=\"og:image:type\" content=\"image\/webp\" \/>\n<meta name=\"author\" content=\"EL GLOBAL\" \/>\n<meta name=\"twitter:card\" content=\"summary_large_image\" \/>\n<meta name=\"twitter:label1\" content=\"Escrito por\" \/>\n\t<meta name=\"twitter:data1\" content=\"EL GLOBAL\" \/>\n\t<meta name=\"twitter:label2\" content=\"Tiempo de lectura\" \/>\n\t<meta name=\"twitter:data2\" content=\"4 minutos\" \/>\n<script type=\"application\/ld+json\" class=\"yoast-schema-graph\">{\"@context\":\"https:\/\/schema.org\",\"@graph\":[{\"@type\":\"Article\",\"@id\":\"https:\/\/elglobal.do\/index.php\/2025\/08\/16\/congreso-nacional-juramento-sus-bufetes-directivos\/#article\",\"isPartOf\":{\"@id\":\"https:\/\/elglobal.do\/index.php\/2025\/08\/16\/congreso-nacional-juramento-sus-bufetes-directivos\/\"},\"author\":{\"name\":\"EL GLOBAL\",\"@id\":\"https:\/\/elglobal.do\/#\/schema\/person\/0c97ec2c7714fb605d230c292f64d55f\"},\"headline\":\"Congreso Nacional jurament\u00f3 sus bufetes directivos\",\"datePublished\":\"2025-08-17T01:47:18+00:00\",\"dateModified\":\"2025-08-17T01:47:21+00:00\",\"mainEntityOfPage\":{\"@id\":\"https:\/\/elglobal.do\/index.php\/2025\/08\/16\/congreso-nacional-juramento-sus-bufetes-directivos\/\"},\"wordCount\":767,\"commentCount\":0,\"publisher\":{\"@id\":\"https:\/\/elglobal.do\/#organization\"},\"image\":{\"@id\":\"https:\/\/elglobal.do\/index.php\/2025\/08\/16\/congreso-nacional-juramento-sus-bufetes-directivos\/#primaryimage\"},\"thumbnailUrl\":\"https:\/\/elglobal.do\/wp-content\/uploads\/2025\/08\/Ricardo-de-los-Santos.webp\",\"keywords\":[\"#16deagosto\",\"#bufetes\",\"#CongresoNacional\",\"#ElGlobalDeportes\",\"#ElGlobalInformativo\",\"#juramentaci\u00f3n\"],\"articleSection\":[\"NACIONALES\"],\"inLanguage\":\"es\",\"potentialAction\":[{\"@type\":\"CommentAction\",\"name\":\"Comment\",\"target\":[\"https:\/\/elglobal.do\/index.php\/2025\/08\/16\/congreso-nacional-juramento-sus-bufetes-directivos\/#respond\"]}]},{\"@type\":\"WebPage\",\"@id\":\"https:\/\/elglobal.do\/index.php\/2025\/08\/16\/congreso-nacional-juramento-sus-bufetes-directivos\/\",\"url\":\"https:\/\/elglobal.do\/index.php\/2025\/08\/16\/congreso-nacional-juramento-sus-bufetes-directivos\/\",\"name\":\"Congreso Nacional jurament\u00f3 sus bufetes directivos - EL GLOBAL INFORMATIVO\",\"isPartOf\":{\"@id\":\"https:\/\/elglobal.do\/#website\"},\"primaryImageOfPage\":{\"@id\":\"https:\/\/elglobal.do\/index.php\/2025\/08\/16\/congreso-nacional-juramento-sus-bufetes-directivos\/#primaryimage\"},\"image\":{\"@id\":\"https:\/\/elglobal.do\/index.php\/2025\/08\/16\/congreso-nacional-juramento-sus-bufetes-directivos\/#primaryimage\"},\"thumbnailUrl\":\"https:\/\/elglobal.do\/wp-content\/uploads\/2025\/08\/Ricardo-de-los-Santos.webp\",\"datePublished\":\"2025-08-17T01:47:18+00:00\",\"dateModified\":\"2025-08-17T01:47:21+00:00\",\"breadcrumb\":{\"@id\":\"https:\/\/elglobal.do\/index.php\/2025\/08\/16\/congreso-nacional-juramento-sus-bufetes-directivos\/#breadcrumb\"},\"inLanguage\":\"es\",\"potentialAction\":[{\"@type\":\"ReadAction\",\"target\":[\"https:\/\/elglobal.do\/index.php\/2025\/08\/16\/congreso-nacional-juramento-sus-bufetes-directivos\/\"]}]},{\"@type\":\"ImageObject\",\"inLanguage\":\"es\",\"@id\":\"https:\/\/elglobal.do\/index.php\/2025\/08\/16\/congreso-nacional-juramento-sus-bufetes-directivos\/#primaryimage\",\"url\":\"https:\/\/elglobal.do\/wp-content\/uploads\/2025\/08\/Ricardo-de-los-Santos.webp\",\"contentUrl\":\"https:\/\/elglobal.do\/wp-content\/uploads\/2025\/08\/Ricardo-de-los-Santos.webp\",\"width\":1000,\"height\":600},{\"@type\":\"BreadcrumbList\",\"@id\":\"https:\/\/elglobal.do\/index.php\/2025\/08\/16\/congreso-nacional-juramento-sus-bufetes-directivos\/#breadcrumb\",\"itemListElement\":[{\"@type\":\"ListItem\",\"position\":1,\"name\":\"Portada\",\"item\":\"https:\/\/elglobal.do\/\"},{\"@type\":\"ListItem\",\"position\":2,\"name\":\"Congreso Nacional jurament\u00f3 sus bufetes directivos\"}]},{\"@type\":\"WebSite\",\"@id\":\"https:\/\/elglobal.do\/#website\",\"url\":\"https:\/\/elglobal.do\/\",\"name\":\"EL GLOBAL INFORMATIVO\",\"description\":\"Peri\u00f3dico digital de la Rep\u00fablica Dominicana que ofrece noticias, novedades, pol\u00edtica y las \u00faltimas actualidades, con informaci\u00f3n veraz y oportuna para mantenerte siempre informad\",\"publisher\":{\"@id\":\"https:\/\/elglobal.do\/#organization\"},\"potentialAction\":[{\"@type\":\"SearchAction\",\"target\":{\"@type\":\"EntryPoint\",\"urlTemplate\":\"https:\/\/elglobal.do\/?s={search_term_string}\"},\"query-input\":{\"@type\":\"PropertyValueSpecification\",\"valueRequired\":true,\"valueName\":\"search_term_string\"}}],\"inLanguage\":\"es\"},{\"@type\":\"Organization\",\"@id\":\"https:\/\/elglobal.do\/#organization\",\"name\":\"EL GLOBAL.DO INFORMATIVO\",\"url\":\"https:\/\/elglobal.do\/\",\"logo\":{\"@type\":\"ImageObject\",\"inLanguage\":\"es\",\"@id\":\"https:\/\/elglobal.do\/#\/schema\/logo\/image\/\",\"url\":\"https:\/\/elglobal.do\/wp-content\/uploads\/2025\/08\/icon.png\",\"contentUrl\":\"https:\/\/elglobal.do\/wp-content\/uploads\/2025\/08\/icon.png\",\"width\":512,\"height\":512,\"caption\":\"EL GLOBAL.DO INFORMATIVO\"},\"image\":{\"@id\":\"https:\/\/elglobal.do\/#\/schema\/logo\/image\/\"}},{\"@type\":\"Person\",\"@id\":\"https:\/\/elglobal.do\/#\/schema\/person\/0c97ec2c7714fb605d230c292f64d55f\",\"name\":\"EL GLOBAL\",\"image\":{\"@type\":\"ImageObject\",\"inLanguage\":\"es\",\"@id\":\"https:\/\/elglobal.do\/#\/schema\/person\/image\/\",\"url\":\"https:\/\/secure.gravatar.com\/avatar\/081cfb6cf99faddc6f4e23a0c11ab98c5cf302925382d1c88dc3ed757ab910a3?s=96&d=mm&r=g\",\"contentUrl\":\"https:\/\/secure.gravatar.com\/avatar\/081cfb6cf99faddc6f4e23a0c11ab98c5cf302925382d1c88dc3ed757ab910a3?s=96&d=mm&r=g\",\"caption\":\"EL GLOBAL\"},\"description\":\"El Global Informativo es un peri\u00f3dico digital de Rep\u00fablica Dominicana que se dedica a cubrir temas importantes, como la pol\u00edtica local, geopol\u00edtica, econom\u00eda, tecnolog\u00eda, noticias internacionales y eventos relacionados con la gesti\u00f3n social, cultural y humana. Su objetivo principal es mantener a la poblaci\u00f3n informada, ofreciendo una visi\u00f3n amplia y actualizada de lo que sucede tanto en el pa\u00eds como en el mundo. Est\u00e1 dirigido por un grupo de periodistas experimentados, lo que garantiza la calidad y la precisi\u00f3n de la informaci\u00f3n que ofrecen. Tiene su sede en la ciudad de Santo Domingo y es parte integral del portafolio de la empresa, MC Global S.R.L.\",\"sameAs\":[\"https:\/\/elglobal.do\",\"https:\/\/www.instagram.com\/elglobal.do_informativo\/\"],\"url\":\"https:\/\/elglobal.do\/index.php\/author\/elglobaluserpro\/\"}]}<\/script>\n<!-- \/ Yoast SEO plugin. -->","yoast_head_json":{"title":"Congreso Nacional jurament\u00f3 sus bufetes directivos - EL GLOBAL INFORMATIVO","robots":{"index":"index","follow":"follow","max-snippet":"max-snippet:-1","max-image-preview":"max-image-preview:large","max-video-preview":"max-video-preview:-1"},"canonical":"https:\/\/elglobal.do\/index.php\/2025\/08\/16\/congreso-nacional-juramento-sus-bufetes-directivos\/","og_locale":"es_ES","og_type":"article","og_title":"Congreso Nacional jurament\u00f3 sus bufetes directivos - EL GLOBAL INFORMATIVO","og_description":"Santo Domingo. &#8211; El Congreso Nacional dej\u00f3 instalados este s\u00e1bado sus bufetes directivos, para el per\u00edodo 2025-2026, y dar\u00e1 apertura a la segunda legislatura ordinaria, que se extender\u00e1 hasta el&hellip;","og_url":"https:\/\/elglobal.do\/index.php\/2025\/08\/16\/congreso-nacional-juramento-sus-bufetes-directivos\/","og_site_name":"EL GLOBAL INFORMATIVO","article_published_time":"2025-08-17T01:47:18+00:00","article_modified_time":"2025-08-17T01:47:21+00:00","og_image":[{"width":1000,"height":600,"url":"https:\/\/elglobal.do\/wp-content\/uploads\/2025\/08\/Ricardo-de-los-Santos.webp","type":"image\/webp"}],"author":"EL GLOBAL","twitter_card":"summary_large_image","twitter_misc":{"Escrito por":"EL GLOBAL","Tiempo de lectura":"4 minutos"},"schema":{"@context":"https:\/\/schema.org","@graph":[{"@type":"Article","@id":"https:\/\/elglobal.do\/index.php\/2025\/08\/16\/congreso-nacional-juramento-sus-bufetes-directivos\/#article","isPartOf":{"@id":"https:\/\/elglobal.do\/index.php\/2025\/08\/16\/congreso-nacional-juramento-sus-bufetes-directivos\/"},"author":{"name":"EL GLOBAL","@id":"https:\/\/elglobal.do\/#\/schema\/person\/0c97ec2c7714fb605d230c292f64d55f"},"headline":"Congreso Nacional jurament\u00f3 sus bufetes directivos","datePublished":"2025-08-17T01:47:18+00:00","dateModified":"2025-08-17T01:47:21+00:00","mainEntityOfPage":{"@id":"https:\/\/elglobal.do\/index.php\/2025\/08\/16\/congreso-nacional-juramento-sus-bufetes-directivos\/"},"wordCount":767,"commentCount":0,"publisher":{"@id":"https:\/\/elglobal.do\/#organization"},"image":{"@id":"https:\/\/elglobal.do\/index.php\/2025\/08\/16\/congreso-nacional-juramento-sus-bufetes-directivos\/#primaryimage"},"thumbnailUrl":"https:\/\/elglobal.do\/wp-content\/uploads\/2025\/08\/Ricardo-de-los-Santos.webp","keywords":["#16deagosto","#bufetes","#CongresoNacional","#ElGlobalDeportes","#ElGlobalInformativo","#juramentaci\u00f3n"],"articleSection":["NACIONALES"],"inLanguage":"es","potentialAction":[{"@type":"CommentAction","name":"Comment","target":["https:\/\/elglobal.do\/index.php\/2025\/08\/16\/congreso-nacional-juramento-sus-bufetes-directivos\/#respond"]}]},{"@type":"WebPage","@id":"https:\/\/elglobal.do\/index.php\/2025\/08\/16\/congreso-nacional-juramento-sus-bufetes-directivos\/","url":"https:\/\/elglobal.do\/index.php\/2025\/08\/16\/congreso-nacional-juramento-sus-bufetes-directivos\/","name":"Congreso Nacional jurament\u00f3 sus bufetes directivos - EL GLOBAL INFORMATIVO","isPartOf":{"@id":"https:\/\/elglobal.do\/#website"},"primaryImageOfPage":{"@id":"https:\/\/elglobal.do\/index.php\/2025\/08\/16\/congreso-nacional-juramento-sus-bufetes-directivos\/#primaryimage"},"image":{"@id":"https:\/\/elglobal.do\/index.php\/2025\/08\/16\/congreso-nacional-juramento-sus-bufetes-directivos\/#primaryimage"},"thumbnailUrl":"https:\/\/elglobal.do\/wp-content\/uploads\/2025\/08\/Ricardo-de-los-Santos.webp","datePublished":"2025-08-17T01:47:18+00:00","dateModified":"2025-08-17T01:47:21+00:00","breadcrumb":{"@id":"https:\/\/elglobal.do\/index.php\/2025\/08\/16\/congreso-nacional-juramento-sus-bufetes-directivos\/#breadcrumb"},"inLanguage":"es","potentialAction":[{"@type":"ReadAction","target":["https:\/\/elglobal.do\/index.php\/2025\/08\/16\/congreso-nacional-juramento-sus-bufetes-directivos\/"]}]},{"@type":"ImageObject","inLanguage":"es","@id":"https:\/\/elglobal.do\/index.php\/2025\/08\/16\/congreso-nacional-juramento-sus-bufetes-directivos\/#primaryimage","url":"https:\/\/elglobal.do\/wp-content\/uploads\/2025\/08\/Ricardo-de-los-Santos.webp","contentUrl":"https:\/\/elglobal.do\/wp-content\/uploads\/2025\/08\/Ricardo-de-los-Santos.webp","width":1000,"height":600},{"@type":"BreadcrumbList","@id":"https:\/\/elglobal.do\/index.php\/2025\/08\/16\/congreso-nacional-juramento-sus-bufetes-directivos\/#breadcrumb","itemListElement":[{"@type":"ListItem","position":1,"name":"Portada","item":"https:\/\/elglobal.do\/"},{"@type":"ListItem","position":2,"name":"Congreso Nacional jurament\u00f3 sus bufetes directivos"}]},{"@type":"WebSite","@id":"https:\/\/elglobal.do\/#website","url":"https:\/\/elglobal.do\/","name":"EL GLOBAL INFORMATIVO","description":"Peri\u00f3dico digital de la Rep\u00fablica Dominicana que ofrece noticias, novedades, pol\u00edtica y las \u00faltimas actualidades, con informaci\u00f3n veraz y oportuna para mantenerte siempre informad","publisher":{"@id":"https:\/\/elglobal.do\/#organization"},"potentialAction":[{"@type":"SearchAction","target":{"@type":"EntryPoint","urlTemplate":"https:\/\/elglobal.do\/?s={search_term_string}"},"query-input":{"@type":"PropertyValueSpecification","valueRequired":true,"valueName":"search_term_string"}}],"inLanguage":"es"},{"@type":"Organization","@id":"https:\/\/elglobal.do\/#organization","name":"EL GLOBAL.DO INFORMATIVO","url":"https:\/\/elglobal.do\/","logo":{"@type":"ImageObject","inLanguage":"es","@id":"https:\/\/elglobal.do\/#\/schema\/logo\/image\/","url":"https:\/\/elglobal.do\/wp-content\/uploads\/2025\/08\/icon.png","contentUrl":"https:\/\/elglobal.do\/wp-content\/uploads\/2025\/08\/icon.png","width":512,"height":512,"caption":"EL GLOBAL.DO INFORMATIVO"},"image":{"@id":"https:\/\/elglobal.do\/#\/schema\/logo\/image\/"}},{"@type":"Person","@id":"https:\/\/elglobal.do\/#\/schema\/person\/0c97ec2c7714fb605d230c292f64d55f","name":"EL GLOBAL","image":{"@type":"ImageObject","inLanguage":"es","@id":"https:\/\/elglobal.do\/#\/schema\/person\/image\/","url":"https:\/\/secure.gravatar.com\/avatar\/081cfb6cf99faddc6f4e23a0c11ab98c5cf302925382d1c88dc3ed757ab910a3?s=96&d=mm&r=g","contentUrl":"https:\/\/secure.gravatar.com\/avatar\/081cfb6cf99faddc6f4e23a0c11ab98c5cf302925382d1c88dc3ed757ab910a3?s=96&d=mm&r=g","caption":"EL GLOBAL"},"description":"El Global Informativo es un peri\u00f3dico digital de Rep\u00fablica Dominicana que se dedica a cubrir temas importantes, como la pol\u00edtica local, geopol\u00edtica, econom\u00eda, tecnolog\u00eda, noticias internacionales y eventos relacionados con la gesti\u00f3n social, cultural y humana. Su objetivo principal es mantener a la poblaci\u00f3n informada, ofreciendo una visi\u00f3n amplia y actualizada de lo que sucede tanto en el pa\u00eds como en el mundo. Est\u00e1 dirigido por un grupo de periodistas experimentados, lo que garantiza la calidad y la precisi\u00f3n de la informaci\u00f3n que ofrecen. Tiene su sede en la ciudad de Santo Domingo y es parte integral del portafolio de la empresa, MC Global S.R.L.","sameAs":["https:\/\/elglobal.do","https:\/\/www.instagram.com\/elglobal.do_informativo\/"],"url":"https:\/\/elglobal.do\/index.php\/author\/elglobaluserpro\/"}]}},"jetpack_featured_media_url":"https:\/\/elglobal.do\/wp-content\/uploads\/2025\/08\/Ricardo-de-los-Santos.webp","jetpack_sharing_enabled":true,"_links":{"self":[{"href":"https:\/\/elglobal.do\/index.php\/wp-json\/wp\/v2\/posts\/1273","targetHints":{"allow":["GET"]}}],"collection":[{"href":"https:\/\/elglobal.do\/index.php\/wp-json\/wp\/v2\/posts"}],"about":[{"href":"https:\/\/elglobal.do\/index.php\/wp-json\/wp\/v2\/types\/post"}],"author":[{"embeddable":true,"href":"https:\/\/elglobal.do\/index.php\/wp-json\/wp\/v2\/users\/1"}],"replies":[{"embeddable":true,"href":"https:\/\/elglobal.do\/index.php\/wp-json\/wp\/v2\/comments?post=1273"}],"version-history":[{"count":1,"href":"https:\/\/elglobal.do\/index.php\/wp-json\/wp\/v2\/posts\/1273\/revisions"}],"predecessor-version":[{"id":1276,"href":"https:\/\/elglobal.do\/index.php\/wp-json\/wp\/v2\/posts\/1273\/revisions\/1276"}],"wp:featuredmedia":[{"embeddable":true,"href":"https:\/\/elglobal.do\/index.php\/wp-json\/wp\/v2\/media\/1274"}],"wp:attachment":[{"href":"https:\/\/elglobal.do\/index.php\/wp-json\/wp\/v2\/media?parent=1273"}],"wp:term":[{"taxonomy":"category","embeddable":true,"href":"https:\/\/elglobal.do\/index.php\/wp-json\/wp\/v2\/categories?post=1273"},{"taxonomy":"post_tag","embeddable":true,"href":"https:\/\/elglobal.do\/index.php\/wp-json\/wp\/v2\/tags?post=1273"}],"curies":[{"name":"wp","href":"https:\/\/api.w.org\/{rel}","templated":true}]}}