{"id":1277,"date":"2025-08-16T22:03:24","date_gmt":"2025-08-17T02:03:24","guid":{"rendered":"https:\/\/elglobal.do\/?p=1277"},"modified":"2025-08-16T22:03:27","modified_gmt":"2025-08-17T02:03:27","slug":"presidente-del-instituto-duartiano-destaca-trascendencia-de-la-gesta-restauradora","status":"publish","type":"post","link":"https:\/\/elglobal.do\/index.php\/2025\/08\/16\/presidente-del-instituto-duartiano-destaca-trascendencia-de-la-gesta-restauradora\/","title":{"rendered":"Presidente del Instituto Duartiano destaca trascendencia de la gesta restauradora"},"content":{"rendered":"\n<p><em>El acto conmemorativo del 162 aniversario estuvo marcado por el firme reclamo hist\u00f3rico para que sean exhumadas las cenizas de Pedro Santana del Pante\u00f3n Nacional y devueltas a El Seibo<\/em><\/p>\n\n\n\n<figure class=\"wp-block-image size-large\"><img loading=\"lazy\" decoding=\"async\" width=\"1024\" height=\"682\" src=\"https:\/\/elglobal.do\/wp-content\/uploads\/2025\/08\/Ofrenda-1024x682.jpeg\" alt=\"\" class=\"wp-image-1278\" srcset=\"https:\/\/elglobal.do\/wp-content\/uploads\/2025\/08\/Ofrenda-1024x682.jpeg 1024w, https:\/\/elglobal.do\/wp-content\/uploads\/2025\/08\/Ofrenda-300x200.jpeg 300w, https:\/\/elglobal.do\/wp-content\/uploads\/2025\/08\/Ofrenda-768x512.jpeg 768w, https:\/\/elglobal.do\/wp-content\/uploads\/2025\/08\/Ofrenda.jpeg 1280w\" sizes=\"auto, (max-width: 1024px) 100vw, 1024px\" \/><figcaption class=\"wp-element-caption\"><em>Detr\u00e1s de la guardia de honor, Wilson G\u00f3mez Ram\u00edrez, presidente del Instituto Duartiano; Jacinto Pichardo, vicepresidente y Rafaela Mesa, secretaria general<\/em><\/figcaption><\/figure>\n\n\n\n<p><strong>Santo Domingo. &#8211; <\/strong>En una jornada que conmemor\u00f3 el 162 aniversario de la Guerra de la Restauraci\u00f3n de la Independencia Nacional, el presidente del Instituto Duartiano, doctor Wilson G\u00f3mez Ram\u00edrez, reiter\u00f3 de nuevo hoy su en\u00e9rgico llamado al Poder Ejecutivo y al Congreso Nacional para que sientan la base jur\u00eddica para que cese la presencia de los restos de Pedro Santana en el Pante\u00f3n Nacional.<\/p>\n\n\n\n<p>G\u00f3mez Ram\u00edrez insisti\u00f3, como en otros momentos, en la exhumaci\u00f3n de las cenizas del tirano Santana, argumentando que su presencia deshonra el sagrado recinto y constituye una grave irreverencia a las venerables cenizas de los h\u00e9roes, hero\u00ednas y m\u00e1rtires de nuestra naci\u00f3n que all\u00ed reposan.<\/p>\n\n\n\n<p>El doctor G\u00f3mez Ram\u00edrez, al encabezar la ofrenda floral conmemorativa en el Pante\u00f3n de la Patria, ubicado en la calle Las Damas de la Ciudad Colonial, fue categ\u00f3rico al afirmar que este espacio, de car\u00e1cter religioso y patri\u00f3tico, le resulta \u00ababsolutamente ajeno a Santana\u00bb.<\/p>\n\n\n\n<p>El presidente del Instituto Duartiano enfatiz\u00f3 que la <strong>\u00abtraici\u00f3n santanista\u00bb<\/strong>,  <strong>\u00ab<\/strong>marcada por numerosos cr\u00edmenes, abusivas e injustas ejecuciones, atropellos y desmanes\u00bb, justifica plenamente la remoci\u00f3n de sus cenizas de este lugar reservado exclusivamente para aquellos dominicanos que defendieron consistentemente la soberan\u00eda, la independencia y las libertades de nuestro pa\u00eds.<\/p>\n\n\n\n<p>\u00abYa es hora de retornar los restos de Pedro Santana a la fosa de la parroquia Santa Cruz de El Seibo, de donde fueron desenterrados en 1978\u00bb, proclam\u00f3 G\u00f3mez Ram\u00edrez. La ceremonia de ofrenda floral, que incluy\u00f3 un solemne desfile de directivos y miembros de la entidad patri\u00f3tica, as\u00ed como la acostumbrada reverencia por parte de miembros de las Fuerzas Armadas y el mensaje y firma del libro de honor.<\/p>\n\n\n\n<p>La comitiva duartiana se concentr\u00f3 en torno a la llama motiva donde hizo uso de la palabra el presidente del organismo, Wilson G\u00f3mez luego desfil\u00f3 hasta donde arde la llama votiva, en la parte central del pante\u00f3n de la patria, culminando con la firma del libro de honor.<\/p>\n\n\n\n<p>El presidente del Instituto Duartiano subray\u00f3 que el acto de hoy rinde homenaje a los <strong>\u00abdominicanos de gloria\u00bb<\/strong>, aquellos que asumieron con determinaci\u00f3n y coraje la defensa de nuestra Independencia Nacional, la cual fue <strong>\u00abarrebatada de manera inconsulta por el nefasto general Pedro Santana\u00bb<\/strong>.<\/p>\n\n\n\n<p><strong>G\u00f3mez Ram\u00edrez<\/strong> exhort\u00f3 a las generaciones presentes a \u201csentir sano orgullo de nuestra nacionalidad, la cual se ha fraguado en el marco de intensas luchas contra fuerzas extra\u00f1as que han pretendido apropiarse de nuestro territorio\u201d.<\/p>\n\n\n\n<p>Finalmente afirm\u00f3 que <strong>\u201cel hecho de anexar nuestro territorio a Espa\u00f1a en 1861, convirti\u00e9ndonos de Estado en una provincia ultramar, perpetrado por Santana, qued\u00f3 tipificado como un crimen de lesa patria\u201d.<\/strong><\/p>\n\n\n\n<p><\/p>\n","protected":false},"excerpt":{"rendered":"<p>El acto conmemorativo del 162 aniversario estuvo marcado por el firme reclamo hist\u00f3rico para que sean exhumadas las cenizas de Pedro Santana del Pante\u00f3n Nacional y devueltas a El Seibo&hellip; <\/p>\n","protected":false},"author":1,"featured_media":1279,"comment_status":"open","ping_status":"open","sticky":false,"template":"","format":"standard","meta":{"_jetpack_memberships_contains_paid_content":false,"footnotes":""},"categories":[40],"tags":[605,98,246,604,258],"class_list":["post-1277","post","type-post","status-publish","format-standard","has-post-thumbnail","hentry","category-nacionales","tag-162aniversario","tag-elglobalinformativo","tag-elpais","tag-gestarestauradora","tag-institutoduartiano"],"yoast_head":"<!-- This site is optimized with the Yoast SEO plugin v26.9 - https:\/\/yoast.com\/product\/yoast-seo-wordpress\/ -->\n<title>Presidente del Instituto Duartiano destaca trascendencia de la gesta restauradora - EL GLOBAL INFORMATIVO<\/title>\n<meta name=\"robots\" content=\"index, follow, max-snippet:-1, max-image-preview:large, max-video-preview:-1\" \/>\n<link rel=\"canonical\" href=\"https:\/\/elglobal.do\/index.php\/2025\/08\/16\/presidente-del-instituto-duartiano-destaca-trascendencia-de-la-gesta-restauradora\/\" \/>\n<meta property=\"og:locale\" content=\"es_ES\" \/>\n<meta property=\"og:type\" content=\"article\" \/>\n<meta property=\"og:title\" content=\"Presidente del Instituto Duartiano destaca trascendencia de la gesta restauradora - EL GLOBAL INFORMATIVO\" \/>\n<meta property=\"og:description\" content=\"El acto conmemorativo del 162 aniversario estuvo marcado por el firme reclamo hist\u00f3rico para que sean exhumadas las cenizas de Pedro Santana del Pante\u00f3n Nacional y devueltas a El Seibo&hellip;\" \/>\n<meta property=\"og:url\" content=\"https:\/\/elglobal.do\/index.php\/2025\/08\/16\/presidente-del-instituto-duartiano-destaca-trascendencia-de-la-gesta-restauradora\/\" \/>\n<meta property=\"og:site_name\" content=\"EL GLOBAL INFORMATIVO\" \/>\n<meta property=\"article:published_time\" content=\"2025-08-17T02:03:24+00:00\" \/>\n<meta property=\"article:modified_time\" content=\"2025-08-17T02:03:27+00:00\" \/>\n<meta property=\"og:image\" content=\"https:\/\/elglobal.do\/wp-content\/uploads\/2025\/08\/Duartiano.jpeg\" \/>\n\t<meta property=\"og:image:width\" content=\"1280\" \/>\n\t<meta property=\"og:image:height\" content=\"853\" \/>\n\t<meta property=\"og:image:type\" content=\"image\/jpeg\" \/>\n<meta name=\"author\" content=\"EL GLOBAL\" \/>\n<meta name=\"twitter:card\" content=\"summary_large_image\" \/>\n<meta name=\"twitter:label1\" content=\"Escrito por\" \/>\n\t<meta name=\"twitter:data1\" content=\"EL GLOBAL\" \/>\n\t<meta name=\"twitter:label2\" content=\"Tiempo de lectura\" \/>\n\t<meta name=\"twitter:data2\" content=\"3 minutos\" \/>\n<script type=\"application\/ld+json\" class=\"yoast-schema-graph\">{\"@context\":\"https:\/\/schema.org\",\"@graph\":[{\"@type\":\"Article\",\"@id\":\"https:\/\/elglobal.do\/index.php\/2025\/08\/16\/presidente-del-instituto-duartiano-destaca-trascendencia-de-la-gesta-restauradora\/#article\",\"isPartOf\":{\"@id\":\"https:\/\/elglobal.do\/index.php\/2025\/08\/16\/presidente-del-instituto-duartiano-destaca-trascendencia-de-la-gesta-restauradora\/\"},\"author\":{\"name\":\"EL GLOBAL\",\"@id\":\"https:\/\/elglobal.do\/#\/schema\/person\/0c97ec2c7714fb605d230c292f64d55f\"},\"headline\":\"Presidente del Instituto Duartiano destaca trascendencia de la gesta restauradora\",\"datePublished\":\"2025-08-17T02:03:24+00:00\",\"dateModified\":\"2025-08-17T02:03:27+00:00\",\"mainEntityOfPage\":{\"@id\":\"https:\/\/elglobal.do\/index.php\/2025\/08\/16\/presidente-del-instituto-duartiano-destaca-trascendencia-de-la-gesta-restauradora\/\"},\"wordCount\":528,\"commentCount\":0,\"publisher\":{\"@id\":\"https:\/\/elglobal.do\/#organization\"},\"image\":{\"@id\":\"https:\/\/elglobal.do\/index.php\/2025\/08\/16\/presidente-del-instituto-duartiano-destaca-trascendencia-de-la-gesta-restauradora\/#primaryimage\"},\"thumbnailUrl\":\"https:\/\/elglobal.do\/wp-content\/uploads\/2025\/08\/Duartiano.jpeg\",\"keywords\":[\"#162aniversario\",\"#ElGlobalInformativo\",\"#ElPa\u00eds\",\"#gestarestauradora\",\"#InstitutoDuartiano\"],\"articleSection\":[\"NACIONALES\"],\"inLanguage\":\"es\",\"potentialAction\":[{\"@type\":\"CommentAction\",\"name\":\"Comment\",\"target\":[\"https:\/\/elglobal.do\/index.php\/2025\/08\/16\/presidente-del-instituto-duartiano-destaca-trascendencia-de-la-gesta-restauradora\/#respond\"]}]},{\"@type\":\"WebPage\",\"@id\":\"https:\/\/elglobal.do\/index.php\/2025\/08\/16\/presidente-del-instituto-duartiano-destaca-trascendencia-de-la-gesta-restauradora\/\",\"url\":\"https:\/\/elglobal.do\/index.php\/2025\/08\/16\/presidente-del-instituto-duartiano-destaca-trascendencia-de-la-gesta-restauradora\/\",\"name\":\"Presidente del Instituto Duartiano destaca trascendencia de la gesta restauradora - EL GLOBAL INFORMATIVO\",\"isPartOf\":{\"@id\":\"https:\/\/elglobal.do\/#website\"},\"primaryImageOfPage\":{\"@id\":\"https:\/\/elglobal.do\/index.php\/2025\/08\/16\/presidente-del-instituto-duartiano-destaca-trascendencia-de-la-gesta-restauradora\/#primaryimage\"},\"image\":{\"@id\":\"https:\/\/elglobal.do\/index.php\/2025\/08\/16\/presidente-del-instituto-duartiano-destaca-trascendencia-de-la-gesta-restauradora\/#primaryimage\"},\"thumbnailUrl\":\"https:\/\/elglobal.do\/wp-content\/uploads\/2025\/08\/Duartiano.jpeg\",\"datePublished\":\"2025-08-17T02:03:24+00:00\",\"dateModified\":\"2025-08-17T02:03:27+00:00\",\"breadcrumb\":{\"@id\":\"https:\/\/elglobal.do\/index.php\/2025\/08\/16\/presidente-del-instituto-duartiano-destaca-trascendencia-de-la-gesta-restauradora\/#breadcrumb\"},\"inLanguage\":\"es\",\"potentialAction\":[{\"@type\":\"ReadAction\",\"target\":[\"https:\/\/elglobal.do\/index.php\/2025\/08\/16\/presidente-del-instituto-duartiano-destaca-trascendencia-de-la-gesta-restauradora\/\"]}]},{\"@type\":\"ImageObject\",\"inLanguage\":\"es\",\"@id\":\"https:\/\/elglobal.do\/index.php\/2025\/08\/16\/presidente-del-instituto-duartiano-destaca-trascendencia-de-la-gesta-restauradora\/#primaryimage\",\"url\":\"https:\/\/elglobal.do\/wp-content\/uploads\/2025\/08\/Duartiano.jpeg\",\"contentUrl\":\"https:\/\/elglobal.do\/wp-content\/uploads\/2025\/08\/Duartiano.jpeg\",\"width\":1280,\"height\":853},{\"@type\":\"BreadcrumbList\",\"@id\":\"https:\/\/elglobal.do\/index.php\/2025\/08\/16\/presidente-del-instituto-duartiano-destaca-trascendencia-de-la-gesta-restauradora\/#breadcrumb\",\"itemListElement\":[{\"@type\":\"ListItem\",\"position\":1,\"name\":\"Portada\",\"item\":\"https:\/\/elglobal.do\/\"},{\"@type\":\"ListItem\",\"position\":2,\"name\":\"Presidente del Instituto Duartiano destaca trascendencia de la gesta restauradora\"}]},{\"@type\":\"WebSite\",\"@id\":\"https:\/\/elglobal.do\/#website\",\"url\":\"https:\/\/elglobal.do\/\",\"name\":\"EL GLOBAL INFORMATIVO\",\"description\":\"Peri\u00f3dico digital de la Rep\u00fablica Dominicana que ofrece noticias, novedades, pol\u00edtica y las \u00faltimas actualidades, con informaci\u00f3n veraz y oportuna para mantenerte siempre informad\",\"publisher\":{\"@id\":\"https:\/\/elglobal.do\/#organization\"},\"potentialAction\":[{\"@type\":\"SearchAction\",\"target\":{\"@type\":\"EntryPoint\",\"urlTemplate\":\"https:\/\/elglobal.do\/?s={search_term_string}\"},\"query-input\":{\"@type\":\"PropertyValueSpecification\",\"valueRequired\":true,\"valueName\":\"search_term_string\"}}],\"inLanguage\":\"es\"},{\"@type\":\"Organization\",\"@id\":\"https:\/\/elglobal.do\/#organization\",\"name\":\"EL GLOBAL.DO INFORMATIVO\",\"url\":\"https:\/\/elglobal.do\/\",\"logo\":{\"@type\":\"ImageObject\",\"inLanguage\":\"es\",\"@id\":\"https:\/\/elglobal.do\/#\/schema\/logo\/image\/\",\"url\":\"https:\/\/elglobal.do\/wp-content\/uploads\/2025\/08\/icon.png\",\"contentUrl\":\"https:\/\/elglobal.do\/wp-content\/uploads\/2025\/08\/icon.png\",\"width\":512,\"height\":512,\"caption\":\"EL GLOBAL.DO INFORMATIVO\"},\"image\":{\"@id\":\"https:\/\/elglobal.do\/#\/schema\/logo\/image\/\"}},{\"@type\":\"Person\",\"@id\":\"https:\/\/elglobal.do\/#\/schema\/person\/0c97ec2c7714fb605d230c292f64d55f\",\"name\":\"EL GLOBAL\",\"image\":{\"@type\":\"ImageObject\",\"inLanguage\":\"es\",\"@id\":\"https:\/\/elglobal.do\/#\/schema\/person\/image\/\",\"url\":\"https:\/\/secure.gravatar.com\/avatar\/081cfb6cf99faddc6f4e23a0c11ab98c5cf302925382d1c88dc3ed757ab910a3?s=96&d=mm&r=g\",\"contentUrl\":\"https:\/\/secure.gravatar.com\/avatar\/081cfb6cf99faddc6f4e23a0c11ab98c5cf302925382d1c88dc3ed757ab910a3?s=96&d=mm&r=g\",\"caption\":\"EL GLOBAL\"},\"description\":\"El Global Informativo es un peri\u00f3dico digital de Rep\u00fablica Dominicana que se dedica a cubrir temas importantes, como la pol\u00edtica local, geopol\u00edtica, econom\u00eda, tecnolog\u00eda, noticias internacionales y eventos relacionados con la gesti\u00f3n social, cultural y humana. Su objetivo principal es mantener a la poblaci\u00f3n informada, ofreciendo una visi\u00f3n amplia y actualizada de lo que sucede tanto en el pa\u00eds como en el mundo. Est\u00e1 dirigido por un grupo de periodistas experimentados, lo que garantiza la calidad y la precisi\u00f3n de la informaci\u00f3n que ofrecen. Tiene su sede en la ciudad de Santo Domingo y es parte integral del portafolio de la empresa, MC Global S.R.L.\",\"sameAs\":[\"https:\/\/elglobal.do\",\"https:\/\/www.instagram.com\/elglobal.do_informativo\/\"],\"url\":\"https:\/\/elglobal.do\/index.php\/author\/elglobaluserpro\/\"}]}<\/script>\n<!-- \/ Yoast SEO plugin. -->","yoast_head_json":{"title":"Presidente del Instituto Duartiano destaca trascendencia de la gesta restauradora - EL GLOBAL INFORMATIVO","robots":{"index":"index","follow":"follow","max-snippet":"max-snippet:-1","max-image-preview":"max-image-preview:large","max-video-preview":"max-video-preview:-1"},"canonical":"https:\/\/elglobal.do\/index.php\/2025\/08\/16\/presidente-del-instituto-duartiano-destaca-trascendencia-de-la-gesta-restauradora\/","og_locale":"es_ES","og_type":"article","og_title":"Presidente del Instituto Duartiano destaca trascendencia de la gesta restauradora - EL GLOBAL INFORMATIVO","og_description":"El acto conmemorativo del 162 aniversario estuvo marcado por el firme reclamo hist\u00f3rico para que sean exhumadas las cenizas de Pedro Santana del Pante\u00f3n Nacional y devueltas a El Seibo&hellip;","og_url":"https:\/\/elglobal.do\/index.php\/2025\/08\/16\/presidente-del-instituto-duartiano-destaca-trascendencia-de-la-gesta-restauradora\/","og_site_name":"EL GLOBAL INFORMATIVO","article_published_time":"2025-08-17T02:03:24+00:00","article_modified_time":"2025-08-17T02:03:27+00:00","og_image":[{"width":1280,"height":853,"url":"https:\/\/elglobal.do\/wp-content\/uploads\/2025\/08\/Duartiano.jpeg","type":"image\/jpeg"}],"author":"EL GLOBAL","twitter_card":"summary_large_image","twitter_misc":{"Escrito por":"EL GLOBAL","Tiempo de lectura":"3 minutos"},"schema":{"@context":"https:\/\/schema.org","@graph":[{"@type":"Article","@id":"https:\/\/elglobal.do\/index.php\/2025\/08\/16\/presidente-del-instituto-duartiano-destaca-trascendencia-de-la-gesta-restauradora\/#article","isPartOf":{"@id":"https:\/\/elglobal.do\/index.php\/2025\/08\/16\/presidente-del-instituto-duartiano-destaca-trascendencia-de-la-gesta-restauradora\/"},"author":{"name":"EL GLOBAL","@id":"https:\/\/elglobal.do\/#\/schema\/person\/0c97ec2c7714fb605d230c292f64d55f"},"headline":"Presidente del Instituto Duartiano destaca trascendencia de la gesta restauradora","datePublished":"2025-08-17T02:03:24+00:00","dateModified":"2025-08-17T02:03:27+00:00","mainEntityOfPage":{"@id":"https:\/\/elglobal.do\/index.php\/2025\/08\/16\/presidente-del-instituto-duartiano-destaca-trascendencia-de-la-gesta-restauradora\/"},"wordCount":528,"commentCount":0,"publisher":{"@id":"https:\/\/elglobal.do\/#organization"},"image":{"@id":"https:\/\/elglobal.do\/index.php\/2025\/08\/16\/presidente-del-instituto-duartiano-destaca-trascendencia-de-la-gesta-restauradora\/#primaryimage"},"thumbnailUrl":"https:\/\/elglobal.do\/wp-content\/uploads\/2025\/08\/Duartiano.jpeg","keywords":["#162aniversario","#ElGlobalInformativo","#ElPa\u00eds","#gestarestauradora","#InstitutoDuartiano"],"articleSection":["NACIONALES"],"inLanguage":"es","potentialAction":[{"@type":"CommentAction","name":"Comment","target":["https:\/\/elglobal.do\/index.php\/2025\/08\/16\/presidente-del-instituto-duartiano-destaca-trascendencia-de-la-gesta-restauradora\/#respond"]}]},{"@type":"WebPage","@id":"https:\/\/elglobal.do\/index.php\/2025\/08\/16\/presidente-del-instituto-duartiano-destaca-trascendencia-de-la-gesta-restauradora\/","url":"https:\/\/elglobal.do\/index.php\/2025\/08\/16\/presidente-del-instituto-duartiano-destaca-trascendencia-de-la-gesta-restauradora\/","name":"Presidente del Instituto Duartiano destaca trascendencia de la gesta restauradora - EL GLOBAL INFORMATIVO","isPartOf":{"@id":"https:\/\/elglobal.do\/#website"},"primaryImageOfPage":{"@id":"https:\/\/elglobal.do\/index.php\/2025\/08\/16\/presidente-del-instituto-duartiano-destaca-trascendencia-de-la-gesta-restauradora\/#primaryimage"},"image":{"@id":"https:\/\/elglobal.do\/index.php\/2025\/08\/16\/presidente-del-instituto-duartiano-destaca-trascendencia-de-la-gesta-restauradora\/#primaryimage"},"thumbnailUrl":"https:\/\/elglobal.do\/wp-content\/uploads\/2025\/08\/Duartiano.jpeg","datePublished":"2025-08-17T02:03:24+00:00","dateModified":"2025-08-17T02:03:27+00:00","breadcrumb":{"@id":"https:\/\/elglobal.do\/index.php\/2025\/08\/16\/presidente-del-instituto-duartiano-destaca-trascendencia-de-la-gesta-restauradora\/#breadcrumb"},"inLanguage":"es","potentialAction":[{"@type":"ReadAction","target":["https:\/\/elglobal.do\/index.php\/2025\/08\/16\/presidente-del-instituto-duartiano-destaca-trascendencia-de-la-gesta-restauradora\/"]}]},{"@type":"ImageObject","inLanguage":"es","@id":"https:\/\/elglobal.do\/index.php\/2025\/08\/16\/presidente-del-instituto-duartiano-destaca-trascendencia-de-la-gesta-restauradora\/#primaryimage","url":"https:\/\/elglobal.do\/wp-content\/uploads\/2025\/08\/Duartiano.jpeg","contentUrl":"https:\/\/elglobal.do\/wp-content\/uploads\/2025\/08\/Duartiano.jpeg","width":1280,"height":853},{"@type":"BreadcrumbList","@id":"https:\/\/elglobal.do\/index.php\/2025\/08\/16\/presidente-del-instituto-duartiano-destaca-trascendencia-de-la-gesta-restauradora\/#breadcrumb","itemListElement":[{"@type":"ListItem","position":1,"name":"Portada","item":"https:\/\/elglobal.do\/"},{"@type":"ListItem","position":2,"name":"Presidente del Instituto Duartiano destaca trascendencia de la gesta restauradora"}]},{"@type":"WebSite","@id":"https:\/\/elglobal.do\/#website","url":"https:\/\/elglobal.do\/","name":"EL GLOBAL INFORMATIVO","description":"Peri\u00f3dico digital de la Rep\u00fablica Dominicana que ofrece noticias, novedades, pol\u00edtica y las \u00faltimas actualidades, con informaci\u00f3n veraz y oportuna para mantenerte siempre informad","publisher":{"@id":"https:\/\/elglobal.do\/#organization"},"potentialAction":[{"@type":"SearchAction","target":{"@type":"EntryPoint","urlTemplate":"https:\/\/elglobal.do\/?s={search_term_string}"},"query-input":{"@type":"PropertyValueSpecification","valueRequired":true,"valueName":"search_term_string"}}],"inLanguage":"es"},{"@type":"Organization","@id":"https:\/\/elglobal.do\/#organization","name":"EL GLOBAL.DO INFORMATIVO","url":"https:\/\/elglobal.do\/","logo":{"@type":"ImageObject","inLanguage":"es","@id":"https:\/\/elglobal.do\/#\/schema\/logo\/image\/","url":"https:\/\/elglobal.do\/wp-content\/uploads\/2025\/08\/icon.png","contentUrl":"https:\/\/elglobal.do\/wp-content\/uploads\/2025\/08\/icon.png","width":512,"height":512,"caption":"EL GLOBAL.DO INFORMATIVO"},"image":{"@id":"https:\/\/elglobal.do\/#\/schema\/logo\/image\/"}},{"@type":"Person","@id":"https:\/\/elglobal.do\/#\/schema\/person\/0c97ec2c7714fb605d230c292f64d55f","name":"EL GLOBAL","image":{"@type":"ImageObject","inLanguage":"es","@id":"https:\/\/elglobal.do\/#\/schema\/person\/image\/","url":"https:\/\/secure.gravatar.com\/avatar\/081cfb6cf99faddc6f4e23a0c11ab98c5cf302925382d1c88dc3ed757ab910a3?s=96&d=mm&r=g","contentUrl":"https:\/\/secure.gravatar.com\/avatar\/081cfb6cf99faddc6f4e23a0c11ab98c5cf302925382d1c88dc3ed757ab910a3?s=96&d=mm&r=g","caption":"EL GLOBAL"},"description":"El Global Informativo es un peri\u00f3dico digital de Rep\u00fablica Dominicana que se dedica a cubrir temas importantes, como la pol\u00edtica local, geopol\u00edtica, econom\u00eda, tecnolog\u00eda, noticias internacionales y eventos relacionados con la gesti\u00f3n social, cultural y humana. Su objetivo principal es mantener a la poblaci\u00f3n informada, ofreciendo una visi\u00f3n amplia y actualizada de lo que sucede tanto en el pa\u00eds como en el mundo. Est\u00e1 dirigido por un grupo de periodistas experimentados, lo que garantiza la calidad y la precisi\u00f3n de la informaci\u00f3n que ofrecen. Tiene su sede en la ciudad de Santo Domingo y es parte integral del portafolio de la empresa, MC Global S.R.L.","sameAs":["https:\/\/elglobal.do","https:\/\/www.instagram.com\/elglobal.do_informativo\/"],"url":"https:\/\/elglobal.do\/index.php\/author\/elglobaluserpro\/"}]}},"jetpack_featured_media_url":"https:\/\/elglobal.do\/wp-content\/uploads\/2025\/08\/Duartiano.jpeg","jetpack_sharing_enabled":true,"_links":{"self":[{"href":"https:\/\/elglobal.do\/index.php\/wp-json\/wp\/v2\/posts\/1277","targetHints":{"allow":["GET"]}}],"collection":[{"href":"https:\/\/elglobal.do\/index.php\/wp-json\/wp\/v2\/posts"}],"about":[{"href":"https:\/\/elglobal.do\/index.php\/wp-json\/wp\/v2\/types\/post"}],"author":[{"embeddable":true,"href":"https:\/\/elglobal.do\/index.php\/wp-json\/wp\/v2\/users\/1"}],"replies":[{"embeddable":true,"href":"https:\/\/elglobal.do\/index.php\/wp-json\/wp\/v2\/comments?post=1277"}],"version-history":[{"count":1,"href":"https:\/\/elglobal.do\/index.php\/wp-json\/wp\/v2\/posts\/1277\/revisions"}],"predecessor-version":[{"id":1280,"href":"https:\/\/elglobal.do\/index.php\/wp-json\/wp\/v2\/posts\/1277\/revisions\/1280"}],"wp:featuredmedia":[{"embeddable":true,"href":"https:\/\/elglobal.do\/index.php\/wp-json\/wp\/v2\/media\/1279"}],"wp:attachment":[{"href":"https:\/\/elglobal.do\/index.php\/wp-json\/wp\/v2\/media?parent=1277"}],"wp:term":[{"taxonomy":"category","embeddable":true,"href":"https:\/\/elglobal.do\/index.php\/wp-json\/wp\/v2\/categories?post=1277"},{"taxonomy":"post_tag","embeddable":true,"href":"https:\/\/elglobal.do\/index.php\/wp-json\/wp\/v2\/tags?post=1277"}],"curies":[{"name":"wp","href":"https:\/\/api.w.org\/{rel}","templated":true}]}}