{"id":1323,"date":"2025-08-18T07:02:52","date_gmt":"2025-08-18T11:02:52","guid":{"rendered":"https:\/\/elglobal.do\/?p=1323"},"modified":"2025-08-18T17:46:57","modified_gmt":"2025-08-18T21:46:57","slug":"perspectiva-del-dr-trajano-potentini-ante-el-nuevo-codigo-penal","status":"publish","type":"post","link":"https:\/\/elglobal.do\/index.php\/2025\/08\/18\/perspectiva-del-dr-trajano-potentini-ante-el-nuevo-codigo-penal\/","title":{"rendered":"Perspectiva del Dr. Trajano Potentini ante el nuevo C\u00f3digo Penal"},"content":{"rendered":"\n<p><em>Un Avance Jur\u00eddico para la Rep\u00fablica Dominicana<\/em><\/p>\n\n\n\n<figure class=\"wp-block-image size-full is-resized\"><img loading=\"lazy\" decoding=\"async\" width=\"400\" height=\"400\" src=\"https:\/\/elglobal.do\/wp-content\/uploads\/2025\/08\/Trajano.jpg\" alt=\"\" class=\"wp-image-1324\" style=\"width:428px;height:auto\" srcset=\"https:\/\/elglobal.do\/wp-content\/uploads\/2025\/08\/Trajano.jpg 400w, https:\/\/elglobal.do\/wp-content\/uploads\/2025\/08\/Trajano-300x300.jpg 300w, https:\/\/elglobal.do\/wp-content\/uploads\/2025\/08\/Trajano-150x150.jpg 150w\" sizes=\"auto, (max-width: 400px) 100vw, 400px\" \/><figcaption class=\"wp-element-caption\"><em>Trajano Potentini, presidente del CARD<\/em><\/figcaption><\/figure>\n\n\n\n<p><strong>Articulo.-<\/strong>La Rep\u00fablica Dominicana ha dado un paso fundamental en la modernizaci\u00f3n de su sistema de justicia penal con la aprobaci\u00f3n de <strong>la Ley 74-2025 sobre el nuevo C\u00f3digo Penal<\/strong>. Esta legislaci\u00f3n, que introduce importantes modificaciones y tipifica nuevas conductas delictivas. Representa un hito que marca un antes y un despu\u00e9s en la lucha contra la criminalidad.<\/p>\n\n\n\n<p>Recientemente, en un panel de expertos que abord\u00f3 la relevancia de esta nueva ley, donde <strong>la figura del togado Trajano Potentini fue central<\/strong> bajo su rol de <strong>presidente del Colegio de Abogados de la Rep\u00fablica Dominicana (CARD)<\/strong>. El jurista no solo demostr\u00f3 un profundo conocimiento de la materia, sino que tambi\u00e9n articul\u00f3 con claridad la importancia de esta normativa para el gremio y para la sociedad en general.<\/p>\n\n\n\n<p><strong>La necesidad de una legislaci\u00f3n actualizada<\/strong><\/p>\n\n\n\n<p>El antiguo C\u00f3digo Penal, aunque sirvi\u00f3 a su prop\u00f3sito durante d\u00e9cadas, se hab\u00eda vuelto obsoleto frente a los nuevos desaf\u00edos criminales. La globalizaci\u00f3n, el avance tecnol\u00f3gico y la complejidad de las redes delictivas hab\u00edan creado un vac\u00edo legal que permit\u00eda que ciertos cr\u00edmenes quedaran impunes. <strong>La Ley 74-2025<\/strong> viene a llenar ese vac\u00edo, incorporando sanciones para tipos penales que antes no estaban contemplados, como la ciberdelincuencia, el tr\u00e1fico de datos personales y diversas formas de corrupci\u00f3n que hab\u00edan evolucionado con el tiempo.<\/p>\n\n\n\n<p><strong>El Dr. Potentini<\/strong>, en su intervenci\u00f3n, destac\u00f3 c\u00f3mo esta ley no es solo una reforma, sino una actualizaci\u00f3n integral que pone a nuestro pa\u00eds a la vanguardia en materia penal. Subray\u00f3 que el nuevo c\u00f3digo penal no solo endurece las penas para delitos graves, sino que tambi\u00e9n introduce mecanismos m\u00e1s eficientes para la investigaci\u00f3n y persecuci\u00f3n de los mismos, lo cual fortalece el Estado de derecho.<\/p>\n\n\n\n<p><strong>Un esfuerzo colectivo: expositores nacionales y extranjeros<\/strong><\/p>\n\n\n\n<p>El panel de expertos cont\u00f3 con la participaci\u00f3n de destacados juristas, tanto nacionales como extranjeros, quienes aportaron una perspectiva invaluable. La discusi\u00f3n se enriqueci\u00f3 con la comparaci\u00f3n de nuestra nueva ley con legislaciones penales de otras jurisdicciones, lo que permiti\u00f3 validar su solidez y pertinencia. Los expositores extranjeros, por ejemplo, resaltaron la inclusi\u00f3n de figuras penales modernas que ya han demostrado su eficacia en otros pa\u00edses, lo que demuestra un cuidadoso trabajo de derecho comparado en la elaboraci\u00f3n de la ley.<\/p>\n\n\n\n<p>Potentini, como anfitri\u00f3n, facilit\u00f3 un di\u00e1logo constructivo y enriquecedor, demostrando su liderazgo al frente del Colegio de Abogados. Su capacidad para unir a expertos de distintas procedencias en un mismo foro para analizar y validar esta importante normativa, refleja su compromiso con la excelencia jur\u00eddica y la formaci\u00f3n continua de los profesionales del derecho.<\/p>\n\n\n\n<p><strong>Conclusi\u00f3n: un futuro m\u00e1s Justo<\/strong><\/p>\n\n\n\n<p>La aprobaci\u00f3n de la <strong>Ley 74-2025<\/strong> es un triunfo para el sistema de justicia dominicano. Con el liderazgo de figuras como <strong>el presidente del CARD<\/strong>, y el apoyo de una comunidad jur\u00eddica cada vez m\u00e1s preparada y consciente de sus responsabilidades, estamos construyendo un futuro m\u00e1s justo y seguro para todos los ciudadanos. Esta ley es una herramienta poderosa que, si se aplica con la debida diligencia y transparencia, permitir\u00e1 enfrentar de manera efectiva los retos de la criminalidad moderna y garantizar que nadie quede por encima de la ley. Es un momento de optimismo y de reafirmaci\u00f3n de nuestra fe en la justicia.<\/p>\n\n\n\n<p>Por: el jurista Julio A. Ledesma<\/p>\n","protected":false},"excerpt":{"rendered":"<p>Un Avance Jur\u00eddico para la Rep\u00fablica Dominicana Articulo.-La Rep\u00fablica Dominicana ha dado un paso fundamental en la modernizaci\u00f3n de su sistema de justicia penal con la aprobaci\u00f3n de la Ley&hellip; <\/p>\n","protected":false},"author":1,"featured_media":1324,"comment_status":"open","ping_status":"open","sticky":false,"template":"","format":"standard","meta":{"_jetpack_memberships_contains_paid_content":false,"footnotes":""},"categories":[330,20],"tags":[628,136,55,98,625,627],"class_list":["post-1323","post","type-post","status-publish","format-standard","has-post-thumbnail","hentry","category-justicia-nacionales","category-opinion","tag-avancejuridico","tag-card","tag-codigopenal","tag-elglobalinformativo","tag-ley74-2025","tag-potentini"],"yoast_head":"<!-- This site is optimized with the Yoast SEO plugin v26.9 - https:\/\/yoast.com\/product\/yoast-seo-wordpress\/ -->\n<title>Perspectiva del Dr. Trajano Potentini ante el nuevo C\u00f3digo Penal - EL GLOBAL INFORMATIVO<\/title>\n<meta name=\"robots\" content=\"index, follow, max-snippet:-1, max-image-preview:large, max-video-preview:-1\" \/>\n<link rel=\"canonical\" href=\"https:\/\/elglobal.do\/index.php\/2025\/08\/18\/perspectiva-del-dr-trajano-potentini-ante-el-nuevo-codigo-penal\/\" \/>\n<meta property=\"og:locale\" content=\"es_ES\" \/>\n<meta property=\"og:type\" content=\"article\" \/>\n<meta property=\"og:title\" content=\"Perspectiva del Dr. Trajano Potentini ante el nuevo C\u00f3digo Penal - EL GLOBAL INFORMATIVO\" \/>\n<meta property=\"og:description\" content=\"Un Avance Jur\u00eddico para la Rep\u00fablica Dominicana Articulo.-La Rep\u00fablica Dominicana ha dado un paso fundamental en la modernizaci\u00f3n de su sistema de justicia penal con la aprobaci\u00f3n de la Ley&hellip;\" \/>\n<meta property=\"og:url\" content=\"https:\/\/elglobal.do\/index.php\/2025\/08\/18\/perspectiva-del-dr-trajano-potentini-ante-el-nuevo-codigo-penal\/\" \/>\n<meta property=\"og:site_name\" content=\"EL GLOBAL INFORMATIVO\" \/>\n<meta property=\"article:published_time\" content=\"2025-08-18T11:02:52+00:00\" \/>\n<meta property=\"article:modified_time\" content=\"2025-08-18T21:46:57+00:00\" \/>\n<meta property=\"og:image\" content=\"https:\/\/elglobal.do\/wp-content\/uploads\/2025\/08\/Trajano.jpg\" \/>\n\t<meta property=\"og:image:width\" content=\"400\" \/>\n\t<meta property=\"og:image:height\" content=\"400\" \/>\n\t<meta property=\"og:image:type\" content=\"image\/jpeg\" \/>\n<meta name=\"author\" content=\"EL GLOBAL\" \/>\n<meta name=\"twitter:card\" content=\"summary_large_image\" \/>\n<meta name=\"twitter:label1\" content=\"Escrito por\" \/>\n\t<meta name=\"twitter:data1\" content=\"EL GLOBAL\" \/>\n\t<meta name=\"twitter:label2\" content=\"Tiempo de lectura\" \/>\n\t<meta name=\"twitter:data2\" content=\"3 minutos\" \/>\n<script type=\"application\/ld+json\" class=\"yoast-schema-graph\">{\"@context\":\"https:\/\/schema.org\",\"@graph\":[{\"@type\":\"Article\",\"@id\":\"https:\/\/elglobal.do\/index.php\/2025\/08\/18\/perspectiva-del-dr-trajano-potentini-ante-el-nuevo-codigo-penal\/#article\",\"isPartOf\":{\"@id\":\"https:\/\/elglobal.do\/index.php\/2025\/08\/18\/perspectiva-del-dr-trajano-potentini-ante-el-nuevo-codigo-penal\/\"},\"author\":{\"name\":\"EL GLOBAL\",\"@id\":\"https:\/\/elglobal.do\/#\/schema\/person\/0c97ec2c7714fb605d230c292f64d55f\"},\"headline\":\"Perspectiva del Dr. Trajano Potentini ante el nuevo C\u00f3digo Penal\",\"datePublished\":\"2025-08-18T11:02:52+00:00\",\"dateModified\":\"2025-08-18T21:46:57+00:00\",\"mainEntityOfPage\":{\"@id\":\"https:\/\/elglobal.do\/index.php\/2025\/08\/18\/perspectiva-del-dr-trajano-potentini-ante-el-nuevo-codigo-penal\/\"},\"wordCount\":611,\"commentCount\":2,\"publisher\":{\"@id\":\"https:\/\/elglobal.do\/#organization\"},\"image\":{\"@id\":\"https:\/\/elglobal.do\/index.php\/2025\/08\/18\/perspectiva-del-dr-trajano-potentini-ante-el-nuevo-codigo-penal\/#primaryimage\"},\"thumbnailUrl\":\"https:\/\/elglobal.do\/wp-content\/uploads\/2025\/08\/Trajano.jpg\",\"keywords\":[\"#AvanceJur\u00eddico\",\"#CARD\",\"#C\u00f3digoPenal\",\"#ElGlobalInformativo\",\"#Ley74-2025\",\"#Potentini\"],\"articleSection\":[\"JUSTICIA\",\"OPINI\u00d3N\"],\"inLanguage\":\"es\",\"potentialAction\":[{\"@type\":\"CommentAction\",\"name\":\"Comment\",\"target\":[\"https:\/\/elglobal.do\/index.php\/2025\/08\/18\/perspectiva-del-dr-trajano-potentini-ante-el-nuevo-codigo-penal\/#respond\"]}]},{\"@type\":\"WebPage\",\"@id\":\"https:\/\/elglobal.do\/index.php\/2025\/08\/18\/perspectiva-del-dr-trajano-potentini-ante-el-nuevo-codigo-penal\/\",\"url\":\"https:\/\/elglobal.do\/index.php\/2025\/08\/18\/perspectiva-del-dr-trajano-potentini-ante-el-nuevo-codigo-penal\/\",\"name\":\"Perspectiva del Dr. Trajano Potentini ante el nuevo C\u00f3digo Penal - EL GLOBAL INFORMATIVO\",\"isPartOf\":{\"@id\":\"https:\/\/elglobal.do\/#website\"},\"primaryImageOfPage\":{\"@id\":\"https:\/\/elglobal.do\/index.php\/2025\/08\/18\/perspectiva-del-dr-trajano-potentini-ante-el-nuevo-codigo-penal\/#primaryimage\"},\"image\":{\"@id\":\"https:\/\/elglobal.do\/index.php\/2025\/08\/18\/perspectiva-del-dr-trajano-potentini-ante-el-nuevo-codigo-penal\/#primaryimage\"},\"thumbnailUrl\":\"https:\/\/elglobal.do\/wp-content\/uploads\/2025\/08\/Trajano.jpg\",\"datePublished\":\"2025-08-18T11:02:52+00:00\",\"dateModified\":\"2025-08-18T21:46:57+00:00\",\"breadcrumb\":{\"@id\":\"https:\/\/elglobal.do\/index.php\/2025\/08\/18\/perspectiva-del-dr-trajano-potentini-ante-el-nuevo-codigo-penal\/#breadcrumb\"},\"inLanguage\":\"es\",\"potentialAction\":[{\"@type\":\"ReadAction\",\"target\":[\"https:\/\/elglobal.do\/index.php\/2025\/08\/18\/perspectiva-del-dr-trajano-potentini-ante-el-nuevo-codigo-penal\/\"]}]},{\"@type\":\"ImageObject\",\"inLanguage\":\"es\",\"@id\":\"https:\/\/elglobal.do\/index.php\/2025\/08\/18\/perspectiva-del-dr-trajano-potentini-ante-el-nuevo-codigo-penal\/#primaryimage\",\"url\":\"https:\/\/elglobal.do\/wp-content\/uploads\/2025\/08\/Trajano.jpg\",\"contentUrl\":\"https:\/\/elglobal.do\/wp-content\/uploads\/2025\/08\/Trajano.jpg\",\"width\":400,\"height\":400},{\"@type\":\"BreadcrumbList\",\"@id\":\"https:\/\/elglobal.do\/index.php\/2025\/08\/18\/perspectiva-del-dr-trajano-potentini-ante-el-nuevo-codigo-penal\/#breadcrumb\",\"itemListElement\":[{\"@type\":\"ListItem\",\"position\":1,\"name\":\"Portada\",\"item\":\"https:\/\/elglobal.do\/\"},{\"@type\":\"ListItem\",\"position\":2,\"name\":\"Perspectiva del Dr. Trajano Potentini ante el nuevo C\u00f3digo Penal\"}]},{\"@type\":\"WebSite\",\"@id\":\"https:\/\/elglobal.do\/#website\",\"url\":\"https:\/\/elglobal.do\/\",\"name\":\"EL GLOBAL INFORMATIVO\",\"description\":\"Peri\u00f3dico digital de la Rep\u00fablica Dominicana que ofrece noticias, novedades, pol\u00edtica y las \u00faltimas actualidades, con informaci\u00f3n veraz y oportuna para mantenerte siempre informad\",\"publisher\":{\"@id\":\"https:\/\/elglobal.do\/#organization\"},\"potentialAction\":[{\"@type\":\"SearchAction\",\"target\":{\"@type\":\"EntryPoint\",\"urlTemplate\":\"https:\/\/elglobal.do\/?s={search_term_string}\"},\"query-input\":{\"@type\":\"PropertyValueSpecification\",\"valueRequired\":true,\"valueName\":\"search_term_string\"}}],\"inLanguage\":\"es\"},{\"@type\":\"Organization\",\"@id\":\"https:\/\/elglobal.do\/#organization\",\"name\":\"EL GLOBAL.DO INFORMATIVO\",\"url\":\"https:\/\/elglobal.do\/\",\"logo\":{\"@type\":\"ImageObject\",\"inLanguage\":\"es\",\"@id\":\"https:\/\/elglobal.do\/#\/schema\/logo\/image\/\",\"url\":\"https:\/\/elglobal.do\/wp-content\/uploads\/2025\/08\/icon.png\",\"contentUrl\":\"https:\/\/elglobal.do\/wp-content\/uploads\/2025\/08\/icon.png\",\"width\":512,\"height\":512,\"caption\":\"EL GLOBAL.DO INFORMATIVO\"},\"image\":{\"@id\":\"https:\/\/elglobal.do\/#\/schema\/logo\/image\/\"}},{\"@type\":\"Person\",\"@id\":\"https:\/\/elglobal.do\/#\/schema\/person\/0c97ec2c7714fb605d230c292f64d55f\",\"name\":\"EL GLOBAL\",\"image\":{\"@type\":\"ImageObject\",\"inLanguage\":\"es\",\"@id\":\"https:\/\/elglobal.do\/#\/schema\/person\/image\/\",\"url\":\"https:\/\/secure.gravatar.com\/avatar\/081cfb6cf99faddc6f4e23a0c11ab98c5cf302925382d1c88dc3ed757ab910a3?s=96&d=mm&r=g\",\"contentUrl\":\"https:\/\/secure.gravatar.com\/avatar\/081cfb6cf99faddc6f4e23a0c11ab98c5cf302925382d1c88dc3ed757ab910a3?s=96&d=mm&r=g\",\"caption\":\"EL GLOBAL\"},\"description\":\"El Global Informativo es un peri\u00f3dico digital de Rep\u00fablica Dominicana que se dedica a cubrir temas importantes, como la pol\u00edtica local, geopol\u00edtica, econom\u00eda, tecnolog\u00eda, noticias internacionales y eventos relacionados con la gesti\u00f3n social, cultural y humana. Su objetivo principal es mantener a la poblaci\u00f3n informada, ofreciendo una visi\u00f3n amplia y actualizada de lo que sucede tanto en el pa\u00eds como en el mundo. Est\u00e1 dirigido por un grupo de periodistas experimentados, lo que garantiza la calidad y la precisi\u00f3n de la informaci\u00f3n que ofrecen. Tiene su sede en la ciudad de Santo Domingo y es parte integral del portafolio de la empresa, MC Global S.R.L.\",\"sameAs\":[\"https:\/\/elglobal.do\",\"https:\/\/www.instagram.com\/elglobal.do_informativo\/\"],\"url\":\"https:\/\/elglobal.do\/index.php\/author\/elglobaluserpro\/\"}]}<\/script>\n<!-- \/ Yoast SEO plugin. -->","yoast_head_json":{"title":"Perspectiva del Dr. Trajano Potentini ante el nuevo C\u00f3digo Penal - EL GLOBAL INFORMATIVO","robots":{"index":"index","follow":"follow","max-snippet":"max-snippet:-1","max-image-preview":"max-image-preview:large","max-video-preview":"max-video-preview:-1"},"canonical":"https:\/\/elglobal.do\/index.php\/2025\/08\/18\/perspectiva-del-dr-trajano-potentini-ante-el-nuevo-codigo-penal\/","og_locale":"es_ES","og_type":"article","og_title":"Perspectiva del Dr. Trajano Potentini ante el nuevo C\u00f3digo Penal - EL GLOBAL INFORMATIVO","og_description":"Un Avance Jur\u00eddico para la Rep\u00fablica Dominicana Articulo.-La Rep\u00fablica Dominicana ha dado un paso fundamental en la modernizaci\u00f3n de su sistema de justicia penal con la aprobaci\u00f3n de la Ley&hellip;","og_url":"https:\/\/elglobal.do\/index.php\/2025\/08\/18\/perspectiva-del-dr-trajano-potentini-ante-el-nuevo-codigo-penal\/","og_site_name":"EL GLOBAL INFORMATIVO","article_published_time":"2025-08-18T11:02:52+00:00","article_modified_time":"2025-08-18T21:46:57+00:00","og_image":[{"width":400,"height":400,"url":"https:\/\/elglobal.do\/wp-content\/uploads\/2025\/08\/Trajano.jpg","type":"image\/jpeg"}],"author":"EL GLOBAL","twitter_card":"summary_large_image","twitter_misc":{"Escrito por":"EL GLOBAL","Tiempo de lectura":"3 minutos"},"schema":{"@context":"https:\/\/schema.org","@graph":[{"@type":"Article","@id":"https:\/\/elglobal.do\/index.php\/2025\/08\/18\/perspectiva-del-dr-trajano-potentini-ante-el-nuevo-codigo-penal\/#article","isPartOf":{"@id":"https:\/\/elglobal.do\/index.php\/2025\/08\/18\/perspectiva-del-dr-trajano-potentini-ante-el-nuevo-codigo-penal\/"},"author":{"name":"EL GLOBAL","@id":"https:\/\/elglobal.do\/#\/schema\/person\/0c97ec2c7714fb605d230c292f64d55f"},"headline":"Perspectiva del Dr. Trajano Potentini ante el nuevo C\u00f3digo Penal","datePublished":"2025-08-18T11:02:52+00:00","dateModified":"2025-08-18T21:46:57+00:00","mainEntityOfPage":{"@id":"https:\/\/elglobal.do\/index.php\/2025\/08\/18\/perspectiva-del-dr-trajano-potentini-ante-el-nuevo-codigo-penal\/"},"wordCount":611,"commentCount":2,"publisher":{"@id":"https:\/\/elglobal.do\/#organization"},"image":{"@id":"https:\/\/elglobal.do\/index.php\/2025\/08\/18\/perspectiva-del-dr-trajano-potentini-ante-el-nuevo-codigo-penal\/#primaryimage"},"thumbnailUrl":"https:\/\/elglobal.do\/wp-content\/uploads\/2025\/08\/Trajano.jpg","keywords":["#AvanceJur\u00eddico","#CARD","#C\u00f3digoPenal","#ElGlobalInformativo","#Ley74-2025","#Potentini"],"articleSection":["JUSTICIA","OPINI\u00d3N"],"inLanguage":"es","potentialAction":[{"@type":"CommentAction","name":"Comment","target":["https:\/\/elglobal.do\/index.php\/2025\/08\/18\/perspectiva-del-dr-trajano-potentini-ante-el-nuevo-codigo-penal\/#respond"]}]},{"@type":"WebPage","@id":"https:\/\/elglobal.do\/index.php\/2025\/08\/18\/perspectiva-del-dr-trajano-potentini-ante-el-nuevo-codigo-penal\/","url":"https:\/\/elglobal.do\/index.php\/2025\/08\/18\/perspectiva-del-dr-trajano-potentini-ante-el-nuevo-codigo-penal\/","name":"Perspectiva del Dr. Trajano Potentini ante el nuevo C\u00f3digo Penal - EL GLOBAL INFORMATIVO","isPartOf":{"@id":"https:\/\/elglobal.do\/#website"},"primaryImageOfPage":{"@id":"https:\/\/elglobal.do\/index.php\/2025\/08\/18\/perspectiva-del-dr-trajano-potentini-ante-el-nuevo-codigo-penal\/#primaryimage"},"image":{"@id":"https:\/\/elglobal.do\/index.php\/2025\/08\/18\/perspectiva-del-dr-trajano-potentini-ante-el-nuevo-codigo-penal\/#primaryimage"},"thumbnailUrl":"https:\/\/elglobal.do\/wp-content\/uploads\/2025\/08\/Trajano.jpg","datePublished":"2025-08-18T11:02:52+00:00","dateModified":"2025-08-18T21:46:57+00:00","breadcrumb":{"@id":"https:\/\/elglobal.do\/index.php\/2025\/08\/18\/perspectiva-del-dr-trajano-potentini-ante-el-nuevo-codigo-penal\/#breadcrumb"},"inLanguage":"es","potentialAction":[{"@type":"ReadAction","target":["https:\/\/elglobal.do\/index.php\/2025\/08\/18\/perspectiva-del-dr-trajano-potentini-ante-el-nuevo-codigo-penal\/"]}]},{"@type":"ImageObject","inLanguage":"es","@id":"https:\/\/elglobal.do\/index.php\/2025\/08\/18\/perspectiva-del-dr-trajano-potentini-ante-el-nuevo-codigo-penal\/#primaryimage","url":"https:\/\/elglobal.do\/wp-content\/uploads\/2025\/08\/Trajano.jpg","contentUrl":"https:\/\/elglobal.do\/wp-content\/uploads\/2025\/08\/Trajano.jpg","width":400,"height":400},{"@type":"BreadcrumbList","@id":"https:\/\/elglobal.do\/index.php\/2025\/08\/18\/perspectiva-del-dr-trajano-potentini-ante-el-nuevo-codigo-penal\/#breadcrumb","itemListElement":[{"@type":"ListItem","position":1,"name":"Portada","item":"https:\/\/elglobal.do\/"},{"@type":"ListItem","position":2,"name":"Perspectiva del Dr. Trajano Potentini ante el nuevo C\u00f3digo Penal"}]},{"@type":"WebSite","@id":"https:\/\/elglobal.do\/#website","url":"https:\/\/elglobal.do\/","name":"EL GLOBAL INFORMATIVO","description":"Peri\u00f3dico digital de la Rep\u00fablica Dominicana que ofrece noticias, novedades, pol\u00edtica y las \u00faltimas actualidades, con informaci\u00f3n veraz y oportuna para mantenerte siempre informad","publisher":{"@id":"https:\/\/elglobal.do\/#organization"},"potentialAction":[{"@type":"SearchAction","target":{"@type":"EntryPoint","urlTemplate":"https:\/\/elglobal.do\/?s={search_term_string}"},"query-input":{"@type":"PropertyValueSpecification","valueRequired":true,"valueName":"search_term_string"}}],"inLanguage":"es"},{"@type":"Organization","@id":"https:\/\/elglobal.do\/#organization","name":"EL GLOBAL.DO INFORMATIVO","url":"https:\/\/elglobal.do\/","logo":{"@type":"ImageObject","inLanguage":"es","@id":"https:\/\/elglobal.do\/#\/schema\/logo\/image\/","url":"https:\/\/elglobal.do\/wp-content\/uploads\/2025\/08\/icon.png","contentUrl":"https:\/\/elglobal.do\/wp-content\/uploads\/2025\/08\/icon.png","width":512,"height":512,"caption":"EL GLOBAL.DO INFORMATIVO"},"image":{"@id":"https:\/\/elglobal.do\/#\/schema\/logo\/image\/"}},{"@type":"Person","@id":"https:\/\/elglobal.do\/#\/schema\/person\/0c97ec2c7714fb605d230c292f64d55f","name":"EL GLOBAL","image":{"@type":"ImageObject","inLanguage":"es","@id":"https:\/\/elglobal.do\/#\/schema\/person\/image\/","url":"https:\/\/secure.gravatar.com\/avatar\/081cfb6cf99faddc6f4e23a0c11ab98c5cf302925382d1c88dc3ed757ab910a3?s=96&d=mm&r=g","contentUrl":"https:\/\/secure.gravatar.com\/avatar\/081cfb6cf99faddc6f4e23a0c11ab98c5cf302925382d1c88dc3ed757ab910a3?s=96&d=mm&r=g","caption":"EL GLOBAL"},"description":"El Global Informativo es un peri\u00f3dico digital de Rep\u00fablica Dominicana que se dedica a cubrir temas importantes, como la pol\u00edtica local, geopol\u00edtica, econom\u00eda, tecnolog\u00eda, noticias internacionales y eventos relacionados con la gesti\u00f3n social, cultural y humana. Su objetivo principal es mantener a la poblaci\u00f3n informada, ofreciendo una visi\u00f3n amplia y actualizada de lo que sucede tanto en el pa\u00eds como en el mundo. Est\u00e1 dirigido por un grupo de periodistas experimentados, lo que garantiza la calidad y la precisi\u00f3n de la informaci\u00f3n que ofrecen. Tiene su sede en la ciudad de Santo Domingo y es parte integral del portafolio de la empresa, MC Global S.R.L.","sameAs":["https:\/\/elglobal.do","https:\/\/www.instagram.com\/elglobal.do_informativo\/"],"url":"https:\/\/elglobal.do\/index.php\/author\/elglobaluserpro\/"}]}},"jetpack_featured_media_url":"https:\/\/elglobal.do\/wp-content\/uploads\/2025\/08\/Trajano.jpg","jetpack_sharing_enabled":true,"_links":{"self":[{"href":"https:\/\/elglobal.do\/index.php\/wp-json\/wp\/v2\/posts\/1323","targetHints":{"allow":["GET"]}}],"collection":[{"href":"https:\/\/elglobal.do\/index.php\/wp-json\/wp\/v2\/posts"}],"about":[{"href":"https:\/\/elglobal.do\/index.php\/wp-json\/wp\/v2\/types\/post"}],"author":[{"embeddable":true,"href":"https:\/\/elglobal.do\/index.php\/wp-json\/wp\/v2\/users\/1"}],"replies":[{"embeddable":true,"href":"https:\/\/elglobal.do\/index.php\/wp-json\/wp\/v2\/comments?post=1323"}],"version-history":[{"count":2,"href":"https:\/\/elglobal.do\/index.php\/wp-json\/wp\/v2\/posts\/1323\/revisions"}],"predecessor-version":[{"id":1345,"href":"https:\/\/elglobal.do\/index.php\/wp-json\/wp\/v2\/posts\/1323\/revisions\/1345"}],"wp:featuredmedia":[{"embeddable":true,"href":"https:\/\/elglobal.do\/index.php\/wp-json\/wp\/v2\/media\/1324"}],"wp:attachment":[{"href":"https:\/\/elglobal.do\/index.php\/wp-json\/wp\/v2\/media?parent=1323"}],"wp:term":[{"taxonomy":"category","embeddable":true,"href":"https:\/\/elglobal.do\/index.php\/wp-json\/wp\/v2\/categories?post=1323"},{"taxonomy":"post_tag","embeddable":true,"href":"https:\/\/elglobal.do\/index.php\/wp-json\/wp\/v2\/tags?post=1323"}],"curies":[{"name":"wp","href":"https:\/\/api.w.org\/{rel}","templated":true}]}}