{"id":141,"date":"2024-11-22T00:52:58","date_gmt":"2024-11-21T23:52:58","guid":{"rendered":"https:\/\/elglobal.do\/?p=141"},"modified":"2024-11-21T19:57:30","modified_gmt":"2024-11-21T23:57:30","slug":"por-que-cambio-todo-en-haiti-las-bandas-criminales-se-unieron","status":"publish","type":"post","link":"https:\/\/elglobal.do\/index.php\/2024\/11\/22\/por-que-cambio-todo-en-haiti-las-bandas-criminales-se-unieron\/","title":{"rendered":"Por qu\u00e9 cambi\u00f3 todo en Hait\u00ed: las bandas criminales se unieron"},"content":{"rendered":"\n<p id=\"article-summary\">\u201cLa situaci\u00f3n ha cambiado totalmente, porque ahora las bandas trabajan juntas\u201d, dijo un consultor haitiano. El escenario oblig\u00f3 al primer ministro a renunciar.<\/p>\n\n\n\n<figure class=\"wp-block-image size-large\"><img loading=\"lazy\" decoding=\"async\" width=\"1024\" height=\"691\" src=\"https:\/\/elglobal.do\/wp-content\/uploads\/2024\/11\/00haiti-gangs-top-lvjg-superJumbo-1024x691.webp\" alt=\"\" class=\"wp-image-142\" srcset=\"https:\/\/elglobal.do\/wp-content\/uploads\/2024\/11\/00haiti-gangs-top-lvjg-superJumbo-1024x691.webp 1024w, https:\/\/elglobal.do\/wp-content\/uploads\/2024\/11\/00haiti-gangs-top-lvjg-superJumbo-300x202.webp 300w, https:\/\/elglobal.do\/wp-content\/uploads\/2024\/11\/00haiti-gangs-top-lvjg-superJumbo-768x518.webp 768w, https:\/\/elglobal.do\/wp-content\/uploads\/2024\/11\/00haiti-gangs-top-lvjg-superJumbo-1536x1036.webp 1536w, https:\/\/elglobal.do\/wp-content\/uploads\/2024\/11\/00haiti-gangs-top-lvjg-superJumbo.webp 2048w\" sizes=\"auto, (max-width: 1024px) 100vw, 1024px\" \/><\/figure>\n\n\n\n<p>Incluso cuando las bandas delictivas aterrorizaban a Hait\u00ed, secuestraban civiles en masa y mataban a discreci\u00f3n, el primer ministro del pa\u00eds se aferr\u00f3 al poder durante a\u00f1os.<\/p>\n\n\n\n<p>Luego, en cuesti\u00f3n de d\u00edas, todo cambi\u00f3.<\/p>\n\n\n\n<p>En medio de una agitaci\u00f3n pol\u00edtica in\u00e9dita desde el asesinato del presidente del pa\u00eds en 2021, el primer ministro de Hait\u00ed, Ariel Henry, acept\u00f3 renunciar. Ahora, los pa\u00edses vecinos se apresuran a crear un consejo de transici\u00f3n para dirigir el pa\u00eds y trazar el camino hacia las elecciones, que antes parec\u00edan una posibilidad lejana.<\/p>\n\n\n\n<p>Seg\u00fan los expertos, este momento es distinto debido a que las pandillas se unieron, obligando al l\u00edder del pa\u00eds a renunciar al poder.<\/p>\n\n\n\n<p>\u201cEl primer ministro Ariel no dimiti\u00f3 por pol\u00edtica, ni por las manifestaciones callejeras masivas en su contra a lo largo de los a\u00f1os, sino por la violencia que han ejercido las bandas\u201d, dijo Judes Jonathas, un consultor haitiano que ha trabajado durante a\u00f1os en el suministro de ayuda humanitaria. \u201cAhora, la situaci\u00f3n ha cambiado totalmente, porque ahora las bandas trabajan juntas\u201d.<\/p>\n\n\n\n<p>Advertisement<\/p>\n","protected":false},"excerpt":{"rendered":"<p>\u201cLa situaci\u00f3n ha cambiado totalmente, porque ahora las bandas trabajan juntas\u201d, dijo un consultor haitiano. El escenario oblig\u00f3 al primer ministro a renunciar. Incluso cuando las bandas delictivas aterrorizaban a&hellip; <\/p>\n","protected":false},"author":1,"featured_media":142,"comment_status":"open","ping_status":"open","sticky":false,"template":"","format":"standard","meta":{"_jetpack_memberships_contains_paid_content":false,"footnotes":""},"categories":[1],"tags":[],"class_list":["post-141","post","type-post","status-publish","format-standard","has-post-thumbnail","hentry","category-categoria-internacionales"],"yoast_head":"<!-- This site is optimized with the Yoast SEO plugin v26.9 - https:\/\/yoast.com\/product\/yoast-seo-wordpress\/ -->\n<title>Por qu\u00e9 cambi\u00f3 todo en Hait\u00ed: las bandas criminales se unieron - EL GLOBAL INFORMATIVO<\/title>\n<meta name=\"robots\" content=\"index, follow, max-snippet:-1, max-image-preview:large, max-video-preview:-1\" \/>\n<link rel=\"canonical\" href=\"https:\/\/elglobal.do\/index.php\/2024\/11\/22\/por-que-cambio-todo-en-haiti-las-bandas-criminales-se-unieron\/\" \/>\n<meta property=\"og:locale\" content=\"es_ES\" \/>\n<meta property=\"og:type\" content=\"article\" \/>\n<meta property=\"og:title\" content=\"Por qu\u00e9 cambi\u00f3 todo en Hait\u00ed: las bandas criminales se unieron - EL GLOBAL INFORMATIVO\" \/>\n<meta property=\"og:description\" content=\"\u201cLa situaci\u00f3n ha cambiado totalmente, porque ahora las bandas trabajan juntas\u201d, dijo un consultor haitiano. El escenario oblig\u00f3 al primer ministro a renunciar. Incluso cuando las bandas delictivas aterrorizaban a&hellip;\" \/>\n<meta property=\"og:url\" content=\"https:\/\/elglobal.do\/index.php\/2024\/11\/22\/por-que-cambio-todo-en-haiti-las-bandas-criminales-se-unieron\/\" \/>\n<meta property=\"og:site_name\" content=\"EL GLOBAL INFORMATIVO\" \/>\n<meta property=\"article:published_time\" content=\"2024-11-21T23:52:58+00:00\" \/>\n<meta property=\"article:modified_time\" content=\"2024-11-21T23:57:30+00:00\" \/>\n<meta property=\"og:image\" content=\"https:\/\/elglobal.do\/wp-content\/uploads\/2024\/11\/00haiti-gangs-top-lvjg-superJumbo.webp\" \/>\n\t<meta property=\"og:image:width\" content=\"2048\" \/>\n\t<meta property=\"og:image:height\" content=\"1381\" \/>\n\t<meta property=\"og:image:type\" content=\"image\/webp\" \/>\n<meta name=\"author\" content=\"EL GLOBAL\" \/>\n<meta name=\"twitter:card\" content=\"summary_large_image\" \/>\n<meta name=\"twitter:label1\" content=\"Escrito por\" \/>\n\t<meta name=\"twitter:data1\" content=\"EL GLOBAL\" \/>\n\t<meta name=\"twitter:label2\" content=\"Tiempo de lectura\" \/>\n\t<meta name=\"twitter:data2\" content=\"1 minuto\" \/>\n<script type=\"application\/ld+json\" class=\"yoast-schema-graph\">{\"@context\":\"https:\/\/schema.org\",\"@graph\":[{\"@type\":\"Article\",\"@id\":\"https:\/\/elglobal.do\/index.php\/2024\/11\/22\/por-que-cambio-todo-en-haiti-las-bandas-criminales-se-unieron\/#article\",\"isPartOf\":{\"@id\":\"https:\/\/elglobal.do\/index.php\/2024\/11\/22\/por-que-cambio-todo-en-haiti-las-bandas-criminales-se-unieron\/\"},\"author\":{\"name\":\"EL GLOBAL\",\"@id\":\"https:\/\/elglobal.do\/#\/schema\/person\/0c97ec2c7714fb605d230c292f64d55f\"},\"headline\":\"Por qu\u00e9 cambi\u00f3 todo en Hait\u00ed: las bandas criminales se unieron\",\"datePublished\":\"2024-11-21T23:52:58+00:00\",\"dateModified\":\"2024-11-21T23:57:30+00:00\",\"mainEntityOfPage\":{\"@id\":\"https:\/\/elglobal.do\/index.php\/2024\/11\/22\/por-que-cambio-todo-en-haiti-las-bandas-criminales-se-unieron\/\"},\"wordCount\":227,\"commentCount\":0,\"publisher\":{\"@id\":\"https:\/\/elglobal.do\/#organization\"},\"image\":{\"@id\":\"https:\/\/elglobal.do\/index.php\/2024\/11\/22\/por-que-cambio-todo-en-haiti-las-bandas-criminales-se-unieron\/#primaryimage\"},\"thumbnailUrl\":\"https:\/\/elglobal.do\/wp-content\/uploads\/2024\/11\/00haiti-gangs-top-lvjg-superJumbo.webp\",\"articleSection\":[\"INTERNACIONALES\"],\"inLanguage\":\"es\",\"potentialAction\":[{\"@type\":\"CommentAction\",\"name\":\"Comment\",\"target\":[\"https:\/\/elglobal.do\/index.php\/2024\/11\/22\/por-que-cambio-todo-en-haiti-las-bandas-criminales-se-unieron\/#respond\"]}]},{\"@type\":\"WebPage\",\"@id\":\"https:\/\/elglobal.do\/index.php\/2024\/11\/22\/por-que-cambio-todo-en-haiti-las-bandas-criminales-se-unieron\/\",\"url\":\"https:\/\/elglobal.do\/index.php\/2024\/11\/22\/por-que-cambio-todo-en-haiti-las-bandas-criminales-se-unieron\/\",\"name\":\"Por qu\u00e9 cambi\u00f3 todo en Hait\u00ed: las bandas criminales se unieron - EL GLOBAL INFORMATIVO\",\"isPartOf\":{\"@id\":\"https:\/\/elglobal.do\/#website\"},\"primaryImageOfPage\":{\"@id\":\"https:\/\/elglobal.do\/index.php\/2024\/11\/22\/por-que-cambio-todo-en-haiti-las-bandas-criminales-se-unieron\/#primaryimage\"},\"image\":{\"@id\":\"https:\/\/elglobal.do\/index.php\/2024\/11\/22\/por-que-cambio-todo-en-haiti-las-bandas-criminales-se-unieron\/#primaryimage\"},\"thumbnailUrl\":\"https:\/\/elglobal.do\/wp-content\/uploads\/2024\/11\/00haiti-gangs-top-lvjg-superJumbo.webp\",\"datePublished\":\"2024-11-21T23:52:58+00:00\",\"dateModified\":\"2024-11-21T23:57:30+00:00\",\"breadcrumb\":{\"@id\":\"https:\/\/elglobal.do\/index.php\/2024\/11\/22\/por-que-cambio-todo-en-haiti-las-bandas-criminales-se-unieron\/#breadcrumb\"},\"inLanguage\":\"es\",\"potentialAction\":[{\"@type\":\"ReadAction\",\"target\":[\"https:\/\/elglobal.do\/index.php\/2024\/11\/22\/por-que-cambio-todo-en-haiti-las-bandas-criminales-se-unieron\/\"]}]},{\"@type\":\"ImageObject\",\"inLanguage\":\"es\",\"@id\":\"https:\/\/elglobal.do\/index.php\/2024\/11\/22\/por-que-cambio-todo-en-haiti-las-bandas-criminales-se-unieron\/#primaryimage\",\"url\":\"https:\/\/elglobal.do\/wp-content\/uploads\/2024\/11\/00haiti-gangs-top-lvjg-superJumbo.webp\",\"contentUrl\":\"https:\/\/elglobal.do\/wp-content\/uploads\/2024\/11\/00haiti-gangs-top-lvjg-superJumbo.webp\",\"width\":2048,\"height\":1381},{\"@type\":\"BreadcrumbList\",\"@id\":\"https:\/\/elglobal.do\/index.php\/2024\/11\/22\/por-que-cambio-todo-en-haiti-las-bandas-criminales-se-unieron\/#breadcrumb\",\"itemListElement\":[{\"@type\":\"ListItem\",\"position\":1,\"name\":\"Portada\",\"item\":\"https:\/\/elglobal.do\/\"},{\"@type\":\"ListItem\",\"position\":2,\"name\":\"Por qu\u00e9 cambi\u00f3 todo en Hait\u00ed: las bandas criminales se unieron\"}]},{\"@type\":\"WebSite\",\"@id\":\"https:\/\/elglobal.do\/#website\",\"url\":\"https:\/\/elglobal.do\/\",\"name\":\"EL GLOBAL INFORMATIVO\",\"description\":\"Peri\u00f3dico digital de la Rep\u00fablica Dominicana que ofrece noticias, novedades, pol\u00edtica y las \u00faltimas actualidades, con informaci\u00f3n veraz y oportuna para mantenerte siempre informad\",\"publisher\":{\"@id\":\"https:\/\/elglobal.do\/#organization\"},\"potentialAction\":[{\"@type\":\"SearchAction\",\"target\":{\"@type\":\"EntryPoint\",\"urlTemplate\":\"https:\/\/elglobal.do\/?s={search_term_string}\"},\"query-input\":{\"@type\":\"PropertyValueSpecification\",\"valueRequired\":true,\"valueName\":\"search_term_string\"}}],\"inLanguage\":\"es\"},{\"@type\":\"Organization\",\"@id\":\"https:\/\/elglobal.do\/#organization\",\"name\":\"EL GLOBAL.DO INFORMATIVO\",\"url\":\"https:\/\/elglobal.do\/\",\"logo\":{\"@type\":\"ImageObject\",\"inLanguage\":\"es\",\"@id\":\"https:\/\/elglobal.do\/#\/schema\/logo\/image\/\",\"url\":\"https:\/\/elglobal.do\/wp-content\/uploads\/2025\/08\/icon.png\",\"contentUrl\":\"https:\/\/elglobal.do\/wp-content\/uploads\/2025\/08\/icon.png\",\"width\":512,\"height\":512,\"caption\":\"EL GLOBAL.DO INFORMATIVO\"},\"image\":{\"@id\":\"https:\/\/elglobal.do\/#\/schema\/logo\/image\/\"}},{\"@type\":\"Person\",\"@id\":\"https:\/\/elglobal.do\/#\/schema\/person\/0c97ec2c7714fb605d230c292f64d55f\",\"name\":\"EL GLOBAL\",\"image\":{\"@type\":\"ImageObject\",\"inLanguage\":\"es\",\"@id\":\"https:\/\/elglobal.do\/#\/schema\/person\/image\/\",\"url\":\"https:\/\/secure.gravatar.com\/avatar\/081cfb6cf99faddc6f4e23a0c11ab98c5cf302925382d1c88dc3ed757ab910a3?s=96&d=mm&r=g\",\"contentUrl\":\"https:\/\/secure.gravatar.com\/avatar\/081cfb6cf99faddc6f4e23a0c11ab98c5cf302925382d1c88dc3ed757ab910a3?s=96&d=mm&r=g\",\"caption\":\"EL GLOBAL\"},\"description\":\"El Global Informativo es un peri\u00f3dico digital de Rep\u00fablica Dominicana que se dedica a cubrir temas importantes, como la pol\u00edtica local, geopol\u00edtica, econom\u00eda, tecnolog\u00eda, noticias internacionales y eventos relacionados con la gesti\u00f3n social, cultural y humana. Su objetivo principal es mantener a la poblaci\u00f3n informada, ofreciendo una visi\u00f3n amplia y actualizada de lo que sucede tanto en el pa\u00eds como en el mundo. Est\u00e1 dirigido por un grupo de periodistas experimentados, lo que garantiza la calidad y la precisi\u00f3n de la informaci\u00f3n que ofrecen. Tiene su sede en la ciudad de Santo Domingo y es parte integral del portafolio de la empresa, MC Global S.R.L.\",\"sameAs\":[\"https:\/\/elglobal.do\",\"https:\/\/www.instagram.com\/elglobal.do_informativo\/\"],\"url\":\"https:\/\/elglobal.do\/index.php\/author\/elglobaluserpro\/\"}]}<\/script>\n<!-- \/ Yoast SEO plugin. -->","yoast_head_json":{"title":"Por qu\u00e9 cambi\u00f3 todo en Hait\u00ed: las bandas criminales se unieron - EL GLOBAL INFORMATIVO","robots":{"index":"index","follow":"follow","max-snippet":"max-snippet:-1","max-image-preview":"max-image-preview:large","max-video-preview":"max-video-preview:-1"},"canonical":"https:\/\/elglobal.do\/index.php\/2024\/11\/22\/por-que-cambio-todo-en-haiti-las-bandas-criminales-se-unieron\/","og_locale":"es_ES","og_type":"article","og_title":"Por qu\u00e9 cambi\u00f3 todo en Hait\u00ed: las bandas criminales se unieron - EL GLOBAL INFORMATIVO","og_description":"\u201cLa situaci\u00f3n ha cambiado totalmente, porque ahora las bandas trabajan juntas\u201d, dijo un consultor haitiano. El escenario oblig\u00f3 al primer ministro a renunciar. Incluso cuando las bandas delictivas aterrorizaban a&hellip;","og_url":"https:\/\/elglobal.do\/index.php\/2024\/11\/22\/por-que-cambio-todo-en-haiti-las-bandas-criminales-se-unieron\/","og_site_name":"EL GLOBAL INFORMATIVO","article_published_time":"2024-11-21T23:52:58+00:00","article_modified_time":"2024-11-21T23:57:30+00:00","og_image":[{"width":2048,"height":1381,"url":"https:\/\/elglobal.do\/wp-content\/uploads\/2024\/11\/00haiti-gangs-top-lvjg-superJumbo.webp","type":"image\/webp"}],"author":"EL GLOBAL","twitter_card":"summary_large_image","twitter_misc":{"Escrito por":"EL GLOBAL","Tiempo de lectura":"1 minuto"},"schema":{"@context":"https:\/\/schema.org","@graph":[{"@type":"Article","@id":"https:\/\/elglobal.do\/index.php\/2024\/11\/22\/por-que-cambio-todo-en-haiti-las-bandas-criminales-se-unieron\/#article","isPartOf":{"@id":"https:\/\/elglobal.do\/index.php\/2024\/11\/22\/por-que-cambio-todo-en-haiti-las-bandas-criminales-se-unieron\/"},"author":{"name":"EL GLOBAL","@id":"https:\/\/elglobal.do\/#\/schema\/person\/0c97ec2c7714fb605d230c292f64d55f"},"headline":"Por qu\u00e9 cambi\u00f3 todo en Hait\u00ed: las bandas criminales se unieron","datePublished":"2024-11-21T23:52:58+00:00","dateModified":"2024-11-21T23:57:30+00:00","mainEntityOfPage":{"@id":"https:\/\/elglobal.do\/index.php\/2024\/11\/22\/por-que-cambio-todo-en-haiti-las-bandas-criminales-se-unieron\/"},"wordCount":227,"commentCount":0,"publisher":{"@id":"https:\/\/elglobal.do\/#organization"},"image":{"@id":"https:\/\/elglobal.do\/index.php\/2024\/11\/22\/por-que-cambio-todo-en-haiti-las-bandas-criminales-se-unieron\/#primaryimage"},"thumbnailUrl":"https:\/\/elglobal.do\/wp-content\/uploads\/2024\/11\/00haiti-gangs-top-lvjg-superJumbo.webp","articleSection":["INTERNACIONALES"],"inLanguage":"es","potentialAction":[{"@type":"CommentAction","name":"Comment","target":["https:\/\/elglobal.do\/index.php\/2024\/11\/22\/por-que-cambio-todo-en-haiti-las-bandas-criminales-se-unieron\/#respond"]}]},{"@type":"WebPage","@id":"https:\/\/elglobal.do\/index.php\/2024\/11\/22\/por-que-cambio-todo-en-haiti-las-bandas-criminales-se-unieron\/","url":"https:\/\/elglobal.do\/index.php\/2024\/11\/22\/por-que-cambio-todo-en-haiti-las-bandas-criminales-se-unieron\/","name":"Por qu\u00e9 cambi\u00f3 todo en Hait\u00ed: las bandas criminales se unieron - EL GLOBAL INFORMATIVO","isPartOf":{"@id":"https:\/\/elglobal.do\/#website"},"primaryImageOfPage":{"@id":"https:\/\/elglobal.do\/index.php\/2024\/11\/22\/por-que-cambio-todo-en-haiti-las-bandas-criminales-se-unieron\/#primaryimage"},"image":{"@id":"https:\/\/elglobal.do\/index.php\/2024\/11\/22\/por-que-cambio-todo-en-haiti-las-bandas-criminales-se-unieron\/#primaryimage"},"thumbnailUrl":"https:\/\/elglobal.do\/wp-content\/uploads\/2024\/11\/00haiti-gangs-top-lvjg-superJumbo.webp","datePublished":"2024-11-21T23:52:58+00:00","dateModified":"2024-11-21T23:57:30+00:00","breadcrumb":{"@id":"https:\/\/elglobal.do\/index.php\/2024\/11\/22\/por-que-cambio-todo-en-haiti-las-bandas-criminales-se-unieron\/#breadcrumb"},"inLanguage":"es","potentialAction":[{"@type":"ReadAction","target":["https:\/\/elglobal.do\/index.php\/2024\/11\/22\/por-que-cambio-todo-en-haiti-las-bandas-criminales-se-unieron\/"]}]},{"@type":"ImageObject","inLanguage":"es","@id":"https:\/\/elglobal.do\/index.php\/2024\/11\/22\/por-que-cambio-todo-en-haiti-las-bandas-criminales-se-unieron\/#primaryimage","url":"https:\/\/elglobal.do\/wp-content\/uploads\/2024\/11\/00haiti-gangs-top-lvjg-superJumbo.webp","contentUrl":"https:\/\/elglobal.do\/wp-content\/uploads\/2024\/11\/00haiti-gangs-top-lvjg-superJumbo.webp","width":2048,"height":1381},{"@type":"BreadcrumbList","@id":"https:\/\/elglobal.do\/index.php\/2024\/11\/22\/por-que-cambio-todo-en-haiti-las-bandas-criminales-se-unieron\/#breadcrumb","itemListElement":[{"@type":"ListItem","position":1,"name":"Portada","item":"https:\/\/elglobal.do\/"},{"@type":"ListItem","position":2,"name":"Por qu\u00e9 cambi\u00f3 todo en Hait\u00ed: las bandas criminales se unieron"}]},{"@type":"WebSite","@id":"https:\/\/elglobal.do\/#website","url":"https:\/\/elglobal.do\/","name":"EL GLOBAL INFORMATIVO","description":"Peri\u00f3dico digital de la Rep\u00fablica Dominicana que ofrece noticias, novedades, pol\u00edtica y las \u00faltimas actualidades, con informaci\u00f3n veraz y oportuna para mantenerte siempre informad","publisher":{"@id":"https:\/\/elglobal.do\/#organization"},"potentialAction":[{"@type":"SearchAction","target":{"@type":"EntryPoint","urlTemplate":"https:\/\/elglobal.do\/?s={search_term_string}"},"query-input":{"@type":"PropertyValueSpecification","valueRequired":true,"valueName":"search_term_string"}}],"inLanguage":"es"},{"@type":"Organization","@id":"https:\/\/elglobal.do\/#organization","name":"EL GLOBAL.DO INFORMATIVO","url":"https:\/\/elglobal.do\/","logo":{"@type":"ImageObject","inLanguage":"es","@id":"https:\/\/elglobal.do\/#\/schema\/logo\/image\/","url":"https:\/\/elglobal.do\/wp-content\/uploads\/2025\/08\/icon.png","contentUrl":"https:\/\/elglobal.do\/wp-content\/uploads\/2025\/08\/icon.png","width":512,"height":512,"caption":"EL GLOBAL.DO INFORMATIVO"},"image":{"@id":"https:\/\/elglobal.do\/#\/schema\/logo\/image\/"}},{"@type":"Person","@id":"https:\/\/elglobal.do\/#\/schema\/person\/0c97ec2c7714fb605d230c292f64d55f","name":"EL GLOBAL","image":{"@type":"ImageObject","inLanguage":"es","@id":"https:\/\/elglobal.do\/#\/schema\/person\/image\/","url":"https:\/\/secure.gravatar.com\/avatar\/081cfb6cf99faddc6f4e23a0c11ab98c5cf302925382d1c88dc3ed757ab910a3?s=96&d=mm&r=g","contentUrl":"https:\/\/secure.gravatar.com\/avatar\/081cfb6cf99faddc6f4e23a0c11ab98c5cf302925382d1c88dc3ed757ab910a3?s=96&d=mm&r=g","caption":"EL GLOBAL"},"description":"El Global Informativo es un peri\u00f3dico digital de Rep\u00fablica Dominicana que se dedica a cubrir temas importantes, como la pol\u00edtica local, geopol\u00edtica, econom\u00eda, tecnolog\u00eda, noticias internacionales y eventos relacionados con la gesti\u00f3n social, cultural y humana. Su objetivo principal es mantener a la poblaci\u00f3n informada, ofreciendo una visi\u00f3n amplia y actualizada de lo que sucede tanto en el pa\u00eds como en el mundo. Est\u00e1 dirigido por un grupo de periodistas experimentados, lo que garantiza la calidad y la precisi\u00f3n de la informaci\u00f3n que ofrecen. Tiene su sede en la ciudad de Santo Domingo y es parte integral del portafolio de la empresa, MC Global S.R.L.","sameAs":["https:\/\/elglobal.do","https:\/\/www.instagram.com\/elglobal.do_informativo\/"],"url":"https:\/\/elglobal.do\/index.php\/author\/elglobaluserpro\/"}]}},"jetpack_featured_media_url":"https:\/\/elglobal.do\/wp-content\/uploads\/2024\/11\/00haiti-gangs-top-lvjg-superJumbo.webp","jetpack_sharing_enabled":true,"_links":{"self":[{"href":"https:\/\/elglobal.do\/index.php\/wp-json\/wp\/v2\/posts\/141","targetHints":{"allow":["GET"]}}],"collection":[{"href":"https:\/\/elglobal.do\/index.php\/wp-json\/wp\/v2\/posts"}],"about":[{"href":"https:\/\/elglobal.do\/index.php\/wp-json\/wp\/v2\/types\/post"}],"author":[{"embeddable":true,"href":"https:\/\/elglobal.do\/index.php\/wp-json\/wp\/v2\/users\/1"}],"replies":[{"embeddable":true,"href":"https:\/\/elglobal.do\/index.php\/wp-json\/wp\/v2\/comments?post=141"}],"version-history":[{"count":1,"href":"https:\/\/elglobal.do\/index.php\/wp-json\/wp\/v2\/posts\/141\/revisions"}],"predecessor-version":[{"id":143,"href":"https:\/\/elglobal.do\/index.php\/wp-json\/wp\/v2\/posts\/141\/revisions\/143"}],"wp:featuredmedia":[{"embeddable":true,"href":"https:\/\/elglobal.do\/index.php\/wp-json\/wp\/v2\/media\/142"}],"wp:attachment":[{"href":"https:\/\/elglobal.do\/index.php\/wp-json\/wp\/v2\/media?parent=141"}],"wp:term":[{"taxonomy":"category","embeddable":true,"href":"https:\/\/elglobal.do\/index.php\/wp-json\/wp\/v2\/categories?post=141"},{"taxonomy":"post_tag","embeddable":true,"href":"https:\/\/elglobal.do\/index.php\/wp-json\/wp\/v2\/tags?post=141"}],"curies":[{"name":"wp","href":"https:\/\/api.w.org\/{rel}","templated":true}]}}