{"id":1473,"date":"2025-08-21T12:03:27","date_gmt":"2025-08-21T16:03:27","guid":{"rendered":"https:\/\/elglobal.do\/?p=1473"},"modified":"2025-08-21T14:28:09","modified_gmt":"2025-08-21T18:28:09","slug":"celso-marranzini-promete-solucion-a-apagones-en-el-pais","status":"publish","type":"post","link":"https:\/\/elglobal.do\/index.php\/2025\/08\/21\/celso-marranzini-promete-solucion-a-apagones-en-el-pais\/","title":{"rendered":"Celso Marranzini promete soluci\u00f3n a apagones en el pa\u00eds"},"content":{"rendered":"\n<figure class=\"wp-block-image size-full\"><img loading=\"lazy\" decoding=\"async\" width=\"800\" height=\"628\" src=\"https:\/\/elglobal.do\/wp-content\/uploads\/2025\/08\/image-21.png\" alt=\"\" class=\"wp-image-1474\" srcset=\"https:\/\/elglobal.do\/wp-content\/uploads\/2025\/08\/image-21.png 800w, https:\/\/elglobal.do\/wp-content\/uploads\/2025\/08\/image-21-300x236.png 300w, https:\/\/elglobal.do\/wp-content\/uploads\/2025\/08\/image-21-768x603.png 768w\" sizes=\"auto, (max-width: 800px) 100vw, 800px\" \/><\/figure>\n\n\n\n<p><strong>Santo Domingo.-<\/strong>El presidente del Consejo Unificado de las Empresas Distribuidoras de Electricidad (CUED), <strong>Celso Marranzini<\/strong>, inform\u00f3 que los apagones generados la semana pasada no fueron solo por la salida de la Unidad 2 de la <strong>Termoel\u00e9ctrica Punta Catalina.<\/strong><\/p>\n\n\n\n<p>Marranzini indic\u00f3 que en la misma semana se registraron problemas en la empresa Generadora de Electricidad Itabo; Parque Energ\u00e9tico Los Mina y Siba Energy, lo que ocasion\u00f3 que el sistema sufriera un d\u00e9ficit de m\u00e1s de <strong>600 megas.<\/strong><\/p>\n\n\n\n<p>Al ser entrevistado en el programa El D\u00eda, que se transmite por Telesistema, canal 11, Celso Marranzini, prometi\u00f3 que el problema de los apagones estar\u00e1 subsanado para finales de este a\u00f1o, debido a que Siba aumentar\u00e1 su capacidad y entrar\u00e1 al sistema una turbina de la empresa Energas.<\/p>\n\n\n\n<p>\u201cLo que nosotros podemos asegurar es que a partir no del a\u00f1o que viene, sino a finales de este a\u00f1o, el problema va a estar subsanado completamente\u201d, coment\u00f3.<\/p>\n\n\n\n<p>Sumado a esto, se\u00f1al\u00f3 que es muy posible que este a\u00f1o se inviertan <strong>400 millones de d\u00f3lares<\/strong> en subestaciones, redes y medidores inteligentes, que no requieran de personas casa por casa supervisando el consumo.<\/p>\n\n\n\n<p>Expres\u00f3, adem\u00e1s, que en verano hay inconvenientes con el sector energ\u00e9tico, por la cantidad de consumo, aunque este \u201cverano ha habido menos\u201d, pero \u201chan sido puntuales\u201d.<\/p>\n\n\n\n<p>Dentro de los trabajos que realizan para disminuir los apagones, inform\u00f3 que se ha eliminado la sobrepotencia de las subestaciones, se han instalado nuevas subestaciones, adem\u00e1s de realizar cambios en redes y&nbsp; medidores.<\/p>\n\n\n\n<p>\u201cPara el 2028 se van a dejar 2,200 megas instalados\u201d, dijo el presidente del Consejo Unificado de las Empresas Distribuidoras de Electricidad.<\/p>\n\n\n\n<p><\/p>\n","protected":false},"excerpt":{"rendered":"<p>Santo Domingo.-El presidente del Consejo Unificado de las Empresas Distribuidoras de Electricidad (CUED), Celso Marranzini, inform\u00f3 que los apagones generados la semana pasada no fueron solo por la salida de&hellip; <\/p>\n","protected":false},"author":1,"featured_media":1474,"comment_status":"open","ping_status":"open","sticky":false,"template":"","format":"standard","meta":{"_jetpack_memberships_contains_paid_content":false,"footnotes":""},"categories":[40],"tags":[708,709,710],"class_list":["post-1473","post","type-post","status-publish","format-standard","has-post-thumbnail","hentry","category-nacionales","tag-apagones","tag-celsomarranzini","tag-soluciones"],"yoast_head":"<!-- This site is optimized with the Yoast SEO plugin v26.9 - https:\/\/yoast.com\/product\/yoast-seo-wordpress\/ -->\n<title>Celso Marranzini promete soluci\u00f3n a apagones en el pa\u00eds - EL GLOBAL INFORMATIVO<\/title>\n<meta name=\"robots\" content=\"index, follow, max-snippet:-1, max-image-preview:large, max-video-preview:-1\" \/>\n<link rel=\"canonical\" href=\"https:\/\/elglobal.do\/index.php\/2025\/08\/21\/celso-marranzini-promete-solucion-a-apagones-en-el-pais\/\" \/>\n<meta property=\"og:locale\" content=\"es_ES\" \/>\n<meta property=\"og:type\" content=\"article\" \/>\n<meta property=\"og:title\" content=\"Celso Marranzini promete soluci\u00f3n a apagones en el pa\u00eds - EL GLOBAL INFORMATIVO\" \/>\n<meta property=\"og:description\" content=\"Santo Domingo.-El presidente del Consejo Unificado de las Empresas Distribuidoras de Electricidad (CUED), Celso Marranzini, inform\u00f3 que los apagones generados la semana pasada no fueron solo por la salida de&hellip;\" \/>\n<meta property=\"og:url\" content=\"https:\/\/elglobal.do\/index.php\/2025\/08\/21\/celso-marranzini-promete-solucion-a-apagones-en-el-pais\/\" \/>\n<meta property=\"og:site_name\" content=\"EL GLOBAL INFORMATIVO\" \/>\n<meta property=\"article:published_time\" content=\"2025-08-21T16:03:27+00:00\" \/>\n<meta property=\"article:modified_time\" content=\"2025-08-21T18:28:09+00:00\" \/>\n<meta property=\"og:image\" content=\"https:\/\/elglobal.do\/wp-content\/uploads\/2025\/08\/image-21.png\" \/>\n\t<meta property=\"og:image:width\" content=\"800\" \/>\n\t<meta property=\"og:image:height\" content=\"628\" \/>\n\t<meta property=\"og:image:type\" content=\"image\/png\" \/>\n<meta name=\"author\" content=\"EL GLOBAL\" \/>\n<meta name=\"twitter:card\" content=\"summary_large_image\" \/>\n<meta name=\"twitter:label1\" content=\"Escrito por\" \/>\n\t<meta name=\"twitter:data1\" content=\"EL GLOBAL\" \/>\n\t<meta name=\"twitter:label2\" content=\"Tiempo de lectura\" \/>\n\t<meta name=\"twitter:data2\" content=\"2 minutos\" \/>\n<script type=\"application\/ld+json\" class=\"yoast-schema-graph\">{\"@context\":\"https:\/\/schema.org\",\"@graph\":[{\"@type\":\"Article\",\"@id\":\"https:\/\/elglobal.do\/index.php\/2025\/08\/21\/celso-marranzini-promete-solucion-a-apagones-en-el-pais\/#article\",\"isPartOf\":{\"@id\":\"https:\/\/elglobal.do\/index.php\/2025\/08\/21\/celso-marranzini-promete-solucion-a-apagones-en-el-pais\/\"},\"author\":{\"name\":\"EL GLOBAL\",\"@id\":\"https:\/\/elglobal.do\/#\/schema\/person\/0c97ec2c7714fb605d230c292f64d55f\"},\"headline\":\"Celso Marranzini promete soluci\u00f3n a apagones en el pa\u00eds\",\"datePublished\":\"2025-08-21T16:03:27+00:00\",\"dateModified\":\"2025-08-21T18:28:09+00:00\",\"mainEntityOfPage\":{\"@id\":\"https:\/\/elglobal.do\/index.php\/2025\/08\/21\/celso-marranzini-promete-solucion-a-apagones-en-el-pais\/\"},\"wordCount\":288,\"commentCount\":0,\"publisher\":{\"@id\":\"https:\/\/elglobal.do\/#organization\"},\"image\":{\"@id\":\"https:\/\/elglobal.do\/index.php\/2025\/08\/21\/celso-marranzini-promete-solucion-a-apagones-en-el-pais\/#primaryimage\"},\"thumbnailUrl\":\"https:\/\/elglobal.do\/wp-content\/uploads\/2025\/08\/image-21.png\",\"keywords\":[\"#Apagones\",\"#CelsoMarranzini\",\"#Soluciones\"],\"articleSection\":[\"NACIONALES\"],\"inLanguage\":\"es\",\"potentialAction\":[{\"@type\":\"CommentAction\",\"name\":\"Comment\",\"target\":[\"https:\/\/elglobal.do\/index.php\/2025\/08\/21\/celso-marranzini-promete-solucion-a-apagones-en-el-pais\/#respond\"]}]},{\"@type\":\"WebPage\",\"@id\":\"https:\/\/elglobal.do\/index.php\/2025\/08\/21\/celso-marranzini-promete-solucion-a-apagones-en-el-pais\/\",\"url\":\"https:\/\/elglobal.do\/index.php\/2025\/08\/21\/celso-marranzini-promete-solucion-a-apagones-en-el-pais\/\",\"name\":\"Celso Marranzini promete soluci\u00f3n a apagones en el pa\u00eds - EL GLOBAL INFORMATIVO\",\"isPartOf\":{\"@id\":\"https:\/\/elglobal.do\/#website\"},\"primaryImageOfPage\":{\"@id\":\"https:\/\/elglobal.do\/index.php\/2025\/08\/21\/celso-marranzini-promete-solucion-a-apagones-en-el-pais\/#primaryimage\"},\"image\":{\"@id\":\"https:\/\/elglobal.do\/index.php\/2025\/08\/21\/celso-marranzini-promete-solucion-a-apagones-en-el-pais\/#primaryimage\"},\"thumbnailUrl\":\"https:\/\/elglobal.do\/wp-content\/uploads\/2025\/08\/image-21.png\",\"datePublished\":\"2025-08-21T16:03:27+00:00\",\"dateModified\":\"2025-08-21T18:28:09+00:00\",\"breadcrumb\":{\"@id\":\"https:\/\/elglobal.do\/index.php\/2025\/08\/21\/celso-marranzini-promete-solucion-a-apagones-en-el-pais\/#breadcrumb\"},\"inLanguage\":\"es\",\"potentialAction\":[{\"@type\":\"ReadAction\",\"target\":[\"https:\/\/elglobal.do\/index.php\/2025\/08\/21\/celso-marranzini-promete-solucion-a-apagones-en-el-pais\/\"]}]},{\"@type\":\"ImageObject\",\"inLanguage\":\"es\",\"@id\":\"https:\/\/elglobal.do\/index.php\/2025\/08\/21\/celso-marranzini-promete-solucion-a-apagones-en-el-pais\/#primaryimage\",\"url\":\"https:\/\/elglobal.do\/wp-content\/uploads\/2025\/08\/image-21.png\",\"contentUrl\":\"https:\/\/elglobal.do\/wp-content\/uploads\/2025\/08\/image-21.png\",\"width\":800,\"height\":628},{\"@type\":\"BreadcrumbList\",\"@id\":\"https:\/\/elglobal.do\/index.php\/2025\/08\/21\/celso-marranzini-promete-solucion-a-apagones-en-el-pais\/#breadcrumb\",\"itemListElement\":[{\"@type\":\"ListItem\",\"position\":1,\"name\":\"Portada\",\"item\":\"https:\/\/elglobal.do\/\"},{\"@type\":\"ListItem\",\"position\":2,\"name\":\"Celso Marranzini promete soluci\u00f3n a apagones en el pa\u00eds\"}]},{\"@type\":\"WebSite\",\"@id\":\"https:\/\/elglobal.do\/#website\",\"url\":\"https:\/\/elglobal.do\/\",\"name\":\"EL GLOBAL INFORMATIVO\",\"description\":\"Peri\u00f3dico digital de la Rep\u00fablica Dominicana que ofrece noticias, novedades, pol\u00edtica y las \u00faltimas actualidades, con informaci\u00f3n veraz y oportuna para mantenerte siempre informad\",\"publisher\":{\"@id\":\"https:\/\/elglobal.do\/#organization\"},\"potentialAction\":[{\"@type\":\"SearchAction\",\"target\":{\"@type\":\"EntryPoint\",\"urlTemplate\":\"https:\/\/elglobal.do\/?s={search_term_string}\"},\"query-input\":{\"@type\":\"PropertyValueSpecification\",\"valueRequired\":true,\"valueName\":\"search_term_string\"}}],\"inLanguage\":\"es\"},{\"@type\":\"Organization\",\"@id\":\"https:\/\/elglobal.do\/#organization\",\"name\":\"EL GLOBAL.DO INFORMATIVO\",\"url\":\"https:\/\/elglobal.do\/\",\"logo\":{\"@type\":\"ImageObject\",\"inLanguage\":\"es\",\"@id\":\"https:\/\/elglobal.do\/#\/schema\/logo\/image\/\",\"url\":\"https:\/\/elglobal.do\/wp-content\/uploads\/2025\/08\/icon.png\",\"contentUrl\":\"https:\/\/elglobal.do\/wp-content\/uploads\/2025\/08\/icon.png\",\"width\":512,\"height\":512,\"caption\":\"EL GLOBAL.DO INFORMATIVO\"},\"image\":{\"@id\":\"https:\/\/elglobal.do\/#\/schema\/logo\/image\/\"}},{\"@type\":\"Person\",\"@id\":\"https:\/\/elglobal.do\/#\/schema\/person\/0c97ec2c7714fb605d230c292f64d55f\",\"name\":\"EL GLOBAL\",\"image\":{\"@type\":\"ImageObject\",\"inLanguage\":\"es\",\"@id\":\"https:\/\/elglobal.do\/#\/schema\/person\/image\/\",\"url\":\"https:\/\/secure.gravatar.com\/avatar\/081cfb6cf99faddc6f4e23a0c11ab98c5cf302925382d1c88dc3ed757ab910a3?s=96&d=mm&r=g\",\"contentUrl\":\"https:\/\/secure.gravatar.com\/avatar\/081cfb6cf99faddc6f4e23a0c11ab98c5cf302925382d1c88dc3ed757ab910a3?s=96&d=mm&r=g\",\"caption\":\"EL GLOBAL\"},\"description\":\"El Global Informativo es un peri\u00f3dico digital de Rep\u00fablica Dominicana que se dedica a cubrir temas importantes, como la pol\u00edtica local, geopol\u00edtica, econom\u00eda, tecnolog\u00eda, noticias internacionales y eventos relacionados con la gesti\u00f3n social, cultural y humana. Su objetivo principal es mantener a la poblaci\u00f3n informada, ofreciendo una visi\u00f3n amplia y actualizada de lo que sucede tanto en el pa\u00eds como en el mundo. Est\u00e1 dirigido por un grupo de periodistas experimentados, lo que garantiza la calidad y la precisi\u00f3n de la informaci\u00f3n que ofrecen. Tiene su sede en la ciudad de Santo Domingo y es parte integral del portafolio de la empresa, MC Global S.R.L.\",\"sameAs\":[\"https:\/\/elglobal.do\",\"https:\/\/www.instagram.com\/elglobal.do_informativo\/\"],\"url\":\"https:\/\/elglobal.do\/index.php\/author\/elglobaluserpro\/\"}]}<\/script>\n<!-- \/ Yoast SEO plugin. -->","yoast_head_json":{"title":"Celso Marranzini promete soluci\u00f3n a apagones en el pa\u00eds - EL GLOBAL INFORMATIVO","robots":{"index":"index","follow":"follow","max-snippet":"max-snippet:-1","max-image-preview":"max-image-preview:large","max-video-preview":"max-video-preview:-1"},"canonical":"https:\/\/elglobal.do\/index.php\/2025\/08\/21\/celso-marranzini-promete-solucion-a-apagones-en-el-pais\/","og_locale":"es_ES","og_type":"article","og_title":"Celso Marranzini promete soluci\u00f3n a apagones en el pa\u00eds - EL GLOBAL INFORMATIVO","og_description":"Santo Domingo.-El presidente del Consejo Unificado de las Empresas Distribuidoras de Electricidad (CUED), Celso Marranzini, inform\u00f3 que los apagones generados la semana pasada no fueron solo por la salida de&hellip;","og_url":"https:\/\/elglobal.do\/index.php\/2025\/08\/21\/celso-marranzini-promete-solucion-a-apagones-en-el-pais\/","og_site_name":"EL GLOBAL INFORMATIVO","article_published_time":"2025-08-21T16:03:27+00:00","article_modified_time":"2025-08-21T18:28:09+00:00","og_image":[{"width":800,"height":628,"url":"https:\/\/elglobal.do\/wp-content\/uploads\/2025\/08\/image-21.png","type":"image\/png"}],"author":"EL GLOBAL","twitter_card":"summary_large_image","twitter_misc":{"Escrito por":"EL GLOBAL","Tiempo de lectura":"2 minutos"},"schema":{"@context":"https:\/\/schema.org","@graph":[{"@type":"Article","@id":"https:\/\/elglobal.do\/index.php\/2025\/08\/21\/celso-marranzini-promete-solucion-a-apagones-en-el-pais\/#article","isPartOf":{"@id":"https:\/\/elglobal.do\/index.php\/2025\/08\/21\/celso-marranzini-promete-solucion-a-apagones-en-el-pais\/"},"author":{"name":"EL GLOBAL","@id":"https:\/\/elglobal.do\/#\/schema\/person\/0c97ec2c7714fb605d230c292f64d55f"},"headline":"Celso Marranzini promete soluci\u00f3n a apagones en el pa\u00eds","datePublished":"2025-08-21T16:03:27+00:00","dateModified":"2025-08-21T18:28:09+00:00","mainEntityOfPage":{"@id":"https:\/\/elglobal.do\/index.php\/2025\/08\/21\/celso-marranzini-promete-solucion-a-apagones-en-el-pais\/"},"wordCount":288,"commentCount":0,"publisher":{"@id":"https:\/\/elglobal.do\/#organization"},"image":{"@id":"https:\/\/elglobal.do\/index.php\/2025\/08\/21\/celso-marranzini-promete-solucion-a-apagones-en-el-pais\/#primaryimage"},"thumbnailUrl":"https:\/\/elglobal.do\/wp-content\/uploads\/2025\/08\/image-21.png","keywords":["#Apagones","#CelsoMarranzini","#Soluciones"],"articleSection":["NACIONALES"],"inLanguage":"es","potentialAction":[{"@type":"CommentAction","name":"Comment","target":["https:\/\/elglobal.do\/index.php\/2025\/08\/21\/celso-marranzini-promete-solucion-a-apagones-en-el-pais\/#respond"]}]},{"@type":"WebPage","@id":"https:\/\/elglobal.do\/index.php\/2025\/08\/21\/celso-marranzini-promete-solucion-a-apagones-en-el-pais\/","url":"https:\/\/elglobal.do\/index.php\/2025\/08\/21\/celso-marranzini-promete-solucion-a-apagones-en-el-pais\/","name":"Celso Marranzini promete soluci\u00f3n a apagones en el pa\u00eds - EL GLOBAL INFORMATIVO","isPartOf":{"@id":"https:\/\/elglobal.do\/#website"},"primaryImageOfPage":{"@id":"https:\/\/elglobal.do\/index.php\/2025\/08\/21\/celso-marranzini-promete-solucion-a-apagones-en-el-pais\/#primaryimage"},"image":{"@id":"https:\/\/elglobal.do\/index.php\/2025\/08\/21\/celso-marranzini-promete-solucion-a-apagones-en-el-pais\/#primaryimage"},"thumbnailUrl":"https:\/\/elglobal.do\/wp-content\/uploads\/2025\/08\/image-21.png","datePublished":"2025-08-21T16:03:27+00:00","dateModified":"2025-08-21T18:28:09+00:00","breadcrumb":{"@id":"https:\/\/elglobal.do\/index.php\/2025\/08\/21\/celso-marranzini-promete-solucion-a-apagones-en-el-pais\/#breadcrumb"},"inLanguage":"es","potentialAction":[{"@type":"ReadAction","target":["https:\/\/elglobal.do\/index.php\/2025\/08\/21\/celso-marranzini-promete-solucion-a-apagones-en-el-pais\/"]}]},{"@type":"ImageObject","inLanguage":"es","@id":"https:\/\/elglobal.do\/index.php\/2025\/08\/21\/celso-marranzini-promete-solucion-a-apagones-en-el-pais\/#primaryimage","url":"https:\/\/elglobal.do\/wp-content\/uploads\/2025\/08\/image-21.png","contentUrl":"https:\/\/elglobal.do\/wp-content\/uploads\/2025\/08\/image-21.png","width":800,"height":628},{"@type":"BreadcrumbList","@id":"https:\/\/elglobal.do\/index.php\/2025\/08\/21\/celso-marranzini-promete-solucion-a-apagones-en-el-pais\/#breadcrumb","itemListElement":[{"@type":"ListItem","position":1,"name":"Portada","item":"https:\/\/elglobal.do\/"},{"@type":"ListItem","position":2,"name":"Celso Marranzini promete soluci\u00f3n a apagones en el pa\u00eds"}]},{"@type":"WebSite","@id":"https:\/\/elglobal.do\/#website","url":"https:\/\/elglobal.do\/","name":"EL GLOBAL INFORMATIVO","description":"Peri\u00f3dico digital de la Rep\u00fablica Dominicana que ofrece noticias, novedades, pol\u00edtica y las \u00faltimas actualidades, con informaci\u00f3n veraz y oportuna para mantenerte siempre informad","publisher":{"@id":"https:\/\/elglobal.do\/#organization"},"potentialAction":[{"@type":"SearchAction","target":{"@type":"EntryPoint","urlTemplate":"https:\/\/elglobal.do\/?s={search_term_string}"},"query-input":{"@type":"PropertyValueSpecification","valueRequired":true,"valueName":"search_term_string"}}],"inLanguage":"es"},{"@type":"Organization","@id":"https:\/\/elglobal.do\/#organization","name":"EL GLOBAL.DO INFORMATIVO","url":"https:\/\/elglobal.do\/","logo":{"@type":"ImageObject","inLanguage":"es","@id":"https:\/\/elglobal.do\/#\/schema\/logo\/image\/","url":"https:\/\/elglobal.do\/wp-content\/uploads\/2025\/08\/icon.png","contentUrl":"https:\/\/elglobal.do\/wp-content\/uploads\/2025\/08\/icon.png","width":512,"height":512,"caption":"EL GLOBAL.DO INFORMATIVO"},"image":{"@id":"https:\/\/elglobal.do\/#\/schema\/logo\/image\/"}},{"@type":"Person","@id":"https:\/\/elglobal.do\/#\/schema\/person\/0c97ec2c7714fb605d230c292f64d55f","name":"EL GLOBAL","image":{"@type":"ImageObject","inLanguage":"es","@id":"https:\/\/elglobal.do\/#\/schema\/person\/image\/","url":"https:\/\/secure.gravatar.com\/avatar\/081cfb6cf99faddc6f4e23a0c11ab98c5cf302925382d1c88dc3ed757ab910a3?s=96&d=mm&r=g","contentUrl":"https:\/\/secure.gravatar.com\/avatar\/081cfb6cf99faddc6f4e23a0c11ab98c5cf302925382d1c88dc3ed757ab910a3?s=96&d=mm&r=g","caption":"EL GLOBAL"},"description":"El Global Informativo es un peri\u00f3dico digital de Rep\u00fablica Dominicana que se dedica a cubrir temas importantes, como la pol\u00edtica local, geopol\u00edtica, econom\u00eda, tecnolog\u00eda, noticias internacionales y eventos relacionados con la gesti\u00f3n social, cultural y humana. Su objetivo principal es mantener a la poblaci\u00f3n informada, ofreciendo una visi\u00f3n amplia y actualizada de lo que sucede tanto en el pa\u00eds como en el mundo. Est\u00e1 dirigido por un grupo de periodistas experimentados, lo que garantiza la calidad y la precisi\u00f3n de la informaci\u00f3n que ofrecen. Tiene su sede en la ciudad de Santo Domingo y es parte integral del portafolio de la empresa, MC Global S.R.L.","sameAs":["https:\/\/elglobal.do","https:\/\/www.instagram.com\/elglobal.do_informativo\/"],"url":"https:\/\/elglobal.do\/index.php\/author\/elglobaluserpro\/"}]}},"jetpack_featured_media_url":"https:\/\/elglobal.do\/wp-content\/uploads\/2025\/08\/image-21.png","jetpack_sharing_enabled":true,"_links":{"self":[{"href":"https:\/\/elglobal.do\/index.php\/wp-json\/wp\/v2\/posts\/1473","targetHints":{"allow":["GET"]}}],"collection":[{"href":"https:\/\/elglobal.do\/index.php\/wp-json\/wp\/v2\/posts"}],"about":[{"href":"https:\/\/elglobal.do\/index.php\/wp-json\/wp\/v2\/types\/post"}],"author":[{"embeddable":true,"href":"https:\/\/elglobal.do\/index.php\/wp-json\/wp\/v2\/users\/1"}],"replies":[{"embeddable":true,"href":"https:\/\/elglobal.do\/index.php\/wp-json\/wp\/v2\/comments?post=1473"}],"version-history":[{"count":1,"href":"https:\/\/elglobal.do\/index.php\/wp-json\/wp\/v2\/posts\/1473\/revisions"}],"predecessor-version":[{"id":1475,"href":"https:\/\/elglobal.do\/index.php\/wp-json\/wp\/v2\/posts\/1473\/revisions\/1475"}],"wp:featuredmedia":[{"embeddable":true,"href":"https:\/\/elglobal.do\/index.php\/wp-json\/wp\/v2\/media\/1474"}],"wp:attachment":[{"href":"https:\/\/elglobal.do\/index.php\/wp-json\/wp\/v2\/media?parent=1473"}],"wp:term":[{"taxonomy":"category","embeddable":true,"href":"https:\/\/elglobal.do\/index.php\/wp-json\/wp\/v2\/categories?post=1473"},{"taxonomy":"post_tag","embeddable":true,"href":"https:\/\/elglobal.do\/index.php\/wp-json\/wp\/v2\/tags?post=1473"}],"curies":[{"name":"wp","href":"https:\/\/api.w.org\/{rel}","templated":true}]}}