{"id":1476,"date":"2025-08-21T12:37:16","date_gmt":"2025-08-21T16:37:16","guid":{"rendered":"https:\/\/elglobal.do\/?p=1476"},"modified":"2025-08-21T12:37:19","modified_gmt":"2025-08-21T16:37:19","slug":"tribunal-envia-a-prision-a-pareja-acusada-de-la-muerte-de-nina-de-7-anos-en-los-guandules","status":"publish","type":"post","link":"https:\/\/elglobal.do\/index.php\/2025\/08\/21\/tribunal-envia-a-prision-a-pareja-acusada-de-la-muerte-de-nina-de-7-anos-en-los-guandules\/","title":{"rendered":"Tribunal env\u00eda a prisi\u00f3n a pareja acusada de la muerte de ni\u00f1a de 7 a\u00f1os en Los Guandules"},"content":{"rendered":"\n<p><em>El tribunal impuso tres meses de prisi\u00f3n preventiva que ser\u00e1n cumplidos en el centro de Correcci\u00f3n y Rehabilitaci\u00f3n de Najayo.<\/em><\/p>\n\n\n\n<figure class=\"wp-block-image size-full\"><img loading=\"lazy\" decoding=\"async\" width=\"800\" height=\"522\" src=\"https:\/\/elglobal.do\/wp-content\/uploads\/2025\/08\/image-22.png\" alt=\"\" class=\"wp-image-1477\" srcset=\"https:\/\/elglobal.do\/wp-content\/uploads\/2025\/08\/image-22.png 800w, https:\/\/elglobal.do\/wp-content\/uploads\/2025\/08\/image-22-300x196.png 300w, https:\/\/elglobal.do\/wp-content\/uploads\/2025\/08\/image-22-768x501.png 768w\" sizes=\"auto, (max-width: 800px) 100vw, 800px\" \/><\/figure>\n\n\n\n<p><strong>Santo Domingo.-<\/strong>Una jueza del juzgado de\u00a0<strong>Atenci\u00f3n Permanente del Distrito Nacional<\/strong>\u00a0impuso tres meses de prisi\u00f3n preventiva en contra de una mujer y su pareja acusada de la muerte de una ni\u00f1a de 7 a\u00f1os de edad, hecho ocurrido en el sector Los Guandules, del Distrito Nacional.<\/p>\n\n\n\n<p>La magistrada&nbsp;<strong>F\u00e1tima Veloz<\/strong>&nbsp;dispuso que&nbsp;<strong>Yokeiry Coronado De La Cruz y su pareja Jeider Montero Medina<\/strong>&nbsp;cumplan la medida impuesta en el centro de Correcci\u00f3n y Rehabilitaci\u00f3n de Najayo.<\/p>\n\n\n\n<p>El tribunal tom\u00f3 la decisi\u00f3n tras acoger una solicitud de prisi\u00f3n preventiva presentada por la procuradora fiscal&nbsp;<strong>Topacio Milagro Suero Sierra<\/strong>, adscrita al Departamento de Cr\u00edmenes y Delitos contra la Persona (Homicidio) del Distrito Nacional.<\/p>\n\n\n\n<p>De acuerdo con la solicitud de coerci\u00f3n, los hechos se produjeron durante los meses de julio y agosto del a\u00f1o en curso, cuando la imputada Yokeiry Coronado De La Cruz incurri\u00f3 en actos de maltrato contra la v\u00edctima, mientras que el imputado Jeider Montero Medina, teniendo conocimiento de la situaci\u00f3n, no la denunci\u00f3, lo que culmin\u00f3 con la muerte de la ni\u00f1a.<\/p>\n\n\n\n<p>El 16 de agosto de 2025, aproximadamente a las 6:30 de la tarde,&nbsp;<strong>la imputada Yokeiry Coronado De La Cruz&nbsp;<\/strong>solicit\u00f3 la presencia de sus familiares Alejandrina Rodr\u00edguez Polanco y Mar\u00eda Polanco De La Cruz en su residencia, ubicada en la calle Respaldo Eugenio Perdomo, sector Los Guandules, debido a que la ni\u00f1a presentaba convulsiones.<\/p>\n\n\n\n<p>Al llegar, la se\u00f1ora Alejandrina Rodr\u00edguez Polanco se comunic\u00f3 con el Sistema Nacional de Emergencias <strong>9-1-1 <\/strong>para informar que la ni\u00f1a se encontraba inconsciente.<\/p>\n\n\n\n<p>Posteriormente, una m\u00e9dico forense del <strong>Instituto Nacional de Ciencias Forenses (Inacif) <\/strong>certific\u00f3 el fallecimiento de la ni\u00f1a, estableciendo que la causa de muerte estaba relacionada con un cuadro de maltrato reiterado, seg\u00fan consta en el Acta de Levantamiento de Cad\u00e1ver.<\/p>\n\n\n\n<p>La imputada&nbsp;<strong>Yokeiry Coronado De La Cruz<\/strong>&nbsp;ofreci\u00f3 una versi\u00f3n sobre las causas del fallecimiento que no coincidi\u00f3 con los hallazgos forenses, por lo que fue arrestada por las autoridades, tras la lectura de sus derechos constitucionales.<\/p>\n\n\n\n<p>Agentes de la&nbsp;<strong>Polic\u00eda Nacional<\/strong>&nbsp;tambi\u00e9n arrestaron a&nbsp;<strong>Jeider Montero Medina<\/strong>, en virtud del deber de cuidado y protecci\u00f3n que ten\u00eda junto a su pareja sobre la v\u00edctima.<\/p>\n\n\n\n<p><\/p>\n","protected":false},"excerpt":{"rendered":"<p>El tribunal impuso tres meses de prisi\u00f3n preventiva que ser\u00e1n cumplidos en el centro de Correcci\u00f3n y Rehabilitaci\u00f3n de Najayo. Santo Domingo.-Una jueza del juzgado de\u00a0Atenci\u00f3n Permanente del Distrito Nacional\u00a0impuso&hellip; <\/p>\n","protected":false},"author":1,"featured_media":1477,"comment_status":"open","ping_status":"open","sticky":false,"template":"","format":"standard","meta":{"_jetpack_memberships_contains_paid_content":false,"footnotes":""},"categories":[40],"tags":[633,528,712,711],"class_list":["post-1476","post","type-post","status-publish","format-standard","has-post-thumbnail","hentry","category-nacionales","tag-losguandules","tag-najayo","tag-prision","tag-tribunal"],"yoast_head":"<!-- This site is optimized with the Yoast SEO plugin v26.9 - https:\/\/yoast.com\/product\/yoast-seo-wordpress\/ -->\n<title>Tribunal env\u00eda a prisi\u00f3n a pareja acusada de la muerte de ni\u00f1a de 7 a\u00f1os en Los Guandules - EL GLOBAL INFORMATIVO<\/title>\n<meta name=\"robots\" content=\"index, follow, max-snippet:-1, max-image-preview:large, max-video-preview:-1\" \/>\n<link rel=\"canonical\" href=\"https:\/\/elglobal.do\/index.php\/2025\/08\/21\/tribunal-envia-a-prision-a-pareja-acusada-de-la-muerte-de-nina-de-7-anos-en-los-guandules\/\" \/>\n<meta property=\"og:locale\" content=\"es_ES\" \/>\n<meta property=\"og:type\" content=\"article\" \/>\n<meta property=\"og:title\" content=\"Tribunal env\u00eda a prisi\u00f3n a pareja acusada de la muerte de ni\u00f1a de 7 a\u00f1os en Los Guandules - EL GLOBAL INFORMATIVO\" \/>\n<meta property=\"og:description\" content=\"El tribunal impuso tres meses de prisi\u00f3n preventiva que ser\u00e1n cumplidos en el centro de Correcci\u00f3n y Rehabilitaci\u00f3n de Najayo. Santo Domingo.-Una jueza del juzgado de\u00a0Atenci\u00f3n Permanente del Distrito Nacional\u00a0impuso&hellip;\" \/>\n<meta property=\"og:url\" content=\"https:\/\/elglobal.do\/index.php\/2025\/08\/21\/tribunal-envia-a-prision-a-pareja-acusada-de-la-muerte-de-nina-de-7-anos-en-los-guandules\/\" \/>\n<meta property=\"og:site_name\" content=\"EL GLOBAL INFORMATIVO\" \/>\n<meta property=\"article:published_time\" content=\"2025-08-21T16:37:16+00:00\" \/>\n<meta property=\"article:modified_time\" content=\"2025-08-21T16:37:19+00:00\" \/>\n<meta property=\"og:image\" content=\"https:\/\/elglobal.do\/wp-content\/uploads\/2025\/08\/image-22.png\" \/>\n\t<meta property=\"og:image:width\" content=\"800\" \/>\n\t<meta property=\"og:image:height\" content=\"522\" \/>\n\t<meta property=\"og:image:type\" content=\"image\/png\" \/>\n<meta name=\"author\" content=\"EL GLOBAL\" \/>\n<meta name=\"twitter:card\" content=\"summary_large_image\" \/>\n<meta name=\"twitter:label1\" content=\"Escrito por\" \/>\n\t<meta name=\"twitter:data1\" content=\"EL GLOBAL\" \/>\n\t<meta name=\"twitter:label2\" content=\"Tiempo de lectura\" \/>\n\t<meta name=\"twitter:data2\" content=\"3 minutos\" \/>\n<script type=\"application\/ld+json\" class=\"yoast-schema-graph\">{\"@context\":\"https:\/\/schema.org\",\"@graph\":[{\"@type\":\"Article\",\"@id\":\"https:\/\/elglobal.do\/index.php\/2025\/08\/21\/tribunal-envia-a-prision-a-pareja-acusada-de-la-muerte-de-nina-de-7-anos-en-los-guandules\/#article\",\"isPartOf\":{\"@id\":\"https:\/\/elglobal.do\/index.php\/2025\/08\/21\/tribunal-envia-a-prision-a-pareja-acusada-de-la-muerte-de-nina-de-7-anos-en-los-guandules\/\"},\"author\":{\"name\":\"EL GLOBAL\",\"@id\":\"https:\/\/elglobal.do\/#\/schema\/person\/0c97ec2c7714fb605d230c292f64d55f\"},\"headline\":\"Tribunal env\u00eda a prisi\u00f3n a pareja acusada de la muerte de ni\u00f1a de 7 a\u00f1os en Los Guandules\",\"datePublished\":\"2025-08-21T16:37:16+00:00\",\"dateModified\":\"2025-08-21T16:37:19+00:00\",\"mainEntityOfPage\":{\"@id\":\"https:\/\/elglobal.do\/index.php\/2025\/08\/21\/tribunal-envia-a-prision-a-pareja-acusada-de-la-muerte-de-nina-de-7-anos-en-los-guandules\/\"},\"wordCount\":444,\"commentCount\":0,\"publisher\":{\"@id\":\"https:\/\/elglobal.do\/#organization\"},\"image\":{\"@id\":\"https:\/\/elglobal.do\/index.php\/2025\/08\/21\/tribunal-envia-a-prision-a-pareja-acusada-de-la-muerte-de-nina-de-7-anos-en-los-guandules\/#primaryimage\"},\"thumbnailUrl\":\"https:\/\/elglobal.do\/wp-content\/uploads\/2025\/08\/image-22.png\",\"keywords\":[\"#LosGuandules\",\"#Najayo\",\"#Prisi\u00f3n\",\"#Tribunal\"],\"articleSection\":[\"NACIONALES\"],\"inLanguage\":\"es\",\"potentialAction\":[{\"@type\":\"CommentAction\",\"name\":\"Comment\",\"target\":[\"https:\/\/elglobal.do\/index.php\/2025\/08\/21\/tribunal-envia-a-prision-a-pareja-acusada-de-la-muerte-de-nina-de-7-anos-en-los-guandules\/#respond\"]}]},{\"@type\":\"WebPage\",\"@id\":\"https:\/\/elglobal.do\/index.php\/2025\/08\/21\/tribunal-envia-a-prision-a-pareja-acusada-de-la-muerte-de-nina-de-7-anos-en-los-guandules\/\",\"url\":\"https:\/\/elglobal.do\/index.php\/2025\/08\/21\/tribunal-envia-a-prision-a-pareja-acusada-de-la-muerte-de-nina-de-7-anos-en-los-guandules\/\",\"name\":\"Tribunal env\u00eda a prisi\u00f3n a pareja acusada de la muerte de ni\u00f1a de 7 a\u00f1os en Los Guandules - EL GLOBAL INFORMATIVO\",\"isPartOf\":{\"@id\":\"https:\/\/elglobal.do\/#website\"},\"primaryImageOfPage\":{\"@id\":\"https:\/\/elglobal.do\/index.php\/2025\/08\/21\/tribunal-envia-a-prision-a-pareja-acusada-de-la-muerte-de-nina-de-7-anos-en-los-guandules\/#primaryimage\"},\"image\":{\"@id\":\"https:\/\/elglobal.do\/index.php\/2025\/08\/21\/tribunal-envia-a-prision-a-pareja-acusada-de-la-muerte-de-nina-de-7-anos-en-los-guandules\/#primaryimage\"},\"thumbnailUrl\":\"https:\/\/elglobal.do\/wp-content\/uploads\/2025\/08\/image-22.png\",\"datePublished\":\"2025-08-21T16:37:16+00:00\",\"dateModified\":\"2025-08-21T16:37:19+00:00\",\"breadcrumb\":{\"@id\":\"https:\/\/elglobal.do\/index.php\/2025\/08\/21\/tribunal-envia-a-prision-a-pareja-acusada-de-la-muerte-de-nina-de-7-anos-en-los-guandules\/#breadcrumb\"},\"inLanguage\":\"es\",\"potentialAction\":[{\"@type\":\"ReadAction\",\"target\":[\"https:\/\/elglobal.do\/index.php\/2025\/08\/21\/tribunal-envia-a-prision-a-pareja-acusada-de-la-muerte-de-nina-de-7-anos-en-los-guandules\/\"]}]},{\"@type\":\"ImageObject\",\"inLanguage\":\"es\",\"@id\":\"https:\/\/elglobal.do\/index.php\/2025\/08\/21\/tribunal-envia-a-prision-a-pareja-acusada-de-la-muerte-de-nina-de-7-anos-en-los-guandules\/#primaryimage\",\"url\":\"https:\/\/elglobal.do\/wp-content\/uploads\/2025\/08\/image-22.png\",\"contentUrl\":\"https:\/\/elglobal.do\/wp-content\/uploads\/2025\/08\/image-22.png\",\"width\":800,\"height\":522},{\"@type\":\"BreadcrumbList\",\"@id\":\"https:\/\/elglobal.do\/index.php\/2025\/08\/21\/tribunal-envia-a-prision-a-pareja-acusada-de-la-muerte-de-nina-de-7-anos-en-los-guandules\/#breadcrumb\",\"itemListElement\":[{\"@type\":\"ListItem\",\"position\":1,\"name\":\"Portada\",\"item\":\"https:\/\/elglobal.do\/\"},{\"@type\":\"ListItem\",\"position\":2,\"name\":\"Tribunal env\u00eda a prisi\u00f3n a pareja acusada de la muerte de ni\u00f1a de 7 a\u00f1os en Los Guandules\"}]},{\"@type\":\"WebSite\",\"@id\":\"https:\/\/elglobal.do\/#website\",\"url\":\"https:\/\/elglobal.do\/\",\"name\":\"EL GLOBAL INFORMATIVO\",\"description\":\"Peri\u00f3dico digital de la Rep\u00fablica Dominicana que ofrece noticias, novedades, pol\u00edtica y las \u00faltimas actualidades, con informaci\u00f3n veraz y oportuna para mantenerte siempre informad\",\"publisher\":{\"@id\":\"https:\/\/elglobal.do\/#organization\"},\"potentialAction\":[{\"@type\":\"SearchAction\",\"target\":{\"@type\":\"EntryPoint\",\"urlTemplate\":\"https:\/\/elglobal.do\/?s={search_term_string}\"},\"query-input\":{\"@type\":\"PropertyValueSpecification\",\"valueRequired\":true,\"valueName\":\"search_term_string\"}}],\"inLanguage\":\"es\"},{\"@type\":\"Organization\",\"@id\":\"https:\/\/elglobal.do\/#organization\",\"name\":\"EL GLOBAL.DO INFORMATIVO\",\"url\":\"https:\/\/elglobal.do\/\",\"logo\":{\"@type\":\"ImageObject\",\"inLanguage\":\"es\",\"@id\":\"https:\/\/elglobal.do\/#\/schema\/logo\/image\/\",\"url\":\"https:\/\/elglobal.do\/wp-content\/uploads\/2025\/08\/icon.png\",\"contentUrl\":\"https:\/\/elglobal.do\/wp-content\/uploads\/2025\/08\/icon.png\",\"width\":512,\"height\":512,\"caption\":\"EL GLOBAL.DO INFORMATIVO\"},\"image\":{\"@id\":\"https:\/\/elglobal.do\/#\/schema\/logo\/image\/\"}},{\"@type\":\"Person\",\"@id\":\"https:\/\/elglobal.do\/#\/schema\/person\/0c97ec2c7714fb605d230c292f64d55f\",\"name\":\"EL GLOBAL\",\"image\":{\"@type\":\"ImageObject\",\"inLanguage\":\"es\",\"@id\":\"https:\/\/elglobal.do\/#\/schema\/person\/image\/\",\"url\":\"https:\/\/secure.gravatar.com\/avatar\/081cfb6cf99faddc6f4e23a0c11ab98c5cf302925382d1c88dc3ed757ab910a3?s=96&d=mm&r=g\",\"contentUrl\":\"https:\/\/secure.gravatar.com\/avatar\/081cfb6cf99faddc6f4e23a0c11ab98c5cf302925382d1c88dc3ed757ab910a3?s=96&d=mm&r=g\",\"caption\":\"EL GLOBAL\"},\"description\":\"El Global Informativo es un peri\u00f3dico digital de Rep\u00fablica Dominicana que se dedica a cubrir temas importantes, como la pol\u00edtica local, geopol\u00edtica, econom\u00eda, tecnolog\u00eda, noticias internacionales y eventos relacionados con la gesti\u00f3n social, cultural y humana. Su objetivo principal es mantener a la poblaci\u00f3n informada, ofreciendo una visi\u00f3n amplia y actualizada de lo que sucede tanto en el pa\u00eds como en el mundo. Est\u00e1 dirigido por un grupo de periodistas experimentados, lo que garantiza la calidad y la precisi\u00f3n de la informaci\u00f3n que ofrecen. Tiene su sede en la ciudad de Santo Domingo y es parte integral del portafolio de la empresa, MC Global S.R.L.\",\"sameAs\":[\"https:\/\/elglobal.do\",\"https:\/\/www.instagram.com\/elglobal.do_informativo\/\"],\"url\":\"https:\/\/elglobal.do\/index.php\/author\/elglobaluserpro\/\"}]}<\/script>\n<!-- \/ Yoast SEO plugin. -->","yoast_head_json":{"title":"Tribunal env\u00eda a prisi\u00f3n a pareja acusada de la muerte de ni\u00f1a de 7 a\u00f1os en Los Guandules - EL GLOBAL INFORMATIVO","robots":{"index":"index","follow":"follow","max-snippet":"max-snippet:-1","max-image-preview":"max-image-preview:large","max-video-preview":"max-video-preview:-1"},"canonical":"https:\/\/elglobal.do\/index.php\/2025\/08\/21\/tribunal-envia-a-prision-a-pareja-acusada-de-la-muerte-de-nina-de-7-anos-en-los-guandules\/","og_locale":"es_ES","og_type":"article","og_title":"Tribunal env\u00eda a prisi\u00f3n a pareja acusada de la muerte de ni\u00f1a de 7 a\u00f1os en Los Guandules - EL GLOBAL INFORMATIVO","og_description":"El tribunal impuso tres meses de prisi\u00f3n preventiva que ser\u00e1n cumplidos en el centro de Correcci\u00f3n y Rehabilitaci\u00f3n de Najayo. Santo Domingo.-Una jueza del juzgado de\u00a0Atenci\u00f3n Permanente del Distrito Nacional\u00a0impuso&hellip;","og_url":"https:\/\/elglobal.do\/index.php\/2025\/08\/21\/tribunal-envia-a-prision-a-pareja-acusada-de-la-muerte-de-nina-de-7-anos-en-los-guandules\/","og_site_name":"EL GLOBAL INFORMATIVO","article_published_time":"2025-08-21T16:37:16+00:00","article_modified_time":"2025-08-21T16:37:19+00:00","og_image":[{"width":800,"height":522,"url":"https:\/\/elglobal.do\/wp-content\/uploads\/2025\/08\/image-22.png","type":"image\/png"}],"author":"EL GLOBAL","twitter_card":"summary_large_image","twitter_misc":{"Escrito por":"EL GLOBAL","Tiempo de lectura":"3 minutos"},"schema":{"@context":"https:\/\/schema.org","@graph":[{"@type":"Article","@id":"https:\/\/elglobal.do\/index.php\/2025\/08\/21\/tribunal-envia-a-prision-a-pareja-acusada-de-la-muerte-de-nina-de-7-anos-en-los-guandules\/#article","isPartOf":{"@id":"https:\/\/elglobal.do\/index.php\/2025\/08\/21\/tribunal-envia-a-prision-a-pareja-acusada-de-la-muerte-de-nina-de-7-anos-en-los-guandules\/"},"author":{"name":"EL GLOBAL","@id":"https:\/\/elglobal.do\/#\/schema\/person\/0c97ec2c7714fb605d230c292f64d55f"},"headline":"Tribunal env\u00eda a prisi\u00f3n a pareja acusada de la muerte de ni\u00f1a de 7 a\u00f1os en Los Guandules","datePublished":"2025-08-21T16:37:16+00:00","dateModified":"2025-08-21T16:37:19+00:00","mainEntityOfPage":{"@id":"https:\/\/elglobal.do\/index.php\/2025\/08\/21\/tribunal-envia-a-prision-a-pareja-acusada-de-la-muerte-de-nina-de-7-anos-en-los-guandules\/"},"wordCount":444,"commentCount":0,"publisher":{"@id":"https:\/\/elglobal.do\/#organization"},"image":{"@id":"https:\/\/elglobal.do\/index.php\/2025\/08\/21\/tribunal-envia-a-prision-a-pareja-acusada-de-la-muerte-de-nina-de-7-anos-en-los-guandules\/#primaryimage"},"thumbnailUrl":"https:\/\/elglobal.do\/wp-content\/uploads\/2025\/08\/image-22.png","keywords":["#LosGuandules","#Najayo","#Prisi\u00f3n","#Tribunal"],"articleSection":["NACIONALES"],"inLanguage":"es","potentialAction":[{"@type":"CommentAction","name":"Comment","target":["https:\/\/elglobal.do\/index.php\/2025\/08\/21\/tribunal-envia-a-prision-a-pareja-acusada-de-la-muerte-de-nina-de-7-anos-en-los-guandules\/#respond"]}]},{"@type":"WebPage","@id":"https:\/\/elglobal.do\/index.php\/2025\/08\/21\/tribunal-envia-a-prision-a-pareja-acusada-de-la-muerte-de-nina-de-7-anos-en-los-guandules\/","url":"https:\/\/elglobal.do\/index.php\/2025\/08\/21\/tribunal-envia-a-prision-a-pareja-acusada-de-la-muerte-de-nina-de-7-anos-en-los-guandules\/","name":"Tribunal env\u00eda a prisi\u00f3n a pareja acusada de la muerte de ni\u00f1a de 7 a\u00f1os en Los Guandules - EL GLOBAL INFORMATIVO","isPartOf":{"@id":"https:\/\/elglobal.do\/#website"},"primaryImageOfPage":{"@id":"https:\/\/elglobal.do\/index.php\/2025\/08\/21\/tribunal-envia-a-prision-a-pareja-acusada-de-la-muerte-de-nina-de-7-anos-en-los-guandules\/#primaryimage"},"image":{"@id":"https:\/\/elglobal.do\/index.php\/2025\/08\/21\/tribunal-envia-a-prision-a-pareja-acusada-de-la-muerte-de-nina-de-7-anos-en-los-guandules\/#primaryimage"},"thumbnailUrl":"https:\/\/elglobal.do\/wp-content\/uploads\/2025\/08\/image-22.png","datePublished":"2025-08-21T16:37:16+00:00","dateModified":"2025-08-21T16:37:19+00:00","breadcrumb":{"@id":"https:\/\/elglobal.do\/index.php\/2025\/08\/21\/tribunal-envia-a-prision-a-pareja-acusada-de-la-muerte-de-nina-de-7-anos-en-los-guandules\/#breadcrumb"},"inLanguage":"es","potentialAction":[{"@type":"ReadAction","target":["https:\/\/elglobal.do\/index.php\/2025\/08\/21\/tribunal-envia-a-prision-a-pareja-acusada-de-la-muerte-de-nina-de-7-anos-en-los-guandules\/"]}]},{"@type":"ImageObject","inLanguage":"es","@id":"https:\/\/elglobal.do\/index.php\/2025\/08\/21\/tribunal-envia-a-prision-a-pareja-acusada-de-la-muerte-de-nina-de-7-anos-en-los-guandules\/#primaryimage","url":"https:\/\/elglobal.do\/wp-content\/uploads\/2025\/08\/image-22.png","contentUrl":"https:\/\/elglobal.do\/wp-content\/uploads\/2025\/08\/image-22.png","width":800,"height":522},{"@type":"BreadcrumbList","@id":"https:\/\/elglobal.do\/index.php\/2025\/08\/21\/tribunal-envia-a-prision-a-pareja-acusada-de-la-muerte-de-nina-de-7-anos-en-los-guandules\/#breadcrumb","itemListElement":[{"@type":"ListItem","position":1,"name":"Portada","item":"https:\/\/elglobal.do\/"},{"@type":"ListItem","position":2,"name":"Tribunal env\u00eda a prisi\u00f3n a pareja acusada de la muerte de ni\u00f1a de 7 a\u00f1os en Los Guandules"}]},{"@type":"WebSite","@id":"https:\/\/elglobal.do\/#website","url":"https:\/\/elglobal.do\/","name":"EL GLOBAL INFORMATIVO","description":"Peri\u00f3dico digital de la Rep\u00fablica Dominicana que ofrece noticias, novedades, pol\u00edtica y las \u00faltimas actualidades, con informaci\u00f3n veraz y oportuna para mantenerte siempre informad","publisher":{"@id":"https:\/\/elglobal.do\/#organization"},"potentialAction":[{"@type":"SearchAction","target":{"@type":"EntryPoint","urlTemplate":"https:\/\/elglobal.do\/?s={search_term_string}"},"query-input":{"@type":"PropertyValueSpecification","valueRequired":true,"valueName":"search_term_string"}}],"inLanguage":"es"},{"@type":"Organization","@id":"https:\/\/elglobal.do\/#organization","name":"EL GLOBAL.DO INFORMATIVO","url":"https:\/\/elglobal.do\/","logo":{"@type":"ImageObject","inLanguage":"es","@id":"https:\/\/elglobal.do\/#\/schema\/logo\/image\/","url":"https:\/\/elglobal.do\/wp-content\/uploads\/2025\/08\/icon.png","contentUrl":"https:\/\/elglobal.do\/wp-content\/uploads\/2025\/08\/icon.png","width":512,"height":512,"caption":"EL GLOBAL.DO INFORMATIVO"},"image":{"@id":"https:\/\/elglobal.do\/#\/schema\/logo\/image\/"}},{"@type":"Person","@id":"https:\/\/elglobal.do\/#\/schema\/person\/0c97ec2c7714fb605d230c292f64d55f","name":"EL GLOBAL","image":{"@type":"ImageObject","inLanguage":"es","@id":"https:\/\/elglobal.do\/#\/schema\/person\/image\/","url":"https:\/\/secure.gravatar.com\/avatar\/081cfb6cf99faddc6f4e23a0c11ab98c5cf302925382d1c88dc3ed757ab910a3?s=96&d=mm&r=g","contentUrl":"https:\/\/secure.gravatar.com\/avatar\/081cfb6cf99faddc6f4e23a0c11ab98c5cf302925382d1c88dc3ed757ab910a3?s=96&d=mm&r=g","caption":"EL GLOBAL"},"description":"El Global Informativo es un peri\u00f3dico digital de Rep\u00fablica Dominicana que se dedica a cubrir temas importantes, como la pol\u00edtica local, geopol\u00edtica, econom\u00eda, tecnolog\u00eda, noticias internacionales y eventos relacionados con la gesti\u00f3n social, cultural y humana. Su objetivo principal es mantener a la poblaci\u00f3n informada, ofreciendo una visi\u00f3n amplia y actualizada de lo que sucede tanto en el pa\u00eds como en el mundo. Est\u00e1 dirigido por un grupo de periodistas experimentados, lo que garantiza la calidad y la precisi\u00f3n de la informaci\u00f3n que ofrecen. Tiene su sede en la ciudad de Santo Domingo y es parte integral del portafolio de la empresa, MC Global S.R.L.","sameAs":["https:\/\/elglobal.do","https:\/\/www.instagram.com\/elglobal.do_informativo\/"],"url":"https:\/\/elglobal.do\/index.php\/author\/elglobaluserpro\/"}]}},"jetpack_featured_media_url":"https:\/\/elglobal.do\/wp-content\/uploads\/2025\/08\/image-22.png","jetpack_sharing_enabled":true,"_links":{"self":[{"href":"https:\/\/elglobal.do\/index.php\/wp-json\/wp\/v2\/posts\/1476","targetHints":{"allow":["GET"]}}],"collection":[{"href":"https:\/\/elglobal.do\/index.php\/wp-json\/wp\/v2\/posts"}],"about":[{"href":"https:\/\/elglobal.do\/index.php\/wp-json\/wp\/v2\/types\/post"}],"author":[{"embeddable":true,"href":"https:\/\/elglobal.do\/index.php\/wp-json\/wp\/v2\/users\/1"}],"replies":[{"embeddable":true,"href":"https:\/\/elglobal.do\/index.php\/wp-json\/wp\/v2\/comments?post=1476"}],"version-history":[{"count":1,"href":"https:\/\/elglobal.do\/index.php\/wp-json\/wp\/v2\/posts\/1476\/revisions"}],"predecessor-version":[{"id":1478,"href":"https:\/\/elglobal.do\/index.php\/wp-json\/wp\/v2\/posts\/1476\/revisions\/1478"}],"wp:featuredmedia":[{"embeddable":true,"href":"https:\/\/elglobal.do\/index.php\/wp-json\/wp\/v2\/media\/1477"}],"wp:attachment":[{"href":"https:\/\/elglobal.do\/index.php\/wp-json\/wp\/v2\/media?parent=1476"}],"wp:term":[{"taxonomy":"category","embeddable":true,"href":"https:\/\/elglobal.do\/index.php\/wp-json\/wp\/v2\/categories?post=1476"},{"taxonomy":"post_tag","embeddable":true,"href":"https:\/\/elglobal.do\/index.php\/wp-json\/wp\/v2\/tags?post=1476"}],"curies":[{"name":"wp","href":"https:\/\/api.w.org\/{rel}","templated":true}]}}