{"id":1486,"date":"2025-08-21T14:25:52","date_gmt":"2025-08-21T18:25:52","guid":{"rendered":"https:\/\/elglobal.do\/?p=1486"},"modified":"2025-08-29T16:54:41","modified_gmt":"2025-08-29T20:54:41","slug":"fao-afirma-rd-reduce-subalimentacion-en-2025-y-fortalece-el-poder-adquisitivo-de-sus-ciudadanos","status":"publish","type":"post","link":"https:\/\/elglobal.do\/index.php\/2025\/08\/21\/fao-afirma-rd-reduce-subalimentacion-en-2025-y-fortalece-el-poder-adquisitivo-de-sus-ciudadanos\/","title":{"rendered":"FAO afirma RD reduce subalimentaci\u00f3n en 2025 y fortalece el poder adquisitivo de sus ciudadanos"},"content":{"rendered":"\n<p><em>FAO resalta que este avance responde a pol\u00edticas de aumentos salariales, acompa\u00f1adas de programas de protecci\u00f3n social y mejoras en la producci\u00f3n agr\u00edcola implementadas por el presidente Abinader.<\/em><\/p>\n\n\n\n<p><\/p>\n\n\n\n<figure class=\"wp-block-image size-large\"><img loading=\"lazy\" decoding=\"async\" width=\"1024\" height=\"683\" src=\"https:\/\/elglobal.do\/wp-content\/uploads\/2025\/08\/Resalta-1024x683.jpeg\" alt=\"\" class=\"wp-image-1488\" srcset=\"https:\/\/elglobal.do\/wp-content\/uploads\/2025\/08\/Resalta-1024x683.jpeg 1024w, https:\/\/elglobal.do\/wp-content\/uploads\/2025\/08\/Resalta-300x200.jpeg 300w, https:\/\/elglobal.do\/wp-content\/uploads\/2025\/08\/Resalta-768x512.jpeg 768w, https:\/\/elglobal.do\/wp-content\/uploads\/2025\/08\/Resalta-1536x1024.jpeg 1536w, https:\/\/elglobal.do\/wp-content\/uploads\/2025\/08\/Resalta-2048x1366.jpeg 2048w\" sizes=\"auto, (max-width: 1024px) 100vw, 1024px\" \/><\/figure>\n\n\n\n<p><\/p>\n\n\n\n<p><strong>Santo Domingo. \u2013 <\/strong>El economista jefe de <strong>la Organizaci\u00f3n de las Naciones Unidas para la Alimentaci\u00f3n y la Agricultura (FAO),<\/strong> <strong>M\u00e1ximo Torero<\/strong>, destac\u00f3 que en Rep\u00fablica Dominicana <strong>la subalimentaci\u00f3n se redujo del 8.7% en 2019 al 3.6% en 2025<\/strong>, situ\u00e1ndose por debajo del promedio regional.<\/p>\n\n\n\n<p>Del mismo modo, Torero resalt\u00f3 que los ingresos laborales reales han crecido por encima de la inflaci\u00f3n, lo que ha permitido mantener y fortalecer el poder adquisitivo de los ciudadanos. Seg\u00fan lo presentado, este avance responde a las pol\u00edticas implementadas en materia de aumentos salariales, acompa\u00f1adas de programas de protecci\u00f3n social y mejoras en la producci\u00f3n agr\u00edcola.<\/p>\n\n\n\n<p>En su informe, Torero indic\u00f3 que la inflaci\u00f3n alimentaria en el pa\u00eds ha mostrado una brecha menor respecto a la inflaci\u00f3n general, e incluso, en el tramo m\u00e1s reciente, ha disminuido m\u00e1s r\u00e1pido. Esta combinaci\u00f3n con el alza de los salarios reales ha permitido que la poblaci\u00f3n dominicana enfrente mejor el aumento de los precios globales de los alimentos, garantizando un mayor acceso a dietas saludables y una reducci\u00f3n sostenida de la inseguridad alimentaria.<\/p>\n\n\n\n<p><\/p>\n\n\n\n<figure class=\"wp-block-image size-large\"><img loading=\"lazy\" decoding=\"async\" width=\"1024\" height=\"683\" src=\"https:\/\/elglobal.do\/wp-content\/uploads\/2025\/08\/presidente-5-1024x683.jpeg\" alt=\"\" class=\"wp-image-1489\" srcset=\"https:\/\/elglobal.do\/wp-content\/uploads\/2025\/08\/presidente-5-1024x683.jpeg 1024w, https:\/\/elglobal.do\/wp-content\/uploads\/2025\/08\/presidente-5-300x200.jpeg 300w, https:\/\/elglobal.do\/wp-content\/uploads\/2025\/08\/presidente-5-768x512.jpeg 768w, https:\/\/elglobal.do\/wp-content\/uploads\/2025\/08\/presidente-5-1536x1024.jpeg 1536w, https:\/\/elglobal.do\/wp-content\/uploads\/2025\/08\/presidente-5-2048x1366.jpeg 2048w\" sizes=\"auto, (max-width: 1024px) 100vw, 1024px\" \/><\/figure>\n\n\n\n<p><\/p>\n\n\n\n<p><strong>Bajar subalimentaci\u00f3n es un gran logro<\/strong><\/p>\n\n\n\n<p>Durante su intervenci\u00f3n en el Di\u00e1logo Regional sobre Seguridad Alimentaria e H\u00eddrica: \u201c<strong>Una Agenda Mano de la Mano\u201d<\/strong>, celebrado en el Centro de Convenciones del Ministerio de Relaciones Exteriores (MIREX), el presidente <strong>Abinader afirm\u00f3 que la reducci\u00f3n del \u00edndice de subalimentaci\u00f3n al 3.6% en 2025 impulsa a continuar la coordinaci\u00f3n con todas las instituciones del Gobierno<\/strong>.<\/p>\n\n\n\n<p><strong>\u00abBajar a 3.6 en la subalimentaci\u00f3n, la verdad que es un logro importante es un gran logro. Cuando nosotros lo recibimos en 8.7, eso no disminuy\u00f3 en t\u00e9rminos generales debido a la pandemia que realmente afect\u00f3\u00bb<\/strong>, indic\u00f3 el jefe de Estado.<\/p>\n\n\n\n<p>El mandatario record\u00f3 las reuniones semanales que mantiene con el <strong>\u201cGabinete de Hambre Cero\u201d<\/strong>, integrado por <strong>el Ministerio de Agricultura, el Instituto Nacional de Bienestar Estudiantil (INABIE), los Comedores Econ\u00f3micos y el Gabinete Socia<\/strong>l, donde se coordinan acciones para garantizar la alimentaci\u00f3n de la poblaci\u00f3n.<\/p>\n\n\n\n<p>El presidente Abinader destac\u00f3 adem\u00e1s la multiplicaci\u00f3n por cuatro de los Comedores Econ\u00f3micos, el aumento significativo en la alimentaci\u00f3n escolar a trav\u00e9s del Instituto Nacional de Bienestar Estudiantil (INABIE) y la mejora del salario real de los trabajadores.<\/p>\n\n\n\n<p><strong>Fortalecimiento del campo ha sido clave<\/strong><\/p>\n\n\n\n<p>De su lado, el ministro de Agricultura, Limber Cruz, enfatiz\u00f3 el papel del sector agropecuario en los logros alcanzados, destacando que el fortalecimiento del campo ha sido clave para reducir el hambre en la Rep\u00fablica Dominicana. Se\u00f1al\u00f3 tambi\u00e9n que se ha impulsado la productividad, apoyado a los peque\u00f1os productores y promovido pr\u00e1cticas sostenibles, convirtiendo al pa\u00eds en un referente regional.<\/p>\n\n\n\n<p>La agenda incluy\u00f3 dos paneles de alto nivel: el primero centrado en la Iniciativa \u201cMano de la Mano\u201d para acelerar la transformaci\u00f3n de los sistemas agroalimentarios, y el segundo en un intercambio de experiencias sobre la reducci\u00f3n del hambre y la pobreza.<\/p>\n\n\n\n<p><\/p>\n\n\n\n<figure class=\"wp-block-image size-large\"><img loading=\"lazy\" decoding=\"async\" width=\"1024\" height=\"683\" src=\"https:\/\/elglobal.do\/wp-content\/uploads\/2025\/08\/presidente-y-canciller-1024x683.jpeg\" alt=\"\" class=\"wp-image-1490\" srcset=\"https:\/\/elglobal.do\/wp-content\/uploads\/2025\/08\/presidente-y-canciller-1024x683.jpeg 1024w, https:\/\/elglobal.do\/wp-content\/uploads\/2025\/08\/presidente-y-canciller-300x200.jpeg 300w, https:\/\/elglobal.do\/wp-content\/uploads\/2025\/08\/presidente-y-canciller-768x512.jpeg 768w, https:\/\/elglobal.do\/wp-content\/uploads\/2025\/08\/presidente-y-canciller-1536x1024.jpeg 1536w, https:\/\/elglobal.do\/wp-content\/uploads\/2025\/08\/presidente-y-canciller-2048x1366.jpeg 2048w\" sizes=\"auto, (max-width: 1024px) 100vw, 1024px\" \/><\/figure>\n\n\n\n<p><\/p>\n\n\n\n<p>El evento cont\u00f3 con la asistencia de Lucrecia Rodr\u00edguez, del SICA; Manuel Torres, del BCIE; Francisco Bueso, del Banco Mundial; Mario Gonz\u00e1lez, del BID; Luis Felipe Barrantes, del Instituto de Ayuda Social de Costa Rica; Adriana Telles, del CGSAN, entre otros importantes funcionarios del gobierno central, el sector privado y la sociedad civil.<\/p>\n\n\n\n<p>El Di\u00e1logo concluy\u00f3 con un llamado a fortalecer la cooperaci\u00f3n regional y a trabajar de manera conjunta entre gobiernos, organismos multilaterales y sociedad civil, con el objetivo de garantizar el derecho a la alimentaci\u00f3n y el acceso sostenible al agua en la regi\u00f3n.<\/p>\n","protected":false},"excerpt":{"rendered":"<p>FAO resalta que este avance responde a pol\u00edticas de aumentos salariales, acompa\u00f1adas de programas de protecci\u00f3n social y mejoras en la producci\u00f3n agr\u00edcola implementadas por el presidente Abinader. Santo Domingo.&hellip; <\/p>\n","protected":false},"author":1,"featured_media":1487,"comment_status":"open","ping_status":"open","sticky":false,"template":"","format":"standard","meta":{"_jetpack_memberships_contains_paid_content":false,"footnotes":""},"categories":[10],"tags":[98,717,259,718],"class_list":["post-1486","post","type-post","status-publish","format-standard","has-post-thumbnail","hentry","category-economia","tag-elglobalinformativo","tag-fao","tag-rd","tag-subalimentacion"],"yoast_head":"<!-- This site is optimized with the Yoast SEO plugin v26.9 - https:\/\/yoast.com\/product\/yoast-seo-wordpress\/ -->\n<title>FAO afirma RD reduce subalimentaci\u00f3n en 2025 y fortalece el poder adquisitivo de sus ciudadanos - EL GLOBAL INFORMATIVO<\/title>\n<meta name=\"robots\" content=\"index, follow, max-snippet:-1, max-image-preview:large, max-video-preview:-1\" \/>\n<link rel=\"canonical\" href=\"https:\/\/elglobal.do\/index.php\/2025\/08\/21\/fao-afirma-rd-reduce-subalimentacion-en-2025-y-fortalece-el-poder-adquisitivo-de-sus-ciudadanos\/\" \/>\n<meta property=\"og:locale\" content=\"es_ES\" \/>\n<meta property=\"og:type\" content=\"article\" \/>\n<meta property=\"og:title\" content=\"FAO afirma RD reduce subalimentaci\u00f3n en 2025 y fortalece el poder adquisitivo de sus ciudadanos - EL GLOBAL INFORMATIVO\" \/>\n<meta property=\"og:description\" content=\"FAO resalta que este avance responde a pol\u00edticas de aumentos salariales, acompa\u00f1adas de programas de protecci\u00f3n social y mejoras en la producci\u00f3n agr\u00edcola implementadas por el presidente Abinader. Santo Domingo.&hellip;\" \/>\n<meta property=\"og:url\" content=\"https:\/\/elglobal.do\/index.php\/2025\/08\/21\/fao-afirma-rd-reduce-subalimentacion-en-2025-y-fortalece-el-poder-adquisitivo-de-sus-ciudadanos\/\" \/>\n<meta property=\"og:site_name\" content=\"EL GLOBAL INFORMATIVO\" \/>\n<meta property=\"article:published_time\" content=\"2025-08-21T18:25:52+00:00\" \/>\n<meta property=\"article:modified_time\" content=\"2025-08-29T20:54:41+00:00\" \/>\n<meta property=\"og:image\" content=\"https:\/\/elglobal.do\/wp-content\/uploads\/2025\/08\/FAO-scaled.jpeg\" \/>\n\t<meta property=\"og:image:width\" content=\"2560\" \/>\n\t<meta property=\"og:image:height\" content=\"1706\" \/>\n\t<meta property=\"og:image:type\" content=\"image\/jpeg\" \/>\n<meta name=\"author\" content=\"EL GLOBAL\" \/>\n<meta name=\"twitter:card\" content=\"summary_large_image\" \/>\n<meta name=\"twitter:label1\" content=\"Escrito por\" \/>\n\t<meta name=\"twitter:data1\" content=\"EL GLOBAL\" \/>\n\t<meta name=\"twitter:label2\" content=\"Tiempo de lectura\" \/>\n\t<meta name=\"twitter:data2\" content=\"4 minutos\" \/>\n<script type=\"application\/ld+json\" class=\"yoast-schema-graph\">{\"@context\":\"https:\/\/schema.org\",\"@graph\":[{\"@type\":\"Article\",\"@id\":\"https:\/\/elglobal.do\/index.php\/2025\/08\/21\/fao-afirma-rd-reduce-subalimentacion-en-2025-y-fortalece-el-poder-adquisitivo-de-sus-ciudadanos\/#article\",\"isPartOf\":{\"@id\":\"https:\/\/elglobal.do\/index.php\/2025\/08\/21\/fao-afirma-rd-reduce-subalimentacion-en-2025-y-fortalece-el-poder-adquisitivo-de-sus-ciudadanos\/\"},\"author\":{\"name\":\"EL GLOBAL\",\"@id\":\"https:\/\/elglobal.do\/#\/schema\/person\/0c97ec2c7714fb605d230c292f64d55f\"},\"headline\":\"FAO afirma RD reduce subalimentaci\u00f3n en 2025 y fortalece el poder adquisitivo de sus ciudadanos\",\"datePublished\":\"2025-08-21T18:25:52+00:00\",\"dateModified\":\"2025-08-29T20:54:41+00:00\",\"mainEntityOfPage\":{\"@id\":\"https:\/\/elglobal.do\/index.php\/2025\/08\/21\/fao-afirma-rd-reduce-subalimentacion-en-2025-y-fortalece-el-poder-adquisitivo-de-sus-ciudadanos\/\"},\"wordCount\":658,\"commentCount\":0,\"publisher\":{\"@id\":\"https:\/\/elglobal.do\/#organization\"},\"image\":{\"@id\":\"https:\/\/elglobal.do\/index.php\/2025\/08\/21\/fao-afirma-rd-reduce-subalimentacion-en-2025-y-fortalece-el-poder-adquisitivo-de-sus-ciudadanos\/#primaryimage\"},\"thumbnailUrl\":\"https:\/\/elglobal.do\/wp-content\/uploads\/2025\/08\/FAO-scaled.jpeg\",\"keywords\":[\"#ElGlobalInformativo\",\"#FAO\",\"#RD\",\"#subalimentaci\u00f3n\"],\"articleSection\":[\"ECONOM\u00cdA\"],\"inLanguage\":\"es\",\"potentialAction\":[{\"@type\":\"CommentAction\",\"name\":\"Comment\",\"target\":[\"https:\/\/elglobal.do\/index.php\/2025\/08\/21\/fao-afirma-rd-reduce-subalimentacion-en-2025-y-fortalece-el-poder-adquisitivo-de-sus-ciudadanos\/#respond\"]}]},{\"@type\":\"WebPage\",\"@id\":\"https:\/\/elglobal.do\/index.php\/2025\/08\/21\/fao-afirma-rd-reduce-subalimentacion-en-2025-y-fortalece-el-poder-adquisitivo-de-sus-ciudadanos\/\",\"url\":\"https:\/\/elglobal.do\/index.php\/2025\/08\/21\/fao-afirma-rd-reduce-subalimentacion-en-2025-y-fortalece-el-poder-adquisitivo-de-sus-ciudadanos\/\",\"name\":\"FAO afirma RD reduce subalimentaci\u00f3n en 2025 y fortalece el poder adquisitivo de sus ciudadanos - EL GLOBAL INFORMATIVO\",\"isPartOf\":{\"@id\":\"https:\/\/elglobal.do\/#website\"},\"primaryImageOfPage\":{\"@id\":\"https:\/\/elglobal.do\/index.php\/2025\/08\/21\/fao-afirma-rd-reduce-subalimentacion-en-2025-y-fortalece-el-poder-adquisitivo-de-sus-ciudadanos\/#primaryimage\"},\"image\":{\"@id\":\"https:\/\/elglobal.do\/index.php\/2025\/08\/21\/fao-afirma-rd-reduce-subalimentacion-en-2025-y-fortalece-el-poder-adquisitivo-de-sus-ciudadanos\/#primaryimage\"},\"thumbnailUrl\":\"https:\/\/elglobal.do\/wp-content\/uploads\/2025\/08\/FAO-scaled.jpeg\",\"datePublished\":\"2025-08-21T18:25:52+00:00\",\"dateModified\":\"2025-08-29T20:54:41+00:00\",\"breadcrumb\":{\"@id\":\"https:\/\/elglobal.do\/index.php\/2025\/08\/21\/fao-afirma-rd-reduce-subalimentacion-en-2025-y-fortalece-el-poder-adquisitivo-de-sus-ciudadanos\/#breadcrumb\"},\"inLanguage\":\"es\",\"potentialAction\":[{\"@type\":\"ReadAction\",\"target\":[\"https:\/\/elglobal.do\/index.php\/2025\/08\/21\/fao-afirma-rd-reduce-subalimentacion-en-2025-y-fortalece-el-poder-adquisitivo-de-sus-ciudadanos\/\"]}]},{\"@type\":\"ImageObject\",\"inLanguage\":\"es\",\"@id\":\"https:\/\/elglobal.do\/index.php\/2025\/08\/21\/fao-afirma-rd-reduce-subalimentacion-en-2025-y-fortalece-el-poder-adquisitivo-de-sus-ciudadanos\/#primaryimage\",\"url\":\"https:\/\/elglobal.do\/wp-content\/uploads\/2025\/08\/FAO-scaled.jpeg\",\"contentUrl\":\"https:\/\/elglobal.do\/wp-content\/uploads\/2025\/08\/FAO-scaled.jpeg\",\"width\":2560,\"height\":1706},{\"@type\":\"BreadcrumbList\",\"@id\":\"https:\/\/elglobal.do\/index.php\/2025\/08\/21\/fao-afirma-rd-reduce-subalimentacion-en-2025-y-fortalece-el-poder-adquisitivo-de-sus-ciudadanos\/#breadcrumb\",\"itemListElement\":[{\"@type\":\"ListItem\",\"position\":1,\"name\":\"Portada\",\"item\":\"https:\/\/elglobal.do\/\"},{\"@type\":\"ListItem\",\"position\":2,\"name\":\"FAO afirma RD reduce subalimentaci\u00f3n en 2025 y fortalece el poder adquisitivo de sus ciudadanos\"}]},{\"@type\":\"WebSite\",\"@id\":\"https:\/\/elglobal.do\/#website\",\"url\":\"https:\/\/elglobal.do\/\",\"name\":\"EL GLOBAL INFORMATIVO\",\"description\":\"Peri\u00f3dico digital de la Rep\u00fablica Dominicana que ofrece noticias, novedades, pol\u00edtica y las \u00faltimas actualidades, con informaci\u00f3n veraz y oportuna para mantenerte siempre informad\",\"publisher\":{\"@id\":\"https:\/\/elglobal.do\/#organization\"},\"potentialAction\":[{\"@type\":\"SearchAction\",\"target\":{\"@type\":\"EntryPoint\",\"urlTemplate\":\"https:\/\/elglobal.do\/?s={search_term_string}\"},\"query-input\":{\"@type\":\"PropertyValueSpecification\",\"valueRequired\":true,\"valueName\":\"search_term_string\"}}],\"inLanguage\":\"es\"},{\"@type\":\"Organization\",\"@id\":\"https:\/\/elglobal.do\/#organization\",\"name\":\"EL GLOBAL.DO INFORMATIVO\",\"url\":\"https:\/\/elglobal.do\/\",\"logo\":{\"@type\":\"ImageObject\",\"inLanguage\":\"es\",\"@id\":\"https:\/\/elglobal.do\/#\/schema\/logo\/image\/\",\"url\":\"https:\/\/elglobal.do\/wp-content\/uploads\/2025\/08\/icon.png\",\"contentUrl\":\"https:\/\/elglobal.do\/wp-content\/uploads\/2025\/08\/icon.png\",\"width\":512,\"height\":512,\"caption\":\"EL GLOBAL.DO INFORMATIVO\"},\"image\":{\"@id\":\"https:\/\/elglobal.do\/#\/schema\/logo\/image\/\"}},{\"@type\":\"Person\",\"@id\":\"https:\/\/elglobal.do\/#\/schema\/person\/0c97ec2c7714fb605d230c292f64d55f\",\"name\":\"EL GLOBAL\",\"image\":{\"@type\":\"ImageObject\",\"inLanguage\":\"es\",\"@id\":\"https:\/\/elglobal.do\/#\/schema\/person\/image\/\",\"url\":\"https:\/\/secure.gravatar.com\/avatar\/081cfb6cf99faddc6f4e23a0c11ab98c5cf302925382d1c88dc3ed757ab910a3?s=96&d=mm&r=g\",\"contentUrl\":\"https:\/\/secure.gravatar.com\/avatar\/081cfb6cf99faddc6f4e23a0c11ab98c5cf302925382d1c88dc3ed757ab910a3?s=96&d=mm&r=g\",\"caption\":\"EL GLOBAL\"},\"description\":\"El Global Informativo es un peri\u00f3dico digital de Rep\u00fablica Dominicana que se dedica a cubrir temas importantes, como la pol\u00edtica local, geopol\u00edtica, econom\u00eda, tecnolog\u00eda, noticias internacionales y eventos relacionados con la gesti\u00f3n social, cultural y humana. Su objetivo principal es mantener a la poblaci\u00f3n informada, ofreciendo una visi\u00f3n amplia y actualizada de lo que sucede tanto en el pa\u00eds como en el mundo. Est\u00e1 dirigido por un grupo de periodistas experimentados, lo que garantiza la calidad y la precisi\u00f3n de la informaci\u00f3n que ofrecen. Tiene su sede en la ciudad de Santo Domingo y es parte integral del portafolio de la empresa, MC Global S.R.L.\",\"sameAs\":[\"https:\/\/elglobal.do\",\"https:\/\/www.instagram.com\/elglobal.do_informativo\/\"],\"url\":\"https:\/\/elglobal.do\/index.php\/author\/elglobaluserpro\/\"}]}<\/script>\n<!-- \/ Yoast SEO plugin. -->","yoast_head_json":{"title":"FAO afirma RD reduce subalimentaci\u00f3n en 2025 y fortalece el poder adquisitivo de sus ciudadanos - EL GLOBAL INFORMATIVO","robots":{"index":"index","follow":"follow","max-snippet":"max-snippet:-1","max-image-preview":"max-image-preview:large","max-video-preview":"max-video-preview:-1"},"canonical":"https:\/\/elglobal.do\/index.php\/2025\/08\/21\/fao-afirma-rd-reduce-subalimentacion-en-2025-y-fortalece-el-poder-adquisitivo-de-sus-ciudadanos\/","og_locale":"es_ES","og_type":"article","og_title":"FAO afirma RD reduce subalimentaci\u00f3n en 2025 y fortalece el poder adquisitivo de sus ciudadanos - EL GLOBAL INFORMATIVO","og_description":"FAO resalta que este avance responde a pol\u00edticas de aumentos salariales, acompa\u00f1adas de programas de protecci\u00f3n social y mejoras en la producci\u00f3n agr\u00edcola implementadas por el presidente Abinader. Santo Domingo.&hellip;","og_url":"https:\/\/elglobal.do\/index.php\/2025\/08\/21\/fao-afirma-rd-reduce-subalimentacion-en-2025-y-fortalece-el-poder-adquisitivo-de-sus-ciudadanos\/","og_site_name":"EL GLOBAL INFORMATIVO","article_published_time":"2025-08-21T18:25:52+00:00","article_modified_time":"2025-08-29T20:54:41+00:00","og_image":[{"width":2560,"height":1706,"url":"https:\/\/elglobal.do\/wp-content\/uploads\/2025\/08\/FAO-scaled.jpeg","type":"image\/jpeg"}],"author":"EL GLOBAL","twitter_card":"summary_large_image","twitter_misc":{"Escrito por":"EL GLOBAL","Tiempo de lectura":"4 minutos"},"schema":{"@context":"https:\/\/schema.org","@graph":[{"@type":"Article","@id":"https:\/\/elglobal.do\/index.php\/2025\/08\/21\/fao-afirma-rd-reduce-subalimentacion-en-2025-y-fortalece-el-poder-adquisitivo-de-sus-ciudadanos\/#article","isPartOf":{"@id":"https:\/\/elglobal.do\/index.php\/2025\/08\/21\/fao-afirma-rd-reduce-subalimentacion-en-2025-y-fortalece-el-poder-adquisitivo-de-sus-ciudadanos\/"},"author":{"name":"EL GLOBAL","@id":"https:\/\/elglobal.do\/#\/schema\/person\/0c97ec2c7714fb605d230c292f64d55f"},"headline":"FAO afirma RD reduce subalimentaci\u00f3n en 2025 y fortalece el poder adquisitivo de sus ciudadanos","datePublished":"2025-08-21T18:25:52+00:00","dateModified":"2025-08-29T20:54:41+00:00","mainEntityOfPage":{"@id":"https:\/\/elglobal.do\/index.php\/2025\/08\/21\/fao-afirma-rd-reduce-subalimentacion-en-2025-y-fortalece-el-poder-adquisitivo-de-sus-ciudadanos\/"},"wordCount":658,"commentCount":0,"publisher":{"@id":"https:\/\/elglobal.do\/#organization"},"image":{"@id":"https:\/\/elglobal.do\/index.php\/2025\/08\/21\/fao-afirma-rd-reduce-subalimentacion-en-2025-y-fortalece-el-poder-adquisitivo-de-sus-ciudadanos\/#primaryimage"},"thumbnailUrl":"https:\/\/elglobal.do\/wp-content\/uploads\/2025\/08\/FAO-scaled.jpeg","keywords":["#ElGlobalInformativo","#FAO","#RD","#subalimentaci\u00f3n"],"articleSection":["ECONOM\u00cdA"],"inLanguage":"es","potentialAction":[{"@type":"CommentAction","name":"Comment","target":["https:\/\/elglobal.do\/index.php\/2025\/08\/21\/fao-afirma-rd-reduce-subalimentacion-en-2025-y-fortalece-el-poder-adquisitivo-de-sus-ciudadanos\/#respond"]}]},{"@type":"WebPage","@id":"https:\/\/elglobal.do\/index.php\/2025\/08\/21\/fao-afirma-rd-reduce-subalimentacion-en-2025-y-fortalece-el-poder-adquisitivo-de-sus-ciudadanos\/","url":"https:\/\/elglobal.do\/index.php\/2025\/08\/21\/fao-afirma-rd-reduce-subalimentacion-en-2025-y-fortalece-el-poder-adquisitivo-de-sus-ciudadanos\/","name":"FAO afirma RD reduce subalimentaci\u00f3n en 2025 y fortalece el poder adquisitivo de sus ciudadanos - EL GLOBAL INFORMATIVO","isPartOf":{"@id":"https:\/\/elglobal.do\/#website"},"primaryImageOfPage":{"@id":"https:\/\/elglobal.do\/index.php\/2025\/08\/21\/fao-afirma-rd-reduce-subalimentacion-en-2025-y-fortalece-el-poder-adquisitivo-de-sus-ciudadanos\/#primaryimage"},"image":{"@id":"https:\/\/elglobal.do\/index.php\/2025\/08\/21\/fao-afirma-rd-reduce-subalimentacion-en-2025-y-fortalece-el-poder-adquisitivo-de-sus-ciudadanos\/#primaryimage"},"thumbnailUrl":"https:\/\/elglobal.do\/wp-content\/uploads\/2025\/08\/FAO-scaled.jpeg","datePublished":"2025-08-21T18:25:52+00:00","dateModified":"2025-08-29T20:54:41+00:00","breadcrumb":{"@id":"https:\/\/elglobal.do\/index.php\/2025\/08\/21\/fao-afirma-rd-reduce-subalimentacion-en-2025-y-fortalece-el-poder-adquisitivo-de-sus-ciudadanos\/#breadcrumb"},"inLanguage":"es","potentialAction":[{"@type":"ReadAction","target":["https:\/\/elglobal.do\/index.php\/2025\/08\/21\/fao-afirma-rd-reduce-subalimentacion-en-2025-y-fortalece-el-poder-adquisitivo-de-sus-ciudadanos\/"]}]},{"@type":"ImageObject","inLanguage":"es","@id":"https:\/\/elglobal.do\/index.php\/2025\/08\/21\/fao-afirma-rd-reduce-subalimentacion-en-2025-y-fortalece-el-poder-adquisitivo-de-sus-ciudadanos\/#primaryimage","url":"https:\/\/elglobal.do\/wp-content\/uploads\/2025\/08\/FAO-scaled.jpeg","contentUrl":"https:\/\/elglobal.do\/wp-content\/uploads\/2025\/08\/FAO-scaled.jpeg","width":2560,"height":1706},{"@type":"BreadcrumbList","@id":"https:\/\/elglobal.do\/index.php\/2025\/08\/21\/fao-afirma-rd-reduce-subalimentacion-en-2025-y-fortalece-el-poder-adquisitivo-de-sus-ciudadanos\/#breadcrumb","itemListElement":[{"@type":"ListItem","position":1,"name":"Portada","item":"https:\/\/elglobal.do\/"},{"@type":"ListItem","position":2,"name":"FAO afirma RD reduce subalimentaci\u00f3n en 2025 y fortalece el poder adquisitivo de sus ciudadanos"}]},{"@type":"WebSite","@id":"https:\/\/elglobal.do\/#website","url":"https:\/\/elglobal.do\/","name":"EL GLOBAL INFORMATIVO","description":"Peri\u00f3dico digital de la Rep\u00fablica Dominicana que ofrece noticias, novedades, pol\u00edtica y las \u00faltimas actualidades, con informaci\u00f3n veraz y oportuna para mantenerte siempre informad","publisher":{"@id":"https:\/\/elglobal.do\/#organization"},"potentialAction":[{"@type":"SearchAction","target":{"@type":"EntryPoint","urlTemplate":"https:\/\/elglobal.do\/?s={search_term_string}"},"query-input":{"@type":"PropertyValueSpecification","valueRequired":true,"valueName":"search_term_string"}}],"inLanguage":"es"},{"@type":"Organization","@id":"https:\/\/elglobal.do\/#organization","name":"EL GLOBAL.DO INFORMATIVO","url":"https:\/\/elglobal.do\/","logo":{"@type":"ImageObject","inLanguage":"es","@id":"https:\/\/elglobal.do\/#\/schema\/logo\/image\/","url":"https:\/\/elglobal.do\/wp-content\/uploads\/2025\/08\/icon.png","contentUrl":"https:\/\/elglobal.do\/wp-content\/uploads\/2025\/08\/icon.png","width":512,"height":512,"caption":"EL GLOBAL.DO INFORMATIVO"},"image":{"@id":"https:\/\/elglobal.do\/#\/schema\/logo\/image\/"}},{"@type":"Person","@id":"https:\/\/elglobal.do\/#\/schema\/person\/0c97ec2c7714fb605d230c292f64d55f","name":"EL GLOBAL","image":{"@type":"ImageObject","inLanguage":"es","@id":"https:\/\/elglobal.do\/#\/schema\/person\/image\/","url":"https:\/\/secure.gravatar.com\/avatar\/081cfb6cf99faddc6f4e23a0c11ab98c5cf302925382d1c88dc3ed757ab910a3?s=96&d=mm&r=g","contentUrl":"https:\/\/secure.gravatar.com\/avatar\/081cfb6cf99faddc6f4e23a0c11ab98c5cf302925382d1c88dc3ed757ab910a3?s=96&d=mm&r=g","caption":"EL GLOBAL"},"description":"El Global Informativo es un peri\u00f3dico digital de Rep\u00fablica Dominicana que se dedica a cubrir temas importantes, como la pol\u00edtica local, geopol\u00edtica, econom\u00eda, tecnolog\u00eda, noticias internacionales y eventos relacionados con la gesti\u00f3n social, cultural y humana. Su objetivo principal es mantener a la poblaci\u00f3n informada, ofreciendo una visi\u00f3n amplia y actualizada de lo que sucede tanto en el pa\u00eds como en el mundo. Est\u00e1 dirigido por un grupo de periodistas experimentados, lo que garantiza la calidad y la precisi\u00f3n de la informaci\u00f3n que ofrecen. Tiene su sede en la ciudad de Santo Domingo y es parte integral del portafolio de la empresa, MC Global S.R.L.","sameAs":["https:\/\/elglobal.do","https:\/\/www.instagram.com\/elglobal.do_informativo\/"],"url":"https:\/\/elglobal.do\/index.php\/author\/elglobaluserpro\/"}]}},"jetpack_featured_media_url":"https:\/\/elglobal.do\/wp-content\/uploads\/2025\/08\/FAO-scaled.jpeg","jetpack_sharing_enabled":true,"_links":{"self":[{"href":"https:\/\/elglobal.do\/index.php\/wp-json\/wp\/v2\/posts\/1486","targetHints":{"allow":["GET"]}}],"collection":[{"href":"https:\/\/elglobal.do\/index.php\/wp-json\/wp\/v2\/posts"}],"about":[{"href":"https:\/\/elglobal.do\/index.php\/wp-json\/wp\/v2\/types\/post"}],"author":[{"embeddable":true,"href":"https:\/\/elglobal.do\/index.php\/wp-json\/wp\/v2\/users\/1"}],"replies":[{"embeddable":true,"href":"https:\/\/elglobal.do\/index.php\/wp-json\/wp\/v2\/comments?post=1486"}],"version-history":[{"count":1,"href":"https:\/\/elglobal.do\/index.php\/wp-json\/wp\/v2\/posts\/1486\/revisions"}],"predecessor-version":[{"id":1491,"href":"https:\/\/elglobal.do\/index.php\/wp-json\/wp\/v2\/posts\/1486\/revisions\/1491"}],"wp:featuredmedia":[{"embeddable":true,"href":"https:\/\/elglobal.do\/index.php\/wp-json\/wp\/v2\/media\/1487"}],"wp:attachment":[{"href":"https:\/\/elglobal.do\/index.php\/wp-json\/wp\/v2\/media?parent=1486"}],"wp:term":[{"taxonomy":"category","embeddable":true,"href":"https:\/\/elglobal.do\/index.php\/wp-json\/wp\/v2\/categories?post=1486"},{"taxonomy":"post_tag","embeddable":true,"href":"https:\/\/elglobal.do\/index.php\/wp-json\/wp\/v2\/tags?post=1486"}],"curies":[{"name":"wp","href":"https:\/\/api.w.org\/{rel}","templated":true}]}}