{"id":153,"date":"2024-11-22T14:34:03","date_gmt":"2024-11-22T18:34:03","guid":{"rendered":"https:\/\/elglobal.do\/?p=153"},"modified":"2025-07-30T21:06:20","modified_gmt":"2025-07-31T01:06:20","slug":"aduanas-y-dp-world-tendran-nuevo-horario-en-despacho-de-mercancias-los-fines-de-semana","status":"publish","type":"post","link":"https:\/\/elglobal.do\/index.php\/2024\/11\/22\/aduanas-y-dp-world-tendran-nuevo-horario-en-despacho-de-mercancias-los-fines-de-semana\/","title":{"rendered":"Aduanas y DP World tendr\u00e1n nuevo horario en despacho de mercanc\u00edas los fines de semana"},"content":{"rendered":"\n<h4 class=\"wp-block-heading\">Santo Domingo, RD. La Direcci\u00f3n General de Aduanas (DGA) y la empresa de soluciones log\u00edsticas, DP World Dominicana, anunciaron una extensi\u00f3n en el horario de despacho de mercanc\u00edas de importaci\u00f3n, que ahora podr\u00e1 ser procesada para salida durante los fines de semana.<\/h4>\n\n\n\n<figure class=\"wp-block-image size-full\"><img loading=\"lazy\" decoding=\"async\" width=\"525\" height=\"569\" src=\"https:\/\/elglobal.do\/wp-content\/uploads\/2024\/11\/image-423.png\" alt=\"\" class=\"wp-image-154\" srcset=\"https:\/\/elglobal.do\/wp-content\/uploads\/2024\/11\/image-423.png 525w, https:\/\/elglobal.do\/wp-content\/uploads\/2024\/11\/image-423-277x300.png 277w\" sizes=\"auto, (max-width: 525px) 100vw, 525px\" \/><\/figure>\n\n\n\n<p>El anuncio fue hecho durante una rueda de prensa, donde ambas entidades precisaron que la iniciativa conjunta tiene como objetivo ofrecer un mejor servicio a los clientes, en especial a los grandes contribuyentes y operadores log\u00edsticos del pa\u00eds, aportando mayor agilidad a los despachos de cargas de importaci\u00f3n y mejorando significativamente el flujo del comercio.<\/p>\n\n\n\n<p>La medida iniciar\u00e1 el 1 de diciembre y ser\u00e1 desde el lunes a las 6 a. m. hasta los s\u00e1bados a la medianoche; y los domingos de 7:00 a. m. a 5:00 p. m.<\/p>\n\n\n\n<p>Daniel Pe\u00f1a, subdirector de Aduanas, afirm\u00f3 que continuar\u00e1n con los esfuerzos para modernizar y optimizar las operaciones log\u00edsticas en los puertos, as\u00ed como tambi\u00e9n mejorar la eficiencia, en respuesta a las necesidades de las empresas y el comercio internacional.<\/p>\n","protected":false},"excerpt":{"rendered":"<p>Santo Domingo, RD. La Direcci\u00f3n General de Aduanas (DGA) y la empresa de soluciones log\u00edsticas, DP World Dominicana, anunciaron una extensi\u00f3n en el horario de despacho de mercanc\u00edas de importaci\u00f3n,&hellip; <\/p>\n","protected":false},"author":1,"featured_media":154,"comment_status":"open","ping_status":"open","sticky":false,"template":"","format":"standard","meta":{"_jetpack_memberships_contains_paid_content":false,"footnotes":""},"categories":[1],"tags":[],"class_list":["post-153","post","type-post","status-publish","format-standard","has-post-thumbnail","hentry","category-categoria-internacionales"],"yoast_head":"<!-- This site is optimized with the Yoast SEO plugin v26.9 - https:\/\/yoast.com\/product\/yoast-seo-wordpress\/ -->\n<title>Aduanas y DP World tendr\u00e1n nuevo horario en despacho de mercanc\u00edas los fines de semana - EL GLOBAL INFORMATIVO<\/title>\n<meta name=\"robots\" content=\"index, follow, max-snippet:-1, max-image-preview:large, max-video-preview:-1\" \/>\n<link rel=\"canonical\" href=\"https:\/\/elglobal.do\/index.php\/2024\/11\/22\/aduanas-y-dp-world-tendran-nuevo-horario-en-despacho-de-mercancias-los-fines-de-semana\/\" \/>\n<meta property=\"og:locale\" content=\"es_ES\" \/>\n<meta property=\"og:type\" content=\"article\" \/>\n<meta property=\"og:title\" content=\"Aduanas y DP World tendr\u00e1n nuevo horario en despacho de mercanc\u00edas los fines de semana - EL GLOBAL INFORMATIVO\" \/>\n<meta property=\"og:description\" content=\"Santo Domingo, RD. La Direcci\u00f3n General de Aduanas (DGA) y la empresa de soluciones log\u00edsticas, DP World Dominicana, anunciaron una extensi\u00f3n en el horario de despacho de mercanc\u00edas de importaci\u00f3n,&hellip;\" \/>\n<meta property=\"og:url\" content=\"https:\/\/elglobal.do\/index.php\/2024\/11\/22\/aduanas-y-dp-world-tendran-nuevo-horario-en-despacho-de-mercancias-los-fines-de-semana\/\" \/>\n<meta property=\"og:site_name\" content=\"EL GLOBAL INFORMATIVO\" \/>\n<meta property=\"article:published_time\" content=\"2024-11-22T18:34:03+00:00\" \/>\n<meta property=\"article:modified_time\" content=\"2025-07-31T01:06:20+00:00\" \/>\n<meta property=\"og:image\" content=\"https:\/\/elglobal.do\/wp-content\/uploads\/2024\/11\/image-423.png\" \/>\n\t<meta property=\"og:image:width\" content=\"525\" \/>\n\t<meta property=\"og:image:height\" content=\"569\" \/>\n\t<meta property=\"og:image:type\" content=\"image\/png\" \/>\n<meta name=\"author\" content=\"EL GLOBAL\" \/>\n<meta name=\"twitter:card\" content=\"summary_large_image\" \/>\n<meta name=\"twitter:label1\" content=\"Escrito por\" \/>\n\t<meta name=\"twitter:data1\" content=\"EL GLOBAL\" \/>\n\t<meta name=\"twitter:label2\" content=\"Tiempo de lectura\" \/>\n\t<meta name=\"twitter:data2\" content=\"1 minuto\" \/>\n<script type=\"application\/ld+json\" class=\"yoast-schema-graph\">{\"@context\":\"https:\/\/schema.org\",\"@graph\":[{\"@type\":\"Article\",\"@id\":\"https:\/\/elglobal.do\/index.php\/2024\/11\/22\/aduanas-y-dp-world-tendran-nuevo-horario-en-despacho-de-mercancias-los-fines-de-semana\/#article\",\"isPartOf\":{\"@id\":\"https:\/\/elglobal.do\/index.php\/2024\/11\/22\/aduanas-y-dp-world-tendran-nuevo-horario-en-despacho-de-mercancias-los-fines-de-semana\/\"},\"author\":{\"name\":\"EL GLOBAL\",\"@id\":\"https:\/\/elglobal.do\/#\/schema\/person\/0c97ec2c7714fb605d230c292f64d55f\"},\"headline\":\"Aduanas y DP World tendr\u00e1n nuevo horario en despacho de mercanc\u00edas los fines de semana\",\"datePublished\":\"2024-11-22T18:34:03+00:00\",\"dateModified\":\"2025-07-31T01:06:20+00:00\",\"mainEntityOfPage\":{\"@id\":\"https:\/\/elglobal.do\/index.php\/2024\/11\/22\/aduanas-y-dp-world-tendran-nuevo-horario-en-despacho-de-mercancias-los-fines-de-semana\/\"},\"wordCount\":196,\"commentCount\":0,\"publisher\":{\"@id\":\"https:\/\/elglobal.do\/#organization\"},\"image\":{\"@id\":\"https:\/\/elglobal.do\/index.php\/2024\/11\/22\/aduanas-y-dp-world-tendran-nuevo-horario-en-despacho-de-mercancias-los-fines-de-semana\/#primaryimage\"},\"thumbnailUrl\":\"https:\/\/elglobal.do\/wp-content\/uploads\/2024\/11\/image-423.png\",\"articleSection\":[\"INTERNACIONALES\"],\"inLanguage\":\"es\",\"potentialAction\":[{\"@type\":\"CommentAction\",\"name\":\"Comment\",\"target\":[\"https:\/\/elglobal.do\/index.php\/2024\/11\/22\/aduanas-y-dp-world-tendran-nuevo-horario-en-despacho-de-mercancias-los-fines-de-semana\/#respond\"]}]},{\"@type\":\"WebPage\",\"@id\":\"https:\/\/elglobal.do\/index.php\/2024\/11\/22\/aduanas-y-dp-world-tendran-nuevo-horario-en-despacho-de-mercancias-los-fines-de-semana\/\",\"url\":\"https:\/\/elglobal.do\/index.php\/2024\/11\/22\/aduanas-y-dp-world-tendran-nuevo-horario-en-despacho-de-mercancias-los-fines-de-semana\/\",\"name\":\"Aduanas y DP World tendr\u00e1n nuevo horario en despacho de mercanc\u00edas los fines de semana - EL GLOBAL INFORMATIVO\",\"isPartOf\":{\"@id\":\"https:\/\/elglobal.do\/#website\"},\"primaryImageOfPage\":{\"@id\":\"https:\/\/elglobal.do\/index.php\/2024\/11\/22\/aduanas-y-dp-world-tendran-nuevo-horario-en-despacho-de-mercancias-los-fines-de-semana\/#primaryimage\"},\"image\":{\"@id\":\"https:\/\/elglobal.do\/index.php\/2024\/11\/22\/aduanas-y-dp-world-tendran-nuevo-horario-en-despacho-de-mercancias-los-fines-de-semana\/#primaryimage\"},\"thumbnailUrl\":\"https:\/\/elglobal.do\/wp-content\/uploads\/2024\/11\/image-423.png\",\"datePublished\":\"2024-11-22T18:34:03+00:00\",\"dateModified\":\"2025-07-31T01:06:20+00:00\",\"breadcrumb\":{\"@id\":\"https:\/\/elglobal.do\/index.php\/2024\/11\/22\/aduanas-y-dp-world-tendran-nuevo-horario-en-despacho-de-mercancias-los-fines-de-semana\/#breadcrumb\"},\"inLanguage\":\"es\",\"potentialAction\":[{\"@type\":\"ReadAction\",\"target\":[\"https:\/\/elglobal.do\/index.php\/2024\/11\/22\/aduanas-y-dp-world-tendran-nuevo-horario-en-despacho-de-mercancias-los-fines-de-semana\/\"]}]},{\"@type\":\"ImageObject\",\"inLanguage\":\"es\",\"@id\":\"https:\/\/elglobal.do\/index.php\/2024\/11\/22\/aduanas-y-dp-world-tendran-nuevo-horario-en-despacho-de-mercancias-los-fines-de-semana\/#primaryimage\",\"url\":\"https:\/\/elglobal.do\/wp-content\/uploads\/2024\/11\/image-423.png\",\"contentUrl\":\"https:\/\/elglobal.do\/wp-content\/uploads\/2024\/11\/image-423.png\",\"width\":525,\"height\":569},{\"@type\":\"BreadcrumbList\",\"@id\":\"https:\/\/elglobal.do\/index.php\/2024\/11\/22\/aduanas-y-dp-world-tendran-nuevo-horario-en-despacho-de-mercancias-los-fines-de-semana\/#breadcrumb\",\"itemListElement\":[{\"@type\":\"ListItem\",\"position\":1,\"name\":\"Portada\",\"item\":\"https:\/\/elglobal.do\/\"},{\"@type\":\"ListItem\",\"position\":2,\"name\":\"Aduanas y DP World tendr\u00e1n nuevo horario en despacho de mercanc\u00edas los fines de semana\"}]},{\"@type\":\"WebSite\",\"@id\":\"https:\/\/elglobal.do\/#website\",\"url\":\"https:\/\/elglobal.do\/\",\"name\":\"EL GLOBAL INFORMATIVO\",\"description\":\"Peri\u00f3dico digital de la Rep\u00fablica Dominicana que ofrece noticias, novedades, pol\u00edtica y las \u00faltimas actualidades, con informaci\u00f3n veraz y oportuna para mantenerte siempre informad\",\"publisher\":{\"@id\":\"https:\/\/elglobal.do\/#organization\"},\"potentialAction\":[{\"@type\":\"SearchAction\",\"target\":{\"@type\":\"EntryPoint\",\"urlTemplate\":\"https:\/\/elglobal.do\/?s={search_term_string}\"},\"query-input\":{\"@type\":\"PropertyValueSpecification\",\"valueRequired\":true,\"valueName\":\"search_term_string\"}}],\"inLanguage\":\"es\"},{\"@type\":\"Organization\",\"@id\":\"https:\/\/elglobal.do\/#organization\",\"name\":\"EL GLOBAL.DO INFORMATIVO\",\"url\":\"https:\/\/elglobal.do\/\",\"logo\":{\"@type\":\"ImageObject\",\"inLanguage\":\"es\",\"@id\":\"https:\/\/elglobal.do\/#\/schema\/logo\/image\/\",\"url\":\"https:\/\/elglobal.do\/wp-content\/uploads\/2025\/08\/icon.png\",\"contentUrl\":\"https:\/\/elglobal.do\/wp-content\/uploads\/2025\/08\/icon.png\",\"width\":512,\"height\":512,\"caption\":\"EL GLOBAL.DO INFORMATIVO\"},\"image\":{\"@id\":\"https:\/\/elglobal.do\/#\/schema\/logo\/image\/\"}},{\"@type\":\"Person\",\"@id\":\"https:\/\/elglobal.do\/#\/schema\/person\/0c97ec2c7714fb605d230c292f64d55f\",\"name\":\"EL GLOBAL\",\"image\":{\"@type\":\"ImageObject\",\"inLanguage\":\"es\",\"@id\":\"https:\/\/elglobal.do\/#\/schema\/person\/image\/\",\"url\":\"https:\/\/secure.gravatar.com\/avatar\/081cfb6cf99faddc6f4e23a0c11ab98c5cf302925382d1c88dc3ed757ab910a3?s=96&d=mm&r=g\",\"contentUrl\":\"https:\/\/secure.gravatar.com\/avatar\/081cfb6cf99faddc6f4e23a0c11ab98c5cf302925382d1c88dc3ed757ab910a3?s=96&d=mm&r=g\",\"caption\":\"EL GLOBAL\"},\"description\":\"El Global Informativo es un peri\u00f3dico digital de Rep\u00fablica Dominicana que se dedica a cubrir temas importantes, como la pol\u00edtica local, geopol\u00edtica, econom\u00eda, tecnolog\u00eda, noticias internacionales y eventos relacionados con la gesti\u00f3n social, cultural y humana. Su objetivo principal es mantener a la poblaci\u00f3n informada, ofreciendo una visi\u00f3n amplia y actualizada de lo que sucede tanto en el pa\u00eds como en el mundo. Est\u00e1 dirigido por un grupo de periodistas experimentados, lo que garantiza la calidad y la precisi\u00f3n de la informaci\u00f3n que ofrecen. Tiene su sede en la ciudad de Santo Domingo y es parte integral del portafolio de la empresa, MC Global S.R.L.\",\"sameAs\":[\"https:\/\/elglobal.do\",\"https:\/\/www.instagram.com\/elglobal.do_informativo\/\"],\"url\":\"https:\/\/elglobal.do\/index.php\/author\/elglobaluserpro\/\"}]}<\/script>\n<!-- \/ Yoast SEO plugin. -->","yoast_head_json":{"title":"Aduanas y DP World tendr\u00e1n nuevo horario en despacho de mercanc\u00edas los fines de semana - EL GLOBAL INFORMATIVO","robots":{"index":"index","follow":"follow","max-snippet":"max-snippet:-1","max-image-preview":"max-image-preview:large","max-video-preview":"max-video-preview:-1"},"canonical":"https:\/\/elglobal.do\/index.php\/2024\/11\/22\/aduanas-y-dp-world-tendran-nuevo-horario-en-despacho-de-mercancias-los-fines-de-semana\/","og_locale":"es_ES","og_type":"article","og_title":"Aduanas y DP World tendr\u00e1n nuevo horario en despacho de mercanc\u00edas los fines de semana - EL GLOBAL INFORMATIVO","og_description":"Santo Domingo, RD. La Direcci\u00f3n General de Aduanas (DGA) y la empresa de soluciones log\u00edsticas, DP World Dominicana, anunciaron una extensi\u00f3n en el horario de despacho de mercanc\u00edas de importaci\u00f3n,&hellip;","og_url":"https:\/\/elglobal.do\/index.php\/2024\/11\/22\/aduanas-y-dp-world-tendran-nuevo-horario-en-despacho-de-mercancias-los-fines-de-semana\/","og_site_name":"EL GLOBAL INFORMATIVO","article_published_time":"2024-11-22T18:34:03+00:00","article_modified_time":"2025-07-31T01:06:20+00:00","og_image":[{"width":525,"height":569,"url":"https:\/\/elglobal.do\/wp-content\/uploads\/2024\/11\/image-423.png","type":"image\/png"}],"author":"EL GLOBAL","twitter_card":"summary_large_image","twitter_misc":{"Escrito por":"EL GLOBAL","Tiempo de lectura":"1 minuto"},"schema":{"@context":"https:\/\/schema.org","@graph":[{"@type":"Article","@id":"https:\/\/elglobal.do\/index.php\/2024\/11\/22\/aduanas-y-dp-world-tendran-nuevo-horario-en-despacho-de-mercancias-los-fines-de-semana\/#article","isPartOf":{"@id":"https:\/\/elglobal.do\/index.php\/2024\/11\/22\/aduanas-y-dp-world-tendran-nuevo-horario-en-despacho-de-mercancias-los-fines-de-semana\/"},"author":{"name":"EL GLOBAL","@id":"https:\/\/elglobal.do\/#\/schema\/person\/0c97ec2c7714fb605d230c292f64d55f"},"headline":"Aduanas y DP World tendr\u00e1n nuevo horario en despacho de mercanc\u00edas los fines de semana","datePublished":"2024-11-22T18:34:03+00:00","dateModified":"2025-07-31T01:06:20+00:00","mainEntityOfPage":{"@id":"https:\/\/elglobal.do\/index.php\/2024\/11\/22\/aduanas-y-dp-world-tendran-nuevo-horario-en-despacho-de-mercancias-los-fines-de-semana\/"},"wordCount":196,"commentCount":0,"publisher":{"@id":"https:\/\/elglobal.do\/#organization"},"image":{"@id":"https:\/\/elglobal.do\/index.php\/2024\/11\/22\/aduanas-y-dp-world-tendran-nuevo-horario-en-despacho-de-mercancias-los-fines-de-semana\/#primaryimage"},"thumbnailUrl":"https:\/\/elglobal.do\/wp-content\/uploads\/2024\/11\/image-423.png","articleSection":["INTERNACIONALES"],"inLanguage":"es","potentialAction":[{"@type":"CommentAction","name":"Comment","target":["https:\/\/elglobal.do\/index.php\/2024\/11\/22\/aduanas-y-dp-world-tendran-nuevo-horario-en-despacho-de-mercancias-los-fines-de-semana\/#respond"]}]},{"@type":"WebPage","@id":"https:\/\/elglobal.do\/index.php\/2024\/11\/22\/aduanas-y-dp-world-tendran-nuevo-horario-en-despacho-de-mercancias-los-fines-de-semana\/","url":"https:\/\/elglobal.do\/index.php\/2024\/11\/22\/aduanas-y-dp-world-tendran-nuevo-horario-en-despacho-de-mercancias-los-fines-de-semana\/","name":"Aduanas y DP World tendr\u00e1n nuevo horario en despacho de mercanc\u00edas los fines de semana - EL GLOBAL INFORMATIVO","isPartOf":{"@id":"https:\/\/elglobal.do\/#website"},"primaryImageOfPage":{"@id":"https:\/\/elglobal.do\/index.php\/2024\/11\/22\/aduanas-y-dp-world-tendran-nuevo-horario-en-despacho-de-mercancias-los-fines-de-semana\/#primaryimage"},"image":{"@id":"https:\/\/elglobal.do\/index.php\/2024\/11\/22\/aduanas-y-dp-world-tendran-nuevo-horario-en-despacho-de-mercancias-los-fines-de-semana\/#primaryimage"},"thumbnailUrl":"https:\/\/elglobal.do\/wp-content\/uploads\/2024\/11\/image-423.png","datePublished":"2024-11-22T18:34:03+00:00","dateModified":"2025-07-31T01:06:20+00:00","breadcrumb":{"@id":"https:\/\/elglobal.do\/index.php\/2024\/11\/22\/aduanas-y-dp-world-tendran-nuevo-horario-en-despacho-de-mercancias-los-fines-de-semana\/#breadcrumb"},"inLanguage":"es","potentialAction":[{"@type":"ReadAction","target":["https:\/\/elglobal.do\/index.php\/2024\/11\/22\/aduanas-y-dp-world-tendran-nuevo-horario-en-despacho-de-mercancias-los-fines-de-semana\/"]}]},{"@type":"ImageObject","inLanguage":"es","@id":"https:\/\/elglobal.do\/index.php\/2024\/11\/22\/aduanas-y-dp-world-tendran-nuevo-horario-en-despacho-de-mercancias-los-fines-de-semana\/#primaryimage","url":"https:\/\/elglobal.do\/wp-content\/uploads\/2024\/11\/image-423.png","contentUrl":"https:\/\/elglobal.do\/wp-content\/uploads\/2024\/11\/image-423.png","width":525,"height":569},{"@type":"BreadcrumbList","@id":"https:\/\/elglobal.do\/index.php\/2024\/11\/22\/aduanas-y-dp-world-tendran-nuevo-horario-en-despacho-de-mercancias-los-fines-de-semana\/#breadcrumb","itemListElement":[{"@type":"ListItem","position":1,"name":"Portada","item":"https:\/\/elglobal.do\/"},{"@type":"ListItem","position":2,"name":"Aduanas y DP World tendr\u00e1n nuevo horario en despacho de mercanc\u00edas los fines de semana"}]},{"@type":"WebSite","@id":"https:\/\/elglobal.do\/#website","url":"https:\/\/elglobal.do\/","name":"EL GLOBAL INFORMATIVO","description":"Peri\u00f3dico digital de la Rep\u00fablica Dominicana que ofrece noticias, novedades, pol\u00edtica y las \u00faltimas actualidades, con informaci\u00f3n veraz y oportuna para mantenerte siempre informad","publisher":{"@id":"https:\/\/elglobal.do\/#organization"},"potentialAction":[{"@type":"SearchAction","target":{"@type":"EntryPoint","urlTemplate":"https:\/\/elglobal.do\/?s={search_term_string}"},"query-input":{"@type":"PropertyValueSpecification","valueRequired":true,"valueName":"search_term_string"}}],"inLanguage":"es"},{"@type":"Organization","@id":"https:\/\/elglobal.do\/#organization","name":"EL GLOBAL.DO INFORMATIVO","url":"https:\/\/elglobal.do\/","logo":{"@type":"ImageObject","inLanguage":"es","@id":"https:\/\/elglobal.do\/#\/schema\/logo\/image\/","url":"https:\/\/elglobal.do\/wp-content\/uploads\/2025\/08\/icon.png","contentUrl":"https:\/\/elglobal.do\/wp-content\/uploads\/2025\/08\/icon.png","width":512,"height":512,"caption":"EL GLOBAL.DO INFORMATIVO"},"image":{"@id":"https:\/\/elglobal.do\/#\/schema\/logo\/image\/"}},{"@type":"Person","@id":"https:\/\/elglobal.do\/#\/schema\/person\/0c97ec2c7714fb605d230c292f64d55f","name":"EL GLOBAL","image":{"@type":"ImageObject","inLanguage":"es","@id":"https:\/\/elglobal.do\/#\/schema\/person\/image\/","url":"https:\/\/secure.gravatar.com\/avatar\/081cfb6cf99faddc6f4e23a0c11ab98c5cf302925382d1c88dc3ed757ab910a3?s=96&d=mm&r=g","contentUrl":"https:\/\/secure.gravatar.com\/avatar\/081cfb6cf99faddc6f4e23a0c11ab98c5cf302925382d1c88dc3ed757ab910a3?s=96&d=mm&r=g","caption":"EL GLOBAL"},"description":"El Global Informativo es un peri\u00f3dico digital de Rep\u00fablica Dominicana que se dedica a cubrir temas importantes, como la pol\u00edtica local, geopol\u00edtica, econom\u00eda, tecnolog\u00eda, noticias internacionales y eventos relacionados con la gesti\u00f3n social, cultural y humana. Su objetivo principal es mantener a la poblaci\u00f3n informada, ofreciendo una visi\u00f3n amplia y actualizada de lo que sucede tanto en el pa\u00eds como en el mundo. Est\u00e1 dirigido por un grupo de periodistas experimentados, lo que garantiza la calidad y la precisi\u00f3n de la informaci\u00f3n que ofrecen. Tiene su sede en la ciudad de Santo Domingo y es parte integral del portafolio de la empresa, MC Global S.R.L.","sameAs":["https:\/\/elglobal.do","https:\/\/www.instagram.com\/elglobal.do_informativo\/"],"url":"https:\/\/elglobal.do\/index.php\/author\/elglobaluserpro\/"}]}},"jetpack_featured_media_url":"https:\/\/elglobal.do\/wp-content\/uploads\/2024\/11\/image-423.png","jetpack_sharing_enabled":true,"_links":{"self":[{"href":"https:\/\/elglobal.do\/index.php\/wp-json\/wp\/v2\/posts\/153","targetHints":{"allow":["GET"]}}],"collection":[{"href":"https:\/\/elglobal.do\/index.php\/wp-json\/wp\/v2\/posts"}],"about":[{"href":"https:\/\/elglobal.do\/index.php\/wp-json\/wp\/v2\/types\/post"}],"author":[{"embeddable":true,"href":"https:\/\/elglobal.do\/index.php\/wp-json\/wp\/v2\/users\/1"}],"replies":[{"embeddable":true,"href":"https:\/\/elglobal.do\/index.php\/wp-json\/wp\/v2\/comments?post=153"}],"version-history":[{"count":1,"href":"https:\/\/elglobal.do\/index.php\/wp-json\/wp\/v2\/posts\/153\/revisions"}],"predecessor-version":[{"id":155,"href":"https:\/\/elglobal.do\/index.php\/wp-json\/wp\/v2\/posts\/153\/revisions\/155"}],"wp:featuredmedia":[{"embeddable":true,"href":"https:\/\/elglobal.do\/index.php\/wp-json\/wp\/v2\/media\/154"}],"wp:attachment":[{"href":"https:\/\/elglobal.do\/index.php\/wp-json\/wp\/v2\/media?parent=153"}],"wp:term":[{"taxonomy":"category","embeddable":true,"href":"https:\/\/elglobal.do\/index.php\/wp-json\/wp\/v2\/categories?post=153"},{"taxonomy":"post_tag","embeddable":true,"href":"https:\/\/elglobal.do\/index.php\/wp-json\/wp\/v2\/tags?post=153"}],"curies":[{"name":"wp","href":"https:\/\/api.w.org\/{rel}","templated":true}]}}