{"id":1539,"date":"2025-08-24T09:58:55","date_gmt":"2025-08-24T13:58:55","guid":{"rendered":"https:\/\/elglobal.do\/?p=1539"},"modified":"2025-08-29T16:53:28","modified_gmt":"2025-08-29T20:53:28","slug":"fallece-la-actriz-y-vedette-angelita-curiel-la-mulatona","status":"publish","type":"post","link":"https:\/\/elglobal.do\/index.php\/2025\/08\/24\/fallece-la-actriz-y-vedette-angelita-curiel-la-mulatona\/","title":{"rendered":"Fallece la actriz y vedette Angelita Curiel, \u201cLa Mulatona\u201d"},"content":{"rendered":"\n<figure class=\"wp-block-image size-full\"><img loading=\"lazy\" decoding=\"async\" width=\"760\" height=\"595\" src=\"https:\/\/elglobal.do\/wp-content\/uploads\/2025\/08\/image-38.png\" alt=\"\" class=\"wp-image-1541\" srcset=\"https:\/\/elglobal.do\/wp-content\/uploads\/2025\/08\/image-38.png 760w, https:\/\/elglobal.do\/wp-content\/uploads\/2025\/08\/image-38-300x235.png 300w\" sizes=\"auto, (max-width: 760px) 100vw, 760px\" \/><\/figure>\n\n\n\n<p><strong>Santo Domingo.<\/strong> \u2013 La actriz, humorista y vedette dominicana <strong>Angelita Curiel<\/strong>, conocida popularmente como <em>\u201cLa Mulatona\u201d<\/em>, falleci\u00f3 la madrugada de este domingo a los 66 a\u00f1os de edad en la unidad de cuidados intensivos del Hospital General Plaza de la Salud, donde permanec\u00eda ingresada debido a complicaciones de salud.<\/p>\n\n\n\n<p>La informaci\u00f3n fue confirmada por su hijo, <strong>Steven Curiel<\/strong>, quien explic\u00f3 que el deceso se produjo a causa de un paro respiratorio. Adelant\u00f3 que los restos de la artista ser\u00e1n expuestos este domingo en la <strong>funeraria Inavi (Savica)<\/strong>, en la calle Pasteur, sector de Gazcue. M\u00e1s adelante se ofrecer\u00e1n detalles del sepelio.<\/p>\n\n\n\n<p>Curiel hab\u00eda sido internada inicialmente en el <strong>hospital Dar\u00edo Contreras<\/strong> tras sufrir una ca\u00edda que le provoc\u00f3 la rotura del f\u00e9mur el pasado 12 de agosto. En ese momento, sus familiares solicitaron donantes de sangre. Posteriormente, debido a una crisis renal y otras complicaciones, fue trasladada a la Plaza de la Salud, donde finalmente perdi\u00f3 la vida.<\/p>\n\n\n\n<h3 class=\"wp-block-heading\">Trayectoria art\u00edstica<\/h3>\n\n\n\n<p>Angelita Curiel dej\u00f3 una huella en el entretenimiento dominicano, especialmente en las d\u00e9cadas de los <strong>a\u00f1os 80 y 90<\/strong>, cuando se destac\u00f3 en programas como <em>El Show del Mediod\u00eda<\/em> y <em>El Show de Luisito y Anthony<\/em>, compartiendo escenario con figuras como <strong>Anthony R\u00edos, Luisito Mart\u00ed y Freddy Beras Goico<\/strong>.<\/p>\n\n\n\n<figure class=\"wp-block-image size-full\"><img loading=\"lazy\" decoding=\"async\" width=\"800\" height=\"545\" src=\"https:\/\/elglobal.do\/wp-content\/uploads\/2025\/08\/image-37.png\" alt=\"\" class=\"wp-image-1540\" srcset=\"https:\/\/elglobal.do\/wp-content\/uploads\/2025\/08\/image-37.png 800w, https:\/\/elglobal.do\/wp-content\/uploads\/2025\/08\/image-37-300x204.png 300w, https:\/\/elglobal.do\/wp-content\/uploads\/2025\/08\/image-37-768x523.png 768w\" sizes=\"auto, (max-width: 800px) 100vw, 800px\" \/><\/figure>\n\n\n\n<p>Conocida como <em>\u201cLa Mulatona\u201d<\/em> por su estilo, carisma y presencia esc\u00e9nica, brill\u00f3 como vedette con espectaculares vestuarios de piedras y brillos que marcaron \u00e9poca. Fue considerada una de las m\u00e1s destacadas en ese g\u00e9nero art\u00edstico, casi desaparecido en la actualidad.<\/p>\n\n\n\n<p>Adem\u00e1s de su desempe\u00f1o como actriz y bailarina, tambi\u00e9n incursion\u00f3 en la m\u00fasica con interpretaciones de temas como <em>\u201cT\u00fa eres mi hombre\u201d<\/em>, <em>\u201cEl Quejaito\u201d<\/em> y <em>\u201cTengo\u201d<\/em>.<\/p>\n\n\n\n<p>Aunque llevaba cerca de dos d\u00e9cadas retirada de los escenarios, es recordada como una artista polifac\u00e9tica, que combinaba el humor, el canto y la actuaci\u00f3n con un estilo \u00fanico.<\/p>\n\n\n\n<p><\/p>\n","protected":false},"excerpt":{"rendered":"<p>Santo Domingo. \u2013 La actriz, humorista y vedette dominicana Angelita Curiel, conocida popularmente como \u201cLa Mulatona\u201d, falleci\u00f3 la madrugada de este domingo a los 66 a\u00f1os de edad en la&hellip; <\/p>\n","protected":false},"author":1,"featured_media":1541,"comment_status":"open","ping_status":"open","sticky":false,"template":"","format":"standard","meta":{"_jetpack_memberships_contains_paid_content":false,"footnotes":""},"categories":[113],"tags":[741,742,240,743],"class_list":["post-1539","post","type-post","status-publish","format-standard","has-post-thumbnail","hentry","category-espectaculo","tag-actriz","tag-angelitacuriel","tag-fallecimiento","tag-lamulatona"],"yoast_head":"<!-- This site is optimized with the Yoast SEO plugin v26.9 - https:\/\/yoast.com\/product\/yoast-seo-wordpress\/ -->\n<title>Fallece la actriz y vedette Angelita Curiel, \u201cLa Mulatona\u201d - EL GLOBAL INFORMATIVO<\/title>\n<meta name=\"robots\" content=\"index, follow, max-snippet:-1, max-image-preview:large, max-video-preview:-1\" \/>\n<link rel=\"canonical\" href=\"https:\/\/elglobal.do\/index.php\/2025\/08\/24\/fallece-la-actriz-y-vedette-angelita-curiel-la-mulatona\/\" \/>\n<meta property=\"og:locale\" content=\"es_ES\" \/>\n<meta property=\"og:type\" content=\"article\" \/>\n<meta property=\"og:title\" content=\"Fallece la actriz y vedette Angelita Curiel, \u201cLa Mulatona\u201d - EL GLOBAL INFORMATIVO\" \/>\n<meta property=\"og:description\" content=\"Santo Domingo. \u2013 La actriz, humorista y vedette dominicana Angelita Curiel, conocida popularmente como \u201cLa Mulatona\u201d, falleci\u00f3 la madrugada de este domingo a los 66 a\u00f1os de edad en la&hellip;\" \/>\n<meta property=\"og:url\" content=\"https:\/\/elglobal.do\/index.php\/2025\/08\/24\/fallece-la-actriz-y-vedette-angelita-curiel-la-mulatona\/\" \/>\n<meta property=\"og:site_name\" content=\"EL GLOBAL INFORMATIVO\" \/>\n<meta property=\"article:published_time\" content=\"2025-08-24T13:58:55+00:00\" \/>\n<meta property=\"article:modified_time\" content=\"2025-08-29T20:53:28+00:00\" \/>\n<meta property=\"og:image\" content=\"https:\/\/elglobal.do\/wp-content\/uploads\/2025\/08\/image-38.png\" \/>\n\t<meta property=\"og:image:width\" content=\"760\" \/>\n\t<meta property=\"og:image:height\" content=\"595\" \/>\n\t<meta property=\"og:image:type\" content=\"image\/png\" \/>\n<meta name=\"author\" content=\"EL GLOBAL\" \/>\n<meta name=\"twitter:card\" content=\"summary_large_image\" \/>\n<meta name=\"twitter:label1\" content=\"Escrito por\" \/>\n\t<meta name=\"twitter:data1\" content=\"EL GLOBAL\" \/>\n\t<meta name=\"twitter:label2\" content=\"Tiempo de lectura\" \/>\n\t<meta name=\"twitter:data2\" content=\"2 minutos\" \/>\n<script type=\"application\/ld+json\" class=\"yoast-schema-graph\">{\"@context\":\"https:\/\/schema.org\",\"@graph\":[{\"@type\":\"Article\",\"@id\":\"https:\/\/elglobal.do\/index.php\/2025\/08\/24\/fallece-la-actriz-y-vedette-angelita-curiel-la-mulatona\/#article\",\"isPartOf\":{\"@id\":\"https:\/\/elglobal.do\/index.php\/2025\/08\/24\/fallece-la-actriz-y-vedette-angelita-curiel-la-mulatona\/\"},\"author\":{\"name\":\"EL GLOBAL\",\"@id\":\"https:\/\/elglobal.do\/#\/schema\/person\/0c97ec2c7714fb605d230c292f64d55f\"},\"headline\":\"Fallece la actriz y vedette Angelita Curiel, \u201cLa Mulatona\u201d\",\"datePublished\":\"2025-08-24T13:58:55+00:00\",\"dateModified\":\"2025-08-29T20:53:28+00:00\",\"mainEntityOfPage\":{\"@id\":\"https:\/\/elglobal.do\/index.php\/2025\/08\/24\/fallece-la-actriz-y-vedette-angelita-curiel-la-mulatona\/\"},\"wordCount\":334,\"commentCount\":0,\"publisher\":{\"@id\":\"https:\/\/elglobal.do\/#organization\"},\"image\":{\"@id\":\"https:\/\/elglobal.do\/index.php\/2025\/08\/24\/fallece-la-actriz-y-vedette-angelita-curiel-la-mulatona\/#primaryimage\"},\"thumbnailUrl\":\"https:\/\/elglobal.do\/wp-content\/uploads\/2025\/08\/image-38.png\",\"keywords\":[\"#Actriz\",\"#AngelitaCuriel\",\"#Fallecimiento\",\"#LaMulatona\"],\"articleSection\":[\"ESPECT\u00c1CULOS\"],\"inLanguage\":\"es\",\"potentialAction\":[{\"@type\":\"CommentAction\",\"name\":\"Comment\",\"target\":[\"https:\/\/elglobal.do\/index.php\/2025\/08\/24\/fallece-la-actriz-y-vedette-angelita-curiel-la-mulatona\/#respond\"]}]},{\"@type\":\"WebPage\",\"@id\":\"https:\/\/elglobal.do\/index.php\/2025\/08\/24\/fallece-la-actriz-y-vedette-angelita-curiel-la-mulatona\/\",\"url\":\"https:\/\/elglobal.do\/index.php\/2025\/08\/24\/fallece-la-actriz-y-vedette-angelita-curiel-la-mulatona\/\",\"name\":\"Fallece la actriz y vedette Angelita Curiel, \u201cLa Mulatona\u201d - EL GLOBAL INFORMATIVO\",\"isPartOf\":{\"@id\":\"https:\/\/elglobal.do\/#website\"},\"primaryImageOfPage\":{\"@id\":\"https:\/\/elglobal.do\/index.php\/2025\/08\/24\/fallece-la-actriz-y-vedette-angelita-curiel-la-mulatona\/#primaryimage\"},\"image\":{\"@id\":\"https:\/\/elglobal.do\/index.php\/2025\/08\/24\/fallece-la-actriz-y-vedette-angelita-curiel-la-mulatona\/#primaryimage\"},\"thumbnailUrl\":\"https:\/\/elglobal.do\/wp-content\/uploads\/2025\/08\/image-38.png\",\"datePublished\":\"2025-08-24T13:58:55+00:00\",\"dateModified\":\"2025-08-29T20:53:28+00:00\",\"breadcrumb\":{\"@id\":\"https:\/\/elglobal.do\/index.php\/2025\/08\/24\/fallece-la-actriz-y-vedette-angelita-curiel-la-mulatona\/#breadcrumb\"},\"inLanguage\":\"es\",\"potentialAction\":[{\"@type\":\"ReadAction\",\"target\":[\"https:\/\/elglobal.do\/index.php\/2025\/08\/24\/fallece-la-actriz-y-vedette-angelita-curiel-la-mulatona\/\"]}]},{\"@type\":\"ImageObject\",\"inLanguage\":\"es\",\"@id\":\"https:\/\/elglobal.do\/index.php\/2025\/08\/24\/fallece-la-actriz-y-vedette-angelita-curiel-la-mulatona\/#primaryimage\",\"url\":\"https:\/\/elglobal.do\/wp-content\/uploads\/2025\/08\/image-38.png\",\"contentUrl\":\"https:\/\/elglobal.do\/wp-content\/uploads\/2025\/08\/image-38.png\",\"width\":760,\"height\":595},{\"@type\":\"BreadcrumbList\",\"@id\":\"https:\/\/elglobal.do\/index.php\/2025\/08\/24\/fallece-la-actriz-y-vedette-angelita-curiel-la-mulatona\/#breadcrumb\",\"itemListElement\":[{\"@type\":\"ListItem\",\"position\":1,\"name\":\"Portada\",\"item\":\"https:\/\/elglobal.do\/\"},{\"@type\":\"ListItem\",\"position\":2,\"name\":\"Fallece la actriz y vedette Angelita Curiel, \u201cLa Mulatona\u201d\"}]},{\"@type\":\"WebSite\",\"@id\":\"https:\/\/elglobal.do\/#website\",\"url\":\"https:\/\/elglobal.do\/\",\"name\":\"EL GLOBAL INFORMATIVO\",\"description\":\"Peri\u00f3dico digital de la Rep\u00fablica Dominicana que ofrece noticias, novedades, pol\u00edtica y las \u00faltimas actualidades, con informaci\u00f3n veraz y oportuna para mantenerte siempre informad\",\"publisher\":{\"@id\":\"https:\/\/elglobal.do\/#organization\"},\"potentialAction\":[{\"@type\":\"SearchAction\",\"target\":{\"@type\":\"EntryPoint\",\"urlTemplate\":\"https:\/\/elglobal.do\/?s={search_term_string}\"},\"query-input\":{\"@type\":\"PropertyValueSpecification\",\"valueRequired\":true,\"valueName\":\"search_term_string\"}}],\"inLanguage\":\"es\"},{\"@type\":\"Organization\",\"@id\":\"https:\/\/elglobal.do\/#organization\",\"name\":\"EL GLOBAL.DO INFORMATIVO\",\"url\":\"https:\/\/elglobal.do\/\",\"logo\":{\"@type\":\"ImageObject\",\"inLanguage\":\"es\",\"@id\":\"https:\/\/elglobal.do\/#\/schema\/logo\/image\/\",\"url\":\"https:\/\/elglobal.do\/wp-content\/uploads\/2025\/08\/icon.png\",\"contentUrl\":\"https:\/\/elglobal.do\/wp-content\/uploads\/2025\/08\/icon.png\",\"width\":512,\"height\":512,\"caption\":\"EL GLOBAL.DO INFORMATIVO\"},\"image\":{\"@id\":\"https:\/\/elglobal.do\/#\/schema\/logo\/image\/\"}},{\"@type\":\"Person\",\"@id\":\"https:\/\/elglobal.do\/#\/schema\/person\/0c97ec2c7714fb605d230c292f64d55f\",\"name\":\"EL GLOBAL\",\"image\":{\"@type\":\"ImageObject\",\"inLanguage\":\"es\",\"@id\":\"https:\/\/elglobal.do\/#\/schema\/person\/image\/\",\"url\":\"https:\/\/secure.gravatar.com\/avatar\/081cfb6cf99faddc6f4e23a0c11ab98c5cf302925382d1c88dc3ed757ab910a3?s=96&d=mm&r=g\",\"contentUrl\":\"https:\/\/secure.gravatar.com\/avatar\/081cfb6cf99faddc6f4e23a0c11ab98c5cf302925382d1c88dc3ed757ab910a3?s=96&d=mm&r=g\",\"caption\":\"EL GLOBAL\"},\"description\":\"El Global Informativo es un peri\u00f3dico digital de Rep\u00fablica Dominicana que se dedica a cubrir temas importantes, como la pol\u00edtica local, geopol\u00edtica, econom\u00eda, tecnolog\u00eda, noticias internacionales y eventos relacionados con la gesti\u00f3n social, cultural y humana. Su objetivo principal es mantener a la poblaci\u00f3n informada, ofreciendo una visi\u00f3n amplia y actualizada de lo que sucede tanto en el pa\u00eds como en el mundo. Est\u00e1 dirigido por un grupo de periodistas experimentados, lo que garantiza la calidad y la precisi\u00f3n de la informaci\u00f3n que ofrecen. Tiene su sede en la ciudad de Santo Domingo y es parte integral del portafolio de la empresa, MC Global S.R.L.\",\"sameAs\":[\"https:\/\/elglobal.do\",\"https:\/\/www.instagram.com\/elglobal.do_informativo\/\"],\"url\":\"https:\/\/elglobal.do\/index.php\/author\/elglobaluserpro\/\"}]}<\/script>\n<!-- \/ Yoast SEO plugin. -->","yoast_head_json":{"title":"Fallece la actriz y vedette Angelita Curiel, \u201cLa Mulatona\u201d - EL GLOBAL INFORMATIVO","robots":{"index":"index","follow":"follow","max-snippet":"max-snippet:-1","max-image-preview":"max-image-preview:large","max-video-preview":"max-video-preview:-1"},"canonical":"https:\/\/elglobal.do\/index.php\/2025\/08\/24\/fallece-la-actriz-y-vedette-angelita-curiel-la-mulatona\/","og_locale":"es_ES","og_type":"article","og_title":"Fallece la actriz y vedette Angelita Curiel, \u201cLa Mulatona\u201d - EL GLOBAL INFORMATIVO","og_description":"Santo Domingo. \u2013 La actriz, humorista y vedette dominicana Angelita Curiel, conocida popularmente como \u201cLa Mulatona\u201d, falleci\u00f3 la madrugada de este domingo a los 66 a\u00f1os de edad en la&hellip;","og_url":"https:\/\/elglobal.do\/index.php\/2025\/08\/24\/fallece-la-actriz-y-vedette-angelita-curiel-la-mulatona\/","og_site_name":"EL GLOBAL INFORMATIVO","article_published_time":"2025-08-24T13:58:55+00:00","article_modified_time":"2025-08-29T20:53:28+00:00","og_image":[{"width":760,"height":595,"url":"https:\/\/elglobal.do\/wp-content\/uploads\/2025\/08\/image-38.png","type":"image\/png"}],"author":"EL GLOBAL","twitter_card":"summary_large_image","twitter_misc":{"Escrito por":"EL GLOBAL","Tiempo de lectura":"2 minutos"},"schema":{"@context":"https:\/\/schema.org","@graph":[{"@type":"Article","@id":"https:\/\/elglobal.do\/index.php\/2025\/08\/24\/fallece-la-actriz-y-vedette-angelita-curiel-la-mulatona\/#article","isPartOf":{"@id":"https:\/\/elglobal.do\/index.php\/2025\/08\/24\/fallece-la-actriz-y-vedette-angelita-curiel-la-mulatona\/"},"author":{"name":"EL GLOBAL","@id":"https:\/\/elglobal.do\/#\/schema\/person\/0c97ec2c7714fb605d230c292f64d55f"},"headline":"Fallece la actriz y vedette Angelita Curiel, \u201cLa Mulatona\u201d","datePublished":"2025-08-24T13:58:55+00:00","dateModified":"2025-08-29T20:53:28+00:00","mainEntityOfPage":{"@id":"https:\/\/elglobal.do\/index.php\/2025\/08\/24\/fallece-la-actriz-y-vedette-angelita-curiel-la-mulatona\/"},"wordCount":334,"commentCount":0,"publisher":{"@id":"https:\/\/elglobal.do\/#organization"},"image":{"@id":"https:\/\/elglobal.do\/index.php\/2025\/08\/24\/fallece-la-actriz-y-vedette-angelita-curiel-la-mulatona\/#primaryimage"},"thumbnailUrl":"https:\/\/elglobal.do\/wp-content\/uploads\/2025\/08\/image-38.png","keywords":["#Actriz","#AngelitaCuriel","#Fallecimiento","#LaMulatona"],"articleSection":["ESPECT\u00c1CULOS"],"inLanguage":"es","potentialAction":[{"@type":"CommentAction","name":"Comment","target":["https:\/\/elglobal.do\/index.php\/2025\/08\/24\/fallece-la-actriz-y-vedette-angelita-curiel-la-mulatona\/#respond"]}]},{"@type":"WebPage","@id":"https:\/\/elglobal.do\/index.php\/2025\/08\/24\/fallece-la-actriz-y-vedette-angelita-curiel-la-mulatona\/","url":"https:\/\/elglobal.do\/index.php\/2025\/08\/24\/fallece-la-actriz-y-vedette-angelita-curiel-la-mulatona\/","name":"Fallece la actriz y vedette Angelita Curiel, \u201cLa Mulatona\u201d - EL GLOBAL INFORMATIVO","isPartOf":{"@id":"https:\/\/elglobal.do\/#website"},"primaryImageOfPage":{"@id":"https:\/\/elglobal.do\/index.php\/2025\/08\/24\/fallece-la-actriz-y-vedette-angelita-curiel-la-mulatona\/#primaryimage"},"image":{"@id":"https:\/\/elglobal.do\/index.php\/2025\/08\/24\/fallece-la-actriz-y-vedette-angelita-curiel-la-mulatona\/#primaryimage"},"thumbnailUrl":"https:\/\/elglobal.do\/wp-content\/uploads\/2025\/08\/image-38.png","datePublished":"2025-08-24T13:58:55+00:00","dateModified":"2025-08-29T20:53:28+00:00","breadcrumb":{"@id":"https:\/\/elglobal.do\/index.php\/2025\/08\/24\/fallece-la-actriz-y-vedette-angelita-curiel-la-mulatona\/#breadcrumb"},"inLanguage":"es","potentialAction":[{"@type":"ReadAction","target":["https:\/\/elglobal.do\/index.php\/2025\/08\/24\/fallece-la-actriz-y-vedette-angelita-curiel-la-mulatona\/"]}]},{"@type":"ImageObject","inLanguage":"es","@id":"https:\/\/elglobal.do\/index.php\/2025\/08\/24\/fallece-la-actriz-y-vedette-angelita-curiel-la-mulatona\/#primaryimage","url":"https:\/\/elglobal.do\/wp-content\/uploads\/2025\/08\/image-38.png","contentUrl":"https:\/\/elglobal.do\/wp-content\/uploads\/2025\/08\/image-38.png","width":760,"height":595},{"@type":"BreadcrumbList","@id":"https:\/\/elglobal.do\/index.php\/2025\/08\/24\/fallece-la-actriz-y-vedette-angelita-curiel-la-mulatona\/#breadcrumb","itemListElement":[{"@type":"ListItem","position":1,"name":"Portada","item":"https:\/\/elglobal.do\/"},{"@type":"ListItem","position":2,"name":"Fallece la actriz y vedette Angelita Curiel, \u201cLa Mulatona\u201d"}]},{"@type":"WebSite","@id":"https:\/\/elglobal.do\/#website","url":"https:\/\/elglobal.do\/","name":"EL GLOBAL INFORMATIVO","description":"Peri\u00f3dico digital de la Rep\u00fablica Dominicana que ofrece noticias, novedades, pol\u00edtica y las \u00faltimas actualidades, con informaci\u00f3n veraz y oportuna para mantenerte siempre informad","publisher":{"@id":"https:\/\/elglobal.do\/#organization"},"potentialAction":[{"@type":"SearchAction","target":{"@type":"EntryPoint","urlTemplate":"https:\/\/elglobal.do\/?s={search_term_string}"},"query-input":{"@type":"PropertyValueSpecification","valueRequired":true,"valueName":"search_term_string"}}],"inLanguage":"es"},{"@type":"Organization","@id":"https:\/\/elglobal.do\/#organization","name":"EL GLOBAL.DO INFORMATIVO","url":"https:\/\/elglobal.do\/","logo":{"@type":"ImageObject","inLanguage":"es","@id":"https:\/\/elglobal.do\/#\/schema\/logo\/image\/","url":"https:\/\/elglobal.do\/wp-content\/uploads\/2025\/08\/icon.png","contentUrl":"https:\/\/elglobal.do\/wp-content\/uploads\/2025\/08\/icon.png","width":512,"height":512,"caption":"EL GLOBAL.DO INFORMATIVO"},"image":{"@id":"https:\/\/elglobal.do\/#\/schema\/logo\/image\/"}},{"@type":"Person","@id":"https:\/\/elglobal.do\/#\/schema\/person\/0c97ec2c7714fb605d230c292f64d55f","name":"EL GLOBAL","image":{"@type":"ImageObject","inLanguage":"es","@id":"https:\/\/elglobal.do\/#\/schema\/person\/image\/","url":"https:\/\/secure.gravatar.com\/avatar\/081cfb6cf99faddc6f4e23a0c11ab98c5cf302925382d1c88dc3ed757ab910a3?s=96&d=mm&r=g","contentUrl":"https:\/\/secure.gravatar.com\/avatar\/081cfb6cf99faddc6f4e23a0c11ab98c5cf302925382d1c88dc3ed757ab910a3?s=96&d=mm&r=g","caption":"EL GLOBAL"},"description":"El Global Informativo es un peri\u00f3dico digital de Rep\u00fablica Dominicana que se dedica a cubrir temas importantes, como la pol\u00edtica local, geopol\u00edtica, econom\u00eda, tecnolog\u00eda, noticias internacionales y eventos relacionados con la gesti\u00f3n social, cultural y humana. Su objetivo principal es mantener a la poblaci\u00f3n informada, ofreciendo una visi\u00f3n amplia y actualizada de lo que sucede tanto en el pa\u00eds como en el mundo. Est\u00e1 dirigido por un grupo de periodistas experimentados, lo que garantiza la calidad y la precisi\u00f3n de la informaci\u00f3n que ofrecen. Tiene su sede en la ciudad de Santo Domingo y es parte integral del portafolio de la empresa, MC Global S.R.L.","sameAs":["https:\/\/elglobal.do","https:\/\/www.instagram.com\/elglobal.do_informativo\/"],"url":"https:\/\/elglobal.do\/index.php\/author\/elglobaluserpro\/"}]}},"jetpack_featured_media_url":"https:\/\/elglobal.do\/wp-content\/uploads\/2025\/08\/image-38.png","jetpack_sharing_enabled":true,"_links":{"self":[{"href":"https:\/\/elglobal.do\/index.php\/wp-json\/wp\/v2\/posts\/1539","targetHints":{"allow":["GET"]}}],"collection":[{"href":"https:\/\/elglobal.do\/index.php\/wp-json\/wp\/v2\/posts"}],"about":[{"href":"https:\/\/elglobal.do\/index.php\/wp-json\/wp\/v2\/types\/post"}],"author":[{"embeddable":true,"href":"https:\/\/elglobal.do\/index.php\/wp-json\/wp\/v2\/users\/1"}],"replies":[{"embeddable":true,"href":"https:\/\/elglobal.do\/index.php\/wp-json\/wp\/v2\/comments?post=1539"}],"version-history":[{"count":1,"href":"https:\/\/elglobal.do\/index.php\/wp-json\/wp\/v2\/posts\/1539\/revisions"}],"predecessor-version":[{"id":1542,"href":"https:\/\/elglobal.do\/index.php\/wp-json\/wp\/v2\/posts\/1539\/revisions\/1542"}],"wp:featuredmedia":[{"embeddable":true,"href":"https:\/\/elglobal.do\/index.php\/wp-json\/wp\/v2\/media\/1541"}],"wp:attachment":[{"href":"https:\/\/elglobal.do\/index.php\/wp-json\/wp\/v2\/media?parent=1539"}],"wp:term":[{"taxonomy":"category","embeddable":true,"href":"https:\/\/elglobal.do\/index.php\/wp-json\/wp\/v2\/categories?post=1539"},{"taxonomy":"post_tag","embeddable":true,"href":"https:\/\/elglobal.do\/index.php\/wp-json\/wp\/v2\/tags?post=1539"}],"curies":[{"name":"wp","href":"https:\/\/api.w.org\/{rel}","templated":true}]}}