{"id":1576,"date":"2025-08-25T15:32:52","date_gmt":"2025-08-25T19:32:52","guid":{"rendered":"https:\/\/elglobal.do\/?p=1576"},"modified":"2025-08-25T15:32:55","modified_gmt":"2025-08-25T19:32:55","slug":"fue-un-fin-de-semana-de-luto-para-el-mundo-del-espectaculo-dominicano","status":"publish","type":"post","link":"https:\/\/elglobal.do\/index.php\/2025\/08\/25\/fue-un-fin-de-semana-de-luto-para-el-mundo-del-espectaculo-dominicano\/","title":{"rendered":"Fue un fin de semana de luto para el mundo del espect\u00e1culo dominicano"},"content":{"rendered":"\n<p><strong>Santo Domingo. \u2013<\/strong> Este fin de semana el mundo del espect\u00e1culo dominicano se visti\u00f3 de luto, con el fallecimiento de dos emblem\u00e1ticos artistas, el actor Miguel \u00c1ngel Mart\u00ednez y la actriz, humorista y bailarina, Angelita Curiel.<\/p>\n\n\n\n<figure class=\"wp-block-image size-full\"><img loading=\"lazy\" decoding=\"async\" width=\"375\" height=\"240\" src=\"https:\/\/elglobal.do\/wp-content\/uploads\/2025\/08\/Miguel-Angel.jpeg\" alt=\"\" class=\"wp-image-1578\" srcset=\"https:\/\/elglobal.do\/wp-content\/uploads\/2025\/08\/Miguel-Angel.jpeg 375w, https:\/\/elglobal.do\/wp-content\/uploads\/2025\/08\/Miguel-Angel-300x192.jpeg 300w\" sizes=\"auto, (max-width: 375px) 100vw, 375px\" \/><figcaption class=\"wp-element-caption\"><em>El fenecido actor dominicano, Miguel \u00c1ngel<\/em> <em>Mart\u00ednez<\/em><\/figcaption><\/figure>\n\n\n\n<p>La madrugada del s\u00e1bado 23 se dio a conocer el fallecimiento del actor dominicano Miguel \u00c1ngel Mart\u00ednez, en su residencia del sector Villa Progreso del Este, en Santo Domingo Este. Seg\u00fan confirm\u00f3 un vecino del referido sector donde resid\u00eda Mart\u00ednez.<\/p>\n\n\n\n<p>Con una trayectoria art\u00edstica iniciada en 1972, Mart\u00ednez dej\u00f3 una huella imborrable en la escena nacional con interpretaciones memorables en obras como Ant\u00edgona, Fuenteovejuna y Bodas de sangre, as\u00ed como en pel\u00edculas Tr\u00f3pico de sangre, La lucha de Ana y La fiesta del chivo.<\/p>\n\n\n\n<figure class=\"wp-block-image size-full is-resized\"><img loading=\"lazy\" decoding=\"async\" width=\"800\" height=\"545\" src=\"https:\/\/elglobal.do\/wp-content\/uploads\/2025\/08\/image-37.png\" alt=\"\" class=\"wp-image-1540\" style=\"width:332px;height:auto\" srcset=\"https:\/\/elglobal.do\/wp-content\/uploads\/2025\/08\/image-37.png 800w, https:\/\/elglobal.do\/wp-content\/uploads\/2025\/08\/image-37-300x204.png 300w, https:\/\/elglobal.do\/wp-content\/uploads\/2025\/08\/image-37-768x523.png 768w\" sizes=\"auto, (max-width: 800px) 100vw, 800px\" \/><figcaption class=\"wp-element-caption\"><em>Angelita Curiel, fenecida artista dominicana<\/em>\u00a0<\/figcaption><\/figure>\n\n\n\n<p>En tanto, la actriz, humorista  y vedette dominicana\u00a0Angelita Curiel, conocida popularmente como\u00a0<em>\u201cLa Mulatona\u201d<\/em>  falleci\u00f3 la madrugada de este domingo 24 a los 66 a\u00f1os en la unidad de cuidados intensivos del Hospital General Plaza de la Salud, donde permanec\u00eda ingresada debido a complicaciones de salud.<\/p>\n\n\n\n<p>La informaci\u00f3n fue confirmada por su hijo,\u00a0Steven Curiel, quien explic\u00f3 que el deceso se produjo a causa de un paro respiratorio. Los restos de la artista se expusieron durante el domingo en la\u00a0funeraria Inavi de Gazcue. El sepelio se produjo el mismo domingo en el cementerio Cristo Redentor.<\/p>\n\n\n\n<p>La trayectoria de <em>\u201cLa Mulatona\u201d<\/em>, se destac\u00f3 en los a\u00f1os 80 y 90 dejando una huella muy marcada en el entretenimiento dominicano.<\/p>\n\n\n\n<p>Leer tambi\u00e9n: <a href=\"https:\/\/elglobal.do\/index.php\/2025\/08\/24\/fallece-la-actriz-y-vedette-angelita-curiel-la-mulatona\/\">Fallece la actriz y vedette Angelita Curiel, \u201cLa Mulatona\u201d<\/a><\/p>\n","protected":false},"excerpt":{"rendered":"<p>Santo Domingo. \u2013 Este fin de semana el mundo del espect\u00e1culo dominicano se visti\u00f3 de luto, con el fallecimiento de dos emblem\u00e1ticos artistas, el actor Miguel \u00c1ngel Mart\u00ednez y la&hellip; <\/p>\n","protected":false},"author":1,"featured_media":1577,"comment_status":"open","ping_status":"open","sticky":false,"template":"","format":"standard","meta":{"_jetpack_memberships_contains_paid_content":false,"footnotes":""},"categories":[113,40],"tags":[742,98,299,761],"class_list":["post-1576","post","type-post","status-publish","format-standard","has-post-thumbnail","hentry","category-espectaculo","category-nacionales","tag-angelitacuriel","tag-elglobalinformativo","tag-luto","tag-miguelangelmartinez"],"yoast_head":"<!-- This site is optimized with the Yoast SEO plugin v26.9 - https:\/\/yoast.com\/product\/yoast-seo-wordpress\/ -->\n<title>Fue un fin de semana de luto para el mundo del espect\u00e1culo dominicano - EL GLOBAL INFORMATIVO<\/title>\n<meta name=\"robots\" content=\"index, follow, max-snippet:-1, max-image-preview:large, max-video-preview:-1\" \/>\n<link rel=\"canonical\" href=\"https:\/\/elglobal.do\/index.php\/2025\/08\/25\/fue-un-fin-de-semana-de-luto-para-el-mundo-del-espectaculo-dominicano\/\" \/>\n<meta property=\"og:locale\" content=\"es_ES\" \/>\n<meta property=\"og:type\" content=\"article\" \/>\n<meta property=\"og:title\" content=\"Fue un fin de semana de luto para el mundo del espect\u00e1culo dominicano - EL GLOBAL INFORMATIVO\" \/>\n<meta property=\"og:description\" content=\"Santo Domingo. \u2013 Este fin de semana el mundo del espect\u00e1culo dominicano se visti\u00f3 de luto, con el fallecimiento de dos emblem\u00e1ticos artistas, el actor Miguel \u00c1ngel Mart\u00ednez y la&hellip;\" \/>\n<meta property=\"og:url\" content=\"https:\/\/elglobal.do\/index.php\/2025\/08\/25\/fue-un-fin-de-semana-de-luto-para-el-mundo-del-espectaculo-dominicano\/\" \/>\n<meta property=\"og:site_name\" content=\"EL GLOBAL INFORMATIVO\" \/>\n<meta property=\"article:published_time\" content=\"2025-08-25T19:32:52+00:00\" \/>\n<meta property=\"article:modified_time\" content=\"2025-08-25T19:32:55+00:00\" \/>\n<meta property=\"og:image\" content=\"https:\/\/elglobal.do\/wp-content\/uploads\/2025\/08\/Luto.jpeg\" \/>\n\t<meta property=\"og:image:width\" content=\"1280\" \/>\n\t<meta property=\"og:image:height\" content=\"1280\" \/>\n\t<meta property=\"og:image:type\" content=\"image\/jpeg\" \/>\n<meta name=\"author\" content=\"EL GLOBAL\" \/>\n<meta name=\"twitter:card\" content=\"summary_large_image\" \/>\n<meta name=\"twitter:label1\" content=\"Escrito por\" \/>\n\t<meta name=\"twitter:data1\" content=\"EL GLOBAL\" \/>\n\t<meta name=\"twitter:label2\" content=\"Tiempo de lectura\" \/>\n\t<meta name=\"twitter:data2\" content=\"2 minutos\" \/>\n<script type=\"application\/ld+json\" class=\"yoast-schema-graph\">{\"@context\":\"https:\/\/schema.org\",\"@graph\":[{\"@type\":\"Article\",\"@id\":\"https:\/\/elglobal.do\/index.php\/2025\/08\/25\/fue-un-fin-de-semana-de-luto-para-el-mundo-del-espectaculo-dominicano\/#article\",\"isPartOf\":{\"@id\":\"https:\/\/elglobal.do\/index.php\/2025\/08\/25\/fue-un-fin-de-semana-de-luto-para-el-mundo-del-espectaculo-dominicano\/\"},\"author\":{\"name\":\"EL GLOBAL\",\"@id\":\"https:\/\/elglobal.do\/#\/schema\/person\/0c97ec2c7714fb605d230c292f64d55f\"},\"headline\":\"Fue un fin de semana de luto para el mundo del espect\u00e1culo dominicano\",\"datePublished\":\"2025-08-25T19:32:52+00:00\",\"dateModified\":\"2025-08-25T19:32:55+00:00\",\"mainEntityOfPage\":{\"@id\":\"https:\/\/elglobal.do\/index.php\/2025\/08\/25\/fue-un-fin-de-semana-de-luto-para-el-mundo-del-espectaculo-dominicano\/\"},\"wordCount\":288,\"commentCount\":0,\"publisher\":{\"@id\":\"https:\/\/elglobal.do\/#organization\"},\"image\":{\"@id\":\"https:\/\/elglobal.do\/index.php\/2025\/08\/25\/fue-un-fin-de-semana-de-luto-para-el-mundo-del-espectaculo-dominicano\/#primaryimage\"},\"thumbnailUrl\":\"https:\/\/elglobal.do\/wp-content\/uploads\/2025\/08\/Luto.jpeg\",\"keywords\":[\"#AngelitaCuriel\",\"#ElGlobalInformativo\",\"#Luto\",\"#Miguel\u00c1ngelMart\u00ednez\"],\"articleSection\":[\"ESPECT\u00c1CULOS\",\"NACIONALES\"],\"inLanguage\":\"es\",\"potentialAction\":[{\"@type\":\"CommentAction\",\"name\":\"Comment\",\"target\":[\"https:\/\/elglobal.do\/index.php\/2025\/08\/25\/fue-un-fin-de-semana-de-luto-para-el-mundo-del-espectaculo-dominicano\/#respond\"]}]},{\"@type\":\"WebPage\",\"@id\":\"https:\/\/elglobal.do\/index.php\/2025\/08\/25\/fue-un-fin-de-semana-de-luto-para-el-mundo-del-espectaculo-dominicano\/\",\"url\":\"https:\/\/elglobal.do\/index.php\/2025\/08\/25\/fue-un-fin-de-semana-de-luto-para-el-mundo-del-espectaculo-dominicano\/\",\"name\":\"Fue un fin de semana de luto para el mundo del espect\u00e1culo dominicano - EL GLOBAL INFORMATIVO\",\"isPartOf\":{\"@id\":\"https:\/\/elglobal.do\/#website\"},\"primaryImageOfPage\":{\"@id\":\"https:\/\/elglobal.do\/index.php\/2025\/08\/25\/fue-un-fin-de-semana-de-luto-para-el-mundo-del-espectaculo-dominicano\/#primaryimage\"},\"image\":{\"@id\":\"https:\/\/elglobal.do\/index.php\/2025\/08\/25\/fue-un-fin-de-semana-de-luto-para-el-mundo-del-espectaculo-dominicano\/#primaryimage\"},\"thumbnailUrl\":\"https:\/\/elglobal.do\/wp-content\/uploads\/2025\/08\/Luto.jpeg\",\"datePublished\":\"2025-08-25T19:32:52+00:00\",\"dateModified\":\"2025-08-25T19:32:55+00:00\",\"breadcrumb\":{\"@id\":\"https:\/\/elglobal.do\/index.php\/2025\/08\/25\/fue-un-fin-de-semana-de-luto-para-el-mundo-del-espectaculo-dominicano\/#breadcrumb\"},\"inLanguage\":\"es\",\"potentialAction\":[{\"@type\":\"ReadAction\",\"target\":[\"https:\/\/elglobal.do\/index.php\/2025\/08\/25\/fue-un-fin-de-semana-de-luto-para-el-mundo-del-espectaculo-dominicano\/\"]}]},{\"@type\":\"ImageObject\",\"inLanguage\":\"es\",\"@id\":\"https:\/\/elglobal.do\/index.php\/2025\/08\/25\/fue-un-fin-de-semana-de-luto-para-el-mundo-del-espectaculo-dominicano\/#primaryimage\",\"url\":\"https:\/\/elglobal.do\/wp-content\/uploads\/2025\/08\/Luto.jpeg\",\"contentUrl\":\"https:\/\/elglobal.do\/wp-content\/uploads\/2025\/08\/Luto.jpeg\",\"width\":1280,\"height\":1280},{\"@type\":\"BreadcrumbList\",\"@id\":\"https:\/\/elglobal.do\/index.php\/2025\/08\/25\/fue-un-fin-de-semana-de-luto-para-el-mundo-del-espectaculo-dominicano\/#breadcrumb\",\"itemListElement\":[{\"@type\":\"ListItem\",\"position\":1,\"name\":\"Portada\",\"item\":\"https:\/\/elglobal.do\/\"},{\"@type\":\"ListItem\",\"position\":2,\"name\":\"Fue un fin de semana de luto para el mundo del espect\u00e1culo dominicano\"}]},{\"@type\":\"WebSite\",\"@id\":\"https:\/\/elglobal.do\/#website\",\"url\":\"https:\/\/elglobal.do\/\",\"name\":\"EL GLOBAL INFORMATIVO\",\"description\":\"Peri\u00f3dico digital de la Rep\u00fablica Dominicana que ofrece noticias, novedades, pol\u00edtica y las \u00faltimas actualidades, con informaci\u00f3n veraz y oportuna para mantenerte siempre informad\",\"publisher\":{\"@id\":\"https:\/\/elglobal.do\/#organization\"},\"potentialAction\":[{\"@type\":\"SearchAction\",\"target\":{\"@type\":\"EntryPoint\",\"urlTemplate\":\"https:\/\/elglobal.do\/?s={search_term_string}\"},\"query-input\":{\"@type\":\"PropertyValueSpecification\",\"valueRequired\":true,\"valueName\":\"search_term_string\"}}],\"inLanguage\":\"es\"},{\"@type\":\"Organization\",\"@id\":\"https:\/\/elglobal.do\/#organization\",\"name\":\"EL GLOBAL.DO INFORMATIVO\",\"url\":\"https:\/\/elglobal.do\/\",\"logo\":{\"@type\":\"ImageObject\",\"inLanguage\":\"es\",\"@id\":\"https:\/\/elglobal.do\/#\/schema\/logo\/image\/\",\"url\":\"https:\/\/elglobal.do\/wp-content\/uploads\/2025\/08\/icon.png\",\"contentUrl\":\"https:\/\/elglobal.do\/wp-content\/uploads\/2025\/08\/icon.png\",\"width\":512,\"height\":512,\"caption\":\"EL GLOBAL.DO INFORMATIVO\"},\"image\":{\"@id\":\"https:\/\/elglobal.do\/#\/schema\/logo\/image\/\"}},{\"@type\":\"Person\",\"@id\":\"https:\/\/elglobal.do\/#\/schema\/person\/0c97ec2c7714fb605d230c292f64d55f\",\"name\":\"EL GLOBAL\",\"image\":{\"@type\":\"ImageObject\",\"inLanguage\":\"es\",\"@id\":\"https:\/\/elglobal.do\/#\/schema\/person\/image\/\",\"url\":\"https:\/\/secure.gravatar.com\/avatar\/081cfb6cf99faddc6f4e23a0c11ab98c5cf302925382d1c88dc3ed757ab910a3?s=96&d=mm&r=g\",\"contentUrl\":\"https:\/\/secure.gravatar.com\/avatar\/081cfb6cf99faddc6f4e23a0c11ab98c5cf302925382d1c88dc3ed757ab910a3?s=96&d=mm&r=g\",\"caption\":\"EL GLOBAL\"},\"description\":\"El Global Informativo es un peri\u00f3dico digital de Rep\u00fablica Dominicana que se dedica a cubrir temas importantes, como la pol\u00edtica local, geopol\u00edtica, econom\u00eda, tecnolog\u00eda, noticias internacionales y eventos relacionados con la gesti\u00f3n social, cultural y humana. Su objetivo principal es mantener a la poblaci\u00f3n informada, ofreciendo una visi\u00f3n amplia y actualizada de lo que sucede tanto en el pa\u00eds como en el mundo. Est\u00e1 dirigido por un grupo de periodistas experimentados, lo que garantiza la calidad y la precisi\u00f3n de la informaci\u00f3n que ofrecen. Tiene su sede en la ciudad de Santo Domingo y es parte integral del portafolio de la empresa, MC Global S.R.L.\",\"sameAs\":[\"https:\/\/elglobal.do\",\"https:\/\/www.instagram.com\/elglobal.do_informativo\/\"],\"url\":\"https:\/\/elglobal.do\/index.php\/author\/elglobaluserpro\/\"}]}<\/script>\n<!-- \/ Yoast SEO plugin. -->","yoast_head_json":{"title":"Fue un fin de semana de luto para el mundo del espect\u00e1culo dominicano - EL GLOBAL INFORMATIVO","robots":{"index":"index","follow":"follow","max-snippet":"max-snippet:-1","max-image-preview":"max-image-preview:large","max-video-preview":"max-video-preview:-1"},"canonical":"https:\/\/elglobal.do\/index.php\/2025\/08\/25\/fue-un-fin-de-semana-de-luto-para-el-mundo-del-espectaculo-dominicano\/","og_locale":"es_ES","og_type":"article","og_title":"Fue un fin de semana de luto para el mundo del espect\u00e1culo dominicano - EL GLOBAL INFORMATIVO","og_description":"Santo Domingo. \u2013 Este fin de semana el mundo del espect\u00e1culo dominicano se visti\u00f3 de luto, con el fallecimiento de dos emblem\u00e1ticos artistas, el actor Miguel \u00c1ngel Mart\u00ednez y la&hellip;","og_url":"https:\/\/elglobal.do\/index.php\/2025\/08\/25\/fue-un-fin-de-semana-de-luto-para-el-mundo-del-espectaculo-dominicano\/","og_site_name":"EL GLOBAL INFORMATIVO","article_published_time":"2025-08-25T19:32:52+00:00","article_modified_time":"2025-08-25T19:32:55+00:00","og_image":[{"width":1280,"height":1280,"url":"https:\/\/elglobal.do\/wp-content\/uploads\/2025\/08\/Luto.jpeg","type":"image\/jpeg"}],"author":"EL GLOBAL","twitter_card":"summary_large_image","twitter_misc":{"Escrito por":"EL GLOBAL","Tiempo de lectura":"2 minutos"},"schema":{"@context":"https:\/\/schema.org","@graph":[{"@type":"Article","@id":"https:\/\/elglobal.do\/index.php\/2025\/08\/25\/fue-un-fin-de-semana-de-luto-para-el-mundo-del-espectaculo-dominicano\/#article","isPartOf":{"@id":"https:\/\/elglobal.do\/index.php\/2025\/08\/25\/fue-un-fin-de-semana-de-luto-para-el-mundo-del-espectaculo-dominicano\/"},"author":{"name":"EL GLOBAL","@id":"https:\/\/elglobal.do\/#\/schema\/person\/0c97ec2c7714fb605d230c292f64d55f"},"headline":"Fue un fin de semana de luto para el mundo del espect\u00e1culo dominicano","datePublished":"2025-08-25T19:32:52+00:00","dateModified":"2025-08-25T19:32:55+00:00","mainEntityOfPage":{"@id":"https:\/\/elglobal.do\/index.php\/2025\/08\/25\/fue-un-fin-de-semana-de-luto-para-el-mundo-del-espectaculo-dominicano\/"},"wordCount":288,"commentCount":0,"publisher":{"@id":"https:\/\/elglobal.do\/#organization"},"image":{"@id":"https:\/\/elglobal.do\/index.php\/2025\/08\/25\/fue-un-fin-de-semana-de-luto-para-el-mundo-del-espectaculo-dominicano\/#primaryimage"},"thumbnailUrl":"https:\/\/elglobal.do\/wp-content\/uploads\/2025\/08\/Luto.jpeg","keywords":["#AngelitaCuriel","#ElGlobalInformativo","#Luto","#Miguel\u00c1ngelMart\u00ednez"],"articleSection":["ESPECT\u00c1CULOS","NACIONALES"],"inLanguage":"es","potentialAction":[{"@type":"CommentAction","name":"Comment","target":["https:\/\/elglobal.do\/index.php\/2025\/08\/25\/fue-un-fin-de-semana-de-luto-para-el-mundo-del-espectaculo-dominicano\/#respond"]}]},{"@type":"WebPage","@id":"https:\/\/elglobal.do\/index.php\/2025\/08\/25\/fue-un-fin-de-semana-de-luto-para-el-mundo-del-espectaculo-dominicano\/","url":"https:\/\/elglobal.do\/index.php\/2025\/08\/25\/fue-un-fin-de-semana-de-luto-para-el-mundo-del-espectaculo-dominicano\/","name":"Fue un fin de semana de luto para el mundo del espect\u00e1culo dominicano - EL GLOBAL INFORMATIVO","isPartOf":{"@id":"https:\/\/elglobal.do\/#website"},"primaryImageOfPage":{"@id":"https:\/\/elglobal.do\/index.php\/2025\/08\/25\/fue-un-fin-de-semana-de-luto-para-el-mundo-del-espectaculo-dominicano\/#primaryimage"},"image":{"@id":"https:\/\/elglobal.do\/index.php\/2025\/08\/25\/fue-un-fin-de-semana-de-luto-para-el-mundo-del-espectaculo-dominicano\/#primaryimage"},"thumbnailUrl":"https:\/\/elglobal.do\/wp-content\/uploads\/2025\/08\/Luto.jpeg","datePublished":"2025-08-25T19:32:52+00:00","dateModified":"2025-08-25T19:32:55+00:00","breadcrumb":{"@id":"https:\/\/elglobal.do\/index.php\/2025\/08\/25\/fue-un-fin-de-semana-de-luto-para-el-mundo-del-espectaculo-dominicano\/#breadcrumb"},"inLanguage":"es","potentialAction":[{"@type":"ReadAction","target":["https:\/\/elglobal.do\/index.php\/2025\/08\/25\/fue-un-fin-de-semana-de-luto-para-el-mundo-del-espectaculo-dominicano\/"]}]},{"@type":"ImageObject","inLanguage":"es","@id":"https:\/\/elglobal.do\/index.php\/2025\/08\/25\/fue-un-fin-de-semana-de-luto-para-el-mundo-del-espectaculo-dominicano\/#primaryimage","url":"https:\/\/elglobal.do\/wp-content\/uploads\/2025\/08\/Luto.jpeg","contentUrl":"https:\/\/elglobal.do\/wp-content\/uploads\/2025\/08\/Luto.jpeg","width":1280,"height":1280},{"@type":"BreadcrumbList","@id":"https:\/\/elglobal.do\/index.php\/2025\/08\/25\/fue-un-fin-de-semana-de-luto-para-el-mundo-del-espectaculo-dominicano\/#breadcrumb","itemListElement":[{"@type":"ListItem","position":1,"name":"Portada","item":"https:\/\/elglobal.do\/"},{"@type":"ListItem","position":2,"name":"Fue un fin de semana de luto para el mundo del espect\u00e1culo dominicano"}]},{"@type":"WebSite","@id":"https:\/\/elglobal.do\/#website","url":"https:\/\/elglobal.do\/","name":"EL GLOBAL INFORMATIVO","description":"Peri\u00f3dico digital de la Rep\u00fablica Dominicana que ofrece noticias, novedades, pol\u00edtica y las \u00faltimas actualidades, con informaci\u00f3n veraz y oportuna para mantenerte siempre informad","publisher":{"@id":"https:\/\/elglobal.do\/#organization"},"potentialAction":[{"@type":"SearchAction","target":{"@type":"EntryPoint","urlTemplate":"https:\/\/elglobal.do\/?s={search_term_string}"},"query-input":{"@type":"PropertyValueSpecification","valueRequired":true,"valueName":"search_term_string"}}],"inLanguage":"es"},{"@type":"Organization","@id":"https:\/\/elglobal.do\/#organization","name":"EL GLOBAL.DO INFORMATIVO","url":"https:\/\/elglobal.do\/","logo":{"@type":"ImageObject","inLanguage":"es","@id":"https:\/\/elglobal.do\/#\/schema\/logo\/image\/","url":"https:\/\/elglobal.do\/wp-content\/uploads\/2025\/08\/icon.png","contentUrl":"https:\/\/elglobal.do\/wp-content\/uploads\/2025\/08\/icon.png","width":512,"height":512,"caption":"EL GLOBAL.DO INFORMATIVO"},"image":{"@id":"https:\/\/elglobal.do\/#\/schema\/logo\/image\/"}},{"@type":"Person","@id":"https:\/\/elglobal.do\/#\/schema\/person\/0c97ec2c7714fb605d230c292f64d55f","name":"EL GLOBAL","image":{"@type":"ImageObject","inLanguage":"es","@id":"https:\/\/elglobal.do\/#\/schema\/person\/image\/","url":"https:\/\/secure.gravatar.com\/avatar\/081cfb6cf99faddc6f4e23a0c11ab98c5cf302925382d1c88dc3ed757ab910a3?s=96&d=mm&r=g","contentUrl":"https:\/\/secure.gravatar.com\/avatar\/081cfb6cf99faddc6f4e23a0c11ab98c5cf302925382d1c88dc3ed757ab910a3?s=96&d=mm&r=g","caption":"EL GLOBAL"},"description":"El Global Informativo es un peri\u00f3dico digital de Rep\u00fablica Dominicana que se dedica a cubrir temas importantes, como la pol\u00edtica local, geopol\u00edtica, econom\u00eda, tecnolog\u00eda, noticias internacionales y eventos relacionados con la gesti\u00f3n social, cultural y humana. Su objetivo principal es mantener a la poblaci\u00f3n informada, ofreciendo una visi\u00f3n amplia y actualizada de lo que sucede tanto en el pa\u00eds como en el mundo. Est\u00e1 dirigido por un grupo de periodistas experimentados, lo que garantiza la calidad y la precisi\u00f3n de la informaci\u00f3n que ofrecen. Tiene su sede en la ciudad de Santo Domingo y es parte integral del portafolio de la empresa, MC Global S.R.L.","sameAs":["https:\/\/elglobal.do","https:\/\/www.instagram.com\/elglobal.do_informativo\/"],"url":"https:\/\/elglobal.do\/index.php\/author\/elglobaluserpro\/"}]}},"jetpack_featured_media_url":"https:\/\/elglobal.do\/wp-content\/uploads\/2025\/08\/Luto.jpeg","jetpack_sharing_enabled":true,"_links":{"self":[{"href":"https:\/\/elglobal.do\/index.php\/wp-json\/wp\/v2\/posts\/1576","targetHints":{"allow":["GET"]}}],"collection":[{"href":"https:\/\/elglobal.do\/index.php\/wp-json\/wp\/v2\/posts"}],"about":[{"href":"https:\/\/elglobal.do\/index.php\/wp-json\/wp\/v2\/types\/post"}],"author":[{"embeddable":true,"href":"https:\/\/elglobal.do\/index.php\/wp-json\/wp\/v2\/users\/1"}],"replies":[{"embeddable":true,"href":"https:\/\/elglobal.do\/index.php\/wp-json\/wp\/v2\/comments?post=1576"}],"version-history":[{"count":1,"href":"https:\/\/elglobal.do\/index.php\/wp-json\/wp\/v2\/posts\/1576\/revisions"}],"predecessor-version":[{"id":1579,"href":"https:\/\/elglobal.do\/index.php\/wp-json\/wp\/v2\/posts\/1576\/revisions\/1579"}],"wp:featuredmedia":[{"embeddable":true,"href":"https:\/\/elglobal.do\/index.php\/wp-json\/wp\/v2\/media\/1577"}],"wp:attachment":[{"href":"https:\/\/elglobal.do\/index.php\/wp-json\/wp\/v2\/media?parent=1576"}],"wp:term":[{"taxonomy":"category","embeddable":true,"href":"https:\/\/elglobal.do\/index.php\/wp-json\/wp\/v2\/categories?post=1576"},{"taxonomy":"post_tag","embeddable":true,"href":"https:\/\/elglobal.do\/index.php\/wp-json\/wp\/v2\/tags?post=1576"}],"curies":[{"name":"wp","href":"https:\/\/api.w.org\/{rel}","templated":true}]}}