{"id":1580,"date":"2025-08-26T10:16:24","date_gmt":"2025-08-26T14:16:24","guid":{"rendered":"https:\/\/elglobal.do\/?p=1580"},"modified":"2025-08-26T10:16:27","modified_gmt":"2025-08-26T14:16:27","slug":"muere-franklin-dominguez-patriarca-del-teatro-dominicano","status":"publish","type":"post","link":"https:\/\/elglobal.do\/index.php\/2025\/08\/26\/muere-franklin-dominguez-patriarca-del-teatro-dominicano\/","title":{"rendered":"Muere Franklin Dom\u00ednguez, patriarca del teatro dominicano"},"content":{"rendered":"\n<p><em>Es poseedor de uno de los legados teatrales m\u00e1s amplios y significativos de la cultura dominicana, con m\u00e1s de cien obras escritas para teatro<\/em><\/p>\n\n\n\n<figure class=\"wp-block-image size-full is-resized\"><img loading=\"lazy\" decoding=\"async\" width=\"225\" height=\"225\" src=\"https:\/\/elglobal.do\/wp-content\/uploads\/2025\/08\/image-42.png\" alt=\"\" class=\"wp-image-1581\" style=\"width:436px;height:auto\" srcset=\"https:\/\/elglobal.do\/wp-content\/uploads\/2025\/08\/image-42.png 225w, https:\/\/elglobal.do\/wp-content\/uploads\/2025\/08\/image-42-150x150.png 150w\" sizes=\"auto, (max-width: 225px) 100vw, 225px\" \/><\/figure>\n\n\n\n<p><strong>Santo Domingo.-Franklin Dom\u00ednguez<\/strong>, patriarca del<strong>\u00a0teatro dominicano<\/strong>, muri\u00f3 este martes luego de siete a\u00f1os que se le declar\u00f3 una\u00a0<strong>met\u00e1stasis \u00f3sea<\/strong>, inform\u00f3 o su nieta adoptiva Francisca Margar\u00edn (Carolina). Ten\u00eda 94 a\u00f1os de edad.<\/p>\n\n\n\n<p>El dramaturgo y primer actor&nbsp;<strong>fue diagnosticado con c\u00e1ncer de pr\u00f3stata&nbsp;<\/strong>en 2014, y desde el 2018 enfrentaba una met\u00e1stasis \u00f3sea, con una rotura del f\u00e9mur, que lo oblig\u00f3 a permanecer en cama hasta la hora de su muerte.<\/p>\n\n\n\n<p>Hace una semana hab\u00eda sido ingresado al centro m\u00e9dico Corazones Unidos, donde muri\u00f3 a las 3:55 de la madrugada del martes, debido al deterioro de su salud.<\/p>\n\n\n\n<p><strong>Legado<\/strong><\/p>\n\n\n\n<p>Dom\u00ednguez es poseedor de uno de los legados teatrales m\u00e1s amplios y significativos de la cultura dominicana, con m\u00e1s de&nbsp;<strong>cien obras escritas para teatro,<\/strong>&nbsp;entre ellas llevadas al cine y presentadas en grandes teatros dominicanos y extranjeros, siendo traducidas al ingl\u00e9s, franc\u00e9s, chino y ruso.<\/p>\n\n\n\n<p>Su producci\u00f3n dram\u00e1tica es abundante y abarca la&nbsp;<strong>comedia<\/strong>, la&nbsp;<strong>tragedia<\/strong>, la<strong>&nbsp;s\u00e1tira pol\u00edtica<\/strong>, el<strong>&nbsp;teatro infantil<\/strong>, la \u00f3pera, la comedia musical y el drama cotidiano.<\/p>\n\n\n\n<p>Seg\u00fan el profesor Odalis G. P\u00e9rez, en una declaraciones ofrecidas en 2023,&nbsp;<strong>Dom\u00ednguez es el autor teatral&nbsp;<\/strong>con la mayor cantidad de antolog\u00edas de autor en la&nbsp;<strong>bibliograf\u00eda dominicana<\/strong>&nbsp;y es un escritor cuyo estudio resulta imprescindible para la historiograf\u00eda de la literatura dram\u00e1tica local.<\/p>\n\n\n\n<p><strong>\u00abEl teatro es mi vida, encontr\u00e9 en el teatro una pasi\u00f3n inexplicable, a pesar de que siempre me desarroll\u00e9 en otros trabajos\u201d<\/strong>, coment\u00f3 en 2023  durante una de sus \u00faltimas entrevistas.<\/p>\n\n\n\n<p>Aunque su fuerte fueron los escenarios teatrales, en 1963 dirigi\u00f3 lo que muchos consideran la&nbsp;<strong>primera pel\u00edcula dominicana, \u00abLa silla\u00bb<\/strong>, protagonizada por el actor Camilo Carrau.<\/p>\n\n\n\n<p>Adem\u00e1s de artista, en el transcurrir de los a\u00f1os fue director de <strong>Informaci\u00f3n y Prensa de la Presidencia de la Rep\u00fablica Dominicana<\/strong> bajo cinco presidentes (Juan Bosch -1963, Molina Ure\u00f1a y el Coronel Caama\u00f1o &#8211; 1965, Garc\u00eda Godoy &#8211; 1966, y Antonio Guzm\u00e1n &#8211; 1978).<\/p>\n\n\n\n<p>Tambi\u00e9n fue director de la Direcci\u00f3n General de Bellas Artes en dos ocasiones y presidente de la Sociedad de Autores y Compositores Dram\u00e1ticos de Rep\u00fablica Dominicana.<\/p>\n\n\n\n<p>Por igual, fund\u00f3 la agrupaci\u00f3n pol\u00edtica&nbsp;<strong>Movimiento de Conciliaci\u00f3n Nacional<\/strong>, de la que lleg\u00f3 a ser candidato presidencial del pa\u00eds.<\/p>\n\n\n\n<p>Avalado por sus estudios en la&nbsp;<strong>Escuela Nacional de Bellas Artes en Santo Domingo<\/strong>, una licenciatura filosof\u00eda y doctorado en derecho por la Universidad Aut\u00f3noma de Santo Domingo, fue miembro de la Academia Dominicana de la Lengua y acad\u00e9mico correspondiente a Rep\u00fablica Dominicana de la Real Academia de la Lengua Espa\u00f1ola.<\/p>\n\n\n\n<p><\/p>\n","protected":false},"excerpt":{"rendered":"<p>Es poseedor de uno de los legados teatrales m\u00e1s amplios y significativos de la cultura dominicana, con m\u00e1s de cien obras escritas para teatro Santo Domingo.-Franklin Dom\u00ednguez, patriarca del\u00a0teatro dominicano,&hellip; <\/p>\n","protected":false},"author":1,"featured_media":1581,"comment_status":"open","ping_status":"open","sticky":false,"template":"","format":"standard","meta":{"_jetpack_memberships_contains_paid_content":false,"footnotes":""},"categories":[22,113],"tags":[243,240,763,762],"class_list":["post-1580","post","type-post","status-publish","format-standard","has-post-thumbnail","hentry","category-cultura","category-espectaculo","tag-cultura","tag-fallecimiento","tag-franklindominguez","tag-teatro"],"yoast_head":"<!-- This site is optimized with the Yoast SEO plugin v26.9 - https:\/\/yoast.com\/product\/yoast-seo-wordpress\/ -->\n<title>Muere Franklin Dom\u00ednguez, patriarca del teatro dominicano - EL GLOBAL INFORMATIVO<\/title>\n<meta name=\"robots\" content=\"index, follow, max-snippet:-1, max-image-preview:large, max-video-preview:-1\" \/>\n<link rel=\"canonical\" href=\"https:\/\/elglobal.do\/index.php\/2025\/08\/26\/muere-franklin-dominguez-patriarca-del-teatro-dominicano\/\" \/>\n<meta property=\"og:locale\" content=\"es_ES\" \/>\n<meta property=\"og:type\" content=\"article\" \/>\n<meta property=\"og:title\" content=\"Muere Franklin Dom\u00ednguez, patriarca del teatro dominicano - EL GLOBAL INFORMATIVO\" \/>\n<meta property=\"og:description\" content=\"Es poseedor de uno de los legados teatrales m\u00e1s amplios y significativos de la cultura dominicana, con m\u00e1s de cien obras escritas para teatro Santo Domingo.-Franklin Dom\u00ednguez, patriarca del\u00a0teatro dominicano,&hellip;\" \/>\n<meta property=\"og:url\" content=\"https:\/\/elglobal.do\/index.php\/2025\/08\/26\/muere-franklin-dominguez-patriarca-del-teatro-dominicano\/\" \/>\n<meta property=\"og:site_name\" content=\"EL GLOBAL INFORMATIVO\" \/>\n<meta property=\"article:published_time\" content=\"2025-08-26T14:16:24+00:00\" \/>\n<meta property=\"article:modified_time\" content=\"2025-08-26T14:16:27+00:00\" \/>\n<meta property=\"og:image\" content=\"https:\/\/elglobal.do\/wp-content\/uploads\/2025\/08\/image-42.png\" \/>\n\t<meta property=\"og:image:width\" content=\"225\" \/>\n\t<meta property=\"og:image:height\" content=\"225\" \/>\n\t<meta property=\"og:image:type\" content=\"image\/png\" \/>\n<meta name=\"author\" content=\"EL GLOBAL\" \/>\n<meta name=\"twitter:card\" content=\"summary_large_image\" \/>\n<meta name=\"twitter:label1\" content=\"Escrito por\" \/>\n\t<meta name=\"twitter:data1\" content=\"EL GLOBAL\" \/>\n\t<meta name=\"twitter:label2\" content=\"Tiempo de lectura\" \/>\n\t<meta name=\"twitter:data2\" content=\"3 minutos\" \/>\n<script type=\"application\/ld+json\" class=\"yoast-schema-graph\">{\"@context\":\"https:\/\/schema.org\",\"@graph\":[{\"@type\":\"Article\",\"@id\":\"https:\/\/elglobal.do\/index.php\/2025\/08\/26\/muere-franklin-dominguez-patriarca-del-teatro-dominicano\/#article\",\"isPartOf\":{\"@id\":\"https:\/\/elglobal.do\/index.php\/2025\/08\/26\/muere-franklin-dominguez-patriarca-del-teatro-dominicano\/\"},\"author\":{\"name\":\"EL GLOBAL\",\"@id\":\"https:\/\/elglobal.do\/#\/schema\/person\/0c97ec2c7714fb605d230c292f64d55f\"},\"headline\":\"Muere Franklin Dom\u00ednguez, patriarca del teatro dominicano\",\"datePublished\":\"2025-08-26T14:16:24+00:00\",\"dateModified\":\"2025-08-26T14:16:27+00:00\",\"mainEntityOfPage\":{\"@id\":\"https:\/\/elglobal.do\/index.php\/2025\/08\/26\/muere-franklin-dominguez-patriarca-del-teatro-dominicano\/\"},\"wordCount\":508,\"commentCount\":0,\"publisher\":{\"@id\":\"https:\/\/elglobal.do\/#organization\"},\"image\":{\"@id\":\"https:\/\/elglobal.do\/index.php\/2025\/08\/26\/muere-franklin-dominguez-patriarca-del-teatro-dominicano\/#primaryimage\"},\"thumbnailUrl\":\"https:\/\/elglobal.do\/wp-content\/uploads\/2025\/08\/image-42.png\",\"keywords\":[\"#Cultura\",\"#Fallecimiento\",\"#FranklinDom\u00ednguez\",\"#Teatro\"],\"articleSection\":[\"CULTURA\",\"ESPECT\u00c1CULOS\"],\"inLanguage\":\"es\",\"potentialAction\":[{\"@type\":\"CommentAction\",\"name\":\"Comment\",\"target\":[\"https:\/\/elglobal.do\/index.php\/2025\/08\/26\/muere-franklin-dominguez-patriarca-del-teatro-dominicano\/#respond\"]}]},{\"@type\":\"WebPage\",\"@id\":\"https:\/\/elglobal.do\/index.php\/2025\/08\/26\/muere-franklin-dominguez-patriarca-del-teatro-dominicano\/\",\"url\":\"https:\/\/elglobal.do\/index.php\/2025\/08\/26\/muere-franklin-dominguez-patriarca-del-teatro-dominicano\/\",\"name\":\"Muere Franklin Dom\u00ednguez, patriarca del teatro dominicano - EL GLOBAL INFORMATIVO\",\"isPartOf\":{\"@id\":\"https:\/\/elglobal.do\/#website\"},\"primaryImageOfPage\":{\"@id\":\"https:\/\/elglobal.do\/index.php\/2025\/08\/26\/muere-franklin-dominguez-patriarca-del-teatro-dominicano\/#primaryimage\"},\"image\":{\"@id\":\"https:\/\/elglobal.do\/index.php\/2025\/08\/26\/muere-franklin-dominguez-patriarca-del-teatro-dominicano\/#primaryimage\"},\"thumbnailUrl\":\"https:\/\/elglobal.do\/wp-content\/uploads\/2025\/08\/image-42.png\",\"datePublished\":\"2025-08-26T14:16:24+00:00\",\"dateModified\":\"2025-08-26T14:16:27+00:00\",\"breadcrumb\":{\"@id\":\"https:\/\/elglobal.do\/index.php\/2025\/08\/26\/muere-franklin-dominguez-patriarca-del-teatro-dominicano\/#breadcrumb\"},\"inLanguage\":\"es\",\"potentialAction\":[{\"@type\":\"ReadAction\",\"target\":[\"https:\/\/elglobal.do\/index.php\/2025\/08\/26\/muere-franklin-dominguez-patriarca-del-teatro-dominicano\/\"]}]},{\"@type\":\"ImageObject\",\"inLanguage\":\"es\",\"@id\":\"https:\/\/elglobal.do\/index.php\/2025\/08\/26\/muere-franklin-dominguez-patriarca-del-teatro-dominicano\/#primaryimage\",\"url\":\"https:\/\/elglobal.do\/wp-content\/uploads\/2025\/08\/image-42.png\",\"contentUrl\":\"https:\/\/elglobal.do\/wp-content\/uploads\/2025\/08\/image-42.png\",\"width\":225,\"height\":225},{\"@type\":\"BreadcrumbList\",\"@id\":\"https:\/\/elglobal.do\/index.php\/2025\/08\/26\/muere-franklin-dominguez-patriarca-del-teatro-dominicano\/#breadcrumb\",\"itemListElement\":[{\"@type\":\"ListItem\",\"position\":1,\"name\":\"Portada\",\"item\":\"https:\/\/elglobal.do\/\"},{\"@type\":\"ListItem\",\"position\":2,\"name\":\"Muere Franklin Dom\u00ednguez, patriarca del teatro dominicano\"}]},{\"@type\":\"WebSite\",\"@id\":\"https:\/\/elglobal.do\/#website\",\"url\":\"https:\/\/elglobal.do\/\",\"name\":\"EL GLOBAL INFORMATIVO\",\"description\":\"Peri\u00f3dico digital de la Rep\u00fablica Dominicana que ofrece noticias, novedades, pol\u00edtica y las \u00faltimas actualidades, con informaci\u00f3n veraz y oportuna para mantenerte siempre informad\",\"publisher\":{\"@id\":\"https:\/\/elglobal.do\/#organization\"},\"potentialAction\":[{\"@type\":\"SearchAction\",\"target\":{\"@type\":\"EntryPoint\",\"urlTemplate\":\"https:\/\/elglobal.do\/?s={search_term_string}\"},\"query-input\":{\"@type\":\"PropertyValueSpecification\",\"valueRequired\":true,\"valueName\":\"search_term_string\"}}],\"inLanguage\":\"es\"},{\"@type\":\"Organization\",\"@id\":\"https:\/\/elglobal.do\/#organization\",\"name\":\"EL GLOBAL.DO INFORMATIVO\",\"url\":\"https:\/\/elglobal.do\/\",\"logo\":{\"@type\":\"ImageObject\",\"inLanguage\":\"es\",\"@id\":\"https:\/\/elglobal.do\/#\/schema\/logo\/image\/\",\"url\":\"https:\/\/elglobal.do\/wp-content\/uploads\/2025\/08\/icon.png\",\"contentUrl\":\"https:\/\/elglobal.do\/wp-content\/uploads\/2025\/08\/icon.png\",\"width\":512,\"height\":512,\"caption\":\"EL GLOBAL.DO INFORMATIVO\"},\"image\":{\"@id\":\"https:\/\/elglobal.do\/#\/schema\/logo\/image\/\"}},{\"@type\":\"Person\",\"@id\":\"https:\/\/elglobal.do\/#\/schema\/person\/0c97ec2c7714fb605d230c292f64d55f\",\"name\":\"EL GLOBAL\",\"image\":{\"@type\":\"ImageObject\",\"inLanguage\":\"es\",\"@id\":\"https:\/\/elglobal.do\/#\/schema\/person\/image\/\",\"url\":\"https:\/\/secure.gravatar.com\/avatar\/081cfb6cf99faddc6f4e23a0c11ab98c5cf302925382d1c88dc3ed757ab910a3?s=96&d=mm&r=g\",\"contentUrl\":\"https:\/\/secure.gravatar.com\/avatar\/081cfb6cf99faddc6f4e23a0c11ab98c5cf302925382d1c88dc3ed757ab910a3?s=96&d=mm&r=g\",\"caption\":\"EL GLOBAL\"},\"description\":\"El Global Informativo es un peri\u00f3dico digital de Rep\u00fablica Dominicana que se dedica a cubrir temas importantes, como la pol\u00edtica local, geopol\u00edtica, econom\u00eda, tecnolog\u00eda, noticias internacionales y eventos relacionados con la gesti\u00f3n social, cultural y humana. Su objetivo principal es mantener a la poblaci\u00f3n informada, ofreciendo una visi\u00f3n amplia y actualizada de lo que sucede tanto en el pa\u00eds como en el mundo. Est\u00e1 dirigido por un grupo de periodistas experimentados, lo que garantiza la calidad y la precisi\u00f3n de la informaci\u00f3n que ofrecen. Tiene su sede en la ciudad de Santo Domingo y es parte integral del portafolio de la empresa, MC Global S.R.L.\",\"sameAs\":[\"https:\/\/elglobal.do\",\"https:\/\/www.instagram.com\/elglobal.do_informativo\/\"],\"url\":\"https:\/\/elglobal.do\/index.php\/author\/elglobaluserpro\/\"}]}<\/script>\n<!-- \/ Yoast SEO plugin. -->","yoast_head_json":{"title":"Muere Franklin Dom\u00ednguez, patriarca del teatro dominicano - EL GLOBAL INFORMATIVO","robots":{"index":"index","follow":"follow","max-snippet":"max-snippet:-1","max-image-preview":"max-image-preview:large","max-video-preview":"max-video-preview:-1"},"canonical":"https:\/\/elglobal.do\/index.php\/2025\/08\/26\/muere-franklin-dominguez-patriarca-del-teatro-dominicano\/","og_locale":"es_ES","og_type":"article","og_title":"Muere Franklin Dom\u00ednguez, patriarca del teatro dominicano - EL GLOBAL INFORMATIVO","og_description":"Es poseedor de uno de los legados teatrales m\u00e1s amplios y significativos de la cultura dominicana, con m\u00e1s de cien obras escritas para teatro Santo Domingo.-Franklin Dom\u00ednguez, patriarca del\u00a0teatro dominicano,&hellip;","og_url":"https:\/\/elglobal.do\/index.php\/2025\/08\/26\/muere-franklin-dominguez-patriarca-del-teatro-dominicano\/","og_site_name":"EL GLOBAL INFORMATIVO","article_published_time":"2025-08-26T14:16:24+00:00","article_modified_time":"2025-08-26T14:16:27+00:00","og_image":[{"width":225,"height":225,"url":"https:\/\/elglobal.do\/wp-content\/uploads\/2025\/08\/image-42.png","type":"image\/png"}],"author":"EL GLOBAL","twitter_card":"summary_large_image","twitter_misc":{"Escrito por":"EL GLOBAL","Tiempo de lectura":"3 minutos"},"schema":{"@context":"https:\/\/schema.org","@graph":[{"@type":"Article","@id":"https:\/\/elglobal.do\/index.php\/2025\/08\/26\/muere-franklin-dominguez-patriarca-del-teatro-dominicano\/#article","isPartOf":{"@id":"https:\/\/elglobal.do\/index.php\/2025\/08\/26\/muere-franklin-dominguez-patriarca-del-teatro-dominicano\/"},"author":{"name":"EL GLOBAL","@id":"https:\/\/elglobal.do\/#\/schema\/person\/0c97ec2c7714fb605d230c292f64d55f"},"headline":"Muere Franklin Dom\u00ednguez, patriarca del teatro dominicano","datePublished":"2025-08-26T14:16:24+00:00","dateModified":"2025-08-26T14:16:27+00:00","mainEntityOfPage":{"@id":"https:\/\/elglobal.do\/index.php\/2025\/08\/26\/muere-franklin-dominguez-patriarca-del-teatro-dominicano\/"},"wordCount":508,"commentCount":0,"publisher":{"@id":"https:\/\/elglobal.do\/#organization"},"image":{"@id":"https:\/\/elglobal.do\/index.php\/2025\/08\/26\/muere-franklin-dominguez-patriarca-del-teatro-dominicano\/#primaryimage"},"thumbnailUrl":"https:\/\/elglobal.do\/wp-content\/uploads\/2025\/08\/image-42.png","keywords":["#Cultura","#Fallecimiento","#FranklinDom\u00ednguez","#Teatro"],"articleSection":["CULTURA","ESPECT\u00c1CULOS"],"inLanguage":"es","potentialAction":[{"@type":"CommentAction","name":"Comment","target":["https:\/\/elglobal.do\/index.php\/2025\/08\/26\/muere-franklin-dominguez-patriarca-del-teatro-dominicano\/#respond"]}]},{"@type":"WebPage","@id":"https:\/\/elglobal.do\/index.php\/2025\/08\/26\/muere-franklin-dominguez-patriarca-del-teatro-dominicano\/","url":"https:\/\/elglobal.do\/index.php\/2025\/08\/26\/muere-franklin-dominguez-patriarca-del-teatro-dominicano\/","name":"Muere Franklin Dom\u00ednguez, patriarca del teatro dominicano - EL GLOBAL INFORMATIVO","isPartOf":{"@id":"https:\/\/elglobal.do\/#website"},"primaryImageOfPage":{"@id":"https:\/\/elglobal.do\/index.php\/2025\/08\/26\/muere-franklin-dominguez-patriarca-del-teatro-dominicano\/#primaryimage"},"image":{"@id":"https:\/\/elglobal.do\/index.php\/2025\/08\/26\/muere-franklin-dominguez-patriarca-del-teatro-dominicano\/#primaryimage"},"thumbnailUrl":"https:\/\/elglobal.do\/wp-content\/uploads\/2025\/08\/image-42.png","datePublished":"2025-08-26T14:16:24+00:00","dateModified":"2025-08-26T14:16:27+00:00","breadcrumb":{"@id":"https:\/\/elglobal.do\/index.php\/2025\/08\/26\/muere-franklin-dominguez-patriarca-del-teatro-dominicano\/#breadcrumb"},"inLanguage":"es","potentialAction":[{"@type":"ReadAction","target":["https:\/\/elglobal.do\/index.php\/2025\/08\/26\/muere-franklin-dominguez-patriarca-del-teatro-dominicano\/"]}]},{"@type":"ImageObject","inLanguage":"es","@id":"https:\/\/elglobal.do\/index.php\/2025\/08\/26\/muere-franklin-dominguez-patriarca-del-teatro-dominicano\/#primaryimage","url":"https:\/\/elglobal.do\/wp-content\/uploads\/2025\/08\/image-42.png","contentUrl":"https:\/\/elglobal.do\/wp-content\/uploads\/2025\/08\/image-42.png","width":225,"height":225},{"@type":"BreadcrumbList","@id":"https:\/\/elglobal.do\/index.php\/2025\/08\/26\/muere-franklin-dominguez-patriarca-del-teatro-dominicano\/#breadcrumb","itemListElement":[{"@type":"ListItem","position":1,"name":"Portada","item":"https:\/\/elglobal.do\/"},{"@type":"ListItem","position":2,"name":"Muere Franklin Dom\u00ednguez, patriarca del teatro dominicano"}]},{"@type":"WebSite","@id":"https:\/\/elglobal.do\/#website","url":"https:\/\/elglobal.do\/","name":"EL GLOBAL INFORMATIVO","description":"Peri\u00f3dico digital de la Rep\u00fablica Dominicana que ofrece noticias, novedades, pol\u00edtica y las \u00faltimas actualidades, con informaci\u00f3n veraz y oportuna para mantenerte siempre informad","publisher":{"@id":"https:\/\/elglobal.do\/#organization"},"potentialAction":[{"@type":"SearchAction","target":{"@type":"EntryPoint","urlTemplate":"https:\/\/elglobal.do\/?s={search_term_string}"},"query-input":{"@type":"PropertyValueSpecification","valueRequired":true,"valueName":"search_term_string"}}],"inLanguage":"es"},{"@type":"Organization","@id":"https:\/\/elglobal.do\/#organization","name":"EL GLOBAL.DO INFORMATIVO","url":"https:\/\/elglobal.do\/","logo":{"@type":"ImageObject","inLanguage":"es","@id":"https:\/\/elglobal.do\/#\/schema\/logo\/image\/","url":"https:\/\/elglobal.do\/wp-content\/uploads\/2025\/08\/icon.png","contentUrl":"https:\/\/elglobal.do\/wp-content\/uploads\/2025\/08\/icon.png","width":512,"height":512,"caption":"EL GLOBAL.DO INFORMATIVO"},"image":{"@id":"https:\/\/elglobal.do\/#\/schema\/logo\/image\/"}},{"@type":"Person","@id":"https:\/\/elglobal.do\/#\/schema\/person\/0c97ec2c7714fb605d230c292f64d55f","name":"EL GLOBAL","image":{"@type":"ImageObject","inLanguage":"es","@id":"https:\/\/elglobal.do\/#\/schema\/person\/image\/","url":"https:\/\/secure.gravatar.com\/avatar\/081cfb6cf99faddc6f4e23a0c11ab98c5cf302925382d1c88dc3ed757ab910a3?s=96&d=mm&r=g","contentUrl":"https:\/\/secure.gravatar.com\/avatar\/081cfb6cf99faddc6f4e23a0c11ab98c5cf302925382d1c88dc3ed757ab910a3?s=96&d=mm&r=g","caption":"EL GLOBAL"},"description":"El Global Informativo es un peri\u00f3dico digital de Rep\u00fablica Dominicana que se dedica a cubrir temas importantes, como la pol\u00edtica local, geopol\u00edtica, econom\u00eda, tecnolog\u00eda, noticias internacionales y eventos relacionados con la gesti\u00f3n social, cultural y humana. Su objetivo principal es mantener a la poblaci\u00f3n informada, ofreciendo una visi\u00f3n amplia y actualizada de lo que sucede tanto en el pa\u00eds como en el mundo. Est\u00e1 dirigido por un grupo de periodistas experimentados, lo que garantiza la calidad y la precisi\u00f3n de la informaci\u00f3n que ofrecen. Tiene su sede en la ciudad de Santo Domingo y es parte integral del portafolio de la empresa, MC Global S.R.L.","sameAs":["https:\/\/elglobal.do","https:\/\/www.instagram.com\/elglobal.do_informativo\/"],"url":"https:\/\/elglobal.do\/index.php\/author\/elglobaluserpro\/"}]}},"jetpack_featured_media_url":"https:\/\/elglobal.do\/wp-content\/uploads\/2025\/08\/image-42.png","jetpack_sharing_enabled":true,"_links":{"self":[{"href":"https:\/\/elglobal.do\/index.php\/wp-json\/wp\/v2\/posts\/1580","targetHints":{"allow":["GET"]}}],"collection":[{"href":"https:\/\/elglobal.do\/index.php\/wp-json\/wp\/v2\/posts"}],"about":[{"href":"https:\/\/elglobal.do\/index.php\/wp-json\/wp\/v2\/types\/post"}],"author":[{"embeddable":true,"href":"https:\/\/elglobal.do\/index.php\/wp-json\/wp\/v2\/users\/1"}],"replies":[{"embeddable":true,"href":"https:\/\/elglobal.do\/index.php\/wp-json\/wp\/v2\/comments?post=1580"}],"version-history":[{"count":1,"href":"https:\/\/elglobal.do\/index.php\/wp-json\/wp\/v2\/posts\/1580\/revisions"}],"predecessor-version":[{"id":1582,"href":"https:\/\/elglobal.do\/index.php\/wp-json\/wp\/v2\/posts\/1580\/revisions\/1582"}],"wp:featuredmedia":[{"embeddable":true,"href":"https:\/\/elglobal.do\/index.php\/wp-json\/wp\/v2\/media\/1581"}],"wp:attachment":[{"href":"https:\/\/elglobal.do\/index.php\/wp-json\/wp\/v2\/media?parent=1580"}],"wp:term":[{"taxonomy":"category","embeddable":true,"href":"https:\/\/elglobal.do\/index.php\/wp-json\/wp\/v2\/categories?post=1580"},{"taxonomy":"post_tag","embeddable":true,"href":"https:\/\/elglobal.do\/index.php\/wp-json\/wp\/v2\/tags?post=1580"}],"curies":[{"name":"wp","href":"https:\/\/api.w.org\/{rel}","templated":true}]}}