{"id":1592,"date":"2025-08-26T16:22:09","date_gmt":"2025-08-26T20:22:09","guid":{"rendered":"https:\/\/elglobal.do\/?p=1592"},"modified":"2025-08-26T16:22:12","modified_gmt":"2025-08-26T20:22:12","slug":"segundo-diplomado-en-derecho-notarial-fortalece-el-ejercicio-de-la-profesion","status":"publish","type":"post","link":"https:\/\/elglobal.do\/index.php\/2025\/08\/26\/segundo-diplomado-en-derecho-notarial-fortalece-el-ejercicio-de-la-profesion\/","title":{"rendered":"Segundo Diplomado en Derecho Notarial fortalece el ejercicio de la profesi\u00f3n"},"content":{"rendered":"\n<p><strong>Santo Domingo. &#8211; <\/strong>El presidente del Colegio Dominicano de Notarios <em><strong>(Codenot)<\/strong><\/em>, Jhon Richard Paniagua F\u00e9liz, present\u00f3 el Segundo Diplomado en Derecho Notarial, una profesi\u00f3n que constituye la columna vertebral de la seguridad jur\u00eddica y la \u00e9tica en la sociedad.<\/p>\n\n\n\n<p>En la apertura del diplomado, Paniagua F\u00e9liz, manifest\u00f3 que la actual gesti\u00f3n del <em><strong>Codenot<\/strong><\/em> trabaja con determinaci\u00f3n para mejorar el ejercicio notarial y fortalecer la formaci\u00f3n acad\u00e9mica como garant\u00eda de institucionalidad, subrayando que la capacitaci\u00f3n continua es esencial para elevar la calidad del servicio y consolidar la confianza ciudadana en el notariado.<\/p>\n\n\n\n<p><strong>\u201cEs indispensable transparentar el ejercicio notarial para garantizar a la Rep\u00fablica Dominicana un servicio \u00e9tico, moderno y alineado al mandato de la ley\u201d<\/strong>, expres\u00f3 Paniagua F\u00e9liz al pronunciar las palabras de apertura del diplomado, que cuenta con la participaci\u00f3n de 147 notarios, en la sede del gremio en Gazcue. Asimismo, advirti\u00f3 que los objetivos de este rol no pueden cumplirse sin el respaldo decidido de los tres poderes del Estado.<\/p>\n\n\n\n<figure class=\"wp-block-image size-large\"><img loading=\"lazy\" decoding=\"async\" width=\"1024\" height=\"574\" src=\"https:\/\/elglobal.do\/wp-content\/uploads\/2025\/08\/Montero-Montero-1024x574.jpeg\" alt=\"\" class=\"wp-image-1593\" srcset=\"https:\/\/elglobal.do\/wp-content\/uploads\/2025\/08\/Montero-Montero-1024x574.jpeg 1024w, https:\/\/elglobal.do\/wp-content\/uploads\/2025\/08\/Montero-Montero-300x168.jpeg 300w, https:\/\/elglobal.do\/wp-content\/uploads\/2025\/08\/Montero-Montero-768x431.jpeg 768w, https:\/\/elglobal.do\/wp-content\/uploads\/2025\/08\/Montero-Montero.jpeg 1280w\" sizes=\"auto, (max-width: 1024px) 100vw, 1024px\" \/><figcaption class=\"wp-element-caption\"><em>Magistrado Justiniano Montero Montero, juez de la primera sala de la Suprema Corte de Justicia, durante conferencia <\/em><\/figcaption><\/figure>\n\n\n\n<p><\/p>\n\n\n\n<p>La ceremonia inicial incluy\u00f3 la conferencia magistral <strong>\u201cLa funci\u00f3n notarial desde el punto de vista de la \u00e9tica\u201d<\/strong>, dictada por el magistrado Justiniano Montero Montero, juez de la Primera Sala de la Suprema Corte de Justicia. En su disertaci\u00f3n, destac\u00f3 los principios y valores como pilares de la pr\u00e1ctica notarial y record\u00f3 las obligaciones establecidas en el art\u00edculo 96 de la Ley 140-15.<\/p>\n\n\n\n<p>Durante el acto, Montero recibi\u00f3 un pergamino de honor en reconocimiento a su trayectoria profesional sustentada en la \u00e9tica y la moral, lo que le mereci\u00f3 una ovaci\u00f3n de pie por parte de los asistentes.<\/p>\n\n\n\n<p>La actividad cont\u00f3 con la participaci\u00f3n de directivos de la actual gesti\u00f3n, expresidentes del Colegio y aspirantes a notarios, quienes respaldaron esta nueva etapa de capacitaci\u00f3n.<\/p>\n","protected":false},"excerpt":{"rendered":"<p>Santo Domingo. &#8211; El presidente del Colegio Dominicano de Notarios (Codenot), Jhon Richard Paniagua F\u00e9liz, present\u00f3 el Segundo Diplomado en Derecho Notarial, una profesi\u00f3n que constituye la columna vertebral de&hellip; <\/p>\n","protected":false},"author":1,"featured_media":1594,"comment_status":"open","ping_status":"open","sticky":false,"template":"","format":"standard","meta":{"_jetpack_memberships_contains_paid_content":false,"footnotes":""},"categories":[330,40],"tags":[769,768,767,98],"class_list":["post-1592","post","type-post","status-publish","format-standard","has-post-thumbnail","hentry","category-justicia-nacionales","category-nacionales","tag-codenot","tag-derechonotarial","tag-diplomado","tag-elglobalinformativo"],"yoast_head":"<!-- This site is optimized with the Yoast SEO plugin v26.9 - https:\/\/yoast.com\/product\/yoast-seo-wordpress\/ -->\n<title>Segundo Diplomado en Derecho Notarial fortalece el ejercicio de la profesi\u00f3n - EL GLOBAL INFORMATIVO<\/title>\n<meta name=\"robots\" content=\"index, follow, max-snippet:-1, max-image-preview:large, max-video-preview:-1\" \/>\n<link rel=\"canonical\" href=\"https:\/\/elglobal.do\/index.php\/2025\/08\/26\/segundo-diplomado-en-derecho-notarial-fortalece-el-ejercicio-de-la-profesion\/\" \/>\n<meta property=\"og:locale\" content=\"es_ES\" \/>\n<meta property=\"og:type\" content=\"article\" \/>\n<meta property=\"og:title\" content=\"Segundo Diplomado en Derecho Notarial fortalece el ejercicio de la profesi\u00f3n - EL GLOBAL INFORMATIVO\" \/>\n<meta property=\"og:description\" content=\"Santo Domingo. &#8211; El presidente del Colegio Dominicano de Notarios (Codenot), Jhon Richard Paniagua F\u00e9liz, present\u00f3 el Segundo Diplomado en Derecho Notarial, una profesi\u00f3n que constituye la columna vertebral de&hellip;\" \/>\n<meta property=\"og:url\" content=\"https:\/\/elglobal.do\/index.php\/2025\/08\/26\/segundo-diplomado-en-derecho-notarial-fortalece-el-ejercicio-de-la-profesion\/\" \/>\n<meta property=\"og:site_name\" content=\"EL GLOBAL INFORMATIVO\" \/>\n<meta property=\"article:published_time\" content=\"2025-08-26T20:22:09+00:00\" \/>\n<meta property=\"article:modified_time\" content=\"2025-08-26T20:22:12+00:00\" \/>\n<meta property=\"og:image\" content=\"https:\/\/elglobal.do\/wp-content\/uploads\/2025\/08\/Paniagua.jpeg\" \/>\n\t<meta property=\"og:image:width\" content=\"1280\" \/>\n\t<meta property=\"og:image:height\" content=\"718\" \/>\n\t<meta property=\"og:image:type\" content=\"image\/jpeg\" \/>\n<meta name=\"author\" content=\"EL GLOBAL\" \/>\n<meta name=\"twitter:card\" content=\"summary_large_image\" \/>\n<meta name=\"twitter:label1\" content=\"Escrito por\" \/>\n\t<meta name=\"twitter:data1\" content=\"EL GLOBAL\" \/>\n\t<meta name=\"twitter:label2\" content=\"Tiempo de lectura\" \/>\n\t<meta name=\"twitter:data2\" content=\"2 minutos\" \/>\n<script type=\"application\/ld+json\" class=\"yoast-schema-graph\">{\"@context\":\"https:\/\/schema.org\",\"@graph\":[{\"@type\":\"Article\",\"@id\":\"https:\/\/elglobal.do\/index.php\/2025\/08\/26\/segundo-diplomado-en-derecho-notarial-fortalece-el-ejercicio-de-la-profesion\/#article\",\"isPartOf\":{\"@id\":\"https:\/\/elglobal.do\/index.php\/2025\/08\/26\/segundo-diplomado-en-derecho-notarial-fortalece-el-ejercicio-de-la-profesion\/\"},\"author\":{\"name\":\"EL GLOBAL\",\"@id\":\"https:\/\/elglobal.do\/#\/schema\/person\/0c97ec2c7714fb605d230c292f64d55f\"},\"headline\":\"Segundo Diplomado en Derecho Notarial fortalece el ejercicio de la profesi\u00f3n\",\"datePublished\":\"2025-08-26T20:22:09+00:00\",\"dateModified\":\"2025-08-26T20:22:12+00:00\",\"mainEntityOfPage\":{\"@id\":\"https:\/\/elglobal.do\/index.php\/2025\/08\/26\/segundo-diplomado-en-derecho-notarial-fortalece-el-ejercicio-de-la-profesion\/\"},\"wordCount\":333,\"commentCount\":0,\"publisher\":{\"@id\":\"https:\/\/elglobal.do\/#organization\"},\"image\":{\"@id\":\"https:\/\/elglobal.do\/index.php\/2025\/08\/26\/segundo-diplomado-en-derecho-notarial-fortalece-el-ejercicio-de-la-profesion\/#primaryimage\"},\"thumbnailUrl\":\"https:\/\/elglobal.do\/wp-content\/uploads\/2025\/08\/Paniagua.jpeg\",\"keywords\":[\"#Codenot\",\"#DerechoNotarial\",\"#Diplomado\",\"#ElGlobalInformativo\"],\"articleSection\":[\"JUSTICIA\",\"NACIONALES\"],\"inLanguage\":\"es\",\"potentialAction\":[{\"@type\":\"CommentAction\",\"name\":\"Comment\",\"target\":[\"https:\/\/elglobal.do\/index.php\/2025\/08\/26\/segundo-diplomado-en-derecho-notarial-fortalece-el-ejercicio-de-la-profesion\/#respond\"]}]},{\"@type\":\"WebPage\",\"@id\":\"https:\/\/elglobal.do\/index.php\/2025\/08\/26\/segundo-diplomado-en-derecho-notarial-fortalece-el-ejercicio-de-la-profesion\/\",\"url\":\"https:\/\/elglobal.do\/index.php\/2025\/08\/26\/segundo-diplomado-en-derecho-notarial-fortalece-el-ejercicio-de-la-profesion\/\",\"name\":\"Segundo Diplomado en Derecho Notarial fortalece el ejercicio de la profesi\u00f3n - EL GLOBAL INFORMATIVO\",\"isPartOf\":{\"@id\":\"https:\/\/elglobal.do\/#website\"},\"primaryImageOfPage\":{\"@id\":\"https:\/\/elglobal.do\/index.php\/2025\/08\/26\/segundo-diplomado-en-derecho-notarial-fortalece-el-ejercicio-de-la-profesion\/#primaryimage\"},\"image\":{\"@id\":\"https:\/\/elglobal.do\/index.php\/2025\/08\/26\/segundo-diplomado-en-derecho-notarial-fortalece-el-ejercicio-de-la-profesion\/#primaryimage\"},\"thumbnailUrl\":\"https:\/\/elglobal.do\/wp-content\/uploads\/2025\/08\/Paniagua.jpeg\",\"datePublished\":\"2025-08-26T20:22:09+00:00\",\"dateModified\":\"2025-08-26T20:22:12+00:00\",\"breadcrumb\":{\"@id\":\"https:\/\/elglobal.do\/index.php\/2025\/08\/26\/segundo-diplomado-en-derecho-notarial-fortalece-el-ejercicio-de-la-profesion\/#breadcrumb\"},\"inLanguage\":\"es\",\"potentialAction\":[{\"@type\":\"ReadAction\",\"target\":[\"https:\/\/elglobal.do\/index.php\/2025\/08\/26\/segundo-diplomado-en-derecho-notarial-fortalece-el-ejercicio-de-la-profesion\/\"]}]},{\"@type\":\"ImageObject\",\"inLanguage\":\"es\",\"@id\":\"https:\/\/elglobal.do\/index.php\/2025\/08\/26\/segundo-diplomado-en-derecho-notarial-fortalece-el-ejercicio-de-la-profesion\/#primaryimage\",\"url\":\"https:\/\/elglobal.do\/wp-content\/uploads\/2025\/08\/Paniagua.jpeg\",\"contentUrl\":\"https:\/\/elglobal.do\/wp-content\/uploads\/2025\/08\/Paniagua.jpeg\",\"width\":1280,\"height\":718},{\"@type\":\"BreadcrumbList\",\"@id\":\"https:\/\/elglobal.do\/index.php\/2025\/08\/26\/segundo-diplomado-en-derecho-notarial-fortalece-el-ejercicio-de-la-profesion\/#breadcrumb\",\"itemListElement\":[{\"@type\":\"ListItem\",\"position\":1,\"name\":\"Portada\",\"item\":\"https:\/\/elglobal.do\/\"},{\"@type\":\"ListItem\",\"position\":2,\"name\":\"Segundo Diplomado en Derecho Notarial fortalece el ejercicio de la profesi\u00f3n\"}]},{\"@type\":\"WebSite\",\"@id\":\"https:\/\/elglobal.do\/#website\",\"url\":\"https:\/\/elglobal.do\/\",\"name\":\"EL GLOBAL INFORMATIVO\",\"description\":\"Peri\u00f3dico digital de la Rep\u00fablica Dominicana que ofrece noticias, novedades, pol\u00edtica y las \u00faltimas actualidades, con informaci\u00f3n veraz y oportuna para mantenerte siempre informad\",\"publisher\":{\"@id\":\"https:\/\/elglobal.do\/#organization\"},\"potentialAction\":[{\"@type\":\"SearchAction\",\"target\":{\"@type\":\"EntryPoint\",\"urlTemplate\":\"https:\/\/elglobal.do\/?s={search_term_string}\"},\"query-input\":{\"@type\":\"PropertyValueSpecification\",\"valueRequired\":true,\"valueName\":\"search_term_string\"}}],\"inLanguage\":\"es\"},{\"@type\":\"Organization\",\"@id\":\"https:\/\/elglobal.do\/#organization\",\"name\":\"EL GLOBAL.DO INFORMATIVO\",\"url\":\"https:\/\/elglobal.do\/\",\"logo\":{\"@type\":\"ImageObject\",\"inLanguage\":\"es\",\"@id\":\"https:\/\/elglobal.do\/#\/schema\/logo\/image\/\",\"url\":\"https:\/\/elglobal.do\/wp-content\/uploads\/2025\/08\/icon.png\",\"contentUrl\":\"https:\/\/elglobal.do\/wp-content\/uploads\/2025\/08\/icon.png\",\"width\":512,\"height\":512,\"caption\":\"EL GLOBAL.DO INFORMATIVO\"},\"image\":{\"@id\":\"https:\/\/elglobal.do\/#\/schema\/logo\/image\/\"}},{\"@type\":\"Person\",\"@id\":\"https:\/\/elglobal.do\/#\/schema\/person\/0c97ec2c7714fb605d230c292f64d55f\",\"name\":\"EL GLOBAL\",\"image\":{\"@type\":\"ImageObject\",\"inLanguage\":\"es\",\"@id\":\"https:\/\/elglobal.do\/#\/schema\/person\/image\/\",\"url\":\"https:\/\/secure.gravatar.com\/avatar\/081cfb6cf99faddc6f4e23a0c11ab98c5cf302925382d1c88dc3ed757ab910a3?s=96&d=mm&r=g\",\"contentUrl\":\"https:\/\/secure.gravatar.com\/avatar\/081cfb6cf99faddc6f4e23a0c11ab98c5cf302925382d1c88dc3ed757ab910a3?s=96&d=mm&r=g\",\"caption\":\"EL GLOBAL\"},\"description\":\"El Global Informativo es un peri\u00f3dico digital de Rep\u00fablica Dominicana que se dedica a cubrir temas importantes, como la pol\u00edtica local, geopol\u00edtica, econom\u00eda, tecnolog\u00eda, noticias internacionales y eventos relacionados con la gesti\u00f3n social, cultural y humana. Su objetivo principal es mantener a la poblaci\u00f3n informada, ofreciendo una visi\u00f3n amplia y actualizada de lo que sucede tanto en el pa\u00eds como en el mundo. Est\u00e1 dirigido por un grupo de periodistas experimentados, lo que garantiza la calidad y la precisi\u00f3n de la informaci\u00f3n que ofrecen. Tiene su sede en la ciudad de Santo Domingo y es parte integral del portafolio de la empresa, MC Global S.R.L.\",\"sameAs\":[\"https:\/\/elglobal.do\",\"https:\/\/www.instagram.com\/elglobal.do_informativo\/\"],\"url\":\"https:\/\/elglobal.do\/index.php\/author\/elglobaluserpro\/\"}]}<\/script>\n<!-- \/ Yoast SEO plugin. -->","yoast_head_json":{"title":"Segundo Diplomado en Derecho Notarial fortalece el ejercicio de la profesi\u00f3n - EL GLOBAL INFORMATIVO","robots":{"index":"index","follow":"follow","max-snippet":"max-snippet:-1","max-image-preview":"max-image-preview:large","max-video-preview":"max-video-preview:-1"},"canonical":"https:\/\/elglobal.do\/index.php\/2025\/08\/26\/segundo-diplomado-en-derecho-notarial-fortalece-el-ejercicio-de-la-profesion\/","og_locale":"es_ES","og_type":"article","og_title":"Segundo Diplomado en Derecho Notarial fortalece el ejercicio de la profesi\u00f3n - EL GLOBAL INFORMATIVO","og_description":"Santo Domingo. &#8211; El presidente del Colegio Dominicano de Notarios (Codenot), Jhon Richard Paniagua F\u00e9liz, present\u00f3 el Segundo Diplomado en Derecho Notarial, una profesi\u00f3n que constituye la columna vertebral de&hellip;","og_url":"https:\/\/elglobal.do\/index.php\/2025\/08\/26\/segundo-diplomado-en-derecho-notarial-fortalece-el-ejercicio-de-la-profesion\/","og_site_name":"EL GLOBAL INFORMATIVO","article_published_time":"2025-08-26T20:22:09+00:00","article_modified_time":"2025-08-26T20:22:12+00:00","og_image":[{"width":1280,"height":718,"url":"https:\/\/elglobal.do\/wp-content\/uploads\/2025\/08\/Paniagua.jpeg","type":"image\/jpeg"}],"author":"EL GLOBAL","twitter_card":"summary_large_image","twitter_misc":{"Escrito por":"EL GLOBAL","Tiempo de lectura":"2 minutos"},"schema":{"@context":"https:\/\/schema.org","@graph":[{"@type":"Article","@id":"https:\/\/elglobal.do\/index.php\/2025\/08\/26\/segundo-diplomado-en-derecho-notarial-fortalece-el-ejercicio-de-la-profesion\/#article","isPartOf":{"@id":"https:\/\/elglobal.do\/index.php\/2025\/08\/26\/segundo-diplomado-en-derecho-notarial-fortalece-el-ejercicio-de-la-profesion\/"},"author":{"name":"EL GLOBAL","@id":"https:\/\/elglobal.do\/#\/schema\/person\/0c97ec2c7714fb605d230c292f64d55f"},"headline":"Segundo Diplomado en Derecho Notarial fortalece el ejercicio de la profesi\u00f3n","datePublished":"2025-08-26T20:22:09+00:00","dateModified":"2025-08-26T20:22:12+00:00","mainEntityOfPage":{"@id":"https:\/\/elglobal.do\/index.php\/2025\/08\/26\/segundo-diplomado-en-derecho-notarial-fortalece-el-ejercicio-de-la-profesion\/"},"wordCount":333,"commentCount":0,"publisher":{"@id":"https:\/\/elglobal.do\/#organization"},"image":{"@id":"https:\/\/elglobal.do\/index.php\/2025\/08\/26\/segundo-diplomado-en-derecho-notarial-fortalece-el-ejercicio-de-la-profesion\/#primaryimage"},"thumbnailUrl":"https:\/\/elglobal.do\/wp-content\/uploads\/2025\/08\/Paniagua.jpeg","keywords":["#Codenot","#DerechoNotarial","#Diplomado","#ElGlobalInformativo"],"articleSection":["JUSTICIA","NACIONALES"],"inLanguage":"es","potentialAction":[{"@type":"CommentAction","name":"Comment","target":["https:\/\/elglobal.do\/index.php\/2025\/08\/26\/segundo-diplomado-en-derecho-notarial-fortalece-el-ejercicio-de-la-profesion\/#respond"]}]},{"@type":"WebPage","@id":"https:\/\/elglobal.do\/index.php\/2025\/08\/26\/segundo-diplomado-en-derecho-notarial-fortalece-el-ejercicio-de-la-profesion\/","url":"https:\/\/elglobal.do\/index.php\/2025\/08\/26\/segundo-diplomado-en-derecho-notarial-fortalece-el-ejercicio-de-la-profesion\/","name":"Segundo Diplomado en Derecho Notarial fortalece el ejercicio de la profesi\u00f3n - EL GLOBAL INFORMATIVO","isPartOf":{"@id":"https:\/\/elglobal.do\/#website"},"primaryImageOfPage":{"@id":"https:\/\/elglobal.do\/index.php\/2025\/08\/26\/segundo-diplomado-en-derecho-notarial-fortalece-el-ejercicio-de-la-profesion\/#primaryimage"},"image":{"@id":"https:\/\/elglobal.do\/index.php\/2025\/08\/26\/segundo-diplomado-en-derecho-notarial-fortalece-el-ejercicio-de-la-profesion\/#primaryimage"},"thumbnailUrl":"https:\/\/elglobal.do\/wp-content\/uploads\/2025\/08\/Paniagua.jpeg","datePublished":"2025-08-26T20:22:09+00:00","dateModified":"2025-08-26T20:22:12+00:00","breadcrumb":{"@id":"https:\/\/elglobal.do\/index.php\/2025\/08\/26\/segundo-diplomado-en-derecho-notarial-fortalece-el-ejercicio-de-la-profesion\/#breadcrumb"},"inLanguage":"es","potentialAction":[{"@type":"ReadAction","target":["https:\/\/elglobal.do\/index.php\/2025\/08\/26\/segundo-diplomado-en-derecho-notarial-fortalece-el-ejercicio-de-la-profesion\/"]}]},{"@type":"ImageObject","inLanguage":"es","@id":"https:\/\/elglobal.do\/index.php\/2025\/08\/26\/segundo-diplomado-en-derecho-notarial-fortalece-el-ejercicio-de-la-profesion\/#primaryimage","url":"https:\/\/elglobal.do\/wp-content\/uploads\/2025\/08\/Paniagua.jpeg","contentUrl":"https:\/\/elglobal.do\/wp-content\/uploads\/2025\/08\/Paniagua.jpeg","width":1280,"height":718},{"@type":"BreadcrumbList","@id":"https:\/\/elglobal.do\/index.php\/2025\/08\/26\/segundo-diplomado-en-derecho-notarial-fortalece-el-ejercicio-de-la-profesion\/#breadcrumb","itemListElement":[{"@type":"ListItem","position":1,"name":"Portada","item":"https:\/\/elglobal.do\/"},{"@type":"ListItem","position":2,"name":"Segundo Diplomado en Derecho Notarial fortalece el ejercicio de la profesi\u00f3n"}]},{"@type":"WebSite","@id":"https:\/\/elglobal.do\/#website","url":"https:\/\/elglobal.do\/","name":"EL GLOBAL INFORMATIVO","description":"Peri\u00f3dico digital de la Rep\u00fablica Dominicana que ofrece noticias, novedades, pol\u00edtica y las \u00faltimas actualidades, con informaci\u00f3n veraz y oportuna para mantenerte siempre informad","publisher":{"@id":"https:\/\/elglobal.do\/#organization"},"potentialAction":[{"@type":"SearchAction","target":{"@type":"EntryPoint","urlTemplate":"https:\/\/elglobal.do\/?s={search_term_string}"},"query-input":{"@type":"PropertyValueSpecification","valueRequired":true,"valueName":"search_term_string"}}],"inLanguage":"es"},{"@type":"Organization","@id":"https:\/\/elglobal.do\/#organization","name":"EL GLOBAL.DO INFORMATIVO","url":"https:\/\/elglobal.do\/","logo":{"@type":"ImageObject","inLanguage":"es","@id":"https:\/\/elglobal.do\/#\/schema\/logo\/image\/","url":"https:\/\/elglobal.do\/wp-content\/uploads\/2025\/08\/icon.png","contentUrl":"https:\/\/elglobal.do\/wp-content\/uploads\/2025\/08\/icon.png","width":512,"height":512,"caption":"EL GLOBAL.DO INFORMATIVO"},"image":{"@id":"https:\/\/elglobal.do\/#\/schema\/logo\/image\/"}},{"@type":"Person","@id":"https:\/\/elglobal.do\/#\/schema\/person\/0c97ec2c7714fb605d230c292f64d55f","name":"EL GLOBAL","image":{"@type":"ImageObject","inLanguage":"es","@id":"https:\/\/elglobal.do\/#\/schema\/person\/image\/","url":"https:\/\/secure.gravatar.com\/avatar\/081cfb6cf99faddc6f4e23a0c11ab98c5cf302925382d1c88dc3ed757ab910a3?s=96&d=mm&r=g","contentUrl":"https:\/\/secure.gravatar.com\/avatar\/081cfb6cf99faddc6f4e23a0c11ab98c5cf302925382d1c88dc3ed757ab910a3?s=96&d=mm&r=g","caption":"EL GLOBAL"},"description":"El Global Informativo es un peri\u00f3dico digital de Rep\u00fablica Dominicana que se dedica a cubrir temas importantes, como la pol\u00edtica local, geopol\u00edtica, econom\u00eda, tecnolog\u00eda, noticias internacionales y eventos relacionados con la gesti\u00f3n social, cultural y humana. Su objetivo principal es mantener a la poblaci\u00f3n informada, ofreciendo una visi\u00f3n amplia y actualizada de lo que sucede tanto en el pa\u00eds como en el mundo. Est\u00e1 dirigido por un grupo de periodistas experimentados, lo que garantiza la calidad y la precisi\u00f3n de la informaci\u00f3n que ofrecen. Tiene su sede en la ciudad de Santo Domingo y es parte integral del portafolio de la empresa, MC Global S.R.L.","sameAs":["https:\/\/elglobal.do","https:\/\/www.instagram.com\/elglobal.do_informativo\/"],"url":"https:\/\/elglobal.do\/index.php\/author\/elglobaluserpro\/"}]}},"jetpack_featured_media_url":"https:\/\/elglobal.do\/wp-content\/uploads\/2025\/08\/Paniagua.jpeg","jetpack_sharing_enabled":true,"_links":{"self":[{"href":"https:\/\/elglobal.do\/index.php\/wp-json\/wp\/v2\/posts\/1592","targetHints":{"allow":["GET"]}}],"collection":[{"href":"https:\/\/elglobal.do\/index.php\/wp-json\/wp\/v2\/posts"}],"about":[{"href":"https:\/\/elglobal.do\/index.php\/wp-json\/wp\/v2\/types\/post"}],"author":[{"embeddable":true,"href":"https:\/\/elglobal.do\/index.php\/wp-json\/wp\/v2\/users\/1"}],"replies":[{"embeddable":true,"href":"https:\/\/elglobal.do\/index.php\/wp-json\/wp\/v2\/comments?post=1592"}],"version-history":[{"count":1,"href":"https:\/\/elglobal.do\/index.php\/wp-json\/wp\/v2\/posts\/1592\/revisions"}],"predecessor-version":[{"id":1595,"href":"https:\/\/elglobal.do\/index.php\/wp-json\/wp\/v2\/posts\/1592\/revisions\/1595"}],"wp:featuredmedia":[{"embeddable":true,"href":"https:\/\/elglobal.do\/index.php\/wp-json\/wp\/v2\/media\/1594"}],"wp:attachment":[{"href":"https:\/\/elglobal.do\/index.php\/wp-json\/wp\/v2\/media?parent=1592"}],"wp:term":[{"taxonomy":"category","embeddable":true,"href":"https:\/\/elglobal.do\/index.php\/wp-json\/wp\/v2\/categories?post=1592"},{"taxonomy":"post_tag","embeddable":true,"href":"https:\/\/elglobal.do\/index.php\/wp-json\/wp\/v2\/tags?post=1592"}],"curies":[{"name":"wp","href":"https:\/\/api.w.org\/{rel}","templated":true}]}}