{"id":1603,"date":"2025-08-26T23:31:00","date_gmt":"2025-08-27T03:31:00","guid":{"rendered":"https:\/\/elglobal.do\/?p=1603"},"modified":"2025-08-27T11:25:47","modified_gmt":"2025-08-27T15:25:47","slug":"trajano-potentini-expone-desafios-de-la-ia-en-el-futuro-de-la-abogacia-dominicana","status":"publish","type":"post","link":"https:\/\/elglobal.do\/index.php\/2025\/08\/26\/trajano-potentini-expone-desafios-de-la-ia-en-el-futuro-de-la-abogacia-dominicana\/","title":{"rendered":"Trajano Potentini expone &#8216;Desaf\u00edos de la IA en el Futuro de la Abogac\u00eda Dominicana&#8217;"},"content":{"rendered":"\n<figure class=\"wp-block-image size-large\"><img loading=\"lazy\" decoding=\"async\" width=\"1024\" height=\"671\" src=\"https:\/\/elglobal.do\/wp-content\/uploads\/2025\/08\/Trajano-1024x671.jpeg\" alt=\"\" class=\"wp-image-1604\" srcset=\"https:\/\/elglobal.do\/wp-content\/uploads\/2025\/08\/Trajano-1024x671.jpeg 1024w, https:\/\/elglobal.do\/wp-content\/uploads\/2025\/08\/Trajano-300x197.jpeg 300w, https:\/\/elglobal.do\/wp-content\/uploads\/2025\/08\/Trajano-768x503.jpeg 768w, https:\/\/elglobal.do\/wp-content\/uploads\/2025\/08\/Trajano.jpeg 1163w\" sizes=\"auto, (max-width: 1024px) 100vw, 1024px\" \/><figcaption class=\"wp-element-caption\"><em>Trajano Potentini, presidente del Colegio de Abogados de la Rep\u00fablica Dominicana <strong>(CARD)<\/strong><\/em><\/figcaption><\/figure>\n\n\n\n<p><\/p>\n\n\n\n<p><strong>Santo Domingo. \u2013<\/strong> El presidente del Colegio de Abogados de la Rep\u00fablica Dominicana <strong>(CARD)<\/strong>, Trajano Potentini, particip\u00f3 en el Panel Sociedad y Justicia, donde imparti\u00f3 la conferencia <strong>&#8216;la Justicia Digital y Desaf\u00edos del Futuro&#8217;.<\/strong><\/p>\n\n\n\n<p>Durante su participaci\u00f3n como panelista invitado en el Trig\u00e9simo Cuarto Desayuno de Oraci\u00f3n, que realiz\u00f3 este martes <strong>la Organizaci\u00f3n No Gubernamental (ONG), Jaycees\u201972<\/strong>, el doctor en derecho, Trajano Potentini, se dirigi\u00f3 a los participantes de este encuentro enfocando la necesidad de la incursi\u00f3n y los desaf\u00edos sobre la justicia dominicana en la era de la inteligencia artificial.<\/p>\n\n\n\n<p>El presidente del Colegio de Abogados, habl\u00f3 sobre la preparaci\u00f3n que debe guiar a la abogac\u00eda dominicana a estar lista para utilizar las herramientas que demanda la modernizaci\u00f3n cibern\u00e9tica. &nbsp;&nbsp;<\/p>\n\n\n\n<p><strong>\u00abTenemos que ir construyendo el camino hacia la inteligencia artificial, porque la capacidad de estas funciones est\u00e1 en todos lados, y los softwares deben estar en condiciones de desarrollar aspectos que son propios de la inteligencia humana\u00bb<\/strong>, expuso Potentini en su intervenci\u00f3n.<\/p>\n\n\n\n<p>El jurista al abordar el tema contrapuesto de la justicia a trav\u00e9s de la web, dijo que dentro de los inconvenientes de la inteligencia artificial est\u00e1 la redundancia, y la sobresaturaci\u00f3n de informaci\u00f3n que afecta la capacidad del conocimiento humano.<\/p>\n\n\n\n<p><strong>\u00abLos nuevos procesos atraer\u00edan una administraci\u00f3n de justicia estricta y exclusivamente planteada en fusi\u00f3n de los jueces robot, como ya los hay en China, en Estonia, y otros pa\u00edses. A pesar de estas cosas, el juez definitivamente siempre deber\u00e1 tener sentido y enfoque humano\u00bb<\/strong>, resalt\u00f3. &nbsp;<\/p>\n\n\n\n<p>Esta entrega de Jaycees\u201972, fue dedicada al doctor Modesto Guzm\u00e1n, director general de Desarrollo de la Comunidad.<\/p>\n\n\n\n<p><\/p>\n\n\n\n<figure class=\"wp-block-image size-large\"><img loading=\"lazy\" decoding=\"async\" width=\"1024\" height=\"654\" src=\"https:\/\/elglobal.do\/wp-content\/uploads\/2025\/08\/Panelistas-1024x654.jpeg\" alt=\"\" class=\"wp-image-1606\" srcset=\"https:\/\/elglobal.do\/wp-content\/uploads\/2025\/08\/Panelistas-1024x654.jpeg 1024w, https:\/\/elglobal.do\/wp-content\/uploads\/2025\/08\/Panelistas-300x192.jpeg 300w, https:\/\/elglobal.do\/wp-content\/uploads\/2025\/08\/Panelistas-768x491.jpeg 768w, https:\/\/elglobal.do\/wp-content\/uploads\/2025\/08\/Panelistas.jpeg 1280w\" sizes=\"auto, (max-width: 1024px) 100vw, 1024px\" \/><\/figure>\n\n\n\n<p><\/p>\n\n\n\n<p>Potentini estuvo junto a los panelistas; el sacerdote Wilfrido Monta\u00f1o, Marinel Canela, quien abord\u00f3 el liderazgo femenino en el derecho dominicano, Carol Modesto; los desaf\u00edos procesales para la equidad social, el senador Rafael Duluc, (Cholitin); el poder legislativo y su compromiso con la justicia social.<\/p>\n\n\n\n<p>Tambi\u00e9n expusieron, Servio Tulio Casta\u00f1os; la sociedad civil como agente de cambio, y el Defensor del Pueblo, Pablo Ulloa; la defensa ciudadana ante la administraci\u00f3n.<\/p>\n","protected":false},"excerpt":{"rendered":"<p>Santo Domingo. \u2013 El presidente del Colegio de Abogados de la Rep\u00fablica Dominicana (CARD), Trajano Potentini, particip\u00f3 en el Panel Sociedad y Justicia, donde imparti\u00f3 la conferencia &#8216;la Justicia Digital&hellip; <\/p>\n","protected":false},"author":1,"featured_media":1604,"comment_status":"open","ping_status":"open","sticky":false,"template":"","format":"standard","meta":{"_jetpack_memberships_contains_paid_content":false,"footnotes":""},"categories":[313,40],"tags":[136,636,98,773,772],"class_list":["post-1603","post","type-post","status-publish","format-standard","has-post-thumbnail","hentry","category-justicia","category-nacionales","tag-card","tag-conferencia","tag-elglobalinformativo","tag-justiciadigital","tag-trajanopotentini"],"yoast_head":"<!-- This site is optimized with the Yoast SEO plugin v26.9 - https:\/\/yoast.com\/product\/yoast-seo-wordpress\/ -->\n<title>Trajano Potentini expone &#039;Desaf\u00edos de la IA en el Futuro de la Abogac\u00eda Dominicana&#039; - EL GLOBAL INFORMATIVO<\/title>\n<meta name=\"robots\" content=\"index, follow, max-snippet:-1, max-image-preview:large, max-video-preview:-1\" \/>\n<link rel=\"canonical\" href=\"https:\/\/elglobal.do\/index.php\/2025\/08\/26\/trajano-potentini-expone-desafios-de-la-ia-en-el-futuro-de-la-abogacia-dominicana\/\" \/>\n<meta property=\"og:locale\" content=\"es_ES\" \/>\n<meta property=\"og:type\" content=\"article\" \/>\n<meta property=\"og:title\" content=\"Trajano Potentini expone &#039;Desaf\u00edos de la IA en el Futuro de la Abogac\u00eda Dominicana&#039; - EL GLOBAL INFORMATIVO\" \/>\n<meta property=\"og:description\" content=\"Santo Domingo. \u2013 El presidente del Colegio de Abogados de la Rep\u00fablica Dominicana (CARD), Trajano Potentini, particip\u00f3 en el Panel Sociedad y Justicia, donde imparti\u00f3 la conferencia &#8216;la Justicia Digital&hellip;\" \/>\n<meta property=\"og:url\" content=\"https:\/\/elglobal.do\/index.php\/2025\/08\/26\/trajano-potentini-expone-desafios-de-la-ia-en-el-futuro-de-la-abogacia-dominicana\/\" \/>\n<meta property=\"og:site_name\" content=\"EL GLOBAL INFORMATIVO\" \/>\n<meta property=\"article:published_time\" content=\"2025-08-27T03:31:00+00:00\" \/>\n<meta property=\"article:modified_time\" content=\"2025-08-27T15:25:47+00:00\" \/>\n<meta property=\"og:image\" content=\"https:\/\/elglobal.do\/wp-content\/uploads\/2025\/08\/Trajano.jpeg\" \/>\n\t<meta property=\"og:image:width\" content=\"1163\" \/>\n\t<meta property=\"og:image:height\" content=\"762\" \/>\n\t<meta property=\"og:image:type\" content=\"image\/jpeg\" \/>\n<meta name=\"author\" content=\"EL GLOBAL\" \/>\n<meta name=\"twitter:card\" content=\"summary_large_image\" \/>\n<meta name=\"twitter:label1\" content=\"Escrito por\" \/>\n\t<meta name=\"twitter:data1\" content=\"EL GLOBAL\" \/>\n\t<meta name=\"twitter:label2\" content=\"Tiempo de lectura\" \/>\n\t<meta name=\"twitter:data2\" content=\"3 minutos\" \/>\n<script type=\"application\/ld+json\" class=\"yoast-schema-graph\">{\"@context\":\"https:\/\/schema.org\",\"@graph\":[{\"@type\":\"Article\",\"@id\":\"https:\/\/elglobal.do\/index.php\/2025\/08\/26\/trajano-potentini-expone-desafios-de-la-ia-en-el-futuro-de-la-abogacia-dominicana\/#article\",\"isPartOf\":{\"@id\":\"https:\/\/elglobal.do\/index.php\/2025\/08\/26\/trajano-potentini-expone-desafios-de-la-ia-en-el-futuro-de-la-abogacia-dominicana\/\"},\"author\":{\"name\":\"EL GLOBAL\",\"@id\":\"https:\/\/elglobal.do\/#\/schema\/person\/0c97ec2c7714fb605d230c292f64d55f\"},\"headline\":\"Trajano Potentini expone &#8216;Desaf\u00edos de la IA en el Futuro de la Abogac\u00eda Dominicana&#8217;\",\"datePublished\":\"2025-08-27T03:31:00+00:00\",\"dateModified\":\"2025-08-27T15:25:47+00:00\",\"mainEntityOfPage\":{\"@id\":\"https:\/\/elglobal.do\/index.php\/2025\/08\/26\/trajano-potentini-expone-desafios-de-la-ia-en-el-futuro-de-la-abogacia-dominicana\/\"},\"wordCount\":391,\"commentCount\":0,\"publisher\":{\"@id\":\"https:\/\/elglobal.do\/#organization\"},\"image\":{\"@id\":\"https:\/\/elglobal.do\/index.php\/2025\/08\/26\/trajano-potentini-expone-desafios-de-la-ia-en-el-futuro-de-la-abogacia-dominicana\/#primaryimage\"},\"thumbnailUrl\":\"https:\/\/elglobal.do\/wp-content\/uploads\/2025\/08\/Trajano.jpeg\",\"keywords\":[\"#CARD\",\"#conferencia\",\"#ElGlobalInformativo\",\"#JusticiaDigital\",\"#TrajanoPotentini\"],\"articleSection\":[\"JUSTICIA\",\"NACIONALES\"],\"inLanguage\":\"es\",\"potentialAction\":[{\"@type\":\"CommentAction\",\"name\":\"Comment\",\"target\":[\"https:\/\/elglobal.do\/index.php\/2025\/08\/26\/trajano-potentini-expone-desafios-de-la-ia-en-el-futuro-de-la-abogacia-dominicana\/#respond\"]}]},{\"@type\":\"WebPage\",\"@id\":\"https:\/\/elglobal.do\/index.php\/2025\/08\/26\/trajano-potentini-expone-desafios-de-la-ia-en-el-futuro-de-la-abogacia-dominicana\/\",\"url\":\"https:\/\/elglobal.do\/index.php\/2025\/08\/26\/trajano-potentini-expone-desafios-de-la-ia-en-el-futuro-de-la-abogacia-dominicana\/\",\"name\":\"Trajano Potentini expone 'Desaf\u00edos de la IA en el Futuro de la Abogac\u00eda Dominicana' - EL GLOBAL INFORMATIVO\",\"isPartOf\":{\"@id\":\"https:\/\/elglobal.do\/#website\"},\"primaryImageOfPage\":{\"@id\":\"https:\/\/elglobal.do\/index.php\/2025\/08\/26\/trajano-potentini-expone-desafios-de-la-ia-en-el-futuro-de-la-abogacia-dominicana\/#primaryimage\"},\"image\":{\"@id\":\"https:\/\/elglobal.do\/index.php\/2025\/08\/26\/trajano-potentini-expone-desafios-de-la-ia-en-el-futuro-de-la-abogacia-dominicana\/#primaryimage\"},\"thumbnailUrl\":\"https:\/\/elglobal.do\/wp-content\/uploads\/2025\/08\/Trajano.jpeg\",\"datePublished\":\"2025-08-27T03:31:00+00:00\",\"dateModified\":\"2025-08-27T15:25:47+00:00\",\"breadcrumb\":{\"@id\":\"https:\/\/elglobal.do\/index.php\/2025\/08\/26\/trajano-potentini-expone-desafios-de-la-ia-en-el-futuro-de-la-abogacia-dominicana\/#breadcrumb\"},\"inLanguage\":\"es\",\"potentialAction\":[{\"@type\":\"ReadAction\",\"target\":[\"https:\/\/elglobal.do\/index.php\/2025\/08\/26\/trajano-potentini-expone-desafios-de-la-ia-en-el-futuro-de-la-abogacia-dominicana\/\"]}]},{\"@type\":\"ImageObject\",\"inLanguage\":\"es\",\"@id\":\"https:\/\/elglobal.do\/index.php\/2025\/08\/26\/trajano-potentini-expone-desafios-de-la-ia-en-el-futuro-de-la-abogacia-dominicana\/#primaryimage\",\"url\":\"https:\/\/elglobal.do\/wp-content\/uploads\/2025\/08\/Trajano.jpeg\",\"contentUrl\":\"https:\/\/elglobal.do\/wp-content\/uploads\/2025\/08\/Trajano.jpeg\",\"width\":1163,\"height\":762},{\"@type\":\"BreadcrumbList\",\"@id\":\"https:\/\/elglobal.do\/index.php\/2025\/08\/26\/trajano-potentini-expone-desafios-de-la-ia-en-el-futuro-de-la-abogacia-dominicana\/#breadcrumb\",\"itemListElement\":[{\"@type\":\"ListItem\",\"position\":1,\"name\":\"Portada\",\"item\":\"https:\/\/elglobal.do\/\"},{\"@type\":\"ListItem\",\"position\":2,\"name\":\"Trajano Potentini expone &#8216;Desaf\u00edos de la IA en el Futuro de la Abogac\u00eda Dominicana&#8217;\"}]},{\"@type\":\"WebSite\",\"@id\":\"https:\/\/elglobal.do\/#website\",\"url\":\"https:\/\/elglobal.do\/\",\"name\":\"EL GLOBAL INFORMATIVO\",\"description\":\"Peri\u00f3dico digital de la Rep\u00fablica Dominicana que ofrece noticias, novedades, pol\u00edtica y las \u00faltimas actualidades, con informaci\u00f3n veraz y oportuna para mantenerte siempre informad\",\"publisher\":{\"@id\":\"https:\/\/elglobal.do\/#organization\"},\"potentialAction\":[{\"@type\":\"SearchAction\",\"target\":{\"@type\":\"EntryPoint\",\"urlTemplate\":\"https:\/\/elglobal.do\/?s={search_term_string}\"},\"query-input\":{\"@type\":\"PropertyValueSpecification\",\"valueRequired\":true,\"valueName\":\"search_term_string\"}}],\"inLanguage\":\"es\"},{\"@type\":\"Organization\",\"@id\":\"https:\/\/elglobal.do\/#organization\",\"name\":\"EL GLOBAL.DO INFORMATIVO\",\"url\":\"https:\/\/elglobal.do\/\",\"logo\":{\"@type\":\"ImageObject\",\"inLanguage\":\"es\",\"@id\":\"https:\/\/elglobal.do\/#\/schema\/logo\/image\/\",\"url\":\"https:\/\/elglobal.do\/wp-content\/uploads\/2025\/08\/icon.png\",\"contentUrl\":\"https:\/\/elglobal.do\/wp-content\/uploads\/2025\/08\/icon.png\",\"width\":512,\"height\":512,\"caption\":\"EL GLOBAL.DO INFORMATIVO\"},\"image\":{\"@id\":\"https:\/\/elglobal.do\/#\/schema\/logo\/image\/\"}},{\"@type\":\"Person\",\"@id\":\"https:\/\/elglobal.do\/#\/schema\/person\/0c97ec2c7714fb605d230c292f64d55f\",\"name\":\"EL GLOBAL\",\"image\":{\"@type\":\"ImageObject\",\"inLanguage\":\"es\",\"@id\":\"https:\/\/elglobal.do\/#\/schema\/person\/image\/\",\"url\":\"https:\/\/secure.gravatar.com\/avatar\/081cfb6cf99faddc6f4e23a0c11ab98c5cf302925382d1c88dc3ed757ab910a3?s=96&d=mm&r=g\",\"contentUrl\":\"https:\/\/secure.gravatar.com\/avatar\/081cfb6cf99faddc6f4e23a0c11ab98c5cf302925382d1c88dc3ed757ab910a3?s=96&d=mm&r=g\",\"caption\":\"EL GLOBAL\"},\"description\":\"El Global Informativo es un peri\u00f3dico digital de Rep\u00fablica Dominicana que se dedica a cubrir temas importantes, como la pol\u00edtica local, geopol\u00edtica, econom\u00eda, tecnolog\u00eda, noticias internacionales y eventos relacionados con la gesti\u00f3n social, cultural y humana. Su objetivo principal es mantener a la poblaci\u00f3n informada, ofreciendo una visi\u00f3n amplia y actualizada de lo que sucede tanto en el pa\u00eds como en el mundo. Est\u00e1 dirigido por un grupo de periodistas experimentados, lo que garantiza la calidad y la precisi\u00f3n de la informaci\u00f3n que ofrecen. Tiene su sede en la ciudad de Santo Domingo y es parte integral del portafolio de la empresa, MC Global S.R.L.\",\"sameAs\":[\"https:\/\/elglobal.do\",\"https:\/\/www.instagram.com\/elglobal.do_informativo\/\"],\"url\":\"https:\/\/elglobal.do\/index.php\/author\/elglobaluserpro\/\"}]}<\/script>\n<!-- \/ Yoast SEO plugin. -->","yoast_head_json":{"title":"Trajano Potentini expone 'Desaf\u00edos de la IA en el Futuro de la Abogac\u00eda Dominicana' - EL GLOBAL INFORMATIVO","robots":{"index":"index","follow":"follow","max-snippet":"max-snippet:-1","max-image-preview":"max-image-preview:large","max-video-preview":"max-video-preview:-1"},"canonical":"https:\/\/elglobal.do\/index.php\/2025\/08\/26\/trajano-potentini-expone-desafios-de-la-ia-en-el-futuro-de-la-abogacia-dominicana\/","og_locale":"es_ES","og_type":"article","og_title":"Trajano Potentini expone 'Desaf\u00edos de la IA en el Futuro de la Abogac\u00eda Dominicana' - EL GLOBAL INFORMATIVO","og_description":"Santo Domingo. \u2013 El presidente del Colegio de Abogados de la Rep\u00fablica Dominicana (CARD), Trajano Potentini, particip\u00f3 en el Panel Sociedad y Justicia, donde imparti\u00f3 la conferencia &#8216;la Justicia Digital&hellip;","og_url":"https:\/\/elglobal.do\/index.php\/2025\/08\/26\/trajano-potentini-expone-desafios-de-la-ia-en-el-futuro-de-la-abogacia-dominicana\/","og_site_name":"EL GLOBAL INFORMATIVO","article_published_time":"2025-08-27T03:31:00+00:00","article_modified_time":"2025-08-27T15:25:47+00:00","og_image":[{"width":1163,"height":762,"url":"https:\/\/elglobal.do\/wp-content\/uploads\/2025\/08\/Trajano.jpeg","type":"image\/jpeg"}],"author":"EL GLOBAL","twitter_card":"summary_large_image","twitter_misc":{"Escrito por":"EL GLOBAL","Tiempo de lectura":"3 minutos"},"schema":{"@context":"https:\/\/schema.org","@graph":[{"@type":"Article","@id":"https:\/\/elglobal.do\/index.php\/2025\/08\/26\/trajano-potentini-expone-desafios-de-la-ia-en-el-futuro-de-la-abogacia-dominicana\/#article","isPartOf":{"@id":"https:\/\/elglobal.do\/index.php\/2025\/08\/26\/trajano-potentini-expone-desafios-de-la-ia-en-el-futuro-de-la-abogacia-dominicana\/"},"author":{"name":"EL GLOBAL","@id":"https:\/\/elglobal.do\/#\/schema\/person\/0c97ec2c7714fb605d230c292f64d55f"},"headline":"Trajano Potentini expone &#8216;Desaf\u00edos de la IA en el Futuro de la Abogac\u00eda Dominicana&#8217;","datePublished":"2025-08-27T03:31:00+00:00","dateModified":"2025-08-27T15:25:47+00:00","mainEntityOfPage":{"@id":"https:\/\/elglobal.do\/index.php\/2025\/08\/26\/trajano-potentini-expone-desafios-de-la-ia-en-el-futuro-de-la-abogacia-dominicana\/"},"wordCount":391,"commentCount":0,"publisher":{"@id":"https:\/\/elglobal.do\/#organization"},"image":{"@id":"https:\/\/elglobal.do\/index.php\/2025\/08\/26\/trajano-potentini-expone-desafios-de-la-ia-en-el-futuro-de-la-abogacia-dominicana\/#primaryimage"},"thumbnailUrl":"https:\/\/elglobal.do\/wp-content\/uploads\/2025\/08\/Trajano.jpeg","keywords":["#CARD","#conferencia","#ElGlobalInformativo","#JusticiaDigital","#TrajanoPotentini"],"articleSection":["JUSTICIA","NACIONALES"],"inLanguage":"es","potentialAction":[{"@type":"CommentAction","name":"Comment","target":["https:\/\/elglobal.do\/index.php\/2025\/08\/26\/trajano-potentini-expone-desafios-de-la-ia-en-el-futuro-de-la-abogacia-dominicana\/#respond"]}]},{"@type":"WebPage","@id":"https:\/\/elglobal.do\/index.php\/2025\/08\/26\/trajano-potentini-expone-desafios-de-la-ia-en-el-futuro-de-la-abogacia-dominicana\/","url":"https:\/\/elglobal.do\/index.php\/2025\/08\/26\/trajano-potentini-expone-desafios-de-la-ia-en-el-futuro-de-la-abogacia-dominicana\/","name":"Trajano Potentini expone 'Desaf\u00edos de la IA en el Futuro de la Abogac\u00eda Dominicana' - EL GLOBAL INFORMATIVO","isPartOf":{"@id":"https:\/\/elglobal.do\/#website"},"primaryImageOfPage":{"@id":"https:\/\/elglobal.do\/index.php\/2025\/08\/26\/trajano-potentini-expone-desafios-de-la-ia-en-el-futuro-de-la-abogacia-dominicana\/#primaryimage"},"image":{"@id":"https:\/\/elglobal.do\/index.php\/2025\/08\/26\/trajano-potentini-expone-desafios-de-la-ia-en-el-futuro-de-la-abogacia-dominicana\/#primaryimage"},"thumbnailUrl":"https:\/\/elglobal.do\/wp-content\/uploads\/2025\/08\/Trajano.jpeg","datePublished":"2025-08-27T03:31:00+00:00","dateModified":"2025-08-27T15:25:47+00:00","breadcrumb":{"@id":"https:\/\/elglobal.do\/index.php\/2025\/08\/26\/trajano-potentini-expone-desafios-de-la-ia-en-el-futuro-de-la-abogacia-dominicana\/#breadcrumb"},"inLanguage":"es","potentialAction":[{"@type":"ReadAction","target":["https:\/\/elglobal.do\/index.php\/2025\/08\/26\/trajano-potentini-expone-desafios-de-la-ia-en-el-futuro-de-la-abogacia-dominicana\/"]}]},{"@type":"ImageObject","inLanguage":"es","@id":"https:\/\/elglobal.do\/index.php\/2025\/08\/26\/trajano-potentini-expone-desafios-de-la-ia-en-el-futuro-de-la-abogacia-dominicana\/#primaryimage","url":"https:\/\/elglobal.do\/wp-content\/uploads\/2025\/08\/Trajano.jpeg","contentUrl":"https:\/\/elglobal.do\/wp-content\/uploads\/2025\/08\/Trajano.jpeg","width":1163,"height":762},{"@type":"BreadcrumbList","@id":"https:\/\/elglobal.do\/index.php\/2025\/08\/26\/trajano-potentini-expone-desafios-de-la-ia-en-el-futuro-de-la-abogacia-dominicana\/#breadcrumb","itemListElement":[{"@type":"ListItem","position":1,"name":"Portada","item":"https:\/\/elglobal.do\/"},{"@type":"ListItem","position":2,"name":"Trajano Potentini expone &#8216;Desaf\u00edos de la IA en el Futuro de la Abogac\u00eda Dominicana&#8217;"}]},{"@type":"WebSite","@id":"https:\/\/elglobal.do\/#website","url":"https:\/\/elglobal.do\/","name":"EL GLOBAL INFORMATIVO","description":"Peri\u00f3dico digital de la Rep\u00fablica Dominicana que ofrece noticias, novedades, pol\u00edtica y las \u00faltimas actualidades, con informaci\u00f3n veraz y oportuna para mantenerte siempre informad","publisher":{"@id":"https:\/\/elglobal.do\/#organization"},"potentialAction":[{"@type":"SearchAction","target":{"@type":"EntryPoint","urlTemplate":"https:\/\/elglobal.do\/?s={search_term_string}"},"query-input":{"@type":"PropertyValueSpecification","valueRequired":true,"valueName":"search_term_string"}}],"inLanguage":"es"},{"@type":"Organization","@id":"https:\/\/elglobal.do\/#organization","name":"EL GLOBAL.DO INFORMATIVO","url":"https:\/\/elglobal.do\/","logo":{"@type":"ImageObject","inLanguage":"es","@id":"https:\/\/elglobal.do\/#\/schema\/logo\/image\/","url":"https:\/\/elglobal.do\/wp-content\/uploads\/2025\/08\/icon.png","contentUrl":"https:\/\/elglobal.do\/wp-content\/uploads\/2025\/08\/icon.png","width":512,"height":512,"caption":"EL GLOBAL.DO INFORMATIVO"},"image":{"@id":"https:\/\/elglobal.do\/#\/schema\/logo\/image\/"}},{"@type":"Person","@id":"https:\/\/elglobal.do\/#\/schema\/person\/0c97ec2c7714fb605d230c292f64d55f","name":"EL GLOBAL","image":{"@type":"ImageObject","inLanguage":"es","@id":"https:\/\/elglobal.do\/#\/schema\/person\/image\/","url":"https:\/\/secure.gravatar.com\/avatar\/081cfb6cf99faddc6f4e23a0c11ab98c5cf302925382d1c88dc3ed757ab910a3?s=96&d=mm&r=g","contentUrl":"https:\/\/secure.gravatar.com\/avatar\/081cfb6cf99faddc6f4e23a0c11ab98c5cf302925382d1c88dc3ed757ab910a3?s=96&d=mm&r=g","caption":"EL GLOBAL"},"description":"El Global Informativo es un peri\u00f3dico digital de Rep\u00fablica Dominicana que se dedica a cubrir temas importantes, como la pol\u00edtica local, geopol\u00edtica, econom\u00eda, tecnolog\u00eda, noticias internacionales y eventos relacionados con la gesti\u00f3n social, cultural y humana. Su objetivo principal es mantener a la poblaci\u00f3n informada, ofreciendo una visi\u00f3n amplia y actualizada de lo que sucede tanto en el pa\u00eds como en el mundo. Est\u00e1 dirigido por un grupo de periodistas experimentados, lo que garantiza la calidad y la precisi\u00f3n de la informaci\u00f3n que ofrecen. Tiene su sede en la ciudad de Santo Domingo y es parte integral del portafolio de la empresa, MC Global S.R.L.","sameAs":["https:\/\/elglobal.do","https:\/\/www.instagram.com\/elglobal.do_informativo\/"],"url":"https:\/\/elglobal.do\/index.php\/author\/elglobaluserpro\/"}]}},"jetpack_featured_media_url":"https:\/\/elglobal.do\/wp-content\/uploads\/2025\/08\/Trajano.jpeg","jetpack_sharing_enabled":true,"_links":{"self":[{"href":"https:\/\/elglobal.do\/index.php\/wp-json\/wp\/v2\/posts\/1603","targetHints":{"allow":["GET"]}}],"collection":[{"href":"https:\/\/elglobal.do\/index.php\/wp-json\/wp\/v2\/posts"}],"about":[{"href":"https:\/\/elglobal.do\/index.php\/wp-json\/wp\/v2\/types\/post"}],"author":[{"embeddable":true,"href":"https:\/\/elglobal.do\/index.php\/wp-json\/wp\/v2\/users\/1"}],"replies":[{"embeddable":true,"href":"https:\/\/elglobal.do\/index.php\/wp-json\/wp\/v2\/comments?post=1603"}],"version-history":[{"count":5,"href":"https:\/\/elglobal.do\/index.php\/wp-json\/wp\/v2\/posts\/1603\/revisions"}],"predecessor-version":[{"id":1622,"href":"https:\/\/elglobal.do\/index.php\/wp-json\/wp\/v2\/posts\/1603\/revisions\/1622"}],"wp:featuredmedia":[{"embeddable":true,"href":"https:\/\/elglobal.do\/index.php\/wp-json\/wp\/v2\/media\/1604"}],"wp:attachment":[{"href":"https:\/\/elglobal.do\/index.php\/wp-json\/wp\/v2\/media?parent=1603"}],"wp:term":[{"taxonomy":"category","embeddable":true,"href":"https:\/\/elglobal.do\/index.php\/wp-json\/wp\/v2\/categories?post=1603"},{"taxonomy":"post_tag","embeddable":true,"href":"https:\/\/elglobal.do\/index.php\/wp-json\/wp\/v2\/tags?post=1603"}],"curies":[{"name":"wp","href":"https:\/\/api.w.org\/{rel}","templated":true}]}}