{"id":1712,"date":"2025-08-29T13:24:22","date_gmt":"2025-08-29T17:24:22","guid":{"rendered":"https:\/\/elglobal.do\/?p=1712"},"modified":"2025-08-29T16:56:15","modified_gmt":"2025-08-29T20:56:15","slug":"aguaceros-en-varias-provincias-este-viernes-por-incidencia-de-una-vaguada","status":"publish","type":"post","link":"https:\/\/elglobal.do\/index.php\/2025\/08\/29\/aguaceros-en-varias-provincias-este-viernes-por-incidencia-de-una-vaguada\/","title":{"rendered":"Aguaceros en varias provincias este viernes por incidencia de una vaguada"},"content":{"rendered":"\n<figure class=\"wp-block-image size-large\"><img loading=\"lazy\" decoding=\"async\" width=\"1024\" height=\"683\" src=\"https:\/\/elglobal.do\/wp-content\/uploads\/2025\/08\/image-64-1024x683.png\" alt=\"\" class=\"wp-image-1714\" srcset=\"https:\/\/elglobal.do\/wp-content\/uploads\/2025\/08\/image-64-1024x683.png 1024w, https:\/\/elglobal.do\/wp-content\/uploads\/2025\/08\/image-64-300x200.png 300w, https:\/\/elglobal.do\/wp-content\/uploads\/2025\/08\/image-64-768x512.png 768w, https:\/\/elglobal.do\/wp-content\/uploads\/2025\/08\/image-64-1536x1025.png 1536w, https:\/\/elglobal.do\/wp-content\/uploads\/2025\/08\/image-64.png 2048w\" sizes=\"auto, (max-width: 1024px) 100vw, 1024px\" \/><\/figure>\n\n\n\n<p><strong>Santo Domingo.-<\/strong>El Instituto Dominicano de Meteorolog\u00eda (<strong>Indomet<\/strong>) inform\u00f3 que este viernes las\u00a0<strong>condiciones del tiempo<\/strong>\u00a0en el territorio nacional continuar\u00e1n influenciadas por una\u00a0<strong>vaguada<\/strong>\u00a0en los niveles altos de la troposfera, combinada con la\u00a0<strong>humedad<\/strong>\u00a0dejada por el paso de una\u00a0<strong>onda tropical<\/strong>.<\/p>\n\n\n\n<p>Durante la tarde las precipitaciones ser\u00e1n en forma de\u00a0<strong>aguaceros<\/strong>\u00a0moderados a fuertes,\u00a0<strong>tormentas el\u00e9ctricas<\/strong>,\u00a0<strong>r\u00e1fagas de viento<\/strong>\u00a0y posibles granizadas, en poblados de\u00a0<strong>La Vega<\/strong>,\u00a0<strong>San Juan<\/strong>, El\u00edas Pi\u00f1a, Dajab\u00f3n,\u00a0<strong>Santiago<\/strong>\u00a0Rodr\u00edguez, Valverde, Puerto Plata,\u00a0<strong>Santiago<\/strong>\u00a0y Azua, entre otras cercanas.<\/p>\n\n\n\n<p>\u00abMa\u00f1ana, s\u00e1bado, la interacci\u00f3n de la\u00a0<strong>vaguada<\/strong>\u00a0en los niveles altos de la troposfera con la aproximaci\u00f3n de una\u00a0<strong>onda tropical<\/strong>\u00a0estar\u00e1n generando a partir del mediod\u00eda\u00a0<strong>aguaceros<\/strong>\u00a0locales,\u00a0<strong>tormentas el\u00e9ctricas<\/strong>\u00a0y\u00a0<strong>r\u00e1fagas de viento<\/strong>, sobre varias localidades\u00bb, seg\u00fan el pron\u00f3stico.<\/p>\n\n\n\n<p>Las&nbsp;<strong>lluvias<\/strong>&nbsp;del s\u00e1bado ser\u00edan sobre&nbsp;<strong>Monse\u00f1or Nouel<\/strong>,&nbsp;<strong>La Vega<\/strong>,&nbsp;<strong>Santiago<\/strong>,&nbsp;<strong>San Juan<\/strong>, El\u00edas Pi\u00f1a, Azua, Dajab\u00f3n y&nbsp;<strong>Santiago<\/strong>&nbsp;Rodr\u00edguez, entre otras zonas aleda\u00f1as.<\/p>\n\n\n\n<p>En sectores de Monte Plata,&nbsp;<strong>Santo Domingo<\/strong>, Hato Mayor, El Seibo, La Altagracia y La Romana se producir\u00e1n algunos&nbsp;<strong>chubascos<\/strong>&nbsp;locales (<strong>lluvias<\/strong>&nbsp;pasajeras) con&nbsp;<strong>tronadas<\/strong>&nbsp;aisladas, especialmente en horas de la tarde.<\/p>\n\n\n\n<h2 class=\"wp-block-heading\">Calor<\/h2>\n\n\n\n<p>El&nbsp;<strong>Indomet<\/strong>&nbsp;reiter\u00f3 las recomendaciones ante las&nbsp;<strong>altas temperaturas<\/strong>&nbsp;que persisten en gran parte del pa\u00eds.<\/p>\n\n\n\n<p>Sugiere a la poblaci\u00f3n&nbsp;<strong>mantenerse hidratada<\/strong>, vestir&nbsp;<strong>ropa ligera<\/strong>&nbsp;de colores claros, buscar lugares frescos y ventilados, y evitar la exposici\u00f3n directa al sol, especialmente, entre las 11:00 de la ma\u00f1ana y 4:00 de la tarde.<\/p>\n\n\n\n<p>La&nbsp;<strong>temperatura m\u00ednima<\/strong>&nbsp;estar\u00e1 entre&nbsp;<strong>22 \u00b0C<\/strong>&nbsp;y&nbsp;<strong>24 \u00b0C<\/strong>&nbsp;y la m\u00e1xima entre&nbsp;<strong>33 \u00b0C<\/strong>&nbsp;y&nbsp;<strong>35 \u00b0C<\/strong>.<\/p>\n\n\n\n<p><\/p>\n","protected":false},"excerpt":{"rendered":"<p>Santo Domingo.-El Instituto Dominicano de Meteorolog\u00eda (Indomet) inform\u00f3 que este viernes las\u00a0condiciones del tiempo\u00a0en el territorio nacional continuar\u00e1n influenciadas por una\u00a0vaguada\u00a0en los niveles altos de la troposfera, combinada con la\u00a0humedad\u00a0dejada&hellip; <\/p>\n","protected":false},"author":1,"featured_media":1714,"comment_status":"open","ping_status":"open","sticky":false,"template":"","format":"standard","meta":{"_jetpack_memberships_contains_paid_content":false,"footnotes":""},"categories":[120,14],"tags":[86,311,121,834],"class_list":["post-1712","post","type-post","status-publish","format-standard","has-post-thumbnail","hentry","category-clima","category-slider","tag-aguaceros","tag-calor","tag-clima","tag-vaguada"],"yoast_head":"<!-- This site is optimized with the Yoast SEO plugin v26.9 - https:\/\/yoast.com\/product\/yoast-seo-wordpress\/ -->\n<title>Aguaceros en varias provincias este viernes por incidencia de una vaguada - EL GLOBAL INFORMATIVO<\/title>\n<meta name=\"robots\" content=\"index, follow, max-snippet:-1, max-image-preview:large, max-video-preview:-1\" \/>\n<link rel=\"canonical\" href=\"https:\/\/elglobal.do\/index.php\/2025\/08\/29\/aguaceros-en-varias-provincias-este-viernes-por-incidencia-de-una-vaguada\/\" \/>\n<meta property=\"og:locale\" content=\"es_ES\" \/>\n<meta property=\"og:type\" content=\"article\" \/>\n<meta property=\"og:title\" content=\"Aguaceros en varias provincias este viernes por incidencia de una vaguada - EL GLOBAL INFORMATIVO\" \/>\n<meta property=\"og:description\" content=\"Santo Domingo.-El Instituto Dominicano de Meteorolog\u00eda (Indomet) inform\u00f3 que este viernes las\u00a0condiciones del tiempo\u00a0en el territorio nacional continuar\u00e1n influenciadas por una\u00a0vaguada\u00a0en los niveles altos de la troposfera, combinada con la\u00a0humedad\u00a0dejada&hellip;\" \/>\n<meta property=\"og:url\" content=\"https:\/\/elglobal.do\/index.php\/2025\/08\/29\/aguaceros-en-varias-provincias-este-viernes-por-incidencia-de-una-vaguada\/\" \/>\n<meta property=\"og:site_name\" content=\"EL GLOBAL INFORMATIVO\" \/>\n<meta property=\"article:published_time\" content=\"2025-08-29T17:24:22+00:00\" \/>\n<meta property=\"article:modified_time\" content=\"2025-08-29T20:56:15+00:00\" \/>\n<meta property=\"og:image\" content=\"https:\/\/elglobal.do\/wp-content\/uploads\/2025\/08\/image-64-1024x683.png\" \/>\n\t<meta property=\"og:image:width\" content=\"1024\" \/>\n\t<meta property=\"og:image:height\" content=\"683\" \/>\n\t<meta property=\"og:image:type\" content=\"image\/png\" \/>\n<meta name=\"author\" content=\"EL GLOBAL\" \/>\n<meta name=\"twitter:card\" content=\"summary_large_image\" \/>\n<meta name=\"twitter:label1\" content=\"Escrito por\" \/>\n\t<meta name=\"twitter:data1\" content=\"EL GLOBAL\" \/>\n\t<meta name=\"twitter:label2\" content=\"Tiempo de lectura\" \/>\n\t<meta name=\"twitter:data2\" content=\"2 minutos\" \/>\n<script type=\"application\/ld+json\" class=\"yoast-schema-graph\">{\"@context\":\"https:\/\/schema.org\",\"@graph\":[{\"@type\":\"Article\",\"@id\":\"https:\/\/elglobal.do\/index.php\/2025\/08\/29\/aguaceros-en-varias-provincias-este-viernes-por-incidencia-de-una-vaguada\/#article\",\"isPartOf\":{\"@id\":\"https:\/\/elglobal.do\/index.php\/2025\/08\/29\/aguaceros-en-varias-provincias-este-viernes-por-incidencia-de-una-vaguada\/\"},\"author\":{\"name\":\"EL GLOBAL\",\"@id\":\"https:\/\/elglobal.do\/#\/schema\/person\/0c97ec2c7714fb605d230c292f64d55f\"},\"headline\":\"Aguaceros en varias provincias este viernes por incidencia de una vaguada\",\"datePublished\":\"2025-08-29T17:24:22+00:00\",\"dateModified\":\"2025-08-29T20:56:15+00:00\",\"mainEntityOfPage\":{\"@id\":\"https:\/\/elglobal.do\/index.php\/2025\/08\/29\/aguaceros-en-varias-provincias-este-viernes-por-incidencia-de-una-vaguada\/\"},\"wordCount\":324,\"commentCount\":0,\"publisher\":{\"@id\":\"https:\/\/elglobal.do\/#organization\"},\"image\":{\"@id\":\"https:\/\/elglobal.do\/index.php\/2025\/08\/29\/aguaceros-en-varias-provincias-este-viernes-por-incidencia-de-una-vaguada\/#primaryimage\"},\"thumbnailUrl\":\"https:\/\/elglobal.do\/wp-content\/uploads\/2025\/08\/image-64.png\",\"keywords\":[\"#Aguaceros\",\"#Calor\",\"#Clima\",\"#Vaguada\"],\"articleSection\":[\"CLIMA\",\"NOTICIAS RELEVANTES\"],\"inLanguage\":\"es\",\"potentialAction\":[{\"@type\":\"CommentAction\",\"name\":\"Comment\",\"target\":[\"https:\/\/elglobal.do\/index.php\/2025\/08\/29\/aguaceros-en-varias-provincias-este-viernes-por-incidencia-de-una-vaguada\/#respond\"]}]},{\"@type\":\"WebPage\",\"@id\":\"https:\/\/elglobal.do\/index.php\/2025\/08\/29\/aguaceros-en-varias-provincias-este-viernes-por-incidencia-de-una-vaguada\/\",\"url\":\"https:\/\/elglobal.do\/index.php\/2025\/08\/29\/aguaceros-en-varias-provincias-este-viernes-por-incidencia-de-una-vaguada\/\",\"name\":\"Aguaceros en varias provincias este viernes por incidencia de una vaguada - EL GLOBAL INFORMATIVO\",\"isPartOf\":{\"@id\":\"https:\/\/elglobal.do\/#website\"},\"primaryImageOfPage\":{\"@id\":\"https:\/\/elglobal.do\/index.php\/2025\/08\/29\/aguaceros-en-varias-provincias-este-viernes-por-incidencia-de-una-vaguada\/#primaryimage\"},\"image\":{\"@id\":\"https:\/\/elglobal.do\/index.php\/2025\/08\/29\/aguaceros-en-varias-provincias-este-viernes-por-incidencia-de-una-vaguada\/#primaryimage\"},\"thumbnailUrl\":\"https:\/\/elglobal.do\/wp-content\/uploads\/2025\/08\/image-64.png\",\"datePublished\":\"2025-08-29T17:24:22+00:00\",\"dateModified\":\"2025-08-29T20:56:15+00:00\",\"breadcrumb\":{\"@id\":\"https:\/\/elglobal.do\/index.php\/2025\/08\/29\/aguaceros-en-varias-provincias-este-viernes-por-incidencia-de-una-vaguada\/#breadcrumb\"},\"inLanguage\":\"es\",\"potentialAction\":[{\"@type\":\"ReadAction\",\"target\":[\"https:\/\/elglobal.do\/index.php\/2025\/08\/29\/aguaceros-en-varias-provincias-este-viernes-por-incidencia-de-una-vaguada\/\"]}]},{\"@type\":\"ImageObject\",\"inLanguage\":\"es\",\"@id\":\"https:\/\/elglobal.do\/index.php\/2025\/08\/29\/aguaceros-en-varias-provincias-este-viernes-por-incidencia-de-una-vaguada\/#primaryimage\",\"url\":\"https:\/\/elglobal.do\/wp-content\/uploads\/2025\/08\/image-64.png\",\"contentUrl\":\"https:\/\/elglobal.do\/wp-content\/uploads\/2025\/08\/image-64.png\",\"width\":2048,\"height\":1366},{\"@type\":\"BreadcrumbList\",\"@id\":\"https:\/\/elglobal.do\/index.php\/2025\/08\/29\/aguaceros-en-varias-provincias-este-viernes-por-incidencia-de-una-vaguada\/#breadcrumb\",\"itemListElement\":[{\"@type\":\"ListItem\",\"position\":1,\"name\":\"Portada\",\"item\":\"https:\/\/elglobal.do\/\"},{\"@type\":\"ListItem\",\"position\":2,\"name\":\"Aguaceros en varias provincias este viernes por incidencia de una vaguada\"}]},{\"@type\":\"WebSite\",\"@id\":\"https:\/\/elglobal.do\/#website\",\"url\":\"https:\/\/elglobal.do\/\",\"name\":\"EL GLOBAL INFORMATIVO\",\"description\":\"Peri\u00f3dico digital de la Rep\u00fablica Dominicana que ofrece noticias, novedades, pol\u00edtica y las \u00faltimas actualidades, con informaci\u00f3n veraz y oportuna para mantenerte siempre informad\",\"publisher\":{\"@id\":\"https:\/\/elglobal.do\/#organization\"},\"potentialAction\":[{\"@type\":\"SearchAction\",\"target\":{\"@type\":\"EntryPoint\",\"urlTemplate\":\"https:\/\/elglobal.do\/?s={search_term_string}\"},\"query-input\":{\"@type\":\"PropertyValueSpecification\",\"valueRequired\":true,\"valueName\":\"search_term_string\"}}],\"inLanguage\":\"es\"},{\"@type\":\"Organization\",\"@id\":\"https:\/\/elglobal.do\/#organization\",\"name\":\"EL GLOBAL.DO INFORMATIVO\",\"url\":\"https:\/\/elglobal.do\/\",\"logo\":{\"@type\":\"ImageObject\",\"inLanguage\":\"es\",\"@id\":\"https:\/\/elglobal.do\/#\/schema\/logo\/image\/\",\"url\":\"https:\/\/elglobal.do\/wp-content\/uploads\/2025\/08\/icon.png\",\"contentUrl\":\"https:\/\/elglobal.do\/wp-content\/uploads\/2025\/08\/icon.png\",\"width\":512,\"height\":512,\"caption\":\"EL GLOBAL.DO INFORMATIVO\"},\"image\":{\"@id\":\"https:\/\/elglobal.do\/#\/schema\/logo\/image\/\"}},{\"@type\":\"Person\",\"@id\":\"https:\/\/elglobal.do\/#\/schema\/person\/0c97ec2c7714fb605d230c292f64d55f\",\"name\":\"EL GLOBAL\",\"image\":{\"@type\":\"ImageObject\",\"inLanguage\":\"es\",\"@id\":\"https:\/\/elglobal.do\/#\/schema\/person\/image\/\",\"url\":\"https:\/\/secure.gravatar.com\/avatar\/081cfb6cf99faddc6f4e23a0c11ab98c5cf302925382d1c88dc3ed757ab910a3?s=96&d=mm&r=g\",\"contentUrl\":\"https:\/\/secure.gravatar.com\/avatar\/081cfb6cf99faddc6f4e23a0c11ab98c5cf302925382d1c88dc3ed757ab910a3?s=96&d=mm&r=g\",\"caption\":\"EL GLOBAL\"},\"description\":\"El Global Informativo es un peri\u00f3dico digital de Rep\u00fablica Dominicana que se dedica a cubrir temas importantes, como la pol\u00edtica local, geopol\u00edtica, econom\u00eda, tecnolog\u00eda, noticias internacionales y eventos relacionados con la gesti\u00f3n social, cultural y humana. Su objetivo principal es mantener a la poblaci\u00f3n informada, ofreciendo una visi\u00f3n amplia y actualizada de lo que sucede tanto en el pa\u00eds como en el mundo. Est\u00e1 dirigido por un grupo de periodistas experimentados, lo que garantiza la calidad y la precisi\u00f3n de la informaci\u00f3n que ofrecen. Tiene su sede en la ciudad de Santo Domingo y es parte integral del portafolio de la empresa, MC Global S.R.L.\",\"sameAs\":[\"https:\/\/elglobal.do\",\"https:\/\/www.instagram.com\/elglobal.do_informativo\/\"],\"url\":\"https:\/\/elglobal.do\/index.php\/author\/elglobaluserpro\/\"}]}<\/script>\n<!-- \/ Yoast SEO plugin. -->","yoast_head_json":{"title":"Aguaceros en varias provincias este viernes por incidencia de una vaguada - EL GLOBAL INFORMATIVO","robots":{"index":"index","follow":"follow","max-snippet":"max-snippet:-1","max-image-preview":"max-image-preview:large","max-video-preview":"max-video-preview:-1"},"canonical":"https:\/\/elglobal.do\/index.php\/2025\/08\/29\/aguaceros-en-varias-provincias-este-viernes-por-incidencia-de-una-vaguada\/","og_locale":"es_ES","og_type":"article","og_title":"Aguaceros en varias provincias este viernes por incidencia de una vaguada - EL GLOBAL INFORMATIVO","og_description":"Santo Domingo.-El Instituto Dominicano de Meteorolog\u00eda (Indomet) inform\u00f3 que este viernes las\u00a0condiciones del tiempo\u00a0en el territorio nacional continuar\u00e1n influenciadas por una\u00a0vaguada\u00a0en los niveles altos de la troposfera, combinada con la\u00a0humedad\u00a0dejada&hellip;","og_url":"https:\/\/elglobal.do\/index.php\/2025\/08\/29\/aguaceros-en-varias-provincias-este-viernes-por-incidencia-de-una-vaguada\/","og_site_name":"EL GLOBAL INFORMATIVO","article_published_time":"2025-08-29T17:24:22+00:00","article_modified_time":"2025-08-29T20:56:15+00:00","og_image":[{"width":1024,"height":683,"url":"https:\/\/elglobal.do\/wp-content\/uploads\/2025\/08\/image-64-1024x683.png","type":"image\/png"}],"author":"EL GLOBAL","twitter_card":"summary_large_image","twitter_misc":{"Escrito por":"EL GLOBAL","Tiempo de lectura":"2 minutos"},"schema":{"@context":"https:\/\/schema.org","@graph":[{"@type":"Article","@id":"https:\/\/elglobal.do\/index.php\/2025\/08\/29\/aguaceros-en-varias-provincias-este-viernes-por-incidencia-de-una-vaguada\/#article","isPartOf":{"@id":"https:\/\/elglobal.do\/index.php\/2025\/08\/29\/aguaceros-en-varias-provincias-este-viernes-por-incidencia-de-una-vaguada\/"},"author":{"name":"EL GLOBAL","@id":"https:\/\/elglobal.do\/#\/schema\/person\/0c97ec2c7714fb605d230c292f64d55f"},"headline":"Aguaceros en varias provincias este viernes por incidencia de una vaguada","datePublished":"2025-08-29T17:24:22+00:00","dateModified":"2025-08-29T20:56:15+00:00","mainEntityOfPage":{"@id":"https:\/\/elglobal.do\/index.php\/2025\/08\/29\/aguaceros-en-varias-provincias-este-viernes-por-incidencia-de-una-vaguada\/"},"wordCount":324,"commentCount":0,"publisher":{"@id":"https:\/\/elglobal.do\/#organization"},"image":{"@id":"https:\/\/elglobal.do\/index.php\/2025\/08\/29\/aguaceros-en-varias-provincias-este-viernes-por-incidencia-de-una-vaguada\/#primaryimage"},"thumbnailUrl":"https:\/\/elglobal.do\/wp-content\/uploads\/2025\/08\/image-64.png","keywords":["#Aguaceros","#Calor","#Clima","#Vaguada"],"articleSection":["CLIMA","NOTICIAS RELEVANTES"],"inLanguage":"es","potentialAction":[{"@type":"CommentAction","name":"Comment","target":["https:\/\/elglobal.do\/index.php\/2025\/08\/29\/aguaceros-en-varias-provincias-este-viernes-por-incidencia-de-una-vaguada\/#respond"]}]},{"@type":"WebPage","@id":"https:\/\/elglobal.do\/index.php\/2025\/08\/29\/aguaceros-en-varias-provincias-este-viernes-por-incidencia-de-una-vaguada\/","url":"https:\/\/elglobal.do\/index.php\/2025\/08\/29\/aguaceros-en-varias-provincias-este-viernes-por-incidencia-de-una-vaguada\/","name":"Aguaceros en varias provincias este viernes por incidencia de una vaguada - EL GLOBAL INFORMATIVO","isPartOf":{"@id":"https:\/\/elglobal.do\/#website"},"primaryImageOfPage":{"@id":"https:\/\/elglobal.do\/index.php\/2025\/08\/29\/aguaceros-en-varias-provincias-este-viernes-por-incidencia-de-una-vaguada\/#primaryimage"},"image":{"@id":"https:\/\/elglobal.do\/index.php\/2025\/08\/29\/aguaceros-en-varias-provincias-este-viernes-por-incidencia-de-una-vaguada\/#primaryimage"},"thumbnailUrl":"https:\/\/elglobal.do\/wp-content\/uploads\/2025\/08\/image-64.png","datePublished":"2025-08-29T17:24:22+00:00","dateModified":"2025-08-29T20:56:15+00:00","breadcrumb":{"@id":"https:\/\/elglobal.do\/index.php\/2025\/08\/29\/aguaceros-en-varias-provincias-este-viernes-por-incidencia-de-una-vaguada\/#breadcrumb"},"inLanguage":"es","potentialAction":[{"@type":"ReadAction","target":["https:\/\/elglobal.do\/index.php\/2025\/08\/29\/aguaceros-en-varias-provincias-este-viernes-por-incidencia-de-una-vaguada\/"]}]},{"@type":"ImageObject","inLanguage":"es","@id":"https:\/\/elglobal.do\/index.php\/2025\/08\/29\/aguaceros-en-varias-provincias-este-viernes-por-incidencia-de-una-vaguada\/#primaryimage","url":"https:\/\/elglobal.do\/wp-content\/uploads\/2025\/08\/image-64.png","contentUrl":"https:\/\/elglobal.do\/wp-content\/uploads\/2025\/08\/image-64.png","width":2048,"height":1366},{"@type":"BreadcrumbList","@id":"https:\/\/elglobal.do\/index.php\/2025\/08\/29\/aguaceros-en-varias-provincias-este-viernes-por-incidencia-de-una-vaguada\/#breadcrumb","itemListElement":[{"@type":"ListItem","position":1,"name":"Portada","item":"https:\/\/elglobal.do\/"},{"@type":"ListItem","position":2,"name":"Aguaceros en varias provincias este viernes por incidencia de una vaguada"}]},{"@type":"WebSite","@id":"https:\/\/elglobal.do\/#website","url":"https:\/\/elglobal.do\/","name":"EL GLOBAL INFORMATIVO","description":"Peri\u00f3dico digital de la Rep\u00fablica Dominicana que ofrece noticias, novedades, pol\u00edtica y las \u00faltimas actualidades, con informaci\u00f3n veraz y oportuna para mantenerte siempre informad","publisher":{"@id":"https:\/\/elglobal.do\/#organization"},"potentialAction":[{"@type":"SearchAction","target":{"@type":"EntryPoint","urlTemplate":"https:\/\/elglobal.do\/?s={search_term_string}"},"query-input":{"@type":"PropertyValueSpecification","valueRequired":true,"valueName":"search_term_string"}}],"inLanguage":"es"},{"@type":"Organization","@id":"https:\/\/elglobal.do\/#organization","name":"EL GLOBAL.DO INFORMATIVO","url":"https:\/\/elglobal.do\/","logo":{"@type":"ImageObject","inLanguage":"es","@id":"https:\/\/elglobal.do\/#\/schema\/logo\/image\/","url":"https:\/\/elglobal.do\/wp-content\/uploads\/2025\/08\/icon.png","contentUrl":"https:\/\/elglobal.do\/wp-content\/uploads\/2025\/08\/icon.png","width":512,"height":512,"caption":"EL GLOBAL.DO INFORMATIVO"},"image":{"@id":"https:\/\/elglobal.do\/#\/schema\/logo\/image\/"}},{"@type":"Person","@id":"https:\/\/elglobal.do\/#\/schema\/person\/0c97ec2c7714fb605d230c292f64d55f","name":"EL GLOBAL","image":{"@type":"ImageObject","inLanguage":"es","@id":"https:\/\/elglobal.do\/#\/schema\/person\/image\/","url":"https:\/\/secure.gravatar.com\/avatar\/081cfb6cf99faddc6f4e23a0c11ab98c5cf302925382d1c88dc3ed757ab910a3?s=96&d=mm&r=g","contentUrl":"https:\/\/secure.gravatar.com\/avatar\/081cfb6cf99faddc6f4e23a0c11ab98c5cf302925382d1c88dc3ed757ab910a3?s=96&d=mm&r=g","caption":"EL GLOBAL"},"description":"El Global Informativo es un peri\u00f3dico digital de Rep\u00fablica Dominicana que se dedica a cubrir temas importantes, como la pol\u00edtica local, geopol\u00edtica, econom\u00eda, tecnolog\u00eda, noticias internacionales y eventos relacionados con la gesti\u00f3n social, cultural y humana. Su objetivo principal es mantener a la poblaci\u00f3n informada, ofreciendo una visi\u00f3n amplia y actualizada de lo que sucede tanto en el pa\u00eds como en el mundo. Est\u00e1 dirigido por un grupo de periodistas experimentados, lo que garantiza la calidad y la precisi\u00f3n de la informaci\u00f3n que ofrecen. Tiene su sede en la ciudad de Santo Domingo y es parte integral del portafolio de la empresa, MC Global S.R.L.","sameAs":["https:\/\/elglobal.do","https:\/\/www.instagram.com\/elglobal.do_informativo\/"],"url":"https:\/\/elglobal.do\/index.php\/author\/elglobaluserpro\/"}]}},"jetpack_featured_media_url":"https:\/\/elglobal.do\/wp-content\/uploads\/2025\/08\/image-64.png","jetpack_sharing_enabled":true,"_links":{"self":[{"href":"https:\/\/elglobal.do\/index.php\/wp-json\/wp\/v2\/posts\/1712","targetHints":{"allow":["GET"]}}],"collection":[{"href":"https:\/\/elglobal.do\/index.php\/wp-json\/wp\/v2\/posts"}],"about":[{"href":"https:\/\/elglobal.do\/index.php\/wp-json\/wp\/v2\/types\/post"}],"author":[{"embeddable":true,"href":"https:\/\/elglobal.do\/index.php\/wp-json\/wp\/v2\/users\/1"}],"replies":[{"embeddable":true,"href":"https:\/\/elglobal.do\/index.php\/wp-json\/wp\/v2\/comments?post=1712"}],"version-history":[{"count":1,"href":"https:\/\/elglobal.do\/index.php\/wp-json\/wp\/v2\/posts\/1712\/revisions"}],"predecessor-version":[{"id":1715,"href":"https:\/\/elglobal.do\/index.php\/wp-json\/wp\/v2\/posts\/1712\/revisions\/1715"}],"wp:featuredmedia":[{"embeddable":true,"href":"https:\/\/elglobal.do\/index.php\/wp-json\/wp\/v2\/media\/1714"}],"wp:attachment":[{"href":"https:\/\/elglobal.do\/index.php\/wp-json\/wp\/v2\/media?parent=1712"}],"wp:term":[{"taxonomy":"category","embeddable":true,"href":"https:\/\/elglobal.do\/index.php\/wp-json\/wp\/v2\/categories?post=1712"},{"taxonomy":"post_tag","embeddable":true,"href":"https:\/\/elglobal.do\/index.php\/wp-json\/wp\/v2\/tags?post=1712"}],"curies":[{"name":"wp","href":"https:\/\/api.w.org\/{rel}","templated":true}]}}