{"id":1713,"date":"2025-08-29T13:37:19","date_gmt":"2025-08-29T17:37:19","guid":{"rendered":"https:\/\/elglobal.do\/?p=1713"},"modified":"2025-09-08T22:42:01","modified_gmt":"2025-09-09T02:42:01","slug":"moderna-universidad-isa-es-una-vision-del-presidente-abinader-para-el-verdadero-desarrollo-economico-y-social-de-la-region-sur","status":"publish","type":"post","link":"https:\/\/elglobal.do\/index.php\/2025\/08\/29\/moderna-universidad-isa-es-una-vision-del-presidente-abinader-para-el-verdadero-desarrollo-economico-y-social-de-la-region-sur\/","title":{"rendered":"Moderna Universidad ISA es una visi\u00f3n del presidente Abinader para el verdadero desarrollo econ\u00f3mico y social de la regi\u00f3n Sur"},"content":{"rendered":"\n<p><em>La construcci\u00f3n se inici\u00f3 en el a\u00f1o 2022 y se inaugur\u00f3 en el 2024. Estudiantes de las provincias de Bahoruco y San Juan encabezan la matr\u00edcula de la alta casa de estudio.<\/em><\/p>\n\n\n\n<p><\/p>\n\n\n\n<figure class=\"wp-block-image size-large\"><img loading=\"lazy\" decoding=\"async\" width=\"1024\" height=\"686\" src=\"https:\/\/elglobal.do\/wp-content\/uploads\/2025\/08\/Ministro-2-1024x686.jpeg\" alt=\"\" class=\"wp-image-1718\" srcset=\"https:\/\/elglobal.do\/wp-content\/uploads\/2025\/08\/Ministro-2-1024x686.jpeg 1024w, https:\/\/elglobal.do\/wp-content\/uploads\/2025\/08\/Ministro-2-300x201.jpeg 300w, https:\/\/elglobal.do\/wp-content\/uploads\/2025\/08\/Ministro-2-768x515.jpeg 768w, https:\/\/elglobal.do\/wp-content\/uploads\/2025\/08\/Ministro-2.jpeg 1280w\" sizes=\"auto, (max-width: 1024px) 100vw, 1024px\" \/><\/figure>\n\n\n\n<p><strong>San Juan. \u2014<\/strong> <strong>La reci\u00e9n inaugurada Universidad ISA<a> <\/a>(UNISA)<\/strong>, en el municipio Bohech\u00edo de la provincia de San Juan, materializa la visi\u00f3n del presidente Luis Abinader de convertir la educaci\u00f3n superior en motor de desarrollo econ\u00f3mico y social para la regi\u00f3n Sur.<\/p>\n\n\n\n<p>En una visita al recinto que realiz\u00f3 el ministro administrativo de la Presidencia, Andr\u00e9s Bautista, afirm\u00f3 que el moderno recinto de la Universidad ISA (UNISA), en Bohech\u00edo, fue construido por la Empresa de Generaci\u00f3n Hidroel\u00e9ctrica Dominicana <strong>(EGEHID)<\/strong>, en virtud de un acuerdo interinstitucional suscrito con la academia en 2022.<\/p>\n\n\n\n<p>La inauguraci\u00f3n de este centro universitario se realiz\u00f3 el pasado 23 de febrero de 2024, tras <strong>una inversi\u00f3n que ascendi\u00f3 a RD$654,810,795.00 <\/strong>y que permiti\u00f3 no solo la construcci\u00f3n de nuevas infraestructuras, sino tambi\u00e9n la adecuaci\u00f3n de instalaciones y el equipamiento de aulas, laboratorios y residencias estudiantiles.<\/p>\n\n\n\n<p>El funcionario precis\u00f3 que <strong>EGEHID<\/strong> cedi\u00f3 en usufructo varios terrenos e instalaciones a la Universidad ISA, incluyendo espacios del antiguo campamento utilizado en la construcci\u00f3n de la hidroel\u00e9ctrica Palomino, que se adaptaron para alojamientos de estudiantes, profesores y personal administrativo.<\/p>\n\n\n\n<p>El vicerrector del Recinto, Manuel Sena, destac\u00f3 el potencial de la Universidad ISA para transformar la educaci\u00f3n superior en la zona sur del pa\u00eds.<\/p>\n\n\n\n<p>Resalt\u00f3 el r\u00e1pido crecimiento y acogida que ha tenido la nueva sede desde su inauguraci\u00f3n el 23 de febrero de 2024. La construcci\u00f3n del recinto, que inici\u00f3 en febrero de 2022, permiti\u00f3 recibir a su primer grupo de 65 estudiantes provenientes de la sede principal en Santiago. En apenas ocho meses, la capacidad m\u00e1xima de alojamiento, de 400 estudiantes, se alcanz\u00f3, dejando a 200 j\u00f3venes de familias vulnerables fuera por falta de espacio, mientras otros 100 aspirantes se preparan para ingresar en la pr\u00f3xima matr\u00edcula de septiembre.<\/p>\n\n\n\n<p>Adem\u00e1s del impacto acad\u00e9mico, el vicerrector indic\u00f3 el efecto socioecon\u00f3mico del recinto en la comunidad de Bohech\u00edo, donde se han generado alrededor de 40 empleos fijos, de los cuales el 75% son ocupados por residentes del municipio. Tambi\u00e9n se ha consolidado una red de proveedores agropecuarios locales que abastece gran parte de la alimentaci\u00f3n de los estudiantes, posicionando al recinto no solo como un centro educativo, sino como un motor de desarrollo local.<\/p>\n\n\n\n<p><strong>Matr\u00edcula ISA<\/strong><\/p>\n\n\n\n<p>Por su parte, Junior Ubri, director acad\u00e9mico, resalt\u00f3 que el enfoque principal de la instituci\u00f3n est\u00e1 en el desarrollo regional, formando profesionales que fortalezcan la cadena de valor agroalimentaria, con \u00e9nfasis en provincias del sur con \u00e9nfasis en Pedernales.<\/p>\n\n\n\n<p>Explic\u00f3 que la <strong>Universidad ISA<\/strong> reporta que la mayor\u00eda de sus estudiantes se concentran en carreras t\u00e9cnicas: T\u00e9cnico de Producci\u00f3n Agr\u00edcola con 185 alumnos (49.3%) y T\u00e9cnico en Tecnolog\u00eda de Alimentos con 76 (20.7%). Las licenciaturas de Gesti\u00f3n Ambiental y Administraci\u00f3n en Gesti\u00f3n de Operaciones y Log\u00edstica suman 57 y 56 estudiantes, respectivamente.<\/p>\n\n\n\n<p>La mayor parte del alumnado proviene del suroeste del pa\u00eds, principalmente de Bahoruco (49.5%), seguido de San Juan, Azua, Independencia y El\u00edas Pi\u00f1a. Estos datos reflejan la preferencia por programas vinculados a la producci\u00f3n agr\u00edcola y tecnolog\u00eda de alimentos, reafirmando el compromiso de la universidad con el desarrollo profesional y regional.<\/p>\n\n\n\n<p>En tanto, el subdirector ejecutivo de la Unidad T\u00e9cnica Ejecutora de Proyectos de Desarrollo Agroforestales, Ar\u00edstides Santana, explic\u00f3 que las instalaciones del Centro de Capacitaci\u00f3n de Agricultura funcionaban anteriormente como campamento de Odebrecht. Actualmente, en el lugar se imparten cursos t\u00e9cnicos para agricultores, mientras que en la Universidad ISA se forman profesionales de nivel superior. <strong>\u201cNo se puede confundir una universidad con un centro de capacitaci\u00f3n\u201d<\/strong>, precis\u00f3 Santana, para diferenciar la formaci\u00f3n acad\u00e9mica de la educaci\u00f3n no formal.<\/p>\n\n\n\n<figure class=\"wp-block-image size-large\"><img loading=\"lazy\" decoding=\"async\" width=\"1024\" height=\"683\" src=\"https:\/\/elglobal.do\/wp-content\/uploads\/2025\/08\/Aulas-1024x683.jpeg\" alt=\"\" class=\"wp-image-1719\" srcset=\"https:\/\/elglobal.do\/wp-content\/uploads\/2025\/08\/Aulas-1024x683.jpeg 1024w, https:\/\/elglobal.do\/wp-content\/uploads\/2025\/08\/Aulas-300x200.jpeg 300w, https:\/\/elglobal.do\/wp-content\/uploads\/2025\/08\/Aulas-768x512.jpeg 768w, https:\/\/elglobal.do\/wp-content\/uploads\/2025\/08\/Aulas-1536x1024.jpeg 1536w, https:\/\/elglobal.do\/wp-content\/uploads\/2025\/08\/Aulas-2048x1365.jpeg 2048w\" sizes=\"auto, (max-width: 1024px) 100vw, 1024px\" \/><\/figure>\n\n\n\n<p><strong>Infraestructura y capacidad acad\u00e9mica<\/strong><\/p>\n\n\n\n<p>Pen\u00e9lope Valdez, arquitecta de la obra, describi\u00f3 las condiciones en que se encontraba el terreno antes de la construcci\u00f3n y c\u00f3mo se llevaron a cabo las adecuaciones para convertirlo en un recinto universitario moderno, con aulas, laboratorios y residencias para los estudiantes.<\/p>\n\n\n\n<p>El recinto universitario cuenta con una capacidad instalada para 1,200 estudiantes en aulas y laboratorios, de los cuales 420 pueden residir en el campus, recibiendo alojamiento, desayuno, almuerzo, cena y materiales de estudio.<\/p>\n\n\n\n<p>Las instalaciones incluyen 12 aulas equipadas, \u00e1reas administrativas, un centro estudiantil y uncomedor con capacidad para 400 comensales. Asimismo, dispone de 8 modernos laboratorios especializados en inform\u00e1tica, qu\u00edmica, biolog\u00eda, microbiolog\u00eda, operaciones unitarias, procesamiento de l\u00e1cteos y protecci\u00f3n de frutas y vegetales.<\/p>\n\n\n\n<p>Para garantizar la operatividad, la obra se dot\u00f3 de dos plantas el\u00e9ctricas de 375 y 135 KW, adem\u00e1s de dos cisternas con capacidad combinada de 80,000 galones de agua, asegurando un suministro estable para las operaciones del recinto.<\/p>\n","protected":false},"excerpt":{"rendered":"<p>La construcci\u00f3n se inici\u00f3 en el a\u00f1o 2022 y se inaugur\u00f3 en el 2024. Estudiantes de las provincias de Bahoruco y San Juan encabezan la matr\u00edcula de la alta casa&hellip; <\/p>\n","protected":false},"author":1,"featured_media":1717,"comment_status":"open","ping_status":"open","sticky":false,"template":"","format":"standard","meta":{"_jetpack_memberships_contains_paid_content":false,"footnotes":""},"categories":[329],"tags":[691,838,837,98,836],"class_list":["post-1713","post","type-post","status-publish","format-standard","has-post-thumbnail","hentry","category-educacion-nacionales","tag-andresbautista","tag-educacionsuperior","tag-egehid","tag-elglobalinformativo","tag-unisa"],"yoast_head":"<!-- This site is optimized with the Yoast SEO plugin v26.9 - https:\/\/yoast.com\/product\/yoast-seo-wordpress\/ -->\n<title>Moderna Universidad ISA es una visi\u00f3n del presidente Abinader para el verdadero desarrollo econ\u00f3mico y social de la regi\u00f3n Sur - EL GLOBAL INFORMATIVO<\/title>\n<meta name=\"robots\" content=\"index, follow, max-snippet:-1, max-image-preview:large, max-video-preview:-1\" \/>\n<link rel=\"canonical\" href=\"https:\/\/elglobal.do\/index.php\/2025\/08\/29\/moderna-universidad-isa-es-una-vision-del-presidente-abinader-para-el-verdadero-desarrollo-economico-y-social-de-la-region-sur\/\" \/>\n<meta property=\"og:locale\" content=\"es_ES\" \/>\n<meta property=\"og:type\" content=\"article\" \/>\n<meta property=\"og:title\" content=\"Moderna Universidad ISA es una visi\u00f3n del presidente Abinader para el verdadero desarrollo econ\u00f3mico y social de la regi\u00f3n Sur - EL GLOBAL INFORMATIVO\" \/>\n<meta property=\"og:description\" content=\"La construcci\u00f3n se inici\u00f3 en el a\u00f1o 2022 y se inaugur\u00f3 en el 2024. Estudiantes de las provincias de Bahoruco y San Juan encabezan la matr\u00edcula de la alta casa&hellip;\" \/>\n<meta property=\"og:url\" content=\"https:\/\/elglobal.do\/index.php\/2025\/08\/29\/moderna-universidad-isa-es-una-vision-del-presidente-abinader-para-el-verdadero-desarrollo-economico-y-social-de-la-region-sur\/\" \/>\n<meta property=\"og:site_name\" content=\"EL GLOBAL INFORMATIVO\" \/>\n<meta property=\"article:published_time\" content=\"2025-08-29T17:37:19+00:00\" \/>\n<meta property=\"article:modified_time\" content=\"2025-09-09T02:42:01+00:00\" \/>\n<meta property=\"og:image\" content=\"https:\/\/elglobal.do\/wp-content\/uploads\/2025\/08\/ISA-scaled.jpeg\" \/>\n\t<meta property=\"og:image:width\" content=\"2560\" \/>\n\t<meta property=\"og:image:height\" content=\"1857\" \/>\n\t<meta property=\"og:image:type\" content=\"image\/jpeg\" \/>\n<meta name=\"author\" content=\"EL GLOBAL\" \/>\n<meta name=\"twitter:card\" content=\"summary_large_image\" \/>\n<meta name=\"twitter:label1\" content=\"Escrito por\" \/>\n\t<meta name=\"twitter:data1\" content=\"EL GLOBAL\" \/>\n\t<meta name=\"twitter:label2\" content=\"Tiempo de lectura\" \/>\n\t<meta name=\"twitter:data2\" content=\"5 minutos\" \/>\n<script type=\"application\/ld+json\" class=\"yoast-schema-graph\">{\"@context\":\"https:\/\/schema.org\",\"@graph\":[{\"@type\":\"Article\",\"@id\":\"https:\/\/elglobal.do\/index.php\/2025\/08\/29\/moderna-universidad-isa-es-una-vision-del-presidente-abinader-para-el-verdadero-desarrollo-economico-y-social-de-la-region-sur\/#article\",\"isPartOf\":{\"@id\":\"https:\/\/elglobal.do\/index.php\/2025\/08\/29\/moderna-universidad-isa-es-una-vision-del-presidente-abinader-para-el-verdadero-desarrollo-economico-y-social-de-la-region-sur\/\"},\"author\":{\"name\":\"EL GLOBAL\",\"@id\":\"https:\/\/elglobal.do\/#\/schema\/person\/0c97ec2c7714fb605d230c292f64d55f\"},\"headline\":\"Moderna Universidad ISA es una visi\u00f3n del presidente Abinader para el verdadero desarrollo econ\u00f3mico y social de la regi\u00f3n Sur\",\"datePublished\":\"2025-08-29T17:37:19+00:00\",\"dateModified\":\"2025-09-09T02:42:01+00:00\",\"mainEntityOfPage\":{\"@id\":\"https:\/\/elglobal.do\/index.php\/2025\/08\/29\/moderna-universidad-isa-es-una-vision-del-presidente-abinader-para-el-verdadero-desarrollo-economico-y-social-de-la-region-sur\/\"},\"wordCount\":843,\"commentCount\":0,\"publisher\":{\"@id\":\"https:\/\/elglobal.do\/#organization\"},\"image\":{\"@id\":\"https:\/\/elglobal.do\/index.php\/2025\/08\/29\/moderna-universidad-isa-es-una-vision-del-presidente-abinader-para-el-verdadero-desarrollo-economico-y-social-de-la-region-sur\/#primaryimage\"},\"thumbnailUrl\":\"https:\/\/elglobal.do\/wp-content\/uploads\/2025\/08\/ISA-scaled.jpeg\",\"keywords\":[\"#Andr\u00e9sBautista\",\"#Educaci\u00f3nSuperior\",\"#EGEHID\",\"#ElGlobalInformativo\",\"#UNISA\"],\"articleSection\":[\"EDUCACI\u00d3N\"],\"inLanguage\":\"es\",\"potentialAction\":[{\"@type\":\"CommentAction\",\"name\":\"Comment\",\"target\":[\"https:\/\/elglobal.do\/index.php\/2025\/08\/29\/moderna-universidad-isa-es-una-vision-del-presidente-abinader-para-el-verdadero-desarrollo-economico-y-social-de-la-region-sur\/#respond\"]}]},{\"@type\":\"WebPage\",\"@id\":\"https:\/\/elglobal.do\/index.php\/2025\/08\/29\/moderna-universidad-isa-es-una-vision-del-presidente-abinader-para-el-verdadero-desarrollo-economico-y-social-de-la-region-sur\/\",\"url\":\"https:\/\/elglobal.do\/index.php\/2025\/08\/29\/moderna-universidad-isa-es-una-vision-del-presidente-abinader-para-el-verdadero-desarrollo-economico-y-social-de-la-region-sur\/\",\"name\":\"Moderna Universidad ISA es una visi\u00f3n del presidente Abinader para el verdadero desarrollo econ\u00f3mico y social de la regi\u00f3n Sur - EL GLOBAL INFORMATIVO\",\"isPartOf\":{\"@id\":\"https:\/\/elglobal.do\/#website\"},\"primaryImageOfPage\":{\"@id\":\"https:\/\/elglobal.do\/index.php\/2025\/08\/29\/moderna-universidad-isa-es-una-vision-del-presidente-abinader-para-el-verdadero-desarrollo-economico-y-social-de-la-region-sur\/#primaryimage\"},\"image\":{\"@id\":\"https:\/\/elglobal.do\/index.php\/2025\/08\/29\/moderna-universidad-isa-es-una-vision-del-presidente-abinader-para-el-verdadero-desarrollo-economico-y-social-de-la-region-sur\/#primaryimage\"},\"thumbnailUrl\":\"https:\/\/elglobal.do\/wp-content\/uploads\/2025\/08\/ISA-scaled.jpeg\",\"datePublished\":\"2025-08-29T17:37:19+00:00\",\"dateModified\":\"2025-09-09T02:42:01+00:00\",\"breadcrumb\":{\"@id\":\"https:\/\/elglobal.do\/index.php\/2025\/08\/29\/moderna-universidad-isa-es-una-vision-del-presidente-abinader-para-el-verdadero-desarrollo-economico-y-social-de-la-region-sur\/#breadcrumb\"},\"inLanguage\":\"es\",\"potentialAction\":[{\"@type\":\"ReadAction\",\"target\":[\"https:\/\/elglobal.do\/index.php\/2025\/08\/29\/moderna-universidad-isa-es-una-vision-del-presidente-abinader-para-el-verdadero-desarrollo-economico-y-social-de-la-region-sur\/\"]}]},{\"@type\":\"ImageObject\",\"inLanguage\":\"es\",\"@id\":\"https:\/\/elglobal.do\/index.php\/2025\/08\/29\/moderna-universidad-isa-es-una-vision-del-presidente-abinader-para-el-verdadero-desarrollo-economico-y-social-de-la-region-sur\/#primaryimage\",\"url\":\"https:\/\/elglobal.do\/wp-content\/uploads\/2025\/08\/ISA-scaled.jpeg\",\"contentUrl\":\"https:\/\/elglobal.do\/wp-content\/uploads\/2025\/08\/ISA-scaled.jpeg\",\"width\":2560,\"height\":1857},{\"@type\":\"BreadcrumbList\",\"@id\":\"https:\/\/elglobal.do\/index.php\/2025\/08\/29\/moderna-universidad-isa-es-una-vision-del-presidente-abinader-para-el-verdadero-desarrollo-economico-y-social-de-la-region-sur\/#breadcrumb\",\"itemListElement\":[{\"@type\":\"ListItem\",\"position\":1,\"name\":\"Portada\",\"item\":\"https:\/\/elglobal.do\/\"},{\"@type\":\"ListItem\",\"position\":2,\"name\":\"Moderna Universidad ISA es una visi\u00f3n del presidente Abinader para el verdadero desarrollo econ\u00f3mico y social de la regi\u00f3n Sur\"}]},{\"@type\":\"WebSite\",\"@id\":\"https:\/\/elglobal.do\/#website\",\"url\":\"https:\/\/elglobal.do\/\",\"name\":\"EL GLOBAL INFORMATIVO\",\"description\":\"Peri\u00f3dico digital de la Rep\u00fablica Dominicana que ofrece noticias, novedades, pol\u00edtica y las \u00faltimas actualidades, con informaci\u00f3n veraz y oportuna para mantenerte siempre informad\",\"publisher\":{\"@id\":\"https:\/\/elglobal.do\/#organization\"},\"potentialAction\":[{\"@type\":\"SearchAction\",\"target\":{\"@type\":\"EntryPoint\",\"urlTemplate\":\"https:\/\/elglobal.do\/?s={search_term_string}\"},\"query-input\":{\"@type\":\"PropertyValueSpecification\",\"valueRequired\":true,\"valueName\":\"search_term_string\"}}],\"inLanguage\":\"es\"},{\"@type\":\"Organization\",\"@id\":\"https:\/\/elglobal.do\/#organization\",\"name\":\"EL GLOBAL.DO INFORMATIVO\",\"url\":\"https:\/\/elglobal.do\/\",\"logo\":{\"@type\":\"ImageObject\",\"inLanguage\":\"es\",\"@id\":\"https:\/\/elglobal.do\/#\/schema\/logo\/image\/\",\"url\":\"https:\/\/elglobal.do\/wp-content\/uploads\/2025\/08\/icon.png\",\"contentUrl\":\"https:\/\/elglobal.do\/wp-content\/uploads\/2025\/08\/icon.png\",\"width\":512,\"height\":512,\"caption\":\"EL GLOBAL.DO INFORMATIVO\"},\"image\":{\"@id\":\"https:\/\/elglobal.do\/#\/schema\/logo\/image\/\"}},{\"@type\":\"Person\",\"@id\":\"https:\/\/elglobal.do\/#\/schema\/person\/0c97ec2c7714fb605d230c292f64d55f\",\"name\":\"EL GLOBAL\",\"image\":{\"@type\":\"ImageObject\",\"inLanguage\":\"es\",\"@id\":\"https:\/\/elglobal.do\/#\/schema\/person\/image\/\",\"url\":\"https:\/\/secure.gravatar.com\/avatar\/081cfb6cf99faddc6f4e23a0c11ab98c5cf302925382d1c88dc3ed757ab910a3?s=96&d=mm&r=g\",\"contentUrl\":\"https:\/\/secure.gravatar.com\/avatar\/081cfb6cf99faddc6f4e23a0c11ab98c5cf302925382d1c88dc3ed757ab910a3?s=96&d=mm&r=g\",\"caption\":\"EL GLOBAL\"},\"description\":\"El Global Informativo es un peri\u00f3dico digital de Rep\u00fablica Dominicana que se dedica a cubrir temas importantes, como la pol\u00edtica local, geopol\u00edtica, econom\u00eda, tecnolog\u00eda, noticias internacionales y eventos relacionados con la gesti\u00f3n social, cultural y humana. Su objetivo principal es mantener a la poblaci\u00f3n informada, ofreciendo una visi\u00f3n amplia y actualizada de lo que sucede tanto en el pa\u00eds como en el mundo. Est\u00e1 dirigido por un grupo de periodistas experimentados, lo que garantiza la calidad y la precisi\u00f3n de la informaci\u00f3n que ofrecen. Tiene su sede en la ciudad de Santo Domingo y es parte integral del portafolio de la empresa, MC Global S.R.L.\",\"sameAs\":[\"https:\/\/elglobal.do\",\"https:\/\/www.instagram.com\/elglobal.do_informativo\/\"],\"url\":\"https:\/\/elglobal.do\/index.php\/author\/elglobaluserpro\/\"}]}<\/script>\n<!-- \/ Yoast SEO plugin. -->","yoast_head_json":{"title":"Moderna Universidad ISA es una visi\u00f3n del presidente Abinader para el verdadero desarrollo econ\u00f3mico y social de la regi\u00f3n Sur - EL GLOBAL INFORMATIVO","robots":{"index":"index","follow":"follow","max-snippet":"max-snippet:-1","max-image-preview":"max-image-preview:large","max-video-preview":"max-video-preview:-1"},"canonical":"https:\/\/elglobal.do\/index.php\/2025\/08\/29\/moderna-universidad-isa-es-una-vision-del-presidente-abinader-para-el-verdadero-desarrollo-economico-y-social-de-la-region-sur\/","og_locale":"es_ES","og_type":"article","og_title":"Moderna Universidad ISA es una visi\u00f3n del presidente Abinader para el verdadero desarrollo econ\u00f3mico y social de la regi\u00f3n Sur - EL GLOBAL INFORMATIVO","og_description":"La construcci\u00f3n se inici\u00f3 en el a\u00f1o 2022 y se inaugur\u00f3 en el 2024. Estudiantes de las provincias de Bahoruco y San Juan encabezan la matr\u00edcula de la alta casa&hellip;","og_url":"https:\/\/elglobal.do\/index.php\/2025\/08\/29\/moderna-universidad-isa-es-una-vision-del-presidente-abinader-para-el-verdadero-desarrollo-economico-y-social-de-la-region-sur\/","og_site_name":"EL GLOBAL INFORMATIVO","article_published_time":"2025-08-29T17:37:19+00:00","article_modified_time":"2025-09-09T02:42:01+00:00","og_image":[{"width":2560,"height":1857,"url":"https:\/\/elglobal.do\/wp-content\/uploads\/2025\/08\/ISA-scaled.jpeg","type":"image\/jpeg"}],"author":"EL GLOBAL","twitter_card":"summary_large_image","twitter_misc":{"Escrito por":"EL GLOBAL","Tiempo de lectura":"5 minutos"},"schema":{"@context":"https:\/\/schema.org","@graph":[{"@type":"Article","@id":"https:\/\/elglobal.do\/index.php\/2025\/08\/29\/moderna-universidad-isa-es-una-vision-del-presidente-abinader-para-el-verdadero-desarrollo-economico-y-social-de-la-region-sur\/#article","isPartOf":{"@id":"https:\/\/elglobal.do\/index.php\/2025\/08\/29\/moderna-universidad-isa-es-una-vision-del-presidente-abinader-para-el-verdadero-desarrollo-economico-y-social-de-la-region-sur\/"},"author":{"name":"EL GLOBAL","@id":"https:\/\/elglobal.do\/#\/schema\/person\/0c97ec2c7714fb605d230c292f64d55f"},"headline":"Moderna Universidad ISA es una visi\u00f3n del presidente Abinader para el verdadero desarrollo econ\u00f3mico y social de la regi\u00f3n Sur","datePublished":"2025-08-29T17:37:19+00:00","dateModified":"2025-09-09T02:42:01+00:00","mainEntityOfPage":{"@id":"https:\/\/elglobal.do\/index.php\/2025\/08\/29\/moderna-universidad-isa-es-una-vision-del-presidente-abinader-para-el-verdadero-desarrollo-economico-y-social-de-la-region-sur\/"},"wordCount":843,"commentCount":0,"publisher":{"@id":"https:\/\/elglobal.do\/#organization"},"image":{"@id":"https:\/\/elglobal.do\/index.php\/2025\/08\/29\/moderna-universidad-isa-es-una-vision-del-presidente-abinader-para-el-verdadero-desarrollo-economico-y-social-de-la-region-sur\/#primaryimage"},"thumbnailUrl":"https:\/\/elglobal.do\/wp-content\/uploads\/2025\/08\/ISA-scaled.jpeg","keywords":["#Andr\u00e9sBautista","#Educaci\u00f3nSuperior","#EGEHID","#ElGlobalInformativo","#UNISA"],"articleSection":["EDUCACI\u00d3N"],"inLanguage":"es","potentialAction":[{"@type":"CommentAction","name":"Comment","target":["https:\/\/elglobal.do\/index.php\/2025\/08\/29\/moderna-universidad-isa-es-una-vision-del-presidente-abinader-para-el-verdadero-desarrollo-economico-y-social-de-la-region-sur\/#respond"]}]},{"@type":"WebPage","@id":"https:\/\/elglobal.do\/index.php\/2025\/08\/29\/moderna-universidad-isa-es-una-vision-del-presidente-abinader-para-el-verdadero-desarrollo-economico-y-social-de-la-region-sur\/","url":"https:\/\/elglobal.do\/index.php\/2025\/08\/29\/moderna-universidad-isa-es-una-vision-del-presidente-abinader-para-el-verdadero-desarrollo-economico-y-social-de-la-region-sur\/","name":"Moderna Universidad ISA es una visi\u00f3n del presidente Abinader para el verdadero desarrollo econ\u00f3mico y social de la regi\u00f3n Sur - EL GLOBAL INFORMATIVO","isPartOf":{"@id":"https:\/\/elglobal.do\/#website"},"primaryImageOfPage":{"@id":"https:\/\/elglobal.do\/index.php\/2025\/08\/29\/moderna-universidad-isa-es-una-vision-del-presidente-abinader-para-el-verdadero-desarrollo-economico-y-social-de-la-region-sur\/#primaryimage"},"image":{"@id":"https:\/\/elglobal.do\/index.php\/2025\/08\/29\/moderna-universidad-isa-es-una-vision-del-presidente-abinader-para-el-verdadero-desarrollo-economico-y-social-de-la-region-sur\/#primaryimage"},"thumbnailUrl":"https:\/\/elglobal.do\/wp-content\/uploads\/2025\/08\/ISA-scaled.jpeg","datePublished":"2025-08-29T17:37:19+00:00","dateModified":"2025-09-09T02:42:01+00:00","breadcrumb":{"@id":"https:\/\/elglobal.do\/index.php\/2025\/08\/29\/moderna-universidad-isa-es-una-vision-del-presidente-abinader-para-el-verdadero-desarrollo-economico-y-social-de-la-region-sur\/#breadcrumb"},"inLanguage":"es","potentialAction":[{"@type":"ReadAction","target":["https:\/\/elglobal.do\/index.php\/2025\/08\/29\/moderna-universidad-isa-es-una-vision-del-presidente-abinader-para-el-verdadero-desarrollo-economico-y-social-de-la-region-sur\/"]}]},{"@type":"ImageObject","inLanguage":"es","@id":"https:\/\/elglobal.do\/index.php\/2025\/08\/29\/moderna-universidad-isa-es-una-vision-del-presidente-abinader-para-el-verdadero-desarrollo-economico-y-social-de-la-region-sur\/#primaryimage","url":"https:\/\/elglobal.do\/wp-content\/uploads\/2025\/08\/ISA-scaled.jpeg","contentUrl":"https:\/\/elglobal.do\/wp-content\/uploads\/2025\/08\/ISA-scaled.jpeg","width":2560,"height":1857},{"@type":"BreadcrumbList","@id":"https:\/\/elglobal.do\/index.php\/2025\/08\/29\/moderna-universidad-isa-es-una-vision-del-presidente-abinader-para-el-verdadero-desarrollo-economico-y-social-de-la-region-sur\/#breadcrumb","itemListElement":[{"@type":"ListItem","position":1,"name":"Portada","item":"https:\/\/elglobal.do\/"},{"@type":"ListItem","position":2,"name":"Moderna Universidad ISA es una visi\u00f3n del presidente Abinader para el verdadero desarrollo econ\u00f3mico y social de la regi\u00f3n Sur"}]},{"@type":"WebSite","@id":"https:\/\/elglobal.do\/#website","url":"https:\/\/elglobal.do\/","name":"EL GLOBAL INFORMATIVO","description":"Peri\u00f3dico digital de la Rep\u00fablica Dominicana que ofrece noticias, novedades, pol\u00edtica y las \u00faltimas actualidades, con informaci\u00f3n veraz y oportuna para mantenerte siempre informad","publisher":{"@id":"https:\/\/elglobal.do\/#organization"},"potentialAction":[{"@type":"SearchAction","target":{"@type":"EntryPoint","urlTemplate":"https:\/\/elglobal.do\/?s={search_term_string}"},"query-input":{"@type":"PropertyValueSpecification","valueRequired":true,"valueName":"search_term_string"}}],"inLanguage":"es"},{"@type":"Organization","@id":"https:\/\/elglobal.do\/#organization","name":"EL GLOBAL.DO INFORMATIVO","url":"https:\/\/elglobal.do\/","logo":{"@type":"ImageObject","inLanguage":"es","@id":"https:\/\/elglobal.do\/#\/schema\/logo\/image\/","url":"https:\/\/elglobal.do\/wp-content\/uploads\/2025\/08\/icon.png","contentUrl":"https:\/\/elglobal.do\/wp-content\/uploads\/2025\/08\/icon.png","width":512,"height":512,"caption":"EL GLOBAL.DO INFORMATIVO"},"image":{"@id":"https:\/\/elglobal.do\/#\/schema\/logo\/image\/"}},{"@type":"Person","@id":"https:\/\/elglobal.do\/#\/schema\/person\/0c97ec2c7714fb605d230c292f64d55f","name":"EL GLOBAL","image":{"@type":"ImageObject","inLanguage":"es","@id":"https:\/\/elglobal.do\/#\/schema\/person\/image\/","url":"https:\/\/secure.gravatar.com\/avatar\/081cfb6cf99faddc6f4e23a0c11ab98c5cf302925382d1c88dc3ed757ab910a3?s=96&d=mm&r=g","contentUrl":"https:\/\/secure.gravatar.com\/avatar\/081cfb6cf99faddc6f4e23a0c11ab98c5cf302925382d1c88dc3ed757ab910a3?s=96&d=mm&r=g","caption":"EL GLOBAL"},"description":"El Global Informativo es un peri\u00f3dico digital de Rep\u00fablica Dominicana que se dedica a cubrir temas importantes, como la pol\u00edtica local, geopol\u00edtica, econom\u00eda, tecnolog\u00eda, noticias internacionales y eventos relacionados con la gesti\u00f3n social, cultural y humana. Su objetivo principal es mantener a la poblaci\u00f3n informada, ofreciendo una visi\u00f3n amplia y actualizada de lo que sucede tanto en el pa\u00eds como en el mundo. Est\u00e1 dirigido por un grupo de periodistas experimentados, lo que garantiza la calidad y la precisi\u00f3n de la informaci\u00f3n que ofrecen. Tiene su sede en la ciudad de Santo Domingo y es parte integral del portafolio de la empresa, MC Global S.R.L.","sameAs":["https:\/\/elglobal.do","https:\/\/www.instagram.com\/elglobal.do_informativo\/"],"url":"https:\/\/elglobal.do\/index.php\/author\/elglobaluserpro\/"}]}},"jetpack_featured_media_url":"https:\/\/elglobal.do\/wp-content\/uploads\/2025\/08\/ISA-scaled.jpeg","jetpack_sharing_enabled":true,"_links":{"self":[{"href":"https:\/\/elglobal.do\/index.php\/wp-json\/wp\/v2\/posts\/1713","targetHints":{"allow":["GET"]}}],"collection":[{"href":"https:\/\/elglobal.do\/index.php\/wp-json\/wp\/v2\/posts"}],"about":[{"href":"https:\/\/elglobal.do\/index.php\/wp-json\/wp\/v2\/types\/post"}],"author":[{"embeddable":true,"href":"https:\/\/elglobal.do\/index.php\/wp-json\/wp\/v2\/users\/1"}],"replies":[{"embeddable":true,"href":"https:\/\/elglobal.do\/index.php\/wp-json\/wp\/v2\/comments?post=1713"}],"version-history":[{"count":3,"href":"https:\/\/elglobal.do\/index.php\/wp-json\/wp\/v2\/posts\/1713\/revisions"}],"predecessor-version":[{"id":1728,"href":"https:\/\/elglobal.do\/index.php\/wp-json\/wp\/v2\/posts\/1713\/revisions\/1728"}],"wp:featuredmedia":[{"embeddable":true,"href":"https:\/\/elglobal.do\/index.php\/wp-json\/wp\/v2\/media\/1717"}],"wp:attachment":[{"href":"https:\/\/elglobal.do\/index.php\/wp-json\/wp\/v2\/media?parent=1713"}],"wp:term":[{"taxonomy":"category","embeddable":true,"href":"https:\/\/elglobal.do\/index.php\/wp-json\/wp\/v2\/categories?post=1713"},{"taxonomy":"post_tag","embeddable":true,"href":"https:\/\/elglobal.do\/index.php\/wp-json\/wp\/v2\/tags?post=1713"}],"curies":[{"name":"wp","href":"https:\/\/api.w.org\/{rel}","templated":true}]}}