{"id":1727,"date":"2025-08-29T14:18:59","date_gmt":"2025-08-29T18:18:59","guid":{"rendered":"https:\/\/elglobal.do\/?p=1727"},"modified":"2025-08-29T14:19:02","modified_gmt":"2025-08-29T18:19:02","slug":"pleno-de-la-scj-ratifica-condena-a-exdiputada-rosa-amalia-pilarte","status":"publish","type":"post","link":"https:\/\/elglobal.do\/index.php\/2025\/08\/29\/pleno-de-la-scj-ratifica-condena-a-exdiputada-rosa-amalia-pilarte\/","title":{"rendered":"Pleno de la SCJ ratifica condena a exdiputada Rosa Amalia Pilarte"},"content":{"rendered":"\n<figure class=\"wp-block-image size-full\"><img loading=\"lazy\" decoding=\"async\" width=\"896\" height=\"504\" src=\"https:\/\/elglobal.do\/wp-content\/uploads\/2025\/08\/image-66.png\" alt=\"\" class=\"wp-image-1729\" srcset=\"https:\/\/elglobal.do\/wp-content\/uploads\/2025\/08\/image-66.png 896w, https:\/\/elglobal.do\/wp-content\/uploads\/2025\/08\/image-66-300x169.png 300w, https:\/\/elglobal.do\/wp-content\/uploads\/2025\/08\/image-66-768x432.png 768w\" sizes=\"auto, (max-width: 896px) 100vw, 896px\" \/><\/figure>\n\n\n\n<p><strong>Santo Domingo.<\/strong>-El\u00a0<strong>Pleno de la Suprema Corte\u00a0<\/strong>de Justicia (SCJ) ratific\u00f3 este viernes la\u00a0condena\u00a0de cinco a\u00f1os de\u00a0prisi\u00f3n\u00a0a la\u00a0exdiputada de la provincia de La Vega\u00a0<strong>Rosa Amalia Pilarte<\/strong>\u00a0por\u00a0<strong>lavado de activos<\/strong>.<\/p>\n\n\n\n<p>El Pleno confirm\u00f3 la sentencia de la\u00a0<strong>Segunda Sala de esa alta corte<\/strong>, que actu\u00f3 como\u00a0jurisdicci\u00f3n\u00a0privilegiada, emitida en mayo del pasado a\u00f1o.<\/p>\n\n\n\n<p>Al rechazar en su totalidad el recurso de casaci\u00f3n de la exlegisladora del<strong>&nbsp;Partido Revolucionario Moderno<\/strong>&nbsp;(<strong>PRM<\/strong>), el m\u00e1ximo \u00f3rgano de la SCJ le mantuvo tambi\u00e9n el pago de una multa equivalente a 200 salarios m\u00ednimos del sector p\u00fablico por infracciones a la&nbsp;<strong>Ley n\u00fam. 155-17 sobre Lavado de Activos&nbsp;<\/strong>en perjuicio del Estado.<\/p>\n\n\n\n<p>Asimismo, el&nbsp;<strong>decomiso de 13 bienes inmuebles&nbsp;<\/strong>ubicados en la provincia de La Vega.<\/p>\n\n\n\n<p>El Pleno destac\u00f3 que los argumentos de la defensa, que atribu\u00edan las actividades il\u00edcitas a hechos posteriores a la deportaci\u00f3n de\u00a0<strong>Pablo Antonio Mart\u00ednez Javier en 2009<\/strong>, carec\u00edan de fundamento.<\/p>\n\n\n\n<p>Mart\u00ednez Javier, seg\u00fan&nbsp; el Ministerio P\u00fablico, es el \u00abcabecilla y patrocinador de la red criminal internacional dedicada al tr\u00e1fico y distribuci\u00f3n de \u00e9xtasis\u00bb, a quien se vincula la<strong>&nbsp;familia&nbsp; de Pilarte<\/strong>.<\/p>\n\n\n\n<p>Seg\u00fan el fallo del Pleno, se comprueba que las cuentas de la imputada registraban movimientos millonarios desde 2001 y que, aunque declar\u00f3 ingresos por aproximadamente RD$16 millones entre 2003 y 2021,&nbsp;<strong>moviliz\u00f3 en sus cuentas m\u00e1s de RD$4,400 millones,<\/strong>&nbsp;una discrepancia con su actividad econ\u00f3mica declarada.<\/p>\n\n\n\n<p>\u00abLa imputada\u00a0<strong>Rosa Amalia Pilarte L\u00f3pez<\/strong>\u00a0ten\u00eda conocimiento de que los bienes que moviliz\u00f3 ten\u00edan conexi\u00f3n con actividades il\u00edcitas, pues adquiri\u00f3 m\u00faltiples inmuebles que posteriormente fueron transferidos con pleno conocimiento, en su mayor\u00eda, a una entidad fachada, Inversiones Inmobiliaria<strong>\u00a0Cutup\u00fa<\/strong>, S.R.L., con el objetivo de ocultarlos, como es t\u00edpico en este tipo de delitos econ\u00f3micos\u00bb, se lee en la decisi\u00f3n del Pleno.<\/p>\n\n\n\n<h2 class=\"wp-block-heading\">Su familia enfrenta tambi\u00e9n proceso penal&nbsp;<\/h2>\n\n\n\n<p>Rosa Amalia fue acusada junto a su&nbsp;esposo,<strong>&nbsp;Miguel Arturo L\u00f3pez Florencio<\/strong>&nbsp;(Micky L\u00f3pez), y dos hijos&nbsp;de ambos: Jos\u00e9 Miguel L\u00f3pez&nbsp;Pilarte, exregidor del PRM, y Miguel Arturo L\u00f3pez&nbsp;Pilarte, por&nbsp;<strong>lavado de activos<\/strong>&nbsp;provenientes del&nbsp;narcotr\u00e1fico.<\/p>\n\n\n\n<p>Sin embargo, por Rosa Amalia tener una curul en el&nbsp;<strong>Congreso Nacional<\/strong>&nbsp;hasta agosto del 2024 su proceso fue ventil\u00f3 en la SCJ.&nbsp;<\/p>\n\n\n\n<p><strong>El caso de su esposo e hijos<\/strong>&nbsp;se declar\u00f3&nbsp;extinguido por el Primer&nbsp;Tribunal&nbsp;Colegiado del distrito judicial de&nbsp;La Vega, decisi\u00f3n que fue apelada por el Ministerio P\u00fablico.<\/p>\n","protected":false},"excerpt":{"rendered":"<p>Santo Domingo.-El\u00a0Pleno de la Suprema Corte\u00a0de Justicia (SCJ) ratific\u00f3 este viernes la\u00a0condena\u00a0de cinco a\u00f1os de\u00a0prisi\u00f3n\u00a0a la\u00a0exdiputada de la provincia de La Vega\u00a0Rosa Amalia Pilarte\u00a0por\u00a0lavado de activos. El Pleno confirm\u00f3 la&hellip; <\/p>\n","protected":false},"author":1,"featured_media":1729,"comment_status":"open","ping_status":"open","sticky":false,"template":"","format":"standard","meta":{"_jetpack_memberships_contains_paid_content":false,"footnotes":""},"categories":[313],"tags":[71,98,842,841],"class_list":["post-1727","post","type-post","status-publish","format-standard","has-post-thumbnail","hentry","category-justicia","tag-condena","tag-elglobalinformativo","tag-exdiputada","tag-scj"],"yoast_head":"<!-- This site is optimized with the Yoast SEO plugin v26.9 - https:\/\/yoast.com\/product\/yoast-seo-wordpress\/ -->\n<title>Pleno de la SCJ ratifica condena a exdiputada Rosa Amalia Pilarte - EL GLOBAL INFORMATIVO<\/title>\n<meta name=\"robots\" content=\"index, follow, max-snippet:-1, max-image-preview:large, max-video-preview:-1\" \/>\n<link rel=\"canonical\" href=\"https:\/\/elglobal.do\/index.php\/2025\/08\/29\/pleno-de-la-scj-ratifica-condena-a-exdiputada-rosa-amalia-pilarte\/\" \/>\n<meta property=\"og:locale\" content=\"es_ES\" \/>\n<meta property=\"og:type\" content=\"article\" \/>\n<meta property=\"og:title\" content=\"Pleno de la SCJ ratifica condena a exdiputada Rosa Amalia Pilarte - EL GLOBAL INFORMATIVO\" \/>\n<meta property=\"og:description\" content=\"Santo Domingo.-El\u00a0Pleno de la Suprema Corte\u00a0de Justicia (SCJ) ratific\u00f3 este viernes la\u00a0condena\u00a0de cinco a\u00f1os de\u00a0prisi\u00f3n\u00a0a la\u00a0exdiputada de la provincia de La Vega\u00a0Rosa Amalia Pilarte\u00a0por\u00a0lavado de activos. El Pleno confirm\u00f3 la&hellip;\" \/>\n<meta property=\"og:url\" content=\"https:\/\/elglobal.do\/index.php\/2025\/08\/29\/pleno-de-la-scj-ratifica-condena-a-exdiputada-rosa-amalia-pilarte\/\" \/>\n<meta property=\"og:site_name\" content=\"EL GLOBAL INFORMATIVO\" \/>\n<meta property=\"article:published_time\" content=\"2025-08-29T18:18:59+00:00\" \/>\n<meta property=\"article:modified_time\" content=\"2025-08-29T18:19:02+00:00\" \/>\n<meta property=\"og:image\" content=\"https:\/\/elglobal.do\/wp-content\/uploads\/2025\/08\/image-66.png\" \/>\n\t<meta property=\"og:image:width\" content=\"896\" \/>\n\t<meta property=\"og:image:height\" content=\"504\" \/>\n\t<meta property=\"og:image:type\" content=\"image\/png\" \/>\n<meta name=\"author\" content=\"EL GLOBAL\" \/>\n<meta name=\"twitter:card\" content=\"summary_large_image\" \/>\n<meta name=\"twitter:label1\" content=\"Escrito por\" \/>\n\t<meta name=\"twitter:data1\" content=\"EL GLOBAL\" \/>\n\t<meta name=\"twitter:label2\" content=\"Tiempo de lectura\" \/>\n\t<meta name=\"twitter:data2\" content=\"3 minutos\" \/>\n<script type=\"application\/ld+json\" class=\"yoast-schema-graph\">{\"@context\":\"https:\/\/schema.org\",\"@graph\":[{\"@type\":\"Article\",\"@id\":\"https:\/\/elglobal.do\/index.php\/2025\/08\/29\/pleno-de-la-scj-ratifica-condena-a-exdiputada-rosa-amalia-pilarte\/#article\",\"isPartOf\":{\"@id\":\"https:\/\/elglobal.do\/index.php\/2025\/08\/29\/pleno-de-la-scj-ratifica-condena-a-exdiputada-rosa-amalia-pilarte\/\"},\"author\":{\"name\":\"EL GLOBAL\",\"@id\":\"https:\/\/elglobal.do\/#\/schema\/person\/0c97ec2c7714fb605d230c292f64d55f\"},\"headline\":\"Pleno de la SCJ ratifica condena a exdiputada Rosa Amalia Pilarte\",\"datePublished\":\"2025-08-29T18:18:59+00:00\",\"dateModified\":\"2025-08-29T18:19:02+00:00\",\"mainEntityOfPage\":{\"@id\":\"https:\/\/elglobal.do\/index.php\/2025\/08\/29\/pleno-de-la-scj-ratifica-condena-a-exdiputada-rosa-amalia-pilarte\/\"},\"wordCount\":470,\"commentCount\":0,\"publisher\":{\"@id\":\"https:\/\/elglobal.do\/#organization\"},\"image\":{\"@id\":\"https:\/\/elglobal.do\/index.php\/2025\/08\/29\/pleno-de-la-scj-ratifica-condena-a-exdiputada-rosa-amalia-pilarte\/#primaryimage\"},\"thumbnailUrl\":\"https:\/\/elglobal.do\/wp-content\/uploads\/2025\/08\/image-66.png\",\"keywords\":[\"#Condena\",\"#ElGlobalInformativo\",\"#Exdiputada\",\"#SCJ\"],\"articleSection\":[\"JUSTICIA\"],\"inLanguage\":\"es\",\"potentialAction\":[{\"@type\":\"CommentAction\",\"name\":\"Comment\",\"target\":[\"https:\/\/elglobal.do\/index.php\/2025\/08\/29\/pleno-de-la-scj-ratifica-condena-a-exdiputada-rosa-amalia-pilarte\/#respond\"]}]},{\"@type\":\"WebPage\",\"@id\":\"https:\/\/elglobal.do\/index.php\/2025\/08\/29\/pleno-de-la-scj-ratifica-condena-a-exdiputada-rosa-amalia-pilarte\/\",\"url\":\"https:\/\/elglobal.do\/index.php\/2025\/08\/29\/pleno-de-la-scj-ratifica-condena-a-exdiputada-rosa-amalia-pilarte\/\",\"name\":\"Pleno de la SCJ ratifica condena a exdiputada Rosa Amalia Pilarte - EL GLOBAL INFORMATIVO\",\"isPartOf\":{\"@id\":\"https:\/\/elglobal.do\/#website\"},\"primaryImageOfPage\":{\"@id\":\"https:\/\/elglobal.do\/index.php\/2025\/08\/29\/pleno-de-la-scj-ratifica-condena-a-exdiputada-rosa-amalia-pilarte\/#primaryimage\"},\"image\":{\"@id\":\"https:\/\/elglobal.do\/index.php\/2025\/08\/29\/pleno-de-la-scj-ratifica-condena-a-exdiputada-rosa-amalia-pilarte\/#primaryimage\"},\"thumbnailUrl\":\"https:\/\/elglobal.do\/wp-content\/uploads\/2025\/08\/image-66.png\",\"datePublished\":\"2025-08-29T18:18:59+00:00\",\"dateModified\":\"2025-08-29T18:19:02+00:00\",\"breadcrumb\":{\"@id\":\"https:\/\/elglobal.do\/index.php\/2025\/08\/29\/pleno-de-la-scj-ratifica-condena-a-exdiputada-rosa-amalia-pilarte\/#breadcrumb\"},\"inLanguage\":\"es\",\"potentialAction\":[{\"@type\":\"ReadAction\",\"target\":[\"https:\/\/elglobal.do\/index.php\/2025\/08\/29\/pleno-de-la-scj-ratifica-condena-a-exdiputada-rosa-amalia-pilarte\/\"]}]},{\"@type\":\"ImageObject\",\"inLanguage\":\"es\",\"@id\":\"https:\/\/elglobal.do\/index.php\/2025\/08\/29\/pleno-de-la-scj-ratifica-condena-a-exdiputada-rosa-amalia-pilarte\/#primaryimage\",\"url\":\"https:\/\/elglobal.do\/wp-content\/uploads\/2025\/08\/image-66.png\",\"contentUrl\":\"https:\/\/elglobal.do\/wp-content\/uploads\/2025\/08\/image-66.png\",\"width\":896,\"height\":504},{\"@type\":\"BreadcrumbList\",\"@id\":\"https:\/\/elglobal.do\/index.php\/2025\/08\/29\/pleno-de-la-scj-ratifica-condena-a-exdiputada-rosa-amalia-pilarte\/#breadcrumb\",\"itemListElement\":[{\"@type\":\"ListItem\",\"position\":1,\"name\":\"Portada\",\"item\":\"https:\/\/elglobal.do\/\"},{\"@type\":\"ListItem\",\"position\":2,\"name\":\"Pleno de la SCJ ratifica condena a exdiputada Rosa Amalia Pilarte\"}]},{\"@type\":\"WebSite\",\"@id\":\"https:\/\/elglobal.do\/#website\",\"url\":\"https:\/\/elglobal.do\/\",\"name\":\"EL GLOBAL INFORMATIVO\",\"description\":\"Peri\u00f3dico digital de la Rep\u00fablica Dominicana que ofrece noticias, novedades, pol\u00edtica y las \u00faltimas actualidades, con informaci\u00f3n veraz y oportuna para mantenerte siempre informad\",\"publisher\":{\"@id\":\"https:\/\/elglobal.do\/#organization\"},\"potentialAction\":[{\"@type\":\"SearchAction\",\"target\":{\"@type\":\"EntryPoint\",\"urlTemplate\":\"https:\/\/elglobal.do\/?s={search_term_string}\"},\"query-input\":{\"@type\":\"PropertyValueSpecification\",\"valueRequired\":true,\"valueName\":\"search_term_string\"}}],\"inLanguage\":\"es\"},{\"@type\":\"Organization\",\"@id\":\"https:\/\/elglobal.do\/#organization\",\"name\":\"EL GLOBAL.DO INFORMATIVO\",\"url\":\"https:\/\/elglobal.do\/\",\"logo\":{\"@type\":\"ImageObject\",\"inLanguage\":\"es\",\"@id\":\"https:\/\/elglobal.do\/#\/schema\/logo\/image\/\",\"url\":\"https:\/\/elglobal.do\/wp-content\/uploads\/2025\/08\/icon.png\",\"contentUrl\":\"https:\/\/elglobal.do\/wp-content\/uploads\/2025\/08\/icon.png\",\"width\":512,\"height\":512,\"caption\":\"EL GLOBAL.DO INFORMATIVO\"},\"image\":{\"@id\":\"https:\/\/elglobal.do\/#\/schema\/logo\/image\/\"}},{\"@type\":\"Person\",\"@id\":\"https:\/\/elglobal.do\/#\/schema\/person\/0c97ec2c7714fb605d230c292f64d55f\",\"name\":\"EL GLOBAL\",\"image\":{\"@type\":\"ImageObject\",\"inLanguage\":\"es\",\"@id\":\"https:\/\/elglobal.do\/#\/schema\/person\/image\/\",\"url\":\"https:\/\/secure.gravatar.com\/avatar\/081cfb6cf99faddc6f4e23a0c11ab98c5cf302925382d1c88dc3ed757ab910a3?s=96&d=mm&r=g\",\"contentUrl\":\"https:\/\/secure.gravatar.com\/avatar\/081cfb6cf99faddc6f4e23a0c11ab98c5cf302925382d1c88dc3ed757ab910a3?s=96&d=mm&r=g\",\"caption\":\"EL GLOBAL\"},\"description\":\"El Global Informativo es un peri\u00f3dico digital de Rep\u00fablica Dominicana que se dedica a cubrir temas importantes, como la pol\u00edtica local, geopol\u00edtica, econom\u00eda, tecnolog\u00eda, noticias internacionales y eventos relacionados con la gesti\u00f3n social, cultural y humana. Su objetivo principal es mantener a la poblaci\u00f3n informada, ofreciendo una visi\u00f3n amplia y actualizada de lo que sucede tanto en el pa\u00eds como en el mundo. Est\u00e1 dirigido por un grupo de periodistas experimentados, lo que garantiza la calidad y la precisi\u00f3n de la informaci\u00f3n que ofrecen. Tiene su sede en la ciudad de Santo Domingo y es parte integral del portafolio de la empresa, MC Global S.R.L.\",\"sameAs\":[\"https:\/\/elglobal.do\",\"https:\/\/www.instagram.com\/elglobal.do_informativo\/\"],\"url\":\"https:\/\/elglobal.do\/index.php\/author\/elglobaluserpro\/\"}]}<\/script>\n<!-- \/ Yoast SEO plugin. -->","yoast_head_json":{"title":"Pleno de la SCJ ratifica condena a exdiputada Rosa Amalia Pilarte - EL GLOBAL INFORMATIVO","robots":{"index":"index","follow":"follow","max-snippet":"max-snippet:-1","max-image-preview":"max-image-preview:large","max-video-preview":"max-video-preview:-1"},"canonical":"https:\/\/elglobal.do\/index.php\/2025\/08\/29\/pleno-de-la-scj-ratifica-condena-a-exdiputada-rosa-amalia-pilarte\/","og_locale":"es_ES","og_type":"article","og_title":"Pleno de la SCJ ratifica condena a exdiputada Rosa Amalia Pilarte - EL GLOBAL INFORMATIVO","og_description":"Santo Domingo.-El\u00a0Pleno de la Suprema Corte\u00a0de Justicia (SCJ) ratific\u00f3 este viernes la\u00a0condena\u00a0de cinco a\u00f1os de\u00a0prisi\u00f3n\u00a0a la\u00a0exdiputada de la provincia de La Vega\u00a0Rosa Amalia Pilarte\u00a0por\u00a0lavado de activos. El Pleno confirm\u00f3 la&hellip;","og_url":"https:\/\/elglobal.do\/index.php\/2025\/08\/29\/pleno-de-la-scj-ratifica-condena-a-exdiputada-rosa-amalia-pilarte\/","og_site_name":"EL GLOBAL INFORMATIVO","article_published_time":"2025-08-29T18:18:59+00:00","article_modified_time":"2025-08-29T18:19:02+00:00","og_image":[{"width":896,"height":504,"url":"https:\/\/elglobal.do\/wp-content\/uploads\/2025\/08\/image-66.png","type":"image\/png"}],"author":"EL GLOBAL","twitter_card":"summary_large_image","twitter_misc":{"Escrito por":"EL GLOBAL","Tiempo de lectura":"3 minutos"},"schema":{"@context":"https:\/\/schema.org","@graph":[{"@type":"Article","@id":"https:\/\/elglobal.do\/index.php\/2025\/08\/29\/pleno-de-la-scj-ratifica-condena-a-exdiputada-rosa-amalia-pilarte\/#article","isPartOf":{"@id":"https:\/\/elglobal.do\/index.php\/2025\/08\/29\/pleno-de-la-scj-ratifica-condena-a-exdiputada-rosa-amalia-pilarte\/"},"author":{"name":"EL GLOBAL","@id":"https:\/\/elglobal.do\/#\/schema\/person\/0c97ec2c7714fb605d230c292f64d55f"},"headline":"Pleno de la SCJ ratifica condena a exdiputada Rosa Amalia Pilarte","datePublished":"2025-08-29T18:18:59+00:00","dateModified":"2025-08-29T18:19:02+00:00","mainEntityOfPage":{"@id":"https:\/\/elglobal.do\/index.php\/2025\/08\/29\/pleno-de-la-scj-ratifica-condena-a-exdiputada-rosa-amalia-pilarte\/"},"wordCount":470,"commentCount":0,"publisher":{"@id":"https:\/\/elglobal.do\/#organization"},"image":{"@id":"https:\/\/elglobal.do\/index.php\/2025\/08\/29\/pleno-de-la-scj-ratifica-condena-a-exdiputada-rosa-amalia-pilarte\/#primaryimage"},"thumbnailUrl":"https:\/\/elglobal.do\/wp-content\/uploads\/2025\/08\/image-66.png","keywords":["#Condena","#ElGlobalInformativo","#Exdiputada","#SCJ"],"articleSection":["JUSTICIA"],"inLanguage":"es","potentialAction":[{"@type":"CommentAction","name":"Comment","target":["https:\/\/elglobal.do\/index.php\/2025\/08\/29\/pleno-de-la-scj-ratifica-condena-a-exdiputada-rosa-amalia-pilarte\/#respond"]}]},{"@type":"WebPage","@id":"https:\/\/elglobal.do\/index.php\/2025\/08\/29\/pleno-de-la-scj-ratifica-condena-a-exdiputada-rosa-amalia-pilarte\/","url":"https:\/\/elglobal.do\/index.php\/2025\/08\/29\/pleno-de-la-scj-ratifica-condena-a-exdiputada-rosa-amalia-pilarte\/","name":"Pleno de la SCJ ratifica condena a exdiputada Rosa Amalia Pilarte - EL GLOBAL INFORMATIVO","isPartOf":{"@id":"https:\/\/elglobal.do\/#website"},"primaryImageOfPage":{"@id":"https:\/\/elglobal.do\/index.php\/2025\/08\/29\/pleno-de-la-scj-ratifica-condena-a-exdiputada-rosa-amalia-pilarte\/#primaryimage"},"image":{"@id":"https:\/\/elglobal.do\/index.php\/2025\/08\/29\/pleno-de-la-scj-ratifica-condena-a-exdiputada-rosa-amalia-pilarte\/#primaryimage"},"thumbnailUrl":"https:\/\/elglobal.do\/wp-content\/uploads\/2025\/08\/image-66.png","datePublished":"2025-08-29T18:18:59+00:00","dateModified":"2025-08-29T18:19:02+00:00","breadcrumb":{"@id":"https:\/\/elglobal.do\/index.php\/2025\/08\/29\/pleno-de-la-scj-ratifica-condena-a-exdiputada-rosa-amalia-pilarte\/#breadcrumb"},"inLanguage":"es","potentialAction":[{"@type":"ReadAction","target":["https:\/\/elglobal.do\/index.php\/2025\/08\/29\/pleno-de-la-scj-ratifica-condena-a-exdiputada-rosa-amalia-pilarte\/"]}]},{"@type":"ImageObject","inLanguage":"es","@id":"https:\/\/elglobal.do\/index.php\/2025\/08\/29\/pleno-de-la-scj-ratifica-condena-a-exdiputada-rosa-amalia-pilarte\/#primaryimage","url":"https:\/\/elglobal.do\/wp-content\/uploads\/2025\/08\/image-66.png","contentUrl":"https:\/\/elglobal.do\/wp-content\/uploads\/2025\/08\/image-66.png","width":896,"height":504},{"@type":"BreadcrumbList","@id":"https:\/\/elglobal.do\/index.php\/2025\/08\/29\/pleno-de-la-scj-ratifica-condena-a-exdiputada-rosa-amalia-pilarte\/#breadcrumb","itemListElement":[{"@type":"ListItem","position":1,"name":"Portada","item":"https:\/\/elglobal.do\/"},{"@type":"ListItem","position":2,"name":"Pleno de la SCJ ratifica condena a exdiputada Rosa Amalia Pilarte"}]},{"@type":"WebSite","@id":"https:\/\/elglobal.do\/#website","url":"https:\/\/elglobal.do\/","name":"EL GLOBAL INFORMATIVO","description":"Peri\u00f3dico digital de la Rep\u00fablica Dominicana que ofrece noticias, novedades, pol\u00edtica y las \u00faltimas actualidades, con informaci\u00f3n veraz y oportuna para mantenerte siempre informad","publisher":{"@id":"https:\/\/elglobal.do\/#organization"},"potentialAction":[{"@type":"SearchAction","target":{"@type":"EntryPoint","urlTemplate":"https:\/\/elglobal.do\/?s={search_term_string}"},"query-input":{"@type":"PropertyValueSpecification","valueRequired":true,"valueName":"search_term_string"}}],"inLanguage":"es"},{"@type":"Organization","@id":"https:\/\/elglobal.do\/#organization","name":"EL GLOBAL.DO INFORMATIVO","url":"https:\/\/elglobal.do\/","logo":{"@type":"ImageObject","inLanguage":"es","@id":"https:\/\/elglobal.do\/#\/schema\/logo\/image\/","url":"https:\/\/elglobal.do\/wp-content\/uploads\/2025\/08\/icon.png","contentUrl":"https:\/\/elglobal.do\/wp-content\/uploads\/2025\/08\/icon.png","width":512,"height":512,"caption":"EL GLOBAL.DO INFORMATIVO"},"image":{"@id":"https:\/\/elglobal.do\/#\/schema\/logo\/image\/"}},{"@type":"Person","@id":"https:\/\/elglobal.do\/#\/schema\/person\/0c97ec2c7714fb605d230c292f64d55f","name":"EL GLOBAL","image":{"@type":"ImageObject","inLanguage":"es","@id":"https:\/\/elglobal.do\/#\/schema\/person\/image\/","url":"https:\/\/secure.gravatar.com\/avatar\/081cfb6cf99faddc6f4e23a0c11ab98c5cf302925382d1c88dc3ed757ab910a3?s=96&d=mm&r=g","contentUrl":"https:\/\/secure.gravatar.com\/avatar\/081cfb6cf99faddc6f4e23a0c11ab98c5cf302925382d1c88dc3ed757ab910a3?s=96&d=mm&r=g","caption":"EL GLOBAL"},"description":"El Global Informativo es un peri\u00f3dico digital de Rep\u00fablica Dominicana que se dedica a cubrir temas importantes, como la pol\u00edtica local, geopol\u00edtica, econom\u00eda, tecnolog\u00eda, noticias internacionales y eventos relacionados con la gesti\u00f3n social, cultural y humana. Su objetivo principal es mantener a la poblaci\u00f3n informada, ofreciendo una visi\u00f3n amplia y actualizada de lo que sucede tanto en el pa\u00eds como en el mundo. Est\u00e1 dirigido por un grupo de periodistas experimentados, lo que garantiza la calidad y la precisi\u00f3n de la informaci\u00f3n que ofrecen. Tiene su sede en la ciudad de Santo Domingo y es parte integral del portafolio de la empresa, MC Global S.R.L.","sameAs":["https:\/\/elglobal.do","https:\/\/www.instagram.com\/elglobal.do_informativo\/"],"url":"https:\/\/elglobal.do\/index.php\/author\/elglobaluserpro\/"}]}},"jetpack_featured_media_url":"https:\/\/elglobal.do\/wp-content\/uploads\/2025\/08\/image-66.png","jetpack_sharing_enabled":true,"_links":{"self":[{"href":"https:\/\/elglobal.do\/index.php\/wp-json\/wp\/v2\/posts\/1727","targetHints":{"allow":["GET"]}}],"collection":[{"href":"https:\/\/elglobal.do\/index.php\/wp-json\/wp\/v2\/posts"}],"about":[{"href":"https:\/\/elglobal.do\/index.php\/wp-json\/wp\/v2\/types\/post"}],"author":[{"embeddable":true,"href":"https:\/\/elglobal.do\/index.php\/wp-json\/wp\/v2\/users\/1"}],"replies":[{"embeddable":true,"href":"https:\/\/elglobal.do\/index.php\/wp-json\/wp\/v2\/comments?post=1727"}],"version-history":[{"count":1,"href":"https:\/\/elglobal.do\/index.php\/wp-json\/wp\/v2\/posts\/1727\/revisions"}],"predecessor-version":[{"id":1730,"href":"https:\/\/elglobal.do\/index.php\/wp-json\/wp\/v2\/posts\/1727\/revisions\/1730"}],"wp:featuredmedia":[{"embeddable":true,"href":"https:\/\/elglobal.do\/index.php\/wp-json\/wp\/v2\/media\/1729"}],"wp:attachment":[{"href":"https:\/\/elglobal.do\/index.php\/wp-json\/wp\/v2\/media?parent=1727"}],"wp:term":[{"taxonomy":"category","embeddable":true,"href":"https:\/\/elglobal.do\/index.php\/wp-json\/wp\/v2\/categories?post=1727"},{"taxonomy":"post_tag","embeddable":true,"href":"https:\/\/elglobal.do\/index.php\/wp-json\/wp\/v2\/tags?post=1727"}],"curies":[{"name":"wp","href":"https:\/\/api.w.org\/{rel}","templated":true}]}}