{"id":1744,"date":"2025-08-29T17:38:39","date_gmt":"2025-08-29T21:38:39","guid":{"rendered":"https:\/\/elglobal.do\/?p=1744"},"modified":"2025-08-29T17:43:55","modified_gmt":"2025-08-29T21:43:55","slug":"primera-semana-del-nuevo-ano-escolar-se-desarrollo-con-exito","status":"publish","type":"post","link":"https:\/\/elglobal.do\/index.php\/2025\/08\/29\/primera-semana-del-nuevo-ano-escolar-se-desarrollo-con-exito\/","title":{"rendered":"Primera semana del nuevo a\u00f1o escolar se desarroll\u00f3 con \u00e9xito"},"content":{"rendered":"\n<p><em>Iniciativas como el Programa de Alimentaci\u00f3n Escolar, Transporte Escolar, \u00a8Bono a Mil\u00a8 y \u00a8Vuelta a la Escuela\u00a8 funcionan con normalidad en beneficio de estudiantes y docentes<\/em><\/p>\n\n\n\n<figure class=\"wp-block-image size-large\"><img loading=\"lazy\" decoding=\"async\" width=\"1024\" height=\"723\" src=\"https:\/\/elglobal.do\/wp-content\/uploads\/2025\/08\/Luis-Miguel-1024x723.jpeg\" alt=\"\" class=\"wp-image-1745\" srcset=\"https:\/\/elglobal.do\/wp-content\/uploads\/2025\/08\/Luis-Miguel-1024x723.jpeg 1024w, https:\/\/elglobal.do\/wp-content\/uploads\/2025\/08\/Luis-Miguel-300x212.jpeg 300w, https:\/\/elglobal.do\/wp-content\/uploads\/2025\/08\/Luis-Miguel-768x542.jpeg 768w, https:\/\/elglobal.do\/wp-content\/uploads\/2025\/08\/Luis-Miguel.jpeg 1516w\" sizes=\"auto, (max-width: 1024px) 100vw, 1024px\" \/><figcaption class=\"wp-element-caption\"><em>Luis Miguel De Camps, ministro de Educaci\u00f3n<\/em><\/figcaption><\/figure>\n\n\n\n<p><strong>Santo Domingo. &#8211;<\/strong> La primera semana del inicio del a\u00f1o escolar 2025-2026 se desarroll\u00f3 de manera exitosa, logrando una asistencia de m\u00e1s del 96% de los maestros y garantizando servicios esenciales como alimentaci\u00f3n escolar, materiales did\u00e1cticos y transporte estudiantil para estudiantes y docentes del sistema educativo nacional, as\u00ed lo dio a conocer El Ministerio de Educaci\u00f3n de la Rep\u00fablica Dominicana (MINERD).<\/p>\n\n\n\n<p>El presidente Luis Abinader estuvo inmerso, durante varios meses, en el proceso de inicio de clases, lo que refleja su compromiso con la educaci\u00f3n y el bienestar de los estudiantes dominicanos para que el periodo escolar se desarrolle sin contratiempos.<\/p>\n\n\n\n<p>La presencia del personal administrativo en los planteles fue de un 94%, los monitores un 93% y el personal contratado un 96%, reafirmando el fuerte compromiso institucional con la apertura y funcionamiento de los centros educativos p\u00fablicos.<\/p>\n\n\n\n<p>Cientos de maestros asistieron por primera vez a las aulas, tras nombrarse recientemente, al igual que miembros del personal administrativo, contribuyendo al fortalecimiento de los procesos educativos y did\u00e1cticos.<\/p>\n\n\n\n<p><em><strong>Servicios complementarios garantizan buen funcionamiento del calendario educativo<\/strong><\/em><\/p>\n\n\n\n<p>Como parte de las acciones complementarias al inicio de la docencia, el Ministerio de Educaci\u00f3n suministr\u00f3 5,831,909 raciones alimenticias en el primer d\u00eda, a trav\u00e9s del Instituto Nacional de Bienestar Estudiantil (INABIE), con lo que se garantiza el soporte nutricional durante la jornada escolar.<\/p>\n\n\n\n<p>Adem\u00e1s, m\u00e1s de 1,871 autobuses se desplegaron a distintos puntos del pa\u00eds, a trav\u00e9s del Sistema Nacional de Transporte Estudiantil (TRAE), siendo este uno de los logros m\u00e1s importantes de la gesti\u00f3n del gobernante dominicano en favor de los sectores m\u00e1s necesitados, iniciativa que permiti\u00f3 el traslado de miles de docentes y estudiantes a las escuelas de manera gratuita y segura.<\/p>\n\n\n\n<p>Otra de las iniciativas del presidente Abinader, que garantizan un buen inicio de las clases, es el programa social \u201cBono a Mil\u201d, que beneficiar\u00e1 a m\u00e1s de UN mill\u00f3n de estudiantes, lo que se suma al plan de reinserci\u00f3n escolar \u201cVuelta a la Escuela\u201d, dirigido a adolescentes y j\u00f3venes.<\/p>\n\n\n\n<p>Para garantizar un inicio de a\u00f1o escolar adecuado, tambi\u00e9n el MINERD distribuy\u00f3 140,424 mobiliarios escolares, entre ellos butacas, anaqueles y archivos. Mientras que se entregaron m\u00e1s de 8 millones de materiales did\u00e1cticos, incluyendo libros de texto.<\/p>\n\n\n\n<p>Con los logros antes mencionados, el MINERD sienta las bases para un ciclo escolar productivo y enriquecedor para los estudiantes dominicanos.<\/p>\n\n\n\n<p><\/p>\n","protected":false},"excerpt":{"rendered":"<p>Iniciativas como el Programa de Alimentaci\u00f3n Escolar, Transporte Escolar, \u00a8Bono a Mil\u00a8 y \u00a8Vuelta a la Escuela\u00a8 funcionan con normalidad en beneficio de estudiantes y docentes Santo Domingo. &#8211; La&hellip; <\/p>\n","protected":false},"author":1,"featured_media":1745,"comment_status":"open","ping_status":"open","sticky":false,"template":"","format":"standard","meta":{"_jetpack_memberships_contains_paid_content":false,"footnotes":""},"categories":[119,14],"tags":[757,98,854,159,855],"class_list":["post-1744","post","type-post","status-publish","format-standard","has-post-thumbnail","hentry","category-educacion","category-slider","tag-anoescolar2025-2026","tag-elglobalinformativo","tag-exito","tag-minerd","tag-primerasemana"],"yoast_head":"<!-- This site is optimized with the Yoast SEO plugin v26.9 - https:\/\/yoast.com\/product\/yoast-seo-wordpress\/ -->\n<title>Primera semana del nuevo a\u00f1o escolar se desarroll\u00f3 con \u00e9xito - EL GLOBAL INFORMATIVO<\/title>\n<meta name=\"robots\" content=\"index, follow, max-snippet:-1, max-image-preview:large, max-video-preview:-1\" \/>\n<link rel=\"canonical\" href=\"https:\/\/elglobal.do\/index.php\/2025\/08\/29\/primera-semana-del-nuevo-ano-escolar-se-desarrollo-con-exito\/\" \/>\n<meta property=\"og:locale\" content=\"es_ES\" \/>\n<meta property=\"og:type\" content=\"article\" \/>\n<meta property=\"og:title\" content=\"Primera semana del nuevo a\u00f1o escolar se desarroll\u00f3 con \u00e9xito - EL GLOBAL INFORMATIVO\" \/>\n<meta property=\"og:description\" content=\"Iniciativas como el Programa de Alimentaci\u00f3n Escolar, Transporte Escolar, \u00a8Bono a Mil\u00a8 y \u00a8Vuelta a la Escuela\u00a8 funcionan con normalidad en beneficio de estudiantes y docentes Santo Domingo. &#8211; La&hellip;\" \/>\n<meta property=\"og:url\" content=\"https:\/\/elglobal.do\/index.php\/2025\/08\/29\/primera-semana-del-nuevo-ano-escolar-se-desarrollo-con-exito\/\" \/>\n<meta property=\"og:site_name\" content=\"EL GLOBAL INFORMATIVO\" \/>\n<meta property=\"article:published_time\" content=\"2025-08-29T21:38:39+00:00\" \/>\n<meta property=\"article:modified_time\" content=\"2025-08-29T21:43:55+00:00\" \/>\n<meta property=\"og:image\" content=\"https:\/\/elglobal.do\/wp-content\/uploads\/2025\/08\/Luis-Miguel.jpeg\" \/>\n\t<meta property=\"og:image:width\" content=\"1516\" \/>\n\t<meta property=\"og:image:height\" content=\"1070\" \/>\n\t<meta property=\"og:image:type\" content=\"image\/jpeg\" \/>\n<meta name=\"author\" content=\"EL GLOBAL\" \/>\n<meta name=\"twitter:card\" content=\"summary_large_image\" \/>\n<meta name=\"twitter:label1\" content=\"Escrito por\" \/>\n\t<meta name=\"twitter:data1\" content=\"EL GLOBAL\" \/>\n\t<meta name=\"twitter:label2\" content=\"Tiempo de lectura\" \/>\n\t<meta name=\"twitter:data2\" content=\"3 minutos\" \/>\n<script type=\"application\/ld+json\" class=\"yoast-schema-graph\">{\"@context\":\"https:\/\/schema.org\",\"@graph\":[{\"@type\":\"Article\",\"@id\":\"https:\/\/elglobal.do\/index.php\/2025\/08\/29\/primera-semana-del-nuevo-ano-escolar-se-desarrollo-con-exito\/#article\",\"isPartOf\":{\"@id\":\"https:\/\/elglobal.do\/index.php\/2025\/08\/29\/primera-semana-del-nuevo-ano-escolar-se-desarrollo-con-exito\/\"},\"author\":{\"name\":\"EL GLOBAL\",\"@id\":\"https:\/\/elglobal.do\/#\/schema\/person\/0c97ec2c7714fb605d230c292f64d55f\"},\"headline\":\"Primera semana del nuevo a\u00f1o escolar se desarroll\u00f3 con \u00e9xito\",\"datePublished\":\"2025-08-29T21:38:39+00:00\",\"dateModified\":\"2025-08-29T21:43:55+00:00\",\"mainEntityOfPage\":{\"@id\":\"https:\/\/elglobal.do\/index.php\/2025\/08\/29\/primera-semana-del-nuevo-ano-escolar-se-desarrollo-con-exito\/\"},\"wordCount\":451,\"commentCount\":0,\"publisher\":{\"@id\":\"https:\/\/elglobal.do\/#organization\"},\"image\":{\"@id\":\"https:\/\/elglobal.do\/index.php\/2025\/08\/29\/primera-semana-del-nuevo-ano-escolar-se-desarrollo-con-exito\/#primaryimage\"},\"thumbnailUrl\":\"https:\/\/elglobal.do\/wp-content\/uploads\/2025\/08\/Luis-Miguel.jpeg\",\"keywords\":[\"#a\u00f1oescolar2025-2026\",\"#ElGlobalInformativo\",\"#\u00e9xito\",\"#MINERD\",\"#PrimeraSemana\"],\"articleSection\":[\"EDUCACI\u00d3N\",\"NOTICIAS RELEVANTES\"],\"inLanguage\":\"es\",\"potentialAction\":[{\"@type\":\"CommentAction\",\"name\":\"Comment\",\"target\":[\"https:\/\/elglobal.do\/index.php\/2025\/08\/29\/primera-semana-del-nuevo-ano-escolar-se-desarrollo-con-exito\/#respond\"]}]},{\"@type\":\"WebPage\",\"@id\":\"https:\/\/elglobal.do\/index.php\/2025\/08\/29\/primera-semana-del-nuevo-ano-escolar-se-desarrollo-con-exito\/\",\"url\":\"https:\/\/elglobal.do\/index.php\/2025\/08\/29\/primera-semana-del-nuevo-ano-escolar-se-desarrollo-con-exito\/\",\"name\":\"Primera semana del nuevo a\u00f1o escolar se desarroll\u00f3 con \u00e9xito - EL GLOBAL INFORMATIVO\",\"isPartOf\":{\"@id\":\"https:\/\/elglobal.do\/#website\"},\"primaryImageOfPage\":{\"@id\":\"https:\/\/elglobal.do\/index.php\/2025\/08\/29\/primera-semana-del-nuevo-ano-escolar-se-desarrollo-con-exito\/#primaryimage\"},\"image\":{\"@id\":\"https:\/\/elglobal.do\/index.php\/2025\/08\/29\/primera-semana-del-nuevo-ano-escolar-se-desarrollo-con-exito\/#primaryimage\"},\"thumbnailUrl\":\"https:\/\/elglobal.do\/wp-content\/uploads\/2025\/08\/Luis-Miguel.jpeg\",\"datePublished\":\"2025-08-29T21:38:39+00:00\",\"dateModified\":\"2025-08-29T21:43:55+00:00\",\"breadcrumb\":{\"@id\":\"https:\/\/elglobal.do\/index.php\/2025\/08\/29\/primera-semana-del-nuevo-ano-escolar-se-desarrollo-con-exito\/#breadcrumb\"},\"inLanguage\":\"es\",\"potentialAction\":[{\"@type\":\"ReadAction\",\"target\":[\"https:\/\/elglobal.do\/index.php\/2025\/08\/29\/primera-semana-del-nuevo-ano-escolar-se-desarrollo-con-exito\/\"]}]},{\"@type\":\"ImageObject\",\"inLanguage\":\"es\",\"@id\":\"https:\/\/elglobal.do\/index.php\/2025\/08\/29\/primera-semana-del-nuevo-ano-escolar-se-desarrollo-con-exito\/#primaryimage\",\"url\":\"https:\/\/elglobal.do\/wp-content\/uploads\/2025\/08\/Luis-Miguel.jpeg\",\"contentUrl\":\"https:\/\/elglobal.do\/wp-content\/uploads\/2025\/08\/Luis-Miguel.jpeg\",\"width\":1516,\"height\":1070},{\"@type\":\"BreadcrumbList\",\"@id\":\"https:\/\/elglobal.do\/index.php\/2025\/08\/29\/primera-semana-del-nuevo-ano-escolar-se-desarrollo-con-exito\/#breadcrumb\",\"itemListElement\":[{\"@type\":\"ListItem\",\"position\":1,\"name\":\"Portada\",\"item\":\"https:\/\/elglobal.do\/\"},{\"@type\":\"ListItem\",\"position\":2,\"name\":\"Primera semana del nuevo a\u00f1o escolar se desarroll\u00f3 con \u00e9xito\"}]},{\"@type\":\"WebSite\",\"@id\":\"https:\/\/elglobal.do\/#website\",\"url\":\"https:\/\/elglobal.do\/\",\"name\":\"EL GLOBAL INFORMATIVO\",\"description\":\"Peri\u00f3dico digital de la Rep\u00fablica Dominicana que ofrece noticias, novedades, pol\u00edtica y las \u00faltimas actualidades, con informaci\u00f3n veraz y oportuna para mantenerte siempre informad\",\"publisher\":{\"@id\":\"https:\/\/elglobal.do\/#organization\"},\"potentialAction\":[{\"@type\":\"SearchAction\",\"target\":{\"@type\":\"EntryPoint\",\"urlTemplate\":\"https:\/\/elglobal.do\/?s={search_term_string}\"},\"query-input\":{\"@type\":\"PropertyValueSpecification\",\"valueRequired\":true,\"valueName\":\"search_term_string\"}}],\"inLanguage\":\"es\"},{\"@type\":\"Organization\",\"@id\":\"https:\/\/elglobal.do\/#organization\",\"name\":\"EL GLOBAL.DO INFORMATIVO\",\"url\":\"https:\/\/elglobal.do\/\",\"logo\":{\"@type\":\"ImageObject\",\"inLanguage\":\"es\",\"@id\":\"https:\/\/elglobal.do\/#\/schema\/logo\/image\/\",\"url\":\"https:\/\/elglobal.do\/wp-content\/uploads\/2025\/08\/icon.png\",\"contentUrl\":\"https:\/\/elglobal.do\/wp-content\/uploads\/2025\/08\/icon.png\",\"width\":512,\"height\":512,\"caption\":\"EL GLOBAL.DO INFORMATIVO\"},\"image\":{\"@id\":\"https:\/\/elglobal.do\/#\/schema\/logo\/image\/\"}},{\"@type\":\"Person\",\"@id\":\"https:\/\/elglobal.do\/#\/schema\/person\/0c97ec2c7714fb605d230c292f64d55f\",\"name\":\"EL GLOBAL\",\"image\":{\"@type\":\"ImageObject\",\"inLanguage\":\"es\",\"@id\":\"https:\/\/elglobal.do\/#\/schema\/person\/image\/\",\"url\":\"https:\/\/secure.gravatar.com\/avatar\/081cfb6cf99faddc6f4e23a0c11ab98c5cf302925382d1c88dc3ed757ab910a3?s=96&d=mm&r=g\",\"contentUrl\":\"https:\/\/secure.gravatar.com\/avatar\/081cfb6cf99faddc6f4e23a0c11ab98c5cf302925382d1c88dc3ed757ab910a3?s=96&d=mm&r=g\",\"caption\":\"EL GLOBAL\"},\"description\":\"El Global Informativo es un peri\u00f3dico digital de Rep\u00fablica Dominicana que se dedica a cubrir temas importantes, como la pol\u00edtica local, geopol\u00edtica, econom\u00eda, tecnolog\u00eda, noticias internacionales y eventos relacionados con la gesti\u00f3n social, cultural y humana. Su objetivo principal es mantener a la poblaci\u00f3n informada, ofreciendo una visi\u00f3n amplia y actualizada de lo que sucede tanto en el pa\u00eds como en el mundo. Est\u00e1 dirigido por un grupo de periodistas experimentados, lo que garantiza la calidad y la precisi\u00f3n de la informaci\u00f3n que ofrecen. Tiene su sede en la ciudad de Santo Domingo y es parte integral del portafolio de la empresa, MC Global S.R.L.\",\"sameAs\":[\"https:\/\/elglobal.do\",\"https:\/\/www.instagram.com\/elglobal.do_informativo\/\"],\"url\":\"https:\/\/elglobal.do\/index.php\/author\/elglobaluserpro\/\"}]}<\/script>\n<!-- \/ Yoast SEO plugin. -->","yoast_head_json":{"title":"Primera semana del nuevo a\u00f1o escolar se desarroll\u00f3 con \u00e9xito - EL GLOBAL INFORMATIVO","robots":{"index":"index","follow":"follow","max-snippet":"max-snippet:-1","max-image-preview":"max-image-preview:large","max-video-preview":"max-video-preview:-1"},"canonical":"https:\/\/elglobal.do\/index.php\/2025\/08\/29\/primera-semana-del-nuevo-ano-escolar-se-desarrollo-con-exito\/","og_locale":"es_ES","og_type":"article","og_title":"Primera semana del nuevo a\u00f1o escolar se desarroll\u00f3 con \u00e9xito - EL GLOBAL INFORMATIVO","og_description":"Iniciativas como el Programa de Alimentaci\u00f3n Escolar, Transporte Escolar, \u00a8Bono a Mil\u00a8 y \u00a8Vuelta a la Escuela\u00a8 funcionan con normalidad en beneficio de estudiantes y docentes Santo Domingo. &#8211; La&hellip;","og_url":"https:\/\/elglobal.do\/index.php\/2025\/08\/29\/primera-semana-del-nuevo-ano-escolar-se-desarrollo-con-exito\/","og_site_name":"EL GLOBAL INFORMATIVO","article_published_time":"2025-08-29T21:38:39+00:00","article_modified_time":"2025-08-29T21:43:55+00:00","og_image":[{"width":1516,"height":1070,"url":"https:\/\/elglobal.do\/wp-content\/uploads\/2025\/08\/Luis-Miguel.jpeg","type":"image\/jpeg"}],"author":"EL GLOBAL","twitter_card":"summary_large_image","twitter_misc":{"Escrito por":"EL GLOBAL","Tiempo de lectura":"3 minutos"},"schema":{"@context":"https:\/\/schema.org","@graph":[{"@type":"Article","@id":"https:\/\/elglobal.do\/index.php\/2025\/08\/29\/primera-semana-del-nuevo-ano-escolar-se-desarrollo-con-exito\/#article","isPartOf":{"@id":"https:\/\/elglobal.do\/index.php\/2025\/08\/29\/primera-semana-del-nuevo-ano-escolar-se-desarrollo-con-exito\/"},"author":{"name":"EL GLOBAL","@id":"https:\/\/elglobal.do\/#\/schema\/person\/0c97ec2c7714fb605d230c292f64d55f"},"headline":"Primera semana del nuevo a\u00f1o escolar se desarroll\u00f3 con \u00e9xito","datePublished":"2025-08-29T21:38:39+00:00","dateModified":"2025-08-29T21:43:55+00:00","mainEntityOfPage":{"@id":"https:\/\/elglobal.do\/index.php\/2025\/08\/29\/primera-semana-del-nuevo-ano-escolar-se-desarrollo-con-exito\/"},"wordCount":451,"commentCount":0,"publisher":{"@id":"https:\/\/elglobal.do\/#organization"},"image":{"@id":"https:\/\/elglobal.do\/index.php\/2025\/08\/29\/primera-semana-del-nuevo-ano-escolar-se-desarrollo-con-exito\/#primaryimage"},"thumbnailUrl":"https:\/\/elglobal.do\/wp-content\/uploads\/2025\/08\/Luis-Miguel.jpeg","keywords":["#a\u00f1oescolar2025-2026","#ElGlobalInformativo","#\u00e9xito","#MINERD","#PrimeraSemana"],"articleSection":["EDUCACI\u00d3N","NOTICIAS RELEVANTES"],"inLanguage":"es","potentialAction":[{"@type":"CommentAction","name":"Comment","target":["https:\/\/elglobal.do\/index.php\/2025\/08\/29\/primera-semana-del-nuevo-ano-escolar-se-desarrollo-con-exito\/#respond"]}]},{"@type":"WebPage","@id":"https:\/\/elglobal.do\/index.php\/2025\/08\/29\/primera-semana-del-nuevo-ano-escolar-se-desarrollo-con-exito\/","url":"https:\/\/elglobal.do\/index.php\/2025\/08\/29\/primera-semana-del-nuevo-ano-escolar-se-desarrollo-con-exito\/","name":"Primera semana del nuevo a\u00f1o escolar se desarroll\u00f3 con \u00e9xito - EL GLOBAL INFORMATIVO","isPartOf":{"@id":"https:\/\/elglobal.do\/#website"},"primaryImageOfPage":{"@id":"https:\/\/elglobal.do\/index.php\/2025\/08\/29\/primera-semana-del-nuevo-ano-escolar-se-desarrollo-con-exito\/#primaryimage"},"image":{"@id":"https:\/\/elglobal.do\/index.php\/2025\/08\/29\/primera-semana-del-nuevo-ano-escolar-se-desarrollo-con-exito\/#primaryimage"},"thumbnailUrl":"https:\/\/elglobal.do\/wp-content\/uploads\/2025\/08\/Luis-Miguel.jpeg","datePublished":"2025-08-29T21:38:39+00:00","dateModified":"2025-08-29T21:43:55+00:00","breadcrumb":{"@id":"https:\/\/elglobal.do\/index.php\/2025\/08\/29\/primera-semana-del-nuevo-ano-escolar-se-desarrollo-con-exito\/#breadcrumb"},"inLanguage":"es","potentialAction":[{"@type":"ReadAction","target":["https:\/\/elglobal.do\/index.php\/2025\/08\/29\/primera-semana-del-nuevo-ano-escolar-se-desarrollo-con-exito\/"]}]},{"@type":"ImageObject","inLanguage":"es","@id":"https:\/\/elglobal.do\/index.php\/2025\/08\/29\/primera-semana-del-nuevo-ano-escolar-se-desarrollo-con-exito\/#primaryimage","url":"https:\/\/elglobal.do\/wp-content\/uploads\/2025\/08\/Luis-Miguel.jpeg","contentUrl":"https:\/\/elglobal.do\/wp-content\/uploads\/2025\/08\/Luis-Miguel.jpeg","width":1516,"height":1070},{"@type":"BreadcrumbList","@id":"https:\/\/elglobal.do\/index.php\/2025\/08\/29\/primera-semana-del-nuevo-ano-escolar-se-desarrollo-con-exito\/#breadcrumb","itemListElement":[{"@type":"ListItem","position":1,"name":"Portada","item":"https:\/\/elglobal.do\/"},{"@type":"ListItem","position":2,"name":"Primera semana del nuevo a\u00f1o escolar se desarroll\u00f3 con \u00e9xito"}]},{"@type":"WebSite","@id":"https:\/\/elglobal.do\/#website","url":"https:\/\/elglobal.do\/","name":"EL GLOBAL INFORMATIVO","description":"Peri\u00f3dico digital de la Rep\u00fablica Dominicana que ofrece noticias, novedades, pol\u00edtica y las \u00faltimas actualidades, con informaci\u00f3n veraz y oportuna para mantenerte siempre informad","publisher":{"@id":"https:\/\/elglobal.do\/#organization"},"potentialAction":[{"@type":"SearchAction","target":{"@type":"EntryPoint","urlTemplate":"https:\/\/elglobal.do\/?s={search_term_string}"},"query-input":{"@type":"PropertyValueSpecification","valueRequired":true,"valueName":"search_term_string"}}],"inLanguage":"es"},{"@type":"Organization","@id":"https:\/\/elglobal.do\/#organization","name":"EL GLOBAL.DO INFORMATIVO","url":"https:\/\/elglobal.do\/","logo":{"@type":"ImageObject","inLanguage":"es","@id":"https:\/\/elglobal.do\/#\/schema\/logo\/image\/","url":"https:\/\/elglobal.do\/wp-content\/uploads\/2025\/08\/icon.png","contentUrl":"https:\/\/elglobal.do\/wp-content\/uploads\/2025\/08\/icon.png","width":512,"height":512,"caption":"EL GLOBAL.DO INFORMATIVO"},"image":{"@id":"https:\/\/elglobal.do\/#\/schema\/logo\/image\/"}},{"@type":"Person","@id":"https:\/\/elglobal.do\/#\/schema\/person\/0c97ec2c7714fb605d230c292f64d55f","name":"EL GLOBAL","image":{"@type":"ImageObject","inLanguage":"es","@id":"https:\/\/elglobal.do\/#\/schema\/person\/image\/","url":"https:\/\/secure.gravatar.com\/avatar\/081cfb6cf99faddc6f4e23a0c11ab98c5cf302925382d1c88dc3ed757ab910a3?s=96&d=mm&r=g","contentUrl":"https:\/\/secure.gravatar.com\/avatar\/081cfb6cf99faddc6f4e23a0c11ab98c5cf302925382d1c88dc3ed757ab910a3?s=96&d=mm&r=g","caption":"EL GLOBAL"},"description":"El Global Informativo es un peri\u00f3dico digital de Rep\u00fablica Dominicana que se dedica a cubrir temas importantes, como la pol\u00edtica local, geopol\u00edtica, econom\u00eda, tecnolog\u00eda, noticias internacionales y eventos relacionados con la gesti\u00f3n social, cultural y humana. Su objetivo principal es mantener a la poblaci\u00f3n informada, ofreciendo una visi\u00f3n amplia y actualizada de lo que sucede tanto en el pa\u00eds como en el mundo. Est\u00e1 dirigido por un grupo de periodistas experimentados, lo que garantiza la calidad y la precisi\u00f3n de la informaci\u00f3n que ofrecen. Tiene su sede en la ciudad de Santo Domingo y es parte integral del portafolio de la empresa, MC Global S.R.L.","sameAs":["https:\/\/elglobal.do","https:\/\/www.instagram.com\/elglobal.do_informativo\/"],"url":"https:\/\/elglobal.do\/index.php\/author\/elglobaluserpro\/"}]}},"jetpack_featured_media_url":"https:\/\/elglobal.do\/wp-content\/uploads\/2025\/08\/Luis-Miguel.jpeg","jetpack_sharing_enabled":true,"_links":{"self":[{"href":"https:\/\/elglobal.do\/index.php\/wp-json\/wp\/v2\/posts\/1744","targetHints":{"allow":["GET"]}}],"collection":[{"href":"https:\/\/elglobal.do\/index.php\/wp-json\/wp\/v2\/posts"}],"about":[{"href":"https:\/\/elglobal.do\/index.php\/wp-json\/wp\/v2\/types\/post"}],"author":[{"embeddable":true,"href":"https:\/\/elglobal.do\/index.php\/wp-json\/wp\/v2\/users\/1"}],"replies":[{"embeddable":true,"href":"https:\/\/elglobal.do\/index.php\/wp-json\/wp\/v2\/comments?post=1744"}],"version-history":[{"count":2,"href":"https:\/\/elglobal.do\/index.php\/wp-json\/wp\/v2\/posts\/1744\/revisions"}],"predecessor-version":[{"id":1748,"href":"https:\/\/elglobal.do\/index.php\/wp-json\/wp\/v2\/posts\/1744\/revisions\/1748"}],"wp:featuredmedia":[{"embeddable":true,"href":"https:\/\/elglobal.do\/index.php\/wp-json\/wp\/v2\/media\/1745"}],"wp:attachment":[{"href":"https:\/\/elglobal.do\/index.php\/wp-json\/wp\/v2\/media?parent=1744"}],"wp:term":[{"taxonomy":"category","embeddable":true,"href":"https:\/\/elglobal.do\/index.php\/wp-json\/wp\/v2\/categories?post=1744"},{"taxonomy":"post_tag","embeddable":true,"href":"https:\/\/elglobal.do\/index.php\/wp-json\/wp\/v2\/tags?post=1744"}],"curies":[{"name":"wp","href":"https:\/\/api.w.org\/{rel}","templated":true}]}}