{"id":1792,"date":"2025-09-01T12:28:22","date_gmt":"2025-09-01T16:28:22","guid":{"rendered":"https:\/\/elglobal.do\/?p=1792"},"modified":"2025-09-01T12:28:25","modified_gmt":"2025-09-01T16:28:25","slug":"camion-recolector-provoca-fatal-accidente-en-veron-seis-muertos-y-14-lesionados","status":"publish","type":"post","link":"https:\/\/elglobal.do\/index.php\/2025\/09\/01\/camion-recolector-provoca-fatal-accidente-en-veron-seis-muertos-y-14-lesionados\/","title":{"rendered":"Cami\u00f3n recolector provoca fatal accidente en Ver\u00f3n: seis muertos y 14 lesionados"},"content":{"rendered":"\n<figure class=\"wp-block-image size-full\"><img loading=\"lazy\" decoding=\"async\" width=\"800\" height=\"600\" src=\"https:\/\/elglobal.do\/wp-content\/uploads\/2025\/09\/image-6.png\" alt=\"\" class=\"wp-image-1793\" srcset=\"https:\/\/elglobal.do\/wp-content\/uploads\/2025\/09\/image-6.png 800w, https:\/\/elglobal.do\/wp-content\/uploads\/2025\/09\/image-6-300x225.png 300w, https:\/\/elglobal.do\/wp-content\/uploads\/2025\/09\/image-6-768x576.png 768w\" sizes=\"auto, (max-width: 800px) 100vw, 800px\" \/><\/figure>\n\n\n\n<p><strong>Higuey.<\/strong>-La tragedia por un\u00a0<strong>accidente de tr\u00e1nsito<\/strong>\u00a0enlutece a la regi\u00f3n este, ahora con la muerte de al menos seis personas\u00a0 y otras\u00a0<strong>14 heridas<\/strong>\u00a0tras impactar un\u00a0<strong>cami\u00f3n<\/strong>\u00a0recolector de residuos s\u00f3lidos con una camioneta que transportaba a un grupo que regresaba de participar en un culto religioso.<\/p>\n\n\n\n<p>El\u00a0<strong>accidente<\/strong>\u00a0ocurri\u00f3 pasadas las 11:00 de la noche del s\u00e1bado en la carretera Hig\u00fcey -Macao, en la localidad de\u00a0<strong>La Ceiba del Salado<\/strong>, en\u00a0<strong>Ver\u00f3n<\/strong>.\u00a0<\/p>\n\n\n\n<p>La camioneta cargada de personas disminuy\u00f3 la&nbsp;<strong>velocidad&nbsp;<\/strong>en un reductor de los denominados&nbsp;<strong>polic\u00edas acostados<\/strong>&nbsp;y en ese momento el&nbsp;<strong>cami\u00f3n<\/strong>, que seg\u00fan testigos transitaba a alta velocidad, la choc\u00f3. Cuatro personas fallecieron en el acto, entre ellas dos mujeres.<\/p>\n\n\n\n<p>Asimismo, un motorista que pasaba por el lugar en ese momento&nbsp; transportando a una ni\u00f1a y a una persona adulta, tambi\u00e9n fue atropellado, mientras el&nbsp;<strong>cami\u00f3n corr\u00eda sin detenerse<\/strong>&nbsp;durante m\u00e1s de 25 metros<\/p>\n\n\n\n<p>Se dijo que el conductor alega que los frenos del veh\u00edculo no respondieron, pero testigos del&nbsp;<strong>accidente<\/strong>&nbsp;aseguraron que transitaba a alta velocidad en una zona llana y, adem\u00e1s,&nbsp; que ten\u00eda una&nbsp;<strong>peque\u00f1a botella de ron<\/strong>&nbsp; en un bolsillo.&nbsp;<\/p>\n\n\n\n<p>Efectivamente, seg\u00fan informes, en la prueba a que fue sometido el conductor del\u00a0<strong>cami\u00f3n<\/strong>, identificado como\u00a0<strong>Jos\u00e9 Laurencio Severino<\/strong>, de 57 a\u00f1os, este dio positivo a alcohol con un 0.42 MG\/L. Laurencio Severino fue\u00a0<strong>apresado para ser sometido a la justicia<\/strong>.<\/p>\n\n\n\n<p><strong>Heridos y fallecidos<\/strong><\/p>\n\n\n\n<p>El\u00a0<strong>Hospital General y de Especialidades Nuestra Se\u00f1ora de La Altagracia<\/strong>\u00a0recibi\u00f3 nueve pacientes. De estos, siete presentaban diferentes tipos de traumas y se encuentran bajo atenci\u00f3n m\u00e9dica especializada, mientras que\u00a0<strong>dos fallecieron<\/strong>\u00a0a causa de m\u00faltiples lesiones.<\/p>\n\n\n\n<p>La ubicaci\u00f3n de los dem\u00e1s heridos no se estableci\u00f3. Las autoridades identificaron a los fallecidos como: Ingrid\u00a0 Yan Batiste, de 36 a\u00f1os;\u00a0 Milenor Yan, de 50,\u00a0 Youseka Yan Rimpel, de 19;\u00a0 Jael Lauf, de 35; Estefani\u00a0 Guraud, de 33 y Rosalva Yanairis Castro Yan de 13 a\u00f1os.<\/p>\n\n\n\n<p><strong>Gobernadora<\/strong><\/p>\n\n\n\n<p>La\u00a0<strong>gobernadora de La Altagracia, Daisy De \u00d3leo de Bastardo<\/strong>, quien tambi\u00e9n es pediatra, dijo que tan pronto se informaron del\u00a0<strong>choque del cami\u00f3n<\/strong>\u00a0recolector de basurera con una motocicleta y la camioneta, donde iba un grupo de persona, convocaron a todos los m\u00e9dicos para dar las asistencias correspondientes.<\/p>\n\n\n\n<p>La Gobernadora encabez\u00f3 una rueda de prensa con las autoridades de los centros y todos los que intervinieron en las asistencias. Dijo que hay 19 personas involucradas en el accidente, cuatro fallecieron en el lugar y dos en el hospital.<\/p>\n\n\n\n<p>El representante local de la Direcci\u00f3n General de Tr\u00e1nsito Terrestre (&nbsp;<strong>Digesett<\/strong>), dijo que el conductor del cami\u00f3n recolector de basura, primero impact\u00f3 una motocicleta, luego la camioneta.<\/p>\n\n\n\n<p><\/p>\n","protected":false},"excerpt":{"rendered":"<p>Higuey.-La tragedia por un\u00a0accidente de tr\u00e1nsito\u00a0enlutece a la regi\u00f3n este, ahora con la muerte de al menos seis personas\u00a0 y otras\u00a014 heridas\u00a0tras impactar un\u00a0cami\u00f3n\u00a0recolector de residuos s\u00f3lidos con una camioneta&hellip; <\/p>\n","protected":false},"author":1,"featured_media":1793,"comment_status":"open","ping_status":"open","sticky":false,"template":"","format":"standard","meta":{"_jetpack_memberships_contains_paid_content":false,"footnotes":""},"categories":[40],"tags":[878,872,879,873],"class_list":["post-1792","post","type-post","status-publish","format-standard","has-post-thumbnail","hentry","category-nacionales","tag-accidente","tag-heridos","tag-laceiba","tag-muertos"],"yoast_head":"<!-- This site is optimized with the Yoast SEO plugin v26.9 - https:\/\/yoast.com\/product\/yoast-seo-wordpress\/ -->\n<title>Cami\u00f3n recolector provoca fatal accidente en Ver\u00f3n: seis muertos y 14 lesionados - EL GLOBAL INFORMATIVO<\/title>\n<meta name=\"robots\" content=\"index, follow, max-snippet:-1, max-image-preview:large, max-video-preview:-1\" \/>\n<link rel=\"canonical\" href=\"https:\/\/elglobal.do\/index.php\/2025\/09\/01\/camion-recolector-provoca-fatal-accidente-en-veron-seis-muertos-y-14-lesionados\/\" \/>\n<meta property=\"og:locale\" content=\"es_ES\" \/>\n<meta property=\"og:type\" content=\"article\" \/>\n<meta property=\"og:title\" content=\"Cami\u00f3n recolector provoca fatal accidente en Ver\u00f3n: seis muertos y 14 lesionados - EL GLOBAL INFORMATIVO\" \/>\n<meta property=\"og:description\" content=\"Higuey.-La tragedia por un\u00a0accidente de tr\u00e1nsito\u00a0enlutece a la regi\u00f3n este, ahora con la muerte de al menos seis personas\u00a0 y otras\u00a014 heridas\u00a0tras impactar un\u00a0cami\u00f3n\u00a0recolector de residuos s\u00f3lidos con una camioneta&hellip;\" \/>\n<meta property=\"og:url\" content=\"https:\/\/elglobal.do\/index.php\/2025\/09\/01\/camion-recolector-provoca-fatal-accidente-en-veron-seis-muertos-y-14-lesionados\/\" \/>\n<meta property=\"og:site_name\" content=\"EL GLOBAL INFORMATIVO\" \/>\n<meta property=\"article:published_time\" content=\"2025-09-01T16:28:22+00:00\" \/>\n<meta property=\"article:modified_time\" content=\"2025-09-01T16:28:25+00:00\" \/>\n<meta property=\"og:image\" content=\"https:\/\/elglobal.do\/wp-content\/uploads\/2025\/09\/image-6.png\" \/>\n\t<meta property=\"og:image:width\" content=\"800\" \/>\n\t<meta property=\"og:image:height\" content=\"600\" \/>\n\t<meta property=\"og:image:type\" content=\"image\/png\" \/>\n<meta name=\"author\" content=\"EL GLOBAL\" \/>\n<meta name=\"twitter:card\" content=\"summary_large_image\" \/>\n<meta name=\"twitter:label1\" content=\"Escrito por\" \/>\n\t<meta name=\"twitter:data1\" content=\"EL GLOBAL\" \/>\n\t<meta name=\"twitter:label2\" content=\"Tiempo de lectura\" \/>\n\t<meta name=\"twitter:data2\" content=\"3 minutos\" \/>\n<script type=\"application\/ld+json\" class=\"yoast-schema-graph\">{\"@context\":\"https:\/\/schema.org\",\"@graph\":[{\"@type\":\"Article\",\"@id\":\"https:\/\/elglobal.do\/index.php\/2025\/09\/01\/camion-recolector-provoca-fatal-accidente-en-veron-seis-muertos-y-14-lesionados\/#article\",\"isPartOf\":{\"@id\":\"https:\/\/elglobal.do\/index.php\/2025\/09\/01\/camion-recolector-provoca-fatal-accidente-en-veron-seis-muertos-y-14-lesionados\/\"},\"author\":{\"name\":\"EL GLOBAL\",\"@id\":\"https:\/\/elglobal.do\/#\/schema\/person\/0c97ec2c7714fb605d230c292f64d55f\"},\"headline\":\"Cami\u00f3n recolector provoca fatal accidente en Ver\u00f3n: seis muertos y 14 lesionados\",\"datePublished\":\"2025-09-01T16:28:22+00:00\",\"dateModified\":\"2025-09-01T16:28:25+00:00\",\"mainEntityOfPage\":{\"@id\":\"https:\/\/elglobal.do\/index.php\/2025\/09\/01\/camion-recolector-provoca-fatal-accidente-en-veron-seis-muertos-y-14-lesionados\/\"},\"wordCount\":489,\"commentCount\":0,\"publisher\":{\"@id\":\"https:\/\/elglobal.do\/#organization\"},\"image\":{\"@id\":\"https:\/\/elglobal.do\/index.php\/2025\/09\/01\/camion-recolector-provoca-fatal-accidente-en-veron-seis-muertos-y-14-lesionados\/#primaryimage\"},\"thumbnailUrl\":\"https:\/\/elglobal.do\/wp-content\/uploads\/2025\/09\/image-6.png\",\"keywords\":[\"#Accidente\",\"#Heridos\",\"#LaCeiba\",\"#Muertos\"],\"articleSection\":[\"NACIONALES\"],\"inLanguage\":\"es\",\"potentialAction\":[{\"@type\":\"CommentAction\",\"name\":\"Comment\",\"target\":[\"https:\/\/elglobal.do\/index.php\/2025\/09\/01\/camion-recolector-provoca-fatal-accidente-en-veron-seis-muertos-y-14-lesionados\/#respond\"]}]},{\"@type\":\"WebPage\",\"@id\":\"https:\/\/elglobal.do\/index.php\/2025\/09\/01\/camion-recolector-provoca-fatal-accidente-en-veron-seis-muertos-y-14-lesionados\/\",\"url\":\"https:\/\/elglobal.do\/index.php\/2025\/09\/01\/camion-recolector-provoca-fatal-accidente-en-veron-seis-muertos-y-14-lesionados\/\",\"name\":\"Cami\u00f3n recolector provoca fatal accidente en Ver\u00f3n: seis muertos y 14 lesionados - EL GLOBAL INFORMATIVO\",\"isPartOf\":{\"@id\":\"https:\/\/elglobal.do\/#website\"},\"primaryImageOfPage\":{\"@id\":\"https:\/\/elglobal.do\/index.php\/2025\/09\/01\/camion-recolector-provoca-fatal-accidente-en-veron-seis-muertos-y-14-lesionados\/#primaryimage\"},\"image\":{\"@id\":\"https:\/\/elglobal.do\/index.php\/2025\/09\/01\/camion-recolector-provoca-fatal-accidente-en-veron-seis-muertos-y-14-lesionados\/#primaryimage\"},\"thumbnailUrl\":\"https:\/\/elglobal.do\/wp-content\/uploads\/2025\/09\/image-6.png\",\"datePublished\":\"2025-09-01T16:28:22+00:00\",\"dateModified\":\"2025-09-01T16:28:25+00:00\",\"breadcrumb\":{\"@id\":\"https:\/\/elglobal.do\/index.php\/2025\/09\/01\/camion-recolector-provoca-fatal-accidente-en-veron-seis-muertos-y-14-lesionados\/#breadcrumb\"},\"inLanguage\":\"es\",\"potentialAction\":[{\"@type\":\"ReadAction\",\"target\":[\"https:\/\/elglobal.do\/index.php\/2025\/09\/01\/camion-recolector-provoca-fatal-accidente-en-veron-seis-muertos-y-14-lesionados\/\"]}]},{\"@type\":\"ImageObject\",\"inLanguage\":\"es\",\"@id\":\"https:\/\/elglobal.do\/index.php\/2025\/09\/01\/camion-recolector-provoca-fatal-accidente-en-veron-seis-muertos-y-14-lesionados\/#primaryimage\",\"url\":\"https:\/\/elglobal.do\/wp-content\/uploads\/2025\/09\/image-6.png\",\"contentUrl\":\"https:\/\/elglobal.do\/wp-content\/uploads\/2025\/09\/image-6.png\",\"width\":800,\"height\":600},{\"@type\":\"BreadcrumbList\",\"@id\":\"https:\/\/elglobal.do\/index.php\/2025\/09\/01\/camion-recolector-provoca-fatal-accidente-en-veron-seis-muertos-y-14-lesionados\/#breadcrumb\",\"itemListElement\":[{\"@type\":\"ListItem\",\"position\":1,\"name\":\"Portada\",\"item\":\"https:\/\/elglobal.do\/\"},{\"@type\":\"ListItem\",\"position\":2,\"name\":\"Cami\u00f3n recolector provoca fatal accidente en Ver\u00f3n: seis muertos y 14 lesionados\"}]},{\"@type\":\"WebSite\",\"@id\":\"https:\/\/elglobal.do\/#website\",\"url\":\"https:\/\/elglobal.do\/\",\"name\":\"EL GLOBAL INFORMATIVO\",\"description\":\"Peri\u00f3dico digital de la Rep\u00fablica Dominicana que ofrece noticias, novedades, pol\u00edtica y las \u00faltimas actualidades, con informaci\u00f3n veraz y oportuna para mantenerte siempre informad\",\"publisher\":{\"@id\":\"https:\/\/elglobal.do\/#organization\"},\"potentialAction\":[{\"@type\":\"SearchAction\",\"target\":{\"@type\":\"EntryPoint\",\"urlTemplate\":\"https:\/\/elglobal.do\/?s={search_term_string}\"},\"query-input\":{\"@type\":\"PropertyValueSpecification\",\"valueRequired\":true,\"valueName\":\"search_term_string\"}}],\"inLanguage\":\"es\"},{\"@type\":\"Organization\",\"@id\":\"https:\/\/elglobal.do\/#organization\",\"name\":\"EL GLOBAL.DO INFORMATIVO\",\"url\":\"https:\/\/elglobal.do\/\",\"logo\":{\"@type\":\"ImageObject\",\"inLanguage\":\"es\",\"@id\":\"https:\/\/elglobal.do\/#\/schema\/logo\/image\/\",\"url\":\"https:\/\/elglobal.do\/wp-content\/uploads\/2025\/08\/icon.png\",\"contentUrl\":\"https:\/\/elglobal.do\/wp-content\/uploads\/2025\/08\/icon.png\",\"width\":512,\"height\":512,\"caption\":\"EL GLOBAL.DO INFORMATIVO\"},\"image\":{\"@id\":\"https:\/\/elglobal.do\/#\/schema\/logo\/image\/\"}},{\"@type\":\"Person\",\"@id\":\"https:\/\/elglobal.do\/#\/schema\/person\/0c97ec2c7714fb605d230c292f64d55f\",\"name\":\"EL GLOBAL\",\"image\":{\"@type\":\"ImageObject\",\"inLanguage\":\"es\",\"@id\":\"https:\/\/elglobal.do\/#\/schema\/person\/image\/\",\"url\":\"https:\/\/secure.gravatar.com\/avatar\/081cfb6cf99faddc6f4e23a0c11ab98c5cf302925382d1c88dc3ed757ab910a3?s=96&d=mm&r=g\",\"contentUrl\":\"https:\/\/secure.gravatar.com\/avatar\/081cfb6cf99faddc6f4e23a0c11ab98c5cf302925382d1c88dc3ed757ab910a3?s=96&d=mm&r=g\",\"caption\":\"EL GLOBAL\"},\"description\":\"El Global Informativo es un peri\u00f3dico digital de Rep\u00fablica Dominicana que se dedica a cubrir temas importantes, como la pol\u00edtica local, geopol\u00edtica, econom\u00eda, tecnolog\u00eda, noticias internacionales y eventos relacionados con la gesti\u00f3n social, cultural y humana. Su objetivo principal es mantener a la poblaci\u00f3n informada, ofreciendo una visi\u00f3n amplia y actualizada de lo que sucede tanto en el pa\u00eds como en el mundo. Est\u00e1 dirigido por un grupo de periodistas experimentados, lo que garantiza la calidad y la precisi\u00f3n de la informaci\u00f3n que ofrecen. Tiene su sede en la ciudad de Santo Domingo y es parte integral del portafolio de la empresa, MC Global S.R.L.\",\"sameAs\":[\"https:\/\/elglobal.do\",\"https:\/\/www.instagram.com\/elglobal.do_informativo\/\"],\"url\":\"https:\/\/elglobal.do\/index.php\/author\/elglobaluserpro\/\"}]}<\/script>\n<!-- \/ Yoast SEO plugin. -->","yoast_head_json":{"title":"Cami\u00f3n recolector provoca fatal accidente en Ver\u00f3n: seis muertos y 14 lesionados - EL GLOBAL INFORMATIVO","robots":{"index":"index","follow":"follow","max-snippet":"max-snippet:-1","max-image-preview":"max-image-preview:large","max-video-preview":"max-video-preview:-1"},"canonical":"https:\/\/elglobal.do\/index.php\/2025\/09\/01\/camion-recolector-provoca-fatal-accidente-en-veron-seis-muertos-y-14-lesionados\/","og_locale":"es_ES","og_type":"article","og_title":"Cami\u00f3n recolector provoca fatal accidente en Ver\u00f3n: seis muertos y 14 lesionados - EL GLOBAL INFORMATIVO","og_description":"Higuey.-La tragedia por un\u00a0accidente de tr\u00e1nsito\u00a0enlutece a la regi\u00f3n este, ahora con la muerte de al menos seis personas\u00a0 y otras\u00a014 heridas\u00a0tras impactar un\u00a0cami\u00f3n\u00a0recolector de residuos s\u00f3lidos con una camioneta&hellip;","og_url":"https:\/\/elglobal.do\/index.php\/2025\/09\/01\/camion-recolector-provoca-fatal-accidente-en-veron-seis-muertos-y-14-lesionados\/","og_site_name":"EL GLOBAL INFORMATIVO","article_published_time":"2025-09-01T16:28:22+00:00","article_modified_time":"2025-09-01T16:28:25+00:00","og_image":[{"width":800,"height":600,"url":"https:\/\/elglobal.do\/wp-content\/uploads\/2025\/09\/image-6.png","type":"image\/png"}],"author":"EL GLOBAL","twitter_card":"summary_large_image","twitter_misc":{"Escrito por":"EL GLOBAL","Tiempo de lectura":"3 minutos"},"schema":{"@context":"https:\/\/schema.org","@graph":[{"@type":"Article","@id":"https:\/\/elglobal.do\/index.php\/2025\/09\/01\/camion-recolector-provoca-fatal-accidente-en-veron-seis-muertos-y-14-lesionados\/#article","isPartOf":{"@id":"https:\/\/elglobal.do\/index.php\/2025\/09\/01\/camion-recolector-provoca-fatal-accidente-en-veron-seis-muertos-y-14-lesionados\/"},"author":{"name":"EL GLOBAL","@id":"https:\/\/elglobal.do\/#\/schema\/person\/0c97ec2c7714fb605d230c292f64d55f"},"headline":"Cami\u00f3n recolector provoca fatal accidente en Ver\u00f3n: seis muertos y 14 lesionados","datePublished":"2025-09-01T16:28:22+00:00","dateModified":"2025-09-01T16:28:25+00:00","mainEntityOfPage":{"@id":"https:\/\/elglobal.do\/index.php\/2025\/09\/01\/camion-recolector-provoca-fatal-accidente-en-veron-seis-muertos-y-14-lesionados\/"},"wordCount":489,"commentCount":0,"publisher":{"@id":"https:\/\/elglobal.do\/#organization"},"image":{"@id":"https:\/\/elglobal.do\/index.php\/2025\/09\/01\/camion-recolector-provoca-fatal-accidente-en-veron-seis-muertos-y-14-lesionados\/#primaryimage"},"thumbnailUrl":"https:\/\/elglobal.do\/wp-content\/uploads\/2025\/09\/image-6.png","keywords":["#Accidente","#Heridos","#LaCeiba","#Muertos"],"articleSection":["NACIONALES"],"inLanguage":"es","potentialAction":[{"@type":"CommentAction","name":"Comment","target":["https:\/\/elglobal.do\/index.php\/2025\/09\/01\/camion-recolector-provoca-fatal-accidente-en-veron-seis-muertos-y-14-lesionados\/#respond"]}]},{"@type":"WebPage","@id":"https:\/\/elglobal.do\/index.php\/2025\/09\/01\/camion-recolector-provoca-fatal-accidente-en-veron-seis-muertos-y-14-lesionados\/","url":"https:\/\/elglobal.do\/index.php\/2025\/09\/01\/camion-recolector-provoca-fatal-accidente-en-veron-seis-muertos-y-14-lesionados\/","name":"Cami\u00f3n recolector provoca fatal accidente en Ver\u00f3n: seis muertos y 14 lesionados - EL GLOBAL INFORMATIVO","isPartOf":{"@id":"https:\/\/elglobal.do\/#website"},"primaryImageOfPage":{"@id":"https:\/\/elglobal.do\/index.php\/2025\/09\/01\/camion-recolector-provoca-fatal-accidente-en-veron-seis-muertos-y-14-lesionados\/#primaryimage"},"image":{"@id":"https:\/\/elglobal.do\/index.php\/2025\/09\/01\/camion-recolector-provoca-fatal-accidente-en-veron-seis-muertos-y-14-lesionados\/#primaryimage"},"thumbnailUrl":"https:\/\/elglobal.do\/wp-content\/uploads\/2025\/09\/image-6.png","datePublished":"2025-09-01T16:28:22+00:00","dateModified":"2025-09-01T16:28:25+00:00","breadcrumb":{"@id":"https:\/\/elglobal.do\/index.php\/2025\/09\/01\/camion-recolector-provoca-fatal-accidente-en-veron-seis-muertos-y-14-lesionados\/#breadcrumb"},"inLanguage":"es","potentialAction":[{"@type":"ReadAction","target":["https:\/\/elglobal.do\/index.php\/2025\/09\/01\/camion-recolector-provoca-fatal-accidente-en-veron-seis-muertos-y-14-lesionados\/"]}]},{"@type":"ImageObject","inLanguage":"es","@id":"https:\/\/elglobal.do\/index.php\/2025\/09\/01\/camion-recolector-provoca-fatal-accidente-en-veron-seis-muertos-y-14-lesionados\/#primaryimage","url":"https:\/\/elglobal.do\/wp-content\/uploads\/2025\/09\/image-6.png","contentUrl":"https:\/\/elglobal.do\/wp-content\/uploads\/2025\/09\/image-6.png","width":800,"height":600},{"@type":"BreadcrumbList","@id":"https:\/\/elglobal.do\/index.php\/2025\/09\/01\/camion-recolector-provoca-fatal-accidente-en-veron-seis-muertos-y-14-lesionados\/#breadcrumb","itemListElement":[{"@type":"ListItem","position":1,"name":"Portada","item":"https:\/\/elglobal.do\/"},{"@type":"ListItem","position":2,"name":"Cami\u00f3n recolector provoca fatal accidente en Ver\u00f3n: seis muertos y 14 lesionados"}]},{"@type":"WebSite","@id":"https:\/\/elglobal.do\/#website","url":"https:\/\/elglobal.do\/","name":"EL GLOBAL INFORMATIVO","description":"Peri\u00f3dico digital de la Rep\u00fablica Dominicana que ofrece noticias, novedades, pol\u00edtica y las \u00faltimas actualidades, con informaci\u00f3n veraz y oportuna para mantenerte siempre informad","publisher":{"@id":"https:\/\/elglobal.do\/#organization"},"potentialAction":[{"@type":"SearchAction","target":{"@type":"EntryPoint","urlTemplate":"https:\/\/elglobal.do\/?s={search_term_string}"},"query-input":{"@type":"PropertyValueSpecification","valueRequired":true,"valueName":"search_term_string"}}],"inLanguage":"es"},{"@type":"Organization","@id":"https:\/\/elglobal.do\/#organization","name":"EL GLOBAL.DO INFORMATIVO","url":"https:\/\/elglobal.do\/","logo":{"@type":"ImageObject","inLanguage":"es","@id":"https:\/\/elglobal.do\/#\/schema\/logo\/image\/","url":"https:\/\/elglobal.do\/wp-content\/uploads\/2025\/08\/icon.png","contentUrl":"https:\/\/elglobal.do\/wp-content\/uploads\/2025\/08\/icon.png","width":512,"height":512,"caption":"EL GLOBAL.DO INFORMATIVO"},"image":{"@id":"https:\/\/elglobal.do\/#\/schema\/logo\/image\/"}},{"@type":"Person","@id":"https:\/\/elglobal.do\/#\/schema\/person\/0c97ec2c7714fb605d230c292f64d55f","name":"EL GLOBAL","image":{"@type":"ImageObject","inLanguage":"es","@id":"https:\/\/elglobal.do\/#\/schema\/person\/image\/","url":"https:\/\/secure.gravatar.com\/avatar\/081cfb6cf99faddc6f4e23a0c11ab98c5cf302925382d1c88dc3ed757ab910a3?s=96&d=mm&r=g","contentUrl":"https:\/\/secure.gravatar.com\/avatar\/081cfb6cf99faddc6f4e23a0c11ab98c5cf302925382d1c88dc3ed757ab910a3?s=96&d=mm&r=g","caption":"EL GLOBAL"},"description":"El Global Informativo es un peri\u00f3dico digital de Rep\u00fablica Dominicana que se dedica a cubrir temas importantes, como la pol\u00edtica local, geopol\u00edtica, econom\u00eda, tecnolog\u00eda, noticias internacionales y eventos relacionados con la gesti\u00f3n social, cultural y humana. Su objetivo principal es mantener a la poblaci\u00f3n informada, ofreciendo una visi\u00f3n amplia y actualizada de lo que sucede tanto en el pa\u00eds como en el mundo. Est\u00e1 dirigido por un grupo de periodistas experimentados, lo que garantiza la calidad y la precisi\u00f3n de la informaci\u00f3n que ofrecen. Tiene su sede en la ciudad de Santo Domingo y es parte integral del portafolio de la empresa, MC Global S.R.L.","sameAs":["https:\/\/elglobal.do","https:\/\/www.instagram.com\/elglobal.do_informativo\/"],"url":"https:\/\/elglobal.do\/index.php\/author\/elglobaluserpro\/"}]}},"jetpack_featured_media_url":"https:\/\/elglobal.do\/wp-content\/uploads\/2025\/09\/image-6.png","jetpack_sharing_enabled":true,"_links":{"self":[{"href":"https:\/\/elglobal.do\/index.php\/wp-json\/wp\/v2\/posts\/1792","targetHints":{"allow":["GET"]}}],"collection":[{"href":"https:\/\/elglobal.do\/index.php\/wp-json\/wp\/v2\/posts"}],"about":[{"href":"https:\/\/elglobal.do\/index.php\/wp-json\/wp\/v2\/types\/post"}],"author":[{"embeddable":true,"href":"https:\/\/elglobal.do\/index.php\/wp-json\/wp\/v2\/users\/1"}],"replies":[{"embeddable":true,"href":"https:\/\/elglobal.do\/index.php\/wp-json\/wp\/v2\/comments?post=1792"}],"version-history":[{"count":1,"href":"https:\/\/elglobal.do\/index.php\/wp-json\/wp\/v2\/posts\/1792\/revisions"}],"predecessor-version":[{"id":1794,"href":"https:\/\/elglobal.do\/index.php\/wp-json\/wp\/v2\/posts\/1792\/revisions\/1794"}],"wp:featuredmedia":[{"embeddable":true,"href":"https:\/\/elglobal.do\/index.php\/wp-json\/wp\/v2\/media\/1793"}],"wp:attachment":[{"href":"https:\/\/elglobal.do\/index.php\/wp-json\/wp\/v2\/media?parent=1792"}],"wp:term":[{"taxonomy":"category","embeddable":true,"href":"https:\/\/elglobal.do\/index.php\/wp-json\/wp\/v2\/categories?post=1792"},{"taxonomy":"post_tag","embeddable":true,"href":"https:\/\/elglobal.do\/index.php\/wp-json\/wp\/v2\/tags?post=1792"}],"curies":[{"name":"wp","href":"https:\/\/api.w.org\/{rel}","templated":true}]}}