{"id":1842,"date":"2025-09-02T11:02:33","date_gmt":"2025-09-02T15:02:33","guid":{"rendered":"https:\/\/elglobal.do\/?p=1842"},"modified":"2025-09-02T11:04:01","modified_gmt":"2025-09-02T15:04:01","slug":"cdp-alcanzo-el-porcentaje-de-votantes-mas-alto-en-su-historia-electoral","status":"publish","type":"post","link":"https:\/\/elglobal.do\/index.php\/2025\/09\/02\/cdp-alcanzo-el-porcentaje-de-votantes-mas-alto-en-su-historia-electoral\/","title":{"rendered":"CDP alcanz\u00f3 el porcentaje de votantes m\u00e1s alto en su historia electoral"},"content":{"rendered":"\n<p><em>Plancha 1 del MMV obtuvo 905 votos<\/em><\/p>\n\n\n\n<p><strong>Santo Domingo<\/strong>. &#8211; La Comisi\u00f3n Electoral del Colegio Dominicano de Periodistas (CDP), dio a conocer los resultados definitivos de las recientes elecciones del pasado 29 de agosto, la plancha N\u00famero 1 del Movimiento Marcelino Vega (MMV), que encabeza Luis P\u00e9rez a la presidencia del CDP, ampli\u00f3 su ventaja al obtener 905 votos en los resultados finales, as\u00ed lo inform\u00f3 la Comisi\u00f3n Nacional Electoral CNE), que organiz\u00f3 los comicios del gremio.<a> <\/a>La votaci\u00f3n alcanz\u00f3 la cifra de 1,881 votos v\u00e1lidos, la m\u00e1s alta lograda en la historia Electoral del CDP, con m\u00e1s del 39% de votos.<\/p>\n\n\n\n<figure class=\"wp-block-image size-large is-resized\"><img loading=\"lazy\" decoding=\"async\" width=\"1024\" height=\"669\" src=\"https:\/\/elglobal.do\/wp-content\/uploads\/2025\/09\/CDP-1024x669.jpeg\" alt=\"\" class=\"wp-image-1844\" style=\"width:802px;height:auto\" srcset=\"https:\/\/elglobal.do\/wp-content\/uploads\/2025\/09\/CDP-1024x669.jpeg 1024w, https:\/\/elglobal.do\/wp-content\/uploads\/2025\/09\/CDP-300x196.jpeg 300w, https:\/\/elglobal.do\/wp-content\/uploads\/2025\/09\/CDP-768x502.jpeg 768w, https:\/\/elglobal.do\/wp-content\/uploads\/2025\/09\/CDP.jpeg 1080w\" sizes=\"auto, (max-width: 1024px) 100vw, 1024px\" \/><\/figure>\n\n\n\n<p>El contendor m\u00e1s cercano del presidente electo del CDP, Luis P\u00e9rez, fue Aurelio Henr\u00edquez, de la plancha 3, con 697 votos, seguido de Gustavo Guzm\u00e1n, de la plancha 2, con 279 votos. P\u00e9rez tuvo una diferencia de 208 votos con relaci\u00f3n a Henr\u00edquez, y de 383 votos con relaci\u00f3n a Gustavo.<\/p>\n\n\n\n<p>Adem\u00e1s del Comit\u00e9 Ejecutivo Nacional, la Plancha 1 del MMV gan\u00f3 el Instituto de Previsi\u00f3n y Protecci\u00f3n del Periodista (IPPP), con 677 votos, contra 616 de la plancha 3, representada en este rengl\u00f3n por Siddy Roquez, y 294 de la plancha 2, del Movimiento Convergencia, que represent\u00f3 por Luis Garc\u00eda.<\/p>\n\n\n\n<p>La plancha 1 tambi\u00e9n gan\u00f3 el Tribunal Disciplinario, encabezado por Yudelki Guerrero, con 720 votos, contra 564 de la plancha 3, lidereada por Te\u00f3filo Bonilla, y 156 de la plancha 2, de Rafael Peralta Romero.<\/p>\n\n\n\n<p>En el Distrito Nacional, se ampli\u00f3 la ventaja de La plancha 1 del MMV, que dirige Wilder P\u00e1ez, quien gan\u00f3 la secretar\u00eda general con 289 votos, contra 243 de la plancha 3, de Francisco Marte, y 237 de la plancha 2, de Descorides de la Rosa.<\/p>\n\n\n\n<p>Tras terminar el conteo de los votos, interrumpido a las 2:30 de la madrugada del s\u00e1bado, la CNE continu\u00f3 el proceso este lunes con la presencia de los candidatos a presidente del CDP de las tres planchas participantes.<\/p>\n","protected":false},"excerpt":{"rendered":"<p>Plancha 1 del MMV obtuvo 905 votos Santo Domingo. &#8211; La Comisi\u00f3n Electoral del Colegio Dominicano de Periodistas (CDP), dio a conocer los resultados definitivos de las recientes elecciones del&hellip; <\/p>\n","protected":false},"author":1,"featured_media":471,"comment_status":"open","ping_status":"open","sticky":false,"template":"","format":"standard","meta":{"_jetpack_memberships_contains_paid_content":false,"footnotes":""},"categories":[40],"tags":[105,905,608,98,907,906],"class_list":["post-1842","post","type-post","status-publish","format-standard","has-post-thumbnail","hentry","category-nacionales","tag-cdp","tag-cifras","tag-elecciones","tag-elglobalinformativo","tag-gremio","tag-votos"],"yoast_head":"<!-- This site is optimized with the Yoast SEO plugin v26.9 - https:\/\/yoast.com\/product\/yoast-seo-wordpress\/ -->\n<title>CDP alcanz\u00f3 el porcentaje de votantes m\u00e1s alto en su historia electoral - EL GLOBAL INFORMATIVO<\/title>\n<meta name=\"robots\" content=\"index, follow, max-snippet:-1, max-image-preview:large, max-video-preview:-1\" \/>\n<link rel=\"canonical\" href=\"https:\/\/elglobal.do\/index.php\/2025\/09\/02\/cdp-alcanzo-el-porcentaje-de-votantes-mas-alto-en-su-historia-electoral\/\" \/>\n<meta property=\"og:locale\" content=\"es_ES\" \/>\n<meta property=\"og:type\" content=\"article\" \/>\n<meta property=\"og:title\" content=\"CDP alcanz\u00f3 el porcentaje de votantes m\u00e1s alto en su historia electoral - EL GLOBAL INFORMATIVO\" \/>\n<meta property=\"og:description\" content=\"Plancha 1 del MMV obtuvo 905 votos Santo Domingo. &#8211; La Comisi\u00f3n Electoral del Colegio Dominicano de Periodistas (CDP), dio a conocer los resultados definitivos de las recientes elecciones del&hellip;\" \/>\n<meta property=\"og:url\" content=\"https:\/\/elglobal.do\/index.php\/2025\/09\/02\/cdp-alcanzo-el-porcentaje-de-votantes-mas-alto-en-su-historia-electoral\/\" \/>\n<meta property=\"og:site_name\" content=\"EL GLOBAL INFORMATIVO\" \/>\n<meta property=\"article:published_time\" content=\"2025-09-02T15:02:33+00:00\" \/>\n<meta property=\"article:modified_time\" content=\"2025-09-02T15:04:01+00:00\" \/>\n<meta property=\"og:image\" content=\"https:\/\/elglobal.do\/wp-content\/uploads\/2025\/08\/CDP.jpg\" \/>\n\t<meta property=\"og:image:width\" content=\"974\" \/>\n\t<meta property=\"og:image:height\" content=\"747\" \/>\n\t<meta property=\"og:image:type\" content=\"image\/jpeg\" \/>\n<meta name=\"author\" content=\"EL GLOBAL\" \/>\n<meta name=\"twitter:card\" content=\"summary_large_image\" \/>\n<meta name=\"twitter:label1\" content=\"Escrito por\" \/>\n\t<meta name=\"twitter:data1\" content=\"EL GLOBAL\" \/>\n\t<meta name=\"twitter:label2\" content=\"Tiempo de lectura\" \/>\n\t<meta name=\"twitter:data2\" content=\"2 minutos\" \/>\n<script type=\"application\/ld+json\" class=\"yoast-schema-graph\">{\"@context\":\"https:\/\/schema.org\",\"@graph\":[{\"@type\":\"Article\",\"@id\":\"https:\/\/elglobal.do\/index.php\/2025\/09\/02\/cdp-alcanzo-el-porcentaje-de-votantes-mas-alto-en-su-historia-electoral\/#article\",\"isPartOf\":{\"@id\":\"https:\/\/elglobal.do\/index.php\/2025\/09\/02\/cdp-alcanzo-el-porcentaje-de-votantes-mas-alto-en-su-historia-electoral\/\"},\"author\":{\"name\":\"EL GLOBAL\",\"@id\":\"https:\/\/elglobal.do\/#\/schema\/person\/0c97ec2c7714fb605d230c292f64d55f\"},\"headline\":\"CDP alcanz\u00f3 el porcentaje de votantes m\u00e1s alto en su historia electoral\",\"datePublished\":\"2025-09-02T15:02:33+00:00\",\"dateModified\":\"2025-09-02T15:04:01+00:00\",\"mainEntityOfPage\":{\"@id\":\"https:\/\/elglobal.do\/index.php\/2025\/09\/02\/cdp-alcanzo-el-porcentaje-de-votantes-mas-alto-en-su-historia-electoral\/\"},\"wordCount\":329,\"commentCount\":0,\"publisher\":{\"@id\":\"https:\/\/elglobal.do\/#organization\"},\"image\":{\"@id\":\"https:\/\/elglobal.do\/index.php\/2025\/09\/02\/cdp-alcanzo-el-porcentaje-de-votantes-mas-alto-en-su-historia-electoral\/#primaryimage\"},\"thumbnailUrl\":\"https:\/\/elglobal.do\/wp-content\/uploads\/2025\/08\/CDP.jpg\",\"keywords\":[\"#CDP\",\"#cifras\",\"#elecciones\",\"#ElGlobalInformativo\",\"#gremio\",\"#votos\"],\"articleSection\":[\"NACIONALES\"],\"inLanguage\":\"es\",\"potentialAction\":[{\"@type\":\"CommentAction\",\"name\":\"Comment\",\"target\":[\"https:\/\/elglobal.do\/index.php\/2025\/09\/02\/cdp-alcanzo-el-porcentaje-de-votantes-mas-alto-en-su-historia-electoral\/#respond\"]}]},{\"@type\":\"WebPage\",\"@id\":\"https:\/\/elglobal.do\/index.php\/2025\/09\/02\/cdp-alcanzo-el-porcentaje-de-votantes-mas-alto-en-su-historia-electoral\/\",\"url\":\"https:\/\/elglobal.do\/index.php\/2025\/09\/02\/cdp-alcanzo-el-porcentaje-de-votantes-mas-alto-en-su-historia-electoral\/\",\"name\":\"CDP alcanz\u00f3 el porcentaje de votantes m\u00e1s alto en su historia electoral - EL GLOBAL INFORMATIVO\",\"isPartOf\":{\"@id\":\"https:\/\/elglobal.do\/#website\"},\"primaryImageOfPage\":{\"@id\":\"https:\/\/elglobal.do\/index.php\/2025\/09\/02\/cdp-alcanzo-el-porcentaje-de-votantes-mas-alto-en-su-historia-electoral\/#primaryimage\"},\"image\":{\"@id\":\"https:\/\/elglobal.do\/index.php\/2025\/09\/02\/cdp-alcanzo-el-porcentaje-de-votantes-mas-alto-en-su-historia-electoral\/#primaryimage\"},\"thumbnailUrl\":\"https:\/\/elglobal.do\/wp-content\/uploads\/2025\/08\/CDP.jpg\",\"datePublished\":\"2025-09-02T15:02:33+00:00\",\"dateModified\":\"2025-09-02T15:04:01+00:00\",\"breadcrumb\":{\"@id\":\"https:\/\/elglobal.do\/index.php\/2025\/09\/02\/cdp-alcanzo-el-porcentaje-de-votantes-mas-alto-en-su-historia-electoral\/#breadcrumb\"},\"inLanguage\":\"es\",\"potentialAction\":[{\"@type\":\"ReadAction\",\"target\":[\"https:\/\/elglobal.do\/index.php\/2025\/09\/02\/cdp-alcanzo-el-porcentaje-de-votantes-mas-alto-en-su-historia-electoral\/\"]}]},{\"@type\":\"ImageObject\",\"inLanguage\":\"es\",\"@id\":\"https:\/\/elglobal.do\/index.php\/2025\/09\/02\/cdp-alcanzo-el-porcentaje-de-votantes-mas-alto-en-su-historia-electoral\/#primaryimage\",\"url\":\"https:\/\/elglobal.do\/wp-content\/uploads\/2025\/08\/CDP.jpg\",\"contentUrl\":\"https:\/\/elglobal.do\/wp-content\/uploads\/2025\/08\/CDP.jpg\",\"width\":974,\"height\":747},{\"@type\":\"BreadcrumbList\",\"@id\":\"https:\/\/elglobal.do\/index.php\/2025\/09\/02\/cdp-alcanzo-el-porcentaje-de-votantes-mas-alto-en-su-historia-electoral\/#breadcrumb\",\"itemListElement\":[{\"@type\":\"ListItem\",\"position\":1,\"name\":\"Portada\",\"item\":\"https:\/\/elglobal.do\/\"},{\"@type\":\"ListItem\",\"position\":2,\"name\":\"CDP alcanz\u00f3 el porcentaje de votantes m\u00e1s alto en su historia electoral\"}]},{\"@type\":\"WebSite\",\"@id\":\"https:\/\/elglobal.do\/#website\",\"url\":\"https:\/\/elglobal.do\/\",\"name\":\"EL GLOBAL INFORMATIVO\",\"description\":\"Peri\u00f3dico digital de la Rep\u00fablica Dominicana que ofrece noticias, novedades, pol\u00edtica y las \u00faltimas actualidades, con informaci\u00f3n veraz y oportuna para mantenerte siempre informad\",\"publisher\":{\"@id\":\"https:\/\/elglobal.do\/#organization\"},\"potentialAction\":[{\"@type\":\"SearchAction\",\"target\":{\"@type\":\"EntryPoint\",\"urlTemplate\":\"https:\/\/elglobal.do\/?s={search_term_string}\"},\"query-input\":{\"@type\":\"PropertyValueSpecification\",\"valueRequired\":true,\"valueName\":\"search_term_string\"}}],\"inLanguage\":\"es\"},{\"@type\":\"Organization\",\"@id\":\"https:\/\/elglobal.do\/#organization\",\"name\":\"EL GLOBAL.DO INFORMATIVO\",\"url\":\"https:\/\/elglobal.do\/\",\"logo\":{\"@type\":\"ImageObject\",\"inLanguage\":\"es\",\"@id\":\"https:\/\/elglobal.do\/#\/schema\/logo\/image\/\",\"url\":\"https:\/\/elglobal.do\/wp-content\/uploads\/2025\/08\/icon.png\",\"contentUrl\":\"https:\/\/elglobal.do\/wp-content\/uploads\/2025\/08\/icon.png\",\"width\":512,\"height\":512,\"caption\":\"EL GLOBAL.DO INFORMATIVO\"},\"image\":{\"@id\":\"https:\/\/elglobal.do\/#\/schema\/logo\/image\/\"}},{\"@type\":\"Person\",\"@id\":\"https:\/\/elglobal.do\/#\/schema\/person\/0c97ec2c7714fb605d230c292f64d55f\",\"name\":\"EL GLOBAL\",\"image\":{\"@type\":\"ImageObject\",\"inLanguage\":\"es\",\"@id\":\"https:\/\/elglobal.do\/#\/schema\/person\/image\/\",\"url\":\"https:\/\/secure.gravatar.com\/avatar\/081cfb6cf99faddc6f4e23a0c11ab98c5cf302925382d1c88dc3ed757ab910a3?s=96&d=mm&r=g\",\"contentUrl\":\"https:\/\/secure.gravatar.com\/avatar\/081cfb6cf99faddc6f4e23a0c11ab98c5cf302925382d1c88dc3ed757ab910a3?s=96&d=mm&r=g\",\"caption\":\"EL GLOBAL\"},\"description\":\"El Global Informativo es un peri\u00f3dico digital de Rep\u00fablica Dominicana que se dedica a cubrir temas importantes, como la pol\u00edtica local, geopol\u00edtica, econom\u00eda, tecnolog\u00eda, noticias internacionales y eventos relacionados con la gesti\u00f3n social, cultural y humana. Su objetivo principal es mantener a la poblaci\u00f3n informada, ofreciendo una visi\u00f3n amplia y actualizada de lo que sucede tanto en el pa\u00eds como en el mundo. Est\u00e1 dirigido por un grupo de periodistas experimentados, lo que garantiza la calidad y la precisi\u00f3n de la informaci\u00f3n que ofrecen. Tiene su sede en la ciudad de Santo Domingo y es parte integral del portafolio de la empresa, MC Global S.R.L.\",\"sameAs\":[\"https:\/\/elglobal.do\",\"https:\/\/www.instagram.com\/elglobal.do_informativo\/\"],\"url\":\"https:\/\/elglobal.do\/index.php\/author\/elglobaluserpro\/\"}]}<\/script>\n<!-- \/ Yoast SEO plugin. -->","yoast_head_json":{"title":"CDP alcanz\u00f3 el porcentaje de votantes m\u00e1s alto en su historia electoral - EL GLOBAL INFORMATIVO","robots":{"index":"index","follow":"follow","max-snippet":"max-snippet:-1","max-image-preview":"max-image-preview:large","max-video-preview":"max-video-preview:-1"},"canonical":"https:\/\/elglobal.do\/index.php\/2025\/09\/02\/cdp-alcanzo-el-porcentaje-de-votantes-mas-alto-en-su-historia-electoral\/","og_locale":"es_ES","og_type":"article","og_title":"CDP alcanz\u00f3 el porcentaje de votantes m\u00e1s alto en su historia electoral - EL GLOBAL INFORMATIVO","og_description":"Plancha 1 del MMV obtuvo 905 votos Santo Domingo. &#8211; La Comisi\u00f3n Electoral del Colegio Dominicano de Periodistas (CDP), dio a conocer los resultados definitivos de las recientes elecciones del&hellip;","og_url":"https:\/\/elglobal.do\/index.php\/2025\/09\/02\/cdp-alcanzo-el-porcentaje-de-votantes-mas-alto-en-su-historia-electoral\/","og_site_name":"EL GLOBAL INFORMATIVO","article_published_time":"2025-09-02T15:02:33+00:00","article_modified_time":"2025-09-02T15:04:01+00:00","og_image":[{"width":974,"height":747,"url":"https:\/\/elglobal.do\/wp-content\/uploads\/2025\/08\/CDP.jpg","type":"image\/jpeg"}],"author":"EL GLOBAL","twitter_card":"summary_large_image","twitter_misc":{"Escrito por":"EL GLOBAL","Tiempo de lectura":"2 minutos"},"schema":{"@context":"https:\/\/schema.org","@graph":[{"@type":"Article","@id":"https:\/\/elglobal.do\/index.php\/2025\/09\/02\/cdp-alcanzo-el-porcentaje-de-votantes-mas-alto-en-su-historia-electoral\/#article","isPartOf":{"@id":"https:\/\/elglobal.do\/index.php\/2025\/09\/02\/cdp-alcanzo-el-porcentaje-de-votantes-mas-alto-en-su-historia-electoral\/"},"author":{"name":"EL GLOBAL","@id":"https:\/\/elglobal.do\/#\/schema\/person\/0c97ec2c7714fb605d230c292f64d55f"},"headline":"CDP alcanz\u00f3 el porcentaje de votantes m\u00e1s alto en su historia electoral","datePublished":"2025-09-02T15:02:33+00:00","dateModified":"2025-09-02T15:04:01+00:00","mainEntityOfPage":{"@id":"https:\/\/elglobal.do\/index.php\/2025\/09\/02\/cdp-alcanzo-el-porcentaje-de-votantes-mas-alto-en-su-historia-electoral\/"},"wordCount":329,"commentCount":0,"publisher":{"@id":"https:\/\/elglobal.do\/#organization"},"image":{"@id":"https:\/\/elglobal.do\/index.php\/2025\/09\/02\/cdp-alcanzo-el-porcentaje-de-votantes-mas-alto-en-su-historia-electoral\/#primaryimage"},"thumbnailUrl":"https:\/\/elglobal.do\/wp-content\/uploads\/2025\/08\/CDP.jpg","keywords":["#CDP","#cifras","#elecciones","#ElGlobalInformativo","#gremio","#votos"],"articleSection":["NACIONALES"],"inLanguage":"es","potentialAction":[{"@type":"CommentAction","name":"Comment","target":["https:\/\/elglobal.do\/index.php\/2025\/09\/02\/cdp-alcanzo-el-porcentaje-de-votantes-mas-alto-en-su-historia-electoral\/#respond"]}]},{"@type":"WebPage","@id":"https:\/\/elglobal.do\/index.php\/2025\/09\/02\/cdp-alcanzo-el-porcentaje-de-votantes-mas-alto-en-su-historia-electoral\/","url":"https:\/\/elglobal.do\/index.php\/2025\/09\/02\/cdp-alcanzo-el-porcentaje-de-votantes-mas-alto-en-su-historia-electoral\/","name":"CDP alcanz\u00f3 el porcentaje de votantes m\u00e1s alto en su historia electoral - EL GLOBAL INFORMATIVO","isPartOf":{"@id":"https:\/\/elglobal.do\/#website"},"primaryImageOfPage":{"@id":"https:\/\/elglobal.do\/index.php\/2025\/09\/02\/cdp-alcanzo-el-porcentaje-de-votantes-mas-alto-en-su-historia-electoral\/#primaryimage"},"image":{"@id":"https:\/\/elglobal.do\/index.php\/2025\/09\/02\/cdp-alcanzo-el-porcentaje-de-votantes-mas-alto-en-su-historia-electoral\/#primaryimage"},"thumbnailUrl":"https:\/\/elglobal.do\/wp-content\/uploads\/2025\/08\/CDP.jpg","datePublished":"2025-09-02T15:02:33+00:00","dateModified":"2025-09-02T15:04:01+00:00","breadcrumb":{"@id":"https:\/\/elglobal.do\/index.php\/2025\/09\/02\/cdp-alcanzo-el-porcentaje-de-votantes-mas-alto-en-su-historia-electoral\/#breadcrumb"},"inLanguage":"es","potentialAction":[{"@type":"ReadAction","target":["https:\/\/elglobal.do\/index.php\/2025\/09\/02\/cdp-alcanzo-el-porcentaje-de-votantes-mas-alto-en-su-historia-electoral\/"]}]},{"@type":"ImageObject","inLanguage":"es","@id":"https:\/\/elglobal.do\/index.php\/2025\/09\/02\/cdp-alcanzo-el-porcentaje-de-votantes-mas-alto-en-su-historia-electoral\/#primaryimage","url":"https:\/\/elglobal.do\/wp-content\/uploads\/2025\/08\/CDP.jpg","contentUrl":"https:\/\/elglobal.do\/wp-content\/uploads\/2025\/08\/CDP.jpg","width":974,"height":747},{"@type":"BreadcrumbList","@id":"https:\/\/elglobal.do\/index.php\/2025\/09\/02\/cdp-alcanzo-el-porcentaje-de-votantes-mas-alto-en-su-historia-electoral\/#breadcrumb","itemListElement":[{"@type":"ListItem","position":1,"name":"Portada","item":"https:\/\/elglobal.do\/"},{"@type":"ListItem","position":2,"name":"CDP alcanz\u00f3 el porcentaje de votantes m\u00e1s alto en su historia electoral"}]},{"@type":"WebSite","@id":"https:\/\/elglobal.do\/#website","url":"https:\/\/elglobal.do\/","name":"EL GLOBAL INFORMATIVO","description":"Peri\u00f3dico digital de la Rep\u00fablica Dominicana que ofrece noticias, novedades, pol\u00edtica y las \u00faltimas actualidades, con informaci\u00f3n veraz y oportuna para mantenerte siempre informad","publisher":{"@id":"https:\/\/elglobal.do\/#organization"},"potentialAction":[{"@type":"SearchAction","target":{"@type":"EntryPoint","urlTemplate":"https:\/\/elglobal.do\/?s={search_term_string}"},"query-input":{"@type":"PropertyValueSpecification","valueRequired":true,"valueName":"search_term_string"}}],"inLanguage":"es"},{"@type":"Organization","@id":"https:\/\/elglobal.do\/#organization","name":"EL GLOBAL.DO INFORMATIVO","url":"https:\/\/elglobal.do\/","logo":{"@type":"ImageObject","inLanguage":"es","@id":"https:\/\/elglobal.do\/#\/schema\/logo\/image\/","url":"https:\/\/elglobal.do\/wp-content\/uploads\/2025\/08\/icon.png","contentUrl":"https:\/\/elglobal.do\/wp-content\/uploads\/2025\/08\/icon.png","width":512,"height":512,"caption":"EL GLOBAL.DO INFORMATIVO"},"image":{"@id":"https:\/\/elglobal.do\/#\/schema\/logo\/image\/"}},{"@type":"Person","@id":"https:\/\/elglobal.do\/#\/schema\/person\/0c97ec2c7714fb605d230c292f64d55f","name":"EL GLOBAL","image":{"@type":"ImageObject","inLanguage":"es","@id":"https:\/\/elglobal.do\/#\/schema\/person\/image\/","url":"https:\/\/secure.gravatar.com\/avatar\/081cfb6cf99faddc6f4e23a0c11ab98c5cf302925382d1c88dc3ed757ab910a3?s=96&d=mm&r=g","contentUrl":"https:\/\/secure.gravatar.com\/avatar\/081cfb6cf99faddc6f4e23a0c11ab98c5cf302925382d1c88dc3ed757ab910a3?s=96&d=mm&r=g","caption":"EL GLOBAL"},"description":"El Global Informativo es un peri\u00f3dico digital de Rep\u00fablica Dominicana que se dedica a cubrir temas importantes, como la pol\u00edtica local, geopol\u00edtica, econom\u00eda, tecnolog\u00eda, noticias internacionales y eventos relacionados con la gesti\u00f3n social, cultural y humana. Su objetivo principal es mantener a la poblaci\u00f3n informada, ofreciendo una visi\u00f3n amplia y actualizada de lo que sucede tanto en el pa\u00eds como en el mundo. Est\u00e1 dirigido por un grupo de periodistas experimentados, lo que garantiza la calidad y la precisi\u00f3n de la informaci\u00f3n que ofrecen. Tiene su sede en la ciudad de Santo Domingo y es parte integral del portafolio de la empresa, MC Global S.R.L.","sameAs":["https:\/\/elglobal.do","https:\/\/www.instagram.com\/elglobal.do_informativo\/"],"url":"https:\/\/elglobal.do\/index.php\/author\/elglobaluserpro\/"}]}},"jetpack_featured_media_url":"https:\/\/elglobal.do\/wp-content\/uploads\/2025\/08\/CDP.jpg","jetpack_sharing_enabled":true,"_links":{"self":[{"href":"https:\/\/elglobal.do\/index.php\/wp-json\/wp\/v2\/posts\/1842","targetHints":{"allow":["GET"]}}],"collection":[{"href":"https:\/\/elglobal.do\/index.php\/wp-json\/wp\/v2\/posts"}],"about":[{"href":"https:\/\/elglobal.do\/index.php\/wp-json\/wp\/v2\/types\/post"}],"author":[{"embeddable":true,"href":"https:\/\/elglobal.do\/index.php\/wp-json\/wp\/v2\/users\/1"}],"replies":[{"embeddable":true,"href":"https:\/\/elglobal.do\/index.php\/wp-json\/wp\/v2\/comments?post=1842"}],"version-history":[{"count":2,"href":"https:\/\/elglobal.do\/index.php\/wp-json\/wp\/v2\/posts\/1842\/revisions"}],"predecessor-version":[{"id":1846,"href":"https:\/\/elglobal.do\/index.php\/wp-json\/wp\/v2\/posts\/1842\/revisions\/1846"}],"wp:featuredmedia":[{"embeddable":true,"href":"https:\/\/elglobal.do\/index.php\/wp-json\/wp\/v2\/media\/471"}],"wp:attachment":[{"href":"https:\/\/elglobal.do\/index.php\/wp-json\/wp\/v2\/media?parent=1842"}],"wp:term":[{"taxonomy":"category","embeddable":true,"href":"https:\/\/elglobal.do\/index.php\/wp-json\/wp\/v2\/categories?post=1842"},{"taxonomy":"post_tag","embeddable":true,"href":"https:\/\/elglobal.do\/index.php\/wp-json\/wp\/v2\/tags?post=1842"}],"curies":[{"name":"wp","href":"https:\/\/api.w.org\/{rel}","templated":true}]}}