{"id":1849,"date":"2025-09-02T11:21:59","date_gmt":"2025-09-02T15:21:59","guid":{"rendered":"https:\/\/elglobal.do\/?p=1849"},"modified":"2025-09-02T11:22:02","modified_gmt":"2025-09-02T15:22:02","slug":"peloteros-dominicanos-respaldaran-juegos-mundiales-policiales-2026","status":"publish","type":"post","link":"https:\/\/elglobal.do\/index.php\/2025\/09\/02\/peloteros-dominicanos-respaldaran-juegos-mundiales-policiales-2026\/","title":{"rendered":"Peloteros dominicanos respaldar\u00e1n Juegos Mundiales Policiales 2026"},"content":{"rendered":"\n<figure class=\"wp-block-image size-full\"><img loading=\"lazy\" decoding=\"async\" width=\"896\" height=\"504\" src=\"https:\/\/elglobal.do\/wp-content\/uploads\/2025\/09\/image-14.png\" alt=\"\" class=\"wp-image-1850\" srcset=\"https:\/\/elglobal.do\/wp-content\/uploads\/2025\/09\/image-14.png 896w, https:\/\/elglobal.do\/wp-content\/uploads\/2025\/09\/image-14-300x169.png 300w, https:\/\/elglobal.do\/wp-content\/uploads\/2025\/09\/image-14-768x432.png 768w\" sizes=\"auto, (max-width: 896px) 100vw, 896px\" \/><figcaption class=\"wp-element-caption\"><em>De izquierda a derecha: Julio Rodr\u00edguez, el Director de Deportes de la Polic\u00eda Nacional Jacobo Mateo Moquete y, Fernando Tatis Jr.\u00a0<\/em><\/figcaption><\/figure>\n\n\n\n<p><strong>Santo Domingo.<\/strong>-Los estelares peloteros de Grandes Ligas\u00a0<strong>Julio Rodr\u00edguez<\/strong>\u00a0y Fernando Tatis Jr. expresaron su respaldo a la celebraci\u00f3n en Rep\u00fablica Dominicana de los\u00a0<strong>IV Juegos Mundiales Policiales<\/strong>, a realizarse del 26 al 30 de octubre de 2026. El anuncio fue hecho por el <strong>general Jacobo Mateo Moquete<\/strong>, director de Deportes de la Polic\u00eda Nacional, tras reunirse con ambos jugadores en Seattle.<\/p>\n\n\n\n<p>Rodr\u00edguez y Tatis manifestaron que, aunque no pueden asegurar su presencia por los compromisos de su carrera profesional, se ponen a disposici\u00f3n para\u00a0<strong>promover y respaldar el evento<\/strong>\u00a0en el pa\u00eds y a nivel internacional.\u00a0<\/p>\n\n\n\n<p>\u00abEllos son apenas los primeros peloteros contactados; tenemos instrucciones del mayor general Ram\u00f3n Antonio Guzm\u00e1n Peralta de seguir presentando los\u00a0<strong>Juegos a nuestras estrellas de Grandes Ligas<\/strong>, porque este evento no es solo de la Polic\u00eda, es de toda la Rep\u00fablica Dominicana\u00bb, afirm\u00f3 Mateo Moquete.<\/p>\n\n\n\n<p>La sede de la Uni\u00f3n Deportiva Internacional de Polic\u00edas (USIP) est\u00e1 en&nbsp;<strong>Dub\u00e1i<\/strong>, presidida por el&nbsp;<strong>general Mohamed Al Dhaheri<\/strong>&nbsp;(Polic\u00eda de&nbsp;<strong>Dub\u00e1i<\/strong>) y con el general Gonzalo Londo\u00f1o (Polic\u00eda de Colombia) como secretario general.&nbsp;<\/p>\n\n\n\n<p>Ambos visitaron el pa\u00eds y el mayor general Guzm\u00e1n Peralta jurament\u00f3 el&nbsp;<strong>Comit\u00e9 Organizador<\/strong>, encabezado por el&nbsp;<strong>general Juan Guzm\u00e1n Bad\u00eda<\/strong>, subdirector general de la Polic\u00eda. Fue en&nbsp;<strong>Dub\u00e1i<\/strong>&nbsp;donde Guzm\u00e1n Peralta present\u00f3 la candidatura dominicana, con el aval del&nbsp;<strong>presidente de la Rep\u00fablica, Luis Abinader<\/strong>.<\/p>\n\n\n\n<h2 class=\"wp-block-heading\">Mundial policial<\/h2>\n\n\n\n<p>Los&nbsp;<strong>Juegos Mundiales Policiales<\/strong>&nbsp;reunir\u00e1n a atletas de&nbsp;<strong>m\u00e1s de 70 pa\u00edses<\/strong>&nbsp;en&nbsp;<strong>ocho disciplinas<\/strong>:&nbsp;<strong>b\u00e9isbol<\/strong>, voleibol de playa, baloncesto 3&#215;3, nataci\u00f3n, judo, atletismo, golf y tiro IPSC. Las ediciones anteriores se celebraron en Colombia,&nbsp;<strong>Dub\u00e1i<\/strong>&nbsp;e Italia, consolidando el evento como uno de los m\u00e1s importantes en el calendario deportivo internacional de cuerpos policiales.<\/p>\n\n\n\n<p>Adem\u00e1s de la\u00a0<strong>ministra de Interior y Polic\u00eda, Faride Raful<\/strong>, han manifestado su respaldo figuras como el\u00a0<strong>ministro de Deportes, Kelvin Cruz<\/strong>; el\u00a0<strong>presidente del Comit\u00e9 Ol\u00edmpico Dominicano, Garibaldy Bautista<\/strong>; el presidente de los Juegos Centroamericanos y del Caribe 2026, Jos\u00e9 Monegro; y el miembro del COI, Luis\u00edn Mej\u00eda.\u00a0<\/p>\n\n\n\n<p>En los pr\u00f3ximos d\u00edas, Mateo Moquete tiene previsto reunirse con\u00a0<strong>glorias del b\u00e9isbol dominicano<\/strong>\u00a0como\u00a0<strong>Juan Marichal<\/strong>,\u00a0<strong>Pedro Mart\u00ednez<\/strong>\u00a0y David Ortiz para sumar su apoyo a este hist\u00f3rico evento.<\/p>\n","protected":false},"excerpt":{"rendered":"<p>Santo Domingo.-Los estelares peloteros de Grandes Ligas\u00a0Julio Rodr\u00edguez\u00a0y Fernando Tatis Jr. expresaron su respaldo a la celebraci\u00f3n en Rep\u00fablica Dominicana de los\u00a0IV Juegos Mundiales Policiales, a realizarse del 26 al&hellip; <\/p>\n","protected":false},"author":1,"featured_media":1850,"comment_status":"open","ping_status":"open","sticky":false,"template":"","format":"standard","meta":{"_jetpack_memberships_contains_paid_content":false,"footnotes":""},"categories":[9],"tags":[912,914,913],"class_list":["post-1849","post","type-post","status-publish","format-standard","has-post-thumbnail","hentry","category-deportes","tag-deporte","tag-juegosmundialespoliciales2026","tag-peloteros"],"yoast_head":"<!-- This site is optimized with the Yoast SEO plugin v26.9 - https:\/\/yoast.com\/product\/yoast-seo-wordpress\/ -->\n<title>Peloteros dominicanos respaldar\u00e1n Juegos Mundiales Policiales 2026 - EL GLOBAL INFORMATIVO<\/title>\n<meta name=\"robots\" content=\"index, follow, max-snippet:-1, max-image-preview:large, max-video-preview:-1\" \/>\n<link rel=\"canonical\" href=\"https:\/\/elglobal.do\/index.php\/2025\/09\/02\/peloteros-dominicanos-respaldaran-juegos-mundiales-policiales-2026\/\" \/>\n<meta property=\"og:locale\" content=\"es_ES\" \/>\n<meta property=\"og:type\" content=\"article\" \/>\n<meta property=\"og:title\" content=\"Peloteros dominicanos respaldar\u00e1n Juegos Mundiales Policiales 2026 - EL GLOBAL INFORMATIVO\" \/>\n<meta property=\"og:description\" content=\"Santo Domingo.-Los estelares peloteros de Grandes Ligas\u00a0Julio Rodr\u00edguez\u00a0y Fernando Tatis Jr. expresaron su respaldo a la celebraci\u00f3n en Rep\u00fablica Dominicana de los\u00a0IV Juegos Mundiales Policiales, a realizarse del 26 al&hellip;\" \/>\n<meta property=\"og:url\" content=\"https:\/\/elglobal.do\/index.php\/2025\/09\/02\/peloteros-dominicanos-respaldaran-juegos-mundiales-policiales-2026\/\" \/>\n<meta property=\"og:site_name\" content=\"EL GLOBAL INFORMATIVO\" \/>\n<meta property=\"article:published_time\" content=\"2025-09-02T15:21:59+00:00\" \/>\n<meta property=\"article:modified_time\" content=\"2025-09-02T15:22:02+00:00\" \/>\n<meta property=\"og:image\" content=\"https:\/\/elglobal.do\/wp-content\/uploads\/2025\/09\/image-14.png\" \/>\n\t<meta property=\"og:image:width\" content=\"896\" \/>\n\t<meta property=\"og:image:height\" content=\"504\" \/>\n\t<meta property=\"og:image:type\" content=\"image\/png\" \/>\n<meta name=\"author\" content=\"EL GLOBAL\" \/>\n<meta name=\"twitter:card\" content=\"summary_large_image\" \/>\n<meta name=\"twitter:label1\" content=\"Escrito por\" \/>\n\t<meta name=\"twitter:data1\" content=\"EL GLOBAL\" \/>\n\t<meta name=\"twitter:label2\" content=\"Tiempo de lectura\" \/>\n\t<meta name=\"twitter:data2\" content=\"3 minutos\" \/>\n<script type=\"application\/ld+json\" class=\"yoast-schema-graph\">{\"@context\":\"https:\/\/schema.org\",\"@graph\":[{\"@type\":\"Article\",\"@id\":\"https:\/\/elglobal.do\/index.php\/2025\/09\/02\/peloteros-dominicanos-respaldaran-juegos-mundiales-policiales-2026\/#article\",\"isPartOf\":{\"@id\":\"https:\/\/elglobal.do\/index.php\/2025\/09\/02\/peloteros-dominicanos-respaldaran-juegos-mundiales-policiales-2026\/\"},\"author\":{\"name\":\"EL GLOBAL\",\"@id\":\"https:\/\/elglobal.do\/#\/schema\/person\/0c97ec2c7714fb605d230c292f64d55f\"},\"headline\":\"Peloteros dominicanos respaldar\u00e1n Juegos Mundiales Policiales 2026\",\"datePublished\":\"2025-09-02T15:21:59+00:00\",\"dateModified\":\"2025-09-02T15:22:02+00:00\",\"mainEntityOfPage\":{\"@id\":\"https:\/\/elglobal.do\/index.php\/2025\/09\/02\/peloteros-dominicanos-respaldaran-juegos-mundiales-policiales-2026\/\"},\"wordCount\":446,\"commentCount\":0,\"publisher\":{\"@id\":\"https:\/\/elglobal.do\/#organization\"},\"image\":{\"@id\":\"https:\/\/elglobal.do\/index.php\/2025\/09\/02\/peloteros-dominicanos-respaldaran-juegos-mundiales-policiales-2026\/#primaryimage\"},\"thumbnailUrl\":\"https:\/\/elglobal.do\/wp-content\/uploads\/2025\/09\/image-14.png\",\"keywords\":[\"#Deporte\",\"#JuegosMundialesPoliciales2026\",\"#Peloteros\"],\"articleSection\":[\"DEPORTES\"],\"inLanguage\":\"es\",\"potentialAction\":[{\"@type\":\"CommentAction\",\"name\":\"Comment\",\"target\":[\"https:\/\/elglobal.do\/index.php\/2025\/09\/02\/peloteros-dominicanos-respaldaran-juegos-mundiales-policiales-2026\/#respond\"]}]},{\"@type\":\"WebPage\",\"@id\":\"https:\/\/elglobal.do\/index.php\/2025\/09\/02\/peloteros-dominicanos-respaldaran-juegos-mundiales-policiales-2026\/\",\"url\":\"https:\/\/elglobal.do\/index.php\/2025\/09\/02\/peloteros-dominicanos-respaldaran-juegos-mundiales-policiales-2026\/\",\"name\":\"Peloteros dominicanos respaldar\u00e1n Juegos Mundiales Policiales 2026 - EL GLOBAL INFORMATIVO\",\"isPartOf\":{\"@id\":\"https:\/\/elglobal.do\/#website\"},\"primaryImageOfPage\":{\"@id\":\"https:\/\/elglobal.do\/index.php\/2025\/09\/02\/peloteros-dominicanos-respaldaran-juegos-mundiales-policiales-2026\/#primaryimage\"},\"image\":{\"@id\":\"https:\/\/elglobal.do\/index.php\/2025\/09\/02\/peloteros-dominicanos-respaldaran-juegos-mundiales-policiales-2026\/#primaryimage\"},\"thumbnailUrl\":\"https:\/\/elglobal.do\/wp-content\/uploads\/2025\/09\/image-14.png\",\"datePublished\":\"2025-09-02T15:21:59+00:00\",\"dateModified\":\"2025-09-02T15:22:02+00:00\",\"breadcrumb\":{\"@id\":\"https:\/\/elglobal.do\/index.php\/2025\/09\/02\/peloteros-dominicanos-respaldaran-juegos-mundiales-policiales-2026\/#breadcrumb\"},\"inLanguage\":\"es\",\"potentialAction\":[{\"@type\":\"ReadAction\",\"target\":[\"https:\/\/elglobal.do\/index.php\/2025\/09\/02\/peloteros-dominicanos-respaldaran-juegos-mundiales-policiales-2026\/\"]}]},{\"@type\":\"ImageObject\",\"inLanguage\":\"es\",\"@id\":\"https:\/\/elglobal.do\/index.php\/2025\/09\/02\/peloteros-dominicanos-respaldaran-juegos-mundiales-policiales-2026\/#primaryimage\",\"url\":\"https:\/\/elglobal.do\/wp-content\/uploads\/2025\/09\/image-14.png\",\"contentUrl\":\"https:\/\/elglobal.do\/wp-content\/uploads\/2025\/09\/image-14.png\",\"width\":896,\"height\":504},{\"@type\":\"BreadcrumbList\",\"@id\":\"https:\/\/elglobal.do\/index.php\/2025\/09\/02\/peloteros-dominicanos-respaldaran-juegos-mundiales-policiales-2026\/#breadcrumb\",\"itemListElement\":[{\"@type\":\"ListItem\",\"position\":1,\"name\":\"Portada\",\"item\":\"https:\/\/elglobal.do\/\"},{\"@type\":\"ListItem\",\"position\":2,\"name\":\"Peloteros dominicanos respaldar\u00e1n Juegos Mundiales Policiales 2026\"}]},{\"@type\":\"WebSite\",\"@id\":\"https:\/\/elglobal.do\/#website\",\"url\":\"https:\/\/elglobal.do\/\",\"name\":\"EL GLOBAL INFORMATIVO\",\"description\":\"Peri\u00f3dico digital de la Rep\u00fablica Dominicana que ofrece noticias, novedades, pol\u00edtica y las \u00faltimas actualidades, con informaci\u00f3n veraz y oportuna para mantenerte siempre informad\",\"publisher\":{\"@id\":\"https:\/\/elglobal.do\/#organization\"},\"potentialAction\":[{\"@type\":\"SearchAction\",\"target\":{\"@type\":\"EntryPoint\",\"urlTemplate\":\"https:\/\/elglobal.do\/?s={search_term_string}\"},\"query-input\":{\"@type\":\"PropertyValueSpecification\",\"valueRequired\":true,\"valueName\":\"search_term_string\"}}],\"inLanguage\":\"es\"},{\"@type\":\"Organization\",\"@id\":\"https:\/\/elglobal.do\/#organization\",\"name\":\"EL GLOBAL.DO INFORMATIVO\",\"url\":\"https:\/\/elglobal.do\/\",\"logo\":{\"@type\":\"ImageObject\",\"inLanguage\":\"es\",\"@id\":\"https:\/\/elglobal.do\/#\/schema\/logo\/image\/\",\"url\":\"https:\/\/elglobal.do\/wp-content\/uploads\/2025\/08\/icon.png\",\"contentUrl\":\"https:\/\/elglobal.do\/wp-content\/uploads\/2025\/08\/icon.png\",\"width\":512,\"height\":512,\"caption\":\"EL GLOBAL.DO INFORMATIVO\"},\"image\":{\"@id\":\"https:\/\/elglobal.do\/#\/schema\/logo\/image\/\"}},{\"@type\":\"Person\",\"@id\":\"https:\/\/elglobal.do\/#\/schema\/person\/0c97ec2c7714fb605d230c292f64d55f\",\"name\":\"EL GLOBAL\",\"image\":{\"@type\":\"ImageObject\",\"inLanguage\":\"es\",\"@id\":\"https:\/\/elglobal.do\/#\/schema\/person\/image\/\",\"url\":\"https:\/\/secure.gravatar.com\/avatar\/081cfb6cf99faddc6f4e23a0c11ab98c5cf302925382d1c88dc3ed757ab910a3?s=96&d=mm&r=g\",\"contentUrl\":\"https:\/\/secure.gravatar.com\/avatar\/081cfb6cf99faddc6f4e23a0c11ab98c5cf302925382d1c88dc3ed757ab910a3?s=96&d=mm&r=g\",\"caption\":\"EL GLOBAL\"},\"description\":\"El Global Informativo es un peri\u00f3dico digital de Rep\u00fablica Dominicana que se dedica a cubrir temas importantes, como la pol\u00edtica local, geopol\u00edtica, econom\u00eda, tecnolog\u00eda, noticias internacionales y eventos relacionados con la gesti\u00f3n social, cultural y humana. Su objetivo principal es mantener a la poblaci\u00f3n informada, ofreciendo una visi\u00f3n amplia y actualizada de lo que sucede tanto en el pa\u00eds como en el mundo. Est\u00e1 dirigido por un grupo de periodistas experimentados, lo que garantiza la calidad y la precisi\u00f3n de la informaci\u00f3n que ofrecen. Tiene su sede en la ciudad de Santo Domingo y es parte integral del portafolio de la empresa, MC Global S.R.L.\",\"sameAs\":[\"https:\/\/elglobal.do\",\"https:\/\/www.instagram.com\/elglobal.do_informativo\/\"],\"url\":\"https:\/\/elglobal.do\/index.php\/author\/elglobaluserpro\/\"}]}<\/script>\n<!-- \/ Yoast SEO plugin. -->","yoast_head_json":{"title":"Peloteros dominicanos respaldar\u00e1n Juegos Mundiales Policiales 2026 - EL GLOBAL INFORMATIVO","robots":{"index":"index","follow":"follow","max-snippet":"max-snippet:-1","max-image-preview":"max-image-preview:large","max-video-preview":"max-video-preview:-1"},"canonical":"https:\/\/elglobal.do\/index.php\/2025\/09\/02\/peloteros-dominicanos-respaldaran-juegos-mundiales-policiales-2026\/","og_locale":"es_ES","og_type":"article","og_title":"Peloteros dominicanos respaldar\u00e1n Juegos Mundiales Policiales 2026 - EL GLOBAL INFORMATIVO","og_description":"Santo Domingo.-Los estelares peloteros de Grandes Ligas\u00a0Julio Rodr\u00edguez\u00a0y Fernando Tatis Jr. expresaron su respaldo a la celebraci\u00f3n en Rep\u00fablica Dominicana de los\u00a0IV Juegos Mundiales Policiales, a realizarse del 26 al&hellip;","og_url":"https:\/\/elglobal.do\/index.php\/2025\/09\/02\/peloteros-dominicanos-respaldaran-juegos-mundiales-policiales-2026\/","og_site_name":"EL GLOBAL INFORMATIVO","article_published_time":"2025-09-02T15:21:59+00:00","article_modified_time":"2025-09-02T15:22:02+00:00","og_image":[{"width":896,"height":504,"url":"https:\/\/elglobal.do\/wp-content\/uploads\/2025\/09\/image-14.png","type":"image\/png"}],"author":"EL GLOBAL","twitter_card":"summary_large_image","twitter_misc":{"Escrito por":"EL GLOBAL","Tiempo de lectura":"3 minutos"},"schema":{"@context":"https:\/\/schema.org","@graph":[{"@type":"Article","@id":"https:\/\/elglobal.do\/index.php\/2025\/09\/02\/peloteros-dominicanos-respaldaran-juegos-mundiales-policiales-2026\/#article","isPartOf":{"@id":"https:\/\/elglobal.do\/index.php\/2025\/09\/02\/peloteros-dominicanos-respaldaran-juegos-mundiales-policiales-2026\/"},"author":{"name":"EL GLOBAL","@id":"https:\/\/elglobal.do\/#\/schema\/person\/0c97ec2c7714fb605d230c292f64d55f"},"headline":"Peloteros dominicanos respaldar\u00e1n Juegos Mundiales Policiales 2026","datePublished":"2025-09-02T15:21:59+00:00","dateModified":"2025-09-02T15:22:02+00:00","mainEntityOfPage":{"@id":"https:\/\/elglobal.do\/index.php\/2025\/09\/02\/peloteros-dominicanos-respaldaran-juegos-mundiales-policiales-2026\/"},"wordCount":446,"commentCount":0,"publisher":{"@id":"https:\/\/elglobal.do\/#organization"},"image":{"@id":"https:\/\/elglobal.do\/index.php\/2025\/09\/02\/peloteros-dominicanos-respaldaran-juegos-mundiales-policiales-2026\/#primaryimage"},"thumbnailUrl":"https:\/\/elglobal.do\/wp-content\/uploads\/2025\/09\/image-14.png","keywords":["#Deporte","#JuegosMundialesPoliciales2026","#Peloteros"],"articleSection":["DEPORTES"],"inLanguage":"es","potentialAction":[{"@type":"CommentAction","name":"Comment","target":["https:\/\/elglobal.do\/index.php\/2025\/09\/02\/peloteros-dominicanos-respaldaran-juegos-mundiales-policiales-2026\/#respond"]}]},{"@type":"WebPage","@id":"https:\/\/elglobal.do\/index.php\/2025\/09\/02\/peloteros-dominicanos-respaldaran-juegos-mundiales-policiales-2026\/","url":"https:\/\/elglobal.do\/index.php\/2025\/09\/02\/peloteros-dominicanos-respaldaran-juegos-mundiales-policiales-2026\/","name":"Peloteros dominicanos respaldar\u00e1n Juegos Mundiales Policiales 2026 - EL GLOBAL INFORMATIVO","isPartOf":{"@id":"https:\/\/elglobal.do\/#website"},"primaryImageOfPage":{"@id":"https:\/\/elglobal.do\/index.php\/2025\/09\/02\/peloteros-dominicanos-respaldaran-juegos-mundiales-policiales-2026\/#primaryimage"},"image":{"@id":"https:\/\/elglobal.do\/index.php\/2025\/09\/02\/peloteros-dominicanos-respaldaran-juegos-mundiales-policiales-2026\/#primaryimage"},"thumbnailUrl":"https:\/\/elglobal.do\/wp-content\/uploads\/2025\/09\/image-14.png","datePublished":"2025-09-02T15:21:59+00:00","dateModified":"2025-09-02T15:22:02+00:00","breadcrumb":{"@id":"https:\/\/elglobal.do\/index.php\/2025\/09\/02\/peloteros-dominicanos-respaldaran-juegos-mundiales-policiales-2026\/#breadcrumb"},"inLanguage":"es","potentialAction":[{"@type":"ReadAction","target":["https:\/\/elglobal.do\/index.php\/2025\/09\/02\/peloteros-dominicanos-respaldaran-juegos-mundiales-policiales-2026\/"]}]},{"@type":"ImageObject","inLanguage":"es","@id":"https:\/\/elglobal.do\/index.php\/2025\/09\/02\/peloteros-dominicanos-respaldaran-juegos-mundiales-policiales-2026\/#primaryimage","url":"https:\/\/elglobal.do\/wp-content\/uploads\/2025\/09\/image-14.png","contentUrl":"https:\/\/elglobal.do\/wp-content\/uploads\/2025\/09\/image-14.png","width":896,"height":504},{"@type":"BreadcrumbList","@id":"https:\/\/elglobal.do\/index.php\/2025\/09\/02\/peloteros-dominicanos-respaldaran-juegos-mundiales-policiales-2026\/#breadcrumb","itemListElement":[{"@type":"ListItem","position":1,"name":"Portada","item":"https:\/\/elglobal.do\/"},{"@type":"ListItem","position":2,"name":"Peloteros dominicanos respaldar\u00e1n Juegos Mundiales Policiales 2026"}]},{"@type":"WebSite","@id":"https:\/\/elglobal.do\/#website","url":"https:\/\/elglobal.do\/","name":"EL GLOBAL INFORMATIVO","description":"Peri\u00f3dico digital de la Rep\u00fablica Dominicana que ofrece noticias, novedades, pol\u00edtica y las \u00faltimas actualidades, con informaci\u00f3n veraz y oportuna para mantenerte siempre informad","publisher":{"@id":"https:\/\/elglobal.do\/#organization"},"potentialAction":[{"@type":"SearchAction","target":{"@type":"EntryPoint","urlTemplate":"https:\/\/elglobal.do\/?s={search_term_string}"},"query-input":{"@type":"PropertyValueSpecification","valueRequired":true,"valueName":"search_term_string"}}],"inLanguage":"es"},{"@type":"Organization","@id":"https:\/\/elglobal.do\/#organization","name":"EL GLOBAL.DO INFORMATIVO","url":"https:\/\/elglobal.do\/","logo":{"@type":"ImageObject","inLanguage":"es","@id":"https:\/\/elglobal.do\/#\/schema\/logo\/image\/","url":"https:\/\/elglobal.do\/wp-content\/uploads\/2025\/08\/icon.png","contentUrl":"https:\/\/elglobal.do\/wp-content\/uploads\/2025\/08\/icon.png","width":512,"height":512,"caption":"EL GLOBAL.DO INFORMATIVO"},"image":{"@id":"https:\/\/elglobal.do\/#\/schema\/logo\/image\/"}},{"@type":"Person","@id":"https:\/\/elglobal.do\/#\/schema\/person\/0c97ec2c7714fb605d230c292f64d55f","name":"EL GLOBAL","image":{"@type":"ImageObject","inLanguage":"es","@id":"https:\/\/elglobal.do\/#\/schema\/person\/image\/","url":"https:\/\/secure.gravatar.com\/avatar\/081cfb6cf99faddc6f4e23a0c11ab98c5cf302925382d1c88dc3ed757ab910a3?s=96&d=mm&r=g","contentUrl":"https:\/\/secure.gravatar.com\/avatar\/081cfb6cf99faddc6f4e23a0c11ab98c5cf302925382d1c88dc3ed757ab910a3?s=96&d=mm&r=g","caption":"EL GLOBAL"},"description":"El Global Informativo es un peri\u00f3dico digital de Rep\u00fablica Dominicana que se dedica a cubrir temas importantes, como la pol\u00edtica local, geopol\u00edtica, econom\u00eda, tecnolog\u00eda, noticias internacionales y eventos relacionados con la gesti\u00f3n social, cultural y humana. Su objetivo principal es mantener a la poblaci\u00f3n informada, ofreciendo una visi\u00f3n amplia y actualizada de lo que sucede tanto en el pa\u00eds como en el mundo. Est\u00e1 dirigido por un grupo de periodistas experimentados, lo que garantiza la calidad y la precisi\u00f3n de la informaci\u00f3n que ofrecen. Tiene su sede en la ciudad de Santo Domingo y es parte integral del portafolio de la empresa, MC Global S.R.L.","sameAs":["https:\/\/elglobal.do","https:\/\/www.instagram.com\/elglobal.do_informativo\/"],"url":"https:\/\/elglobal.do\/index.php\/author\/elglobaluserpro\/"}]}},"jetpack_featured_media_url":"https:\/\/elglobal.do\/wp-content\/uploads\/2025\/09\/image-14.png","jetpack_sharing_enabled":true,"_links":{"self":[{"href":"https:\/\/elglobal.do\/index.php\/wp-json\/wp\/v2\/posts\/1849","targetHints":{"allow":["GET"]}}],"collection":[{"href":"https:\/\/elglobal.do\/index.php\/wp-json\/wp\/v2\/posts"}],"about":[{"href":"https:\/\/elglobal.do\/index.php\/wp-json\/wp\/v2\/types\/post"}],"author":[{"embeddable":true,"href":"https:\/\/elglobal.do\/index.php\/wp-json\/wp\/v2\/users\/1"}],"replies":[{"embeddable":true,"href":"https:\/\/elglobal.do\/index.php\/wp-json\/wp\/v2\/comments?post=1849"}],"version-history":[{"count":1,"href":"https:\/\/elglobal.do\/index.php\/wp-json\/wp\/v2\/posts\/1849\/revisions"}],"predecessor-version":[{"id":1851,"href":"https:\/\/elglobal.do\/index.php\/wp-json\/wp\/v2\/posts\/1849\/revisions\/1851"}],"wp:featuredmedia":[{"embeddable":true,"href":"https:\/\/elglobal.do\/index.php\/wp-json\/wp\/v2\/media\/1850"}],"wp:attachment":[{"href":"https:\/\/elglobal.do\/index.php\/wp-json\/wp\/v2\/media?parent=1849"}],"wp:term":[{"taxonomy":"category","embeddable":true,"href":"https:\/\/elglobal.do\/index.php\/wp-json\/wp\/v2\/categories?post=1849"},{"taxonomy":"post_tag","embeddable":true,"href":"https:\/\/elglobal.do\/index.php\/wp-json\/wp\/v2\/tags?post=1849"}],"curies":[{"name":"wp","href":"https:\/\/api.w.org\/{rel}","templated":true}]}}