{"id":1886,"date":"2025-09-03T09:50:50","date_gmt":"2025-09-03T13:50:50","guid":{"rendered":"https:\/\/elglobal.do\/?p=1886"},"modified":"2025-09-03T09:50:53","modified_gmt":"2025-09-03T13:50:53","slug":"inposdom-suspende-envios-hacia-estados-unidos-por-aranceles","status":"publish","type":"post","link":"https:\/\/elglobal.do\/index.php\/2025\/09\/03\/inposdom-suspende-envios-hacia-estados-unidos-por-aranceles\/","title":{"rendered":"Inposdom suspende env\u00edos hacia Estados Unidos por aranceles"},"content":{"rendered":"\n<p><em>El Insposdom aclar\u00f3 que la suspensi\u00f3n temporal aplica \u00fanicamente a env\u00edos de mercanc\u00edas, mientras se coordinan los nuevos procesos con las autoridades competentes<\/em><\/p>\n\n\n\n<figure class=\"wp-block-image size-full\"><img loading=\"lazy\" decoding=\"async\" width=\"800\" height=\"533\" src=\"https:\/\/elglobal.do\/wp-content\/uploads\/2025\/09\/image-20.png\" alt=\"\" class=\"wp-image-1887\" srcset=\"https:\/\/elglobal.do\/wp-content\/uploads\/2025\/09\/image-20.png 800w, https:\/\/elglobal.do\/wp-content\/uploads\/2025\/09\/image-20-300x200.png 300w, https:\/\/elglobal.do\/wp-content\/uploads\/2025\/09\/image-20-768x512.png 768w\" sizes=\"auto, (max-width: 800px) 100vw, 800px\" \/><\/figure>\n\n\n\n<p><strong>Santo Domingo.<\/strong>-El<strong>\u00a0Instituto Postal Dominicano<\/strong>\u00a0(<strong>Inposdom<\/strong>) inform\u00f3 a toda la ciudadan\u00eda que debido a la entrada en vigor de la nueva\u00a0<strong>normativa aduanera de Estados Unidos<\/strong>, se suspender\u00e1n de manera temporal los env\u00edos de paquetes hacia ese territorio hasta tanto se definan y comuniquen los protocolos oficiales para la aplicaci\u00f3n de los\u00a0<strong>aranceles<\/strong>.<\/p>\n\n\n\n<p>La entidad detall\u00f3 que a partir del 29 de agosto de 2025, el gobierno estadounidense elimin\u00f3 la&nbsp;<strong>exenci\u00f3n arancelaria<\/strong>&nbsp;conocida como de&nbsp;<strong>minimis<\/strong>, lo que implica que todos los paquetes enviados hacia&nbsp;<strong>Estados Unidos<\/strong>&nbsp;estar\u00e1n sujetos al pago de impuestos y<strong>&nbsp;aranceles aduaneros<\/strong>, independientemente de su valor declarado.<\/p>\n\n\n\n<p><strong>Inposdom\u00a0<\/strong>agreg\u00f3 que se mantienen exonerados de pago los env\u00edos postales de cartas y documentos, as\u00ed como los env\u00edos dirigidos a familiares y amigos que contengan regalos con valor de hasta US$100.00, siempre que sean identificados como \u201c<strong>REGALO<\/strong>\u201d.<\/p>\n\n\n\n<p>El&nbsp;<strong>Insposdom&nbsp;<\/strong>aclar\u00f3 que la&nbsp;<strong>suspensi\u00f3n temporal<\/strong>&nbsp;aplica \u00fanicamente a env\u00edos de mercanc\u00edas, mientras se coordinan los nuevos procesos con las autoridades competentes.<\/p>\n\n\n\n<p>Asimismo, advirti\u00f3 que los tiempos de entrega podr\u00edan verse afectados por procesos adicionales de&nbsp;<strong>inspecci\u00f3n aduanera&nbsp;<\/strong>y que cualquier inconsistencia detectada por la aduana norteamericana podr\u00eda generar la devoluci\u00f3n del paquete a su origen.<\/p>\n\n\n\n<p>La instituci\u00f3n exhort\u00f3 a los usuarios a declarar de manera transparente el contenido y valor real de los env\u00edos, y mantenerse atentos a los canales oficiales para conocer actualizaciones sobre este proceso.<\/p>\n\n\n\n<h3 class=\"wp-block-heading\">Economistas develan escenarios para RD ante aranceles de Trump<\/h3>\n\n\n\n<p>Los economistas Alberto Veloz y Luis Vargas y el experto en Aduanas Eduardo Rodr\u00edguez, hablaron sobre los efectos de la pol\u00edtica arancelaria de&nbsp;<strong>Estados Unidos<\/strong>&nbsp;sobre la<strong>&nbsp;econom\u00eda dominicana.<\/strong><\/p>\n\n\n\n<p>Alberto Veloz llam\u00f3 la atenci\u00f3n sobre el predominio de las exportaciones de<strong>&nbsp;zonas francas&nbsp;<\/strong>y dijo que esto puede ser un punto de quiebre en la econom\u00eda en un futuro cercano.<\/p>\n\n\n\n<p>Veloz dijo que las exportaciones a&nbsp;<strong>Estados Unidos<\/strong>&nbsp;llegaron a US$12,900 millones, en 2024, de las cuales correspondieron al sector de zonas francas US$8,607 millones.<\/p>\n\n\n\n<p>Por su parte, el economista Luis Vargas dijo que la econom\u00eda dominicana se encuentra azotada por la crisis mundial, en particular la de&nbsp;<strong>Estados Unidos<\/strong>, con estrechos lazos de dependencia, y la de la&nbsp;<strong>Rep\u00fablica de China<\/strong>, vinculada al socavamiento de la matriz productiva y ocupacional nacional.<\/p>\n\n\n\n<p>Adem\u00e1s, el asesor de Aduanas explic\u00f3 que las tarifas impuestas en EE.UU. violan las reglas del comercio multilateral de comercio, establecidas en la&nbsp;<strong>Organizaci\u00f3n Mundial del Comercio<\/strong>&nbsp;(OMC), adem\u00e1s de aumentos de costos de transporte log\u00edstica y retrasos en Aduanas.<\/p>\n\n\n\n<p><\/p>\n","protected":false},"excerpt":{"rendered":"<p>El Insposdom aclar\u00f3 que la suspensi\u00f3n temporal aplica \u00fanicamente a env\u00edos de mercanc\u00edas, mientras se coordinan los nuevos procesos con las autoridades competentes Santo Domingo.-El\u00a0Instituto Postal Dominicano\u00a0(Inposdom) inform\u00f3 a toda&hellip; <\/p>\n","protected":false},"author":1,"featured_media":1887,"comment_status":"open","ping_status":"open","sticky":false,"template":"","format":"standard","meta":{"_jetpack_memberships_contains_paid_content":false,"footnotes":""},"categories":[10,40],"tags":[811,806,438,940,939],"class_list":["post-1886","post","type-post","status-publish","format-standard","has-post-thumbnail","hentry","category-economia","category-nacionales","tag-aduanas","tag-arranceles","tag-ee-uu-3","tag-envios","tag-inposdom"],"yoast_head":"<!-- This site is optimized with the Yoast SEO plugin v26.9 - https:\/\/yoast.com\/product\/yoast-seo-wordpress\/ -->\n<title>Inposdom suspende env\u00edos hacia Estados Unidos por aranceles - EL GLOBAL INFORMATIVO<\/title>\n<meta name=\"robots\" content=\"index, follow, max-snippet:-1, max-image-preview:large, max-video-preview:-1\" \/>\n<link rel=\"canonical\" href=\"https:\/\/elglobal.do\/index.php\/2025\/09\/03\/inposdom-suspende-envios-hacia-estados-unidos-por-aranceles\/\" \/>\n<meta property=\"og:locale\" content=\"es_ES\" \/>\n<meta property=\"og:type\" content=\"article\" \/>\n<meta property=\"og:title\" content=\"Inposdom suspende env\u00edos hacia Estados Unidos por aranceles - EL GLOBAL INFORMATIVO\" \/>\n<meta property=\"og:description\" content=\"El Insposdom aclar\u00f3 que la suspensi\u00f3n temporal aplica \u00fanicamente a env\u00edos de mercanc\u00edas, mientras se coordinan los nuevos procesos con las autoridades competentes Santo Domingo.-El\u00a0Instituto Postal Dominicano\u00a0(Inposdom) inform\u00f3 a toda&hellip;\" \/>\n<meta property=\"og:url\" content=\"https:\/\/elglobal.do\/index.php\/2025\/09\/03\/inposdom-suspende-envios-hacia-estados-unidos-por-aranceles\/\" \/>\n<meta property=\"og:site_name\" content=\"EL GLOBAL INFORMATIVO\" \/>\n<meta property=\"article:published_time\" content=\"2025-09-03T13:50:50+00:00\" \/>\n<meta property=\"article:modified_time\" content=\"2025-09-03T13:50:53+00:00\" \/>\n<meta property=\"og:image\" content=\"https:\/\/elglobal.do\/wp-content\/uploads\/2025\/09\/image-20.png\" \/>\n\t<meta property=\"og:image:width\" content=\"800\" \/>\n\t<meta property=\"og:image:height\" content=\"533\" \/>\n\t<meta property=\"og:image:type\" content=\"image\/png\" \/>\n<meta name=\"author\" content=\"EL GLOBAL\" \/>\n<meta name=\"twitter:card\" content=\"summary_large_image\" \/>\n<meta name=\"twitter:label1\" content=\"Escrito por\" \/>\n\t<meta name=\"twitter:data1\" content=\"EL GLOBAL\" \/>\n\t<meta name=\"twitter:label2\" content=\"Tiempo de lectura\" \/>\n\t<meta name=\"twitter:data2\" content=\"3 minutos\" \/>\n<script type=\"application\/ld+json\" class=\"yoast-schema-graph\">{\"@context\":\"https:\/\/schema.org\",\"@graph\":[{\"@type\":\"Article\",\"@id\":\"https:\/\/elglobal.do\/index.php\/2025\/09\/03\/inposdom-suspende-envios-hacia-estados-unidos-por-aranceles\/#article\",\"isPartOf\":{\"@id\":\"https:\/\/elglobal.do\/index.php\/2025\/09\/03\/inposdom-suspende-envios-hacia-estados-unidos-por-aranceles\/\"},\"author\":{\"name\":\"EL GLOBAL\",\"@id\":\"https:\/\/elglobal.do\/#\/schema\/person\/0c97ec2c7714fb605d230c292f64d55f\"},\"headline\":\"Inposdom suspende env\u00edos hacia Estados Unidos por aranceles\",\"datePublished\":\"2025-09-03T13:50:50+00:00\",\"dateModified\":\"2025-09-03T13:50:53+00:00\",\"mainEntityOfPage\":{\"@id\":\"https:\/\/elglobal.do\/index.php\/2025\/09\/03\/inposdom-suspende-envios-hacia-estados-unidos-por-aranceles\/\"},\"wordCount\":494,\"commentCount\":0,\"publisher\":{\"@id\":\"https:\/\/elglobal.do\/#organization\"},\"image\":{\"@id\":\"https:\/\/elglobal.do\/index.php\/2025\/09\/03\/inposdom-suspende-envios-hacia-estados-unidos-por-aranceles\/#primaryimage\"},\"thumbnailUrl\":\"https:\/\/elglobal.do\/wp-content\/uploads\/2025\/09\/image-20.png\",\"keywords\":[\"#Aduanas\",\"#Arranceles\",\"#EE.UU.\",\"#Env\u00edos\",\"#Inposdom\"],\"articleSection\":[\"ECONOM\u00cdA\",\"NACIONALES\"],\"inLanguage\":\"es\",\"potentialAction\":[{\"@type\":\"CommentAction\",\"name\":\"Comment\",\"target\":[\"https:\/\/elglobal.do\/index.php\/2025\/09\/03\/inposdom-suspende-envios-hacia-estados-unidos-por-aranceles\/#respond\"]}]},{\"@type\":\"WebPage\",\"@id\":\"https:\/\/elglobal.do\/index.php\/2025\/09\/03\/inposdom-suspende-envios-hacia-estados-unidos-por-aranceles\/\",\"url\":\"https:\/\/elglobal.do\/index.php\/2025\/09\/03\/inposdom-suspende-envios-hacia-estados-unidos-por-aranceles\/\",\"name\":\"Inposdom suspende env\u00edos hacia Estados Unidos por aranceles - EL GLOBAL INFORMATIVO\",\"isPartOf\":{\"@id\":\"https:\/\/elglobal.do\/#website\"},\"primaryImageOfPage\":{\"@id\":\"https:\/\/elglobal.do\/index.php\/2025\/09\/03\/inposdom-suspende-envios-hacia-estados-unidos-por-aranceles\/#primaryimage\"},\"image\":{\"@id\":\"https:\/\/elglobal.do\/index.php\/2025\/09\/03\/inposdom-suspende-envios-hacia-estados-unidos-por-aranceles\/#primaryimage\"},\"thumbnailUrl\":\"https:\/\/elglobal.do\/wp-content\/uploads\/2025\/09\/image-20.png\",\"datePublished\":\"2025-09-03T13:50:50+00:00\",\"dateModified\":\"2025-09-03T13:50:53+00:00\",\"breadcrumb\":{\"@id\":\"https:\/\/elglobal.do\/index.php\/2025\/09\/03\/inposdom-suspende-envios-hacia-estados-unidos-por-aranceles\/#breadcrumb\"},\"inLanguage\":\"es\",\"potentialAction\":[{\"@type\":\"ReadAction\",\"target\":[\"https:\/\/elglobal.do\/index.php\/2025\/09\/03\/inposdom-suspende-envios-hacia-estados-unidos-por-aranceles\/\"]}]},{\"@type\":\"ImageObject\",\"inLanguage\":\"es\",\"@id\":\"https:\/\/elglobal.do\/index.php\/2025\/09\/03\/inposdom-suspende-envios-hacia-estados-unidos-por-aranceles\/#primaryimage\",\"url\":\"https:\/\/elglobal.do\/wp-content\/uploads\/2025\/09\/image-20.png\",\"contentUrl\":\"https:\/\/elglobal.do\/wp-content\/uploads\/2025\/09\/image-20.png\",\"width\":800,\"height\":533},{\"@type\":\"BreadcrumbList\",\"@id\":\"https:\/\/elglobal.do\/index.php\/2025\/09\/03\/inposdom-suspende-envios-hacia-estados-unidos-por-aranceles\/#breadcrumb\",\"itemListElement\":[{\"@type\":\"ListItem\",\"position\":1,\"name\":\"Portada\",\"item\":\"https:\/\/elglobal.do\/\"},{\"@type\":\"ListItem\",\"position\":2,\"name\":\"Inposdom suspende env\u00edos hacia Estados Unidos por aranceles\"}]},{\"@type\":\"WebSite\",\"@id\":\"https:\/\/elglobal.do\/#website\",\"url\":\"https:\/\/elglobal.do\/\",\"name\":\"EL GLOBAL INFORMATIVO\",\"description\":\"Peri\u00f3dico digital de la Rep\u00fablica Dominicana que ofrece noticias, novedades, pol\u00edtica y las \u00faltimas actualidades, con informaci\u00f3n veraz y oportuna para mantenerte siempre informad\",\"publisher\":{\"@id\":\"https:\/\/elglobal.do\/#organization\"},\"potentialAction\":[{\"@type\":\"SearchAction\",\"target\":{\"@type\":\"EntryPoint\",\"urlTemplate\":\"https:\/\/elglobal.do\/?s={search_term_string}\"},\"query-input\":{\"@type\":\"PropertyValueSpecification\",\"valueRequired\":true,\"valueName\":\"search_term_string\"}}],\"inLanguage\":\"es\"},{\"@type\":\"Organization\",\"@id\":\"https:\/\/elglobal.do\/#organization\",\"name\":\"EL GLOBAL.DO INFORMATIVO\",\"url\":\"https:\/\/elglobal.do\/\",\"logo\":{\"@type\":\"ImageObject\",\"inLanguage\":\"es\",\"@id\":\"https:\/\/elglobal.do\/#\/schema\/logo\/image\/\",\"url\":\"https:\/\/elglobal.do\/wp-content\/uploads\/2025\/08\/icon.png\",\"contentUrl\":\"https:\/\/elglobal.do\/wp-content\/uploads\/2025\/08\/icon.png\",\"width\":512,\"height\":512,\"caption\":\"EL GLOBAL.DO INFORMATIVO\"},\"image\":{\"@id\":\"https:\/\/elglobal.do\/#\/schema\/logo\/image\/\"}},{\"@type\":\"Person\",\"@id\":\"https:\/\/elglobal.do\/#\/schema\/person\/0c97ec2c7714fb605d230c292f64d55f\",\"name\":\"EL GLOBAL\",\"image\":{\"@type\":\"ImageObject\",\"inLanguage\":\"es\",\"@id\":\"https:\/\/elglobal.do\/#\/schema\/person\/image\/\",\"url\":\"https:\/\/secure.gravatar.com\/avatar\/081cfb6cf99faddc6f4e23a0c11ab98c5cf302925382d1c88dc3ed757ab910a3?s=96&d=mm&r=g\",\"contentUrl\":\"https:\/\/secure.gravatar.com\/avatar\/081cfb6cf99faddc6f4e23a0c11ab98c5cf302925382d1c88dc3ed757ab910a3?s=96&d=mm&r=g\",\"caption\":\"EL GLOBAL\"},\"description\":\"El Global Informativo es un peri\u00f3dico digital de Rep\u00fablica Dominicana que se dedica a cubrir temas importantes, como la pol\u00edtica local, geopol\u00edtica, econom\u00eda, tecnolog\u00eda, noticias internacionales y eventos relacionados con la gesti\u00f3n social, cultural y humana. Su objetivo principal es mantener a la poblaci\u00f3n informada, ofreciendo una visi\u00f3n amplia y actualizada de lo que sucede tanto en el pa\u00eds como en el mundo. Est\u00e1 dirigido por un grupo de periodistas experimentados, lo que garantiza la calidad y la precisi\u00f3n de la informaci\u00f3n que ofrecen. Tiene su sede en la ciudad de Santo Domingo y es parte integral del portafolio de la empresa, MC Global S.R.L.\",\"sameAs\":[\"https:\/\/elglobal.do\",\"https:\/\/www.instagram.com\/elglobal.do_informativo\/\"],\"url\":\"https:\/\/elglobal.do\/index.php\/author\/elglobaluserpro\/\"}]}<\/script>\n<!-- \/ Yoast SEO plugin. -->","yoast_head_json":{"title":"Inposdom suspende env\u00edos hacia Estados Unidos por aranceles - EL GLOBAL INFORMATIVO","robots":{"index":"index","follow":"follow","max-snippet":"max-snippet:-1","max-image-preview":"max-image-preview:large","max-video-preview":"max-video-preview:-1"},"canonical":"https:\/\/elglobal.do\/index.php\/2025\/09\/03\/inposdom-suspende-envios-hacia-estados-unidos-por-aranceles\/","og_locale":"es_ES","og_type":"article","og_title":"Inposdom suspende env\u00edos hacia Estados Unidos por aranceles - EL GLOBAL INFORMATIVO","og_description":"El Insposdom aclar\u00f3 que la suspensi\u00f3n temporal aplica \u00fanicamente a env\u00edos de mercanc\u00edas, mientras se coordinan los nuevos procesos con las autoridades competentes Santo Domingo.-El\u00a0Instituto Postal Dominicano\u00a0(Inposdom) inform\u00f3 a toda&hellip;","og_url":"https:\/\/elglobal.do\/index.php\/2025\/09\/03\/inposdom-suspende-envios-hacia-estados-unidos-por-aranceles\/","og_site_name":"EL GLOBAL INFORMATIVO","article_published_time":"2025-09-03T13:50:50+00:00","article_modified_time":"2025-09-03T13:50:53+00:00","og_image":[{"width":800,"height":533,"url":"https:\/\/elglobal.do\/wp-content\/uploads\/2025\/09\/image-20.png","type":"image\/png"}],"author":"EL GLOBAL","twitter_card":"summary_large_image","twitter_misc":{"Escrito por":"EL GLOBAL","Tiempo de lectura":"3 minutos"},"schema":{"@context":"https:\/\/schema.org","@graph":[{"@type":"Article","@id":"https:\/\/elglobal.do\/index.php\/2025\/09\/03\/inposdom-suspende-envios-hacia-estados-unidos-por-aranceles\/#article","isPartOf":{"@id":"https:\/\/elglobal.do\/index.php\/2025\/09\/03\/inposdom-suspende-envios-hacia-estados-unidos-por-aranceles\/"},"author":{"name":"EL GLOBAL","@id":"https:\/\/elglobal.do\/#\/schema\/person\/0c97ec2c7714fb605d230c292f64d55f"},"headline":"Inposdom suspende env\u00edos hacia Estados Unidos por aranceles","datePublished":"2025-09-03T13:50:50+00:00","dateModified":"2025-09-03T13:50:53+00:00","mainEntityOfPage":{"@id":"https:\/\/elglobal.do\/index.php\/2025\/09\/03\/inposdom-suspende-envios-hacia-estados-unidos-por-aranceles\/"},"wordCount":494,"commentCount":0,"publisher":{"@id":"https:\/\/elglobal.do\/#organization"},"image":{"@id":"https:\/\/elglobal.do\/index.php\/2025\/09\/03\/inposdom-suspende-envios-hacia-estados-unidos-por-aranceles\/#primaryimage"},"thumbnailUrl":"https:\/\/elglobal.do\/wp-content\/uploads\/2025\/09\/image-20.png","keywords":["#Aduanas","#Arranceles","#EE.UU.","#Env\u00edos","#Inposdom"],"articleSection":["ECONOM\u00cdA","NACIONALES"],"inLanguage":"es","potentialAction":[{"@type":"CommentAction","name":"Comment","target":["https:\/\/elglobal.do\/index.php\/2025\/09\/03\/inposdom-suspende-envios-hacia-estados-unidos-por-aranceles\/#respond"]}]},{"@type":"WebPage","@id":"https:\/\/elglobal.do\/index.php\/2025\/09\/03\/inposdom-suspende-envios-hacia-estados-unidos-por-aranceles\/","url":"https:\/\/elglobal.do\/index.php\/2025\/09\/03\/inposdom-suspende-envios-hacia-estados-unidos-por-aranceles\/","name":"Inposdom suspende env\u00edos hacia Estados Unidos por aranceles - EL GLOBAL INFORMATIVO","isPartOf":{"@id":"https:\/\/elglobal.do\/#website"},"primaryImageOfPage":{"@id":"https:\/\/elglobal.do\/index.php\/2025\/09\/03\/inposdom-suspende-envios-hacia-estados-unidos-por-aranceles\/#primaryimage"},"image":{"@id":"https:\/\/elglobal.do\/index.php\/2025\/09\/03\/inposdom-suspende-envios-hacia-estados-unidos-por-aranceles\/#primaryimage"},"thumbnailUrl":"https:\/\/elglobal.do\/wp-content\/uploads\/2025\/09\/image-20.png","datePublished":"2025-09-03T13:50:50+00:00","dateModified":"2025-09-03T13:50:53+00:00","breadcrumb":{"@id":"https:\/\/elglobal.do\/index.php\/2025\/09\/03\/inposdom-suspende-envios-hacia-estados-unidos-por-aranceles\/#breadcrumb"},"inLanguage":"es","potentialAction":[{"@type":"ReadAction","target":["https:\/\/elglobal.do\/index.php\/2025\/09\/03\/inposdom-suspende-envios-hacia-estados-unidos-por-aranceles\/"]}]},{"@type":"ImageObject","inLanguage":"es","@id":"https:\/\/elglobal.do\/index.php\/2025\/09\/03\/inposdom-suspende-envios-hacia-estados-unidos-por-aranceles\/#primaryimage","url":"https:\/\/elglobal.do\/wp-content\/uploads\/2025\/09\/image-20.png","contentUrl":"https:\/\/elglobal.do\/wp-content\/uploads\/2025\/09\/image-20.png","width":800,"height":533},{"@type":"BreadcrumbList","@id":"https:\/\/elglobal.do\/index.php\/2025\/09\/03\/inposdom-suspende-envios-hacia-estados-unidos-por-aranceles\/#breadcrumb","itemListElement":[{"@type":"ListItem","position":1,"name":"Portada","item":"https:\/\/elglobal.do\/"},{"@type":"ListItem","position":2,"name":"Inposdom suspende env\u00edos hacia Estados Unidos por aranceles"}]},{"@type":"WebSite","@id":"https:\/\/elglobal.do\/#website","url":"https:\/\/elglobal.do\/","name":"EL GLOBAL INFORMATIVO","description":"Peri\u00f3dico digital de la Rep\u00fablica Dominicana que ofrece noticias, novedades, pol\u00edtica y las \u00faltimas actualidades, con informaci\u00f3n veraz y oportuna para mantenerte siempre informad","publisher":{"@id":"https:\/\/elglobal.do\/#organization"},"potentialAction":[{"@type":"SearchAction","target":{"@type":"EntryPoint","urlTemplate":"https:\/\/elglobal.do\/?s={search_term_string}"},"query-input":{"@type":"PropertyValueSpecification","valueRequired":true,"valueName":"search_term_string"}}],"inLanguage":"es"},{"@type":"Organization","@id":"https:\/\/elglobal.do\/#organization","name":"EL GLOBAL.DO INFORMATIVO","url":"https:\/\/elglobal.do\/","logo":{"@type":"ImageObject","inLanguage":"es","@id":"https:\/\/elglobal.do\/#\/schema\/logo\/image\/","url":"https:\/\/elglobal.do\/wp-content\/uploads\/2025\/08\/icon.png","contentUrl":"https:\/\/elglobal.do\/wp-content\/uploads\/2025\/08\/icon.png","width":512,"height":512,"caption":"EL GLOBAL.DO INFORMATIVO"},"image":{"@id":"https:\/\/elglobal.do\/#\/schema\/logo\/image\/"}},{"@type":"Person","@id":"https:\/\/elglobal.do\/#\/schema\/person\/0c97ec2c7714fb605d230c292f64d55f","name":"EL GLOBAL","image":{"@type":"ImageObject","inLanguage":"es","@id":"https:\/\/elglobal.do\/#\/schema\/person\/image\/","url":"https:\/\/secure.gravatar.com\/avatar\/081cfb6cf99faddc6f4e23a0c11ab98c5cf302925382d1c88dc3ed757ab910a3?s=96&d=mm&r=g","contentUrl":"https:\/\/secure.gravatar.com\/avatar\/081cfb6cf99faddc6f4e23a0c11ab98c5cf302925382d1c88dc3ed757ab910a3?s=96&d=mm&r=g","caption":"EL GLOBAL"},"description":"El Global Informativo es un peri\u00f3dico digital de Rep\u00fablica Dominicana que se dedica a cubrir temas importantes, como la pol\u00edtica local, geopol\u00edtica, econom\u00eda, tecnolog\u00eda, noticias internacionales y eventos relacionados con la gesti\u00f3n social, cultural y humana. Su objetivo principal es mantener a la poblaci\u00f3n informada, ofreciendo una visi\u00f3n amplia y actualizada de lo que sucede tanto en el pa\u00eds como en el mundo. Est\u00e1 dirigido por un grupo de periodistas experimentados, lo que garantiza la calidad y la precisi\u00f3n de la informaci\u00f3n que ofrecen. Tiene su sede en la ciudad de Santo Domingo y es parte integral del portafolio de la empresa, MC Global S.R.L.","sameAs":["https:\/\/elglobal.do","https:\/\/www.instagram.com\/elglobal.do_informativo\/"],"url":"https:\/\/elglobal.do\/index.php\/author\/elglobaluserpro\/"}]}},"jetpack_featured_media_url":"https:\/\/elglobal.do\/wp-content\/uploads\/2025\/09\/image-20.png","jetpack_sharing_enabled":true,"_links":{"self":[{"href":"https:\/\/elglobal.do\/index.php\/wp-json\/wp\/v2\/posts\/1886","targetHints":{"allow":["GET"]}}],"collection":[{"href":"https:\/\/elglobal.do\/index.php\/wp-json\/wp\/v2\/posts"}],"about":[{"href":"https:\/\/elglobal.do\/index.php\/wp-json\/wp\/v2\/types\/post"}],"author":[{"embeddable":true,"href":"https:\/\/elglobal.do\/index.php\/wp-json\/wp\/v2\/users\/1"}],"replies":[{"embeddable":true,"href":"https:\/\/elglobal.do\/index.php\/wp-json\/wp\/v2\/comments?post=1886"}],"version-history":[{"count":1,"href":"https:\/\/elglobal.do\/index.php\/wp-json\/wp\/v2\/posts\/1886\/revisions"}],"predecessor-version":[{"id":1888,"href":"https:\/\/elglobal.do\/index.php\/wp-json\/wp\/v2\/posts\/1886\/revisions\/1888"}],"wp:featuredmedia":[{"embeddable":true,"href":"https:\/\/elglobal.do\/index.php\/wp-json\/wp\/v2\/media\/1887"}],"wp:attachment":[{"href":"https:\/\/elglobal.do\/index.php\/wp-json\/wp\/v2\/media?parent=1886"}],"wp:term":[{"taxonomy":"category","embeddable":true,"href":"https:\/\/elglobal.do\/index.php\/wp-json\/wp\/v2\/categories?post=1886"},{"taxonomy":"post_tag","embeddable":true,"href":"https:\/\/elglobal.do\/index.php\/wp-json\/wp\/v2\/tags?post=1886"}],"curies":[{"name":"wp","href":"https:\/\/api.w.org\/{rel}","templated":true}]}}