{"id":1934,"date":"2025-09-04T11:21:41","date_gmt":"2025-09-04T15:21:41","guid":{"rendered":"https:\/\/elglobal.do\/?p=1934"},"modified":"2025-09-09T10:06:20","modified_gmt":"2025-09-09T14:06:20","slug":"danilo-medina-se-defiende-soy-un-hombre-honesto-a-toda-prueba","status":"publish","type":"post","link":"https:\/\/elglobal.do\/index.php\/2025\/09\/04\/danilo-medina-se-defiende-soy-un-hombre-honesto-a-toda-prueba\/","title":{"rendered":"Danilo Medina se defiende: Soy un hombre honesto a toda prueba"},"content":{"rendered":"\n<p><em>El exmandatario Danilo Medina se describi\u00f3 como un hombre honorable que puede dar una vuelta por el pa\u00eds y que no hay quien pueda se\u00f1alarlo en Rep\u00fablica Dominicana<\/em><\/p>\n\n\n\n<figure class=\"wp-block-image size-full\"><img loading=\"lazy\" decoding=\"async\" width=\"800\" height=\"600\" src=\"https:\/\/elglobal.do\/wp-content\/uploads\/2025\/09\/image-32.png\" alt=\"\" class=\"wp-image-1935\" srcset=\"https:\/\/elglobal.do\/wp-content\/uploads\/2025\/09\/image-32.png 800w, https:\/\/elglobal.do\/wp-content\/uploads\/2025\/09\/image-32-300x225.png 300w, https:\/\/elglobal.do\/wp-content\/uploads\/2025\/09\/image-32-768x576.png 768w\" sizes=\"auto, (max-width: 800px) 100vw, 800px\" \/><\/figure>\n\n\n\n<p><strong>Santo Domingo.-<\/strong>El\u00a0<strong>expresidente Danilo Medina<\/strong>\u00a0se defini\u00f3 como un hombre honesto a toda prueba, que fue un servidor mientras estuvo al frente del\u00a0<strong>Gobierno<\/strong>, entre los a\u00f1os\u00a0<strong>2012-2020<\/strong>.  <\/p>\n\n\n\n<p>\u00abYo soy un hombre honesto a toda prueba, porque yo fui un servidor\u00bb, dijo durante una entrevista en el programa radial \u00ab<strong>Sol de la Ma\u00f1ana<\/strong>\u00ab, que se transmite por&nbsp;<strong>Zol 106.5 FM.<\/strong><\/p>\n\n\n\n<p>Estas declaraciones fueron dadas a prop\u00f3sito del acuerdo que lleg\u00f3 su cu\u00f1ado\u00a0<strong>Maxy Gerardo Montilla<\/strong>, hermano de su esposa\u00a0<strong>C\u00e1ndida Montilla<\/strong>, con el\u00a0<strong>Ministerio P\u00fablico<\/strong>\u00a0de devolverle al Estado dominicano RD$3,000 millones.<\/p>\n\n\n\n<p>Medina dijo que nunca le pidi\u00f3 a un&nbsp;<strong>funcionario&nbsp;<\/strong>responsable de una instituci\u00f3n que le asignara una obra a alguien, \u00abni familia, ni amigos, ni a nadie. Porque si no la ped\u00eda para m\u00ed, \u00bfpor qu\u00e9 ten\u00eda que pedirla para otro? No lo hice nunca, nunca jam\u00e1s\u00bb.<\/p>\n\n\n\n<p>Agreg\u00f3 en el<strong>&nbsp;programa radial&nbsp;<\/strong>que tiene el arrepentimiento de volver a ocupar un puesto p\u00fablico, \u00abporque uno hace la cosa por las reglas y se somete a que cualquier tipo, sin ning\u00fan tipo de condiciones, est\u00e9 cuestionando sus nombres de la opini\u00f3n p\u00fablica\u00bb.<\/p>\n\n\n\n<p>Dijo que \u00faltimamente est\u00e1 expresando su opini\u00f3n porque ha decidido defender la obra de su gobierno, \u00abporque yo fui un hombre que fui al Estado a servirles\u00bb.<\/p>\n\n\n\n<p>Enfatiz\u00f3 que ten\u00eda un compromiso y ten\u00eda un pa\u00eds en su cabeza, \u00aby quise ejecutar lo que se ten\u00eda que hacer, lo que se tuviera que hacer para llegar a ese pa\u00eds\u00bb.<\/p>\n\n\n\n<p>Medina manifest\u00f3 que combati\u00f3 la pobreza. \u00abCombat\u00ed el desempleo, combat\u00ed los&nbsp;<strong>apagones<\/strong>, combat\u00ed al alfabetismo, combat\u00ed la miseria en general. Yo trabaj\u00e9 para servirle a mi pueblo, \u00fanica y exclusivamente para eso\u00bb, dijo.<\/p>\n\n\n\n<p><strong>Relaci\u00f3n Danilo Medina y Maxy Montilla<\/strong><\/p>\n\n\n\n<p>Dijo que su relaci\u00f3n con Montilla era \u00fanicamente que \u00e9l es medio hermano de su esposa, \u00abpero m\u00e1s all\u00e1, Maxy ha tenido su vida independiente y yo, la m\u00eda, nunca me ha pedido favores, lo ve\u00eda muy poco\u00bb.<\/p>\n\n\n\n<p>El presidente del\u00a0<strong>Partido de la Liberaci\u00f3n Dominicana\u00a0<\/strong>(<strong>PLD<\/strong>) agreg\u00f3 que sobre el el acuerdo con el Minsiterio P\u00fablico, Montilla no le pidi\u00f3 alg\u00fan tipo de consejo.<\/p>\n\n\n\n<p>Medina relat\u00f3 en el programa la conversaci\u00f3n que tuvo con su cu\u00f1ado: \u00ab\u00c9l vino a mi casa y me dijo que hab\u00eda llegado a un acuerdo con el&nbsp;<strong>Ministerio P\u00fablico<\/strong>&nbsp;y yo le pregunt\u00e9 que en que consist\u00eda ese acuerdo. Entonces me explic\u00f3 que mediante ese acuerdo \u00e9l ced\u00eda sus bienes a cambio de que lo dejaran tranquilo y en libertad\u00bb.<\/p>\n\n\n\n<p>La respuesta que el exmandatario le di\u00f3 a<strong>\u00a0Maxy Montilla<\/strong>, seg\u00fan su relato, fue la siguiente: \u00abBueno t\u00fa habr\u00e1s cedido tus bienes, pero tu tambi\u00e9n has cedido tu honor tu dignidad y tu integridad y eso yo no creo que tenga precio\u00bb.<\/p>\n\n\n\n<p><\/p>\n","protected":false},"excerpt":{"rendered":"<p>El exmandatario Danilo Medina se describi\u00f3 como un hombre honorable que puede dar una vuelta por el pa\u00eds y que no hay quien pueda se\u00f1alarlo en Rep\u00fablica Dominicana Santo Domingo.-El\u00a0expresidente&hellip; <\/p>\n","protected":false},"author":1,"featured_media":1935,"comment_status":"open","ping_status":"open","sticky":false,"template":"","format":"standard","meta":{"_jetpack_memberships_contains_paid_content":false,"footnotes":""},"categories":[40],"tags":[190,397,961,962,126],"class_list":["post-1934","post","type-post","status-publish","format-standard","has-post-thumbnail","hentry","category-nacionales","tag-acuerdo","tag-danilomedina","tag-defiende","tag-maxymontilla","tag-ministeriopublico"],"yoast_head":"<!-- This site is optimized with the Yoast SEO plugin v26.9 - https:\/\/yoast.com\/product\/yoast-seo-wordpress\/ -->\n<title>Danilo Medina se defiende: Soy un hombre honesto a toda prueba - EL GLOBAL INFORMATIVO<\/title>\n<meta name=\"robots\" content=\"index, follow, max-snippet:-1, max-image-preview:large, max-video-preview:-1\" \/>\n<link rel=\"canonical\" href=\"https:\/\/elglobal.do\/index.php\/2025\/09\/04\/danilo-medina-se-defiende-soy-un-hombre-honesto-a-toda-prueba\/\" \/>\n<meta property=\"og:locale\" content=\"es_ES\" \/>\n<meta property=\"og:type\" content=\"article\" \/>\n<meta property=\"og:title\" content=\"Danilo Medina se defiende: Soy un hombre honesto a toda prueba - EL GLOBAL INFORMATIVO\" \/>\n<meta property=\"og:description\" content=\"El exmandatario Danilo Medina se describi\u00f3 como un hombre honorable que puede dar una vuelta por el pa\u00eds y que no hay quien pueda se\u00f1alarlo en Rep\u00fablica Dominicana Santo Domingo.-El\u00a0expresidente&hellip;\" \/>\n<meta property=\"og:url\" content=\"https:\/\/elglobal.do\/index.php\/2025\/09\/04\/danilo-medina-se-defiende-soy-un-hombre-honesto-a-toda-prueba\/\" \/>\n<meta property=\"og:site_name\" content=\"EL GLOBAL INFORMATIVO\" \/>\n<meta property=\"article:published_time\" content=\"2025-09-04T15:21:41+00:00\" \/>\n<meta property=\"article:modified_time\" content=\"2025-09-09T14:06:20+00:00\" \/>\n<meta property=\"og:image\" content=\"https:\/\/elglobal.do\/wp-content\/uploads\/2025\/09\/image-32.png\" \/>\n\t<meta property=\"og:image:width\" content=\"800\" \/>\n\t<meta property=\"og:image:height\" content=\"600\" \/>\n\t<meta property=\"og:image:type\" content=\"image\/png\" \/>\n<meta name=\"author\" content=\"EL GLOBAL\" \/>\n<meta name=\"twitter:card\" content=\"summary_large_image\" \/>\n<meta name=\"twitter:label1\" content=\"Escrito por\" \/>\n\t<meta name=\"twitter:data1\" content=\"EL GLOBAL\" \/>\n\t<meta name=\"twitter:label2\" content=\"Tiempo de lectura\" \/>\n\t<meta name=\"twitter:data2\" content=\"3 minutos\" \/>\n<script type=\"application\/ld+json\" class=\"yoast-schema-graph\">{\"@context\":\"https:\/\/schema.org\",\"@graph\":[{\"@type\":\"Article\",\"@id\":\"https:\/\/elglobal.do\/index.php\/2025\/09\/04\/danilo-medina-se-defiende-soy-un-hombre-honesto-a-toda-prueba\/#article\",\"isPartOf\":{\"@id\":\"https:\/\/elglobal.do\/index.php\/2025\/09\/04\/danilo-medina-se-defiende-soy-un-hombre-honesto-a-toda-prueba\/\"},\"author\":{\"name\":\"EL GLOBAL\",\"@id\":\"https:\/\/elglobal.do\/#\/schema\/person\/0c97ec2c7714fb605d230c292f64d55f\"},\"headline\":\"Danilo Medina se defiende: Soy un hombre honesto a toda prueba\",\"datePublished\":\"2025-09-04T15:21:41+00:00\",\"dateModified\":\"2025-09-09T14:06:20+00:00\",\"mainEntityOfPage\":{\"@id\":\"https:\/\/elglobal.do\/index.php\/2025\/09\/04\/danilo-medina-se-defiende-soy-un-hombre-honesto-a-toda-prueba\/\"},\"wordCount\":536,\"commentCount\":0,\"publisher\":{\"@id\":\"https:\/\/elglobal.do\/#organization\"},\"image\":{\"@id\":\"https:\/\/elglobal.do\/index.php\/2025\/09\/04\/danilo-medina-se-defiende-soy-un-hombre-honesto-a-toda-prueba\/#primaryimage\"},\"thumbnailUrl\":\"https:\/\/elglobal.do\/wp-content\/uploads\/2025\/09\/image-32.png\",\"keywords\":[\"#Acuerdo\",\"#DaniloMedina\",\"#Defiende\",\"#MaxyMontilla\",\"#MinisterioP\u00fablico\"],\"articleSection\":[\"NACIONALES\"],\"inLanguage\":\"es\",\"potentialAction\":[{\"@type\":\"CommentAction\",\"name\":\"Comment\",\"target\":[\"https:\/\/elglobal.do\/index.php\/2025\/09\/04\/danilo-medina-se-defiende-soy-un-hombre-honesto-a-toda-prueba\/#respond\"]}]},{\"@type\":\"WebPage\",\"@id\":\"https:\/\/elglobal.do\/index.php\/2025\/09\/04\/danilo-medina-se-defiende-soy-un-hombre-honesto-a-toda-prueba\/\",\"url\":\"https:\/\/elglobal.do\/index.php\/2025\/09\/04\/danilo-medina-se-defiende-soy-un-hombre-honesto-a-toda-prueba\/\",\"name\":\"Danilo Medina se defiende: Soy un hombre honesto a toda prueba - EL GLOBAL INFORMATIVO\",\"isPartOf\":{\"@id\":\"https:\/\/elglobal.do\/#website\"},\"primaryImageOfPage\":{\"@id\":\"https:\/\/elglobal.do\/index.php\/2025\/09\/04\/danilo-medina-se-defiende-soy-un-hombre-honesto-a-toda-prueba\/#primaryimage\"},\"image\":{\"@id\":\"https:\/\/elglobal.do\/index.php\/2025\/09\/04\/danilo-medina-se-defiende-soy-un-hombre-honesto-a-toda-prueba\/#primaryimage\"},\"thumbnailUrl\":\"https:\/\/elglobal.do\/wp-content\/uploads\/2025\/09\/image-32.png\",\"datePublished\":\"2025-09-04T15:21:41+00:00\",\"dateModified\":\"2025-09-09T14:06:20+00:00\",\"breadcrumb\":{\"@id\":\"https:\/\/elglobal.do\/index.php\/2025\/09\/04\/danilo-medina-se-defiende-soy-un-hombre-honesto-a-toda-prueba\/#breadcrumb\"},\"inLanguage\":\"es\",\"potentialAction\":[{\"@type\":\"ReadAction\",\"target\":[\"https:\/\/elglobal.do\/index.php\/2025\/09\/04\/danilo-medina-se-defiende-soy-un-hombre-honesto-a-toda-prueba\/\"]}]},{\"@type\":\"ImageObject\",\"inLanguage\":\"es\",\"@id\":\"https:\/\/elglobal.do\/index.php\/2025\/09\/04\/danilo-medina-se-defiende-soy-un-hombre-honesto-a-toda-prueba\/#primaryimage\",\"url\":\"https:\/\/elglobal.do\/wp-content\/uploads\/2025\/09\/image-32.png\",\"contentUrl\":\"https:\/\/elglobal.do\/wp-content\/uploads\/2025\/09\/image-32.png\",\"width\":800,\"height\":600},{\"@type\":\"BreadcrumbList\",\"@id\":\"https:\/\/elglobal.do\/index.php\/2025\/09\/04\/danilo-medina-se-defiende-soy-un-hombre-honesto-a-toda-prueba\/#breadcrumb\",\"itemListElement\":[{\"@type\":\"ListItem\",\"position\":1,\"name\":\"Portada\",\"item\":\"https:\/\/elglobal.do\/\"},{\"@type\":\"ListItem\",\"position\":2,\"name\":\"Danilo Medina se defiende: Soy un hombre honesto a toda prueba\"}]},{\"@type\":\"WebSite\",\"@id\":\"https:\/\/elglobal.do\/#website\",\"url\":\"https:\/\/elglobal.do\/\",\"name\":\"EL GLOBAL INFORMATIVO\",\"description\":\"Peri\u00f3dico digital de la Rep\u00fablica Dominicana que ofrece noticias, novedades, pol\u00edtica y las \u00faltimas actualidades, con informaci\u00f3n veraz y oportuna para mantenerte siempre informad\",\"publisher\":{\"@id\":\"https:\/\/elglobal.do\/#organization\"},\"potentialAction\":[{\"@type\":\"SearchAction\",\"target\":{\"@type\":\"EntryPoint\",\"urlTemplate\":\"https:\/\/elglobal.do\/?s={search_term_string}\"},\"query-input\":{\"@type\":\"PropertyValueSpecification\",\"valueRequired\":true,\"valueName\":\"search_term_string\"}}],\"inLanguage\":\"es\"},{\"@type\":\"Organization\",\"@id\":\"https:\/\/elglobal.do\/#organization\",\"name\":\"EL GLOBAL.DO INFORMATIVO\",\"url\":\"https:\/\/elglobal.do\/\",\"logo\":{\"@type\":\"ImageObject\",\"inLanguage\":\"es\",\"@id\":\"https:\/\/elglobal.do\/#\/schema\/logo\/image\/\",\"url\":\"https:\/\/elglobal.do\/wp-content\/uploads\/2025\/08\/icon.png\",\"contentUrl\":\"https:\/\/elglobal.do\/wp-content\/uploads\/2025\/08\/icon.png\",\"width\":512,\"height\":512,\"caption\":\"EL GLOBAL.DO INFORMATIVO\"},\"image\":{\"@id\":\"https:\/\/elglobal.do\/#\/schema\/logo\/image\/\"}},{\"@type\":\"Person\",\"@id\":\"https:\/\/elglobal.do\/#\/schema\/person\/0c97ec2c7714fb605d230c292f64d55f\",\"name\":\"EL GLOBAL\",\"image\":{\"@type\":\"ImageObject\",\"inLanguage\":\"es\",\"@id\":\"https:\/\/elglobal.do\/#\/schema\/person\/image\/\",\"url\":\"https:\/\/secure.gravatar.com\/avatar\/081cfb6cf99faddc6f4e23a0c11ab98c5cf302925382d1c88dc3ed757ab910a3?s=96&d=mm&r=g\",\"contentUrl\":\"https:\/\/secure.gravatar.com\/avatar\/081cfb6cf99faddc6f4e23a0c11ab98c5cf302925382d1c88dc3ed757ab910a3?s=96&d=mm&r=g\",\"caption\":\"EL GLOBAL\"},\"description\":\"El Global Informativo es un peri\u00f3dico digital de Rep\u00fablica Dominicana que se dedica a cubrir temas importantes, como la pol\u00edtica local, geopol\u00edtica, econom\u00eda, tecnolog\u00eda, noticias internacionales y eventos relacionados con la gesti\u00f3n social, cultural y humana. Su objetivo principal es mantener a la poblaci\u00f3n informada, ofreciendo una visi\u00f3n amplia y actualizada de lo que sucede tanto en el pa\u00eds como en el mundo. Est\u00e1 dirigido por un grupo de periodistas experimentados, lo que garantiza la calidad y la precisi\u00f3n de la informaci\u00f3n que ofrecen. Tiene su sede en la ciudad de Santo Domingo y es parte integral del portafolio de la empresa, MC Global S.R.L.\",\"sameAs\":[\"https:\/\/elglobal.do\",\"https:\/\/www.instagram.com\/elglobal.do_informativo\/\"],\"url\":\"https:\/\/elglobal.do\/index.php\/author\/elglobaluserpro\/\"}]}<\/script>\n<!-- \/ Yoast SEO plugin. -->","yoast_head_json":{"title":"Danilo Medina se defiende: Soy un hombre honesto a toda prueba - EL GLOBAL INFORMATIVO","robots":{"index":"index","follow":"follow","max-snippet":"max-snippet:-1","max-image-preview":"max-image-preview:large","max-video-preview":"max-video-preview:-1"},"canonical":"https:\/\/elglobal.do\/index.php\/2025\/09\/04\/danilo-medina-se-defiende-soy-un-hombre-honesto-a-toda-prueba\/","og_locale":"es_ES","og_type":"article","og_title":"Danilo Medina se defiende: Soy un hombre honesto a toda prueba - EL GLOBAL INFORMATIVO","og_description":"El exmandatario Danilo Medina se describi\u00f3 como un hombre honorable que puede dar una vuelta por el pa\u00eds y que no hay quien pueda se\u00f1alarlo en Rep\u00fablica Dominicana Santo Domingo.-El\u00a0expresidente&hellip;","og_url":"https:\/\/elglobal.do\/index.php\/2025\/09\/04\/danilo-medina-se-defiende-soy-un-hombre-honesto-a-toda-prueba\/","og_site_name":"EL GLOBAL INFORMATIVO","article_published_time":"2025-09-04T15:21:41+00:00","article_modified_time":"2025-09-09T14:06:20+00:00","og_image":[{"width":800,"height":600,"url":"https:\/\/elglobal.do\/wp-content\/uploads\/2025\/09\/image-32.png","type":"image\/png"}],"author":"EL GLOBAL","twitter_card":"summary_large_image","twitter_misc":{"Escrito por":"EL GLOBAL","Tiempo de lectura":"3 minutos"},"schema":{"@context":"https:\/\/schema.org","@graph":[{"@type":"Article","@id":"https:\/\/elglobal.do\/index.php\/2025\/09\/04\/danilo-medina-se-defiende-soy-un-hombre-honesto-a-toda-prueba\/#article","isPartOf":{"@id":"https:\/\/elglobal.do\/index.php\/2025\/09\/04\/danilo-medina-se-defiende-soy-un-hombre-honesto-a-toda-prueba\/"},"author":{"name":"EL GLOBAL","@id":"https:\/\/elglobal.do\/#\/schema\/person\/0c97ec2c7714fb605d230c292f64d55f"},"headline":"Danilo Medina se defiende: Soy un hombre honesto a toda prueba","datePublished":"2025-09-04T15:21:41+00:00","dateModified":"2025-09-09T14:06:20+00:00","mainEntityOfPage":{"@id":"https:\/\/elglobal.do\/index.php\/2025\/09\/04\/danilo-medina-se-defiende-soy-un-hombre-honesto-a-toda-prueba\/"},"wordCount":536,"commentCount":0,"publisher":{"@id":"https:\/\/elglobal.do\/#organization"},"image":{"@id":"https:\/\/elglobal.do\/index.php\/2025\/09\/04\/danilo-medina-se-defiende-soy-un-hombre-honesto-a-toda-prueba\/#primaryimage"},"thumbnailUrl":"https:\/\/elglobal.do\/wp-content\/uploads\/2025\/09\/image-32.png","keywords":["#Acuerdo","#DaniloMedina","#Defiende","#MaxyMontilla","#MinisterioP\u00fablico"],"articleSection":["NACIONALES"],"inLanguage":"es","potentialAction":[{"@type":"CommentAction","name":"Comment","target":["https:\/\/elglobal.do\/index.php\/2025\/09\/04\/danilo-medina-se-defiende-soy-un-hombre-honesto-a-toda-prueba\/#respond"]}]},{"@type":"WebPage","@id":"https:\/\/elglobal.do\/index.php\/2025\/09\/04\/danilo-medina-se-defiende-soy-un-hombre-honesto-a-toda-prueba\/","url":"https:\/\/elglobal.do\/index.php\/2025\/09\/04\/danilo-medina-se-defiende-soy-un-hombre-honesto-a-toda-prueba\/","name":"Danilo Medina se defiende: Soy un hombre honesto a toda prueba - EL GLOBAL INFORMATIVO","isPartOf":{"@id":"https:\/\/elglobal.do\/#website"},"primaryImageOfPage":{"@id":"https:\/\/elglobal.do\/index.php\/2025\/09\/04\/danilo-medina-se-defiende-soy-un-hombre-honesto-a-toda-prueba\/#primaryimage"},"image":{"@id":"https:\/\/elglobal.do\/index.php\/2025\/09\/04\/danilo-medina-se-defiende-soy-un-hombre-honesto-a-toda-prueba\/#primaryimage"},"thumbnailUrl":"https:\/\/elglobal.do\/wp-content\/uploads\/2025\/09\/image-32.png","datePublished":"2025-09-04T15:21:41+00:00","dateModified":"2025-09-09T14:06:20+00:00","breadcrumb":{"@id":"https:\/\/elglobal.do\/index.php\/2025\/09\/04\/danilo-medina-se-defiende-soy-un-hombre-honesto-a-toda-prueba\/#breadcrumb"},"inLanguage":"es","potentialAction":[{"@type":"ReadAction","target":["https:\/\/elglobal.do\/index.php\/2025\/09\/04\/danilo-medina-se-defiende-soy-un-hombre-honesto-a-toda-prueba\/"]}]},{"@type":"ImageObject","inLanguage":"es","@id":"https:\/\/elglobal.do\/index.php\/2025\/09\/04\/danilo-medina-se-defiende-soy-un-hombre-honesto-a-toda-prueba\/#primaryimage","url":"https:\/\/elglobal.do\/wp-content\/uploads\/2025\/09\/image-32.png","contentUrl":"https:\/\/elglobal.do\/wp-content\/uploads\/2025\/09\/image-32.png","width":800,"height":600},{"@type":"BreadcrumbList","@id":"https:\/\/elglobal.do\/index.php\/2025\/09\/04\/danilo-medina-se-defiende-soy-un-hombre-honesto-a-toda-prueba\/#breadcrumb","itemListElement":[{"@type":"ListItem","position":1,"name":"Portada","item":"https:\/\/elglobal.do\/"},{"@type":"ListItem","position":2,"name":"Danilo Medina se defiende: Soy un hombre honesto a toda prueba"}]},{"@type":"WebSite","@id":"https:\/\/elglobal.do\/#website","url":"https:\/\/elglobal.do\/","name":"EL GLOBAL INFORMATIVO","description":"Peri\u00f3dico digital de la Rep\u00fablica Dominicana que ofrece noticias, novedades, pol\u00edtica y las \u00faltimas actualidades, con informaci\u00f3n veraz y oportuna para mantenerte siempre informad","publisher":{"@id":"https:\/\/elglobal.do\/#organization"},"potentialAction":[{"@type":"SearchAction","target":{"@type":"EntryPoint","urlTemplate":"https:\/\/elglobal.do\/?s={search_term_string}"},"query-input":{"@type":"PropertyValueSpecification","valueRequired":true,"valueName":"search_term_string"}}],"inLanguage":"es"},{"@type":"Organization","@id":"https:\/\/elglobal.do\/#organization","name":"EL GLOBAL.DO INFORMATIVO","url":"https:\/\/elglobal.do\/","logo":{"@type":"ImageObject","inLanguage":"es","@id":"https:\/\/elglobal.do\/#\/schema\/logo\/image\/","url":"https:\/\/elglobal.do\/wp-content\/uploads\/2025\/08\/icon.png","contentUrl":"https:\/\/elglobal.do\/wp-content\/uploads\/2025\/08\/icon.png","width":512,"height":512,"caption":"EL GLOBAL.DO INFORMATIVO"},"image":{"@id":"https:\/\/elglobal.do\/#\/schema\/logo\/image\/"}},{"@type":"Person","@id":"https:\/\/elglobal.do\/#\/schema\/person\/0c97ec2c7714fb605d230c292f64d55f","name":"EL GLOBAL","image":{"@type":"ImageObject","inLanguage":"es","@id":"https:\/\/elglobal.do\/#\/schema\/person\/image\/","url":"https:\/\/secure.gravatar.com\/avatar\/081cfb6cf99faddc6f4e23a0c11ab98c5cf302925382d1c88dc3ed757ab910a3?s=96&d=mm&r=g","contentUrl":"https:\/\/secure.gravatar.com\/avatar\/081cfb6cf99faddc6f4e23a0c11ab98c5cf302925382d1c88dc3ed757ab910a3?s=96&d=mm&r=g","caption":"EL GLOBAL"},"description":"El Global Informativo es un peri\u00f3dico digital de Rep\u00fablica Dominicana que se dedica a cubrir temas importantes, como la pol\u00edtica local, geopol\u00edtica, econom\u00eda, tecnolog\u00eda, noticias internacionales y eventos relacionados con la gesti\u00f3n social, cultural y humana. Su objetivo principal es mantener a la poblaci\u00f3n informada, ofreciendo una visi\u00f3n amplia y actualizada de lo que sucede tanto en el pa\u00eds como en el mundo. Est\u00e1 dirigido por un grupo de periodistas experimentados, lo que garantiza la calidad y la precisi\u00f3n de la informaci\u00f3n que ofrecen. Tiene su sede en la ciudad de Santo Domingo y es parte integral del portafolio de la empresa, MC Global S.R.L.","sameAs":["https:\/\/elglobal.do","https:\/\/www.instagram.com\/elglobal.do_informativo\/"],"url":"https:\/\/elglobal.do\/index.php\/author\/elglobaluserpro\/"}]}},"jetpack_featured_media_url":"https:\/\/elglobal.do\/wp-content\/uploads\/2025\/09\/image-32.png","jetpack_sharing_enabled":true,"_links":{"self":[{"href":"https:\/\/elglobal.do\/index.php\/wp-json\/wp\/v2\/posts\/1934","targetHints":{"allow":["GET"]}}],"collection":[{"href":"https:\/\/elglobal.do\/index.php\/wp-json\/wp\/v2\/posts"}],"about":[{"href":"https:\/\/elglobal.do\/index.php\/wp-json\/wp\/v2\/types\/post"}],"author":[{"embeddable":true,"href":"https:\/\/elglobal.do\/index.php\/wp-json\/wp\/v2\/users\/1"}],"replies":[{"embeddable":true,"href":"https:\/\/elglobal.do\/index.php\/wp-json\/wp\/v2\/comments?post=1934"}],"version-history":[{"count":1,"href":"https:\/\/elglobal.do\/index.php\/wp-json\/wp\/v2\/posts\/1934\/revisions"}],"predecessor-version":[{"id":1936,"href":"https:\/\/elglobal.do\/index.php\/wp-json\/wp\/v2\/posts\/1934\/revisions\/1936"}],"wp:featuredmedia":[{"embeddable":true,"href":"https:\/\/elglobal.do\/index.php\/wp-json\/wp\/v2\/media\/1935"}],"wp:attachment":[{"href":"https:\/\/elglobal.do\/index.php\/wp-json\/wp\/v2\/media?parent=1934"}],"wp:term":[{"taxonomy":"category","embeddable":true,"href":"https:\/\/elglobal.do\/index.php\/wp-json\/wp\/v2\/categories?post=1934"},{"taxonomy":"post_tag","embeddable":true,"href":"https:\/\/elglobal.do\/index.php\/wp-json\/wp\/v2\/tags?post=1934"}],"curies":[{"name":"wp","href":"https:\/\/api.w.org\/{rel}","templated":true}]}}