{"id":1942,"date":"2025-09-04T12:16:21","date_gmt":"2025-09-04T16:16:21","guid":{"rendered":"https:\/\/elglobal.do\/?p=1942"},"modified":"2025-09-04T12:16:23","modified_gmt":"2025-09-04T16:16:23","slug":"fallece-giorgio-armani-legandario-disenador-de-moda","status":"publish","type":"post","link":"https:\/\/elglobal.do\/index.php\/2025\/09\/04\/fallece-giorgio-armani-legandario-disenador-de-moda\/","title":{"rendered":"Fallece Giorgio Armani, legandario dise\u00f1ador de moda"},"content":{"rendered":"\n<figure class=\"wp-block-image size-large\"><img loading=\"lazy\" decoding=\"async\" width=\"1024\" height=\"576\" src=\"https:\/\/elglobal.do\/wp-content\/uploads\/2025\/09\/image-36-1024x576.png\" alt=\"\" class=\"wp-image-1943\" srcset=\"https:\/\/elglobal.do\/wp-content\/uploads\/2025\/09\/image-36-1024x576.png 1024w, https:\/\/elglobal.do\/wp-content\/uploads\/2025\/09\/image-36-300x169.png 300w, https:\/\/elglobal.do\/wp-content\/uploads\/2025\/09\/image-36-768x432.png 768w, https:\/\/elglobal.do\/wp-content\/uploads\/2025\/09\/image-36.png 1280w\" sizes=\"auto, (max-width: 1024px) 100vw, 1024px\" \/><\/figure>\n\n\n\n<p><strong>Italia.<\/strong>&#8211; Giorgio Armani, el afamado dise\u00f1ador de moda italiano, muri\u00f3 este jueves a los 91 a\u00f1os en la ciudad de Mil\u00e1n, Italia.<\/p>\n\n\n\n<p>Al dise\u00f1ador se le atribuye, durante d\u00e9cadas de pr\u00e1ctica, la creaci\u00f3n de una est\u00e9tica t\u00edpicamente italiana en sus prendas, adem\u00e1s de llevar las alfombras rojas de Hollywood a nuevas alturas.<\/p>\n\n\n\n<p>\u201cIl Signor Armani, como siempre lo llamaban con respeto y admiraci\u00f3n sus empleados y colaboradores, falleci\u00f3 en paz, rodeado de sus seres queridos\u201d, declar\u00f3 el Grupo Armani en un comunicado, describiendo al fundador como \u201cuna fuerza motora incansable\u201d.<\/p>\n\n\n\n<p>\u201cEn esta empresa, siempre nos hemos sentido parte de una familia\u201d, dice un comunicado proporcionado por la marca en nombre de su familia y empleados. \u201cHoy, con profunda emoci\u00f3n, sentimos el vac\u00edo dejado por quien fund\u00f3 y cuid\u00f3 de esta familia con visi\u00f3n, pasi\u00f3n y dedicaci\u00f3n. Pero es precisamente en su esp\u00edritu que nosotros, los empleados y los familiares que siempre trabajamos junto al Sr. Armani, nos comprometemos a proteger lo que \u00e9l construy\u00f3 y a llevar adelante su empresa en su memoria, con respeto, responsabilidad y amor\u201d.<\/p>\n\n\n\n<p>En junio de 2025, Armani no estuvo presente para hacer su habitual saludo al final del desfile de la marca durante la Semana de la Moda Masculina de Mil\u00e1n, marcando la primera vez en su carrera que se perdi\u00f3 su propio evento de pasarela. En ese momento, la empresa emiti\u00f3 un comunicado en el que dec\u00eda que \u00e9l \u201cse encuentra actualmente recuper\u00e1ndose en casa\u201d, sin especificar en ese momento la condici\u00f3n de su salud.<\/p>\n\n\n\n<p>En el panorama actual del lujo, que est\u00e1 dominado por conglomerados como LVMH, propietario de Louis Vuitton, y Kering, empresa matriz de Gucci, Armani fue uno de los pocos dise\u00f1adores que se mantuvo como \u00fanico accionista de su empresa. Hasta ahora, no hay un heredero evidente para el negocio de Armani, que en 2024 fue valorado por analistas de Bloomberg Intelligence en entre 8.000 y 10.000 millones de euros (entre US$ 9.300 y US$ 11.700 millones).<\/p>\n\n\n\n<p><\/p>\n","protected":false},"excerpt":{"rendered":"<p>Italia.&#8211; Giorgio Armani, el afamado dise\u00f1ador de moda italiano, muri\u00f3 este jueves a los 91 a\u00f1os en la ciudad de Mil\u00e1n, Italia. Al dise\u00f1ador se le atribuye, durante d\u00e9cadas de&hellip; <\/p>\n","protected":false},"author":1,"featured_media":1943,"comment_status":"open","ping_status":"open","sticky":false,"template":"","format":"standard","meta":{"_jetpack_memberships_contains_paid_content":false,"footnotes":""},"categories":[1],"tags":[966,410,967,968,965],"class_list":["post-1942","post","type-post","status-publish","format-standard","has-post-thumbnail","hentry","category-categoria-internacionales","tag-disenador","tag-fallece","tag-giorgioarmani","tag-italia","tag-moda"],"yoast_head":"<!-- This site is optimized with the Yoast SEO plugin v26.9 - https:\/\/yoast.com\/product\/yoast-seo-wordpress\/ -->\n<title>Fallece Giorgio Armani, legandario dise\u00f1ador de moda - EL GLOBAL INFORMATIVO<\/title>\n<meta name=\"robots\" content=\"index, follow, max-snippet:-1, max-image-preview:large, max-video-preview:-1\" \/>\n<link rel=\"canonical\" href=\"https:\/\/elglobal.do\/index.php\/2025\/09\/04\/fallece-giorgio-armani-legandario-disenador-de-moda\/\" \/>\n<meta property=\"og:locale\" content=\"es_ES\" \/>\n<meta property=\"og:type\" content=\"article\" \/>\n<meta property=\"og:title\" content=\"Fallece Giorgio Armani, legandario dise\u00f1ador de moda - EL GLOBAL INFORMATIVO\" \/>\n<meta property=\"og:description\" content=\"Italia.&#8211; Giorgio Armani, el afamado dise\u00f1ador de moda italiano, muri\u00f3 este jueves a los 91 a\u00f1os en la ciudad de Mil\u00e1n, Italia. Al dise\u00f1ador se le atribuye, durante d\u00e9cadas de&hellip;\" \/>\n<meta property=\"og:url\" content=\"https:\/\/elglobal.do\/index.php\/2025\/09\/04\/fallece-giorgio-armani-legandario-disenador-de-moda\/\" \/>\n<meta property=\"og:site_name\" content=\"EL GLOBAL INFORMATIVO\" \/>\n<meta property=\"article:published_time\" content=\"2025-09-04T16:16:21+00:00\" \/>\n<meta property=\"article:modified_time\" content=\"2025-09-04T16:16:23+00:00\" \/>\n<meta property=\"og:image\" content=\"https:\/\/elglobal.do\/wp-content\/uploads\/2025\/09\/image-36.png\" \/>\n\t<meta property=\"og:image:width\" content=\"1280\" \/>\n\t<meta property=\"og:image:height\" content=\"720\" \/>\n\t<meta property=\"og:image:type\" content=\"image\/png\" \/>\n<meta name=\"author\" content=\"EL GLOBAL\" \/>\n<meta name=\"twitter:card\" content=\"summary_large_image\" \/>\n<meta name=\"twitter:label1\" content=\"Escrito por\" \/>\n\t<meta name=\"twitter:data1\" content=\"EL GLOBAL\" \/>\n\t<meta name=\"twitter:label2\" content=\"Tiempo de lectura\" \/>\n\t<meta name=\"twitter:data2\" content=\"2 minutos\" \/>\n<script type=\"application\/ld+json\" class=\"yoast-schema-graph\">{\"@context\":\"https:\/\/schema.org\",\"@graph\":[{\"@type\":\"Article\",\"@id\":\"https:\/\/elglobal.do\/index.php\/2025\/09\/04\/fallece-giorgio-armani-legandario-disenador-de-moda\/#article\",\"isPartOf\":{\"@id\":\"https:\/\/elglobal.do\/index.php\/2025\/09\/04\/fallece-giorgio-armani-legandario-disenador-de-moda\/\"},\"author\":{\"name\":\"EL GLOBAL\",\"@id\":\"https:\/\/elglobal.do\/#\/schema\/person\/0c97ec2c7714fb605d230c292f64d55f\"},\"headline\":\"Fallece Giorgio Armani, legandario dise\u00f1ador de moda\",\"datePublished\":\"2025-09-04T16:16:21+00:00\",\"dateModified\":\"2025-09-04T16:16:23+00:00\",\"mainEntityOfPage\":{\"@id\":\"https:\/\/elglobal.do\/index.php\/2025\/09\/04\/fallece-giorgio-armani-legandario-disenador-de-moda\/\"},\"wordCount\":352,\"commentCount\":0,\"publisher\":{\"@id\":\"https:\/\/elglobal.do\/#organization\"},\"image\":{\"@id\":\"https:\/\/elglobal.do\/index.php\/2025\/09\/04\/fallece-giorgio-armani-legandario-disenador-de-moda\/#primaryimage\"},\"thumbnailUrl\":\"https:\/\/elglobal.do\/wp-content\/uploads\/2025\/09\/image-36.png\",\"keywords\":[\"#Dise\u00f1ador\",\"#Fallece\",\"#GiorgioArmani\",\"#Italia\",\"#Moda\"],\"articleSection\":[\"INTERNACIONALES\"],\"inLanguage\":\"es\",\"potentialAction\":[{\"@type\":\"CommentAction\",\"name\":\"Comment\",\"target\":[\"https:\/\/elglobal.do\/index.php\/2025\/09\/04\/fallece-giorgio-armani-legandario-disenador-de-moda\/#respond\"]}]},{\"@type\":\"WebPage\",\"@id\":\"https:\/\/elglobal.do\/index.php\/2025\/09\/04\/fallece-giorgio-armani-legandario-disenador-de-moda\/\",\"url\":\"https:\/\/elglobal.do\/index.php\/2025\/09\/04\/fallece-giorgio-armani-legandario-disenador-de-moda\/\",\"name\":\"Fallece Giorgio Armani, legandario dise\u00f1ador de moda - EL GLOBAL INFORMATIVO\",\"isPartOf\":{\"@id\":\"https:\/\/elglobal.do\/#website\"},\"primaryImageOfPage\":{\"@id\":\"https:\/\/elglobal.do\/index.php\/2025\/09\/04\/fallece-giorgio-armani-legandario-disenador-de-moda\/#primaryimage\"},\"image\":{\"@id\":\"https:\/\/elglobal.do\/index.php\/2025\/09\/04\/fallece-giorgio-armani-legandario-disenador-de-moda\/#primaryimage\"},\"thumbnailUrl\":\"https:\/\/elglobal.do\/wp-content\/uploads\/2025\/09\/image-36.png\",\"datePublished\":\"2025-09-04T16:16:21+00:00\",\"dateModified\":\"2025-09-04T16:16:23+00:00\",\"breadcrumb\":{\"@id\":\"https:\/\/elglobal.do\/index.php\/2025\/09\/04\/fallece-giorgio-armani-legandario-disenador-de-moda\/#breadcrumb\"},\"inLanguage\":\"es\",\"potentialAction\":[{\"@type\":\"ReadAction\",\"target\":[\"https:\/\/elglobal.do\/index.php\/2025\/09\/04\/fallece-giorgio-armani-legandario-disenador-de-moda\/\"]}]},{\"@type\":\"ImageObject\",\"inLanguage\":\"es\",\"@id\":\"https:\/\/elglobal.do\/index.php\/2025\/09\/04\/fallece-giorgio-armani-legandario-disenador-de-moda\/#primaryimage\",\"url\":\"https:\/\/elglobal.do\/wp-content\/uploads\/2025\/09\/image-36.png\",\"contentUrl\":\"https:\/\/elglobal.do\/wp-content\/uploads\/2025\/09\/image-36.png\",\"width\":1280,\"height\":720},{\"@type\":\"BreadcrumbList\",\"@id\":\"https:\/\/elglobal.do\/index.php\/2025\/09\/04\/fallece-giorgio-armani-legandario-disenador-de-moda\/#breadcrumb\",\"itemListElement\":[{\"@type\":\"ListItem\",\"position\":1,\"name\":\"Portada\",\"item\":\"https:\/\/elglobal.do\/\"},{\"@type\":\"ListItem\",\"position\":2,\"name\":\"Fallece Giorgio Armani, legandario dise\u00f1ador de moda\"}]},{\"@type\":\"WebSite\",\"@id\":\"https:\/\/elglobal.do\/#website\",\"url\":\"https:\/\/elglobal.do\/\",\"name\":\"EL GLOBAL INFORMATIVO\",\"description\":\"Peri\u00f3dico digital de la Rep\u00fablica Dominicana que ofrece noticias, novedades, pol\u00edtica y las \u00faltimas actualidades, con informaci\u00f3n veraz y oportuna para mantenerte siempre informad\",\"publisher\":{\"@id\":\"https:\/\/elglobal.do\/#organization\"},\"potentialAction\":[{\"@type\":\"SearchAction\",\"target\":{\"@type\":\"EntryPoint\",\"urlTemplate\":\"https:\/\/elglobal.do\/?s={search_term_string}\"},\"query-input\":{\"@type\":\"PropertyValueSpecification\",\"valueRequired\":true,\"valueName\":\"search_term_string\"}}],\"inLanguage\":\"es\"},{\"@type\":\"Organization\",\"@id\":\"https:\/\/elglobal.do\/#organization\",\"name\":\"EL GLOBAL.DO INFORMATIVO\",\"url\":\"https:\/\/elglobal.do\/\",\"logo\":{\"@type\":\"ImageObject\",\"inLanguage\":\"es\",\"@id\":\"https:\/\/elglobal.do\/#\/schema\/logo\/image\/\",\"url\":\"https:\/\/elglobal.do\/wp-content\/uploads\/2025\/08\/icon.png\",\"contentUrl\":\"https:\/\/elglobal.do\/wp-content\/uploads\/2025\/08\/icon.png\",\"width\":512,\"height\":512,\"caption\":\"EL GLOBAL.DO INFORMATIVO\"},\"image\":{\"@id\":\"https:\/\/elglobal.do\/#\/schema\/logo\/image\/\"}},{\"@type\":\"Person\",\"@id\":\"https:\/\/elglobal.do\/#\/schema\/person\/0c97ec2c7714fb605d230c292f64d55f\",\"name\":\"EL GLOBAL\",\"image\":{\"@type\":\"ImageObject\",\"inLanguage\":\"es\",\"@id\":\"https:\/\/elglobal.do\/#\/schema\/person\/image\/\",\"url\":\"https:\/\/secure.gravatar.com\/avatar\/081cfb6cf99faddc6f4e23a0c11ab98c5cf302925382d1c88dc3ed757ab910a3?s=96&d=mm&r=g\",\"contentUrl\":\"https:\/\/secure.gravatar.com\/avatar\/081cfb6cf99faddc6f4e23a0c11ab98c5cf302925382d1c88dc3ed757ab910a3?s=96&d=mm&r=g\",\"caption\":\"EL GLOBAL\"},\"description\":\"El Global Informativo es un peri\u00f3dico digital de Rep\u00fablica Dominicana que se dedica a cubrir temas importantes, como la pol\u00edtica local, geopol\u00edtica, econom\u00eda, tecnolog\u00eda, noticias internacionales y eventos relacionados con la gesti\u00f3n social, cultural y humana. Su objetivo principal es mantener a la poblaci\u00f3n informada, ofreciendo una visi\u00f3n amplia y actualizada de lo que sucede tanto en el pa\u00eds como en el mundo. Est\u00e1 dirigido por un grupo de periodistas experimentados, lo que garantiza la calidad y la precisi\u00f3n de la informaci\u00f3n que ofrecen. Tiene su sede en la ciudad de Santo Domingo y es parte integral del portafolio de la empresa, MC Global S.R.L.\",\"sameAs\":[\"https:\/\/elglobal.do\",\"https:\/\/www.instagram.com\/elglobal.do_informativo\/\"],\"url\":\"https:\/\/elglobal.do\/index.php\/author\/elglobaluserpro\/\"}]}<\/script>\n<!-- \/ Yoast SEO plugin. -->","yoast_head_json":{"title":"Fallece Giorgio Armani, legandario dise\u00f1ador de moda - EL GLOBAL INFORMATIVO","robots":{"index":"index","follow":"follow","max-snippet":"max-snippet:-1","max-image-preview":"max-image-preview:large","max-video-preview":"max-video-preview:-1"},"canonical":"https:\/\/elglobal.do\/index.php\/2025\/09\/04\/fallece-giorgio-armani-legandario-disenador-de-moda\/","og_locale":"es_ES","og_type":"article","og_title":"Fallece Giorgio Armani, legandario dise\u00f1ador de moda - EL GLOBAL INFORMATIVO","og_description":"Italia.&#8211; Giorgio Armani, el afamado dise\u00f1ador de moda italiano, muri\u00f3 este jueves a los 91 a\u00f1os en la ciudad de Mil\u00e1n, Italia. Al dise\u00f1ador se le atribuye, durante d\u00e9cadas de&hellip;","og_url":"https:\/\/elglobal.do\/index.php\/2025\/09\/04\/fallece-giorgio-armani-legandario-disenador-de-moda\/","og_site_name":"EL GLOBAL INFORMATIVO","article_published_time":"2025-09-04T16:16:21+00:00","article_modified_time":"2025-09-04T16:16:23+00:00","og_image":[{"width":1280,"height":720,"url":"https:\/\/elglobal.do\/wp-content\/uploads\/2025\/09\/image-36.png","type":"image\/png"}],"author":"EL GLOBAL","twitter_card":"summary_large_image","twitter_misc":{"Escrito por":"EL GLOBAL","Tiempo de lectura":"2 minutos"},"schema":{"@context":"https:\/\/schema.org","@graph":[{"@type":"Article","@id":"https:\/\/elglobal.do\/index.php\/2025\/09\/04\/fallece-giorgio-armani-legandario-disenador-de-moda\/#article","isPartOf":{"@id":"https:\/\/elglobal.do\/index.php\/2025\/09\/04\/fallece-giorgio-armani-legandario-disenador-de-moda\/"},"author":{"name":"EL GLOBAL","@id":"https:\/\/elglobal.do\/#\/schema\/person\/0c97ec2c7714fb605d230c292f64d55f"},"headline":"Fallece Giorgio Armani, legandario dise\u00f1ador de moda","datePublished":"2025-09-04T16:16:21+00:00","dateModified":"2025-09-04T16:16:23+00:00","mainEntityOfPage":{"@id":"https:\/\/elglobal.do\/index.php\/2025\/09\/04\/fallece-giorgio-armani-legandario-disenador-de-moda\/"},"wordCount":352,"commentCount":0,"publisher":{"@id":"https:\/\/elglobal.do\/#organization"},"image":{"@id":"https:\/\/elglobal.do\/index.php\/2025\/09\/04\/fallece-giorgio-armani-legandario-disenador-de-moda\/#primaryimage"},"thumbnailUrl":"https:\/\/elglobal.do\/wp-content\/uploads\/2025\/09\/image-36.png","keywords":["#Dise\u00f1ador","#Fallece","#GiorgioArmani","#Italia","#Moda"],"articleSection":["INTERNACIONALES"],"inLanguage":"es","potentialAction":[{"@type":"CommentAction","name":"Comment","target":["https:\/\/elglobal.do\/index.php\/2025\/09\/04\/fallece-giorgio-armani-legandario-disenador-de-moda\/#respond"]}]},{"@type":"WebPage","@id":"https:\/\/elglobal.do\/index.php\/2025\/09\/04\/fallece-giorgio-armani-legandario-disenador-de-moda\/","url":"https:\/\/elglobal.do\/index.php\/2025\/09\/04\/fallece-giorgio-armani-legandario-disenador-de-moda\/","name":"Fallece Giorgio Armani, legandario dise\u00f1ador de moda - EL GLOBAL INFORMATIVO","isPartOf":{"@id":"https:\/\/elglobal.do\/#website"},"primaryImageOfPage":{"@id":"https:\/\/elglobal.do\/index.php\/2025\/09\/04\/fallece-giorgio-armani-legandario-disenador-de-moda\/#primaryimage"},"image":{"@id":"https:\/\/elglobal.do\/index.php\/2025\/09\/04\/fallece-giorgio-armani-legandario-disenador-de-moda\/#primaryimage"},"thumbnailUrl":"https:\/\/elglobal.do\/wp-content\/uploads\/2025\/09\/image-36.png","datePublished":"2025-09-04T16:16:21+00:00","dateModified":"2025-09-04T16:16:23+00:00","breadcrumb":{"@id":"https:\/\/elglobal.do\/index.php\/2025\/09\/04\/fallece-giorgio-armani-legandario-disenador-de-moda\/#breadcrumb"},"inLanguage":"es","potentialAction":[{"@type":"ReadAction","target":["https:\/\/elglobal.do\/index.php\/2025\/09\/04\/fallece-giorgio-armani-legandario-disenador-de-moda\/"]}]},{"@type":"ImageObject","inLanguage":"es","@id":"https:\/\/elglobal.do\/index.php\/2025\/09\/04\/fallece-giorgio-armani-legandario-disenador-de-moda\/#primaryimage","url":"https:\/\/elglobal.do\/wp-content\/uploads\/2025\/09\/image-36.png","contentUrl":"https:\/\/elglobal.do\/wp-content\/uploads\/2025\/09\/image-36.png","width":1280,"height":720},{"@type":"BreadcrumbList","@id":"https:\/\/elglobal.do\/index.php\/2025\/09\/04\/fallece-giorgio-armani-legandario-disenador-de-moda\/#breadcrumb","itemListElement":[{"@type":"ListItem","position":1,"name":"Portada","item":"https:\/\/elglobal.do\/"},{"@type":"ListItem","position":2,"name":"Fallece Giorgio Armani, legandario dise\u00f1ador de moda"}]},{"@type":"WebSite","@id":"https:\/\/elglobal.do\/#website","url":"https:\/\/elglobal.do\/","name":"EL GLOBAL INFORMATIVO","description":"Peri\u00f3dico digital de la Rep\u00fablica Dominicana que ofrece noticias, novedades, pol\u00edtica y las \u00faltimas actualidades, con informaci\u00f3n veraz y oportuna para mantenerte siempre informad","publisher":{"@id":"https:\/\/elglobal.do\/#organization"},"potentialAction":[{"@type":"SearchAction","target":{"@type":"EntryPoint","urlTemplate":"https:\/\/elglobal.do\/?s={search_term_string}"},"query-input":{"@type":"PropertyValueSpecification","valueRequired":true,"valueName":"search_term_string"}}],"inLanguage":"es"},{"@type":"Organization","@id":"https:\/\/elglobal.do\/#organization","name":"EL GLOBAL.DO INFORMATIVO","url":"https:\/\/elglobal.do\/","logo":{"@type":"ImageObject","inLanguage":"es","@id":"https:\/\/elglobal.do\/#\/schema\/logo\/image\/","url":"https:\/\/elglobal.do\/wp-content\/uploads\/2025\/08\/icon.png","contentUrl":"https:\/\/elglobal.do\/wp-content\/uploads\/2025\/08\/icon.png","width":512,"height":512,"caption":"EL GLOBAL.DO INFORMATIVO"},"image":{"@id":"https:\/\/elglobal.do\/#\/schema\/logo\/image\/"}},{"@type":"Person","@id":"https:\/\/elglobal.do\/#\/schema\/person\/0c97ec2c7714fb605d230c292f64d55f","name":"EL GLOBAL","image":{"@type":"ImageObject","inLanguage":"es","@id":"https:\/\/elglobal.do\/#\/schema\/person\/image\/","url":"https:\/\/secure.gravatar.com\/avatar\/081cfb6cf99faddc6f4e23a0c11ab98c5cf302925382d1c88dc3ed757ab910a3?s=96&d=mm&r=g","contentUrl":"https:\/\/secure.gravatar.com\/avatar\/081cfb6cf99faddc6f4e23a0c11ab98c5cf302925382d1c88dc3ed757ab910a3?s=96&d=mm&r=g","caption":"EL GLOBAL"},"description":"El Global Informativo es un peri\u00f3dico digital de Rep\u00fablica Dominicana que se dedica a cubrir temas importantes, como la pol\u00edtica local, geopol\u00edtica, econom\u00eda, tecnolog\u00eda, noticias internacionales y eventos relacionados con la gesti\u00f3n social, cultural y humana. Su objetivo principal es mantener a la poblaci\u00f3n informada, ofreciendo una visi\u00f3n amplia y actualizada de lo que sucede tanto en el pa\u00eds como en el mundo. Est\u00e1 dirigido por un grupo de periodistas experimentados, lo que garantiza la calidad y la precisi\u00f3n de la informaci\u00f3n que ofrecen. Tiene su sede en la ciudad de Santo Domingo y es parte integral del portafolio de la empresa, MC Global S.R.L.","sameAs":["https:\/\/elglobal.do","https:\/\/www.instagram.com\/elglobal.do_informativo\/"],"url":"https:\/\/elglobal.do\/index.php\/author\/elglobaluserpro\/"}]}},"jetpack_featured_media_url":"https:\/\/elglobal.do\/wp-content\/uploads\/2025\/09\/image-36.png","jetpack_sharing_enabled":true,"_links":{"self":[{"href":"https:\/\/elglobal.do\/index.php\/wp-json\/wp\/v2\/posts\/1942","targetHints":{"allow":["GET"]}}],"collection":[{"href":"https:\/\/elglobal.do\/index.php\/wp-json\/wp\/v2\/posts"}],"about":[{"href":"https:\/\/elglobal.do\/index.php\/wp-json\/wp\/v2\/types\/post"}],"author":[{"embeddable":true,"href":"https:\/\/elglobal.do\/index.php\/wp-json\/wp\/v2\/users\/1"}],"replies":[{"embeddable":true,"href":"https:\/\/elglobal.do\/index.php\/wp-json\/wp\/v2\/comments?post=1942"}],"version-history":[{"count":1,"href":"https:\/\/elglobal.do\/index.php\/wp-json\/wp\/v2\/posts\/1942\/revisions"}],"predecessor-version":[{"id":1944,"href":"https:\/\/elglobal.do\/index.php\/wp-json\/wp\/v2\/posts\/1942\/revisions\/1944"}],"wp:featuredmedia":[{"embeddable":true,"href":"https:\/\/elglobal.do\/index.php\/wp-json\/wp\/v2\/media\/1943"}],"wp:attachment":[{"href":"https:\/\/elglobal.do\/index.php\/wp-json\/wp\/v2\/media?parent=1942"}],"wp:term":[{"taxonomy":"category","embeddable":true,"href":"https:\/\/elglobal.do\/index.php\/wp-json\/wp\/v2\/categories?post=1942"},{"taxonomy":"post_tag","embeddable":true,"href":"https:\/\/elglobal.do\/index.php\/wp-json\/wp\/v2\/tags?post=1942"}],"curies":[{"name":"wp","href":"https:\/\/api.w.org\/{rel}","templated":true}]}}