{"id":1972,"date":"2025-09-05T12:08:17","date_gmt":"2025-09-05T16:08:17","guid":{"rendered":"https:\/\/elglobal.do\/?p=1972"},"modified":"2025-09-05T12:28:23","modified_gmt":"2025-09-05T16:28:23","slug":"trajano-potentini-realiza-jornada-de-orientacion-sobre-el-nuevo-codigo-penal","status":"publish","type":"post","link":"https:\/\/elglobal.do\/index.php\/2025\/09\/05\/trajano-potentini-realiza-jornada-de-orientacion-sobre-el-nuevo-codigo-penal\/","title":{"rendered":"Trajano Potentini realiza jornada de orientaci\u00f3n sobre el nuevo C\u00f3digo Penal"},"content":{"rendered":"\n<p><strong>Santo Domingo. \u2013 <\/strong>El presidente del Colegio de Abogados de la Rep\u00fablica Dominicana (CARD), Trajano Potentini<strong>, <\/strong>emprendi\u00f3 una jornada de asistencia y orientaci\u00f3n sobre el nuevo C\u00f3digo Penal a instituciones gremiales, diplomados, paneles y programas de radio.<\/p>\n\n\n\n<p>Durante los \u00faltimos d\u00edas Potentini ha asistido a diferentes reuniones con gremios importantes del pa\u00eds, con la intensi\u00f3n de brindar asesor\u00eda sobre el impacto que tendr\u00eda el nuevo C\u00f3digo Penal. Esta ardua tarea de trabajo surge desde la necesidad de algunos sectores que han solicitado en consulta el enfoque del experto en leyes, en cuanto a c\u00f3mo les afectar\u00eda el endurecido nuevo C\u00f3digo Penal que entrar\u00e1 en vigor en agosto del 2026.<\/p>\n\n\n\n<p>La jornada inici\u00f3 con una visita a la Asociaci\u00f3n Dominicana de Profesores (ADP), d\u00f3nde el abogado y presidente del \u00f3rgano rector de los juristas de Rep\u00fablica Dominicana, orient\u00f3 a los miembros y maestros que componen la nombrada asociaci\u00f3n, acerca de algunos puntos preocupantes contenidos en el C\u00f3digo que podr\u00edan afectar directamente a los docentes, seg\u00fan le expresaron al jurista en la reuni\u00f3n.<\/p>\n\n\n\n<figure class=\"wp-block-image size-large\"><img loading=\"lazy\" decoding=\"async\" width=\"1024\" height=\"682\" src=\"https:\/\/elglobal.do\/wp-content\/uploads\/2025\/08\/Potentini-e-Hidalgo-1024x682.jpeg\" alt=\"\" class=\"wp-image-1750\" srcset=\"https:\/\/elglobal.do\/wp-content\/uploads\/2025\/08\/Potentini-e-Hidalgo-1024x682.jpeg 1024w, https:\/\/elglobal.do\/wp-content\/uploads\/2025\/08\/Potentini-e-Hidalgo-300x200.jpeg 300w, https:\/\/elglobal.do\/wp-content\/uploads\/2025\/08\/Potentini-e-Hidalgo-768x512.jpeg 768w, https:\/\/elglobal.do\/wp-content\/uploads\/2025\/08\/Potentini-e-Hidalgo.jpeg 1280w\" sizes=\"auto, (max-width: 1024px) 100vw, 1024px\" \/><\/figure>\n\n\n\n<p>Asimismo, continu\u00f3 en el Palacio de Justicia de San Crist\u00f3bal, donde el togado dio apertura al Diplomado sobre el nuevo C\u00f3digo Penal Dominicano, y present\u00f3 de manera impresa y virtual el conjunto de la ley penal. Con una masiva presencia de estudiantes y profesionales del Derecho, les dej\u00f3 la tarea de leer y entender el nuevo C\u00f3digo, que, aunque es necesaria la nueva reforma debido a que la vigente data de 1884, el nuevo texto presenta numerosas falencias, expres\u00f3 Potentini en medio de sus exposiciones.<\/p>\n\n\n\n<p>En las orientaciones Potentini tambi\u00e9n manifest\u00f3 e interactu\u00f3 sobre posibles amenazas a la libertad de expresi\u00f3n y otros derechos fundamentales como los gestos corporales que no est\u00e1n especificados a cu\u00e1les de estas actitudes se refiere el nuevo C\u00f3digo, seg\u00fan dijo, \u00abdeben ser cuidadosamente revisados y corregidos antes de su entrada en funcionamiento\u00bb.<\/p>\n\n\n\n<figure class=\"wp-block-image size-large\"><img loading=\"lazy\" decoding=\"async\" width=\"1024\" height=\"697\" src=\"https:\/\/elglobal.do\/wp-content\/uploads\/2025\/09\/Abogados-1024x697.jpeg\" alt=\"\" class=\"wp-image-1974\" srcset=\"https:\/\/elglobal.do\/wp-content\/uploads\/2025\/09\/Abogados-1024x697.jpeg 1024w, https:\/\/elglobal.do\/wp-content\/uploads\/2025\/09\/Abogados-300x204.jpeg 300w, https:\/\/elglobal.do\/wp-content\/uploads\/2025\/09\/Abogados-768x523.jpeg 768w, https:\/\/elglobal.do\/wp-content\/uploads\/2025\/09\/Abogados.jpeg 1199w\" sizes=\"auto, (max-width: 1024px) 100vw, 1024px\" \/><\/figure>\n\n\n\n<p>El jurista particip\u00f3 tambi\u00e9n, en el panel especializado en las novedades del nuevo reglamento penal de la ley 74-25 (nuevo C\u00f3digo Penal), que cont\u00f3 con la conducci\u00f3n de Freddy Castillo y de la directora de la Escuela Nacional de Abogados, Lucia Florentino.<\/p>\n\n\n\n<p>Para concluir la jornada educacional de esta semana, Potentini particip\u00f3 en el programa de radio Esto No Tiene Nombre con Roberto Cavada, donde ofreci\u00f3 detalles sobre algunas consultas del C\u00f3digo de manera ampliada a los escuchas y cibernautas de ese programa.<\/p>\n\n\n\n<figure class=\"wp-block-image size-large\"><img loading=\"lazy\" decoding=\"async\" width=\"1024\" height=\"610\" src=\"https:\/\/elglobal.do\/wp-content\/uploads\/2025\/09\/RC-2-1024x610.jpeg\" alt=\"\" class=\"wp-image-1977\" srcset=\"https:\/\/elglobal.do\/wp-content\/uploads\/2025\/09\/RC-2-1024x610.jpeg 1024w, https:\/\/elglobal.do\/wp-content\/uploads\/2025\/09\/RC-2-300x179.jpeg 300w, https:\/\/elglobal.do\/wp-content\/uploads\/2025\/09\/RC-2-768x457.jpeg 768w, https:\/\/elglobal.do\/wp-content\/uploads\/2025\/09\/RC-2.jpeg 1280w\" sizes=\"auto, (max-width: 1024px) 100vw, 1024px\" \/><\/figure>\n","protected":false},"excerpt":{"rendered":"<p>Santo Domingo. \u2013 El presidente del Colegio de Abogados de la Rep\u00fablica Dominicana (CARD), Trajano Potentini, emprendi\u00f3 una jornada de asistencia y orientaci\u00f3n sobre el nuevo C\u00f3digo Penal a instituciones&hellip; <\/p>\n","protected":false},"author":1,"featured_media":1973,"comment_status":"open","ping_status":"open","sticky":false,"template":"","format":"standard","meta":{"_jetpack_memberships_contains_paid_content":false,"footnotes":""},"categories":[330,14],"tags":[55,98,980,981,772],"class_list":["post-1972","post","type-post","status-publish","format-standard","has-post-thumbnail","hentry","category-justicia-nacionales","category-slider","tag-codigopenal","tag-elglobalinformativo","tag-jornada","tag-orientacion","tag-trajanopotentini"],"yoast_head":"<!-- This site is optimized with the Yoast SEO plugin v26.9 - https:\/\/yoast.com\/product\/yoast-seo-wordpress\/ -->\n<title>Trajano Potentini realiza jornada de orientaci\u00f3n sobre el nuevo C\u00f3digo Penal - EL GLOBAL INFORMATIVO<\/title>\n<meta name=\"robots\" content=\"index, follow, max-snippet:-1, max-image-preview:large, max-video-preview:-1\" \/>\n<link rel=\"canonical\" href=\"https:\/\/elglobal.do\/index.php\/2025\/09\/05\/trajano-potentini-realiza-jornada-de-orientacion-sobre-el-nuevo-codigo-penal\/\" \/>\n<meta property=\"og:locale\" content=\"es_ES\" \/>\n<meta property=\"og:type\" content=\"article\" \/>\n<meta property=\"og:title\" content=\"Trajano Potentini realiza jornada de orientaci\u00f3n sobre el nuevo C\u00f3digo Penal - EL GLOBAL INFORMATIVO\" \/>\n<meta property=\"og:description\" content=\"Santo Domingo. \u2013 El presidente del Colegio de Abogados de la Rep\u00fablica Dominicana (CARD), Trajano Potentini, emprendi\u00f3 una jornada de asistencia y orientaci\u00f3n sobre el nuevo C\u00f3digo Penal a instituciones&hellip;\" \/>\n<meta property=\"og:url\" content=\"https:\/\/elglobal.do\/index.php\/2025\/09\/05\/trajano-potentini-realiza-jornada-de-orientacion-sobre-el-nuevo-codigo-penal\/\" \/>\n<meta property=\"og:site_name\" content=\"EL GLOBAL INFORMATIVO\" \/>\n<meta property=\"article:published_time\" content=\"2025-09-05T16:08:17+00:00\" \/>\n<meta property=\"article:modified_time\" content=\"2025-09-05T16:28:23+00:00\" \/>\n<meta property=\"og:image\" content=\"https:\/\/elglobal.do\/wp-content\/uploads\/2025\/09\/Trajano.jpeg\" \/>\n\t<meta property=\"og:image:width\" content=\"1434\" \/>\n\t<meta property=\"og:image:height\" content=\"817\" \/>\n\t<meta property=\"og:image:type\" content=\"image\/jpeg\" \/>\n<meta name=\"author\" content=\"EL GLOBAL\" \/>\n<meta name=\"twitter:card\" content=\"summary_large_image\" \/>\n<meta name=\"twitter:label1\" content=\"Escrito por\" \/>\n\t<meta name=\"twitter:data1\" content=\"EL GLOBAL\" \/>\n\t<meta name=\"twitter:label2\" content=\"Tiempo de lectura\" \/>\n\t<meta name=\"twitter:data2\" content=\"3 minutos\" \/>\n<script type=\"application\/ld+json\" class=\"yoast-schema-graph\">{\"@context\":\"https:\/\/schema.org\",\"@graph\":[{\"@type\":\"Article\",\"@id\":\"https:\/\/elglobal.do\/index.php\/2025\/09\/05\/trajano-potentini-realiza-jornada-de-orientacion-sobre-el-nuevo-codigo-penal\/#article\",\"isPartOf\":{\"@id\":\"https:\/\/elglobal.do\/index.php\/2025\/09\/05\/trajano-potentini-realiza-jornada-de-orientacion-sobre-el-nuevo-codigo-penal\/\"},\"author\":{\"name\":\"EL GLOBAL\",\"@id\":\"https:\/\/elglobal.do\/#\/schema\/person\/0c97ec2c7714fb605d230c292f64d55f\"},\"headline\":\"Trajano Potentini realiza jornada de orientaci\u00f3n sobre el nuevo C\u00f3digo Penal\",\"datePublished\":\"2025-09-05T16:08:17+00:00\",\"dateModified\":\"2025-09-05T16:28:23+00:00\",\"mainEntityOfPage\":{\"@id\":\"https:\/\/elglobal.do\/index.php\/2025\/09\/05\/trajano-potentini-realiza-jornada-de-orientacion-sobre-el-nuevo-codigo-penal\/\"},\"wordCount\":434,\"commentCount\":0,\"publisher\":{\"@id\":\"https:\/\/elglobal.do\/#organization\"},\"image\":{\"@id\":\"https:\/\/elglobal.do\/index.php\/2025\/09\/05\/trajano-potentini-realiza-jornada-de-orientacion-sobre-el-nuevo-codigo-penal\/#primaryimage\"},\"thumbnailUrl\":\"https:\/\/elglobal.do\/wp-content\/uploads\/2025\/09\/Trajano.jpeg\",\"keywords\":[\"#C\u00f3digoPenal\",\"#ElGlobalInformativo\",\"#Jornada\",\"#orientaci\u00f3n\",\"#TrajanoPotentini\"],\"articleSection\":[\"JUSTICIA\",\"NOTICIAS RELEVANTES\"],\"inLanguage\":\"es\",\"potentialAction\":[{\"@type\":\"CommentAction\",\"name\":\"Comment\",\"target\":[\"https:\/\/elglobal.do\/index.php\/2025\/09\/05\/trajano-potentini-realiza-jornada-de-orientacion-sobre-el-nuevo-codigo-penal\/#respond\"]}]},{\"@type\":\"WebPage\",\"@id\":\"https:\/\/elglobal.do\/index.php\/2025\/09\/05\/trajano-potentini-realiza-jornada-de-orientacion-sobre-el-nuevo-codigo-penal\/\",\"url\":\"https:\/\/elglobal.do\/index.php\/2025\/09\/05\/trajano-potentini-realiza-jornada-de-orientacion-sobre-el-nuevo-codigo-penal\/\",\"name\":\"Trajano Potentini realiza jornada de orientaci\u00f3n sobre el nuevo C\u00f3digo Penal - EL GLOBAL INFORMATIVO\",\"isPartOf\":{\"@id\":\"https:\/\/elglobal.do\/#website\"},\"primaryImageOfPage\":{\"@id\":\"https:\/\/elglobal.do\/index.php\/2025\/09\/05\/trajano-potentini-realiza-jornada-de-orientacion-sobre-el-nuevo-codigo-penal\/#primaryimage\"},\"image\":{\"@id\":\"https:\/\/elglobal.do\/index.php\/2025\/09\/05\/trajano-potentini-realiza-jornada-de-orientacion-sobre-el-nuevo-codigo-penal\/#primaryimage\"},\"thumbnailUrl\":\"https:\/\/elglobal.do\/wp-content\/uploads\/2025\/09\/Trajano.jpeg\",\"datePublished\":\"2025-09-05T16:08:17+00:00\",\"dateModified\":\"2025-09-05T16:28:23+00:00\",\"breadcrumb\":{\"@id\":\"https:\/\/elglobal.do\/index.php\/2025\/09\/05\/trajano-potentini-realiza-jornada-de-orientacion-sobre-el-nuevo-codigo-penal\/#breadcrumb\"},\"inLanguage\":\"es\",\"potentialAction\":[{\"@type\":\"ReadAction\",\"target\":[\"https:\/\/elglobal.do\/index.php\/2025\/09\/05\/trajano-potentini-realiza-jornada-de-orientacion-sobre-el-nuevo-codigo-penal\/\"]}]},{\"@type\":\"ImageObject\",\"inLanguage\":\"es\",\"@id\":\"https:\/\/elglobal.do\/index.php\/2025\/09\/05\/trajano-potentini-realiza-jornada-de-orientacion-sobre-el-nuevo-codigo-penal\/#primaryimage\",\"url\":\"https:\/\/elglobal.do\/wp-content\/uploads\/2025\/09\/Trajano.jpeg\",\"contentUrl\":\"https:\/\/elglobal.do\/wp-content\/uploads\/2025\/09\/Trajano.jpeg\",\"width\":1434,\"height\":817},{\"@type\":\"BreadcrumbList\",\"@id\":\"https:\/\/elglobal.do\/index.php\/2025\/09\/05\/trajano-potentini-realiza-jornada-de-orientacion-sobre-el-nuevo-codigo-penal\/#breadcrumb\",\"itemListElement\":[{\"@type\":\"ListItem\",\"position\":1,\"name\":\"Portada\",\"item\":\"https:\/\/elglobal.do\/\"},{\"@type\":\"ListItem\",\"position\":2,\"name\":\"Trajano Potentini realiza jornada de orientaci\u00f3n sobre el nuevo C\u00f3digo Penal\"}]},{\"@type\":\"WebSite\",\"@id\":\"https:\/\/elglobal.do\/#website\",\"url\":\"https:\/\/elglobal.do\/\",\"name\":\"EL GLOBAL INFORMATIVO\",\"description\":\"Peri\u00f3dico digital de la Rep\u00fablica Dominicana que ofrece noticias, novedades, pol\u00edtica y las \u00faltimas actualidades, con informaci\u00f3n veraz y oportuna para mantenerte siempre informad\",\"publisher\":{\"@id\":\"https:\/\/elglobal.do\/#organization\"},\"potentialAction\":[{\"@type\":\"SearchAction\",\"target\":{\"@type\":\"EntryPoint\",\"urlTemplate\":\"https:\/\/elglobal.do\/?s={search_term_string}\"},\"query-input\":{\"@type\":\"PropertyValueSpecification\",\"valueRequired\":true,\"valueName\":\"search_term_string\"}}],\"inLanguage\":\"es\"},{\"@type\":\"Organization\",\"@id\":\"https:\/\/elglobal.do\/#organization\",\"name\":\"EL GLOBAL.DO INFORMATIVO\",\"url\":\"https:\/\/elglobal.do\/\",\"logo\":{\"@type\":\"ImageObject\",\"inLanguage\":\"es\",\"@id\":\"https:\/\/elglobal.do\/#\/schema\/logo\/image\/\",\"url\":\"https:\/\/elglobal.do\/wp-content\/uploads\/2025\/08\/icon.png\",\"contentUrl\":\"https:\/\/elglobal.do\/wp-content\/uploads\/2025\/08\/icon.png\",\"width\":512,\"height\":512,\"caption\":\"EL GLOBAL.DO INFORMATIVO\"},\"image\":{\"@id\":\"https:\/\/elglobal.do\/#\/schema\/logo\/image\/\"}},{\"@type\":\"Person\",\"@id\":\"https:\/\/elglobal.do\/#\/schema\/person\/0c97ec2c7714fb605d230c292f64d55f\",\"name\":\"EL GLOBAL\",\"image\":{\"@type\":\"ImageObject\",\"inLanguage\":\"es\",\"@id\":\"https:\/\/elglobal.do\/#\/schema\/person\/image\/\",\"url\":\"https:\/\/secure.gravatar.com\/avatar\/081cfb6cf99faddc6f4e23a0c11ab98c5cf302925382d1c88dc3ed757ab910a3?s=96&d=mm&r=g\",\"contentUrl\":\"https:\/\/secure.gravatar.com\/avatar\/081cfb6cf99faddc6f4e23a0c11ab98c5cf302925382d1c88dc3ed757ab910a3?s=96&d=mm&r=g\",\"caption\":\"EL GLOBAL\"},\"description\":\"El Global Informativo es un peri\u00f3dico digital de Rep\u00fablica Dominicana que se dedica a cubrir temas importantes, como la pol\u00edtica local, geopol\u00edtica, econom\u00eda, tecnolog\u00eda, noticias internacionales y eventos relacionados con la gesti\u00f3n social, cultural y humana. Su objetivo principal es mantener a la poblaci\u00f3n informada, ofreciendo una visi\u00f3n amplia y actualizada de lo que sucede tanto en el pa\u00eds como en el mundo. Est\u00e1 dirigido por un grupo de periodistas experimentados, lo que garantiza la calidad y la precisi\u00f3n de la informaci\u00f3n que ofrecen. Tiene su sede en la ciudad de Santo Domingo y es parte integral del portafolio de la empresa, MC Global S.R.L.\",\"sameAs\":[\"https:\/\/elglobal.do\",\"https:\/\/www.instagram.com\/elglobal.do_informativo\/\"],\"url\":\"https:\/\/elglobal.do\/index.php\/author\/elglobaluserpro\/\"}]}<\/script>\n<!-- \/ Yoast SEO plugin. -->","yoast_head_json":{"title":"Trajano Potentini realiza jornada de orientaci\u00f3n sobre el nuevo C\u00f3digo Penal - EL GLOBAL INFORMATIVO","robots":{"index":"index","follow":"follow","max-snippet":"max-snippet:-1","max-image-preview":"max-image-preview:large","max-video-preview":"max-video-preview:-1"},"canonical":"https:\/\/elglobal.do\/index.php\/2025\/09\/05\/trajano-potentini-realiza-jornada-de-orientacion-sobre-el-nuevo-codigo-penal\/","og_locale":"es_ES","og_type":"article","og_title":"Trajano Potentini realiza jornada de orientaci\u00f3n sobre el nuevo C\u00f3digo Penal - EL GLOBAL INFORMATIVO","og_description":"Santo Domingo. \u2013 El presidente del Colegio de Abogados de la Rep\u00fablica Dominicana (CARD), Trajano Potentini, emprendi\u00f3 una jornada de asistencia y orientaci\u00f3n sobre el nuevo C\u00f3digo Penal a instituciones&hellip;","og_url":"https:\/\/elglobal.do\/index.php\/2025\/09\/05\/trajano-potentini-realiza-jornada-de-orientacion-sobre-el-nuevo-codigo-penal\/","og_site_name":"EL GLOBAL INFORMATIVO","article_published_time":"2025-09-05T16:08:17+00:00","article_modified_time":"2025-09-05T16:28:23+00:00","og_image":[{"width":1434,"height":817,"url":"https:\/\/elglobal.do\/wp-content\/uploads\/2025\/09\/Trajano.jpeg","type":"image\/jpeg"}],"author":"EL GLOBAL","twitter_card":"summary_large_image","twitter_misc":{"Escrito por":"EL GLOBAL","Tiempo de lectura":"3 minutos"},"schema":{"@context":"https:\/\/schema.org","@graph":[{"@type":"Article","@id":"https:\/\/elglobal.do\/index.php\/2025\/09\/05\/trajano-potentini-realiza-jornada-de-orientacion-sobre-el-nuevo-codigo-penal\/#article","isPartOf":{"@id":"https:\/\/elglobal.do\/index.php\/2025\/09\/05\/trajano-potentini-realiza-jornada-de-orientacion-sobre-el-nuevo-codigo-penal\/"},"author":{"name":"EL GLOBAL","@id":"https:\/\/elglobal.do\/#\/schema\/person\/0c97ec2c7714fb605d230c292f64d55f"},"headline":"Trajano Potentini realiza jornada de orientaci\u00f3n sobre el nuevo C\u00f3digo Penal","datePublished":"2025-09-05T16:08:17+00:00","dateModified":"2025-09-05T16:28:23+00:00","mainEntityOfPage":{"@id":"https:\/\/elglobal.do\/index.php\/2025\/09\/05\/trajano-potentini-realiza-jornada-de-orientacion-sobre-el-nuevo-codigo-penal\/"},"wordCount":434,"commentCount":0,"publisher":{"@id":"https:\/\/elglobal.do\/#organization"},"image":{"@id":"https:\/\/elglobal.do\/index.php\/2025\/09\/05\/trajano-potentini-realiza-jornada-de-orientacion-sobre-el-nuevo-codigo-penal\/#primaryimage"},"thumbnailUrl":"https:\/\/elglobal.do\/wp-content\/uploads\/2025\/09\/Trajano.jpeg","keywords":["#C\u00f3digoPenal","#ElGlobalInformativo","#Jornada","#orientaci\u00f3n","#TrajanoPotentini"],"articleSection":["JUSTICIA","NOTICIAS RELEVANTES"],"inLanguage":"es","potentialAction":[{"@type":"CommentAction","name":"Comment","target":["https:\/\/elglobal.do\/index.php\/2025\/09\/05\/trajano-potentini-realiza-jornada-de-orientacion-sobre-el-nuevo-codigo-penal\/#respond"]}]},{"@type":"WebPage","@id":"https:\/\/elglobal.do\/index.php\/2025\/09\/05\/trajano-potentini-realiza-jornada-de-orientacion-sobre-el-nuevo-codigo-penal\/","url":"https:\/\/elglobal.do\/index.php\/2025\/09\/05\/trajano-potentini-realiza-jornada-de-orientacion-sobre-el-nuevo-codigo-penal\/","name":"Trajano Potentini realiza jornada de orientaci\u00f3n sobre el nuevo C\u00f3digo Penal - EL GLOBAL INFORMATIVO","isPartOf":{"@id":"https:\/\/elglobal.do\/#website"},"primaryImageOfPage":{"@id":"https:\/\/elglobal.do\/index.php\/2025\/09\/05\/trajano-potentini-realiza-jornada-de-orientacion-sobre-el-nuevo-codigo-penal\/#primaryimage"},"image":{"@id":"https:\/\/elglobal.do\/index.php\/2025\/09\/05\/trajano-potentini-realiza-jornada-de-orientacion-sobre-el-nuevo-codigo-penal\/#primaryimage"},"thumbnailUrl":"https:\/\/elglobal.do\/wp-content\/uploads\/2025\/09\/Trajano.jpeg","datePublished":"2025-09-05T16:08:17+00:00","dateModified":"2025-09-05T16:28:23+00:00","breadcrumb":{"@id":"https:\/\/elglobal.do\/index.php\/2025\/09\/05\/trajano-potentini-realiza-jornada-de-orientacion-sobre-el-nuevo-codigo-penal\/#breadcrumb"},"inLanguage":"es","potentialAction":[{"@type":"ReadAction","target":["https:\/\/elglobal.do\/index.php\/2025\/09\/05\/trajano-potentini-realiza-jornada-de-orientacion-sobre-el-nuevo-codigo-penal\/"]}]},{"@type":"ImageObject","inLanguage":"es","@id":"https:\/\/elglobal.do\/index.php\/2025\/09\/05\/trajano-potentini-realiza-jornada-de-orientacion-sobre-el-nuevo-codigo-penal\/#primaryimage","url":"https:\/\/elglobal.do\/wp-content\/uploads\/2025\/09\/Trajano.jpeg","contentUrl":"https:\/\/elglobal.do\/wp-content\/uploads\/2025\/09\/Trajano.jpeg","width":1434,"height":817},{"@type":"BreadcrumbList","@id":"https:\/\/elglobal.do\/index.php\/2025\/09\/05\/trajano-potentini-realiza-jornada-de-orientacion-sobre-el-nuevo-codigo-penal\/#breadcrumb","itemListElement":[{"@type":"ListItem","position":1,"name":"Portada","item":"https:\/\/elglobal.do\/"},{"@type":"ListItem","position":2,"name":"Trajano Potentini realiza jornada de orientaci\u00f3n sobre el nuevo C\u00f3digo Penal"}]},{"@type":"WebSite","@id":"https:\/\/elglobal.do\/#website","url":"https:\/\/elglobal.do\/","name":"EL GLOBAL INFORMATIVO","description":"Peri\u00f3dico digital de la Rep\u00fablica Dominicana que ofrece noticias, novedades, pol\u00edtica y las \u00faltimas actualidades, con informaci\u00f3n veraz y oportuna para mantenerte siempre informad","publisher":{"@id":"https:\/\/elglobal.do\/#organization"},"potentialAction":[{"@type":"SearchAction","target":{"@type":"EntryPoint","urlTemplate":"https:\/\/elglobal.do\/?s={search_term_string}"},"query-input":{"@type":"PropertyValueSpecification","valueRequired":true,"valueName":"search_term_string"}}],"inLanguage":"es"},{"@type":"Organization","@id":"https:\/\/elglobal.do\/#organization","name":"EL GLOBAL.DO INFORMATIVO","url":"https:\/\/elglobal.do\/","logo":{"@type":"ImageObject","inLanguage":"es","@id":"https:\/\/elglobal.do\/#\/schema\/logo\/image\/","url":"https:\/\/elglobal.do\/wp-content\/uploads\/2025\/08\/icon.png","contentUrl":"https:\/\/elglobal.do\/wp-content\/uploads\/2025\/08\/icon.png","width":512,"height":512,"caption":"EL GLOBAL.DO INFORMATIVO"},"image":{"@id":"https:\/\/elglobal.do\/#\/schema\/logo\/image\/"}},{"@type":"Person","@id":"https:\/\/elglobal.do\/#\/schema\/person\/0c97ec2c7714fb605d230c292f64d55f","name":"EL GLOBAL","image":{"@type":"ImageObject","inLanguage":"es","@id":"https:\/\/elglobal.do\/#\/schema\/person\/image\/","url":"https:\/\/secure.gravatar.com\/avatar\/081cfb6cf99faddc6f4e23a0c11ab98c5cf302925382d1c88dc3ed757ab910a3?s=96&d=mm&r=g","contentUrl":"https:\/\/secure.gravatar.com\/avatar\/081cfb6cf99faddc6f4e23a0c11ab98c5cf302925382d1c88dc3ed757ab910a3?s=96&d=mm&r=g","caption":"EL GLOBAL"},"description":"El Global Informativo es un peri\u00f3dico digital de Rep\u00fablica Dominicana que se dedica a cubrir temas importantes, como la pol\u00edtica local, geopol\u00edtica, econom\u00eda, tecnolog\u00eda, noticias internacionales y eventos relacionados con la gesti\u00f3n social, cultural y humana. Su objetivo principal es mantener a la poblaci\u00f3n informada, ofreciendo una visi\u00f3n amplia y actualizada de lo que sucede tanto en el pa\u00eds como en el mundo. Est\u00e1 dirigido por un grupo de periodistas experimentados, lo que garantiza la calidad y la precisi\u00f3n de la informaci\u00f3n que ofrecen. Tiene su sede en la ciudad de Santo Domingo y es parte integral del portafolio de la empresa, MC Global S.R.L.","sameAs":["https:\/\/elglobal.do","https:\/\/www.instagram.com\/elglobal.do_informativo\/"],"url":"https:\/\/elglobal.do\/index.php\/author\/elglobaluserpro\/"}]}},"jetpack_featured_media_url":"https:\/\/elglobal.do\/wp-content\/uploads\/2025\/09\/Trajano.jpeg","jetpack_sharing_enabled":true,"_links":{"self":[{"href":"https:\/\/elglobal.do\/index.php\/wp-json\/wp\/v2\/posts\/1972","targetHints":{"allow":["GET"]}}],"collection":[{"href":"https:\/\/elglobal.do\/index.php\/wp-json\/wp\/v2\/posts"}],"about":[{"href":"https:\/\/elglobal.do\/index.php\/wp-json\/wp\/v2\/types\/post"}],"author":[{"embeddable":true,"href":"https:\/\/elglobal.do\/index.php\/wp-json\/wp\/v2\/users\/1"}],"replies":[{"embeddable":true,"href":"https:\/\/elglobal.do\/index.php\/wp-json\/wp\/v2\/comments?post=1972"}],"version-history":[{"count":2,"href":"https:\/\/elglobal.do\/index.php\/wp-json\/wp\/v2\/posts\/1972\/revisions"}],"predecessor-version":[{"id":1979,"href":"https:\/\/elglobal.do\/index.php\/wp-json\/wp\/v2\/posts\/1972\/revisions\/1979"}],"wp:featuredmedia":[{"embeddable":true,"href":"https:\/\/elglobal.do\/index.php\/wp-json\/wp\/v2\/media\/1973"}],"wp:attachment":[{"href":"https:\/\/elglobal.do\/index.php\/wp-json\/wp\/v2\/media?parent=1972"}],"wp:term":[{"taxonomy":"category","embeddable":true,"href":"https:\/\/elglobal.do\/index.php\/wp-json\/wp\/v2\/categories?post=1972"},{"taxonomy":"post_tag","embeddable":true,"href":"https:\/\/elglobal.do\/index.php\/wp-json\/wp\/v2\/tags?post=1972"}],"curies":[{"name":"wp","href":"https:\/\/api.w.org\/{rel}","templated":true}]}}