{"id":2032,"date":"2025-09-08T11:48:04","date_gmt":"2025-09-08T15:48:04","guid":{"rendered":"https:\/\/elglobal.do\/?p=2032"},"modified":"2025-09-08T11:48:07","modified_gmt":"2025-09-08T15:48:07","slug":"ex-titular-de-minerd-pidio-a-la-pepca-investigar-red-corrupta","status":"publish","type":"post","link":"https:\/\/elglobal.do\/index.php\/2025\/09\/08\/ex-titular-de-minerd-pidio-a-la-pepca-investigar-red-corrupta\/","title":{"rendered":"Ex titular de Minerd pidi\u00f3 a la PEPCA investigar red corrupta"},"content":{"rendered":"\n<figure class=\"wp-block-image size-full\"><img loading=\"lazy\" decoding=\"async\" width=\"1000\" height=\"600\" src=\"https:\/\/elglobal.do\/wp-content\/uploads\/2025\/09\/image-52.png\" alt=\"\" class=\"wp-image-2033\" srcset=\"https:\/\/elglobal.do\/wp-content\/uploads\/2025\/09\/image-52.png 1000w, https:\/\/elglobal.do\/wp-content\/uploads\/2025\/09\/image-52-300x180.png 300w, https:\/\/elglobal.do\/wp-content\/uploads\/2025\/09\/image-52-768x461.png 768w\" sizes=\"auto, (max-width: 1000px) 100vw, 1000px\" \/><\/figure>\n\n\n\n<p><strong>Santo Domingo.-<\/strong>\u00c1ngel Hern\u00e1ndez, exministro de Educaci\u00f3n, solicit\u00f3 formalmente a la Procuradur\u00eda Especializada de Persecuci\u00f3n de la Corrupci\u00f3n Administrativa <strong>(PEPCA)<\/strong> abrir una investigaci\u00f3n sobre irregularidades en la Direcci\u00f3n General de Infraestructura Escolar y en varios centros educativos del Distrito 09-01, en la provincia Valverde.<\/p>\n\n\n\n<p>En una comunicaci\u00f3n enviada a CDN y firmada por los abogados apoderados del <strong>Ministerio de Educaci\u00f3n<\/strong>, Hern\u00e1ndez pidi\u00f3 al procurador especializado, Wilson Camacho, profundizar en los hallazgos que apuntan a un d\u00e9ficit millonario en reparaciones y remozamientos escolares autorizados en 2023 a la <strong>Constructora Horizonte Dorado S.R.L.<\/strong><\/p>\n\n\n\n<p>El env\u00edo de la documentaci\u00f3n por parte del exministro es en respuesta a la publicaci\u00f3n que hizo este medio el lunes pasado, donde se denunciaba una red corrupta que operaba en la Direcci\u00f3n de Infraestructura Escolar. La investigaci\u00f3n, sustentada por un informe, indicaba que contratistas cobraron por trabajos incompletos, mal ejecutados o nunca realizados. Todo en componenda con funcionarios del ministerio.<\/p>\n\n\n\n<p>La solicitud de investigaci\u00f3n que hizo Hern\u00e1ndez est\u00e1 basada en los trabajos contratados en Valverde a la Constructora Horizonte Dorado S.R.L, no realizados y cobrados. En la comunicai\u00f3n al PEPCA, el exministro y sus abogados le indicaban que luego una auditor\u00eda a ocho escuelas en esa provincia se detect\u00f3 un faltante de RD$21,892,461.28, correspondiente a trabajos presupuestados pero no ejecutados.<\/p>\n\n\n\n<p>Detallaba que los planteles eran Santa Teresita, Guatapanal, Instituto Polit\u00e9cnico Noroeste, John Fitzgerald Kennedy, Eugenio Mar\u00eda de Hostos, Sibila y Juan Pablo Duarte. Todas incluidas en la investigaci\u00f3n realizada por Reporte Especial con Julissa C\u00e9spedes y desplegada en las paginas de este peri\u00f3dico.<\/p>\n\n\n\n<p>Asimismo, la solicitud a los fiscales indica que <strong>\u201cdurante una auditor\u00eda se identific\u00f3 un d\u00e9ficit financiero de RD$21,892,461.28 por trabajos no realizados, debido a falta de supervisi\u00f3n y retrasos, escasez de materiales y retrasos en suministros. Adem\u00e1s, cambios no presupuestados que aumentaron costos\u201d.<\/strong><\/p>\n\n\n\n<p>Tambi\u00e9n, fallas en la supervisi\u00f3n y control por deficiencias en fiscalizaci\u00f3n que permitieron certificaciones de trabajos no realizados; corrupci\u00f3n administrativa por funcionarios p\u00fablicos permitieron malversaci\u00f3n de fondos y certificaron obras inconclusas a cambio de sobornos o beneficios personales. Adem\u00e1s, fraude empresarial por parte de la Constructora Horizonte Dorado S.R.L, que incurri\u00f3 en inflaci\u00f3n de costos, facturas falsas y manipulaci\u00f3n de informes. Y por \u00faltimo complicidad y falta de transparencia de funcionarios p\u00fablicos que facilitaron estas pr\u00e1cticas al no aplicar controles y auditor\u00edas.<\/p>\n\n\n\n<p><strong>Denuncia formal<br><\/strong><br>En el documento, el \u201cMinisterio de Educaci\u00f3n presenta denuncia formal para que la PEPCA investigue y sancione a los responsables, incluyendo directores de centros educativos que permitieron estas irregularidades\u201d.<\/p>\n\n\n\n<p>La denuncia fue presentada en 19 de diciembre del 2024, sin embargo nueve meses despu\u00e9s la PEPCA, dirigida por Wilson Camacho, ni la procuradora general Yeni Berenice Reynoso han puesto en marcha el proceso investigativo.<\/p>\n\n\n\n<p>Hern\u00e1ndez afirma en su denuncia que es deber del Estado y de la justicia llegar hasta las \u00faltimas consecuencias, pues se trata de fondos p\u00fablicos destinados a garantizar condiciones dignas de estudio a ni\u00f1os y adolescentes.<\/p>\n\n\n\n<p>\u201cCada peso malversado en la educaci\u00f3n es un golpe directo al futuro de la Rep\u00fablica Dominicana. La corrupci\u00f3n no puede normalizarse en un \u00e1rea tan vital como las escuelas\u201d, advirti\u00f3 Hern\u00e1ndez en la comunicaci\u00f3n enviada al PEPCA.<\/p>\n\n\n\n<p>Finalmente, los abogados Nelson Rudys Castillo Ogando, Eligia Altagracia Rojas de Amarante y Raymel Esteban Santana Sano, en representaci\u00f3n del Ministerio de Educaci\u00f3n, solicitaron a la PEPCA admitir la denuncia por estar sustentada en bases constitucionales y legales, iniciar la investigaci\u00f3n contra funcionarios de Educaci\u00f3n, la Direcci\u00f3n de Infraestructura Escolar y el Distrito Educativo 09-01 e informar al ministerio los resultados de las pesquisas.<\/p>\n\n\n\n<p><strong>Constratista reconoci\u00f3 que cobr\u00f3 obra que no ejecut\u00f3<br><\/strong><br>A prop\u00f3sito, en la investigaci\u00f3n de CDN, se present\u00f3 una carta del 9 de agosto del 2024, donde Evaristo Regalado representante de la Constructora Horizonte Dorado SRL reconoce haber cobrado por trabajos de <strong>\u201clona asf\u00e1ltica\u201d <\/strong>que no ejecut\u00f3 en el Distrito 09-01. En la misma propone utilizar los pagos para realizar dichos trabajos y descontarlos de futuras facturas.<\/p>\n\n\n\n<p>Adicionalmente, el contratista report\u00f3 problemas de cobro en 4 centros del Distrito 09-02 (Esperanza) y situaciones pendientes en 7 centros de Santiago.<\/p>\n\n\n\n<p>Asegur\u00f3 que, el objetivo era regularizar su situaci\u00f3n contractual y resolver los problemas de pagos a trav\u00e9s del di\u00e1logo directo con las autoridades.<\/p>\n\n\n\n<p><\/p>\n","protected":false},"excerpt":{"rendered":"<p>Santo Domingo.-\u00c1ngel Hern\u00e1ndez, exministro de Educaci\u00f3n, solicit\u00f3 formalmente a la Procuradur\u00eda Especializada de Persecuci\u00f3n de la Corrupci\u00f3n Administrativa (PEPCA) abrir una investigaci\u00f3n sobre irregularidades en la Direcci\u00f3n General de Infraestructura&hellip; <\/p>\n","protected":false},"author":1,"featured_media":2033,"comment_status":"open","ping_status":"open","sticky":false,"template":"","format":"standard","meta":{"_jetpack_memberships_contains_paid_content":false,"footnotes":""},"categories":[40],"tags":[79,1023,1022,159,728,1021],"class_list":["post-2032","post","type-post","status-publish","format-standard","has-post-thumbnail","hentry","category-nacionales","tag-denuncia","tag-denunciaq","tag-investigacion","tag-minerd","tag-pepca","tag-redcorreupta"],"yoast_head":"<!-- This site is optimized with the Yoast SEO plugin v26.9 - https:\/\/yoast.com\/product\/yoast-seo-wordpress\/ -->\n<title>Ex titular de Minerd pidi\u00f3 a la PEPCA investigar red corrupta - EL GLOBAL INFORMATIVO<\/title>\n<meta name=\"robots\" content=\"index, follow, max-snippet:-1, max-image-preview:large, max-video-preview:-1\" \/>\n<link rel=\"canonical\" href=\"https:\/\/elglobal.do\/index.php\/2025\/09\/08\/ex-titular-de-minerd-pidio-a-la-pepca-investigar-red-corrupta\/\" \/>\n<meta property=\"og:locale\" content=\"es_ES\" \/>\n<meta property=\"og:type\" content=\"article\" \/>\n<meta property=\"og:title\" content=\"Ex titular de Minerd pidi\u00f3 a la PEPCA investigar red corrupta - EL GLOBAL INFORMATIVO\" \/>\n<meta property=\"og:description\" content=\"Santo Domingo.-\u00c1ngel Hern\u00e1ndez, exministro de Educaci\u00f3n, solicit\u00f3 formalmente a la Procuradur\u00eda Especializada de Persecuci\u00f3n de la Corrupci\u00f3n Administrativa (PEPCA) abrir una investigaci\u00f3n sobre irregularidades en la Direcci\u00f3n General de Infraestructura&hellip;\" \/>\n<meta property=\"og:url\" content=\"https:\/\/elglobal.do\/index.php\/2025\/09\/08\/ex-titular-de-minerd-pidio-a-la-pepca-investigar-red-corrupta\/\" \/>\n<meta property=\"og:site_name\" content=\"EL GLOBAL INFORMATIVO\" \/>\n<meta property=\"article:published_time\" content=\"2025-09-08T15:48:04+00:00\" \/>\n<meta property=\"article:modified_time\" content=\"2025-09-08T15:48:07+00:00\" \/>\n<meta property=\"og:image\" content=\"https:\/\/elglobal.do\/wp-content\/uploads\/2025\/09\/image-52.png\" \/>\n\t<meta property=\"og:image:width\" content=\"1000\" \/>\n\t<meta property=\"og:image:height\" content=\"600\" \/>\n\t<meta property=\"og:image:type\" content=\"image\/png\" \/>\n<meta name=\"author\" content=\"EL GLOBAL\" \/>\n<meta name=\"twitter:card\" content=\"summary_large_image\" \/>\n<meta name=\"twitter:label1\" content=\"Escrito por\" \/>\n\t<meta name=\"twitter:data1\" content=\"EL GLOBAL\" \/>\n\t<meta name=\"twitter:label2\" content=\"Tiempo de lectura\" \/>\n\t<meta name=\"twitter:data2\" content=\"4 minutos\" \/>\n<script type=\"application\/ld+json\" class=\"yoast-schema-graph\">{\"@context\":\"https:\/\/schema.org\",\"@graph\":[{\"@type\":\"Article\",\"@id\":\"https:\/\/elglobal.do\/index.php\/2025\/09\/08\/ex-titular-de-minerd-pidio-a-la-pepca-investigar-red-corrupta\/#article\",\"isPartOf\":{\"@id\":\"https:\/\/elglobal.do\/index.php\/2025\/09\/08\/ex-titular-de-minerd-pidio-a-la-pepca-investigar-red-corrupta\/\"},\"author\":{\"name\":\"EL GLOBAL\",\"@id\":\"https:\/\/elglobal.do\/#\/schema\/person\/0c97ec2c7714fb605d230c292f64d55f\"},\"headline\":\"Ex titular de Minerd pidi\u00f3 a la PEPCA investigar red corrupta\",\"datePublished\":\"2025-09-08T15:48:04+00:00\",\"dateModified\":\"2025-09-08T15:48:07+00:00\",\"mainEntityOfPage\":{\"@id\":\"https:\/\/elglobal.do\/index.php\/2025\/09\/08\/ex-titular-de-minerd-pidio-a-la-pepca-investigar-red-corrupta\/\"},\"wordCount\":767,\"commentCount\":0,\"publisher\":{\"@id\":\"https:\/\/elglobal.do\/#organization\"},\"image\":{\"@id\":\"https:\/\/elglobal.do\/index.php\/2025\/09\/08\/ex-titular-de-minerd-pidio-a-la-pepca-investigar-red-corrupta\/#primaryimage\"},\"thumbnailUrl\":\"https:\/\/elglobal.do\/wp-content\/uploads\/2025\/09\/image-52.png\",\"keywords\":[\"#Denuncia\",\"#Denunciaq\",\"#Investigaci\u00f3n\",\"#MINERD\",\"#PEPCA\",\"#Redcorreupta\"],\"articleSection\":[\"NACIONALES\"],\"inLanguage\":\"es\",\"potentialAction\":[{\"@type\":\"CommentAction\",\"name\":\"Comment\",\"target\":[\"https:\/\/elglobal.do\/index.php\/2025\/09\/08\/ex-titular-de-minerd-pidio-a-la-pepca-investigar-red-corrupta\/#respond\"]}]},{\"@type\":\"WebPage\",\"@id\":\"https:\/\/elglobal.do\/index.php\/2025\/09\/08\/ex-titular-de-minerd-pidio-a-la-pepca-investigar-red-corrupta\/\",\"url\":\"https:\/\/elglobal.do\/index.php\/2025\/09\/08\/ex-titular-de-minerd-pidio-a-la-pepca-investigar-red-corrupta\/\",\"name\":\"Ex titular de Minerd pidi\u00f3 a la PEPCA investigar red corrupta - EL GLOBAL INFORMATIVO\",\"isPartOf\":{\"@id\":\"https:\/\/elglobal.do\/#website\"},\"primaryImageOfPage\":{\"@id\":\"https:\/\/elglobal.do\/index.php\/2025\/09\/08\/ex-titular-de-minerd-pidio-a-la-pepca-investigar-red-corrupta\/#primaryimage\"},\"image\":{\"@id\":\"https:\/\/elglobal.do\/index.php\/2025\/09\/08\/ex-titular-de-minerd-pidio-a-la-pepca-investigar-red-corrupta\/#primaryimage\"},\"thumbnailUrl\":\"https:\/\/elglobal.do\/wp-content\/uploads\/2025\/09\/image-52.png\",\"datePublished\":\"2025-09-08T15:48:04+00:00\",\"dateModified\":\"2025-09-08T15:48:07+00:00\",\"breadcrumb\":{\"@id\":\"https:\/\/elglobal.do\/index.php\/2025\/09\/08\/ex-titular-de-minerd-pidio-a-la-pepca-investigar-red-corrupta\/#breadcrumb\"},\"inLanguage\":\"es\",\"potentialAction\":[{\"@type\":\"ReadAction\",\"target\":[\"https:\/\/elglobal.do\/index.php\/2025\/09\/08\/ex-titular-de-minerd-pidio-a-la-pepca-investigar-red-corrupta\/\"]}]},{\"@type\":\"ImageObject\",\"inLanguage\":\"es\",\"@id\":\"https:\/\/elglobal.do\/index.php\/2025\/09\/08\/ex-titular-de-minerd-pidio-a-la-pepca-investigar-red-corrupta\/#primaryimage\",\"url\":\"https:\/\/elglobal.do\/wp-content\/uploads\/2025\/09\/image-52.png\",\"contentUrl\":\"https:\/\/elglobal.do\/wp-content\/uploads\/2025\/09\/image-52.png\",\"width\":1000,\"height\":600},{\"@type\":\"BreadcrumbList\",\"@id\":\"https:\/\/elglobal.do\/index.php\/2025\/09\/08\/ex-titular-de-minerd-pidio-a-la-pepca-investigar-red-corrupta\/#breadcrumb\",\"itemListElement\":[{\"@type\":\"ListItem\",\"position\":1,\"name\":\"Portada\",\"item\":\"https:\/\/elglobal.do\/\"},{\"@type\":\"ListItem\",\"position\":2,\"name\":\"Ex titular de Minerd pidi\u00f3 a la PEPCA investigar red corrupta\"}]},{\"@type\":\"WebSite\",\"@id\":\"https:\/\/elglobal.do\/#website\",\"url\":\"https:\/\/elglobal.do\/\",\"name\":\"EL GLOBAL INFORMATIVO\",\"description\":\"Peri\u00f3dico digital de la Rep\u00fablica Dominicana que ofrece noticias, novedades, pol\u00edtica y las \u00faltimas actualidades, con informaci\u00f3n veraz y oportuna para mantenerte siempre informad\",\"publisher\":{\"@id\":\"https:\/\/elglobal.do\/#organization\"},\"potentialAction\":[{\"@type\":\"SearchAction\",\"target\":{\"@type\":\"EntryPoint\",\"urlTemplate\":\"https:\/\/elglobal.do\/?s={search_term_string}\"},\"query-input\":{\"@type\":\"PropertyValueSpecification\",\"valueRequired\":true,\"valueName\":\"search_term_string\"}}],\"inLanguage\":\"es\"},{\"@type\":\"Organization\",\"@id\":\"https:\/\/elglobal.do\/#organization\",\"name\":\"EL GLOBAL.DO INFORMATIVO\",\"url\":\"https:\/\/elglobal.do\/\",\"logo\":{\"@type\":\"ImageObject\",\"inLanguage\":\"es\",\"@id\":\"https:\/\/elglobal.do\/#\/schema\/logo\/image\/\",\"url\":\"https:\/\/elglobal.do\/wp-content\/uploads\/2025\/08\/icon.png\",\"contentUrl\":\"https:\/\/elglobal.do\/wp-content\/uploads\/2025\/08\/icon.png\",\"width\":512,\"height\":512,\"caption\":\"EL GLOBAL.DO INFORMATIVO\"},\"image\":{\"@id\":\"https:\/\/elglobal.do\/#\/schema\/logo\/image\/\"}},{\"@type\":\"Person\",\"@id\":\"https:\/\/elglobal.do\/#\/schema\/person\/0c97ec2c7714fb605d230c292f64d55f\",\"name\":\"EL GLOBAL\",\"image\":{\"@type\":\"ImageObject\",\"inLanguage\":\"es\",\"@id\":\"https:\/\/elglobal.do\/#\/schema\/person\/image\/\",\"url\":\"https:\/\/secure.gravatar.com\/avatar\/081cfb6cf99faddc6f4e23a0c11ab98c5cf302925382d1c88dc3ed757ab910a3?s=96&d=mm&r=g\",\"contentUrl\":\"https:\/\/secure.gravatar.com\/avatar\/081cfb6cf99faddc6f4e23a0c11ab98c5cf302925382d1c88dc3ed757ab910a3?s=96&d=mm&r=g\",\"caption\":\"EL GLOBAL\"},\"description\":\"El Global Informativo es un peri\u00f3dico digital de Rep\u00fablica Dominicana que se dedica a cubrir temas importantes, como la pol\u00edtica local, geopol\u00edtica, econom\u00eda, tecnolog\u00eda, noticias internacionales y eventos relacionados con la gesti\u00f3n social, cultural y humana. Su objetivo principal es mantener a la poblaci\u00f3n informada, ofreciendo una visi\u00f3n amplia y actualizada de lo que sucede tanto en el pa\u00eds como en el mundo. Est\u00e1 dirigido por un grupo de periodistas experimentados, lo que garantiza la calidad y la precisi\u00f3n de la informaci\u00f3n que ofrecen. Tiene su sede en la ciudad de Santo Domingo y es parte integral del portafolio de la empresa, MC Global S.R.L.\",\"sameAs\":[\"https:\/\/elglobal.do\",\"https:\/\/www.instagram.com\/elglobal.do_informativo\/\"],\"url\":\"https:\/\/elglobal.do\/index.php\/author\/elglobaluserpro\/\"}]}<\/script>\n<!-- \/ Yoast SEO plugin. -->","yoast_head_json":{"title":"Ex titular de Minerd pidi\u00f3 a la PEPCA investigar red corrupta - EL GLOBAL INFORMATIVO","robots":{"index":"index","follow":"follow","max-snippet":"max-snippet:-1","max-image-preview":"max-image-preview:large","max-video-preview":"max-video-preview:-1"},"canonical":"https:\/\/elglobal.do\/index.php\/2025\/09\/08\/ex-titular-de-minerd-pidio-a-la-pepca-investigar-red-corrupta\/","og_locale":"es_ES","og_type":"article","og_title":"Ex titular de Minerd pidi\u00f3 a la PEPCA investigar red corrupta - EL GLOBAL INFORMATIVO","og_description":"Santo Domingo.-\u00c1ngel Hern\u00e1ndez, exministro de Educaci\u00f3n, solicit\u00f3 formalmente a la Procuradur\u00eda Especializada de Persecuci\u00f3n de la Corrupci\u00f3n Administrativa (PEPCA) abrir una investigaci\u00f3n sobre irregularidades en la Direcci\u00f3n General de Infraestructura&hellip;","og_url":"https:\/\/elglobal.do\/index.php\/2025\/09\/08\/ex-titular-de-minerd-pidio-a-la-pepca-investigar-red-corrupta\/","og_site_name":"EL GLOBAL INFORMATIVO","article_published_time":"2025-09-08T15:48:04+00:00","article_modified_time":"2025-09-08T15:48:07+00:00","og_image":[{"width":1000,"height":600,"url":"https:\/\/elglobal.do\/wp-content\/uploads\/2025\/09\/image-52.png","type":"image\/png"}],"author":"EL GLOBAL","twitter_card":"summary_large_image","twitter_misc":{"Escrito por":"EL GLOBAL","Tiempo de lectura":"4 minutos"},"schema":{"@context":"https:\/\/schema.org","@graph":[{"@type":"Article","@id":"https:\/\/elglobal.do\/index.php\/2025\/09\/08\/ex-titular-de-minerd-pidio-a-la-pepca-investigar-red-corrupta\/#article","isPartOf":{"@id":"https:\/\/elglobal.do\/index.php\/2025\/09\/08\/ex-titular-de-minerd-pidio-a-la-pepca-investigar-red-corrupta\/"},"author":{"name":"EL GLOBAL","@id":"https:\/\/elglobal.do\/#\/schema\/person\/0c97ec2c7714fb605d230c292f64d55f"},"headline":"Ex titular de Minerd pidi\u00f3 a la PEPCA investigar red corrupta","datePublished":"2025-09-08T15:48:04+00:00","dateModified":"2025-09-08T15:48:07+00:00","mainEntityOfPage":{"@id":"https:\/\/elglobal.do\/index.php\/2025\/09\/08\/ex-titular-de-minerd-pidio-a-la-pepca-investigar-red-corrupta\/"},"wordCount":767,"commentCount":0,"publisher":{"@id":"https:\/\/elglobal.do\/#organization"},"image":{"@id":"https:\/\/elglobal.do\/index.php\/2025\/09\/08\/ex-titular-de-minerd-pidio-a-la-pepca-investigar-red-corrupta\/#primaryimage"},"thumbnailUrl":"https:\/\/elglobal.do\/wp-content\/uploads\/2025\/09\/image-52.png","keywords":["#Denuncia","#Denunciaq","#Investigaci\u00f3n","#MINERD","#PEPCA","#Redcorreupta"],"articleSection":["NACIONALES"],"inLanguage":"es","potentialAction":[{"@type":"CommentAction","name":"Comment","target":["https:\/\/elglobal.do\/index.php\/2025\/09\/08\/ex-titular-de-minerd-pidio-a-la-pepca-investigar-red-corrupta\/#respond"]}]},{"@type":"WebPage","@id":"https:\/\/elglobal.do\/index.php\/2025\/09\/08\/ex-titular-de-minerd-pidio-a-la-pepca-investigar-red-corrupta\/","url":"https:\/\/elglobal.do\/index.php\/2025\/09\/08\/ex-titular-de-minerd-pidio-a-la-pepca-investigar-red-corrupta\/","name":"Ex titular de Minerd pidi\u00f3 a la PEPCA investigar red corrupta - EL GLOBAL INFORMATIVO","isPartOf":{"@id":"https:\/\/elglobal.do\/#website"},"primaryImageOfPage":{"@id":"https:\/\/elglobal.do\/index.php\/2025\/09\/08\/ex-titular-de-minerd-pidio-a-la-pepca-investigar-red-corrupta\/#primaryimage"},"image":{"@id":"https:\/\/elglobal.do\/index.php\/2025\/09\/08\/ex-titular-de-minerd-pidio-a-la-pepca-investigar-red-corrupta\/#primaryimage"},"thumbnailUrl":"https:\/\/elglobal.do\/wp-content\/uploads\/2025\/09\/image-52.png","datePublished":"2025-09-08T15:48:04+00:00","dateModified":"2025-09-08T15:48:07+00:00","breadcrumb":{"@id":"https:\/\/elglobal.do\/index.php\/2025\/09\/08\/ex-titular-de-minerd-pidio-a-la-pepca-investigar-red-corrupta\/#breadcrumb"},"inLanguage":"es","potentialAction":[{"@type":"ReadAction","target":["https:\/\/elglobal.do\/index.php\/2025\/09\/08\/ex-titular-de-minerd-pidio-a-la-pepca-investigar-red-corrupta\/"]}]},{"@type":"ImageObject","inLanguage":"es","@id":"https:\/\/elglobal.do\/index.php\/2025\/09\/08\/ex-titular-de-minerd-pidio-a-la-pepca-investigar-red-corrupta\/#primaryimage","url":"https:\/\/elglobal.do\/wp-content\/uploads\/2025\/09\/image-52.png","contentUrl":"https:\/\/elglobal.do\/wp-content\/uploads\/2025\/09\/image-52.png","width":1000,"height":600},{"@type":"BreadcrumbList","@id":"https:\/\/elglobal.do\/index.php\/2025\/09\/08\/ex-titular-de-minerd-pidio-a-la-pepca-investigar-red-corrupta\/#breadcrumb","itemListElement":[{"@type":"ListItem","position":1,"name":"Portada","item":"https:\/\/elglobal.do\/"},{"@type":"ListItem","position":2,"name":"Ex titular de Minerd pidi\u00f3 a la PEPCA investigar red corrupta"}]},{"@type":"WebSite","@id":"https:\/\/elglobal.do\/#website","url":"https:\/\/elglobal.do\/","name":"EL GLOBAL INFORMATIVO","description":"Peri\u00f3dico digital de la Rep\u00fablica Dominicana que ofrece noticias, novedades, pol\u00edtica y las \u00faltimas actualidades, con informaci\u00f3n veraz y oportuna para mantenerte siempre informad","publisher":{"@id":"https:\/\/elglobal.do\/#organization"},"potentialAction":[{"@type":"SearchAction","target":{"@type":"EntryPoint","urlTemplate":"https:\/\/elglobal.do\/?s={search_term_string}"},"query-input":{"@type":"PropertyValueSpecification","valueRequired":true,"valueName":"search_term_string"}}],"inLanguage":"es"},{"@type":"Organization","@id":"https:\/\/elglobal.do\/#organization","name":"EL GLOBAL.DO INFORMATIVO","url":"https:\/\/elglobal.do\/","logo":{"@type":"ImageObject","inLanguage":"es","@id":"https:\/\/elglobal.do\/#\/schema\/logo\/image\/","url":"https:\/\/elglobal.do\/wp-content\/uploads\/2025\/08\/icon.png","contentUrl":"https:\/\/elglobal.do\/wp-content\/uploads\/2025\/08\/icon.png","width":512,"height":512,"caption":"EL GLOBAL.DO INFORMATIVO"},"image":{"@id":"https:\/\/elglobal.do\/#\/schema\/logo\/image\/"}},{"@type":"Person","@id":"https:\/\/elglobal.do\/#\/schema\/person\/0c97ec2c7714fb605d230c292f64d55f","name":"EL GLOBAL","image":{"@type":"ImageObject","inLanguage":"es","@id":"https:\/\/elglobal.do\/#\/schema\/person\/image\/","url":"https:\/\/secure.gravatar.com\/avatar\/081cfb6cf99faddc6f4e23a0c11ab98c5cf302925382d1c88dc3ed757ab910a3?s=96&d=mm&r=g","contentUrl":"https:\/\/secure.gravatar.com\/avatar\/081cfb6cf99faddc6f4e23a0c11ab98c5cf302925382d1c88dc3ed757ab910a3?s=96&d=mm&r=g","caption":"EL GLOBAL"},"description":"El Global Informativo es un peri\u00f3dico digital de Rep\u00fablica Dominicana que se dedica a cubrir temas importantes, como la pol\u00edtica local, geopol\u00edtica, econom\u00eda, tecnolog\u00eda, noticias internacionales y eventos relacionados con la gesti\u00f3n social, cultural y humana. Su objetivo principal es mantener a la poblaci\u00f3n informada, ofreciendo una visi\u00f3n amplia y actualizada de lo que sucede tanto en el pa\u00eds como en el mundo. Est\u00e1 dirigido por un grupo de periodistas experimentados, lo que garantiza la calidad y la precisi\u00f3n de la informaci\u00f3n que ofrecen. Tiene su sede en la ciudad de Santo Domingo y es parte integral del portafolio de la empresa, MC Global S.R.L.","sameAs":["https:\/\/elglobal.do","https:\/\/www.instagram.com\/elglobal.do_informativo\/"],"url":"https:\/\/elglobal.do\/index.php\/author\/elglobaluserpro\/"}]}},"jetpack_featured_media_url":"https:\/\/elglobal.do\/wp-content\/uploads\/2025\/09\/image-52.png","jetpack_sharing_enabled":true,"_links":{"self":[{"href":"https:\/\/elglobal.do\/index.php\/wp-json\/wp\/v2\/posts\/2032","targetHints":{"allow":["GET"]}}],"collection":[{"href":"https:\/\/elglobal.do\/index.php\/wp-json\/wp\/v2\/posts"}],"about":[{"href":"https:\/\/elglobal.do\/index.php\/wp-json\/wp\/v2\/types\/post"}],"author":[{"embeddable":true,"href":"https:\/\/elglobal.do\/index.php\/wp-json\/wp\/v2\/users\/1"}],"replies":[{"embeddable":true,"href":"https:\/\/elglobal.do\/index.php\/wp-json\/wp\/v2\/comments?post=2032"}],"version-history":[{"count":1,"href":"https:\/\/elglobal.do\/index.php\/wp-json\/wp\/v2\/posts\/2032\/revisions"}],"predecessor-version":[{"id":2034,"href":"https:\/\/elglobal.do\/index.php\/wp-json\/wp\/v2\/posts\/2032\/revisions\/2034"}],"wp:featuredmedia":[{"embeddable":true,"href":"https:\/\/elglobal.do\/index.php\/wp-json\/wp\/v2\/media\/2033"}],"wp:attachment":[{"href":"https:\/\/elglobal.do\/index.php\/wp-json\/wp\/v2\/media?parent=2032"}],"wp:term":[{"taxonomy":"category","embeddable":true,"href":"https:\/\/elglobal.do\/index.php\/wp-json\/wp\/v2\/categories?post=2032"},{"taxonomy":"post_tag","embeddable":true,"href":"https:\/\/elglobal.do\/index.php\/wp-json\/wp\/v2\/tags?post=2032"}],"curies":[{"name":"wp","href":"https:\/\/api.w.org\/{rel}","templated":true}]}}