{"id":2094,"date":"2025-09-08T22:38:50","date_gmt":"2025-09-09T02:38:50","guid":{"rendered":"https:\/\/elglobal.do\/?p=2094"},"modified":"2025-09-08T22:40:15","modified_gmt":"2025-09-09T02:40:15","slug":"banco-caribe-celebro-graduacion-de-su-programa-pasantias-de-verano","status":"publish","type":"post","link":"https:\/\/elglobal.do\/index.php\/2025\/09\/08\/banco-caribe-celebro-graduacion-de-su-programa-pasantias-de-verano\/","title":{"rendered":"Banco Caribe celebr\u00f3 graduaci\u00f3n de su &#8216;Programa Pasant\u00edas de Verano&#8217;"},"content":{"rendered":"\n<figure class=\"wp-block-image size-large\"><img loading=\"lazy\" decoding=\"async\" width=\"1024\" height=\"502\" src=\"https:\/\/elglobal.do\/wp-content\/uploads\/2025\/09\/Banco-1024x502.jpeg\" alt=\"\" class=\"wp-image-2095\" srcset=\"https:\/\/elglobal.do\/wp-content\/uploads\/2025\/09\/Banco-1024x502.jpeg 1024w, https:\/\/elglobal.do\/wp-content\/uploads\/2025\/09\/Banco-300x147.jpeg 300w, https:\/\/elglobal.do\/wp-content\/uploads\/2025\/09\/Banco-768x376.jpeg 768w, https:\/\/elglobal.do\/wp-content\/uploads\/2025\/09\/Banco.jpeg 1208w\" sizes=\"auto, (max-width: 1024px) 100vw, 1024px\" \/><\/figure>\n\n\n\n<p><strong>Santo Domingo. &#8211;<\/strong> Banco Caribe realiz\u00f3 la graduaci\u00f3n de su tradicional Programa de Pasant\u00edas de Verano, una iniciativa que por m\u00e1s de diez a\u00f1os ha brindado a j\u00f3venes la oportunidad de vivir una experiencia enriquecedora de aprendizaje, crecimiento personal y acercamiento al mundo laboral.<\/p>\n\n\n\n<p>Durante dos meses, los participantes formaron parte de la din\u00e1mica diaria de diferentes \u00e1reas del banco, al tiempo que cursaron el programa formativo \u201cDesarrollando el l\u00edder que hay en m\u00ed\u201d, impartido por Dale Carnegie.<\/p>\n\n\n\n<p>\u201cNos sentimos muy orgullosos de continuar esta tradici\u00f3n que conecta a las nuevas generaciones con la cultura de Banco Caribe, ofreciendo herramientas que aporten a su futuro acad\u00e9mico y profesional, al tiempo que fomentamos valores de liderazgo, responsabilidad y servicio\u201d, expres\u00f3 Edgar del Toro, presidente ejecutivo de Banco Caribe.<\/p>\n\n\n\n<p>Esta pasant\u00eda, que combina formaci\u00f3n te\u00f3rica y pr\u00e1ctica, busca impulsar el desarrollo de competencias de liderazgo juvenil, motivando a los j\u00f3venes a descubrir y fortalecer sus habilidades mientras conocen de cerca el trabajo que realizan sus padres en la instituci\u00f3n.<\/p>\n\n\n\n<p>Desde sus inicios, el programa se ha consolidado como una experiencia transformadora para cientos de j\u00f3venes, con m\u00e1s de 400 participantes impactados en la \u00faltima d\u00e9cada. Adem\u00e1s, se distingue por ser una pasant\u00eda remunerada, lo que refuerza el compromiso de Banco Caribe con la formaci\u00f3n integral y la responsabilidad social.<\/p>\n\n\n\n<p>\u201cCon esta iniciativa, Banco Caribe reafirma su compromiso con la juventud y con la construcci\u00f3n de un mejor futuro a trav\u00e9s de la educaci\u00f3n, el liderazgo y el desarrollo de oportunidades\u201d, expres\u00f3 Francesca Luna, vicepresidenta de Talento y Cultura de Banco Caribe.<\/p>\n\n\n\n<p>El programa concluy\u00f3 con una actividad de cierre especial, en la que se celebr\u00f3 la dedicaci\u00f3n y el esfuerzo de los pasantes, marcando un paso significativo en su crecimiento personal y profesional.<\/p>\n\n\n\n<p>&nbsp;<\/p>\n","protected":false},"excerpt":{"rendered":"<p>Santo Domingo. &#8211; Banco Caribe realiz\u00f3 la graduaci\u00f3n de su tradicional Programa de Pasant\u00edas de Verano, una iniciativa que por m\u00e1s de diez a\u00f1os ha brindado a j\u00f3venes la oportunidad&hellip; <\/p>\n","protected":false},"author":1,"featured_media":2095,"comment_status":"open","ping_status":"open","sticky":false,"template":"","format":"standard","meta":{"_jetpack_memberships_contains_paid_content":false,"footnotes":""},"categories":[119],"tags":[1059,98,1060,1061,889],"class_list":["post-2094","post","type-post","status-publish","format-standard","has-post-thumbnail","hentry","category-educacion","tag-bancocaribe","tag-elglobalinformativo","tag-graduacion","tag-pasantiasdeverano","tag-programa"],"yoast_head":"<!-- This site is optimized with the Yoast SEO plugin v26.9 - https:\/\/yoast.com\/product\/yoast-seo-wordpress\/ -->\n<title>Banco Caribe celebr\u00f3 graduaci\u00f3n de su &#039;Programa Pasant\u00edas de Verano&#039; - EL GLOBAL INFORMATIVO<\/title>\n<meta name=\"robots\" content=\"index, follow, max-snippet:-1, max-image-preview:large, max-video-preview:-1\" \/>\n<link rel=\"canonical\" href=\"https:\/\/elglobal.do\/index.php\/2025\/09\/08\/banco-caribe-celebro-graduacion-de-su-programa-pasantias-de-verano\/\" \/>\n<meta property=\"og:locale\" content=\"es_ES\" \/>\n<meta property=\"og:type\" content=\"article\" \/>\n<meta property=\"og:title\" content=\"Banco Caribe celebr\u00f3 graduaci\u00f3n de su &#039;Programa Pasant\u00edas de Verano&#039; - EL GLOBAL INFORMATIVO\" \/>\n<meta property=\"og:description\" content=\"Santo Domingo. &#8211; Banco Caribe realiz\u00f3 la graduaci\u00f3n de su tradicional Programa de Pasant\u00edas de Verano, una iniciativa que por m\u00e1s de diez a\u00f1os ha brindado a j\u00f3venes la oportunidad&hellip;\" \/>\n<meta property=\"og:url\" content=\"https:\/\/elglobal.do\/index.php\/2025\/09\/08\/banco-caribe-celebro-graduacion-de-su-programa-pasantias-de-verano\/\" \/>\n<meta property=\"og:site_name\" content=\"EL GLOBAL INFORMATIVO\" \/>\n<meta property=\"article:published_time\" content=\"2025-09-09T02:38:50+00:00\" \/>\n<meta property=\"article:modified_time\" content=\"2025-09-09T02:40:15+00:00\" \/>\n<meta property=\"og:image\" content=\"https:\/\/elglobal.do\/wp-content\/uploads\/2025\/09\/Banco.jpeg\" \/>\n\t<meta property=\"og:image:width\" content=\"1208\" \/>\n\t<meta property=\"og:image:height\" content=\"592\" \/>\n\t<meta property=\"og:image:type\" content=\"image\/jpeg\" \/>\n<meta name=\"author\" content=\"EL GLOBAL\" \/>\n<meta name=\"twitter:card\" content=\"summary_large_image\" \/>\n<meta name=\"twitter:label1\" content=\"Escrito por\" \/>\n\t<meta name=\"twitter:data1\" content=\"EL GLOBAL\" \/>\n\t<meta name=\"twitter:label2\" content=\"Tiempo de lectura\" \/>\n\t<meta name=\"twitter:data2\" content=\"2 minutos\" \/>\n<script type=\"application\/ld+json\" class=\"yoast-schema-graph\">{\"@context\":\"https:\/\/schema.org\",\"@graph\":[{\"@type\":\"Article\",\"@id\":\"https:\/\/elglobal.do\/index.php\/2025\/09\/08\/banco-caribe-celebro-graduacion-de-su-programa-pasantias-de-verano\/#article\",\"isPartOf\":{\"@id\":\"https:\/\/elglobal.do\/index.php\/2025\/09\/08\/banco-caribe-celebro-graduacion-de-su-programa-pasantias-de-verano\/\"},\"author\":{\"name\":\"EL GLOBAL\",\"@id\":\"https:\/\/elglobal.do\/#\/schema\/person\/0c97ec2c7714fb605d230c292f64d55f\"},\"headline\":\"Banco Caribe celebr\u00f3 graduaci\u00f3n de su &#8216;Programa Pasant\u00edas de Verano&#8217;\",\"datePublished\":\"2025-09-09T02:38:50+00:00\",\"dateModified\":\"2025-09-09T02:40:15+00:00\",\"mainEntityOfPage\":{\"@id\":\"https:\/\/elglobal.do\/index.php\/2025\/09\/08\/banco-caribe-celebro-graduacion-de-su-programa-pasantias-de-verano\/\"},\"wordCount\":328,\"commentCount\":0,\"publisher\":{\"@id\":\"https:\/\/elglobal.do\/#organization\"},\"image\":{\"@id\":\"https:\/\/elglobal.do\/index.php\/2025\/09\/08\/banco-caribe-celebro-graduacion-de-su-programa-pasantias-de-verano\/#primaryimage\"},\"thumbnailUrl\":\"https:\/\/elglobal.do\/wp-content\/uploads\/2025\/09\/Banco.jpeg\",\"keywords\":[\"#BancoCaribe\",\"#ElGlobalInformativo\",\"#graduaci\u00f3n\",\"#pasant\u00edasdeverano\",\"#programa\"],\"articleSection\":[\"EDUCACI\u00d3N\"],\"inLanguage\":\"es\",\"potentialAction\":[{\"@type\":\"CommentAction\",\"name\":\"Comment\",\"target\":[\"https:\/\/elglobal.do\/index.php\/2025\/09\/08\/banco-caribe-celebro-graduacion-de-su-programa-pasantias-de-verano\/#respond\"]}]},{\"@type\":\"WebPage\",\"@id\":\"https:\/\/elglobal.do\/index.php\/2025\/09\/08\/banco-caribe-celebro-graduacion-de-su-programa-pasantias-de-verano\/\",\"url\":\"https:\/\/elglobal.do\/index.php\/2025\/09\/08\/banco-caribe-celebro-graduacion-de-su-programa-pasantias-de-verano\/\",\"name\":\"Banco Caribe celebr\u00f3 graduaci\u00f3n de su 'Programa Pasant\u00edas de Verano' - EL GLOBAL INFORMATIVO\",\"isPartOf\":{\"@id\":\"https:\/\/elglobal.do\/#website\"},\"primaryImageOfPage\":{\"@id\":\"https:\/\/elglobal.do\/index.php\/2025\/09\/08\/banco-caribe-celebro-graduacion-de-su-programa-pasantias-de-verano\/#primaryimage\"},\"image\":{\"@id\":\"https:\/\/elglobal.do\/index.php\/2025\/09\/08\/banco-caribe-celebro-graduacion-de-su-programa-pasantias-de-verano\/#primaryimage\"},\"thumbnailUrl\":\"https:\/\/elglobal.do\/wp-content\/uploads\/2025\/09\/Banco.jpeg\",\"datePublished\":\"2025-09-09T02:38:50+00:00\",\"dateModified\":\"2025-09-09T02:40:15+00:00\",\"breadcrumb\":{\"@id\":\"https:\/\/elglobal.do\/index.php\/2025\/09\/08\/banco-caribe-celebro-graduacion-de-su-programa-pasantias-de-verano\/#breadcrumb\"},\"inLanguage\":\"es\",\"potentialAction\":[{\"@type\":\"ReadAction\",\"target\":[\"https:\/\/elglobal.do\/index.php\/2025\/09\/08\/banco-caribe-celebro-graduacion-de-su-programa-pasantias-de-verano\/\"]}]},{\"@type\":\"ImageObject\",\"inLanguage\":\"es\",\"@id\":\"https:\/\/elglobal.do\/index.php\/2025\/09\/08\/banco-caribe-celebro-graduacion-de-su-programa-pasantias-de-verano\/#primaryimage\",\"url\":\"https:\/\/elglobal.do\/wp-content\/uploads\/2025\/09\/Banco.jpeg\",\"contentUrl\":\"https:\/\/elglobal.do\/wp-content\/uploads\/2025\/09\/Banco.jpeg\",\"width\":1208,\"height\":592},{\"@type\":\"BreadcrumbList\",\"@id\":\"https:\/\/elglobal.do\/index.php\/2025\/09\/08\/banco-caribe-celebro-graduacion-de-su-programa-pasantias-de-verano\/#breadcrumb\",\"itemListElement\":[{\"@type\":\"ListItem\",\"position\":1,\"name\":\"Portada\",\"item\":\"https:\/\/elglobal.do\/\"},{\"@type\":\"ListItem\",\"position\":2,\"name\":\"Banco Caribe celebr\u00f3 graduaci\u00f3n de su &#8216;Programa Pasant\u00edas de Verano&#8217;\"}]},{\"@type\":\"WebSite\",\"@id\":\"https:\/\/elglobal.do\/#website\",\"url\":\"https:\/\/elglobal.do\/\",\"name\":\"EL GLOBAL INFORMATIVO\",\"description\":\"Peri\u00f3dico digital de la Rep\u00fablica Dominicana que ofrece noticias, novedades, pol\u00edtica y las \u00faltimas actualidades, con informaci\u00f3n veraz y oportuna para mantenerte siempre informad\",\"publisher\":{\"@id\":\"https:\/\/elglobal.do\/#organization\"},\"potentialAction\":[{\"@type\":\"SearchAction\",\"target\":{\"@type\":\"EntryPoint\",\"urlTemplate\":\"https:\/\/elglobal.do\/?s={search_term_string}\"},\"query-input\":{\"@type\":\"PropertyValueSpecification\",\"valueRequired\":true,\"valueName\":\"search_term_string\"}}],\"inLanguage\":\"es\"},{\"@type\":\"Organization\",\"@id\":\"https:\/\/elglobal.do\/#organization\",\"name\":\"EL GLOBAL.DO INFORMATIVO\",\"url\":\"https:\/\/elglobal.do\/\",\"logo\":{\"@type\":\"ImageObject\",\"inLanguage\":\"es\",\"@id\":\"https:\/\/elglobal.do\/#\/schema\/logo\/image\/\",\"url\":\"https:\/\/elglobal.do\/wp-content\/uploads\/2025\/08\/icon.png\",\"contentUrl\":\"https:\/\/elglobal.do\/wp-content\/uploads\/2025\/08\/icon.png\",\"width\":512,\"height\":512,\"caption\":\"EL GLOBAL.DO INFORMATIVO\"},\"image\":{\"@id\":\"https:\/\/elglobal.do\/#\/schema\/logo\/image\/\"}},{\"@type\":\"Person\",\"@id\":\"https:\/\/elglobal.do\/#\/schema\/person\/0c97ec2c7714fb605d230c292f64d55f\",\"name\":\"EL GLOBAL\",\"image\":{\"@type\":\"ImageObject\",\"inLanguage\":\"es\",\"@id\":\"https:\/\/elglobal.do\/#\/schema\/person\/image\/\",\"url\":\"https:\/\/secure.gravatar.com\/avatar\/081cfb6cf99faddc6f4e23a0c11ab98c5cf302925382d1c88dc3ed757ab910a3?s=96&d=mm&r=g\",\"contentUrl\":\"https:\/\/secure.gravatar.com\/avatar\/081cfb6cf99faddc6f4e23a0c11ab98c5cf302925382d1c88dc3ed757ab910a3?s=96&d=mm&r=g\",\"caption\":\"EL GLOBAL\"},\"description\":\"El Global Informativo es un peri\u00f3dico digital de Rep\u00fablica Dominicana que se dedica a cubrir temas importantes, como la pol\u00edtica local, geopol\u00edtica, econom\u00eda, tecnolog\u00eda, noticias internacionales y eventos relacionados con la gesti\u00f3n social, cultural y humana. Su objetivo principal es mantener a la poblaci\u00f3n informada, ofreciendo una visi\u00f3n amplia y actualizada de lo que sucede tanto en el pa\u00eds como en el mundo. Est\u00e1 dirigido por un grupo de periodistas experimentados, lo que garantiza la calidad y la precisi\u00f3n de la informaci\u00f3n que ofrecen. Tiene su sede en la ciudad de Santo Domingo y es parte integral del portafolio de la empresa, MC Global S.R.L.\",\"sameAs\":[\"https:\/\/elglobal.do\",\"https:\/\/www.instagram.com\/elglobal.do_informativo\/\"],\"url\":\"https:\/\/elglobal.do\/index.php\/author\/elglobaluserpro\/\"}]}<\/script>\n<!-- \/ Yoast SEO plugin. -->","yoast_head_json":{"title":"Banco Caribe celebr\u00f3 graduaci\u00f3n de su 'Programa Pasant\u00edas de Verano' - EL GLOBAL INFORMATIVO","robots":{"index":"index","follow":"follow","max-snippet":"max-snippet:-1","max-image-preview":"max-image-preview:large","max-video-preview":"max-video-preview:-1"},"canonical":"https:\/\/elglobal.do\/index.php\/2025\/09\/08\/banco-caribe-celebro-graduacion-de-su-programa-pasantias-de-verano\/","og_locale":"es_ES","og_type":"article","og_title":"Banco Caribe celebr\u00f3 graduaci\u00f3n de su 'Programa Pasant\u00edas de Verano' - EL GLOBAL INFORMATIVO","og_description":"Santo Domingo. &#8211; Banco Caribe realiz\u00f3 la graduaci\u00f3n de su tradicional Programa de Pasant\u00edas de Verano, una iniciativa que por m\u00e1s de diez a\u00f1os ha brindado a j\u00f3venes la oportunidad&hellip;","og_url":"https:\/\/elglobal.do\/index.php\/2025\/09\/08\/banco-caribe-celebro-graduacion-de-su-programa-pasantias-de-verano\/","og_site_name":"EL GLOBAL INFORMATIVO","article_published_time":"2025-09-09T02:38:50+00:00","article_modified_time":"2025-09-09T02:40:15+00:00","og_image":[{"width":1208,"height":592,"url":"https:\/\/elglobal.do\/wp-content\/uploads\/2025\/09\/Banco.jpeg","type":"image\/jpeg"}],"author":"EL GLOBAL","twitter_card":"summary_large_image","twitter_misc":{"Escrito por":"EL GLOBAL","Tiempo de lectura":"2 minutos"},"schema":{"@context":"https:\/\/schema.org","@graph":[{"@type":"Article","@id":"https:\/\/elglobal.do\/index.php\/2025\/09\/08\/banco-caribe-celebro-graduacion-de-su-programa-pasantias-de-verano\/#article","isPartOf":{"@id":"https:\/\/elglobal.do\/index.php\/2025\/09\/08\/banco-caribe-celebro-graduacion-de-su-programa-pasantias-de-verano\/"},"author":{"name":"EL GLOBAL","@id":"https:\/\/elglobal.do\/#\/schema\/person\/0c97ec2c7714fb605d230c292f64d55f"},"headline":"Banco Caribe celebr\u00f3 graduaci\u00f3n de su &#8216;Programa Pasant\u00edas de Verano&#8217;","datePublished":"2025-09-09T02:38:50+00:00","dateModified":"2025-09-09T02:40:15+00:00","mainEntityOfPage":{"@id":"https:\/\/elglobal.do\/index.php\/2025\/09\/08\/banco-caribe-celebro-graduacion-de-su-programa-pasantias-de-verano\/"},"wordCount":328,"commentCount":0,"publisher":{"@id":"https:\/\/elglobal.do\/#organization"},"image":{"@id":"https:\/\/elglobal.do\/index.php\/2025\/09\/08\/banco-caribe-celebro-graduacion-de-su-programa-pasantias-de-verano\/#primaryimage"},"thumbnailUrl":"https:\/\/elglobal.do\/wp-content\/uploads\/2025\/09\/Banco.jpeg","keywords":["#BancoCaribe","#ElGlobalInformativo","#graduaci\u00f3n","#pasant\u00edasdeverano","#programa"],"articleSection":["EDUCACI\u00d3N"],"inLanguage":"es","potentialAction":[{"@type":"CommentAction","name":"Comment","target":["https:\/\/elglobal.do\/index.php\/2025\/09\/08\/banco-caribe-celebro-graduacion-de-su-programa-pasantias-de-verano\/#respond"]}]},{"@type":"WebPage","@id":"https:\/\/elglobal.do\/index.php\/2025\/09\/08\/banco-caribe-celebro-graduacion-de-su-programa-pasantias-de-verano\/","url":"https:\/\/elglobal.do\/index.php\/2025\/09\/08\/banco-caribe-celebro-graduacion-de-su-programa-pasantias-de-verano\/","name":"Banco Caribe celebr\u00f3 graduaci\u00f3n de su 'Programa Pasant\u00edas de Verano' - EL GLOBAL INFORMATIVO","isPartOf":{"@id":"https:\/\/elglobal.do\/#website"},"primaryImageOfPage":{"@id":"https:\/\/elglobal.do\/index.php\/2025\/09\/08\/banco-caribe-celebro-graduacion-de-su-programa-pasantias-de-verano\/#primaryimage"},"image":{"@id":"https:\/\/elglobal.do\/index.php\/2025\/09\/08\/banco-caribe-celebro-graduacion-de-su-programa-pasantias-de-verano\/#primaryimage"},"thumbnailUrl":"https:\/\/elglobal.do\/wp-content\/uploads\/2025\/09\/Banco.jpeg","datePublished":"2025-09-09T02:38:50+00:00","dateModified":"2025-09-09T02:40:15+00:00","breadcrumb":{"@id":"https:\/\/elglobal.do\/index.php\/2025\/09\/08\/banco-caribe-celebro-graduacion-de-su-programa-pasantias-de-verano\/#breadcrumb"},"inLanguage":"es","potentialAction":[{"@type":"ReadAction","target":["https:\/\/elglobal.do\/index.php\/2025\/09\/08\/banco-caribe-celebro-graduacion-de-su-programa-pasantias-de-verano\/"]}]},{"@type":"ImageObject","inLanguage":"es","@id":"https:\/\/elglobal.do\/index.php\/2025\/09\/08\/banco-caribe-celebro-graduacion-de-su-programa-pasantias-de-verano\/#primaryimage","url":"https:\/\/elglobal.do\/wp-content\/uploads\/2025\/09\/Banco.jpeg","contentUrl":"https:\/\/elglobal.do\/wp-content\/uploads\/2025\/09\/Banco.jpeg","width":1208,"height":592},{"@type":"BreadcrumbList","@id":"https:\/\/elglobal.do\/index.php\/2025\/09\/08\/banco-caribe-celebro-graduacion-de-su-programa-pasantias-de-verano\/#breadcrumb","itemListElement":[{"@type":"ListItem","position":1,"name":"Portada","item":"https:\/\/elglobal.do\/"},{"@type":"ListItem","position":2,"name":"Banco Caribe celebr\u00f3 graduaci\u00f3n de su &#8216;Programa Pasant\u00edas de Verano&#8217;"}]},{"@type":"WebSite","@id":"https:\/\/elglobal.do\/#website","url":"https:\/\/elglobal.do\/","name":"EL GLOBAL INFORMATIVO","description":"Peri\u00f3dico digital de la Rep\u00fablica Dominicana que ofrece noticias, novedades, pol\u00edtica y las \u00faltimas actualidades, con informaci\u00f3n veraz y oportuna para mantenerte siempre informad","publisher":{"@id":"https:\/\/elglobal.do\/#organization"},"potentialAction":[{"@type":"SearchAction","target":{"@type":"EntryPoint","urlTemplate":"https:\/\/elglobal.do\/?s={search_term_string}"},"query-input":{"@type":"PropertyValueSpecification","valueRequired":true,"valueName":"search_term_string"}}],"inLanguage":"es"},{"@type":"Organization","@id":"https:\/\/elglobal.do\/#organization","name":"EL GLOBAL.DO INFORMATIVO","url":"https:\/\/elglobal.do\/","logo":{"@type":"ImageObject","inLanguage":"es","@id":"https:\/\/elglobal.do\/#\/schema\/logo\/image\/","url":"https:\/\/elglobal.do\/wp-content\/uploads\/2025\/08\/icon.png","contentUrl":"https:\/\/elglobal.do\/wp-content\/uploads\/2025\/08\/icon.png","width":512,"height":512,"caption":"EL GLOBAL.DO INFORMATIVO"},"image":{"@id":"https:\/\/elglobal.do\/#\/schema\/logo\/image\/"}},{"@type":"Person","@id":"https:\/\/elglobal.do\/#\/schema\/person\/0c97ec2c7714fb605d230c292f64d55f","name":"EL GLOBAL","image":{"@type":"ImageObject","inLanguage":"es","@id":"https:\/\/elglobal.do\/#\/schema\/person\/image\/","url":"https:\/\/secure.gravatar.com\/avatar\/081cfb6cf99faddc6f4e23a0c11ab98c5cf302925382d1c88dc3ed757ab910a3?s=96&d=mm&r=g","contentUrl":"https:\/\/secure.gravatar.com\/avatar\/081cfb6cf99faddc6f4e23a0c11ab98c5cf302925382d1c88dc3ed757ab910a3?s=96&d=mm&r=g","caption":"EL GLOBAL"},"description":"El Global Informativo es un peri\u00f3dico digital de Rep\u00fablica Dominicana que se dedica a cubrir temas importantes, como la pol\u00edtica local, geopol\u00edtica, econom\u00eda, tecnolog\u00eda, noticias internacionales y eventos relacionados con la gesti\u00f3n social, cultural y humana. Su objetivo principal es mantener a la poblaci\u00f3n informada, ofreciendo una visi\u00f3n amplia y actualizada de lo que sucede tanto en el pa\u00eds como en el mundo. Est\u00e1 dirigido por un grupo de periodistas experimentados, lo que garantiza la calidad y la precisi\u00f3n de la informaci\u00f3n que ofrecen. Tiene su sede en la ciudad de Santo Domingo y es parte integral del portafolio de la empresa, MC Global S.R.L.","sameAs":["https:\/\/elglobal.do","https:\/\/www.instagram.com\/elglobal.do_informativo\/"],"url":"https:\/\/elglobal.do\/index.php\/author\/elglobaluserpro\/"}]}},"jetpack_featured_media_url":"https:\/\/elglobal.do\/wp-content\/uploads\/2025\/09\/Banco.jpeg","jetpack_sharing_enabled":true,"_links":{"self":[{"href":"https:\/\/elglobal.do\/index.php\/wp-json\/wp\/v2\/posts\/2094","targetHints":{"allow":["GET"]}}],"collection":[{"href":"https:\/\/elglobal.do\/index.php\/wp-json\/wp\/v2\/posts"}],"about":[{"href":"https:\/\/elglobal.do\/index.php\/wp-json\/wp\/v2\/types\/post"}],"author":[{"embeddable":true,"href":"https:\/\/elglobal.do\/index.php\/wp-json\/wp\/v2\/users\/1"}],"replies":[{"embeddable":true,"href":"https:\/\/elglobal.do\/index.php\/wp-json\/wp\/v2\/comments?post=2094"}],"version-history":[{"count":2,"href":"https:\/\/elglobal.do\/index.php\/wp-json\/wp\/v2\/posts\/2094\/revisions"}],"predecessor-version":[{"id":2098,"href":"https:\/\/elglobal.do\/index.php\/wp-json\/wp\/v2\/posts\/2094\/revisions\/2098"}],"wp:featuredmedia":[{"embeddable":true,"href":"https:\/\/elglobal.do\/index.php\/wp-json\/wp\/v2\/media\/2095"}],"wp:attachment":[{"href":"https:\/\/elglobal.do\/index.php\/wp-json\/wp\/v2\/media?parent=2094"}],"wp:term":[{"taxonomy":"category","embeddable":true,"href":"https:\/\/elglobal.do\/index.php\/wp-json\/wp\/v2\/categories?post=2094"},{"taxonomy":"post_tag","embeddable":true,"href":"https:\/\/elglobal.do\/index.php\/wp-json\/wp\/v2\/tags?post=2094"}],"curies":[{"name":"wp","href":"https:\/\/api.w.org\/{rel}","templated":true}]}}