{"id":2103,"date":"2025-09-09T09:33:22","date_gmt":"2025-09-09T13:33:22","guid":{"rendered":"https:\/\/elglobal.do\/?p=2103"},"modified":"2025-09-09T09:33:24","modified_gmt":"2025-09-09T13:33:24","slug":"rd-supera-los-8-millones-de-visitantes-de-enero-a-agosto-del-2025","status":"publish","type":"post","link":"https:\/\/elglobal.do\/index.php\/2025\/09\/09\/rd-supera-los-8-millones-de-visitantes-de-enero-a-agosto-del-2025\/","title":{"rendered":"RD supera los 8 millones de visitantes de enero a agosto del 2025"},"content":{"rendered":"\n<figure class=\"wp-block-image size-large\"><img loading=\"lazy\" decoding=\"async\" width=\"1024\" height=\"768\" src=\"https:\/\/elglobal.do\/wp-content\/uploads\/2025\/09\/Collado-1024x768.jpeg\" alt=\"\" class=\"wp-image-2104\" srcset=\"https:\/\/elglobal.do\/wp-content\/uploads\/2025\/09\/Collado-1024x768.jpeg 1024w, https:\/\/elglobal.do\/wp-content\/uploads\/2025\/09\/Collado-300x225.jpeg 300w, https:\/\/elglobal.do\/wp-content\/uploads\/2025\/09\/Collado-768x576.jpeg 768w, https:\/\/elglobal.do\/wp-content\/uploads\/2025\/09\/Collado-1536x1152.jpeg 1536w, https:\/\/elglobal.do\/wp-content\/uploads\/2025\/09\/Collado.jpeg 1600w\" sizes=\"auto, (max-width: 1024px) 100vw, 1024px\" \/><\/figure>\n\n\n\n<p><strong>Santo Domingo. &#8211; <\/strong>Rep\u00fablica Dominicana contin\u00faa consolid\u00e1ndose como uno de los destinos tur\u00edsticos l\u00edderes en la regi\u00f3n, al registrar la llegada de 8,005,257 visitantes durante los primeros ocho meses de 2025.<\/p>\n\n\n\n<p>As\u00ed lo inform\u00f3 el ministro de Turismo, David Collado, qui\u00e9n, adem\u00e1s, destac\u00f3 que el pa\u00eds ha superado las cifras de todo el a\u00f1o 2019, considerado un a\u00f1o r\u00e9cord previo a la pandemia, en apenas ocho meses.<\/p>\n\n\n\n<p>\u00abEn 2019 recibimos 7,549,000 visitantes en todo el a\u00f1o. Hoy, en solo ocho meses, hemos alcanzado m\u00e1s de 8 millones\u00bb, indic\u00f3 Collado.<\/p>\n\n\n\n<p>El mes de agosto, hist\u00f3ricamente considerado temporada baja, el ministro explic\u00f3 que tambi\u00e9n rompi\u00f3 r\u00e9cords.<\/p>\n\n\n\n<p>Apunt\u00f3 que solo en ese mes llegaron 707,175 turistas v\u00eda a\u00e9rea, lo que refleja un crecimiento del 42% respecto a agosto de 2019, cuando ingresaron 497,390 turistas.<\/p>\n\n\n\n<p>En comparaci\u00f3n con agosto del a\u00f1o 2024, se registr\u00f3 un incremento del 4.7%, y del 6% respecto a agosto de 2023.<\/p>\n\n\n\n<p>La mayor parte de los visitantes provienen de Am\u00e9rica, siendo Estados Unidos el principal emisor con el 46% del total de turistas, seg\u00fan Collado.<\/p>\n\n\n\n<p>A este destino, le sigue Canad\u00e1 (15%), Argentina (6%) y Colombia (5%).<\/p>\n\n\n\n<p>Collado, adem\u00e1s, destac\u00f3 el crecimiento sorpresivo de Argentina, con un aumento del 83% en el n\u00famero de turistas, y de Colombia, con un 15% de incremento. En contraste, el flujo de turistas desde Estados Unidos present\u00f3 una ligera baja del 5% en comparaci\u00f3n con el a\u00f1o anterior.<\/p>\n\n\n\n<p>\u00abEstos resultados no son casualidad. Son producto de una estrategia de conectividad a\u00e9rea bien definida, del trabajo conjunto entre el sector p\u00fablico, privado y los medios de comunicaci\u00f3n. Cuando se dejan de lado los intereses pol\u00edticos y personales, se logran estos avances\u00bb, enfatiz\u00f3 Collado.<\/p>\n\n\n\n<p><\/p>\n","protected":false},"excerpt":{"rendered":"<p>Santo Domingo. &#8211; Rep\u00fablica Dominicana contin\u00faa consolid\u00e1ndose como uno de los destinos tur\u00edsticos l\u00edderes en la regi\u00f3n, al registrar la llegada de 8,005,257 visitantes durante los primeros ocho meses de&hellip; <\/p>\n","protected":false},"author":1,"featured_media":2104,"comment_status":"open","ping_status":"open","sticky":false,"template":"","format":"standard","meta":{"_jetpack_memberships_contains_paid_content":false,"footnotes":""},"categories":[23],"tags":[1067,98,259,1068,1066],"class_list":["post-2103","post","type-post","status-publish","format-standard","has-post-thumbnail","hentry","category-turismo","tag-davidcollado","tag-elglobalinformativo","tag-rd","tag-turistas","tag-visitantes"],"yoast_head":"<!-- This site is optimized with the Yoast SEO plugin v26.9 - https:\/\/yoast.com\/product\/yoast-seo-wordpress\/ -->\n<title>RD supera los 8 millones de visitantes de enero a agosto del 2025 - EL GLOBAL INFORMATIVO<\/title>\n<meta name=\"robots\" content=\"index, follow, max-snippet:-1, max-image-preview:large, max-video-preview:-1\" \/>\n<link rel=\"canonical\" href=\"https:\/\/elglobal.do\/index.php\/2025\/09\/09\/rd-supera-los-8-millones-de-visitantes-de-enero-a-agosto-del-2025\/\" \/>\n<meta property=\"og:locale\" content=\"es_ES\" \/>\n<meta property=\"og:type\" content=\"article\" \/>\n<meta property=\"og:title\" content=\"RD supera los 8 millones de visitantes de enero a agosto del 2025 - EL GLOBAL INFORMATIVO\" \/>\n<meta property=\"og:description\" content=\"Santo Domingo. &#8211; Rep\u00fablica Dominicana contin\u00faa consolid\u00e1ndose como uno de los destinos tur\u00edsticos l\u00edderes en la regi\u00f3n, al registrar la llegada de 8,005,257 visitantes durante los primeros ocho meses de&hellip;\" \/>\n<meta property=\"og:url\" content=\"https:\/\/elglobal.do\/index.php\/2025\/09\/09\/rd-supera-los-8-millones-de-visitantes-de-enero-a-agosto-del-2025\/\" \/>\n<meta property=\"og:site_name\" content=\"EL GLOBAL INFORMATIVO\" \/>\n<meta property=\"article:published_time\" content=\"2025-09-09T13:33:22+00:00\" \/>\n<meta property=\"article:modified_time\" content=\"2025-09-09T13:33:24+00:00\" \/>\n<meta property=\"og:image\" content=\"https:\/\/elglobal.do\/wp-content\/uploads\/2025\/09\/Collado.jpeg\" \/>\n\t<meta property=\"og:image:width\" content=\"1600\" \/>\n\t<meta property=\"og:image:height\" content=\"1200\" \/>\n\t<meta property=\"og:image:type\" content=\"image\/jpeg\" \/>\n<meta name=\"author\" content=\"EL GLOBAL\" \/>\n<meta name=\"twitter:card\" content=\"summary_large_image\" \/>\n<meta name=\"twitter:label1\" content=\"Escrito por\" \/>\n\t<meta name=\"twitter:data1\" content=\"EL GLOBAL\" \/>\n\t<meta name=\"twitter:label2\" content=\"Tiempo de lectura\" \/>\n\t<meta name=\"twitter:data2\" content=\"2 minutos\" \/>\n<script type=\"application\/ld+json\" class=\"yoast-schema-graph\">{\"@context\":\"https:\/\/schema.org\",\"@graph\":[{\"@type\":\"Article\",\"@id\":\"https:\/\/elglobal.do\/index.php\/2025\/09\/09\/rd-supera-los-8-millones-de-visitantes-de-enero-a-agosto-del-2025\/#article\",\"isPartOf\":{\"@id\":\"https:\/\/elglobal.do\/index.php\/2025\/09\/09\/rd-supera-los-8-millones-de-visitantes-de-enero-a-agosto-del-2025\/\"},\"author\":{\"name\":\"EL GLOBAL\",\"@id\":\"https:\/\/elglobal.do\/#\/schema\/person\/0c97ec2c7714fb605d230c292f64d55f\"},\"headline\":\"RD supera los 8 millones de visitantes de enero a agosto del 2025\",\"datePublished\":\"2025-09-09T13:33:22+00:00\",\"dateModified\":\"2025-09-09T13:33:24+00:00\",\"mainEntityOfPage\":{\"@id\":\"https:\/\/elglobal.do\/index.php\/2025\/09\/09\/rd-supera-los-8-millones-de-visitantes-de-enero-a-agosto-del-2025\/\"},\"wordCount\":300,\"commentCount\":0,\"publisher\":{\"@id\":\"https:\/\/elglobal.do\/#organization\"},\"image\":{\"@id\":\"https:\/\/elglobal.do\/index.php\/2025\/09\/09\/rd-supera-los-8-millones-de-visitantes-de-enero-a-agosto-del-2025\/#primaryimage\"},\"thumbnailUrl\":\"https:\/\/elglobal.do\/wp-content\/uploads\/2025\/09\/Collado.jpeg\",\"keywords\":[\"#DavidCollado\",\"#ElGlobalInformativo\",\"#RD\",\"#turistas\",\"#visitantes\"],\"articleSection\":[\"TURISMO\"],\"inLanguage\":\"es\",\"potentialAction\":[{\"@type\":\"CommentAction\",\"name\":\"Comment\",\"target\":[\"https:\/\/elglobal.do\/index.php\/2025\/09\/09\/rd-supera-los-8-millones-de-visitantes-de-enero-a-agosto-del-2025\/#respond\"]}]},{\"@type\":\"WebPage\",\"@id\":\"https:\/\/elglobal.do\/index.php\/2025\/09\/09\/rd-supera-los-8-millones-de-visitantes-de-enero-a-agosto-del-2025\/\",\"url\":\"https:\/\/elglobal.do\/index.php\/2025\/09\/09\/rd-supera-los-8-millones-de-visitantes-de-enero-a-agosto-del-2025\/\",\"name\":\"RD supera los 8 millones de visitantes de enero a agosto del 2025 - EL GLOBAL INFORMATIVO\",\"isPartOf\":{\"@id\":\"https:\/\/elglobal.do\/#website\"},\"primaryImageOfPage\":{\"@id\":\"https:\/\/elglobal.do\/index.php\/2025\/09\/09\/rd-supera-los-8-millones-de-visitantes-de-enero-a-agosto-del-2025\/#primaryimage\"},\"image\":{\"@id\":\"https:\/\/elglobal.do\/index.php\/2025\/09\/09\/rd-supera-los-8-millones-de-visitantes-de-enero-a-agosto-del-2025\/#primaryimage\"},\"thumbnailUrl\":\"https:\/\/elglobal.do\/wp-content\/uploads\/2025\/09\/Collado.jpeg\",\"datePublished\":\"2025-09-09T13:33:22+00:00\",\"dateModified\":\"2025-09-09T13:33:24+00:00\",\"breadcrumb\":{\"@id\":\"https:\/\/elglobal.do\/index.php\/2025\/09\/09\/rd-supera-los-8-millones-de-visitantes-de-enero-a-agosto-del-2025\/#breadcrumb\"},\"inLanguage\":\"es\",\"potentialAction\":[{\"@type\":\"ReadAction\",\"target\":[\"https:\/\/elglobal.do\/index.php\/2025\/09\/09\/rd-supera-los-8-millones-de-visitantes-de-enero-a-agosto-del-2025\/\"]}]},{\"@type\":\"ImageObject\",\"inLanguage\":\"es\",\"@id\":\"https:\/\/elglobal.do\/index.php\/2025\/09\/09\/rd-supera-los-8-millones-de-visitantes-de-enero-a-agosto-del-2025\/#primaryimage\",\"url\":\"https:\/\/elglobal.do\/wp-content\/uploads\/2025\/09\/Collado.jpeg\",\"contentUrl\":\"https:\/\/elglobal.do\/wp-content\/uploads\/2025\/09\/Collado.jpeg\",\"width\":1600,\"height\":1200},{\"@type\":\"BreadcrumbList\",\"@id\":\"https:\/\/elglobal.do\/index.php\/2025\/09\/09\/rd-supera-los-8-millones-de-visitantes-de-enero-a-agosto-del-2025\/#breadcrumb\",\"itemListElement\":[{\"@type\":\"ListItem\",\"position\":1,\"name\":\"Portada\",\"item\":\"https:\/\/elglobal.do\/\"},{\"@type\":\"ListItem\",\"position\":2,\"name\":\"RD supera los 8 millones de visitantes de enero a agosto del 2025\"}]},{\"@type\":\"WebSite\",\"@id\":\"https:\/\/elglobal.do\/#website\",\"url\":\"https:\/\/elglobal.do\/\",\"name\":\"EL GLOBAL INFORMATIVO\",\"description\":\"Peri\u00f3dico digital de la Rep\u00fablica Dominicana que ofrece noticias, novedades, pol\u00edtica y las \u00faltimas actualidades, con informaci\u00f3n veraz y oportuna para mantenerte siempre informad\",\"publisher\":{\"@id\":\"https:\/\/elglobal.do\/#organization\"},\"potentialAction\":[{\"@type\":\"SearchAction\",\"target\":{\"@type\":\"EntryPoint\",\"urlTemplate\":\"https:\/\/elglobal.do\/?s={search_term_string}\"},\"query-input\":{\"@type\":\"PropertyValueSpecification\",\"valueRequired\":true,\"valueName\":\"search_term_string\"}}],\"inLanguage\":\"es\"},{\"@type\":\"Organization\",\"@id\":\"https:\/\/elglobal.do\/#organization\",\"name\":\"EL GLOBAL.DO INFORMATIVO\",\"url\":\"https:\/\/elglobal.do\/\",\"logo\":{\"@type\":\"ImageObject\",\"inLanguage\":\"es\",\"@id\":\"https:\/\/elglobal.do\/#\/schema\/logo\/image\/\",\"url\":\"https:\/\/elglobal.do\/wp-content\/uploads\/2025\/08\/icon.png\",\"contentUrl\":\"https:\/\/elglobal.do\/wp-content\/uploads\/2025\/08\/icon.png\",\"width\":512,\"height\":512,\"caption\":\"EL GLOBAL.DO INFORMATIVO\"},\"image\":{\"@id\":\"https:\/\/elglobal.do\/#\/schema\/logo\/image\/\"}},{\"@type\":\"Person\",\"@id\":\"https:\/\/elglobal.do\/#\/schema\/person\/0c97ec2c7714fb605d230c292f64d55f\",\"name\":\"EL GLOBAL\",\"image\":{\"@type\":\"ImageObject\",\"inLanguage\":\"es\",\"@id\":\"https:\/\/elglobal.do\/#\/schema\/person\/image\/\",\"url\":\"https:\/\/secure.gravatar.com\/avatar\/081cfb6cf99faddc6f4e23a0c11ab98c5cf302925382d1c88dc3ed757ab910a3?s=96&d=mm&r=g\",\"contentUrl\":\"https:\/\/secure.gravatar.com\/avatar\/081cfb6cf99faddc6f4e23a0c11ab98c5cf302925382d1c88dc3ed757ab910a3?s=96&d=mm&r=g\",\"caption\":\"EL GLOBAL\"},\"description\":\"El Global Informativo es un peri\u00f3dico digital de Rep\u00fablica Dominicana que se dedica a cubrir temas importantes, como la pol\u00edtica local, geopol\u00edtica, econom\u00eda, tecnolog\u00eda, noticias internacionales y eventos relacionados con la gesti\u00f3n social, cultural y humana. Su objetivo principal es mantener a la poblaci\u00f3n informada, ofreciendo una visi\u00f3n amplia y actualizada de lo que sucede tanto en el pa\u00eds como en el mundo. Est\u00e1 dirigido por un grupo de periodistas experimentados, lo que garantiza la calidad y la precisi\u00f3n de la informaci\u00f3n que ofrecen. Tiene su sede en la ciudad de Santo Domingo y es parte integral del portafolio de la empresa, MC Global S.R.L.\",\"sameAs\":[\"https:\/\/elglobal.do\",\"https:\/\/www.instagram.com\/elglobal.do_informativo\/\"],\"url\":\"https:\/\/elglobal.do\/index.php\/author\/elglobaluserpro\/\"}]}<\/script>\n<!-- \/ Yoast SEO plugin. -->","yoast_head_json":{"title":"RD supera los 8 millones de visitantes de enero a agosto del 2025 - EL GLOBAL INFORMATIVO","robots":{"index":"index","follow":"follow","max-snippet":"max-snippet:-1","max-image-preview":"max-image-preview:large","max-video-preview":"max-video-preview:-1"},"canonical":"https:\/\/elglobal.do\/index.php\/2025\/09\/09\/rd-supera-los-8-millones-de-visitantes-de-enero-a-agosto-del-2025\/","og_locale":"es_ES","og_type":"article","og_title":"RD supera los 8 millones de visitantes de enero a agosto del 2025 - EL GLOBAL INFORMATIVO","og_description":"Santo Domingo. &#8211; Rep\u00fablica Dominicana contin\u00faa consolid\u00e1ndose como uno de los destinos tur\u00edsticos l\u00edderes en la regi\u00f3n, al registrar la llegada de 8,005,257 visitantes durante los primeros ocho meses de&hellip;","og_url":"https:\/\/elglobal.do\/index.php\/2025\/09\/09\/rd-supera-los-8-millones-de-visitantes-de-enero-a-agosto-del-2025\/","og_site_name":"EL GLOBAL INFORMATIVO","article_published_time":"2025-09-09T13:33:22+00:00","article_modified_time":"2025-09-09T13:33:24+00:00","og_image":[{"width":1600,"height":1200,"url":"https:\/\/elglobal.do\/wp-content\/uploads\/2025\/09\/Collado.jpeg","type":"image\/jpeg"}],"author":"EL GLOBAL","twitter_card":"summary_large_image","twitter_misc":{"Escrito por":"EL GLOBAL","Tiempo de lectura":"2 minutos"},"schema":{"@context":"https:\/\/schema.org","@graph":[{"@type":"Article","@id":"https:\/\/elglobal.do\/index.php\/2025\/09\/09\/rd-supera-los-8-millones-de-visitantes-de-enero-a-agosto-del-2025\/#article","isPartOf":{"@id":"https:\/\/elglobal.do\/index.php\/2025\/09\/09\/rd-supera-los-8-millones-de-visitantes-de-enero-a-agosto-del-2025\/"},"author":{"name":"EL GLOBAL","@id":"https:\/\/elglobal.do\/#\/schema\/person\/0c97ec2c7714fb605d230c292f64d55f"},"headline":"RD supera los 8 millones de visitantes de enero a agosto del 2025","datePublished":"2025-09-09T13:33:22+00:00","dateModified":"2025-09-09T13:33:24+00:00","mainEntityOfPage":{"@id":"https:\/\/elglobal.do\/index.php\/2025\/09\/09\/rd-supera-los-8-millones-de-visitantes-de-enero-a-agosto-del-2025\/"},"wordCount":300,"commentCount":0,"publisher":{"@id":"https:\/\/elglobal.do\/#organization"},"image":{"@id":"https:\/\/elglobal.do\/index.php\/2025\/09\/09\/rd-supera-los-8-millones-de-visitantes-de-enero-a-agosto-del-2025\/#primaryimage"},"thumbnailUrl":"https:\/\/elglobal.do\/wp-content\/uploads\/2025\/09\/Collado.jpeg","keywords":["#DavidCollado","#ElGlobalInformativo","#RD","#turistas","#visitantes"],"articleSection":["TURISMO"],"inLanguage":"es","potentialAction":[{"@type":"CommentAction","name":"Comment","target":["https:\/\/elglobal.do\/index.php\/2025\/09\/09\/rd-supera-los-8-millones-de-visitantes-de-enero-a-agosto-del-2025\/#respond"]}]},{"@type":"WebPage","@id":"https:\/\/elglobal.do\/index.php\/2025\/09\/09\/rd-supera-los-8-millones-de-visitantes-de-enero-a-agosto-del-2025\/","url":"https:\/\/elglobal.do\/index.php\/2025\/09\/09\/rd-supera-los-8-millones-de-visitantes-de-enero-a-agosto-del-2025\/","name":"RD supera los 8 millones de visitantes de enero a agosto del 2025 - EL GLOBAL INFORMATIVO","isPartOf":{"@id":"https:\/\/elglobal.do\/#website"},"primaryImageOfPage":{"@id":"https:\/\/elglobal.do\/index.php\/2025\/09\/09\/rd-supera-los-8-millones-de-visitantes-de-enero-a-agosto-del-2025\/#primaryimage"},"image":{"@id":"https:\/\/elglobal.do\/index.php\/2025\/09\/09\/rd-supera-los-8-millones-de-visitantes-de-enero-a-agosto-del-2025\/#primaryimage"},"thumbnailUrl":"https:\/\/elglobal.do\/wp-content\/uploads\/2025\/09\/Collado.jpeg","datePublished":"2025-09-09T13:33:22+00:00","dateModified":"2025-09-09T13:33:24+00:00","breadcrumb":{"@id":"https:\/\/elglobal.do\/index.php\/2025\/09\/09\/rd-supera-los-8-millones-de-visitantes-de-enero-a-agosto-del-2025\/#breadcrumb"},"inLanguage":"es","potentialAction":[{"@type":"ReadAction","target":["https:\/\/elglobal.do\/index.php\/2025\/09\/09\/rd-supera-los-8-millones-de-visitantes-de-enero-a-agosto-del-2025\/"]}]},{"@type":"ImageObject","inLanguage":"es","@id":"https:\/\/elglobal.do\/index.php\/2025\/09\/09\/rd-supera-los-8-millones-de-visitantes-de-enero-a-agosto-del-2025\/#primaryimage","url":"https:\/\/elglobal.do\/wp-content\/uploads\/2025\/09\/Collado.jpeg","contentUrl":"https:\/\/elglobal.do\/wp-content\/uploads\/2025\/09\/Collado.jpeg","width":1600,"height":1200},{"@type":"BreadcrumbList","@id":"https:\/\/elglobal.do\/index.php\/2025\/09\/09\/rd-supera-los-8-millones-de-visitantes-de-enero-a-agosto-del-2025\/#breadcrumb","itemListElement":[{"@type":"ListItem","position":1,"name":"Portada","item":"https:\/\/elglobal.do\/"},{"@type":"ListItem","position":2,"name":"RD supera los 8 millones de visitantes de enero a agosto del 2025"}]},{"@type":"WebSite","@id":"https:\/\/elglobal.do\/#website","url":"https:\/\/elglobal.do\/","name":"EL GLOBAL INFORMATIVO","description":"Peri\u00f3dico digital de la Rep\u00fablica Dominicana que ofrece noticias, novedades, pol\u00edtica y las \u00faltimas actualidades, con informaci\u00f3n veraz y oportuna para mantenerte siempre informad","publisher":{"@id":"https:\/\/elglobal.do\/#organization"},"potentialAction":[{"@type":"SearchAction","target":{"@type":"EntryPoint","urlTemplate":"https:\/\/elglobal.do\/?s={search_term_string}"},"query-input":{"@type":"PropertyValueSpecification","valueRequired":true,"valueName":"search_term_string"}}],"inLanguage":"es"},{"@type":"Organization","@id":"https:\/\/elglobal.do\/#organization","name":"EL GLOBAL.DO INFORMATIVO","url":"https:\/\/elglobal.do\/","logo":{"@type":"ImageObject","inLanguage":"es","@id":"https:\/\/elglobal.do\/#\/schema\/logo\/image\/","url":"https:\/\/elglobal.do\/wp-content\/uploads\/2025\/08\/icon.png","contentUrl":"https:\/\/elglobal.do\/wp-content\/uploads\/2025\/08\/icon.png","width":512,"height":512,"caption":"EL GLOBAL.DO INFORMATIVO"},"image":{"@id":"https:\/\/elglobal.do\/#\/schema\/logo\/image\/"}},{"@type":"Person","@id":"https:\/\/elglobal.do\/#\/schema\/person\/0c97ec2c7714fb605d230c292f64d55f","name":"EL GLOBAL","image":{"@type":"ImageObject","inLanguage":"es","@id":"https:\/\/elglobal.do\/#\/schema\/person\/image\/","url":"https:\/\/secure.gravatar.com\/avatar\/081cfb6cf99faddc6f4e23a0c11ab98c5cf302925382d1c88dc3ed757ab910a3?s=96&d=mm&r=g","contentUrl":"https:\/\/secure.gravatar.com\/avatar\/081cfb6cf99faddc6f4e23a0c11ab98c5cf302925382d1c88dc3ed757ab910a3?s=96&d=mm&r=g","caption":"EL GLOBAL"},"description":"El Global Informativo es un peri\u00f3dico digital de Rep\u00fablica Dominicana que se dedica a cubrir temas importantes, como la pol\u00edtica local, geopol\u00edtica, econom\u00eda, tecnolog\u00eda, noticias internacionales y eventos relacionados con la gesti\u00f3n social, cultural y humana. Su objetivo principal es mantener a la poblaci\u00f3n informada, ofreciendo una visi\u00f3n amplia y actualizada de lo que sucede tanto en el pa\u00eds como en el mundo. Est\u00e1 dirigido por un grupo de periodistas experimentados, lo que garantiza la calidad y la precisi\u00f3n de la informaci\u00f3n que ofrecen. Tiene su sede en la ciudad de Santo Domingo y es parte integral del portafolio de la empresa, MC Global S.R.L.","sameAs":["https:\/\/elglobal.do","https:\/\/www.instagram.com\/elglobal.do_informativo\/"],"url":"https:\/\/elglobal.do\/index.php\/author\/elglobaluserpro\/"}]}},"jetpack_featured_media_url":"https:\/\/elglobal.do\/wp-content\/uploads\/2025\/09\/Collado.jpeg","jetpack_sharing_enabled":true,"_links":{"self":[{"href":"https:\/\/elglobal.do\/index.php\/wp-json\/wp\/v2\/posts\/2103","targetHints":{"allow":["GET"]}}],"collection":[{"href":"https:\/\/elglobal.do\/index.php\/wp-json\/wp\/v2\/posts"}],"about":[{"href":"https:\/\/elglobal.do\/index.php\/wp-json\/wp\/v2\/types\/post"}],"author":[{"embeddable":true,"href":"https:\/\/elglobal.do\/index.php\/wp-json\/wp\/v2\/users\/1"}],"replies":[{"embeddable":true,"href":"https:\/\/elglobal.do\/index.php\/wp-json\/wp\/v2\/comments?post=2103"}],"version-history":[{"count":1,"href":"https:\/\/elglobal.do\/index.php\/wp-json\/wp\/v2\/posts\/2103\/revisions"}],"predecessor-version":[{"id":2105,"href":"https:\/\/elglobal.do\/index.php\/wp-json\/wp\/v2\/posts\/2103\/revisions\/2105"}],"wp:featuredmedia":[{"embeddable":true,"href":"https:\/\/elglobal.do\/index.php\/wp-json\/wp\/v2\/media\/2104"}],"wp:attachment":[{"href":"https:\/\/elglobal.do\/index.php\/wp-json\/wp\/v2\/media?parent=2103"}],"wp:term":[{"taxonomy":"category","embeddable":true,"href":"https:\/\/elglobal.do\/index.php\/wp-json\/wp\/v2\/categories?post=2103"},{"taxonomy":"post_tag","embeddable":true,"href":"https:\/\/elglobal.do\/index.php\/wp-json\/wp\/v2\/tags?post=2103"}],"curies":[{"name":"wp","href":"https:\/\/api.w.org\/{rel}","templated":true}]}}