{"id":2123,"date":"2025-09-09T11:28:24","date_gmt":"2025-09-09T15:28:24","guid":{"rendered":"https:\/\/elglobal.do\/?p=2123"},"modified":"2025-09-09T11:28:26","modified_gmt":"2025-09-09T15:28:26","slug":"muere-quemada-esposa-de-exprimer-ministro-de-nepal-durante-un-ataque-por-manifestantes","status":"publish","type":"post","link":"https:\/\/elglobal.do\/index.php\/2025\/09\/09\/muere-quemada-esposa-de-exprimer-ministro-de-nepal-durante-un-ataque-por-manifestantes\/","title":{"rendered":"Muere quemada esposa de exprimer ministro de Nepal durante un ataque por manifestantes"},"content":{"rendered":"\n<figure class=\"wp-block-image size-full\"><img loading=\"lazy\" decoding=\"async\" width=\"800\" height=\"534\" src=\"https:\/\/elglobal.do\/wp-content\/uploads\/2025\/09\/image-65.png\" alt=\"\" class=\"wp-image-2124\" srcset=\"https:\/\/elglobal.do\/wp-content\/uploads\/2025\/09\/image-65.png 800w, https:\/\/elglobal.do\/wp-content\/uploads\/2025\/09\/image-65-300x200.png 300w, https:\/\/elglobal.do\/wp-content\/uploads\/2025\/09\/image-65-768x513.png 768w\" sizes=\"auto, (max-width: 800px) 100vw, 800px\" \/><\/figure>\n\n\n\n<p><strong>Nepal.-<\/strong>Rajyalaxmi Chitrakar, esposa del ex primer ministro nepal\u00ed<strong>\u00a0Jhalanath Khanal<\/strong>, muri\u00f3 este martes tras sufrir\u00a0<strong>graves quemaduras\u00a0<\/strong>cuando manifestantes incendiaron su vivienda en\u00a0<strong>Katmand\u00fa\u00a0<\/strong>con ella dentro.<\/p>\n\n\n\n<p>Chitrakar fue trasladada en estado cr\u00edtico al&nbsp;<strong>Hospital de Quemados de Kirtipur<\/strong>, pero falleci\u00f3 a causa de sus heridas durante el tratamiento.<\/p>\n\n\n\n<p>Mientras tanto, tres manifestantes murieron en el&nbsp;<strong>Hospital Civil<\/strong>, confirm\u00f3 a EFE el director del centro,&nbsp;<strong>Mohan Regmi.<\/strong>&nbsp;La polic\u00eda inform\u00f3 de otras dos muertes en un&nbsp;<strong>tiroteo en Kalimati,<\/strong>&nbsp;lo que eleva a 25 el total de fallecidos desde el inicio de las protestas.<\/p>\n\n\n\n<p>La\u00a0<strong>violencia\u00a0<\/strong>de la jornada se extendi\u00f3 por toda\u00a0<strong>Katmand\u00fa<\/strong>, convertida en escenario de ataques sistem\u00e1ticos contra dirigentes y sus familias.<\/p>\n\n\n\n<figure class=\"wp-block-image size-full\"><img loading=\"lazy\" decoding=\"async\" width=\"800\" height=\"533\" src=\"https:\/\/elglobal.do\/wp-content\/uploads\/2025\/09\/image-66.png\" alt=\"\" class=\"wp-image-2125\" srcset=\"https:\/\/elglobal.do\/wp-content\/uploads\/2025\/09\/image-66.png 800w, https:\/\/elglobal.do\/wp-content\/uploads\/2025\/09\/image-66-300x200.png 300w, https:\/\/elglobal.do\/wp-content\/uploads\/2025\/09\/image-66-768x512.png 768w\" sizes=\"auto, (max-width: 800px) 100vw, 800px\" \/><\/figure>\n\n\n\n<p>La residencia privada del&nbsp;<strong>ex primer ministro reci\u00e9n dimitido, K. P. Sharma Oli,<\/strong>&nbsp;fue incendiada, mientras otros l\u00edderes de alto nivel, como el ex primer ministro Sher Bahadur Deuba, fueron agredidos en sus viviendas. Su esposa,&nbsp;<strong>Arzu Rana Deuba, ministra de Exteriores,<\/strong>&nbsp;tambi\u00e9n result\u00f3 atacada, en un episodio captado en im\u00e1genes que circulan ampliamente en redes sociales.<\/p>\n\n\n\n<p>Las turbas tambi\u00e9n<strong>&nbsp;prendieron fuego&nbsp;<\/strong>a varios edificios oficiales, entre ellos el Parlamento, la Oficina de la Presidencia y la sede del Tribunal Supremo, adem\u00e1s de atacar medios de comunicaci\u00f3n, incluido el complejo de Kantipur, el grupo de prensa m\u00e1s importante de Nepal.<\/p>\n\n\n\n<p>El&nbsp;<strong>Ej\u00e9rcito de Nepal<\/strong>&nbsp;emiti\u00f3 un comunicado en el que llam\u00f3 a la poblaci\u00f3n a mantener la calma y la moderaci\u00f3n tras la renuncia del primer ministro, apelando a \u00ab<strong>evitar m\u00e1s p\u00e9rdidas humanas&nbsp;<\/strong>y materiales\u00bb y a buscar \u00abuna soluci\u00f3n pac\u00edfica mediante el di\u00e1logo pol\u00edtico\u00bb.<\/p>\n\n\n\n<p>En la misma l\u00ednea, el&nbsp;<strong>alcalde de Katmand\u00fa, Balendra Shah,&nbsp;<\/strong>se sum\u00f3 al llamamiento y pidi\u00f3 a los manifestantes moderaci\u00f3n para evitar un mayor derramamiento de sangre.<\/p>\n\n\n\n<p>El aumento de la espiral de violencia se produce pese a la renuncia este martes del primer ministro&nbsp;<strong>K. P. Sharma Oli&nbsp;<\/strong>y varios de sus ministros, que no ha logrado calmar a la poblaci\u00f3n ni detener las protestas del movimiento autodenominado \u00abGeneraci\u00f3n Z\u00bb.<\/p>\n\n\n\n<p><\/p>\n","protected":false},"excerpt":{"rendered":"<p>Nepal.-Rajyalaxmi Chitrakar, esposa del ex primer ministro nepal\u00ed\u00a0Jhalanath Khanal, muri\u00f3 este martes tras sufrir\u00a0graves quemaduras\u00a0cuando manifestantes incendiaron su vivienda en\u00a0Katmand\u00fa\u00a0con ella dentro. Chitrakar fue trasladada en estado cr\u00edtico al&nbsp;Hospital de&hellip; <\/p>\n","protected":false},"author":1,"featured_media":2124,"comment_status":"open","ping_status":"open","sticky":false,"template":"","format":"standard","meta":{"_jetpack_memberships_contains_paid_content":false,"footnotes":""},"categories":[1],"tags":[1080,57,1079,1081],"class_list":["post-2123","post","type-post","status-publish","format-standard","has-post-thumbnail","hentry","category-categoria-internacionales","tag-manifestantes","tag-muerte","tag-nepal","tag-quemada"],"yoast_head":"<!-- This site is optimized with the Yoast SEO plugin v26.9 - https:\/\/yoast.com\/product\/yoast-seo-wordpress\/ -->\n<title>Muere quemada esposa de exprimer ministro de Nepal durante un ataque por manifestantes - EL GLOBAL INFORMATIVO<\/title>\n<meta name=\"robots\" content=\"index, follow, max-snippet:-1, max-image-preview:large, max-video-preview:-1\" \/>\n<link rel=\"canonical\" href=\"https:\/\/elglobal.do\/index.php\/2025\/09\/09\/muere-quemada-esposa-de-exprimer-ministro-de-nepal-durante-un-ataque-por-manifestantes\/\" \/>\n<meta property=\"og:locale\" content=\"es_ES\" \/>\n<meta property=\"og:type\" content=\"article\" \/>\n<meta property=\"og:title\" content=\"Muere quemada esposa de exprimer ministro de Nepal durante un ataque por manifestantes - EL GLOBAL INFORMATIVO\" \/>\n<meta property=\"og:description\" content=\"Nepal.-Rajyalaxmi Chitrakar, esposa del ex primer ministro nepal\u00ed\u00a0Jhalanath Khanal, muri\u00f3 este martes tras sufrir\u00a0graves quemaduras\u00a0cuando manifestantes incendiaron su vivienda en\u00a0Katmand\u00fa\u00a0con ella dentro. Chitrakar fue trasladada en estado cr\u00edtico al&nbsp;Hospital de&hellip;\" \/>\n<meta property=\"og:url\" content=\"https:\/\/elglobal.do\/index.php\/2025\/09\/09\/muere-quemada-esposa-de-exprimer-ministro-de-nepal-durante-un-ataque-por-manifestantes\/\" \/>\n<meta property=\"og:site_name\" content=\"EL GLOBAL INFORMATIVO\" \/>\n<meta property=\"article:published_time\" content=\"2025-09-09T15:28:24+00:00\" \/>\n<meta property=\"article:modified_time\" content=\"2025-09-09T15:28:26+00:00\" \/>\n<meta property=\"og:image\" content=\"https:\/\/elglobal.do\/wp-content\/uploads\/2025\/09\/image-65.png\" \/>\n\t<meta property=\"og:image:width\" content=\"800\" \/>\n\t<meta property=\"og:image:height\" content=\"534\" \/>\n\t<meta property=\"og:image:type\" content=\"image\/png\" \/>\n<meta name=\"author\" content=\"EL GLOBAL\" \/>\n<meta name=\"twitter:card\" content=\"summary_large_image\" \/>\n<meta name=\"twitter:label1\" content=\"Escrito por\" \/>\n\t<meta name=\"twitter:data1\" content=\"EL GLOBAL\" \/>\n\t<meta name=\"twitter:label2\" content=\"Tiempo de lectura\" \/>\n\t<meta name=\"twitter:data2\" content=\"3 minutos\" \/>\n<script type=\"application\/ld+json\" class=\"yoast-schema-graph\">{\"@context\":\"https:\/\/schema.org\",\"@graph\":[{\"@type\":\"Article\",\"@id\":\"https:\/\/elglobal.do\/index.php\/2025\/09\/09\/muere-quemada-esposa-de-exprimer-ministro-de-nepal-durante-un-ataque-por-manifestantes\/#article\",\"isPartOf\":{\"@id\":\"https:\/\/elglobal.do\/index.php\/2025\/09\/09\/muere-quemada-esposa-de-exprimer-ministro-de-nepal-durante-un-ataque-por-manifestantes\/\"},\"author\":{\"name\":\"EL GLOBAL\",\"@id\":\"https:\/\/elglobal.do\/#\/schema\/person\/0c97ec2c7714fb605d230c292f64d55f\"},\"headline\":\"Muere quemada esposa de exprimer ministro de Nepal durante un ataque por manifestantes\",\"datePublished\":\"2025-09-09T15:28:24+00:00\",\"dateModified\":\"2025-09-09T15:28:26+00:00\",\"mainEntityOfPage\":{\"@id\":\"https:\/\/elglobal.do\/index.php\/2025\/09\/09\/muere-quemada-esposa-de-exprimer-ministro-de-nepal-durante-un-ataque-por-manifestantes\/\"},\"wordCount\":387,\"commentCount\":0,\"publisher\":{\"@id\":\"https:\/\/elglobal.do\/#organization\"},\"image\":{\"@id\":\"https:\/\/elglobal.do\/index.php\/2025\/09\/09\/muere-quemada-esposa-de-exprimer-ministro-de-nepal-durante-un-ataque-por-manifestantes\/#primaryimage\"},\"thumbnailUrl\":\"https:\/\/elglobal.do\/wp-content\/uploads\/2025\/09\/image-65.png\",\"keywords\":[\"#Manifestantes\",\"#Muerte\",\"#Nepal\",\"#Quemada\"],\"articleSection\":[\"INTERNACIONALES\"],\"inLanguage\":\"es\",\"potentialAction\":[{\"@type\":\"CommentAction\",\"name\":\"Comment\",\"target\":[\"https:\/\/elglobal.do\/index.php\/2025\/09\/09\/muere-quemada-esposa-de-exprimer-ministro-de-nepal-durante-un-ataque-por-manifestantes\/#respond\"]}]},{\"@type\":\"WebPage\",\"@id\":\"https:\/\/elglobal.do\/index.php\/2025\/09\/09\/muere-quemada-esposa-de-exprimer-ministro-de-nepal-durante-un-ataque-por-manifestantes\/\",\"url\":\"https:\/\/elglobal.do\/index.php\/2025\/09\/09\/muere-quemada-esposa-de-exprimer-ministro-de-nepal-durante-un-ataque-por-manifestantes\/\",\"name\":\"Muere quemada esposa de exprimer ministro de Nepal durante un ataque por manifestantes - EL GLOBAL INFORMATIVO\",\"isPartOf\":{\"@id\":\"https:\/\/elglobal.do\/#website\"},\"primaryImageOfPage\":{\"@id\":\"https:\/\/elglobal.do\/index.php\/2025\/09\/09\/muere-quemada-esposa-de-exprimer-ministro-de-nepal-durante-un-ataque-por-manifestantes\/#primaryimage\"},\"image\":{\"@id\":\"https:\/\/elglobal.do\/index.php\/2025\/09\/09\/muere-quemada-esposa-de-exprimer-ministro-de-nepal-durante-un-ataque-por-manifestantes\/#primaryimage\"},\"thumbnailUrl\":\"https:\/\/elglobal.do\/wp-content\/uploads\/2025\/09\/image-65.png\",\"datePublished\":\"2025-09-09T15:28:24+00:00\",\"dateModified\":\"2025-09-09T15:28:26+00:00\",\"breadcrumb\":{\"@id\":\"https:\/\/elglobal.do\/index.php\/2025\/09\/09\/muere-quemada-esposa-de-exprimer-ministro-de-nepal-durante-un-ataque-por-manifestantes\/#breadcrumb\"},\"inLanguage\":\"es\",\"potentialAction\":[{\"@type\":\"ReadAction\",\"target\":[\"https:\/\/elglobal.do\/index.php\/2025\/09\/09\/muere-quemada-esposa-de-exprimer-ministro-de-nepal-durante-un-ataque-por-manifestantes\/\"]}]},{\"@type\":\"ImageObject\",\"inLanguage\":\"es\",\"@id\":\"https:\/\/elglobal.do\/index.php\/2025\/09\/09\/muere-quemada-esposa-de-exprimer-ministro-de-nepal-durante-un-ataque-por-manifestantes\/#primaryimage\",\"url\":\"https:\/\/elglobal.do\/wp-content\/uploads\/2025\/09\/image-65.png\",\"contentUrl\":\"https:\/\/elglobal.do\/wp-content\/uploads\/2025\/09\/image-65.png\",\"width\":800,\"height\":534},{\"@type\":\"BreadcrumbList\",\"@id\":\"https:\/\/elglobal.do\/index.php\/2025\/09\/09\/muere-quemada-esposa-de-exprimer-ministro-de-nepal-durante-un-ataque-por-manifestantes\/#breadcrumb\",\"itemListElement\":[{\"@type\":\"ListItem\",\"position\":1,\"name\":\"Portada\",\"item\":\"https:\/\/elglobal.do\/\"},{\"@type\":\"ListItem\",\"position\":2,\"name\":\"Muere quemada esposa de exprimer ministro de Nepal durante un ataque por manifestantes\"}]},{\"@type\":\"WebSite\",\"@id\":\"https:\/\/elglobal.do\/#website\",\"url\":\"https:\/\/elglobal.do\/\",\"name\":\"EL GLOBAL INFORMATIVO\",\"description\":\"Peri\u00f3dico digital de la Rep\u00fablica Dominicana que ofrece noticias, novedades, pol\u00edtica y las \u00faltimas actualidades, con informaci\u00f3n veraz y oportuna para mantenerte siempre informad\",\"publisher\":{\"@id\":\"https:\/\/elglobal.do\/#organization\"},\"potentialAction\":[{\"@type\":\"SearchAction\",\"target\":{\"@type\":\"EntryPoint\",\"urlTemplate\":\"https:\/\/elglobal.do\/?s={search_term_string}\"},\"query-input\":{\"@type\":\"PropertyValueSpecification\",\"valueRequired\":true,\"valueName\":\"search_term_string\"}}],\"inLanguage\":\"es\"},{\"@type\":\"Organization\",\"@id\":\"https:\/\/elglobal.do\/#organization\",\"name\":\"EL GLOBAL.DO INFORMATIVO\",\"url\":\"https:\/\/elglobal.do\/\",\"logo\":{\"@type\":\"ImageObject\",\"inLanguage\":\"es\",\"@id\":\"https:\/\/elglobal.do\/#\/schema\/logo\/image\/\",\"url\":\"https:\/\/elglobal.do\/wp-content\/uploads\/2025\/08\/icon.png\",\"contentUrl\":\"https:\/\/elglobal.do\/wp-content\/uploads\/2025\/08\/icon.png\",\"width\":512,\"height\":512,\"caption\":\"EL GLOBAL.DO INFORMATIVO\"},\"image\":{\"@id\":\"https:\/\/elglobal.do\/#\/schema\/logo\/image\/\"}},{\"@type\":\"Person\",\"@id\":\"https:\/\/elglobal.do\/#\/schema\/person\/0c97ec2c7714fb605d230c292f64d55f\",\"name\":\"EL GLOBAL\",\"image\":{\"@type\":\"ImageObject\",\"inLanguage\":\"es\",\"@id\":\"https:\/\/elglobal.do\/#\/schema\/person\/image\/\",\"url\":\"https:\/\/secure.gravatar.com\/avatar\/081cfb6cf99faddc6f4e23a0c11ab98c5cf302925382d1c88dc3ed757ab910a3?s=96&d=mm&r=g\",\"contentUrl\":\"https:\/\/secure.gravatar.com\/avatar\/081cfb6cf99faddc6f4e23a0c11ab98c5cf302925382d1c88dc3ed757ab910a3?s=96&d=mm&r=g\",\"caption\":\"EL GLOBAL\"},\"description\":\"El Global Informativo es un peri\u00f3dico digital de Rep\u00fablica Dominicana que se dedica a cubrir temas importantes, como la pol\u00edtica local, geopol\u00edtica, econom\u00eda, tecnolog\u00eda, noticias internacionales y eventos relacionados con la gesti\u00f3n social, cultural y humana. Su objetivo principal es mantener a la poblaci\u00f3n informada, ofreciendo una visi\u00f3n amplia y actualizada de lo que sucede tanto en el pa\u00eds como en el mundo. Est\u00e1 dirigido por un grupo de periodistas experimentados, lo que garantiza la calidad y la precisi\u00f3n de la informaci\u00f3n que ofrecen. Tiene su sede en la ciudad de Santo Domingo y es parte integral del portafolio de la empresa, MC Global S.R.L.\",\"sameAs\":[\"https:\/\/elglobal.do\",\"https:\/\/www.instagram.com\/elglobal.do_informativo\/\"],\"url\":\"https:\/\/elglobal.do\/index.php\/author\/elglobaluserpro\/\"}]}<\/script>\n<!-- \/ Yoast SEO plugin. -->","yoast_head_json":{"title":"Muere quemada esposa de exprimer ministro de Nepal durante un ataque por manifestantes - EL GLOBAL INFORMATIVO","robots":{"index":"index","follow":"follow","max-snippet":"max-snippet:-1","max-image-preview":"max-image-preview:large","max-video-preview":"max-video-preview:-1"},"canonical":"https:\/\/elglobal.do\/index.php\/2025\/09\/09\/muere-quemada-esposa-de-exprimer-ministro-de-nepal-durante-un-ataque-por-manifestantes\/","og_locale":"es_ES","og_type":"article","og_title":"Muere quemada esposa de exprimer ministro de Nepal durante un ataque por manifestantes - EL GLOBAL INFORMATIVO","og_description":"Nepal.-Rajyalaxmi Chitrakar, esposa del ex primer ministro nepal\u00ed\u00a0Jhalanath Khanal, muri\u00f3 este martes tras sufrir\u00a0graves quemaduras\u00a0cuando manifestantes incendiaron su vivienda en\u00a0Katmand\u00fa\u00a0con ella dentro. Chitrakar fue trasladada en estado cr\u00edtico al&nbsp;Hospital de&hellip;","og_url":"https:\/\/elglobal.do\/index.php\/2025\/09\/09\/muere-quemada-esposa-de-exprimer-ministro-de-nepal-durante-un-ataque-por-manifestantes\/","og_site_name":"EL GLOBAL INFORMATIVO","article_published_time":"2025-09-09T15:28:24+00:00","article_modified_time":"2025-09-09T15:28:26+00:00","og_image":[{"width":800,"height":534,"url":"https:\/\/elglobal.do\/wp-content\/uploads\/2025\/09\/image-65.png","type":"image\/png"}],"author":"EL GLOBAL","twitter_card":"summary_large_image","twitter_misc":{"Escrito por":"EL GLOBAL","Tiempo de lectura":"3 minutos"},"schema":{"@context":"https:\/\/schema.org","@graph":[{"@type":"Article","@id":"https:\/\/elglobal.do\/index.php\/2025\/09\/09\/muere-quemada-esposa-de-exprimer-ministro-de-nepal-durante-un-ataque-por-manifestantes\/#article","isPartOf":{"@id":"https:\/\/elglobal.do\/index.php\/2025\/09\/09\/muere-quemada-esposa-de-exprimer-ministro-de-nepal-durante-un-ataque-por-manifestantes\/"},"author":{"name":"EL GLOBAL","@id":"https:\/\/elglobal.do\/#\/schema\/person\/0c97ec2c7714fb605d230c292f64d55f"},"headline":"Muere quemada esposa de exprimer ministro de Nepal durante un ataque por manifestantes","datePublished":"2025-09-09T15:28:24+00:00","dateModified":"2025-09-09T15:28:26+00:00","mainEntityOfPage":{"@id":"https:\/\/elglobal.do\/index.php\/2025\/09\/09\/muere-quemada-esposa-de-exprimer-ministro-de-nepal-durante-un-ataque-por-manifestantes\/"},"wordCount":387,"commentCount":0,"publisher":{"@id":"https:\/\/elglobal.do\/#organization"},"image":{"@id":"https:\/\/elglobal.do\/index.php\/2025\/09\/09\/muere-quemada-esposa-de-exprimer-ministro-de-nepal-durante-un-ataque-por-manifestantes\/#primaryimage"},"thumbnailUrl":"https:\/\/elglobal.do\/wp-content\/uploads\/2025\/09\/image-65.png","keywords":["#Manifestantes","#Muerte","#Nepal","#Quemada"],"articleSection":["INTERNACIONALES"],"inLanguage":"es","potentialAction":[{"@type":"CommentAction","name":"Comment","target":["https:\/\/elglobal.do\/index.php\/2025\/09\/09\/muere-quemada-esposa-de-exprimer-ministro-de-nepal-durante-un-ataque-por-manifestantes\/#respond"]}]},{"@type":"WebPage","@id":"https:\/\/elglobal.do\/index.php\/2025\/09\/09\/muere-quemada-esposa-de-exprimer-ministro-de-nepal-durante-un-ataque-por-manifestantes\/","url":"https:\/\/elglobal.do\/index.php\/2025\/09\/09\/muere-quemada-esposa-de-exprimer-ministro-de-nepal-durante-un-ataque-por-manifestantes\/","name":"Muere quemada esposa de exprimer ministro de Nepal durante un ataque por manifestantes - EL GLOBAL INFORMATIVO","isPartOf":{"@id":"https:\/\/elglobal.do\/#website"},"primaryImageOfPage":{"@id":"https:\/\/elglobal.do\/index.php\/2025\/09\/09\/muere-quemada-esposa-de-exprimer-ministro-de-nepal-durante-un-ataque-por-manifestantes\/#primaryimage"},"image":{"@id":"https:\/\/elglobal.do\/index.php\/2025\/09\/09\/muere-quemada-esposa-de-exprimer-ministro-de-nepal-durante-un-ataque-por-manifestantes\/#primaryimage"},"thumbnailUrl":"https:\/\/elglobal.do\/wp-content\/uploads\/2025\/09\/image-65.png","datePublished":"2025-09-09T15:28:24+00:00","dateModified":"2025-09-09T15:28:26+00:00","breadcrumb":{"@id":"https:\/\/elglobal.do\/index.php\/2025\/09\/09\/muere-quemada-esposa-de-exprimer-ministro-de-nepal-durante-un-ataque-por-manifestantes\/#breadcrumb"},"inLanguage":"es","potentialAction":[{"@type":"ReadAction","target":["https:\/\/elglobal.do\/index.php\/2025\/09\/09\/muere-quemada-esposa-de-exprimer-ministro-de-nepal-durante-un-ataque-por-manifestantes\/"]}]},{"@type":"ImageObject","inLanguage":"es","@id":"https:\/\/elglobal.do\/index.php\/2025\/09\/09\/muere-quemada-esposa-de-exprimer-ministro-de-nepal-durante-un-ataque-por-manifestantes\/#primaryimage","url":"https:\/\/elglobal.do\/wp-content\/uploads\/2025\/09\/image-65.png","contentUrl":"https:\/\/elglobal.do\/wp-content\/uploads\/2025\/09\/image-65.png","width":800,"height":534},{"@type":"BreadcrumbList","@id":"https:\/\/elglobal.do\/index.php\/2025\/09\/09\/muere-quemada-esposa-de-exprimer-ministro-de-nepal-durante-un-ataque-por-manifestantes\/#breadcrumb","itemListElement":[{"@type":"ListItem","position":1,"name":"Portada","item":"https:\/\/elglobal.do\/"},{"@type":"ListItem","position":2,"name":"Muere quemada esposa de exprimer ministro de Nepal durante un ataque por manifestantes"}]},{"@type":"WebSite","@id":"https:\/\/elglobal.do\/#website","url":"https:\/\/elglobal.do\/","name":"EL GLOBAL INFORMATIVO","description":"Peri\u00f3dico digital de la Rep\u00fablica Dominicana que ofrece noticias, novedades, pol\u00edtica y las \u00faltimas actualidades, con informaci\u00f3n veraz y oportuna para mantenerte siempre informad","publisher":{"@id":"https:\/\/elglobal.do\/#organization"},"potentialAction":[{"@type":"SearchAction","target":{"@type":"EntryPoint","urlTemplate":"https:\/\/elglobal.do\/?s={search_term_string}"},"query-input":{"@type":"PropertyValueSpecification","valueRequired":true,"valueName":"search_term_string"}}],"inLanguage":"es"},{"@type":"Organization","@id":"https:\/\/elglobal.do\/#organization","name":"EL GLOBAL.DO INFORMATIVO","url":"https:\/\/elglobal.do\/","logo":{"@type":"ImageObject","inLanguage":"es","@id":"https:\/\/elglobal.do\/#\/schema\/logo\/image\/","url":"https:\/\/elglobal.do\/wp-content\/uploads\/2025\/08\/icon.png","contentUrl":"https:\/\/elglobal.do\/wp-content\/uploads\/2025\/08\/icon.png","width":512,"height":512,"caption":"EL GLOBAL.DO INFORMATIVO"},"image":{"@id":"https:\/\/elglobal.do\/#\/schema\/logo\/image\/"}},{"@type":"Person","@id":"https:\/\/elglobal.do\/#\/schema\/person\/0c97ec2c7714fb605d230c292f64d55f","name":"EL GLOBAL","image":{"@type":"ImageObject","inLanguage":"es","@id":"https:\/\/elglobal.do\/#\/schema\/person\/image\/","url":"https:\/\/secure.gravatar.com\/avatar\/081cfb6cf99faddc6f4e23a0c11ab98c5cf302925382d1c88dc3ed757ab910a3?s=96&d=mm&r=g","contentUrl":"https:\/\/secure.gravatar.com\/avatar\/081cfb6cf99faddc6f4e23a0c11ab98c5cf302925382d1c88dc3ed757ab910a3?s=96&d=mm&r=g","caption":"EL GLOBAL"},"description":"El Global Informativo es un peri\u00f3dico digital de Rep\u00fablica Dominicana que se dedica a cubrir temas importantes, como la pol\u00edtica local, geopol\u00edtica, econom\u00eda, tecnolog\u00eda, noticias internacionales y eventos relacionados con la gesti\u00f3n social, cultural y humana. Su objetivo principal es mantener a la poblaci\u00f3n informada, ofreciendo una visi\u00f3n amplia y actualizada de lo que sucede tanto en el pa\u00eds como en el mundo. Est\u00e1 dirigido por un grupo de periodistas experimentados, lo que garantiza la calidad y la precisi\u00f3n de la informaci\u00f3n que ofrecen. Tiene su sede en la ciudad de Santo Domingo y es parte integral del portafolio de la empresa, MC Global S.R.L.","sameAs":["https:\/\/elglobal.do","https:\/\/www.instagram.com\/elglobal.do_informativo\/"],"url":"https:\/\/elglobal.do\/index.php\/author\/elglobaluserpro\/"}]}},"jetpack_featured_media_url":"https:\/\/elglobal.do\/wp-content\/uploads\/2025\/09\/image-65.png","jetpack_sharing_enabled":true,"_links":{"self":[{"href":"https:\/\/elglobal.do\/index.php\/wp-json\/wp\/v2\/posts\/2123","targetHints":{"allow":["GET"]}}],"collection":[{"href":"https:\/\/elglobal.do\/index.php\/wp-json\/wp\/v2\/posts"}],"about":[{"href":"https:\/\/elglobal.do\/index.php\/wp-json\/wp\/v2\/types\/post"}],"author":[{"embeddable":true,"href":"https:\/\/elglobal.do\/index.php\/wp-json\/wp\/v2\/users\/1"}],"replies":[{"embeddable":true,"href":"https:\/\/elglobal.do\/index.php\/wp-json\/wp\/v2\/comments?post=2123"}],"version-history":[{"count":1,"href":"https:\/\/elglobal.do\/index.php\/wp-json\/wp\/v2\/posts\/2123\/revisions"}],"predecessor-version":[{"id":2126,"href":"https:\/\/elglobal.do\/index.php\/wp-json\/wp\/v2\/posts\/2123\/revisions\/2126"}],"wp:featuredmedia":[{"embeddable":true,"href":"https:\/\/elglobal.do\/index.php\/wp-json\/wp\/v2\/media\/2124"}],"wp:attachment":[{"href":"https:\/\/elglobal.do\/index.php\/wp-json\/wp\/v2\/media?parent=2123"}],"wp:term":[{"taxonomy":"category","embeddable":true,"href":"https:\/\/elglobal.do\/index.php\/wp-json\/wp\/v2\/categories?post=2123"},{"taxonomy":"post_tag","embeddable":true,"href":"https:\/\/elglobal.do\/index.php\/wp-json\/wp\/v2\/tags?post=2123"}],"curies":[{"name":"wp","href":"https:\/\/api.w.org\/{rel}","templated":true}]}}