{"id":2141,"date":"2025-09-09T14:29:00","date_gmt":"2025-09-09T18:29:00","guid":{"rendered":"https:\/\/elglobal.do\/?p=2141"},"modified":"2025-09-22T14:09:21","modified_gmt":"2025-09-22T18:09:21","slug":"en-un-callejon-sin-salida-se-encuentra-el-ministro-limber-cruz","status":"publish","type":"post","link":"https:\/\/elglobal.do\/index.php\/2025\/09\/09\/en-un-callejon-sin-salida-se-encuentra-el-ministro-limber-cruz\/","title":{"rendered":"En un callej\u00f3n sin salida se encuentra el ministro Limber Cruz"},"content":{"rendered":"\n<figure class=\"wp-block-image size-full\"><img loading=\"lazy\" decoding=\"async\" width=\"698\" height=\"602\" src=\"https:\/\/elglobal.do\/wp-content\/uploads\/2025\/09\/Julio-1.jpeg\" alt=\"\" class=\"wp-image-2147\" srcset=\"https:\/\/elglobal.do\/wp-content\/uploads\/2025\/09\/Julio-1.jpeg 698w, https:\/\/elglobal.do\/wp-content\/uploads\/2025\/09\/Julio-1-300x259.jpeg 300w\" sizes=\"auto, (max-width: 698px) 100vw, 698px\" \/><figcaption class=\"wp-element-caption\"><em>Julio A. Ledesma, Jurista<\/em><\/figcaption><\/figure>\n\n\n\n<p><\/p>\n\n\n\n<p>El 9 de septiembre, D\u00eda Mundial de la Agricultura, deber\u00eda ser una fecha de j\u00fabilo y celebraci\u00f3n para ese sector. Sin embargo, en la Rep\u00fablica Dominicana, esta jornada se ve ensombrecida por un esc\u00e1ndalo de corrupci\u00f3n que ha colocado al ministro de Agricultura, Limber Cruz, en una posici\u00f3n profundamente inc\u00f3moda. M\u00e1s que celebrar los avances del campo, el pa\u00eds observa con preocupaci\u00f3n c\u00f3mo la imagen del ministerio y de su titular se desmoronan bajo el peso de graves denuncias que involucran a su c\u00edrculo m\u00e1s cercano.<\/p>\n\n\n\n<p>Las acusaciones, que han llevado al Ministerio P\u00fablico a iniciar una investigaci\u00f3n formal, apuntan directamente a colaboradores de confianza del ministro: su jefe de gabinete y su jefe de seguridad personal. Estos presuntos actos de corrupci\u00f3n, lejos de ser incidentes aislados, representan un da\u00f1o significativo para la gesti\u00f3n del ministro y, por extensi\u00f3n, para la pol\u00edtica de transparencia que el presidente Luis Abinader ha prometido y exhibe como un pilar de su Gobierno.<\/p>\n\n\n\n<p>Es cierto que, en nuestro sistema jur\u00eddico, la responsabilidad penal es personal. Una persona no puede ser castigada por los delitos cometidos por otra. Sin embargo, no podemos ignorar la responsabilidad funcional y pol\u00edtica que recae sobre un alto funcionario p\u00fablico como lo es el ministro de Agricultura, no solo es responsable por sus propias acciones, sino tambi\u00e9n por el comportamiento de aquellos a quienes ha designado para ocupar posiciones de poder y confianza bajo su direcci\u00f3n.<\/p>\n\n\n\n<p>La elecci\u00f3n de sus colaboradores directos refleja el criterio y los valores de un l\u00edder. Cuando estos allegados son se\u00f1alados por actos de corrupci\u00f3n, el ministro no puede simplemente desentenderse, alegando desconocimiento. Como m\u00e1xima autoridad del sector, debe responder por los actos de su equipo, pues estos operan bajo el manto de su direcci\u00f3n y con la autoridad que \u00e9l les ha delegado. La falta de supervisi\u00f3n o la incapacidad para identificar y remover a tiempo a elementos corruptos es, en s\u00ed misma, una falla de liderazgo.<\/p>\n\n\n\n<p>Las repercusiones de este esc\u00e1ndalo van m\u00e1s all\u00e1 de la figura del ministro. La credibilidad del Ministerio de Agricultura y, lo que es a\u00fan m\u00e1s grave, la de la presidencia de la Rep\u00fablica, se ven seriamente comprometidas. La pol\u00edtica de transparencia, que ha sido un estandarte de la actual administraci\u00f3n, se ve lacerada por este tipo de eventos. El presidente Abinader ha advertido sobre sanciones dr\u00e1sticas para quienes sustraigan fondos p\u00fablicos en su Gobierno.<\/p>\n\n\n\n<p>En lugar de celebrar un d\u00eda de logros, el ministro Limber Cruz se encuentra cabalgando por \u00abtierras movedizas\u00bb. La lupa del escrutinio p\u00fablico y judicial est\u00e1 sobre \u00e9l y su entorno. El descr\u00e9dito de sus colaboradores cercanos ha salpicado no solo su imagen, sino la pol\u00edtica gubernamental de transparencia. La situaci\u00f3n actual exige una respuesta contundente y un compromiso real con la rendici\u00f3n de cuentas. Si bien la responsabilidad penal es individual, la responsabilidad moral y pol\u00edtica de un ministro por los actos de sus subalternos es innegable y, en este caso, parece colocarlo \u00aben un callej\u00f3n sin salida\u00bb del que solo podr\u00e1 escapar con decisiones firmes y transparentes.<\/p>\n\n\n\n<p>Por: el Jurista Julio A. Ledesma<\/p>\n","protected":false},"excerpt":{"rendered":"<p>El 9 de septiembre, D\u00eda Mundial de la Agricultura, deber\u00eda ser una fecha de j\u00fabilo y celebraci\u00f3n para ese sector. Sin embargo, en la Rep\u00fablica Dominicana, esta jornada se ve&hellip; <\/p>\n","protected":false},"author":1,"featured_media":2142,"comment_status":"open","ping_status":"open","sticky":false,"template":"","format":"standard","meta":{"_jetpack_memberships_contains_paid_content":false,"footnotes":""},"categories":[20],"tags":[1093,1091,1092,688],"class_list":["post-2141","post","type-post","status-publish","format-standard","has-post-thumbnail","hentry","category-opinion","tag-callejonsinsalida","tag-denuncias","tag-limbercruz","tag-opinion"],"yoast_head":"<!-- This site is optimized with the Yoast SEO plugin v26.9 - https:\/\/yoast.com\/product\/yoast-seo-wordpress\/ -->\n<title>En un callej\u00f3n sin salida se encuentra el ministro Limber Cruz - EL GLOBAL INFORMATIVO<\/title>\n<meta name=\"robots\" content=\"index, follow, max-snippet:-1, max-image-preview:large, max-video-preview:-1\" \/>\n<link rel=\"canonical\" href=\"https:\/\/elglobal.do\/index.php\/2025\/09\/09\/en-un-callejon-sin-salida-se-encuentra-el-ministro-limber-cruz\/\" \/>\n<meta property=\"og:locale\" content=\"es_ES\" \/>\n<meta property=\"og:type\" content=\"article\" \/>\n<meta property=\"og:title\" content=\"En un callej\u00f3n sin salida se encuentra el ministro Limber Cruz - EL GLOBAL INFORMATIVO\" \/>\n<meta property=\"og:description\" content=\"El 9 de septiembre, D\u00eda Mundial de la Agricultura, deber\u00eda ser una fecha de j\u00fabilo y celebraci\u00f3n para ese sector. Sin embargo, en la Rep\u00fablica Dominicana, esta jornada se ve&hellip;\" \/>\n<meta property=\"og:url\" content=\"https:\/\/elglobal.do\/index.php\/2025\/09\/09\/en-un-callejon-sin-salida-se-encuentra-el-ministro-limber-cruz\/\" \/>\n<meta property=\"og:site_name\" content=\"EL GLOBAL INFORMATIVO\" \/>\n<meta property=\"article:published_time\" content=\"2025-09-09T18:29:00+00:00\" \/>\n<meta property=\"article:modified_time\" content=\"2025-09-22T18:09:21+00:00\" \/>\n<meta property=\"og:image\" content=\"https:\/\/elglobal.do\/wp-content\/uploads\/2025\/09\/Julio.jpeg\" \/>\n\t<meta property=\"og:image:width\" content=\"738\" \/>\n\t<meta property=\"og:image:height\" content=\"1600\" \/>\n\t<meta property=\"og:image:type\" content=\"image\/jpeg\" \/>\n<meta name=\"author\" content=\"EL GLOBAL\" \/>\n<meta name=\"twitter:card\" content=\"summary_large_image\" \/>\n<meta name=\"twitter:label1\" content=\"Escrito por\" \/>\n\t<meta name=\"twitter:data1\" content=\"EL GLOBAL\" \/>\n\t<meta name=\"twitter:label2\" content=\"Tiempo de lectura\" \/>\n\t<meta name=\"twitter:data2\" content=\"3 minutos\" \/>\n<script type=\"application\/ld+json\" class=\"yoast-schema-graph\">{\"@context\":\"https:\/\/schema.org\",\"@graph\":[{\"@type\":\"Article\",\"@id\":\"https:\/\/elglobal.do\/index.php\/2025\/09\/09\/en-un-callejon-sin-salida-se-encuentra-el-ministro-limber-cruz\/#article\",\"isPartOf\":{\"@id\":\"https:\/\/elglobal.do\/index.php\/2025\/09\/09\/en-un-callejon-sin-salida-se-encuentra-el-ministro-limber-cruz\/\"},\"author\":{\"name\":\"EL GLOBAL\",\"@id\":\"https:\/\/elglobal.do\/#\/schema\/person\/0c97ec2c7714fb605d230c292f64d55f\"},\"headline\":\"En un callej\u00f3n sin salida se encuentra el ministro Limber Cruz\",\"datePublished\":\"2025-09-09T18:29:00+00:00\",\"dateModified\":\"2025-09-22T18:09:21+00:00\",\"mainEntityOfPage\":{\"@id\":\"https:\/\/elglobal.do\/index.php\/2025\/09\/09\/en-un-callejon-sin-salida-se-encuentra-el-ministro-limber-cruz\/\"},\"wordCount\":578,\"commentCount\":0,\"publisher\":{\"@id\":\"https:\/\/elglobal.do\/#organization\"},\"image\":{\"@id\":\"https:\/\/elglobal.do\/index.php\/2025\/09\/09\/en-un-callejon-sin-salida-se-encuentra-el-ministro-limber-cruz\/#primaryimage\"},\"thumbnailUrl\":\"https:\/\/elglobal.do\/wp-content\/uploads\/2025\/09\/Julio.jpeg\",\"keywords\":[\"#callej\u00f3nsinsalida\",\"#denuncias\",\"#LimberCruz\",\"#Opini\u00f3n\"],\"articleSection\":[\"OPINI\u00d3N\"],\"inLanguage\":\"es\",\"potentialAction\":[{\"@type\":\"CommentAction\",\"name\":\"Comment\",\"target\":[\"https:\/\/elglobal.do\/index.php\/2025\/09\/09\/en-un-callejon-sin-salida-se-encuentra-el-ministro-limber-cruz\/#respond\"]}]},{\"@type\":\"WebPage\",\"@id\":\"https:\/\/elglobal.do\/index.php\/2025\/09\/09\/en-un-callejon-sin-salida-se-encuentra-el-ministro-limber-cruz\/\",\"url\":\"https:\/\/elglobal.do\/index.php\/2025\/09\/09\/en-un-callejon-sin-salida-se-encuentra-el-ministro-limber-cruz\/\",\"name\":\"En un callej\u00f3n sin salida se encuentra el ministro Limber Cruz - EL GLOBAL INFORMATIVO\",\"isPartOf\":{\"@id\":\"https:\/\/elglobal.do\/#website\"},\"primaryImageOfPage\":{\"@id\":\"https:\/\/elglobal.do\/index.php\/2025\/09\/09\/en-un-callejon-sin-salida-se-encuentra-el-ministro-limber-cruz\/#primaryimage\"},\"image\":{\"@id\":\"https:\/\/elglobal.do\/index.php\/2025\/09\/09\/en-un-callejon-sin-salida-se-encuentra-el-ministro-limber-cruz\/#primaryimage\"},\"thumbnailUrl\":\"https:\/\/elglobal.do\/wp-content\/uploads\/2025\/09\/Julio.jpeg\",\"datePublished\":\"2025-09-09T18:29:00+00:00\",\"dateModified\":\"2025-09-22T18:09:21+00:00\",\"breadcrumb\":{\"@id\":\"https:\/\/elglobal.do\/index.php\/2025\/09\/09\/en-un-callejon-sin-salida-se-encuentra-el-ministro-limber-cruz\/#breadcrumb\"},\"inLanguage\":\"es\",\"potentialAction\":[{\"@type\":\"ReadAction\",\"target\":[\"https:\/\/elglobal.do\/index.php\/2025\/09\/09\/en-un-callejon-sin-salida-se-encuentra-el-ministro-limber-cruz\/\"]}]},{\"@type\":\"ImageObject\",\"inLanguage\":\"es\",\"@id\":\"https:\/\/elglobal.do\/index.php\/2025\/09\/09\/en-un-callejon-sin-salida-se-encuentra-el-ministro-limber-cruz\/#primaryimage\",\"url\":\"https:\/\/elglobal.do\/wp-content\/uploads\/2025\/09\/Julio.jpeg\",\"contentUrl\":\"https:\/\/elglobal.do\/wp-content\/uploads\/2025\/09\/Julio.jpeg\",\"width\":738,\"height\":1600},{\"@type\":\"BreadcrumbList\",\"@id\":\"https:\/\/elglobal.do\/index.php\/2025\/09\/09\/en-un-callejon-sin-salida-se-encuentra-el-ministro-limber-cruz\/#breadcrumb\",\"itemListElement\":[{\"@type\":\"ListItem\",\"position\":1,\"name\":\"Portada\",\"item\":\"https:\/\/elglobal.do\/\"},{\"@type\":\"ListItem\",\"position\":2,\"name\":\"En un callej\u00f3n sin salida se encuentra el ministro Limber Cruz\"}]},{\"@type\":\"WebSite\",\"@id\":\"https:\/\/elglobal.do\/#website\",\"url\":\"https:\/\/elglobal.do\/\",\"name\":\"EL GLOBAL INFORMATIVO\",\"description\":\"Peri\u00f3dico digital de la Rep\u00fablica Dominicana que ofrece noticias, novedades, pol\u00edtica y las \u00faltimas actualidades, con informaci\u00f3n veraz y oportuna para mantenerte siempre informad\",\"publisher\":{\"@id\":\"https:\/\/elglobal.do\/#organization\"},\"potentialAction\":[{\"@type\":\"SearchAction\",\"target\":{\"@type\":\"EntryPoint\",\"urlTemplate\":\"https:\/\/elglobal.do\/?s={search_term_string}\"},\"query-input\":{\"@type\":\"PropertyValueSpecification\",\"valueRequired\":true,\"valueName\":\"search_term_string\"}}],\"inLanguage\":\"es\"},{\"@type\":\"Organization\",\"@id\":\"https:\/\/elglobal.do\/#organization\",\"name\":\"EL GLOBAL.DO INFORMATIVO\",\"url\":\"https:\/\/elglobal.do\/\",\"logo\":{\"@type\":\"ImageObject\",\"inLanguage\":\"es\",\"@id\":\"https:\/\/elglobal.do\/#\/schema\/logo\/image\/\",\"url\":\"https:\/\/elglobal.do\/wp-content\/uploads\/2025\/08\/icon.png\",\"contentUrl\":\"https:\/\/elglobal.do\/wp-content\/uploads\/2025\/08\/icon.png\",\"width\":512,\"height\":512,\"caption\":\"EL GLOBAL.DO INFORMATIVO\"},\"image\":{\"@id\":\"https:\/\/elglobal.do\/#\/schema\/logo\/image\/\"}},{\"@type\":\"Person\",\"@id\":\"https:\/\/elglobal.do\/#\/schema\/person\/0c97ec2c7714fb605d230c292f64d55f\",\"name\":\"EL GLOBAL\",\"image\":{\"@type\":\"ImageObject\",\"inLanguage\":\"es\",\"@id\":\"https:\/\/elglobal.do\/#\/schema\/person\/image\/\",\"url\":\"https:\/\/secure.gravatar.com\/avatar\/081cfb6cf99faddc6f4e23a0c11ab98c5cf302925382d1c88dc3ed757ab910a3?s=96&d=mm&r=g\",\"contentUrl\":\"https:\/\/secure.gravatar.com\/avatar\/081cfb6cf99faddc6f4e23a0c11ab98c5cf302925382d1c88dc3ed757ab910a3?s=96&d=mm&r=g\",\"caption\":\"EL GLOBAL\"},\"description\":\"El Global Informativo es un peri\u00f3dico digital de Rep\u00fablica Dominicana que se dedica a cubrir temas importantes, como la pol\u00edtica local, geopol\u00edtica, econom\u00eda, tecnolog\u00eda, noticias internacionales y eventos relacionados con la gesti\u00f3n social, cultural y humana. Su objetivo principal es mantener a la poblaci\u00f3n informada, ofreciendo una visi\u00f3n amplia y actualizada de lo que sucede tanto en el pa\u00eds como en el mundo. Est\u00e1 dirigido por un grupo de periodistas experimentados, lo que garantiza la calidad y la precisi\u00f3n de la informaci\u00f3n que ofrecen. Tiene su sede en la ciudad de Santo Domingo y es parte integral del portafolio de la empresa, MC Global S.R.L.\",\"sameAs\":[\"https:\/\/elglobal.do\",\"https:\/\/www.instagram.com\/elglobal.do_informativo\/\"],\"url\":\"https:\/\/elglobal.do\/index.php\/author\/elglobaluserpro\/\"}]}<\/script>\n<!-- \/ Yoast SEO plugin. -->","yoast_head_json":{"title":"En un callej\u00f3n sin salida se encuentra el ministro Limber Cruz - EL GLOBAL INFORMATIVO","robots":{"index":"index","follow":"follow","max-snippet":"max-snippet:-1","max-image-preview":"max-image-preview:large","max-video-preview":"max-video-preview:-1"},"canonical":"https:\/\/elglobal.do\/index.php\/2025\/09\/09\/en-un-callejon-sin-salida-se-encuentra-el-ministro-limber-cruz\/","og_locale":"es_ES","og_type":"article","og_title":"En un callej\u00f3n sin salida se encuentra el ministro Limber Cruz - EL GLOBAL INFORMATIVO","og_description":"El 9 de septiembre, D\u00eda Mundial de la Agricultura, deber\u00eda ser una fecha de j\u00fabilo y celebraci\u00f3n para ese sector. Sin embargo, en la Rep\u00fablica Dominicana, esta jornada se ve&hellip;","og_url":"https:\/\/elglobal.do\/index.php\/2025\/09\/09\/en-un-callejon-sin-salida-se-encuentra-el-ministro-limber-cruz\/","og_site_name":"EL GLOBAL INFORMATIVO","article_published_time":"2025-09-09T18:29:00+00:00","article_modified_time":"2025-09-22T18:09:21+00:00","og_image":[{"width":738,"height":1600,"url":"https:\/\/elglobal.do\/wp-content\/uploads\/2025\/09\/Julio.jpeg","type":"image\/jpeg"}],"author":"EL GLOBAL","twitter_card":"summary_large_image","twitter_misc":{"Escrito por":"EL GLOBAL","Tiempo de lectura":"3 minutos"},"schema":{"@context":"https:\/\/schema.org","@graph":[{"@type":"Article","@id":"https:\/\/elglobal.do\/index.php\/2025\/09\/09\/en-un-callejon-sin-salida-se-encuentra-el-ministro-limber-cruz\/#article","isPartOf":{"@id":"https:\/\/elglobal.do\/index.php\/2025\/09\/09\/en-un-callejon-sin-salida-se-encuentra-el-ministro-limber-cruz\/"},"author":{"name":"EL GLOBAL","@id":"https:\/\/elglobal.do\/#\/schema\/person\/0c97ec2c7714fb605d230c292f64d55f"},"headline":"En un callej\u00f3n sin salida se encuentra el ministro Limber Cruz","datePublished":"2025-09-09T18:29:00+00:00","dateModified":"2025-09-22T18:09:21+00:00","mainEntityOfPage":{"@id":"https:\/\/elglobal.do\/index.php\/2025\/09\/09\/en-un-callejon-sin-salida-se-encuentra-el-ministro-limber-cruz\/"},"wordCount":578,"commentCount":0,"publisher":{"@id":"https:\/\/elglobal.do\/#organization"},"image":{"@id":"https:\/\/elglobal.do\/index.php\/2025\/09\/09\/en-un-callejon-sin-salida-se-encuentra-el-ministro-limber-cruz\/#primaryimage"},"thumbnailUrl":"https:\/\/elglobal.do\/wp-content\/uploads\/2025\/09\/Julio.jpeg","keywords":["#callej\u00f3nsinsalida","#denuncias","#LimberCruz","#Opini\u00f3n"],"articleSection":["OPINI\u00d3N"],"inLanguage":"es","potentialAction":[{"@type":"CommentAction","name":"Comment","target":["https:\/\/elglobal.do\/index.php\/2025\/09\/09\/en-un-callejon-sin-salida-se-encuentra-el-ministro-limber-cruz\/#respond"]}]},{"@type":"WebPage","@id":"https:\/\/elglobal.do\/index.php\/2025\/09\/09\/en-un-callejon-sin-salida-se-encuentra-el-ministro-limber-cruz\/","url":"https:\/\/elglobal.do\/index.php\/2025\/09\/09\/en-un-callejon-sin-salida-se-encuentra-el-ministro-limber-cruz\/","name":"En un callej\u00f3n sin salida se encuentra el ministro Limber Cruz - EL GLOBAL INFORMATIVO","isPartOf":{"@id":"https:\/\/elglobal.do\/#website"},"primaryImageOfPage":{"@id":"https:\/\/elglobal.do\/index.php\/2025\/09\/09\/en-un-callejon-sin-salida-se-encuentra-el-ministro-limber-cruz\/#primaryimage"},"image":{"@id":"https:\/\/elglobal.do\/index.php\/2025\/09\/09\/en-un-callejon-sin-salida-se-encuentra-el-ministro-limber-cruz\/#primaryimage"},"thumbnailUrl":"https:\/\/elglobal.do\/wp-content\/uploads\/2025\/09\/Julio.jpeg","datePublished":"2025-09-09T18:29:00+00:00","dateModified":"2025-09-22T18:09:21+00:00","breadcrumb":{"@id":"https:\/\/elglobal.do\/index.php\/2025\/09\/09\/en-un-callejon-sin-salida-se-encuentra-el-ministro-limber-cruz\/#breadcrumb"},"inLanguage":"es","potentialAction":[{"@type":"ReadAction","target":["https:\/\/elglobal.do\/index.php\/2025\/09\/09\/en-un-callejon-sin-salida-se-encuentra-el-ministro-limber-cruz\/"]}]},{"@type":"ImageObject","inLanguage":"es","@id":"https:\/\/elglobal.do\/index.php\/2025\/09\/09\/en-un-callejon-sin-salida-se-encuentra-el-ministro-limber-cruz\/#primaryimage","url":"https:\/\/elglobal.do\/wp-content\/uploads\/2025\/09\/Julio.jpeg","contentUrl":"https:\/\/elglobal.do\/wp-content\/uploads\/2025\/09\/Julio.jpeg","width":738,"height":1600},{"@type":"BreadcrumbList","@id":"https:\/\/elglobal.do\/index.php\/2025\/09\/09\/en-un-callejon-sin-salida-se-encuentra-el-ministro-limber-cruz\/#breadcrumb","itemListElement":[{"@type":"ListItem","position":1,"name":"Portada","item":"https:\/\/elglobal.do\/"},{"@type":"ListItem","position":2,"name":"En un callej\u00f3n sin salida se encuentra el ministro Limber Cruz"}]},{"@type":"WebSite","@id":"https:\/\/elglobal.do\/#website","url":"https:\/\/elglobal.do\/","name":"EL GLOBAL INFORMATIVO","description":"Peri\u00f3dico digital de la Rep\u00fablica Dominicana que ofrece noticias, novedades, pol\u00edtica y las \u00faltimas actualidades, con informaci\u00f3n veraz y oportuna para mantenerte siempre informad","publisher":{"@id":"https:\/\/elglobal.do\/#organization"},"potentialAction":[{"@type":"SearchAction","target":{"@type":"EntryPoint","urlTemplate":"https:\/\/elglobal.do\/?s={search_term_string}"},"query-input":{"@type":"PropertyValueSpecification","valueRequired":true,"valueName":"search_term_string"}}],"inLanguage":"es"},{"@type":"Organization","@id":"https:\/\/elglobal.do\/#organization","name":"EL GLOBAL.DO INFORMATIVO","url":"https:\/\/elglobal.do\/","logo":{"@type":"ImageObject","inLanguage":"es","@id":"https:\/\/elglobal.do\/#\/schema\/logo\/image\/","url":"https:\/\/elglobal.do\/wp-content\/uploads\/2025\/08\/icon.png","contentUrl":"https:\/\/elglobal.do\/wp-content\/uploads\/2025\/08\/icon.png","width":512,"height":512,"caption":"EL GLOBAL.DO INFORMATIVO"},"image":{"@id":"https:\/\/elglobal.do\/#\/schema\/logo\/image\/"}},{"@type":"Person","@id":"https:\/\/elglobal.do\/#\/schema\/person\/0c97ec2c7714fb605d230c292f64d55f","name":"EL GLOBAL","image":{"@type":"ImageObject","inLanguage":"es","@id":"https:\/\/elglobal.do\/#\/schema\/person\/image\/","url":"https:\/\/secure.gravatar.com\/avatar\/081cfb6cf99faddc6f4e23a0c11ab98c5cf302925382d1c88dc3ed757ab910a3?s=96&d=mm&r=g","contentUrl":"https:\/\/secure.gravatar.com\/avatar\/081cfb6cf99faddc6f4e23a0c11ab98c5cf302925382d1c88dc3ed757ab910a3?s=96&d=mm&r=g","caption":"EL GLOBAL"},"description":"El Global Informativo es un peri\u00f3dico digital de Rep\u00fablica Dominicana que se dedica a cubrir temas importantes, como la pol\u00edtica local, geopol\u00edtica, econom\u00eda, tecnolog\u00eda, noticias internacionales y eventos relacionados con la gesti\u00f3n social, cultural y humana. Su objetivo principal es mantener a la poblaci\u00f3n informada, ofreciendo una visi\u00f3n amplia y actualizada de lo que sucede tanto en el pa\u00eds como en el mundo. Est\u00e1 dirigido por un grupo de periodistas experimentados, lo que garantiza la calidad y la precisi\u00f3n de la informaci\u00f3n que ofrecen. Tiene su sede en la ciudad de Santo Domingo y es parte integral del portafolio de la empresa, MC Global S.R.L.","sameAs":["https:\/\/elglobal.do","https:\/\/www.instagram.com\/elglobal.do_informativo\/"],"url":"https:\/\/elglobal.do\/index.php\/author\/elglobaluserpro\/"}]}},"jetpack_featured_media_url":"https:\/\/elglobal.do\/wp-content\/uploads\/2025\/09\/Julio.jpeg","jetpack_sharing_enabled":true,"_links":{"self":[{"href":"https:\/\/elglobal.do\/index.php\/wp-json\/wp\/v2\/posts\/2141","targetHints":{"allow":["GET"]}}],"collection":[{"href":"https:\/\/elglobal.do\/index.php\/wp-json\/wp\/v2\/posts"}],"about":[{"href":"https:\/\/elglobal.do\/index.php\/wp-json\/wp\/v2\/types\/post"}],"author":[{"embeddable":true,"href":"https:\/\/elglobal.do\/index.php\/wp-json\/wp\/v2\/users\/1"}],"replies":[{"embeddable":true,"href":"https:\/\/elglobal.do\/index.php\/wp-json\/wp\/v2\/comments?post=2141"}],"version-history":[{"count":2,"href":"https:\/\/elglobal.do\/index.php\/wp-json\/wp\/v2\/posts\/2141\/revisions"}],"predecessor-version":[{"id":2470,"href":"https:\/\/elglobal.do\/index.php\/wp-json\/wp\/v2\/posts\/2141\/revisions\/2470"}],"wp:featuredmedia":[{"embeddable":true,"href":"https:\/\/elglobal.do\/index.php\/wp-json\/wp\/v2\/media\/2142"}],"wp:attachment":[{"href":"https:\/\/elglobal.do\/index.php\/wp-json\/wp\/v2\/media?parent=2141"}],"wp:term":[{"taxonomy":"category","embeddable":true,"href":"https:\/\/elglobal.do\/index.php\/wp-json\/wp\/v2\/categories?post=2141"},{"taxonomy":"post_tag","embeddable":true,"href":"https:\/\/elglobal.do\/index.php\/wp-json\/wp\/v2\/tags?post=2141"}],"curies":[{"name":"wp","href":"https:\/\/api.w.org\/{rel}","templated":true}]}}