{"id":2152,"date":"2025-09-09T15:05:35","date_gmt":"2025-09-09T19:05:35","guid":{"rendered":"https:\/\/elglobal.do\/?p=2152"},"modified":"2025-09-09T15:05:38","modified_gmt":"2025-09-09T19:05:38","slug":"abinader-responde-a-diosdado-cabello-yo-no-hable-de-el-sino-del-cartel-de-los-soles","status":"publish","type":"post","link":"https:\/\/elglobal.do\/index.php\/2025\/09\/09\/abinader-responde-a-diosdado-cabello-yo-no-hable-de-el-sino-del-cartel-de-los-soles\/","title":{"rendered":"Abinader responde a Diosdado Cabello: \u201cYo no habl\u00e9 de \u00e9l, sino del C\u00e1rtel de los Soles\u201d"},"content":{"rendered":"\n<p><em>El presidente Luis Abinader aclar\u00f3 que nunca mencion\u00f3 a Venezuela y que sus declaraciones estuvieron dirigidas \u00fanicamente a los narcotraficantes y al grupo se\u00f1alado como terrorista<\/em>.<\/p>\n\n\n\n<figure class=\"wp-block-image size-large is-resized\"><img loading=\"lazy\" decoding=\"async\" width=\"819\" height=\"1024\" src=\"https:\/\/elglobal.do\/wp-content\/uploads\/2025\/09\/NOTICIAS-2024-3-819x1024.jpg\" alt=\"\" class=\"wp-image-2153\" style=\"width:560px;height:auto\" srcset=\"https:\/\/elglobal.do\/wp-content\/uploads\/2025\/09\/NOTICIAS-2024-3-819x1024.jpg 819w, https:\/\/elglobal.do\/wp-content\/uploads\/2025\/09\/NOTICIAS-2024-3-240x300.jpg 240w, https:\/\/elglobal.do\/wp-content\/uploads\/2025\/09\/NOTICIAS-2024-3-768x960.jpg 768w, https:\/\/elglobal.do\/wp-content\/uploads\/2025\/09\/NOTICIAS-2024-3.jpg 1080w\" sizes=\"auto, (max-width: 819px) 100vw, 819px\" \/><\/figure>\n\n\n\n<p><strong>Santo Domingo.-<\/strong>\u00a0El presidente\u00a0<strong>Luis Abinader<\/strong>\u00a0respondi\u00f3 este lunes a las declaraciones del dirigente chavista\u00a0<strong>Diosdado Cabello<\/strong>, al precisar que nunca se refiri\u00f3 a \u00e9l directamente, sino al\u00a0<strong>C\u00e1rtel de los Soles.<\/strong><\/p>\n\n\n\n<p><strong>\u201cYo no hice ning\u00fan pronunciamiento contra \u00e9l. Yo habl\u00e9 fue de los narcotraficantes y del C\u00e1rtel de los Soles. No s\u00e9 por qu\u00e9 esa respuesta, porque yo ni mencion\u00e9 a Venezuela. El Gobierno fue que realmente lo declar\u00f3 como un grupo terrorista. No s\u00e9 por qu\u00e9 se da por aludido\u201d<\/strong>, expres\u00f3 el mandatario.<\/p>\n\n\n\n<p>Abinader tambi\u00e9n manifest\u00f3 sorpresa por el tono de las palabras de Cabello, quien lo calific\u00f3 de manera despectiva, al igual que al primer ministro de Trinidad y Tobago, mientras mostraba respeto hacia dirigentes de Estados Unidos.<\/p>\n\n\n\n<p><strong>\u201cMe extra\u00f1a tambi\u00e9n que \u00e9l se refiere con todas esas palabras al primer ministro de Trinidad y Tobago y a m\u00ed, pero trata con mucho respeto al secretario Rubio y llama a reunirse con Trump. Le vi ah\u00ed su gran valent\u00eda. Qu\u00e9 valent\u00eda\u201d<\/strong>, sostuvo.<\/p>\n\n\n\n<p><strong>El C\u00e1rtel de los Soles: \u00bfQu\u00e9 es y qui\u00e9nes lo integran?<\/strong><\/p>\n\n\n\n<p>El C\u00e1rtel de los Soles es el nombre con el que se conoce a una presunta organizaci\u00f3n criminal y narcotraficante integrada por miembros de alto rango de la Fuerza Armada Nacional Bolivariana (FANB) de Venezuela. El t\u00e9rmino surgi\u00f3 en la d\u00e9cada de 1990, inspirado en las insignias en forma de sol que los generales venezolanos llevan en sus uniformes.<\/p>\n\n\n\n<p>A pesar de que el gobierno venezolano niega su existencia, diversas agencias internacionales de investigaci\u00f3n, como la Administraci\u00f3n de&nbsp;<strong>Control de Drogas (DEA)<\/strong>&nbsp;y el Departamento de Justicia de&nbsp;<strong>EE.\u202fUU.,<\/strong>&nbsp;han realizado investigaciones que resultaron en acusaciones formales. En 2020, el Tribunal de Distrito del Distrito Sur de Nueva York present\u00f3 cargos contra altos funcionarios venezolanos, incluyendo al presidente Nicol\u00e1s Maduro, Diosdado Cabello y otros, por conspiraci\u00f3n para el narcoterrorismo.<\/p>\n\n\n\n<p>Seg\u00fan estas investigaciones, el C\u00e1rtel de los Soles funciona como una federaci\u00f3n de c\u00e9lulas dentro de las ramas militares y gubernamentales de Venezuela. Su principal actividad ser\u00eda facilitar el tr\u00e1nsito de coca\u00edna desde Colombia a trav\u00e9s de territorio venezolano, ofreciendo protecci\u00f3n y log\u00edstica a cambio de sobornos. Adem\u00e1s, se les acusa de delitos como tr\u00e1fico de drogas y armas, contrabando, lavado de dinero y corrupci\u00f3n.<\/p>\n\n\n\n<p><\/p>\n","protected":false},"excerpt":{"rendered":"<p>El presidente Luis Abinader aclar\u00f3 que nunca mencion\u00f3 a Venezuela y que sus declaraciones estuvieron dirigidas \u00fanicamente a los narcotraficantes y al grupo se\u00f1alado como terrorista. Santo Domingo.-\u00a0El presidente\u00a0Luis Abinader\u00a0respondi\u00f3&hellip; <\/p>\n","protected":false},"author":1,"featured_media":2153,"comment_status":"open","ping_status":"open","sticky":false,"template":"","format":"standard","meta":{"_jetpack_memberships_contains_paid_content":false,"footnotes":""},"categories":[40,14],"tags":[597,1032,1098,1097,1099],"class_list":["post-2152","post","type-post","status-publish","format-standard","has-post-thumbnail","hentry","category-nacionales","category-slider","tag-abinader","tag-carteldelossoles","tag-declaraciones","tag-diosdadocabello","tag-venezuela"],"yoast_head":"<!-- This site is optimized with the Yoast SEO plugin v26.9 - https:\/\/yoast.com\/product\/yoast-seo-wordpress\/ -->\n<title>Abinader responde a Diosdado Cabello: \u201cYo no habl\u00e9 de \u00e9l, sino del C\u00e1rtel de los Soles\u201d - EL GLOBAL INFORMATIVO<\/title>\n<meta name=\"robots\" content=\"index, follow, max-snippet:-1, max-image-preview:large, max-video-preview:-1\" \/>\n<link rel=\"canonical\" href=\"https:\/\/elglobal.do\/index.php\/2025\/09\/09\/abinader-responde-a-diosdado-cabello-yo-no-hable-de-el-sino-del-cartel-de-los-soles\/\" \/>\n<meta property=\"og:locale\" content=\"es_ES\" \/>\n<meta property=\"og:type\" content=\"article\" \/>\n<meta property=\"og:title\" content=\"Abinader responde a Diosdado Cabello: \u201cYo no habl\u00e9 de \u00e9l, sino del C\u00e1rtel de los Soles\u201d - EL GLOBAL INFORMATIVO\" \/>\n<meta property=\"og:description\" content=\"El presidente Luis Abinader aclar\u00f3 que nunca mencion\u00f3 a Venezuela y que sus declaraciones estuvieron dirigidas \u00fanicamente a los narcotraficantes y al grupo se\u00f1alado como terrorista. Santo Domingo.-\u00a0El presidente\u00a0Luis Abinader\u00a0respondi\u00f3&hellip;\" \/>\n<meta property=\"og:url\" content=\"https:\/\/elglobal.do\/index.php\/2025\/09\/09\/abinader-responde-a-diosdado-cabello-yo-no-hable-de-el-sino-del-cartel-de-los-soles\/\" \/>\n<meta property=\"og:site_name\" content=\"EL GLOBAL INFORMATIVO\" \/>\n<meta property=\"article:published_time\" content=\"2025-09-09T19:05:35+00:00\" \/>\n<meta property=\"article:modified_time\" content=\"2025-09-09T19:05:38+00:00\" \/>\n<meta property=\"og:image\" content=\"https:\/\/elglobal.do\/wp-content\/uploads\/2025\/09\/NOTICIAS-2024-3.jpg\" \/>\n\t<meta property=\"og:image:width\" content=\"1080\" \/>\n\t<meta property=\"og:image:height\" content=\"1350\" \/>\n\t<meta property=\"og:image:type\" content=\"image\/jpeg\" \/>\n<meta name=\"author\" content=\"EL GLOBAL\" \/>\n<meta name=\"twitter:card\" content=\"summary_large_image\" \/>\n<meta name=\"twitter:label1\" content=\"Escrito por\" \/>\n\t<meta name=\"twitter:data1\" content=\"EL GLOBAL\" \/>\n\t<meta name=\"twitter:label2\" content=\"Tiempo de lectura\" \/>\n\t<meta name=\"twitter:data2\" content=\"3 minutos\" \/>\n<script type=\"application\/ld+json\" class=\"yoast-schema-graph\">{\"@context\":\"https:\/\/schema.org\",\"@graph\":[{\"@type\":\"Article\",\"@id\":\"https:\/\/elglobal.do\/index.php\/2025\/09\/09\/abinader-responde-a-diosdado-cabello-yo-no-hable-de-el-sino-del-cartel-de-los-soles\/#article\",\"isPartOf\":{\"@id\":\"https:\/\/elglobal.do\/index.php\/2025\/09\/09\/abinader-responde-a-diosdado-cabello-yo-no-hable-de-el-sino-del-cartel-de-los-soles\/\"},\"author\":{\"name\":\"EL GLOBAL\",\"@id\":\"https:\/\/elglobal.do\/#\/schema\/person\/0c97ec2c7714fb605d230c292f64d55f\"},\"headline\":\"Abinader responde a Diosdado Cabello: \u201cYo no habl\u00e9 de \u00e9l, sino del C\u00e1rtel de los Soles\u201d\",\"datePublished\":\"2025-09-09T19:05:35+00:00\",\"dateModified\":\"2025-09-09T19:05:38+00:00\",\"mainEntityOfPage\":{\"@id\":\"https:\/\/elglobal.do\/index.php\/2025\/09\/09\/abinader-responde-a-diosdado-cabello-yo-no-hable-de-el-sino-del-cartel-de-los-soles\/\"},\"wordCount\":449,\"commentCount\":0,\"publisher\":{\"@id\":\"https:\/\/elglobal.do\/#organization\"},\"image\":{\"@id\":\"https:\/\/elglobal.do\/index.php\/2025\/09\/09\/abinader-responde-a-diosdado-cabello-yo-no-hable-de-el-sino-del-cartel-de-los-soles\/#primaryimage\"},\"thumbnailUrl\":\"https:\/\/elglobal.do\/wp-content\/uploads\/2025\/09\/NOTICIAS-2024-3.jpg\",\"keywords\":[\"#Abinader\",\"#C\u00e1rteldelosSoles\",\"#Declaraciones\",\"#DiosdadoCabello\",\"#Venezuela\"],\"articleSection\":[\"NACIONALES\",\"NOTICIAS RELEVANTES\"],\"inLanguage\":\"es\",\"potentialAction\":[{\"@type\":\"CommentAction\",\"name\":\"Comment\",\"target\":[\"https:\/\/elglobal.do\/index.php\/2025\/09\/09\/abinader-responde-a-diosdado-cabello-yo-no-hable-de-el-sino-del-cartel-de-los-soles\/#respond\"]}]},{\"@type\":\"WebPage\",\"@id\":\"https:\/\/elglobal.do\/index.php\/2025\/09\/09\/abinader-responde-a-diosdado-cabello-yo-no-hable-de-el-sino-del-cartel-de-los-soles\/\",\"url\":\"https:\/\/elglobal.do\/index.php\/2025\/09\/09\/abinader-responde-a-diosdado-cabello-yo-no-hable-de-el-sino-del-cartel-de-los-soles\/\",\"name\":\"Abinader responde a Diosdado Cabello: \u201cYo no habl\u00e9 de \u00e9l, sino del C\u00e1rtel de los Soles\u201d - EL GLOBAL INFORMATIVO\",\"isPartOf\":{\"@id\":\"https:\/\/elglobal.do\/#website\"},\"primaryImageOfPage\":{\"@id\":\"https:\/\/elglobal.do\/index.php\/2025\/09\/09\/abinader-responde-a-diosdado-cabello-yo-no-hable-de-el-sino-del-cartel-de-los-soles\/#primaryimage\"},\"image\":{\"@id\":\"https:\/\/elglobal.do\/index.php\/2025\/09\/09\/abinader-responde-a-diosdado-cabello-yo-no-hable-de-el-sino-del-cartel-de-los-soles\/#primaryimage\"},\"thumbnailUrl\":\"https:\/\/elglobal.do\/wp-content\/uploads\/2025\/09\/NOTICIAS-2024-3.jpg\",\"datePublished\":\"2025-09-09T19:05:35+00:00\",\"dateModified\":\"2025-09-09T19:05:38+00:00\",\"breadcrumb\":{\"@id\":\"https:\/\/elglobal.do\/index.php\/2025\/09\/09\/abinader-responde-a-diosdado-cabello-yo-no-hable-de-el-sino-del-cartel-de-los-soles\/#breadcrumb\"},\"inLanguage\":\"es\",\"potentialAction\":[{\"@type\":\"ReadAction\",\"target\":[\"https:\/\/elglobal.do\/index.php\/2025\/09\/09\/abinader-responde-a-diosdado-cabello-yo-no-hable-de-el-sino-del-cartel-de-los-soles\/\"]}]},{\"@type\":\"ImageObject\",\"inLanguage\":\"es\",\"@id\":\"https:\/\/elglobal.do\/index.php\/2025\/09\/09\/abinader-responde-a-diosdado-cabello-yo-no-hable-de-el-sino-del-cartel-de-los-soles\/#primaryimage\",\"url\":\"https:\/\/elglobal.do\/wp-content\/uploads\/2025\/09\/NOTICIAS-2024-3.jpg\",\"contentUrl\":\"https:\/\/elglobal.do\/wp-content\/uploads\/2025\/09\/NOTICIAS-2024-3.jpg\",\"width\":1080,\"height\":1350},{\"@type\":\"BreadcrumbList\",\"@id\":\"https:\/\/elglobal.do\/index.php\/2025\/09\/09\/abinader-responde-a-diosdado-cabello-yo-no-hable-de-el-sino-del-cartel-de-los-soles\/#breadcrumb\",\"itemListElement\":[{\"@type\":\"ListItem\",\"position\":1,\"name\":\"Portada\",\"item\":\"https:\/\/elglobal.do\/\"},{\"@type\":\"ListItem\",\"position\":2,\"name\":\"Abinader responde a Diosdado Cabello: \u201cYo no habl\u00e9 de \u00e9l, sino del C\u00e1rtel de los Soles\u201d\"}]},{\"@type\":\"WebSite\",\"@id\":\"https:\/\/elglobal.do\/#website\",\"url\":\"https:\/\/elglobal.do\/\",\"name\":\"EL GLOBAL INFORMATIVO\",\"description\":\"Peri\u00f3dico digital de la Rep\u00fablica Dominicana que ofrece noticias, novedades, pol\u00edtica y las \u00faltimas actualidades, con informaci\u00f3n veraz y oportuna para mantenerte siempre informad\",\"publisher\":{\"@id\":\"https:\/\/elglobal.do\/#organization\"},\"potentialAction\":[{\"@type\":\"SearchAction\",\"target\":{\"@type\":\"EntryPoint\",\"urlTemplate\":\"https:\/\/elglobal.do\/?s={search_term_string}\"},\"query-input\":{\"@type\":\"PropertyValueSpecification\",\"valueRequired\":true,\"valueName\":\"search_term_string\"}}],\"inLanguage\":\"es\"},{\"@type\":\"Organization\",\"@id\":\"https:\/\/elglobal.do\/#organization\",\"name\":\"EL GLOBAL.DO INFORMATIVO\",\"url\":\"https:\/\/elglobal.do\/\",\"logo\":{\"@type\":\"ImageObject\",\"inLanguage\":\"es\",\"@id\":\"https:\/\/elglobal.do\/#\/schema\/logo\/image\/\",\"url\":\"https:\/\/elglobal.do\/wp-content\/uploads\/2025\/08\/icon.png\",\"contentUrl\":\"https:\/\/elglobal.do\/wp-content\/uploads\/2025\/08\/icon.png\",\"width\":512,\"height\":512,\"caption\":\"EL GLOBAL.DO INFORMATIVO\"},\"image\":{\"@id\":\"https:\/\/elglobal.do\/#\/schema\/logo\/image\/\"}},{\"@type\":\"Person\",\"@id\":\"https:\/\/elglobal.do\/#\/schema\/person\/0c97ec2c7714fb605d230c292f64d55f\",\"name\":\"EL GLOBAL\",\"image\":{\"@type\":\"ImageObject\",\"inLanguage\":\"es\",\"@id\":\"https:\/\/elglobal.do\/#\/schema\/person\/image\/\",\"url\":\"https:\/\/secure.gravatar.com\/avatar\/081cfb6cf99faddc6f4e23a0c11ab98c5cf302925382d1c88dc3ed757ab910a3?s=96&d=mm&r=g\",\"contentUrl\":\"https:\/\/secure.gravatar.com\/avatar\/081cfb6cf99faddc6f4e23a0c11ab98c5cf302925382d1c88dc3ed757ab910a3?s=96&d=mm&r=g\",\"caption\":\"EL GLOBAL\"},\"description\":\"El Global Informativo es un peri\u00f3dico digital de Rep\u00fablica Dominicana que se dedica a cubrir temas importantes, como la pol\u00edtica local, geopol\u00edtica, econom\u00eda, tecnolog\u00eda, noticias internacionales y eventos relacionados con la gesti\u00f3n social, cultural y humana. Su objetivo principal es mantener a la poblaci\u00f3n informada, ofreciendo una visi\u00f3n amplia y actualizada de lo que sucede tanto en el pa\u00eds como en el mundo. Est\u00e1 dirigido por un grupo de periodistas experimentados, lo que garantiza la calidad y la precisi\u00f3n de la informaci\u00f3n que ofrecen. Tiene su sede en la ciudad de Santo Domingo y es parte integral del portafolio de la empresa, MC Global S.R.L.\",\"sameAs\":[\"https:\/\/elglobal.do\",\"https:\/\/www.instagram.com\/elglobal.do_informativo\/\"],\"url\":\"https:\/\/elglobal.do\/index.php\/author\/elglobaluserpro\/\"}]}<\/script>\n<!-- \/ Yoast SEO plugin. -->","yoast_head_json":{"title":"Abinader responde a Diosdado Cabello: \u201cYo no habl\u00e9 de \u00e9l, sino del C\u00e1rtel de los Soles\u201d - EL GLOBAL INFORMATIVO","robots":{"index":"index","follow":"follow","max-snippet":"max-snippet:-1","max-image-preview":"max-image-preview:large","max-video-preview":"max-video-preview:-1"},"canonical":"https:\/\/elglobal.do\/index.php\/2025\/09\/09\/abinader-responde-a-diosdado-cabello-yo-no-hable-de-el-sino-del-cartel-de-los-soles\/","og_locale":"es_ES","og_type":"article","og_title":"Abinader responde a Diosdado Cabello: \u201cYo no habl\u00e9 de \u00e9l, sino del C\u00e1rtel de los Soles\u201d - EL GLOBAL INFORMATIVO","og_description":"El presidente Luis Abinader aclar\u00f3 que nunca mencion\u00f3 a Venezuela y que sus declaraciones estuvieron dirigidas \u00fanicamente a los narcotraficantes y al grupo se\u00f1alado como terrorista. Santo Domingo.-\u00a0El presidente\u00a0Luis Abinader\u00a0respondi\u00f3&hellip;","og_url":"https:\/\/elglobal.do\/index.php\/2025\/09\/09\/abinader-responde-a-diosdado-cabello-yo-no-hable-de-el-sino-del-cartel-de-los-soles\/","og_site_name":"EL GLOBAL INFORMATIVO","article_published_time":"2025-09-09T19:05:35+00:00","article_modified_time":"2025-09-09T19:05:38+00:00","og_image":[{"width":1080,"height":1350,"url":"https:\/\/elglobal.do\/wp-content\/uploads\/2025\/09\/NOTICIAS-2024-3.jpg","type":"image\/jpeg"}],"author":"EL GLOBAL","twitter_card":"summary_large_image","twitter_misc":{"Escrito por":"EL GLOBAL","Tiempo de lectura":"3 minutos"},"schema":{"@context":"https:\/\/schema.org","@graph":[{"@type":"Article","@id":"https:\/\/elglobal.do\/index.php\/2025\/09\/09\/abinader-responde-a-diosdado-cabello-yo-no-hable-de-el-sino-del-cartel-de-los-soles\/#article","isPartOf":{"@id":"https:\/\/elglobal.do\/index.php\/2025\/09\/09\/abinader-responde-a-diosdado-cabello-yo-no-hable-de-el-sino-del-cartel-de-los-soles\/"},"author":{"name":"EL GLOBAL","@id":"https:\/\/elglobal.do\/#\/schema\/person\/0c97ec2c7714fb605d230c292f64d55f"},"headline":"Abinader responde a Diosdado Cabello: \u201cYo no habl\u00e9 de \u00e9l, sino del C\u00e1rtel de los Soles\u201d","datePublished":"2025-09-09T19:05:35+00:00","dateModified":"2025-09-09T19:05:38+00:00","mainEntityOfPage":{"@id":"https:\/\/elglobal.do\/index.php\/2025\/09\/09\/abinader-responde-a-diosdado-cabello-yo-no-hable-de-el-sino-del-cartel-de-los-soles\/"},"wordCount":449,"commentCount":0,"publisher":{"@id":"https:\/\/elglobal.do\/#organization"},"image":{"@id":"https:\/\/elglobal.do\/index.php\/2025\/09\/09\/abinader-responde-a-diosdado-cabello-yo-no-hable-de-el-sino-del-cartel-de-los-soles\/#primaryimage"},"thumbnailUrl":"https:\/\/elglobal.do\/wp-content\/uploads\/2025\/09\/NOTICIAS-2024-3.jpg","keywords":["#Abinader","#C\u00e1rteldelosSoles","#Declaraciones","#DiosdadoCabello","#Venezuela"],"articleSection":["NACIONALES","NOTICIAS RELEVANTES"],"inLanguage":"es","potentialAction":[{"@type":"CommentAction","name":"Comment","target":["https:\/\/elglobal.do\/index.php\/2025\/09\/09\/abinader-responde-a-diosdado-cabello-yo-no-hable-de-el-sino-del-cartel-de-los-soles\/#respond"]}]},{"@type":"WebPage","@id":"https:\/\/elglobal.do\/index.php\/2025\/09\/09\/abinader-responde-a-diosdado-cabello-yo-no-hable-de-el-sino-del-cartel-de-los-soles\/","url":"https:\/\/elglobal.do\/index.php\/2025\/09\/09\/abinader-responde-a-diosdado-cabello-yo-no-hable-de-el-sino-del-cartel-de-los-soles\/","name":"Abinader responde a Diosdado Cabello: \u201cYo no habl\u00e9 de \u00e9l, sino del C\u00e1rtel de los Soles\u201d - EL GLOBAL INFORMATIVO","isPartOf":{"@id":"https:\/\/elglobal.do\/#website"},"primaryImageOfPage":{"@id":"https:\/\/elglobal.do\/index.php\/2025\/09\/09\/abinader-responde-a-diosdado-cabello-yo-no-hable-de-el-sino-del-cartel-de-los-soles\/#primaryimage"},"image":{"@id":"https:\/\/elglobal.do\/index.php\/2025\/09\/09\/abinader-responde-a-diosdado-cabello-yo-no-hable-de-el-sino-del-cartel-de-los-soles\/#primaryimage"},"thumbnailUrl":"https:\/\/elglobal.do\/wp-content\/uploads\/2025\/09\/NOTICIAS-2024-3.jpg","datePublished":"2025-09-09T19:05:35+00:00","dateModified":"2025-09-09T19:05:38+00:00","breadcrumb":{"@id":"https:\/\/elglobal.do\/index.php\/2025\/09\/09\/abinader-responde-a-diosdado-cabello-yo-no-hable-de-el-sino-del-cartel-de-los-soles\/#breadcrumb"},"inLanguage":"es","potentialAction":[{"@type":"ReadAction","target":["https:\/\/elglobal.do\/index.php\/2025\/09\/09\/abinader-responde-a-diosdado-cabello-yo-no-hable-de-el-sino-del-cartel-de-los-soles\/"]}]},{"@type":"ImageObject","inLanguage":"es","@id":"https:\/\/elglobal.do\/index.php\/2025\/09\/09\/abinader-responde-a-diosdado-cabello-yo-no-hable-de-el-sino-del-cartel-de-los-soles\/#primaryimage","url":"https:\/\/elglobal.do\/wp-content\/uploads\/2025\/09\/NOTICIAS-2024-3.jpg","contentUrl":"https:\/\/elglobal.do\/wp-content\/uploads\/2025\/09\/NOTICIAS-2024-3.jpg","width":1080,"height":1350},{"@type":"BreadcrumbList","@id":"https:\/\/elglobal.do\/index.php\/2025\/09\/09\/abinader-responde-a-diosdado-cabello-yo-no-hable-de-el-sino-del-cartel-de-los-soles\/#breadcrumb","itemListElement":[{"@type":"ListItem","position":1,"name":"Portada","item":"https:\/\/elglobal.do\/"},{"@type":"ListItem","position":2,"name":"Abinader responde a Diosdado Cabello: \u201cYo no habl\u00e9 de \u00e9l, sino del C\u00e1rtel de los Soles\u201d"}]},{"@type":"WebSite","@id":"https:\/\/elglobal.do\/#website","url":"https:\/\/elglobal.do\/","name":"EL GLOBAL INFORMATIVO","description":"Peri\u00f3dico digital de la Rep\u00fablica Dominicana que ofrece noticias, novedades, pol\u00edtica y las \u00faltimas actualidades, con informaci\u00f3n veraz y oportuna para mantenerte siempre informad","publisher":{"@id":"https:\/\/elglobal.do\/#organization"},"potentialAction":[{"@type":"SearchAction","target":{"@type":"EntryPoint","urlTemplate":"https:\/\/elglobal.do\/?s={search_term_string}"},"query-input":{"@type":"PropertyValueSpecification","valueRequired":true,"valueName":"search_term_string"}}],"inLanguage":"es"},{"@type":"Organization","@id":"https:\/\/elglobal.do\/#organization","name":"EL GLOBAL.DO INFORMATIVO","url":"https:\/\/elglobal.do\/","logo":{"@type":"ImageObject","inLanguage":"es","@id":"https:\/\/elglobal.do\/#\/schema\/logo\/image\/","url":"https:\/\/elglobal.do\/wp-content\/uploads\/2025\/08\/icon.png","contentUrl":"https:\/\/elglobal.do\/wp-content\/uploads\/2025\/08\/icon.png","width":512,"height":512,"caption":"EL GLOBAL.DO INFORMATIVO"},"image":{"@id":"https:\/\/elglobal.do\/#\/schema\/logo\/image\/"}},{"@type":"Person","@id":"https:\/\/elglobal.do\/#\/schema\/person\/0c97ec2c7714fb605d230c292f64d55f","name":"EL GLOBAL","image":{"@type":"ImageObject","inLanguage":"es","@id":"https:\/\/elglobal.do\/#\/schema\/person\/image\/","url":"https:\/\/secure.gravatar.com\/avatar\/081cfb6cf99faddc6f4e23a0c11ab98c5cf302925382d1c88dc3ed757ab910a3?s=96&d=mm&r=g","contentUrl":"https:\/\/secure.gravatar.com\/avatar\/081cfb6cf99faddc6f4e23a0c11ab98c5cf302925382d1c88dc3ed757ab910a3?s=96&d=mm&r=g","caption":"EL GLOBAL"},"description":"El Global Informativo es un peri\u00f3dico digital de Rep\u00fablica Dominicana que se dedica a cubrir temas importantes, como la pol\u00edtica local, geopol\u00edtica, econom\u00eda, tecnolog\u00eda, noticias internacionales y eventos relacionados con la gesti\u00f3n social, cultural y humana. Su objetivo principal es mantener a la poblaci\u00f3n informada, ofreciendo una visi\u00f3n amplia y actualizada de lo que sucede tanto en el pa\u00eds como en el mundo. Est\u00e1 dirigido por un grupo de periodistas experimentados, lo que garantiza la calidad y la precisi\u00f3n de la informaci\u00f3n que ofrecen. Tiene su sede en la ciudad de Santo Domingo y es parte integral del portafolio de la empresa, MC Global S.R.L.","sameAs":["https:\/\/elglobal.do","https:\/\/www.instagram.com\/elglobal.do_informativo\/"],"url":"https:\/\/elglobal.do\/index.php\/author\/elglobaluserpro\/"}]}},"jetpack_featured_media_url":"https:\/\/elglobal.do\/wp-content\/uploads\/2025\/09\/NOTICIAS-2024-3.jpg","jetpack_sharing_enabled":true,"_links":{"self":[{"href":"https:\/\/elglobal.do\/index.php\/wp-json\/wp\/v2\/posts\/2152","targetHints":{"allow":["GET"]}}],"collection":[{"href":"https:\/\/elglobal.do\/index.php\/wp-json\/wp\/v2\/posts"}],"about":[{"href":"https:\/\/elglobal.do\/index.php\/wp-json\/wp\/v2\/types\/post"}],"author":[{"embeddable":true,"href":"https:\/\/elglobal.do\/index.php\/wp-json\/wp\/v2\/users\/1"}],"replies":[{"embeddable":true,"href":"https:\/\/elglobal.do\/index.php\/wp-json\/wp\/v2\/comments?post=2152"}],"version-history":[{"count":1,"href":"https:\/\/elglobal.do\/index.php\/wp-json\/wp\/v2\/posts\/2152\/revisions"}],"predecessor-version":[{"id":2154,"href":"https:\/\/elglobal.do\/index.php\/wp-json\/wp\/v2\/posts\/2152\/revisions\/2154"}],"wp:featuredmedia":[{"embeddable":true,"href":"https:\/\/elglobal.do\/index.php\/wp-json\/wp\/v2\/media\/2153"}],"wp:attachment":[{"href":"https:\/\/elglobal.do\/index.php\/wp-json\/wp\/v2\/media?parent=2152"}],"wp:term":[{"taxonomy":"category","embeddable":true,"href":"https:\/\/elglobal.do\/index.php\/wp-json\/wp\/v2\/categories?post=2152"},{"taxonomy":"post_tag","embeddable":true,"href":"https:\/\/elglobal.do\/index.php\/wp-json\/wp\/v2\/tags?post=2152"}],"curies":[{"name":"wp","href":"https:\/\/api.w.org\/{rel}","templated":true}]}}