{"id":2157,"date":"2025-09-09T15:29:52","date_gmt":"2025-09-09T19:29:52","guid":{"rendered":"https:\/\/elglobal.do\/?p=2157"},"modified":"2025-09-09T15:29:55","modified_gmt":"2025-09-09T19:29:55","slug":"coe-mantiene-alerta-verde-en-cuatro-provincias-por-posibles-efectos-de-una-vaguada","status":"publish","type":"post","link":"https:\/\/elglobal.do\/index.php\/2025\/09\/09\/coe-mantiene-alerta-verde-en-cuatro-provincias-por-posibles-efectos-de-una-vaguada\/","title":{"rendered":"COE mantiene alerta verde en cuatro provincias por posibles efectos de una vaguada"},"content":{"rendered":"\n<figure class=\"wp-block-image size-large\"><img loading=\"lazy\" decoding=\"async\" width=\"760\" height=\"1024\" src=\"https:\/\/elglobal.do\/wp-content\/uploads\/2025\/09\/Mapa-760x1024.jpeg\" alt=\"\" class=\"wp-image-2158\" srcset=\"https:\/\/elglobal.do\/wp-content\/uploads\/2025\/09\/Mapa-760x1024.jpeg 760w, https:\/\/elglobal.do\/wp-content\/uploads\/2025\/09\/Mapa-223x300.jpeg 223w, https:\/\/elglobal.do\/wp-content\/uploads\/2025\/09\/Mapa-768x1034.jpeg 768w, https:\/\/elglobal.do\/wp-content\/uploads\/2025\/09\/Mapa.jpeg 802w\" sizes=\"auto, (max-width: 760px) 100vw, 760px\" \/><\/figure>\n\n\n\n<p><\/p>\n\n\n\n<p><strong>Santo Domingo.-<\/strong> \u00a0La Direcci\u00f3n del Centro de Operaciones de Emergencias (COE), inform\u00f3 este martes que, de acuerdo con el bolet\u00edn meteorol\u00f3gico del d\u00eda de hoy, del Instituto Nacional de Meteorolog\u00eda \u201cINDOMET, el cual establece que, predomina un cielo soleado y poco nuboso en las provincias del noroeste, suroeste y centro del pa\u00eds, aunque el viento del este\/sureste transportar\u00e1 nubes pasajeras que podr\u00edan producir chubascos en poblados de La Altagracia, La Romana, Santo Domingo, San Crist\u00f3bal, Barahona y Pedernales.<\/p>\n\n\n\n<p>En la tarde, la humedad y los efectos marginales de una vaguada ser\u00e1n suficientes para estimular nublados, aguaceros locales (moderados a puntualmente fuertes), tormentas el\u00e9ctricas y r\u00e1fagas de viento en El Seibo, Hato Mayor, Monte Plata, Duarte, San Jos\u00e9 de Ocoa, La Vega, Santiago, San Juan, Independencia, Santiago Rodr\u00edguez, Dajab\u00f3n, El\u00edas Pi\u00f1a, Valverde, Monte Cristi y Puerto Plata, hasta las primeras horas de la noche.<\/p>\n\n\n\n<p>En virtud de lo anterior y lo establecido en el art\u00edculo 2 cap\u00edtulo 1, de la Ley 147-02, sobre Gesti\u00f3n de Riesgos, este Centro de Operaciones de Emergencias, modifica y mantiene el nivel de alerta verde, por posibles crecidas de r\u00edos, arroyos y ca\u00f1adas, as\u00ed como inundaciones repentinas o urbanas, para las siguientes provincias:<\/p>\n\n\n\n<figure class=\"wp-block-table\"><table class=\"has-fixed-layout\"><tbody><tr><td colspan=\"2\"><strong>PROVINCIAS BAJO ALERTA VERDE<\/strong><\/td><\/tr><tr><td><strong>Santiago<\/strong><\/td><td><strong>San Juan<\/strong><\/td><\/tr><tr><td><strong>Puerto Plata<\/strong><\/td><td><strong>Valverde<\/strong><\/td><\/tr><tr><td colspan=\"2\"><strong>Total: 4<\/strong><\/td><\/tr><\/tbody><\/table><\/figure>\n","protected":false},"excerpt":{"rendered":"<p>Santo Domingo.- \u00a0La Direcci\u00f3n del Centro de Operaciones de Emergencias (COE), inform\u00f3 este martes que, de acuerdo con el bolet\u00edn meteorol\u00f3gico del d\u00eda de hoy, del Instituto Nacional de Meteorolog\u00eda&hellip; <\/p>\n","protected":false},"author":1,"featured_media":2158,"comment_status":"open","ping_status":"open","sticky":false,"template":"","format":"standard","meta":{"_jetpack_memberships_contains_paid_content":false,"footnotes":""},"categories":[40,14],"tags":[1100,216,98,834],"class_list":["post-2157","post","type-post","status-publish","format-standard","has-post-thumbnail","hentry","category-nacionales","category-slider","tag-alertaverde","tag-coe","tag-elglobalinformativo","tag-vaguada"],"yoast_head":"<!-- This site is optimized with the Yoast SEO plugin v26.9 - https:\/\/yoast.com\/product\/yoast-seo-wordpress\/ -->\n<title>COE mantiene alerta verde en cuatro provincias por posibles efectos de una vaguada - EL GLOBAL INFORMATIVO<\/title>\n<meta name=\"robots\" content=\"index, follow, max-snippet:-1, max-image-preview:large, max-video-preview:-1\" \/>\n<link rel=\"canonical\" href=\"https:\/\/elglobal.do\/index.php\/2025\/09\/09\/coe-mantiene-alerta-verde-en-cuatro-provincias-por-posibles-efectos-de-una-vaguada\/\" \/>\n<meta property=\"og:locale\" content=\"es_ES\" \/>\n<meta property=\"og:type\" content=\"article\" \/>\n<meta property=\"og:title\" content=\"COE mantiene alerta verde en cuatro provincias por posibles efectos de una vaguada - EL GLOBAL INFORMATIVO\" \/>\n<meta property=\"og:description\" content=\"Santo Domingo.- \u00a0La Direcci\u00f3n del Centro de Operaciones de Emergencias (COE), inform\u00f3 este martes que, de acuerdo con el bolet\u00edn meteorol\u00f3gico del d\u00eda de hoy, del Instituto Nacional de Meteorolog\u00eda&hellip;\" \/>\n<meta property=\"og:url\" content=\"https:\/\/elglobal.do\/index.php\/2025\/09\/09\/coe-mantiene-alerta-verde-en-cuatro-provincias-por-posibles-efectos-de-una-vaguada\/\" \/>\n<meta property=\"og:site_name\" content=\"EL GLOBAL INFORMATIVO\" \/>\n<meta property=\"article:published_time\" content=\"2025-09-09T19:29:52+00:00\" \/>\n<meta property=\"article:modified_time\" content=\"2025-09-09T19:29:55+00:00\" \/>\n<meta property=\"og:image\" content=\"https:\/\/elglobal.do\/wp-content\/uploads\/2025\/09\/Mapa.jpeg\" \/>\n\t<meta property=\"og:image:width\" content=\"802\" \/>\n\t<meta property=\"og:image:height\" content=\"1080\" \/>\n\t<meta property=\"og:image:type\" content=\"image\/jpeg\" \/>\n<meta name=\"author\" content=\"EL GLOBAL\" \/>\n<meta name=\"twitter:card\" content=\"summary_large_image\" \/>\n<meta name=\"twitter:label1\" content=\"Escrito por\" \/>\n\t<meta name=\"twitter:data1\" content=\"EL GLOBAL\" \/>\n\t<meta name=\"twitter:label2\" content=\"Tiempo de lectura\" \/>\n\t<meta name=\"twitter:data2\" content=\"2 minutos\" \/>\n<script type=\"application\/ld+json\" class=\"yoast-schema-graph\">{\"@context\":\"https:\/\/schema.org\",\"@graph\":[{\"@type\":\"Article\",\"@id\":\"https:\/\/elglobal.do\/index.php\/2025\/09\/09\/coe-mantiene-alerta-verde-en-cuatro-provincias-por-posibles-efectos-de-una-vaguada\/#article\",\"isPartOf\":{\"@id\":\"https:\/\/elglobal.do\/index.php\/2025\/09\/09\/coe-mantiene-alerta-verde-en-cuatro-provincias-por-posibles-efectos-de-una-vaguada\/\"},\"author\":{\"name\":\"EL GLOBAL\",\"@id\":\"https:\/\/elglobal.do\/#\/schema\/person\/0c97ec2c7714fb605d230c292f64d55f\"},\"headline\":\"COE mantiene alerta verde en cuatro provincias por posibles efectos de una vaguada\",\"datePublished\":\"2025-09-09T19:29:52+00:00\",\"dateModified\":\"2025-09-09T19:29:55+00:00\",\"mainEntityOfPage\":{\"@id\":\"https:\/\/elglobal.do\/index.php\/2025\/09\/09\/coe-mantiene-alerta-verde-en-cuatro-provincias-por-posibles-efectos-de-una-vaguada\/\"},\"wordCount\":241,\"commentCount\":0,\"publisher\":{\"@id\":\"https:\/\/elglobal.do\/#organization\"},\"image\":{\"@id\":\"https:\/\/elglobal.do\/index.php\/2025\/09\/09\/coe-mantiene-alerta-verde-en-cuatro-provincias-por-posibles-efectos-de-una-vaguada\/#primaryimage\"},\"thumbnailUrl\":\"https:\/\/elglobal.do\/wp-content\/uploads\/2025\/09\/Mapa.jpeg\",\"keywords\":[\"#alertaverde\",\"#coe\",\"#ElGlobalInformativo\",\"#Vaguada\"],\"articleSection\":[\"NACIONALES\",\"NOTICIAS RELEVANTES\"],\"inLanguage\":\"es\",\"potentialAction\":[{\"@type\":\"CommentAction\",\"name\":\"Comment\",\"target\":[\"https:\/\/elglobal.do\/index.php\/2025\/09\/09\/coe-mantiene-alerta-verde-en-cuatro-provincias-por-posibles-efectos-de-una-vaguada\/#respond\"]}]},{\"@type\":\"WebPage\",\"@id\":\"https:\/\/elglobal.do\/index.php\/2025\/09\/09\/coe-mantiene-alerta-verde-en-cuatro-provincias-por-posibles-efectos-de-una-vaguada\/\",\"url\":\"https:\/\/elglobal.do\/index.php\/2025\/09\/09\/coe-mantiene-alerta-verde-en-cuatro-provincias-por-posibles-efectos-de-una-vaguada\/\",\"name\":\"COE mantiene alerta verde en cuatro provincias por posibles efectos de una vaguada - EL GLOBAL INFORMATIVO\",\"isPartOf\":{\"@id\":\"https:\/\/elglobal.do\/#website\"},\"primaryImageOfPage\":{\"@id\":\"https:\/\/elglobal.do\/index.php\/2025\/09\/09\/coe-mantiene-alerta-verde-en-cuatro-provincias-por-posibles-efectos-de-una-vaguada\/#primaryimage\"},\"image\":{\"@id\":\"https:\/\/elglobal.do\/index.php\/2025\/09\/09\/coe-mantiene-alerta-verde-en-cuatro-provincias-por-posibles-efectos-de-una-vaguada\/#primaryimage\"},\"thumbnailUrl\":\"https:\/\/elglobal.do\/wp-content\/uploads\/2025\/09\/Mapa.jpeg\",\"datePublished\":\"2025-09-09T19:29:52+00:00\",\"dateModified\":\"2025-09-09T19:29:55+00:00\",\"breadcrumb\":{\"@id\":\"https:\/\/elglobal.do\/index.php\/2025\/09\/09\/coe-mantiene-alerta-verde-en-cuatro-provincias-por-posibles-efectos-de-una-vaguada\/#breadcrumb\"},\"inLanguage\":\"es\",\"potentialAction\":[{\"@type\":\"ReadAction\",\"target\":[\"https:\/\/elglobal.do\/index.php\/2025\/09\/09\/coe-mantiene-alerta-verde-en-cuatro-provincias-por-posibles-efectos-de-una-vaguada\/\"]}]},{\"@type\":\"ImageObject\",\"inLanguage\":\"es\",\"@id\":\"https:\/\/elglobal.do\/index.php\/2025\/09\/09\/coe-mantiene-alerta-verde-en-cuatro-provincias-por-posibles-efectos-de-una-vaguada\/#primaryimage\",\"url\":\"https:\/\/elglobal.do\/wp-content\/uploads\/2025\/09\/Mapa.jpeg\",\"contentUrl\":\"https:\/\/elglobal.do\/wp-content\/uploads\/2025\/09\/Mapa.jpeg\",\"width\":802,\"height\":1080},{\"@type\":\"BreadcrumbList\",\"@id\":\"https:\/\/elglobal.do\/index.php\/2025\/09\/09\/coe-mantiene-alerta-verde-en-cuatro-provincias-por-posibles-efectos-de-una-vaguada\/#breadcrumb\",\"itemListElement\":[{\"@type\":\"ListItem\",\"position\":1,\"name\":\"Portada\",\"item\":\"https:\/\/elglobal.do\/\"},{\"@type\":\"ListItem\",\"position\":2,\"name\":\"COE mantiene alerta verde en cuatro provincias por posibles efectos de una vaguada\"}]},{\"@type\":\"WebSite\",\"@id\":\"https:\/\/elglobal.do\/#website\",\"url\":\"https:\/\/elglobal.do\/\",\"name\":\"EL GLOBAL INFORMATIVO\",\"description\":\"Peri\u00f3dico digital de la Rep\u00fablica Dominicana que ofrece noticias, novedades, pol\u00edtica y las \u00faltimas actualidades, con informaci\u00f3n veraz y oportuna para mantenerte siempre informad\",\"publisher\":{\"@id\":\"https:\/\/elglobal.do\/#organization\"},\"potentialAction\":[{\"@type\":\"SearchAction\",\"target\":{\"@type\":\"EntryPoint\",\"urlTemplate\":\"https:\/\/elglobal.do\/?s={search_term_string}\"},\"query-input\":{\"@type\":\"PropertyValueSpecification\",\"valueRequired\":true,\"valueName\":\"search_term_string\"}}],\"inLanguage\":\"es\"},{\"@type\":\"Organization\",\"@id\":\"https:\/\/elglobal.do\/#organization\",\"name\":\"EL GLOBAL.DO INFORMATIVO\",\"url\":\"https:\/\/elglobal.do\/\",\"logo\":{\"@type\":\"ImageObject\",\"inLanguage\":\"es\",\"@id\":\"https:\/\/elglobal.do\/#\/schema\/logo\/image\/\",\"url\":\"https:\/\/elglobal.do\/wp-content\/uploads\/2025\/08\/icon.png\",\"contentUrl\":\"https:\/\/elglobal.do\/wp-content\/uploads\/2025\/08\/icon.png\",\"width\":512,\"height\":512,\"caption\":\"EL GLOBAL.DO INFORMATIVO\"},\"image\":{\"@id\":\"https:\/\/elglobal.do\/#\/schema\/logo\/image\/\"}},{\"@type\":\"Person\",\"@id\":\"https:\/\/elglobal.do\/#\/schema\/person\/0c97ec2c7714fb605d230c292f64d55f\",\"name\":\"EL GLOBAL\",\"image\":{\"@type\":\"ImageObject\",\"inLanguage\":\"es\",\"@id\":\"https:\/\/elglobal.do\/#\/schema\/person\/image\/\",\"url\":\"https:\/\/secure.gravatar.com\/avatar\/081cfb6cf99faddc6f4e23a0c11ab98c5cf302925382d1c88dc3ed757ab910a3?s=96&d=mm&r=g\",\"contentUrl\":\"https:\/\/secure.gravatar.com\/avatar\/081cfb6cf99faddc6f4e23a0c11ab98c5cf302925382d1c88dc3ed757ab910a3?s=96&d=mm&r=g\",\"caption\":\"EL GLOBAL\"},\"description\":\"El Global Informativo es un peri\u00f3dico digital de Rep\u00fablica Dominicana que se dedica a cubrir temas importantes, como la pol\u00edtica local, geopol\u00edtica, econom\u00eda, tecnolog\u00eda, noticias internacionales y eventos relacionados con la gesti\u00f3n social, cultural y humana. Su objetivo principal es mantener a la poblaci\u00f3n informada, ofreciendo una visi\u00f3n amplia y actualizada de lo que sucede tanto en el pa\u00eds como en el mundo. Est\u00e1 dirigido por un grupo de periodistas experimentados, lo que garantiza la calidad y la precisi\u00f3n de la informaci\u00f3n que ofrecen. Tiene su sede en la ciudad de Santo Domingo y es parte integral del portafolio de la empresa, MC Global S.R.L.\",\"sameAs\":[\"https:\/\/elglobal.do\",\"https:\/\/www.instagram.com\/elglobal.do_informativo\/\"],\"url\":\"https:\/\/elglobal.do\/index.php\/author\/elglobaluserpro\/\"}]}<\/script>\n<!-- \/ Yoast SEO plugin. -->","yoast_head_json":{"title":"COE mantiene alerta verde en cuatro provincias por posibles efectos de una vaguada - EL GLOBAL INFORMATIVO","robots":{"index":"index","follow":"follow","max-snippet":"max-snippet:-1","max-image-preview":"max-image-preview:large","max-video-preview":"max-video-preview:-1"},"canonical":"https:\/\/elglobal.do\/index.php\/2025\/09\/09\/coe-mantiene-alerta-verde-en-cuatro-provincias-por-posibles-efectos-de-una-vaguada\/","og_locale":"es_ES","og_type":"article","og_title":"COE mantiene alerta verde en cuatro provincias por posibles efectos de una vaguada - EL GLOBAL INFORMATIVO","og_description":"Santo Domingo.- \u00a0La Direcci\u00f3n del Centro de Operaciones de Emergencias (COE), inform\u00f3 este martes que, de acuerdo con el bolet\u00edn meteorol\u00f3gico del d\u00eda de hoy, del Instituto Nacional de Meteorolog\u00eda&hellip;","og_url":"https:\/\/elglobal.do\/index.php\/2025\/09\/09\/coe-mantiene-alerta-verde-en-cuatro-provincias-por-posibles-efectos-de-una-vaguada\/","og_site_name":"EL GLOBAL INFORMATIVO","article_published_time":"2025-09-09T19:29:52+00:00","article_modified_time":"2025-09-09T19:29:55+00:00","og_image":[{"width":802,"height":1080,"url":"https:\/\/elglobal.do\/wp-content\/uploads\/2025\/09\/Mapa.jpeg","type":"image\/jpeg"}],"author":"EL GLOBAL","twitter_card":"summary_large_image","twitter_misc":{"Escrito por":"EL GLOBAL","Tiempo de lectura":"2 minutos"},"schema":{"@context":"https:\/\/schema.org","@graph":[{"@type":"Article","@id":"https:\/\/elglobal.do\/index.php\/2025\/09\/09\/coe-mantiene-alerta-verde-en-cuatro-provincias-por-posibles-efectos-de-una-vaguada\/#article","isPartOf":{"@id":"https:\/\/elglobal.do\/index.php\/2025\/09\/09\/coe-mantiene-alerta-verde-en-cuatro-provincias-por-posibles-efectos-de-una-vaguada\/"},"author":{"name":"EL GLOBAL","@id":"https:\/\/elglobal.do\/#\/schema\/person\/0c97ec2c7714fb605d230c292f64d55f"},"headline":"COE mantiene alerta verde en cuatro provincias por posibles efectos de una vaguada","datePublished":"2025-09-09T19:29:52+00:00","dateModified":"2025-09-09T19:29:55+00:00","mainEntityOfPage":{"@id":"https:\/\/elglobal.do\/index.php\/2025\/09\/09\/coe-mantiene-alerta-verde-en-cuatro-provincias-por-posibles-efectos-de-una-vaguada\/"},"wordCount":241,"commentCount":0,"publisher":{"@id":"https:\/\/elglobal.do\/#organization"},"image":{"@id":"https:\/\/elglobal.do\/index.php\/2025\/09\/09\/coe-mantiene-alerta-verde-en-cuatro-provincias-por-posibles-efectos-de-una-vaguada\/#primaryimage"},"thumbnailUrl":"https:\/\/elglobal.do\/wp-content\/uploads\/2025\/09\/Mapa.jpeg","keywords":["#alertaverde","#coe","#ElGlobalInformativo","#Vaguada"],"articleSection":["NACIONALES","NOTICIAS RELEVANTES"],"inLanguage":"es","potentialAction":[{"@type":"CommentAction","name":"Comment","target":["https:\/\/elglobal.do\/index.php\/2025\/09\/09\/coe-mantiene-alerta-verde-en-cuatro-provincias-por-posibles-efectos-de-una-vaguada\/#respond"]}]},{"@type":"WebPage","@id":"https:\/\/elglobal.do\/index.php\/2025\/09\/09\/coe-mantiene-alerta-verde-en-cuatro-provincias-por-posibles-efectos-de-una-vaguada\/","url":"https:\/\/elglobal.do\/index.php\/2025\/09\/09\/coe-mantiene-alerta-verde-en-cuatro-provincias-por-posibles-efectos-de-una-vaguada\/","name":"COE mantiene alerta verde en cuatro provincias por posibles efectos de una vaguada - EL GLOBAL INFORMATIVO","isPartOf":{"@id":"https:\/\/elglobal.do\/#website"},"primaryImageOfPage":{"@id":"https:\/\/elglobal.do\/index.php\/2025\/09\/09\/coe-mantiene-alerta-verde-en-cuatro-provincias-por-posibles-efectos-de-una-vaguada\/#primaryimage"},"image":{"@id":"https:\/\/elglobal.do\/index.php\/2025\/09\/09\/coe-mantiene-alerta-verde-en-cuatro-provincias-por-posibles-efectos-de-una-vaguada\/#primaryimage"},"thumbnailUrl":"https:\/\/elglobal.do\/wp-content\/uploads\/2025\/09\/Mapa.jpeg","datePublished":"2025-09-09T19:29:52+00:00","dateModified":"2025-09-09T19:29:55+00:00","breadcrumb":{"@id":"https:\/\/elglobal.do\/index.php\/2025\/09\/09\/coe-mantiene-alerta-verde-en-cuatro-provincias-por-posibles-efectos-de-una-vaguada\/#breadcrumb"},"inLanguage":"es","potentialAction":[{"@type":"ReadAction","target":["https:\/\/elglobal.do\/index.php\/2025\/09\/09\/coe-mantiene-alerta-verde-en-cuatro-provincias-por-posibles-efectos-de-una-vaguada\/"]}]},{"@type":"ImageObject","inLanguage":"es","@id":"https:\/\/elglobal.do\/index.php\/2025\/09\/09\/coe-mantiene-alerta-verde-en-cuatro-provincias-por-posibles-efectos-de-una-vaguada\/#primaryimage","url":"https:\/\/elglobal.do\/wp-content\/uploads\/2025\/09\/Mapa.jpeg","contentUrl":"https:\/\/elglobal.do\/wp-content\/uploads\/2025\/09\/Mapa.jpeg","width":802,"height":1080},{"@type":"BreadcrumbList","@id":"https:\/\/elglobal.do\/index.php\/2025\/09\/09\/coe-mantiene-alerta-verde-en-cuatro-provincias-por-posibles-efectos-de-una-vaguada\/#breadcrumb","itemListElement":[{"@type":"ListItem","position":1,"name":"Portada","item":"https:\/\/elglobal.do\/"},{"@type":"ListItem","position":2,"name":"COE mantiene alerta verde en cuatro provincias por posibles efectos de una vaguada"}]},{"@type":"WebSite","@id":"https:\/\/elglobal.do\/#website","url":"https:\/\/elglobal.do\/","name":"EL GLOBAL INFORMATIVO","description":"Peri\u00f3dico digital de la Rep\u00fablica Dominicana que ofrece noticias, novedades, pol\u00edtica y las \u00faltimas actualidades, con informaci\u00f3n veraz y oportuna para mantenerte siempre informad","publisher":{"@id":"https:\/\/elglobal.do\/#organization"},"potentialAction":[{"@type":"SearchAction","target":{"@type":"EntryPoint","urlTemplate":"https:\/\/elglobal.do\/?s={search_term_string}"},"query-input":{"@type":"PropertyValueSpecification","valueRequired":true,"valueName":"search_term_string"}}],"inLanguage":"es"},{"@type":"Organization","@id":"https:\/\/elglobal.do\/#organization","name":"EL GLOBAL.DO INFORMATIVO","url":"https:\/\/elglobal.do\/","logo":{"@type":"ImageObject","inLanguage":"es","@id":"https:\/\/elglobal.do\/#\/schema\/logo\/image\/","url":"https:\/\/elglobal.do\/wp-content\/uploads\/2025\/08\/icon.png","contentUrl":"https:\/\/elglobal.do\/wp-content\/uploads\/2025\/08\/icon.png","width":512,"height":512,"caption":"EL GLOBAL.DO INFORMATIVO"},"image":{"@id":"https:\/\/elglobal.do\/#\/schema\/logo\/image\/"}},{"@type":"Person","@id":"https:\/\/elglobal.do\/#\/schema\/person\/0c97ec2c7714fb605d230c292f64d55f","name":"EL GLOBAL","image":{"@type":"ImageObject","inLanguage":"es","@id":"https:\/\/elglobal.do\/#\/schema\/person\/image\/","url":"https:\/\/secure.gravatar.com\/avatar\/081cfb6cf99faddc6f4e23a0c11ab98c5cf302925382d1c88dc3ed757ab910a3?s=96&d=mm&r=g","contentUrl":"https:\/\/secure.gravatar.com\/avatar\/081cfb6cf99faddc6f4e23a0c11ab98c5cf302925382d1c88dc3ed757ab910a3?s=96&d=mm&r=g","caption":"EL GLOBAL"},"description":"El Global Informativo es un peri\u00f3dico digital de Rep\u00fablica Dominicana que se dedica a cubrir temas importantes, como la pol\u00edtica local, geopol\u00edtica, econom\u00eda, tecnolog\u00eda, noticias internacionales y eventos relacionados con la gesti\u00f3n social, cultural y humana. Su objetivo principal es mantener a la poblaci\u00f3n informada, ofreciendo una visi\u00f3n amplia y actualizada de lo que sucede tanto en el pa\u00eds como en el mundo. Est\u00e1 dirigido por un grupo de periodistas experimentados, lo que garantiza la calidad y la precisi\u00f3n de la informaci\u00f3n que ofrecen. Tiene su sede en la ciudad de Santo Domingo y es parte integral del portafolio de la empresa, MC Global S.R.L.","sameAs":["https:\/\/elglobal.do","https:\/\/www.instagram.com\/elglobal.do_informativo\/"],"url":"https:\/\/elglobal.do\/index.php\/author\/elglobaluserpro\/"}]}},"jetpack_featured_media_url":"https:\/\/elglobal.do\/wp-content\/uploads\/2025\/09\/Mapa.jpeg","jetpack_sharing_enabled":true,"_links":{"self":[{"href":"https:\/\/elglobal.do\/index.php\/wp-json\/wp\/v2\/posts\/2157","targetHints":{"allow":["GET"]}}],"collection":[{"href":"https:\/\/elglobal.do\/index.php\/wp-json\/wp\/v2\/posts"}],"about":[{"href":"https:\/\/elglobal.do\/index.php\/wp-json\/wp\/v2\/types\/post"}],"author":[{"embeddable":true,"href":"https:\/\/elglobal.do\/index.php\/wp-json\/wp\/v2\/users\/1"}],"replies":[{"embeddable":true,"href":"https:\/\/elglobal.do\/index.php\/wp-json\/wp\/v2\/comments?post=2157"}],"version-history":[{"count":1,"href":"https:\/\/elglobal.do\/index.php\/wp-json\/wp\/v2\/posts\/2157\/revisions"}],"predecessor-version":[{"id":2159,"href":"https:\/\/elglobal.do\/index.php\/wp-json\/wp\/v2\/posts\/2157\/revisions\/2159"}],"wp:featuredmedia":[{"embeddable":true,"href":"https:\/\/elglobal.do\/index.php\/wp-json\/wp\/v2\/media\/2158"}],"wp:attachment":[{"href":"https:\/\/elglobal.do\/index.php\/wp-json\/wp\/v2\/media?parent=2157"}],"wp:term":[{"taxonomy":"category","embeddable":true,"href":"https:\/\/elglobal.do\/index.php\/wp-json\/wp\/v2\/categories?post=2157"},{"taxonomy":"post_tag","embeddable":true,"href":"https:\/\/elglobal.do\/index.php\/wp-json\/wp\/v2\/tags?post=2157"}],"curies":[{"name":"wp","href":"https:\/\/api.w.org\/{rel}","templated":true}]}}