{"id":2170,"date":"2025-09-10T10:47:30","date_gmt":"2025-09-10T14:47:30","guid":{"rendered":"https:\/\/elglobal.do\/?p=2170"},"modified":"2025-09-10T12:26:54","modified_gmt":"2025-09-10T16:26:54","slug":"prm-realizara-taller-estrategico-para-definir-hoja-de-ruta-politica","status":"publish","type":"post","link":"https:\/\/elglobal.do\/index.php\/2025\/09\/10\/prm-realizara-taller-estrategico-para-definir-hoja-de-ruta-politica\/","title":{"rendered":"PRM realizar\u00e1 Taller Estrat\u00e9gico para definir hoja de ruta pol\u00edtica"},"content":{"rendered":"\n<figure class=\"wp-block-image size-large is-resized\"><img loading=\"lazy\" decoding=\"async\" width=\"1024\" height=\"682\" src=\"https:\/\/elglobal.do\/wp-content\/uploads\/2025\/09\/image-72-1024x682.png\" alt=\"\" class=\"wp-image-2172\" style=\"width:692px;height:auto\" srcset=\"https:\/\/elglobal.do\/wp-content\/uploads\/2025\/09\/image-72-1024x682.png 1024w, https:\/\/elglobal.do\/wp-content\/uploads\/2025\/09\/image-72-300x200.png 300w, https:\/\/elglobal.do\/wp-content\/uploads\/2025\/09\/image-72-768x512.png 768w, https:\/\/elglobal.do\/wp-content\/uploads\/2025\/09\/image-72.png 1280w\" sizes=\"auto, (max-width: 1024px) 100vw, 1024px\" \/><\/figure>\n\n\n\n<p><strong>Santo Domingo.<\/strong>\u2013 El Partido Revolucionario Moderno (PRM), celebrar\u00e1 un\u00a0<strong>Taller Estrat\u00e9gico de su Direcci\u00f3n Ejecutiva<\/strong>, bajo el t\u00edtulo \u201cPresente y Futuro del PRM\u201d, del viernes 19 al domingo 21 de septiembre en la ciudad de\u00a0<strong>Jarabacoa<\/strong>.<\/p>\n\n\n\n<p>El anuncio fue realizado por el presidente del&nbsp;PRM,&nbsp;<strong>Jos\u00e9 Ignacio Paliza<\/strong>, quien explic\u00f3 que esta iniciativa tiene como objetivo generar un espacio de an\u00e1lisis profundo sobre los desaf\u00edos actuales y futuros que enfrenta la organizaci\u00f3n, tanto a nivel nacional como en el contexto internacional.<\/p>\n\n\n\n<p>Asimismo, se buscar\u00e1&nbsp;<strong>fortalecer el v\u00ednculo entre el partido y la ciudadan\u00eda<\/strong>, as\u00ed como reafirmar los valores que sustentan su proyecto pol\u00edtico.<\/p>\n\n\n\n<p>Durante el retiro, los miembros de la Direcci\u00f3n Ejecutiva abordar\u00e1n temas clave como la evoluci\u00f3n de los procesos pol\u00edticos, el rol del partido frente a la sociedad, la evaluaci\u00f3n de la gesti\u00f3n como motor de cambio, y la reafirmaci\u00f3n de los principios fundamentales del PRM.<\/p>\n\n\n\n<p>\u201cEl PRM se debe a la sociedad dominicana, a sus mejores causas y a la defensa de los principios democr\u00e1ticos. Este taller ser\u00e1 un espacio de reflexi\u00f3n y de planificaci\u00f3n estrat\u00e9gica para garantizar que nuestro partido siga respondiendo con coherencia, visi\u00f3n y compromiso a los desaf\u00edos del presente y del futuro\u201d, expres\u00f3 Paliza.<\/p>\n\n\n\n<p>El encuentro concluir\u00e1 con la presentaci\u00f3n de&nbsp;<strong>conclusiones y acuerdos estrat\u00e9gicos<\/strong>, los cuales servir\u00e1n de base para la planificaci\u00f3n institucional y pol\u00edtica del PRM en los pr\u00f3ximos a\u00f1os.<\/p>\n\n\n\n<p><\/p>\n","protected":false},"excerpt":{"rendered":"<p>Santo Domingo.\u2013 El Partido Revolucionario Moderno (PRM), celebrar\u00e1 un\u00a0Taller Estrat\u00e9gico de su Direcci\u00f3n Ejecutiva, bajo el t\u00edtulo \u201cPresente y Futuro del PRM\u201d, del viernes 19 al domingo 21 de septiembre&hellip; <\/p>\n","protected":false},"author":1,"featured_media":2172,"comment_status":"open","ping_status":"open","sticky":false,"template":"","format":"standard","meta":{"_jetpack_memberships_contains_paid_content":false,"footnotes":""},"categories":[40,14],"tags":[1038,1111,1112,584,1110,102],"class_list":["post-2170","post","type-post","status-publish","format-standard","has-post-thumbnail","hentry","category-nacionales","category-slider","tag-acuerdos","tag-jarabacoa","tag-partido","tag-prm","tag-rutapolitica","tag-taller"],"yoast_head":"<!-- This site is optimized with the Yoast SEO plugin v26.9 - https:\/\/yoast.com\/product\/yoast-seo-wordpress\/ -->\n<title>PRM realizar\u00e1 Taller Estrat\u00e9gico para definir hoja de ruta pol\u00edtica - EL GLOBAL INFORMATIVO<\/title>\n<meta name=\"robots\" content=\"index, follow, max-snippet:-1, max-image-preview:large, max-video-preview:-1\" \/>\n<link rel=\"canonical\" href=\"https:\/\/elglobal.do\/index.php\/2025\/09\/10\/prm-realizara-taller-estrategico-para-definir-hoja-de-ruta-politica\/\" \/>\n<meta property=\"og:locale\" content=\"es_ES\" \/>\n<meta property=\"og:type\" content=\"article\" \/>\n<meta property=\"og:title\" content=\"PRM realizar\u00e1 Taller Estrat\u00e9gico para definir hoja de ruta pol\u00edtica - EL GLOBAL INFORMATIVO\" \/>\n<meta property=\"og:description\" content=\"Santo Domingo.\u2013 El Partido Revolucionario Moderno (PRM), celebrar\u00e1 un\u00a0Taller Estrat\u00e9gico de su Direcci\u00f3n Ejecutiva, bajo el t\u00edtulo \u201cPresente y Futuro del PRM\u201d, del viernes 19 al domingo 21 de septiembre&hellip;\" \/>\n<meta property=\"og:url\" content=\"https:\/\/elglobal.do\/index.php\/2025\/09\/10\/prm-realizara-taller-estrategico-para-definir-hoja-de-ruta-politica\/\" \/>\n<meta property=\"og:site_name\" content=\"EL GLOBAL INFORMATIVO\" \/>\n<meta property=\"article:published_time\" content=\"2025-09-10T14:47:30+00:00\" \/>\n<meta property=\"article:modified_time\" content=\"2025-09-10T16:26:54+00:00\" \/>\n<meta property=\"og:image\" content=\"https:\/\/elglobal.do\/wp-content\/uploads\/2025\/09\/image-72.png\" \/>\n\t<meta property=\"og:image:width\" content=\"1280\" \/>\n\t<meta property=\"og:image:height\" content=\"853\" \/>\n\t<meta property=\"og:image:type\" content=\"image\/png\" \/>\n<meta name=\"author\" content=\"EL GLOBAL\" \/>\n<meta name=\"twitter:card\" content=\"summary_large_image\" \/>\n<meta name=\"twitter:label1\" content=\"Escrito por\" \/>\n\t<meta name=\"twitter:data1\" content=\"EL GLOBAL\" \/>\n\t<meta name=\"twitter:label2\" content=\"Tiempo de lectura\" \/>\n\t<meta name=\"twitter:data2\" content=\"2 minutos\" \/>\n<script type=\"application\/ld+json\" class=\"yoast-schema-graph\">{\"@context\":\"https:\/\/schema.org\",\"@graph\":[{\"@type\":\"Article\",\"@id\":\"https:\/\/elglobal.do\/index.php\/2025\/09\/10\/prm-realizara-taller-estrategico-para-definir-hoja-de-ruta-politica\/#article\",\"isPartOf\":{\"@id\":\"https:\/\/elglobal.do\/index.php\/2025\/09\/10\/prm-realizara-taller-estrategico-para-definir-hoja-de-ruta-politica\/\"},\"author\":{\"name\":\"EL GLOBAL\",\"@id\":\"https:\/\/elglobal.do\/#\/schema\/person\/0c97ec2c7714fb605d230c292f64d55f\"},\"headline\":\"PRM realizar\u00e1 Taller Estrat\u00e9gico para definir hoja de ruta pol\u00edtica\",\"datePublished\":\"2025-09-10T14:47:30+00:00\",\"dateModified\":\"2025-09-10T16:26:54+00:00\",\"mainEntityOfPage\":{\"@id\":\"https:\/\/elglobal.do\/index.php\/2025\/09\/10\/prm-realizara-taller-estrategico-para-definir-hoja-de-ruta-politica\/\"},\"wordCount\":272,\"commentCount\":0,\"publisher\":{\"@id\":\"https:\/\/elglobal.do\/#organization\"},\"image\":{\"@id\":\"https:\/\/elglobal.do\/index.php\/2025\/09\/10\/prm-realizara-taller-estrategico-para-definir-hoja-de-ruta-politica\/#primaryimage\"},\"thumbnailUrl\":\"https:\/\/elglobal.do\/wp-content\/uploads\/2025\/09\/image-72.png\",\"keywords\":[\"#Acuerdos\",\"#Jarabacoa\",\"#Partido\",\"#PRM\",\"#Rutapol\u00edtica\",\"#Taller\"],\"articleSection\":[\"NACIONALES\",\"NOTICIAS RELEVANTES\"],\"inLanguage\":\"es\",\"potentialAction\":[{\"@type\":\"CommentAction\",\"name\":\"Comment\",\"target\":[\"https:\/\/elglobal.do\/index.php\/2025\/09\/10\/prm-realizara-taller-estrategico-para-definir-hoja-de-ruta-politica\/#respond\"]}]},{\"@type\":\"WebPage\",\"@id\":\"https:\/\/elglobal.do\/index.php\/2025\/09\/10\/prm-realizara-taller-estrategico-para-definir-hoja-de-ruta-politica\/\",\"url\":\"https:\/\/elglobal.do\/index.php\/2025\/09\/10\/prm-realizara-taller-estrategico-para-definir-hoja-de-ruta-politica\/\",\"name\":\"PRM realizar\u00e1 Taller Estrat\u00e9gico para definir hoja de ruta pol\u00edtica - EL GLOBAL INFORMATIVO\",\"isPartOf\":{\"@id\":\"https:\/\/elglobal.do\/#website\"},\"primaryImageOfPage\":{\"@id\":\"https:\/\/elglobal.do\/index.php\/2025\/09\/10\/prm-realizara-taller-estrategico-para-definir-hoja-de-ruta-politica\/#primaryimage\"},\"image\":{\"@id\":\"https:\/\/elglobal.do\/index.php\/2025\/09\/10\/prm-realizara-taller-estrategico-para-definir-hoja-de-ruta-politica\/#primaryimage\"},\"thumbnailUrl\":\"https:\/\/elglobal.do\/wp-content\/uploads\/2025\/09\/image-72.png\",\"datePublished\":\"2025-09-10T14:47:30+00:00\",\"dateModified\":\"2025-09-10T16:26:54+00:00\",\"breadcrumb\":{\"@id\":\"https:\/\/elglobal.do\/index.php\/2025\/09\/10\/prm-realizara-taller-estrategico-para-definir-hoja-de-ruta-politica\/#breadcrumb\"},\"inLanguage\":\"es\",\"potentialAction\":[{\"@type\":\"ReadAction\",\"target\":[\"https:\/\/elglobal.do\/index.php\/2025\/09\/10\/prm-realizara-taller-estrategico-para-definir-hoja-de-ruta-politica\/\"]}]},{\"@type\":\"ImageObject\",\"inLanguage\":\"es\",\"@id\":\"https:\/\/elglobal.do\/index.php\/2025\/09\/10\/prm-realizara-taller-estrategico-para-definir-hoja-de-ruta-politica\/#primaryimage\",\"url\":\"https:\/\/elglobal.do\/wp-content\/uploads\/2025\/09\/image-72.png\",\"contentUrl\":\"https:\/\/elglobal.do\/wp-content\/uploads\/2025\/09\/image-72.png\",\"width\":1280,\"height\":853},{\"@type\":\"BreadcrumbList\",\"@id\":\"https:\/\/elglobal.do\/index.php\/2025\/09\/10\/prm-realizara-taller-estrategico-para-definir-hoja-de-ruta-politica\/#breadcrumb\",\"itemListElement\":[{\"@type\":\"ListItem\",\"position\":1,\"name\":\"Portada\",\"item\":\"https:\/\/elglobal.do\/\"},{\"@type\":\"ListItem\",\"position\":2,\"name\":\"PRM realizar\u00e1 Taller Estrat\u00e9gico para definir hoja de ruta pol\u00edtica\"}]},{\"@type\":\"WebSite\",\"@id\":\"https:\/\/elglobal.do\/#website\",\"url\":\"https:\/\/elglobal.do\/\",\"name\":\"EL GLOBAL INFORMATIVO\",\"description\":\"Peri\u00f3dico digital de la Rep\u00fablica Dominicana que ofrece noticias, novedades, pol\u00edtica y las \u00faltimas actualidades, con informaci\u00f3n veraz y oportuna para mantenerte siempre informad\",\"publisher\":{\"@id\":\"https:\/\/elglobal.do\/#organization\"},\"potentialAction\":[{\"@type\":\"SearchAction\",\"target\":{\"@type\":\"EntryPoint\",\"urlTemplate\":\"https:\/\/elglobal.do\/?s={search_term_string}\"},\"query-input\":{\"@type\":\"PropertyValueSpecification\",\"valueRequired\":true,\"valueName\":\"search_term_string\"}}],\"inLanguage\":\"es\"},{\"@type\":\"Organization\",\"@id\":\"https:\/\/elglobal.do\/#organization\",\"name\":\"EL GLOBAL.DO INFORMATIVO\",\"url\":\"https:\/\/elglobal.do\/\",\"logo\":{\"@type\":\"ImageObject\",\"inLanguage\":\"es\",\"@id\":\"https:\/\/elglobal.do\/#\/schema\/logo\/image\/\",\"url\":\"https:\/\/elglobal.do\/wp-content\/uploads\/2025\/08\/icon.png\",\"contentUrl\":\"https:\/\/elglobal.do\/wp-content\/uploads\/2025\/08\/icon.png\",\"width\":512,\"height\":512,\"caption\":\"EL GLOBAL.DO INFORMATIVO\"},\"image\":{\"@id\":\"https:\/\/elglobal.do\/#\/schema\/logo\/image\/\"}},{\"@type\":\"Person\",\"@id\":\"https:\/\/elglobal.do\/#\/schema\/person\/0c97ec2c7714fb605d230c292f64d55f\",\"name\":\"EL GLOBAL\",\"image\":{\"@type\":\"ImageObject\",\"inLanguage\":\"es\",\"@id\":\"https:\/\/elglobal.do\/#\/schema\/person\/image\/\",\"url\":\"https:\/\/secure.gravatar.com\/avatar\/081cfb6cf99faddc6f4e23a0c11ab98c5cf302925382d1c88dc3ed757ab910a3?s=96&d=mm&r=g\",\"contentUrl\":\"https:\/\/secure.gravatar.com\/avatar\/081cfb6cf99faddc6f4e23a0c11ab98c5cf302925382d1c88dc3ed757ab910a3?s=96&d=mm&r=g\",\"caption\":\"EL GLOBAL\"},\"description\":\"El Global Informativo es un peri\u00f3dico digital de Rep\u00fablica Dominicana que se dedica a cubrir temas importantes, como la pol\u00edtica local, geopol\u00edtica, econom\u00eda, tecnolog\u00eda, noticias internacionales y eventos relacionados con la gesti\u00f3n social, cultural y humana. Su objetivo principal es mantener a la poblaci\u00f3n informada, ofreciendo una visi\u00f3n amplia y actualizada de lo que sucede tanto en el pa\u00eds como en el mundo. Est\u00e1 dirigido por un grupo de periodistas experimentados, lo que garantiza la calidad y la precisi\u00f3n de la informaci\u00f3n que ofrecen. Tiene su sede en la ciudad de Santo Domingo y es parte integral del portafolio de la empresa, MC Global S.R.L.\",\"sameAs\":[\"https:\/\/elglobal.do\",\"https:\/\/www.instagram.com\/elglobal.do_informativo\/\"],\"url\":\"https:\/\/elglobal.do\/index.php\/author\/elglobaluserpro\/\"}]}<\/script>\n<!-- \/ Yoast SEO plugin. -->","yoast_head_json":{"title":"PRM realizar\u00e1 Taller Estrat\u00e9gico para definir hoja de ruta pol\u00edtica - EL GLOBAL INFORMATIVO","robots":{"index":"index","follow":"follow","max-snippet":"max-snippet:-1","max-image-preview":"max-image-preview:large","max-video-preview":"max-video-preview:-1"},"canonical":"https:\/\/elglobal.do\/index.php\/2025\/09\/10\/prm-realizara-taller-estrategico-para-definir-hoja-de-ruta-politica\/","og_locale":"es_ES","og_type":"article","og_title":"PRM realizar\u00e1 Taller Estrat\u00e9gico para definir hoja de ruta pol\u00edtica - EL GLOBAL INFORMATIVO","og_description":"Santo Domingo.\u2013 El Partido Revolucionario Moderno (PRM), celebrar\u00e1 un\u00a0Taller Estrat\u00e9gico de su Direcci\u00f3n Ejecutiva, bajo el t\u00edtulo \u201cPresente y Futuro del PRM\u201d, del viernes 19 al domingo 21 de septiembre&hellip;","og_url":"https:\/\/elglobal.do\/index.php\/2025\/09\/10\/prm-realizara-taller-estrategico-para-definir-hoja-de-ruta-politica\/","og_site_name":"EL GLOBAL INFORMATIVO","article_published_time":"2025-09-10T14:47:30+00:00","article_modified_time":"2025-09-10T16:26:54+00:00","og_image":[{"width":1280,"height":853,"url":"https:\/\/elglobal.do\/wp-content\/uploads\/2025\/09\/image-72.png","type":"image\/png"}],"author":"EL GLOBAL","twitter_card":"summary_large_image","twitter_misc":{"Escrito por":"EL GLOBAL","Tiempo de lectura":"2 minutos"},"schema":{"@context":"https:\/\/schema.org","@graph":[{"@type":"Article","@id":"https:\/\/elglobal.do\/index.php\/2025\/09\/10\/prm-realizara-taller-estrategico-para-definir-hoja-de-ruta-politica\/#article","isPartOf":{"@id":"https:\/\/elglobal.do\/index.php\/2025\/09\/10\/prm-realizara-taller-estrategico-para-definir-hoja-de-ruta-politica\/"},"author":{"name":"EL GLOBAL","@id":"https:\/\/elglobal.do\/#\/schema\/person\/0c97ec2c7714fb605d230c292f64d55f"},"headline":"PRM realizar\u00e1 Taller Estrat\u00e9gico para definir hoja de ruta pol\u00edtica","datePublished":"2025-09-10T14:47:30+00:00","dateModified":"2025-09-10T16:26:54+00:00","mainEntityOfPage":{"@id":"https:\/\/elglobal.do\/index.php\/2025\/09\/10\/prm-realizara-taller-estrategico-para-definir-hoja-de-ruta-politica\/"},"wordCount":272,"commentCount":0,"publisher":{"@id":"https:\/\/elglobal.do\/#organization"},"image":{"@id":"https:\/\/elglobal.do\/index.php\/2025\/09\/10\/prm-realizara-taller-estrategico-para-definir-hoja-de-ruta-politica\/#primaryimage"},"thumbnailUrl":"https:\/\/elglobal.do\/wp-content\/uploads\/2025\/09\/image-72.png","keywords":["#Acuerdos","#Jarabacoa","#Partido","#PRM","#Rutapol\u00edtica","#Taller"],"articleSection":["NACIONALES","NOTICIAS RELEVANTES"],"inLanguage":"es","potentialAction":[{"@type":"CommentAction","name":"Comment","target":["https:\/\/elglobal.do\/index.php\/2025\/09\/10\/prm-realizara-taller-estrategico-para-definir-hoja-de-ruta-politica\/#respond"]}]},{"@type":"WebPage","@id":"https:\/\/elglobal.do\/index.php\/2025\/09\/10\/prm-realizara-taller-estrategico-para-definir-hoja-de-ruta-politica\/","url":"https:\/\/elglobal.do\/index.php\/2025\/09\/10\/prm-realizara-taller-estrategico-para-definir-hoja-de-ruta-politica\/","name":"PRM realizar\u00e1 Taller Estrat\u00e9gico para definir hoja de ruta pol\u00edtica - EL GLOBAL INFORMATIVO","isPartOf":{"@id":"https:\/\/elglobal.do\/#website"},"primaryImageOfPage":{"@id":"https:\/\/elglobal.do\/index.php\/2025\/09\/10\/prm-realizara-taller-estrategico-para-definir-hoja-de-ruta-politica\/#primaryimage"},"image":{"@id":"https:\/\/elglobal.do\/index.php\/2025\/09\/10\/prm-realizara-taller-estrategico-para-definir-hoja-de-ruta-politica\/#primaryimage"},"thumbnailUrl":"https:\/\/elglobal.do\/wp-content\/uploads\/2025\/09\/image-72.png","datePublished":"2025-09-10T14:47:30+00:00","dateModified":"2025-09-10T16:26:54+00:00","breadcrumb":{"@id":"https:\/\/elglobal.do\/index.php\/2025\/09\/10\/prm-realizara-taller-estrategico-para-definir-hoja-de-ruta-politica\/#breadcrumb"},"inLanguage":"es","potentialAction":[{"@type":"ReadAction","target":["https:\/\/elglobal.do\/index.php\/2025\/09\/10\/prm-realizara-taller-estrategico-para-definir-hoja-de-ruta-politica\/"]}]},{"@type":"ImageObject","inLanguage":"es","@id":"https:\/\/elglobal.do\/index.php\/2025\/09\/10\/prm-realizara-taller-estrategico-para-definir-hoja-de-ruta-politica\/#primaryimage","url":"https:\/\/elglobal.do\/wp-content\/uploads\/2025\/09\/image-72.png","contentUrl":"https:\/\/elglobal.do\/wp-content\/uploads\/2025\/09\/image-72.png","width":1280,"height":853},{"@type":"BreadcrumbList","@id":"https:\/\/elglobal.do\/index.php\/2025\/09\/10\/prm-realizara-taller-estrategico-para-definir-hoja-de-ruta-politica\/#breadcrumb","itemListElement":[{"@type":"ListItem","position":1,"name":"Portada","item":"https:\/\/elglobal.do\/"},{"@type":"ListItem","position":2,"name":"PRM realizar\u00e1 Taller Estrat\u00e9gico para definir hoja de ruta pol\u00edtica"}]},{"@type":"WebSite","@id":"https:\/\/elglobal.do\/#website","url":"https:\/\/elglobal.do\/","name":"EL GLOBAL INFORMATIVO","description":"Peri\u00f3dico digital de la Rep\u00fablica Dominicana que ofrece noticias, novedades, pol\u00edtica y las \u00faltimas actualidades, con informaci\u00f3n veraz y oportuna para mantenerte siempre informad","publisher":{"@id":"https:\/\/elglobal.do\/#organization"},"potentialAction":[{"@type":"SearchAction","target":{"@type":"EntryPoint","urlTemplate":"https:\/\/elglobal.do\/?s={search_term_string}"},"query-input":{"@type":"PropertyValueSpecification","valueRequired":true,"valueName":"search_term_string"}}],"inLanguage":"es"},{"@type":"Organization","@id":"https:\/\/elglobal.do\/#organization","name":"EL GLOBAL.DO INFORMATIVO","url":"https:\/\/elglobal.do\/","logo":{"@type":"ImageObject","inLanguage":"es","@id":"https:\/\/elglobal.do\/#\/schema\/logo\/image\/","url":"https:\/\/elglobal.do\/wp-content\/uploads\/2025\/08\/icon.png","contentUrl":"https:\/\/elglobal.do\/wp-content\/uploads\/2025\/08\/icon.png","width":512,"height":512,"caption":"EL GLOBAL.DO INFORMATIVO"},"image":{"@id":"https:\/\/elglobal.do\/#\/schema\/logo\/image\/"}},{"@type":"Person","@id":"https:\/\/elglobal.do\/#\/schema\/person\/0c97ec2c7714fb605d230c292f64d55f","name":"EL GLOBAL","image":{"@type":"ImageObject","inLanguage":"es","@id":"https:\/\/elglobal.do\/#\/schema\/person\/image\/","url":"https:\/\/secure.gravatar.com\/avatar\/081cfb6cf99faddc6f4e23a0c11ab98c5cf302925382d1c88dc3ed757ab910a3?s=96&d=mm&r=g","contentUrl":"https:\/\/secure.gravatar.com\/avatar\/081cfb6cf99faddc6f4e23a0c11ab98c5cf302925382d1c88dc3ed757ab910a3?s=96&d=mm&r=g","caption":"EL GLOBAL"},"description":"El Global Informativo es un peri\u00f3dico digital de Rep\u00fablica Dominicana que se dedica a cubrir temas importantes, como la pol\u00edtica local, geopol\u00edtica, econom\u00eda, tecnolog\u00eda, noticias internacionales y eventos relacionados con la gesti\u00f3n social, cultural y humana. Su objetivo principal es mantener a la poblaci\u00f3n informada, ofreciendo una visi\u00f3n amplia y actualizada de lo que sucede tanto en el pa\u00eds como en el mundo. Est\u00e1 dirigido por un grupo de periodistas experimentados, lo que garantiza la calidad y la precisi\u00f3n de la informaci\u00f3n que ofrecen. Tiene su sede en la ciudad de Santo Domingo y es parte integral del portafolio de la empresa, MC Global S.R.L.","sameAs":["https:\/\/elglobal.do","https:\/\/www.instagram.com\/elglobal.do_informativo\/"],"url":"https:\/\/elglobal.do\/index.php\/author\/elglobaluserpro\/"}]}},"jetpack_featured_media_url":"https:\/\/elglobal.do\/wp-content\/uploads\/2025\/09\/image-72.png","jetpack_sharing_enabled":true,"_links":{"self":[{"href":"https:\/\/elglobal.do\/index.php\/wp-json\/wp\/v2\/posts\/2170","targetHints":{"allow":["GET"]}}],"collection":[{"href":"https:\/\/elglobal.do\/index.php\/wp-json\/wp\/v2\/posts"}],"about":[{"href":"https:\/\/elglobal.do\/index.php\/wp-json\/wp\/v2\/types\/post"}],"author":[{"embeddable":true,"href":"https:\/\/elglobal.do\/index.php\/wp-json\/wp\/v2\/users\/1"}],"replies":[{"embeddable":true,"href":"https:\/\/elglobal.do\/index.php\/wp-json\/wp\/v2\/comments?post=2170"}],"version-history":[{"count":2,"href":"https:\/\/elglobal.do\/index.php\/wp-json\/wp\/v2\/posts\/2170\/revisions"}],"predecessor-version":[{"id":2187,"href":"https:\/\/elglobal.do\/index.php\/wp-json\/wp\/v2\/posts\/2170\/revisions\/2187"}],"wp:featuredmedia":[{"embeddable":true,"href":"https:\/\/elglobal.do\/index.php\/wp-json\/wp\/v2\/media\/2172"}],"wp:attachment":[{"href":"https:\/\/elglobal.do\/index.php\/wp-json\/wp\/v2\/media?parent=2170"}],"wp:term":[{"taxonomy":"category","embeddable":true,"href":"https:\/\/elglobal.do\/index.php\/wp-json\/wp\/v2\/categories?post=2170"},{"taxonomy":"post_tag","embeddable":true,"href":"https:\/\/elglobal.do\/index.php\/wp-json\/wp\/v2\/tags?post=2170"}],"curies":[{"name":"wp","href":"https:\/\/api.w.org\/{rel}","templated":true}]}}