{"id":2218,"date":"2025-09-11T10:53:40","date_gmt":"2025-09-11T14:53:40","guid":{"rendered":"https:\/\/elglobal.do\/?p=2218"},"modified":"2025-09-11T10:53:43","modified_gmt":"2025-09-11T14:53:43","slug":"el-tribunal-constitucional-anula-ley-clave-sobre-embargos","status":"publish","type":"post","link":"https:\/\/elglobal.do\/index.php\/2025\/09\/11\/el-tribunal-constitucional-anula-ley-clave-sobre-embargos\/","title":{"rendered":"El Tribunal Constitucional anula ley clave sobre embargos"},"content":{"rendered":"\n<figure class=\"wp-block-image size-full is-resized\"><img loading=\"lazy\" decoding=\"async\" width=\"800\" height=\"533\" src=\"https:\/\/elglobal.do\/wp-content\/uploads\/2025\/09\/image-83.png\" alt=\"\" class=\"wp-image-2219\" style=\"width:720px;height:auto\" srcset=\"https:\/\/elglobal.do\/wp-content\/uploads\/2025\/09\/image-83.png 800w, https:\/\/elglobal.do\/wp-content\/uploads\/2025\/09\/image-83-300x200.png 300w, https:\/\/elglobal.do\/wp-content\/uploads\/2025\/09\/image-83-768x512.png 768w\" sizes=\"auto, (max-width: 800px) 100vw, 800px\" \/><\/figure>\n\n\n\n<p><strong>Santo Domingo.-<\/strong>El\u00a0<strong>Tribunal Constitucional<\/strong>\u00a0(<strong>TC<\/strong>) declar\u00f3 inconstitucional la Ley n\u00fam. 396-19, que regulaba el otorgamiento de la fuerza p\u00fablica para llevar a cabo\u00a0<strong>medidas de embargo sobre bienes muebles e inmuebles<\/strong>.<\/p>\n\n\n\n<p>La decisi\u00f3n se basa en una acci\u00f3n directa de inconstitucionalidad y establece que la&nbsp;<strong>ley&nbsp;<\/strong>incumpli\u00f3 el procedimiento requerido para su aprobaci\u00f3n y contraviene principios constitucionales clave.<\/p>\n\n\n\n<p>El fallo exhort\u00f3 al&nbsp;<strong>Congreso Nacional&nbsp;<\/strong>a emitir una nueva ley que enmiende la situaci\u00f3n de inconstitucionalidad formal, dando cumplimiento al art\u00edculo 112 de la Constituci\u00f3n.<\/p>\n\n\n\n<h3 class=\"wp-block-heading\">Detalles de la decisi\u00f3n<\/h3>\n\n\n\n<p>La sentencia TC\/0743\/25 determin\u00f3 que la ley era inconstitucional por no haberse tramitado como una ley org\u00e1nica, un procedimiento especial exigido por la&nbsp;<strong>Constituci\u00f3n Dominicana<\/strong>.&nbsp;<\/p>\n\n\n\n<p>El TC tambi\u00e9n reafirm\u00f3 que la facultad de ejecutar lo juzgado es exclusiva del&nbsp;<strong>Poder Judicial<\/strong>, conforme al art\u00edculo 149, p\u00e1rrafo I de la Constituci\u00f3n.<\/p>\n\n\n\n<p>La ley impugnada otorgaba al Ministerio P\u00fablico la competencia para autorizar, dirigir o suspender el uso de la fuerza p\u00fablica, lo que el tribunal consider\u00f3 una violaci\u00f3n del principio de separaci\u00f3n de poderes y del derecho fundamental a la tutela judicial efectiva.<\/p>\n\n\n\n<p>El fallo aclara que el control y otorgamiento de la fuerza p\u00fablica para la ejecuci\u00f3n de sentencias judiciales forma parte de la funci\u00f3n jurisdiccional y debe ser ejercida por los jueces o los tribunales competentes.<\/p>\n\n\n\n<p>La sentencia limita la intervenci\u00f3n del Ministerio P\u00fablico en este \u00e1mbito a la persecuci\u00f3n de hechos delictivos que puedan ocurrir durante la ejecuci\u00f3n, pero no a la direcci\u00f3n o autorizaci\u00f3n de la fuerza.<\/p>\n\n\n\n<p>Finalmente, el TC orden\u00f3 diferir los efectos de la inconstitucionalidad por el t\u00e9rmino de dos a\u00f1os, para que el Congreso tenga tiempo de redactar una nueva ley.&nbsp;<\/p>\n\n\n\n<p>La sentencia fue comunicada a las partes accionantes: Genaro A. Silvestre Scroggins, Franklin Jos\u00e9 Zabala Jim\u00e9nez, y la Asociaci\u00f3n Nacional de Alguaciles Unidos (ANAU).<\/p>\n\n\n\n<p><\/p>\n","protected":false},"excerpt":{"rendered":"<p>Santo Domingo.-El\u00a0Tribunal Constitucional\u00a0(TC) declar\u00f3 inconstitucional la Ley n\u00fam. 396-19, que regulaba el otorgamiento de la fuerza p\u00fablica para llevar a cabo\u00a0medidas de embargo sobre bienes muebles e inmuebles. La decisi\u00f3n&hellip; <\/p>\n","protected":false},"author":1,"featured_media":2219,"comment_status":"open","ping_status":"open","sticky":false,"template":"","format":"standard","meta":{"_jetpack_memberships_contains_paid_content":false,"footnotes":""},"categories":[313],"tags":[1141,602,1142,1143,1138,1139],"class_list":["post-2218","post","type-post","status-publish","format-standard","has-post-thumbnail","hentry","category-justicia","tag-bienes","tag-congresonacional","tag-constitucion","tag-poderjudicial","tag-tc","tag-tribunalconstitucional"],"yoast_head":"<!-- This site is optimized with the Yoast SEO plugin v26.9 - https:\/\/yoast.com\/product\/yoast-seo-wordpress\/ -->\n<title>El Tribunal Constitucional anula ley clave sobre embargos - EL GLOBAL INFORMATIVO<\/title>\n<meta name=\"robots\" content=\"index, follow, max-snippet:-1, max-image-preview:large, max-video-preview:-1\" \/>\n<link rel=\"canonical\" href=\"https:\/\/elglobal.do\/index.php\/2025\/09\/11\/el-tribunal-constitucional-anula-ley-clave-sobre-embargos\/\" \/>\n<meta property=\"og:locale\" content=\"es_ES\" \/>\n<meta property=\"og:type\" content=\"article\" \/>\n<meta property=\"og:title\" content=\"El Tribunal Constitucional anula ley clave sobre embargos - EL GLOBAL INFORMATIVO\" \/>\n<meta property=\"og:description\" content=\"Santo Domingo.-El\u00a0Tribunal Constitucional\u00a0(TC) declar\u00f3 inconstitucional la Ley n\u00fam. 396-19, que regulaba el otorgamiento de la fuerza p\u00fablica para llevar a cabo\u00a0medidas de embargo sobre bienes muebles e inmuebles. La decisi\u00f3n&hellip;\" \/>\n<meta property=\"og:url\" content=\"https:\/\/elglobal.do\/index.php\/2025\/09\/11\/el-tribunal-constitucional-anula-ley-clave-sobre-embargos\/\" \/>\n<meta property=\"og:site_name\" content=\"EL GLOBAL INFORMATIVO\" \/>\n<meta property=\"article:published_time\" content=\"2025-09-11T14:53:40+00:00\" \/>\n<meta property=\"article:modified_time\" content=\"2025-09-11T14:53:43+00:00\" \/>\n<meta property=\"og:image\" content=\"https:\/\/elglobal.do\/wp-content\/uploads\/2025\/09\/image-83.png\" \/>\n\t<meta property=\"og:image:width\" content=\"800\" \/>\n\t<meta property=\"og:image:height\" content=\"533\" \/>\n\t<meta property=\"og:image:type\" content=\"image\/png\" \/>\n<meta name=\"author\" content=\"EL GLOBAL\" \/>\n<meta name=\"twitter:card\" content=\"summary_large_image\" \/>\n<meta name=\"twitter:label1\" content=\"Escrito por\" \/>\n\t<meta name=\"twitter:data1\" content=\"EL GLOBAL\" \/>\n\t<meta name=\"twitter:label2\" content=\"Tiempo de lectura\" \/>\n\t<meta name=\"twitter:data2\" content=\"2 minutos\" \/>\n<script type=\"application\/ld+json\" class=\"yoast-schema-graph\">{\"@context\":\"https:\/\/schema.org\",\"@graph\":[{\"@type\":\"Article\",\"@id\":\"https:\/\/elglobal.do\/index.php\/2025\/09\/11\/el-tribunal-constitucional-anula-ley-clave-sobre-embargos\/#article\",\"isPartOf\":{\"@id\":\"https:\/\/elglobal.do\/index.php\/2025\/09\/11\/el-tribunal-constitucional-anula-ley-clave-sobre-embargos\/\"},\"author\":{\"name\":\"EL GLOBAL\",\"@id\":\"https:\/\/elglobal.do\/#\/schema\/person\/0c97ec2c7714fb605d230c292f64d55f\"},\"headline\":\"El Tribunal Constitucional anula ley clave sobre embargos\",\"datePublished\":\"2025-09-11T14:53:40+00:00\",\"dateModified\":\"2025-09-11T14:53:43+00:00\",\"mainEntityOfPage\":{\"@id\":\"https:\/\/elglobal.do\/index.php\/2025\/09\/11\/el-tribunal-constitucional-anula-ley-clave-sobre-embargos\/\"},\"wordCount\":346,\"commentCount\":0,\"publisher\":{\"@id\":\"https:\/\/elglobal.do\/#organization\"},\"image\":{\"@id\":\"https:\/\/elglobal.do\/index.php\/2025\/09\/11\/el-tribunal-constitucional-anula-ley-clave-sobre-embargos\/#primaryimage\"},\"thumbnailUrl\":\"https:\/\/elglobal.do\/wp-content\/uploads\/2025\/09\/image-83.png\",\"keywords\":[\"#Bienes\",\"#CongresoNacional\",\"#Constituci\u00f3n\",\"#Poderjudicial\",\"#TC\",\"#TribunalConstitucional\"],\"articleSection\":[\"JUSTICIA\"],\"inLanguage\":\"es\",\"potentialAction\":[{\"@type\":\"CommentAction\",\"name\":\"Comment\",\"target\":[\"https:\/\/elglobal.do\/index.php\/2025\/09\/11\/el-tribunal-constitucional-anula-ley-clave-sobre-embargos\/#respond\"]}]},{\"@type\":\"WebPage\",\"@id\":\"https:\/\/elglobal.do\/index.php\/2025\/09\/11\/el-tribunal-constitucional-anula-ley-clave-sobre-embargos\/\",\"url\":\"https:\/\/elglobal.do\/index.php\/2025\/09\/11\/el-tribunal-constitucional-anula-ley-clave-sobre-embargos\/\",\"name\":\"El Tribunal Constitucional anula ley clave sobre embargos - EL GLOBAL INFORMATIVO\",\"isPartOf\":{\"@id\":\"https:\/\/elglobal.do\/#website\"},\"primaryImageOfPage\":{\"@id\":\"https:\/\/elglobal.do\/index.php\/2025\/09\/11\/el-tribunal-constitucional-anula-ley-clave-sobre-embargos\/#primaryimage\"},\"image\":{\"@id\":\"https:\/\/elglobal.do\/index.php\/2025\/09\/11\/el-tribunal-constitucional-anula-ley-clave-sobre-embargos\/#primaryimage\"},\"thumbnailUrl\":\"https:\/\/elglobal.do\/wp-content\/uploads\/2025\/09\/image-83.png\",\"datePublished\":\"2025-09-11T14:53:40+00:00\",\"dateModified\":\"2025-09-11T14:53:43+00:00\",\"breadcrumb\":{\"@id\":\"https:\/\/elglobal.do\/index.php\/2025\/09\/11\/el-tribunal-constitucional-anula-ley-clave-sobre-embargos\/#breadcrumb\"},\"inLanguage\":\"es\",\"potentialAction\":[{\"@type\":\"ReadAction\",\"target\":[\"https:\/\/elglobal.do\/index.php\/2025\/09\/11\/el-tribunal-constitucional-anula-ley-clave-sobre-embargos\/\"]}]},{\"@type\":\"ImageObject\",\"inLanguage\":\"es\",\"@id\":\"https:\/\/elglobal.do\/index.php\/2025\/09\/11\/el-tribunal-constitucional-anula-ley-clave-sobre-embargos\/#primaryimage\",\"url\":\"https:\/\/elglobal.do\/wp-content\/uploads\/2025\/09\/image-83.png\",\"contentUrl\":\"https:\/\/elglobal.do\/wp-content\/uploads\/2025\/09\/image-83.png\",\"width\":800,\"height\":533},{\"@type\":\"BreadcrumbList\",\"@id\":\"https:\/\/elglobal.do\/index.php\/2025\/09\/11\/el-tribunal-constitucional-anula-ley-clave-sobre-embargos\/#breadcrumb\",\"itemListElement\":[{\"@type\":\"ListItem\",\"position\":1,\"name\":\"Portada\",\"item\":\"https:\/\/elglobal.do\/\"},{\"@type\":\"ListItem\",\"position\":2,\"name\":\"El Tribunal Constitucional anula ley clave sobre embargos\"}]},{\"@type\":\"WebSite\",\"@id\":\"https:\/\/elglobal.do\/#website\",\"url\":\"https:\/\/elglobal.do\/\",\"name\":\"EL GLOBAL INFORMATIVO\",\"description\":\"Peri\u00f3dico digital de la Rep\u00fablica Dominicana que ofrece noticias, novedades, pol\u00edtica y las \u00faltimas actualidades, con informaci\u00f3n veraz y oportuna para mantenerte siempre informad\",\"publisher\":{\"@id\":\"https:\/\/elglobal.do\/#organization\"},\"potentialAction\":[{\"@type\":\"SearchAction\",\"target\":{\"@type\":\"EntryPoint\",\"urlTemplate\":\"https:\/\/elglobal.do\/?s={search_term_string}\"},\"query-input\":{\"@type\":\"PropertyValueSpecification\",\"valueRequired\":true,\"valueName\":\"search_term_string\"}}],\"inLanguage\":\"es\"},{\"@type\":\"Organization\",\"@id\":\"https:\/\/elglobal.do\/#organization\",\"name\":\"EL GLOBAL.DO INFORMATIVO\",\"url\":\"https:\/\/elglobal.do\/\",\"logo\":{\"@type\":\"ImageObject\",\"inLanguage\":\"es\",\"@id\":\"https:\/\/elglobal.do\/#\/schema\/logo\/image\/\",\"url\":\"https:\/\/elglobal.do\/wp-content\/uploads\/2025\/08\/icon.png\",\"contentUrl\":\"https:\/\/elglobal.do\/wp-content\/uploads\/2025\/08\/icon.png\",\"width\":512,\"height\":512,\"caption\":\"EL GLOBAL.DO INFORMATIVO\"},\"image\":{\"@id\":\"https:\/\/elglobal.do\/#\/schema\/logo\/image\/\"}},{\"@type\":\"Person\",\"@id\":\"https:\/\/elglobal.do\/#\/schema\/person\/0c97ec2c7714fb605d230c292f64d55f\",\"name\":\"EL GLOBAL\",\"image\":{\"@type\":\"ImageObject\",\"inLanguage\":\"es\",\"@id\":\"https:\/\/elglobal.do\/#\/schema\/person\/image\/\",\"url\":\"https:\/\/secure.gravatar.com\/avatar\/081cfb6cf99faddc6f4e23a0c11ab98c5cf302925382d1c88dc3ed757ab910a3?s=96&d=mm&r=g\",\"contentUrl\":\"https:\/\/secure.gravatar.com\/avatar\/081cfb6cf99faddc6f4e23a0c11ab98c5cf302925382d1c88dc3ed757ab910a3?s=96&d=mm&r=g\",\"caption\":\"EL GLOBAL\"},\"description\":\"El Global Informativo es un peri\u00f3dico digital de Rep\u00fablica Dominicana que se dedica a cubrir temas importantes, como la pol\u00edtica local, geopol\u00edtica, econom\u00eda, tecnolog\u00eda, noticias internacionales y eventos relacionados con la gesti\u00f3n social, cultural y humana. Su objetivo principal es mantener a la poblaci\u00f3n informada, ofreciendo una visi\u00f3n amplia y actualizada de lo que sucede tanto en el pa\u00eds como en el mundo. Est\u00e1 dirigido por un grupo de periodistas experimentados, lo que garantiza la calidad y la precisi\u00f3n de la informaci\u00f3n que ofrecen. Tiene su sede en la ciudad de Santo Domingo y es parte integral del portafolio de la empresa, MC Global S.R.L.\",\"sameAs\":[\"https:\/\/elglobal.do\",\"https:\/\/www.instagram.com\/elglobal.do_informativo\/\"],\"url\":\"https:\/\/elglobal.do\/index.php\/author\/elglobaluserpro\/\"}]}<\/script>\n<!-- \/ Yoast SEO plugin. -->","yoast_head_json":{"title":"El Tribunal Constitucional anula ley clave sobre embargos - EL GLOBAL INFORMATIVO","robots":{"index":"index","follow":"follow","max-snippet":"max-snippet:-1","max-image-preview":"max-image-preview:large","max-video-preview":"max-video-preview:-1"},"canonical":"https:\/\/elglobal.do\/index.php\/2025\/09\/11\/el-tribunal-constitucional-anula-ley-clave-sobre-embargos\/","og_locale":"es_ES","og_type":"article","og_title":"El Tribunal Constitucional anula ley clave sobre embargos - EL GLOBAL INFORMATIVO","og_description":"Santo Domingo.-El\u00a0Tribunal Constitucional\u00a0(TC) declar\u00f3 inconstitucional la Ley n\u00fam. 396-19, que regulaba el otorgamiento de la fuerza p\u00fablica para llevar a cabo\u00a0medidas de embargo sobre bienes muebles e inmuebles. La decisi\u00f3n&hellip;","og_url":"https:\/\/elglobal.do\/index.php\/2025\/09\/11\/el-tribunal-constitucional-anula-ley-clave-sobre-embargos\/","og_site_name":"EL GLOBAL INFORMATIVO","article_published_time":"2025-09-11T14:53:40+00:00","article_modified_time":"2025-09-11T14:53:43+00:00","og_image":[{"width":800,"height":533,"url":"https:\/\/elglobal.do\/wp-content\/uploads\/2025\/09\/image-83.png","type":"image\/png"}],"author":"EL GLOBAL","twitter_card":"summary_large_image","twitter_misc":{"Escrito por":"EL GLOBAL","Tiempo de lectura":"2 minutos"},"schema":{"@context":"https:\/\/schema.org","@graph":[{"@type":"Article","@id":"https:\/\/elglobal.do\/index.php\/2025\/09\/11\/el-tribunal-constitucional-anula-ley-clave-sobre-embargos\/#article","isPartOf":{"@id":"https:\/\/elglobal.do\/index.php\/2025\/09\/11\/el-tribunal-constitucional-anula-ley-clave-sobre-embargos\/"},"author":{"name":"EL GLOBAL","@id":"https:\/\/elglobal.do\/#\/schema\/person\/0c97ec2c7714fb605d230c292f64d55f"},"headline":"El Tribunal Constitucional anula ley clave sobre embargos","datePublished":"2025-09-11T14:53:40+00:00","dateModified":"2025-09-11T14:53:43+00:00","mainEntityOfPage":{"@id":"https:\/\/elglobal.do\/index.php\/2025\/09\/11\/el-tribunal-constitucional-anula-ley-clave-sobre-embargos\/"},"wordCount":346,"commentCount":0,"publisher":{"@id":"https:\/\/elglobal.do\/#organization"},"image":{"@id":"https:\/\/elglobal.do\/index.php\/2025\/09\/11\/el-tribunal-constitucional-anula-ley-clave-sobre-embargos\/#primaryimage"},"thumbnailUrl":"https:\/\/elglobal.do\/wp-content\/uploads\/2025\/09\/image-83.png","keywords":["#Bienes","#CongresoNacional","#Constituci\u00f3n","#Poderjudicial","#TC","#TribunalConstitucional"],"articleSection":["JUSTICIA"],"inLanguage":"es","potentialAction":[{"@type":"CommentAction","name":"Comment","target":["https:\/\/elglobal.do\/index.php\/2025\/09\/11\/el-tribunal-constitucional-anula-ley-clave-sobre-embargos\/#respond"]}]},{"@type":"WebPage","@id":"https:\/\/elglobal.do\/index.php\/2025\/09\/11\/el-tribunal-constitucional-anula-ley-clave-sobre-embargos\/","url":"https:\/\/elglobal.do\/index.php\/2025\/09\/11\/el-tribunal-constitucional-anula-ley-clave-sobre-embargos\/","name":"El Tribunal Constitucional anula ley clave sobre embargos - EL GLOBAL INFORMATIVO","isPartOf":{"@id":"https:\/\/elglobal.do\/#website"},"primaryImageOfPage":{"@id":"https:\/\/elglobal.do\/index.php\/2025\/09\/11\/el-tribunal-constitucional-anula-ley-clave-sobre-embargos\/#primaryimage"},"image":{"@id":"https:\/\/elglobal.do\/index.php\/2025\/09\/11\/el-tribunal-constitucional-anula-ley-clave-sobre-embargos\/#primaryimage"},"thumbnailUrl":"https:\/\/elglobal.do\/wp-content\/uploads\/2025\/09\/image-83.png","datePublished":"2025-09-11T14:53:40+00:00","dateModified":"2025-09-11T14:53:43+00:00","breadcrumb":{"@id":"https:\/\/elglobal.do\/index.php\/2025\/09\/11\/el-tribunal-constitucional-anula-ley-clave-sobre-embargos\/#breadcrumb"},"inLanguage":"es","potentialAction":[{"@type":"ReadAction","target":["https:\/\/elglobal.do\/index.php\/2025\/09\/11\/el-tribunal-constitucional-anula-ley-clave-sobre-embargos\/"]}]},{"@type":"ImageObject","inLanguage":"es","@id":"https:\/\/elglobal.do\/index.php\/2025\/09\/11\/el-tribunal-constitucional-anula-ley-clave-sobre-embargos\/#primaryimage","url":"https:\/\/elglobal.do\/wp-content\/uploads\/2025\/09\/image-83.png","contentUrl":"https:\/\/elglobal.do\/wp-content\/uploads\/2025\/09\/image-83.png","width":800,"height":533},{"@type":"BreadcrumbList","@id":"https:\/\/elglobal.do\/index.php\/2025\/09\/11\/el-tribunal-constitucional-anula-ley-clave-sobre-embargos\/#breadcrumb","itemListElement":[{"@type":"ListItem","position":1,"name":"Portada","item":"https:\/\/elglobal.do\/"},{"@type":"ListItem","position":2,"name":"El Tribunal Constitucional anula ley clave sobre embargos"}]},{"@type":"WebSite","@id":"https:\/\/elglobal.do\/#website","url":"https:\/\/elglobal.do\/","name":"EL GLOBAL INFORMATIVO","description":"Peri\u00f3dico digital de la Rep\u00fablica Dominicana que ofrece noticias, novedades, pol\u00edtica y las \u00faltimas actualidades, con informaci\u00f3n veraz y oportuna para mantenerte siempre informad","publisher":{"@id":"https:\/\/elglobal.do\/#organization"},"potentialAction":[{"@type":"SearchAction","target":{"@type":"EntryPoint","urlTemplate":"https:\/\/elglobal.do\/?s={search_term_string}"},"query-input":{"@type":"PropertyValueSpecification","valueRequired":true,"valueName":"search_term_string"}}],"inLanguage":"es"},{"@type":"Organization","@id":"https:\/\/elglobal.do\/#organization","name":"EL GLOBAL.DO INFORMATIVO","url":"https:\/\/elglobal.do\/","logo":{"@type":"ImageObject","inLanguage":"es","@id":"https:\/\/elglobal.do\/#\/schema\/logo\/image\/","url":"https:\/\/elglobal.do\/wp-content\/uploads\/2025\/08\/icon.png","contentUrl":"https:\/\/elglobal.do\/wp-content\/uploads\/2025\/08\/icon.png","width":512,"height":512,"caption":"EL GLOBAL.DO INFORMATIVO"},"image":{"@id":"https:\/\/elglobal.do\/#\/schema\/logo\/image\/"}},{"@type":"Person","@id":"https:\/\/elglobal.do\/#\/schema\/person\/0c97ec2c7714fb605d230c292f64d55f","name":"EL GLOBAL","image":{"@type":"ImageObject","inLanguage":"es","@id":"https:\/\/elglobal.do\/#\/schema\/person\/image\/","url":"https:\/\/secure.gravatar.com\/avatar\/081cfb6cf99faddc6f4e23a0c11ab98c5cf302925382d1c88dc3ed757ab910a3?s=96&d=mm&r=g","contentUrl":"https:\/\/secure.gravatar.com\/avatar\/081cfb6cf99faddc6f4e23a0c11ab98c5cf302925382d1c88dc3ed757ab910a3?s=96&d=mm&r=g","caption":"EL GLOBAL"},"description":"El Global Informativo es un peri\u00f3dico digital de Rep\u00fablica Dominicana que se dedica a cubrir temas importantes, como la pol\u00edtica local, geopol\u00edtica, econom\u00eda, tecnolog\u00eda, noticias internacionales y eventos relacionados con la gesti\u00f3n social, cultural y humana. Su objetivo principal es mantener a la poblaci\u00f3n informada, ofreciendo una visi\u00f3n amplia y actualizada de lo que sucede tanto en el pa\u00eds como en el mundo. Est\u00e1 dirigido por un grupo de periodistas experimentados, lo que garantiza la calidad y la precisi\u00f3n de la informaci\u00f3n que ofrecen. Tiene su sede en la ciudad de Santo Domingo y es parte integral del portafolio de la empresa, MC Global S.R.L.","sameAs":["https:\/\/elglobal.do","https:\/\/www.instagram.com\/elglobal.do_informativo\/"],"url":"https:\/\/elglobal.do\/index.php\/author\/elglobaluserpro\/"}]}},"jetpack_featured_media_url":"https:\/\/elglobal.do\/wp-content\/uploads\/2025\/09\/image-83.png","jetpack_sharing_enabled":true,"_links":{"self":[{"href":"https:\/\/elglobal.do\/index.php\/wp-json\/wp\/v2\/posts\/2218","targetHints":{"allow":["GET"]}}],"collection":[{"href":"https:\/\/elglobal.do\/index.php\/wp-json\/wp\/v2\/posts"}],"about":[{"href":"https:\/\/elglobal.do\/index.php\/wp-json\/wp\/v2\/types\/post"}],"author":[{"embeddable":true,"href":"https:\/\/elglobal.do\/index.php\/wp-json\/wp\/v2\/users\/1"}],"replies":[{"embeddable":true,"href":"https:\/\/elglobal.do\/index.php\/wp-json\/wp\/v2\/comments?post=2218"}],"version-history":[{"count":1,"href":"https:\/\/elglobal.do\/index.php\/wp-json\/wp\/v2\/posts\/2218\/revisions"}],"predecessor-version":[{"id":2220,"href":"https:\/\/elglobal.do\/index.php\/wp-json\/wp\/v2\/posts\/2218\/revisions\/2220"}],"wp:featuredmedia":[{"embeddable":true,"href":"https:\/\/elglobal.do\/index.php\/wp-json\/wp\/v2\/media\/2219"}],"wp:attachment":[{"href":"https:\/\/elglobal.do\/index.php\/wp-json\/wp\/v2\/media?parent=2218"}],"wp:term":[{"taxonomy":"category","embeddable":true,"href":"https:\/\/elglobal.do\/index.php\/wp-json\/wp\/v2\/categories?post=2218"},{"taxonomy":"post_tag","embeddable":true,"href":"https:\/\/elglobal.do\/index.php\/wp-json\/wp\/v2\/tags?post=2218"}],"curies":[{"name":"wp","href":"https:\/\/api.w.org\/{rel}","templated":true}]}}