{"id":2221,"date":"2025-09-11T11:15:20","date_gmt":"2025-09-11T15:15:20","guid":{"rendered":"https:\/\/elglobal.do\/?p=2221"},"modified":"2025-09-11T11:40:48","modified_gmt":"2025-09-11T15:40:48","slug":"charlie-kirk-destacado-activista-conservador-muere-tras-recibir-un-disparo-en-utah","status":"publish","type":"post","link":"https:\/\/elglobal.do\/index.php\/2025\/09\/11\/charlie-kirk-destacado-activista-conservador-muere-tras-recibir-un-disparo-en-utah\/","title":{"rendered":"Charlie Kirk, destacado activista conservador, muere tras recibir un disparo en Utah"},"content":{"rendered":"\n<figure class=\"wp-block-image size-large\"><img loading=\"lazy\" decoding=\"async\" width=\"1024\" height=\"683\" src=\"https:\/\/elglobal.do\/wp-content\/uploads\/2025\/09\/image-84-1024x683.png\" alt=\"\" class=\"wp-image-2222\" srcset=\"https:\/\/elglobal.do\/wp-content\/uploads\/2025\/09\/image-84-1024x683.png 1024w, https:\/\/elglobal.do\/wp-content\/uploads\/2025\/09\/image-84-300x200.png 300w, https:\/\/elglobal.do\/wp-content\/uploads\/2025\/09\/image-84-768x512.png 768w, https:\/\/elglobal.do\/wp-content\/uploads\/2025\/09\/image-84.png 1120w\" sizes=\"auto, (max-width: 1024px) 100vw, 1024px\" \/><\/figure>\n\n\n\n<p id=\"anchor-6a45ab\"><strong>Estados Unidos.-<\/strong>El comentarista y activista conservador\u00a0<strong>Charlie Kirk<\/strong>, un estrecho aliado del presidente de Estados Unidos,\u00a0<strong>Donald Trump<\/strong>, fue asesinado este mi\u00e9rcoles tras recibir un disparo en el cuello durante un evento en una universidad de\u00a0<strong>Utah<\/strong>.<\/p>\n\n\n\n<p id=\"anchor-ed35c8\"><strong>Kirk estaba sentado en una carpa<\/strong>&nbsp;cuando se oy\u00f3 la detonaci\u00f3n, luego de lo cual se le ve inclinarse hacia atr\u00e1s y desplomarse en su asiento. Los videos parec\u00edan mostrar sangre en su cuello, mientras la multitud entraba en p\u00e1nico y comenzaba a correr.<\/p>\n\n\n\n<p id=\"anchor-9d3bac\">Kirk estaba en la Universidad del Valle de Utah como invitado para ofrecer una charla como fundador de la organizaci\u00f3n Turning Point USA, que realiza giras por escuelas de todo el pa\u00eds.<\/p>\n\n\n\n<p>El campus de la Universidad de Utah Valley fue cerrado tras el tiroteo y las clases fueron canceladas hasta nuevo aviso, dijo la universidad, que inst\u00f3 a todos a abandonar el lugar de inmediato en una publicaci\u00f3n en X tras el ataque.<\/p>\n\n\n\n<p>Aunque la universidad inform\u00f3 en un principio que una persona hab\u00eda sido arrestada, el peri\u00f3dico<strong>&nbsp;The New York Times&nbsp;<\/strong>detall\u00f3 que la persona detenida no es el autor del&nbsp;<strong>disparo<\/strong>.<\/p>\n\n\n\n<p>Tanto Trump como\u00a0<strong>Real America&#8217;s Voice<\/strong>, un canal de televisi\u00f3n en el que trabajaba Kirk, confirmaron su fallecimiento.En su mensaje en la red Truth Social, Trump dijo que \u00ab<strong>el gran, e incluso legendario, Charlie Kirk ha fallecido. Nadie entend\u00eda ni ten\u00eda el coraz\u00f3n de la juventud de Estados Unidos de Am\u00e9rica mejor que Charlie. Era querido y admirado por todos, especialmente por m\u00ed, y ahora ya no est\u00e1 con nosotros. Melania y yo expresamos nuestro m\u00e1s sentido p\u00e9same a su hermosa esposa Erika y a su familia. \u00a1Charlie, te queremos!\u00bb<\/strong><\/p>\n\n\n\n<p id=\"anchor-a52795\">En una\u00a0alocuci\u00f3n\u00a0horas m\u00e1s tarde este mi\u00e9rcoles desde la Oficina Oval de la Casa Blanca, Trump afirm\u00f3 que estaba \u00ablleno de dolor e ira por el odioso asesinato de Charlie Kirk\u00bb.<\/p>\n\n\n\n<p id=\"anchor-9743e0\">\u00abCharlie inspir\u00f3 a millones y todos los que los conocieron y amaron est\u00e1n unidos, conmovidos y horrorizados\u00bb, dijo el presidente. \u00abEste es un momento oscuro para Estados Unidos\u00bb, subray\u00f3.<\/p>\n\n\n\n<p id=\"anchor-cf336a\">Mientras que los pol\u00edticos de ambos partidos se unieron en gran medida para llorar la muerte de Kirk despu\u00e9s de que fuera asesinado de un disparo, Trump culp\u00f3 a la \u00abizquierda radical\u00bb por su muerte.<\/p>\n","protected":false},"excerpt":{"rendered":"<p>Estados Unidos.-El comentarista y activista conservador\u00a0Charlie Kirk, un estrecho aliado del presidente de Estados Unidos,\u00a0Donald Trump, fue asesinado este mi\u00e9rcoles tras recibir un disparo en el cuello durante un evento&hellip; <\/p>\n","protected":false},"author":1,"featured_media":2222,"comment_status":"open","ping_status":"open","sticky":false,"template":"","format":"standard","meta":{"_jetpack_memberships_contains_paid_content":false,"footnotes":""},"categories":[1,14],"tags":[1144,1145,401,237,1146],"class_list":["post-2221","post","type-post","status-publish","format-standard","has-post-thumbnail","hentry","category-categoria-internacionales","category-slider","tag-charliekirk","tag-conservador","tag-disparo","tag-trump","tag-utah"],"yoast_head":"<!-- This site is optimized with the Yoast SEO plugin v26.9 - https:\/\/yoast.com\/product\/yoast-seo-wordpress\/ -->\n<title>Charlie Kirk, destacado activista conservador, muere tras recibir un disparo en Utah - EL GLOBAL INFORMATIVO<\/title>\n<meta name=\"robots\" content=\"index, follow, max-snippet:-1, max-image-preview:large, max-video-preview:-1\" \/>\n<link rel=\"canonical\" href=\"https:\/\/elglobal.do\/index.php\/2025\/09\/11\/charlie-kirk-destacado-activista-conservador-muere-tras-recibir-un-disparo-en-utah\/\" \/>\n<meta property=\"og:locale\" content=\"es_ES\" \/>\n<meta property=\"og:type\" content=\"article\" \/>\n<meta property=\"og:title\" content=\"Charlie Kirk, destacado activista conservador, muere tras recibir un disparo en Utah - EL GLOBAL INFORMATIVO\" \/>\n<meta property=\"og:description\" content=\"Estados Unidos.-El comentarista y activista conservador\u00a0Charlie Kirk, un estrecho aliado del presidente de Estados Unidos,\u00a0Donald Trump, fue asesinado este mi\u00e9rcoles tras recibir un disparo en el cuello durante un evento&hellip;\" \/>\n<meta property=\"og:url\" content=\"https:\/\/elglobal.do\/index.php\/2025\/09\/11\/charlie-kirk-destacado-activista-conservador-muere-tras-recibir-un-disparo-en-utah\/\" \/>\n<meta property=\"og:site_name\" content=\"EL GLOBAL INFORMATIVO\" \/>\n<meta property=\"article:published_time\" content=\"2025-09-11T15:15:20+00:00\" \/>\n<meta property=\"article:modified_time\" content=\"2025-09-11T15:40:48+00:00\" \/>\n<meta property=\"og:image\" content=\"https:\/\/elglobal.do\/wp-content\/uploads\/2025\/09\/image-84.png\" \/>\n\t<meta property=\"og:image:width\" content=\"1120\" \/>\n\t<meta property=\"og:image:height\" content=\"747\" \/>\n\t<meta property=\"og:image:type\" content=\"image\/png\" \/>\n<meta name=\"author\" content=\"EL GLOBAL\" \/>\n<meta name=\"twitter:card\" content=\"summary_large_image\" \/>\n<meta name=\"twitter:label1\" content=\"Escrito por\" \/>\n\t<meta name=\"twitter:data1\" content=\"EL GLOBAL\" \/>\n\t<meta name=\"twitter:label2\" content=\"Tiempo de lectura\" \/>\n\t<meta name=\"twitter:data2\" content=\"3 minutos\" \/>\n<script type=\"application\/ld+json\" class=\"yoast-schema-graph\">{\"@context\":\"https:\/\/schema.org\",\"@graph\":[{\"@type\":\"Article\",\"@id\":\"https:\/\/elglobal.do\/index.php\/2025\/09\/11\/charlie-kirk-destacado-activista-conservador-muere-tras-recibir-un-disparo-en-utah\/#article\",\"isPartOf\":{\"@id\":\"https:\/\/elglobal.do\/index.php\/2025\/09\/11\/charlie-kirk-destacado-activista-conservador-muere-tras-recibir-un-disparo-en-utah\/\"},\"author\":{\"name\":\"EL GLOBAL\",\"@id\":\"https:\/\/elglobal.do\/#\/schema\/person\/0c97ec2c7714fb605d230c292f64d55f\"},\"headline\":\"Charlie Kirk, destacado activista conservador, muere tras recibir un disparo en Utah\",\"datePublished\":\"2025-09-11T15:15:20+00:00\",\"dateModified\":\"2025-09-11T15:40:48+00:00\",\"mainEntityOfPage\":{\"@id\":\"https:\/\/elglobal.do\/index.php\/2025\/09\/11\/charlie-kirk-destacado-activista-conservador-muere-tras-recibir-un-disparo-en-utah\/\"},\"wordCount\":413,\"commentCount\":0,\"publisher\":{\"@id\":\"https:\/\/elglobal.do\/#organization\"},\"image\":{\"@id\":\"https:\/\/elglobal.do\/index.php\/2025\/09\/11\/charlie-kirk-destacado-activista-conservador-muere-tras-recibir-un-disparo-en-utah\/#primaryimage\"},\"thumbnailUrl\":\"https:\/\/elglobal.do\/wp-content\/uploads\/2025\/09\/image-84.png\",\"keywords\":[\"#CharlieKirk\",\"#Conservador\",\"#Disparo\",\"#Trump\",\"#Utah\"],\"articleSection\":[\"INTERNACIONALES\",\"NOTICIAS RELEVANTES\"],\"inLanguage\":\"es\",\"potentialAction\":[{\"@type\":\"CommentAction\",\"name\":\"Comment\",\"target\":[\"https:\/\/elglobal.do\/index.php\/2025\/09\/11\/charlie-kirk-destacado-activista-conservador-muere-tras-recibir-un-disparo-en-utah\/#respond\"]}]},{\"@type\":\"WebPage\",\"@id\":\"https:\/\/elglobal.do\/index.php\/2025\/09\/11\/charlie-kirk-destacado-activista-conservador-muere-tras-recibir-un-disparo-en-utah\/\",\"url\":\"https:\/\/elglobal.do\/index.php\/2025\/09\/11\/charlie-kirk-destacado-activista-conservador-muere-tras-recibir-un-disparo-en-utah\/\",\"name\":\"Charlie Kirk, destacado activista conservador, muere tras recibir un disparo en Utah - EL GLOBAL INFORMATIVO\",\"isPartOf\":{\"@id\":\"https:\/\/elglobal.do\/#website\"},\"primaryImageOfPage\":{\"@id\":\"https:\/\/elglobal.do\/index.php\/2025\/09\/11\/charlie-kirk-destacado-activista-conservador-muere-tras-recibir-un-disparo-en-utah\/#primaryimage\"},\"image\":{\"@id\":\"https:\/\/elglobal.do\/index.php\/2025\/09\/11\/charlie-kirk-destacado-activista-conservador-muere-tras-recibir-un-disparo-en-utah\/#primaryimage\"},\"thumbnailUrl\":\"https:\/\/elglobal.do\/wp-content\/uploads\/2025\/09\/image-84.png\",\"datePublished\":\"2025-09-11T15:15:20+00:00\",\"dateModified\":\"2025-09-11T15:40:48+00:00\",\"breadcrumb\":{\"@id\":\"https:\/\/elglobal.do\/index.php\/2025\/09\/11\/charlie-kirk-destacado-activista-conservador-muere-tras-recibir-un-disparo-en-utah\/#breadcrumb\"},\"inLanguage\":\"es\",\"potentialAction\":[{\"@type\":\"ReadAction\",\"target\":[\"https:\/\/elglobal.do\/index.php\/2025\/09\/11\/charlie-kirk-destacado-activista-conservador-muere-tras-recibir-un-disparo-en-utah\/\"]}]},{\"@type\":\"ImageObject\",\"inLanguage\":\"es\",\"@id\":\"https:\/\/elglobal.do\/index.php\/2025\/09\/11\/charlie-kirk-destacado-activista-conservador-muere-tras-recibir-un-disparo-en-utah\/#primaryimage\",\"url\":\"https:\/\/elglobal.do\/wp-content\/uploads\/2025\/09\/image-84.png\",\"contentUrl\":\"https:\/\/elglobal.do\/wp-content\/uploads\/2025\/09\/image-84.png\",\"width\":1120,\"height\":747},{\"@type\":\"BreadcrumbList\",\"@id\":\"https:\/\/elglobal.do\/index.php\/2025\/09\/11\/charlie-kirk-destacado-activista-conservador-muere-tras-recibir-un-disparo-en-utah\/#breadcrumb\",\"itemListElement\":[{\"@type\":\"ListItem\",\"position\":1,\"name\":\"Portada\",\"item\":\"https:\/\/elglobal.do\/\"},{\"@type\":\"ListItem\",\"position\":2,\"name\":\"Charlie Kirk, destacado activista conservador, muere tras recibir un disparo en Utah\"}]},{\"@type\":\"WebSite\",\"@id\":\"https:\/\/elglobal.do\/#website\",\"url\":\"https:\/\/elglobal.do\/\",\"name\":\"EL GLOBAL INFORMATIVO\",\"description\":\"Peri\u00f3dico digital de la Rep\u00fablica Dominicana que ofrece noticias, novedades, pol\u00edtica y las \u00faltimas actualidades, con informaci\u00f3n veraz y oportuna para mantenerte siempre informad\",\"publisher\":{\"@id\":\"https:\/\/elglobal.do\/#organization\"},\"potentialAction\":[{\"@type\":\"SearchAction\",\"target\":{\"@type\":\"EntryPoint\",\"urlTemplate\":\"https:\/\/elglobal.do\/?s={search_term_string}\"},\"query-input\":{\"@type\":\"PropertyValueSpecification\",\"valueRequired\":true,\"valueName\":\"search_term_string\"}}],\"inLanguage\":\"es\"},{\"@type\":\"Organization\",\"@id\":\"https:\/\/elglobal.do\/#organization\",\"name\":\"EL GLOBAL.DO INFORMATIVO\",\"url\":\"https:\/\/elglobal.do\/\",\"logo\":{\"@type\":\"ImageObject\",\"inLanguage\":\"es\",\"@id\":\"https:\/\/elglobal.do\/#\/schema\/logo\/image\/\",\"url\":\"https:\/\/elglobal.do\/wp-content\/uploads\/2025\/08\/icon.png\",\"contentUrl\":\"https:\/\/elglobal.do\/wp-content\/uploads\/2025\/08\/icon.png\",\"width\":512,\"height\":512,\"caption\":\"EL GLOBAL.DO INFORMATIVO\"},\"image\":{\"@id\":\"https:\/\/elglobal.do\/#\/schema\/logo\/image\/\"}},{\"@type\":\"Person\",\"@id\":\"https:\/\/elglobal.do\/#\/schema\/person\/0c97ec2c7714fb605d230c292f64d55f\",\"name\":\"EL GLOBAL\",\"image\":{\"@type\":\"ImageObject\",\"inLanguage\":\"es\",\"@id\":\"https:\/\/elglobal.do\/#\/schema\/person\/image\/\",\"url\":\"https:\/\/secure.gravatar.com\/avatar\/081cfb6cf99faddc6f4e23a0c11ab98c5cf302925382d1c88dc3ed757ab910a3?s=96&d=mm&r=g\",\"contentUrl\":\"https:\/\/secure.gravatar.com\/avatar\/081cfb6cf99faddc6f4e23a0c11ab98c5cf302925382d1c88dc3ed757ab910a3?s=96&d=mm&r=g\",\"caption\":\"EL GLOBAL\"},\"description\":\"El Global Informativo es un peri\u00f3dico digital de Rep\u00fablica Dominicana que se dedica a cubrir temas importantes, como la pol\u00edtica local, geopol\u00edtica, econom\u00eda, tecnolog\u00eda, noticias internacionales y eventos relacionados con la gesti\u00f3n social, cultural y humana. Su objetivo principal es mantener a la poblaci\u00f3n informada, ofreciendo una visi\u00f3n amplia y actualizada de lo que sucede tanto en el pa\u00eds como en el mundo. Est\u00e1 dirigido por un grupo de periodistas experimentados, lo que garantiza la calidad y la precisi\u00f3n de la informaci\u00f3n que ofrecen. Tiene su sede en la ciudad de Santo Domingo y es parte integral del portafolio de la empresa, MC Global S.R.L.\",\"sameAs\":[\"https:\/\/elglobal.do\",\"https:\/\/www.instagram.com\/elglobal.do_informativo\/\"],\"url\":\"https:\/\/elglobal.do\/index.php\/author\/elglobaluserpro\/\"}]}<\/script>\n<!-- \/ Yoast SEO plugin. -->","yoast_head_json":{"title":"Charlie Kirk, destacado activista conservador, muere tras recibir un disparo en Utah - EL GLOBAL INFORMATIVO","robots":{"index":"index","follow":"follow","max-snippet":"max-snippet:-1","max-image-preview":"max-image-preview:large","max-video-preview":"max-video-preview:-1"},"canonical":"https:\/\/elglobal.do\/index.php\/2025\/09\/11\/charlie-kirk-destacado-activista-conservador-muere-tras-recibir-un-disparo-en-utah\/","og_locale":"es_ES","og_type":"article","og_title":"Charlie Kirk, destacado activista conservador, muere tras recibir un disparo en Utah - EL GLOBAL INFORMATIVO","og_description":"Estados Unidos.-El comentarista y activista conservador\u00a0Charlie Kirk, un estrecho aliado del presidente de Estados Unidos,\u00a0Donald Trump, fue asesinado este mi\u00e9rcoles tras recibir un disparo en el cuello durante un evento&hellip;","og_url":"https:\/\/elglobal.do\/index.php\/2025\/09\/11\/charlie-kirk-destacado-activista-conservador-muere-tras-recibir-un-disparo-en-utah\/","og_site_name":"EL GLOBAL INFORMATIVO","article_published_time":"2025-09-11T15:15:20+00:00","article_modified_time":"2025-09-11T15:40:48+00:00","og_image":[{"width":1120,"height":747,"url":"https:\/\/elglobal.do\/wp-content\/uploads\/2025\/09\/image-84.png","type":"image\/png"}],"author":"EL GLOBAL","twitter_card":"summary_large_image","twitter_misc":{"Escrito por":"EL GLOBAL","Tiempo de lectura":"3 minutos"},"schema":{"@context":"https:\/\/schema.org","@graph":[{"@type":"Article","@id":"https:\/\/elglobal.do\/index.php\/2025\/09\/11\/charlie-kirk-destacado-activista-conservador-muere-tras-recibir-un-disparo-en-utah\/#article","isPartOf":{"@id":"https:\/\/elglobal.do\/index.php\/2025\/09\/11\/charlie-kirk-destacado-activista-conservador-muere-tras-recibir-un-disparo-en-utah\/"},"author":{"name":"EL GLOBAL","@id":"https:\/\/elglobal.do\/#\/schema\/person\/0c97ec2c7714fb605d230c292f64d55f"},"headline":"Charlie Kirk, destacado activista conservador, muere tras recibir un disparo en Utah","datePublished":"2025-09-11T15:15:20+00:00","dateModified":"2025-09-11T15:40:48+00:00","mainEntityOfPage":{"@id":"https:\/\/elglobal.do\/index.php\/2025\/09\/11\/charlie-kirk-destacado-activista-conservador-muere-tras-recibir-un-disparo-en-utah\/"},"wordCount":413,"commentCount":0,"publisher":{"@id":"https:\/\/elglobal.do\/#organization"},"image":{"@id":"https:\/\/elglobal.do\/index.php\/2025\/09\/11\/charlie-kirk-destacado-activista-conservador-muere-tras-recibir-un-disparo-en-utah\/#primaryimage"},"thumbnailUrl":"https:\/\/elglobal.do\/wp-content\/uploads\/2025\/09\/image-84.png","keywords":["#CharlieKirk","#Conservador","#Disparo","#Trump","#Utah"],"articleSection":["INTERNACIONALES","NOTICIAS RELEVANTES"],"inLanguage":"es","potentialAction":[{"@type":"CommentAction","name":"Comment","target":["https:\/\/elglobal.do\/index.php\/2025\/09\/11\/charlie-kirk-destacado-activista-conservador-muere-tras-recibir-un-disparo-en-utah\/#respond"]}]},{"@type":"WebPage","@id":"https:\/\/elglobal.do\/index.php\/2025\/09\/11\/charlie-kirk-destacado-activista-conservador-muere-tras-recibir-un-disparo-en-utah\/","url":"https:\/\/elglobal.do\/index.php\/2025\/09\/11\/charlie-kirk-destacado-activista-conservador-muere-tras-recibir-un-disparo-en-utah\/","name":"Charlie Kirk, destacado activista conservador, muere tras recibir un disparo en Utah - EL GLOBAL INFORMATIVO","isPartOf":{"@id":"https:\/\/elglobal.do\/#website"},"primaryImageOfPage":{"@id":"https:\/\/elglobal.do\/index.php\/2025\/09\/11\/charlie-kirk-destacado-activista-conservador-muere-tras-recibir-un-disparo-en-utah\/#primaryimage"},"image":{"@id":"https:\/\/elglobal.do\/index.php\/2025\/09\/11\/charlie-kirk-destacado-activista-conservador-muere-tras-recibir-un-disparo-en-utah\/#primaryimage"},"thumbnailUrl":"https:\/\/elglobal.do\/wp-content\/uploads\/2025\/09\/image-84.png","datePublished":"2025-09-11T15:15:20+00:00","dateModified":"2025-09-11T15:40:48+00:00","breadcrumb":{"@id":"https:\/\/elglobal.do\/index.php\/2025\/09\/11\/charlie-kirk-destacado-activista-conservador-muere-tras-recibir-un-disparo-en-utah\/#breadcrumb"},"inLanguage":"es","potentialAction":[{"@type":"ReadAction","target":["https:\/\/elglobal.do\/index.php\/2025\/09\/11\/charlie-kirk-destacado-activista-conservador-muere-tras-recibir-un-disparo-en-utah\/"]}]},{"@type":"ImageObject","inLanguage":"es","@id":"https:\/\/elglobal.do\/index.php\/2025\/09\/11\/charlie-kirk-destacado-activista-conservador-muere-tras-recibir-un-disparo-en-utah\/#primaryimage","url":"https:\/\/elglobal.do\/wp-content\/uploads\/2025\/09\/image-84.png","contentUrl":"https:\/\/elglobal.do\/wp-content\/uploads\/2025\/09\/image-84.png","width":1120,"height":747},{"@type":"BreadcrumbList","@id":"https:\/\/elglobal.do\/index.php\/2025\/09\/11\/charlie-kirk-destacado-activista-conservador-muere-tras-recibir-un-disparo-en-utah\/#breadcrumb","itemListElement":[{"@type":"ListItem","position":1,"name":"Portada","item":"https:\/\/elglobal.do\/"},{"@type":"ListItem","position":2,"name":"Charlie Kirk, destacado activista conservador, muere tras recibir un disparo en Utah"}]},{"@type":"WebSite","@id":"https:\/\/elglobal.do\/#website","url":"https:\/\/elglobal.do\/","name":"EL GLOBAL INFORMATIVO","description":"Peri\u00f3dico digital de la Rep\u00fablica Dominicana que ofrece noticias, novedades, pol\u00edtica y las \u00faltimas actualidades, con informaci\u00f3n veraz y oportuna para mantenerte siempre informad","publisher":{"@id":"https:\/\/elglobal.do\/#organization"},"potentialAction":[{"@type":"SearchAction","target":{"@type":"EntryPoint","urlTemplate":"https:\/\/elglobal.do\/?s={search_term_string}"},"query-input":{"@type":"PropertyValueSpecification","valueRequired":true,"valueName":"search_term_string"}}],"inLanguage":"es"},{"@type":"Organization","@id":"https:\/\/elglobal.do\/#organization","name":"EL GLOBAL.DO INFORMATIVO","url":"https:\/\/elglobal.do\/","logo":{"@type":"ImageObject","inLanguage":"es","@id":"https:\/\/elglobal.do\/#\/schema\/logo\/image\/","url":"https:\/\/elglobal.do\/wp-content\/uploads\/2025\/08\/icon.png","contentUrl":"https:\/\/elglobal.do\/wp-content\/uploads\/2025\/08\/icon.png","width":512,"height":512,"caption":"EL GLOBAL.DO INFORMATIVO"},"image":{"@id":"https:\/\/elglobal.do\/#\/schema\/logo\/image\/"}},{"@type":"Person","@id":"https:\/\/elglobal.do\/#\/schema\/person\/0c97ec2c7714fb605d230c292f64d55f","name":"EL GLOBAL","image":{"@type":"ImageObject","inLanguage":"es","@id":"https:\/\/elglobal.do\/#\/schema\/person\/image\/","url":"https:\/\/secure.gravatar.com\/avatar\/081cfb6cf99faddc6f4e23a0c11ab98c5cf302925382d1c88dc3ed757ab910a3?s=96&d=mm&r=g","contentUrl":"https:\/\/secure.gravatar.com\/avatar\/081cfb6cf99faddc6f4e23a0c11ab98c5cf302925382d1c88dc3ed757ab910a3?s=96&d=mm&r=g","caption":"EL GLOBAL"},"description":"El Global Informativo es un peri\u00f3dico digital de Rep\u00fablica Dominicana que se dedica a cubrir temas importantes, como la pol\u00edtica local, geopol\u00edtica, econom\u00eda, tecnolog\u00eda, noticias internacionales y eventos relacionados con la gesti\u00f3n social, cultural y humana. Su objetivo principal es mantener a la poblaci\u00f3n informada, ofreciendo una visi\u00f3n amplia y actualizada de lo que sucede tanto en el pa\u00eds como en el mundo. Est\u00e1 dirigido por un grupo de periodistas experimentados, lo que garantiza la calidad y la precisi\u00f3n de la informaci\u00f3n que ofrecen. Tiene su sede en la ciudad de Santo Domingo y es parte integral del portafolio de la empresa, MC Global S.R.L.","sameAs":["https:\/\/elglobal.do","https:\/\/www.instagram.com\/elglobal.do_informativo\/"],"url":"https:\/\/elglobal.do\/index.php\/author\/elglobaluserpro\/"}]}},"jetpack_featured_media_url":"https:\/\/elglobal.do\/wp-content\/uploads\/2025\/09\/image-84.png","jetpack_sharing_enabled":true,"_links":{"self":[{"href":"https:\/\/elglobal.do\/index.php\/wp-json\/wp\/v2\/posts\/2221","targetHints":{"allow":["GET"]}}],"collection":[{"href":"https:\/\/elglobal.do\/index.php\/wp-json\/wp\/v2\/posts"}],"about":[{"href":"https:\/\/elglobal.do\/index.php\/wp-json\/wp\/v2\/types\/post"}],"author":[{"embeddable":true,"href":"https:\/\/elglobal.do\/index.php\/wp-json\/wp\/v2\/users\/1"}],"replies":[{"embeddable":true,"href":"https:\/\/elglobal.do\/index.php\/wp-json\/wp\/v2\/comments?post=2221"}],"version-history":[{"count":1,"href":"https:\/\/elglobal.do\/index.php\/wp-json\/wp\/v2\/posts\/2221\/revisions"}],"predecessor-version":[{"id":2223,"href":"https:\/\/elglobal.do\/index.php\/wp-json\/wp\/v2\/posts\/2221\/revisions\/2223"}],"wp:featuredmedia":[{"embeddable":true,"href":"https:\/\/elglobal.do\/index.php\/wp-json\/wp\/v2\/media\/2222"}],"wp:attachment":[{"href":"https:\/\/elglobal.do\/index.php\/wp-json\/wp\/v2\/media?parent=2221"}],"wp:term":[{"taxonomy":"category","embeddable":true,"href":"https:\/\/elglobal.do\/index.php\/wp-json\/wp\/v2\/categories?post=2221"},{"taxonomy":"post_tag","embeddable":true,"href":"https:\/\/elglobal.do\/index.php\/wp-json\/wp\/v2\/tags?post=2221"}],"curies":[{"name":"wp","href":"https:\/\/api.w.org\/{rel}","templated":true}]}}