{"id":2225,"date":"2025-09-11T11:27:01","date_gmt":"2025-09-11T15:27:01","guid":{"rendered":"https:\/\/elglobal.do\/?p=2225"},"modified":"2025-09-11T11:27:05","modified_gmt":"2025-09-11T15:27:05","slug":"fuerte-explosion-de-camion-con-gas-en-mexico-deja-al-menos-6-fallecidos","status":"publish","type":"post","link":"https:\/\/elglobal.do\/index.php\/2025\/09\/11\/fuerte-explosion-de-camion-con-gas-en-mexico-deja-al-menos-6-fallecidos\/","title":{"rendered":"Fuerte explosi\u00f3n de cami\u00f3n con gas en  M\u00e9xico deja al menos 6 fallecidos"},"content":{"rendered":"\n<figure class=\"wp-block-image size-full\"><img loading=\"lazy\" decoding=\"async\" width=\"599\" height=\"399\" src=\"https:\/\/elglobal.do\/wp-content\/uploads\/2025\/09\/image-85.png\" alt=\"\" class=\"wp-image-2227\" srcset=\"https:\/\/elglobal.do\/wp-content\/uploads\/2025\/09\/image-85.png 599w, https:\/\/elglobal.do\/wp-content\/uploads\/2025\/09\/image-85-300x200.png 300w\" sizes=\"auto, (max-width: 599px) 100vw, 599px\" \/><\/figure>\n\n\n\n<p><strong>M\u00e9xico.<\/strong>-La explosi\u00f3n de un veh\u00edculo que transportaba gas en la alcald\u00eda Iztapalapa, en el oriente de la Ciudad de M\u00e9xico, dej\u00f3 al menos seis personas muertas y 90 heridas ayer,  inform\u00f3 este jueves el Gobierno de la capital mexicana.<\/p>\n\n\n\n<p>De acuerdo con las autoridades, la explosi\u00f3n ocurri\u00f3 alrededor de las 2:25 de la tarde, hora local, luego de que el veh\u00edculo con 49.500 litros de gas \u2014que en M\u00e9xico son conocidos como <strong>\u201cpipas\u201d<\/strong>\u2014 se volc\u00f3 en la zona de Puente de la Concordia.<\/p>\n\n\n\n<p>De los lesionados, 10 ya fueron dados de alta, inform\u00f3 la jefa de Gobierno, Clara Brugada, en un mensaje en X la noche del mi\u00e9rcoles.<\/p>\n\n\n\n<p>La jefa de Gobierno de la capital comparti\u00f3 en su cuenta oficial de X una\u00a0lista preliminar\u00a0de las personas hospitalizadas y se\u00f1al\u00f3 que se actualizar\u00e1 de acuerdo con las necesidades m\u00e9dicas de los heridos.<\/p>\n\n\n\n<p>Brugada dijo que el estallido gener\u00f3 una \u201conda expansiva\u201d que afect\u00f3 a veh\u00edculos cercanos y que se est\u00e1 investigando tanto qu\u00e9 caus\u00f3 la volcadura como cu\u00e1l es la situaci\u00f3n del conductor, quien est\u00e1 entre las personas lesionadas.<\/p>\n\n\n\n<p>El fuego ha sido sofocado,\u00a0se\u00f1al\u00f3\u00a0Brugada, pero continuaban las labores de enfriamiento.<\/p>\n\n\n\n<figure class=\"wp-block-image size-large\"><img loading=\"lazy\" decoding=\"async\" width=\"1024\" height=\"683\" src=\"https:\/\/elglobal.do\/wp-content\/uploads\/2025\/09\/image-86-1024x683.png\" alt=\"\" class=\"wp-image-2229\" srcset=\"https:\/\/elglobal.do\/wp-content\/uploads\/2025\/09\/image-86-1024x683.png 1024w, https:\/\/elglobal.do\/wp-content\/uploads\/2025\/09\/image-86-300x200.png 300w, https:\/\/elglobal.do\/wp-content\/uploads\/2025\/09\/image-86-768x512.png 768w, https:\/\/elglobal.do\/wp-content\/uploads\/2025\/09\/image-86.png 1440w\" sizes=\"auto, (max-width: 1024px) 100vw, 1024px\" \/><\/figure>\n\n\n\n<p>Las autoridades informaron que <strong>28<\/strong> veh\u00edculos resultaron da\u00f1ados, entre ellos 10 que ya fueron retirados y registrados para posibles futuros reclamos. Tambi\u00e9n indicaron que lo m\u00e1s complejo ser\u00e1 el retiro de dos camiones pesados: uno transportaba cemento y el otro, cart\u00f3n para reciclaje.<\/p>\n\n\n\n<p>La maniobra para retirar estos camiones incluir\u00e1 la descarga de la mercanc\u00eda, y se espera que el retiro completo se realice durante el transcurso de la noche, seg\u00fan V\u00e1zquez.<\/p>\n\n\n\n<p>El secretario de Seguridad dijo que el conductor del cami\u00f3n fue identificado con apoyo de la empresa y su aseguradora. Fue trasladado a un hospital cercano y su estado de salud es grave, agreg\u00f3 el funcionario.<\/p>\n\n\n\n<p>La atenci\u00f3n al incidente ha contado con la coordinaci\u00f3n de los tres niveles de gobierno, incluyendo la participaci\u00f3n de la Coordinaci\u00f3n Nacional de Protecci\u00f3n Civil, la Secretar\u00eda de la Defensa Nacional, la Guardia Nacional, la Secretar\u00eda de Marina, as\u00ed como la gobernadora del Estado de M\u00e9xico, Delfina G\u00f3mez, dado que el accidente ocurri\u00f3 en los l\u00edmites entre la Ciudad de M\u00e9xico y el Estado de M\u00e9xico.<\/p>\n\n\n\n<p><\/p>\n","protected":false},"excerpt":{"rendered":"<p>M\u00e9xico.-La explosi\u00f3n de un veh\u00edculo que transportaba gas en la alcald\u00eda Iztapalapa, en el oriente de la Ciudad de M\u00e9xico, dej\u00f3 al menos seis personas muertas y 90 heridas ayer,&hellip; <\/p>\n","protected":false},"author":1,"featured_media":2227,"comment_status":"open","ping_status":"open","sticky":false,"template":"","format":"standard","meta":{"_jetpack_memberships_contains_paid_content":false,"footnotes":""},"categories":[1],"tags":[1148,1149,944,1147],"class_list":["post-2225","post","type-post","status-publish","format-standard","has-post-thumbnail","hentry","category-categoria-internacionales","tag-camion","tag-fallecidos","tag-gas","tag-mexico-2"],"yoast_head":"<!-- This site is optimized with the Yoast SEO plugin v26.9 - https:\/\/yoast.com\/product\/yoast-seo-wordpress\/ -->\n<title>Fuerte explosi\u00f3n de cami\u00f3n con gas en M\u00e9xico deja al menos 6 fallecidos - EL GLOBAL INFORMATIVO<\/title>\n<meta name=\"robots\" content=\"index, follow, max-snippet:-1, max-image-preview:large, max-video-preview:-1\" \/>\n<link rel=\"canonical\" href=\"https:\/\/elglobal.do\/index.php\/2025\/09\/11\/fuerte-explosion-de-camion-con-gas-en-mexico-deja-al-menos-6-fallecidos\/\" \/>\n<meta property=\"og:locale\" content=\"es_ES\" \/>\n<meta property=\"og:type\" content=\"article\" \/>\n<meta property=\"og:title\" content=\"Fuerte explosi\u00f3n de cami\u00f3n con gas en M\u00e9xico deja al menos 6 fallecidos - EL GLOBAL INFORMATIVO\" \/>\n<meta property=\"og:description\" content=\"M\u00e9xico.-La explosi\u00f3n de un veh\u00edculo que transportaba gas en la alcald\u00eda Iztapalapa, en el oriente de la Ciudad de M\u00e9xico, dej\u00f3 al menos seis personas muertas y 90 heridas ayer,&hellip;\" \/>\n<meta property=\"og:url\" content=\"https:\/\/elglobal.do\/index.php\/2025\/09\/11\/fuerte-explosion-de-camion-con-gas-en-mexico-deja-al-menos-6-fallecidos\/\" \/>\n<meta property=\"og:site_name\" content=\"EL GLOBAL INFORMATIVO\" \/>\n<meta property=\"article:published_time\" content=\"2025-09-11T15:27:01+00:00\" \/>\n<meta property=\"article:modified_time\" content=\"2025-09-11T15:27:05+00:00\" \/>\n<meta property=\"og:image\" content=\"https:\/\/elglobal.do\/wp-content\/uploads\/2025\/09\/image-85.png\" \/>\n\t<meta property=\"og:image:width\" content=\"599\" \/>\n\t<meta property=\"og:image:height\" content=\"399\" \/>\n\t<meta property=\"og:image:type\" content=\"image\/png\" \/>\n<meta name=\"author\" content=\"EL GLOBAL\" \/>\n<meta name=\"twitter:card\" content=\"summary_large_image\" \/>\n<meta name=\"twitter:label1\" content=\"Escrito por\" \/>\n\t<meta name=\"twitter:data1\" content=\"EL GLOBAL\" \/>\n\t<meta name=\"twitter:label2\" content=\"Tiempo de lectura\" \/>\n\t<meta name=\"twitter:data2\" content=\"3 minutos\" \/>\n<script type=\"application\/ld+json\" class=\"yoast-schema-graph\">{\"@context\":\"https:\/\/schema.org\",\"@graph\":[{\"@type\":\"Article\",\"@id\":\"https:\/\/elglobal.do\/index.php\/2025\/09\/11\/fuerte-explosion-de-camion-con-gas-en-mexico-deja-al-menos-6-fallecidos\/#article\",\"isPartOf\":{\"@id\":\"https:\/\/elglobal.do\/index.php\/2025\/09\/11\/fuerte-explosion-de-camion-con-gas-en-mexico-deja-al-menos-6-fallecidos\/\"},\"author\":{\"name\":\"EL GLOBAL\",\"@id\":\"https:\/\/elglobal.do\/#\/schema\/person\/0c97ec2c7714fb605d230c292f64d55f\"},\"headline\":\"Fuerte explosi\u00f3n de cami\u00f3n con gas en M\u00e9xico deja al menos 6 fallecidos\",\"datePublished\":\"2025-09-11T15:27:01+00:00\",\"dateModified\":\"2025-09-11T15:27:05+00:00\",\"mainEntityOfPage\":{\"@id\":\"https:\/\/elglobal.do\/index.php\/2025\/09\/11\/fuerte-explosion-de-camion-con-gas-en-mexico-deja-al-menos-6-fallecidos\/\"},\"wordCount\":413,\"commentCount\":0,\"publisher\":{\"@id\":\"https:\/\/elglobal.do\/#organization\"},\"image\":{\"@id\":\"https:\/\/elglobal.do\/index.php\/2025\/09\/11\/fuerte-explosion-de-camion-con-gas-en-mexico-deja-al-menos-6-fallecidos\/#primaryimage\"},\"thumbnailUrl\":\"https:\/\/elglobal.do\/wp-content\/uploads\/2025\/09\/image-85.png\",\"keywords\":[\"#Cami\u00f3n\",\"#Fallecidos\",\"#Gas\",\"#M\u00e9xico\"],\"articleSection\":[\"INTERNACIONALES\"],\"inLanguage\":\"es\",\"potentialAction\":[{\"@type\":\"CommentAction\",\"name\":\"Comment\",\"target\":[\"https:\/\/elglobal.do\/index.php\/2025\/09\/11\/fuerte-explosion-de-camion-con-gas-en-mexico-deja-al-menos-6-fallecidos\/#respond\"]}]},{\"@type\":\"WebPage\",\"@id\":\"https:\/\/elglobal.do\/index.php\/2025\/09\/11\/fuerte-explosion-de-camion-con-gas-en-mexico-deja-al-menos-6-fallecidos\/\",\"url\":\"https:\/\/elglobal.do\/index.php\/2025\/09\/11\/fuerte-explosion-de-camion-con-gas-en-mexico-deja-al-menos-6-fallecidos\/\",\"name\":\"Fuerte explosi\u00f3n de cami\u00f3n con gas en M\u00e9xico deja al menos 6 fallecidos - EL GLOBAL INFORMATIVO\",\"isPartOf\":{\"@id\":\"https:\/\/elglobal.do\/#website\"},\"primaryImageOfPage\":{\"@id\":\"https:\/\/elglobal.do\/index.php\/2025\/09\/11\/fuerte-explosion-de-camion-con-gas-en-mexico-deja-al-menos-6-fallecidos\/#primaryimage\"},\"image\":{\"@id\":\"https:\/\/elglobal.do\/index.php\/2025\/09\/11\/fuerte-explosion-de-camion-con-gas-en-mexico-deja-al-menos-6-fallecidos\/#primaryimage\"},\"thumbnailUrl\":\"https:\/\/elglobal.do\/wp-content\/uploads\/2025\/09\/image-85.png\",\"datePublished\":\"2025-09-11T15:27:01+00:00\",\"dateModified\":\"2025-09-11T15:27:05+00:00\",\"breadcrumb\":{\"@id\":\"https:\/\/elglobal.do\/index.php\/2025\/09\/11\/fuerte-explosion-de-camion-con-gas-en-mexico-deja-al-menos-6-fallecidos\/#breadcrumb\"},\"inLanguage\":\"es\",\"potentialAction\":[{\"@type\":\"ReadAction\",\"target\":[\"https:\/\/elglobal.do\/index.php\/2025\/09\/11\/fuerte-explosion-de-camion-con-gas-en-mexico-deja-al-menos-6-fallecidos\/\"]}]},{\"@type\":\"ImageObject\",\"inLanguage\":\"es\",\"@id\":\"https:\/\/elglobal.do\/index.php\/2025\/09\/11\/fuerte-explosion-de-camion-con-gas-en-mexico-deja-al-menos-6-fallecidos\/#primaryimage\",\"url\":\"https:\/\/elglobal.do\/wp-content\/uploads\/2025\/09\/image-85.png\",\"contentUrl\":\"https:\/\/elglobal.do\/wp-content\/uploads\/2025\/09\/image-85.png\",\"width\":599,\"height\":399},{\"@type\":\"BreadcrumbList\",\"@id\":\"https:\/\/elglobal.do\/index.php\/2025\/09\/11\/fuerte-explosion-de-camion-con-gas-en-mexico-deja-al-menos-6-fallecidos\/#breadcrumb\",\"itemListElement\":[{\"@type\":\"ListItem\",\"position\":1,\"name\":\"Portada\",\"item\":\"https:\/\/elglobal.do\/\"},{\"@type\":\"ListItem\",\"position\":2,\"name\":\"Fuerte explosi\u00f3n de cami\u00f3n con gas en M\u00e9xico deja al menos 6 fallecidos\"}]},{\"@type\":\"WebSite\",\"@id\":\"https:\/\/elglobal.do\/#website\",\"url\":\"https:\/\/elglobal.do\/\",\"name\":\"EL GLOBAL INFORMATIVO\",\"description\":\"Peri\u00f3dico digital de la Rep\u00fablica Dominicana que ofrece noticias, novedades, pol\u00edtica y las \u00faltimas actualidades, con informaci\u00f3n veraz y oportuna para mantenerte siempre informad\",\"publisher\":{\"@id\":\"https:\/\/elglobal.do\/#organization\"},\"potentialAction\":[{\"@type\":\"SearchAction\",\"target\":{\"@type\":\"EntryPoint\",\"urlTemplate\":\"https:\/\/elglobal.do\/?s={search_term_string}\"},\"query-input\":{\"@type\":\"PropertyValueSpecification\",\"valueRequired\":true,\"valueName\":\"search_term_string\"}}],\"inLanguage\":\"es\"},{\"@type\":\"Organization\",\"@id\":\"https:\/\/elglobal.do\/#organization\",\"name\":\"EL GLOBAL.DO INFORMATIVO\",\"url\":\"https:\/\/elglobal.do\/\",\"logo\":{\"@type\":\"ImageObject\",\"inLanguage\":\"es\",\"@id\":\"https:\/\/elglobal.do\/#\/schema\/logo\/image\/\",\"url\":\"https:\/\/elglobal.do\/wp-content\/uploads\/2025\/08\/icon.png\",\"contentUrl\":\"https:\/\/elglobal.do\/wp-content\/uploads\/2025\/08\/icon.png\",\"width\":512,\"height\":512,\"caption\":\"EL GLOBAL.DO INFORMATIVO\"},\"image\":{\"@id\":\"https:\/\/elglobal.do\/#\/schema\/logo\/image\/\"}},{\"@type\":\"Person\",\"@id\":\"https:\/\/elglobal.do\/#\/schema\/person\/0c97ec2c7714fb605d230c292f64d55f\",\"name\":\"EL GLOBAL\",\"image\":{\"@type\":\"ImageObject\",\"inLanguage\":\"es\",\"@id\":\"https:\/\/elglobal.do\/#\/schema\/person\/image\/\",\"url\":\"https:\/\/secure.gravatar.com\/avatar\/081cfb6cf99faddc6f4e23a0c11ab98c5cf302925382d1c88dc3ed757ab910a3?s=96&d=mm&r=g\",\"contentUrl\":\"https:\/\/secure.gravatar.com\/avatar\/081cfb6cf99faddc6f4e23a0c11ab98c5cf302925382d1c88dc3ed757ab910a3?s=96&d=mm&r=g\",\"caption\":\"EL GLOBAL\"},\"description\":\"El Global Informativo es un peri\u00f3dico digital de Rep\u00fablica Dominicana que se dedica a cubrir temas importantes, como la pol\u00edtica local, geopol\u00edtica, econom\u00eda, tecnolog\u00eda, noticias internacionales y eventos relacionados con la gesti\u00f3n social, cultural y humana. Su objetivo principal es mantener a la poblaci\u00f3n informada, ofreciendo una visi\u00f3n amplia y actualizada de lo que sucede tanto en el pa\u00eds como en el mundo. Est\u00e1 dirigido por un grupo de periodistas experimentados, lo que garantiza la calidad y la precisi\u00f3n de la informaci\u00f3n que ofrecen. Tiene su sede en la ciudad de Santo Domingo y es parte integral del portafolio de la empresa, MC Global S.R.L.\",\"sameAs\":[\"https:\/\/elglobal.do\",\"https:\/\/www.instagram.com\/elglobal.do_informativo\/\"],\"url\":\"https:\/\/elglobal.do\/index.php\/author\/elglobaluserpro\/\"}]}<\/script>\n<!-- \/ Yoast SEO plugin. -->","yoast_head_json":{"title":"Fuerte explosi\u00f3n de cami\u00f3n con gas en M\u00e9xico deja al menos 6 fallecidos - EL GLOBAL INFORMATIVO","robots":{"index":"index","follow":"follow","max-snippet":"max-snippet:-1","max-image-preview":"max-image-preview:large","max-video-preview":"max-video-preview:-1"},"canonical":"https:\/\/elglobal.do\/index.php\/2025\/09\/11\/fuerte-explosion-de-camion-con-gas-en-mexico-deja-al-menos-6-fallecidos\/","og_locale":"es_ES","og_type":"article","og_title":"Fuerte explosi\u00f3n de cami\u00f3n con gas en M\u00e9xico deja al menos 6 fallecidos - EL GLOBAL INFORMATIVO","og_description":"M\u00e9xico.-La explosi\u00f3n de un veh\u00edculo que transportaba gas en la alcald\u00eda Iztapalapa, en el oriente de la Ciudad de M\u00e9xico, dej\u00f3 al menos seis personas muertas y 90 heridas ayer,&hellip;","og_url":"https:\/\/elglobal.do\/index.php\/2025\/09\/11\/fuerte-explosion-de-camion-con-gas-en-mexico-deja-al-menos-6-fallecidos\/","og_site_name":"EL GLOBAL INFORMATIVO","article_published_time":"2025-09-11T15:27:01+00:00","article_modified_time":"2025-09-11T15:27:05+00:00","og_image":[{"width":599,"height":399,"url":"https:\/\/elglobal.do\/wp-content\/uploads\/2025\/09\/image-85.png","type":"image\/png"}],"author":"EL GLOBAL","twitter_card":"summary_large_image","twitter_misc":{"Escrito por":"EL GLOBAL","Tiempo de lectura":"3 minutos"},"schema":{"@context":"https:\/\/schema.org","@graph":[{"@type":"Article","@id":"https:\/\/elglobal.do\/index.php\/2025\/09\/11\/fuerte-explosion-de-camion-con-gas-en-mexico-deja-al-menos-6-fallecidos\/#article","isPartOf":{"@id":"https:\/\/elglobal.do\/index.php\/2025\/09\/11\/fuerte-explosion-de-camion-con-gas-en-mexico-deja-al-menos-6-fallecidos\/"},"author":{"name":"EL GLOBAL","@id":"https:\/\/elglobal.do\/#\/schema\/person\/0c97ec2c7714fb605d230c292f64d55f"},"headline":"Fuerte explosi\u00f3n de cami\u00f3n con gas en M\u00e9xico deja al menos 6 fallecidos","datePublished":"2025-09-11T15:27:01+00:00","dateModified":"2025-09-11T15:27:05+00:00","mainEntityOfPage":{"@id":"https:\/\/elglobal.do\/index.php\/2025\/09\/11\/fuerte-explosion-de-camion-con-gas-en-mexico-deja-al-menos-6-fallecidos\/"},"wordCount":413,"commentCount":0,"publisher":{"@id":"https:\/\/elglobal.do\/#organization"},"image":{"@id":"https:\/\/elglobal.do\/index.php\/2025\/09\/11\/fuerte-explosion-de-camion-con-gas-en-mexico-deja-al-menos-6-fallecidos\/#primaryimage"},"thumbnailUrl":"https:\/\/elglobal.do\/wp-content\/uploads\/2025\/09\/image-85.png","keywords":["#Cami\u00f3n","#Fallecidos","#Gas","#M\u00e9xico"],"articleSection":["INTERNACIONALES"],"inLanguage":"es","potentialAction":[{"@type":"CommentAction","name":"Comment","target":["https:\/\/elglobal.do\/index.php\/2025\/09\/11\/fuerte-explosion-de-camion-con-gas-en-mexico-deja-al-menos-6-fallecidos\/#respond"]}]},{"@type":"WebPage","@id":"https:\/\/elglobal.do\/index.php\/2025\/09\/11\/fuerte-explosion-de-camion-con-gas-en-mexico-deja-al-menos-6-fallecidos\/","url":"https:\/\/elglobal.do\/index.php\/2025\/09\/11\/fuerte-explosion-de-camion-con-gas-en-mexico-deja-al-menos-6-fallecidos\/","name":"Fuerte explosi\u00f3n de cami\u00f3n con gas en M\u00e9xico deja al menos 6 fallecidos - EL GLOBAL INFORMATIVO","isPartOf":{"@id":"https:\/\/elglobal.do\/#website"},"primaryImageOfPage":{"@id":"https:\/\/elglobal.do\/index.php\/2025\/09\/11\/fuerte-explosion-de-camion-con-gas-en-mexico-deja-al-menos-6-fallecidos\/#primaryimage"},"image":{"@id":"https:\/\/elglobal.do\/index.php\/2025\/09\/11\/fuerte-explosion-de-camion-con-gas-en-mexico-deja-al-menos-6-fallecidos\/#primaryimage"},"thumbnailUrl":"https:\/\/elglobal.do\/wp-content\/uploads\/2025\/09\/image-85.png","datePublished":"2025-09-11T15:27:01+00:00","dateModified":"2025-09-11T15:27:05+00:00","breadcrumb":{"@id":"https:\/\/elglobal.do\/index.php\/2025\/09\/11\/fuerte-explosion-de-camion-con-gas-en-mexico-deja-al-menos-6-fallecidos\/#breadcrumb"},"inLanguage":"es","potentialAction":[{"@type":"ReadAction","target":["https:\/\/elglobal.do\/index.php\/2025\/09\/11\/fuerte-explosion-de-camion-con-gas-en-mexico-deja-al-menos-6-fallecidos\/"]}]},{"@type":"ImageObject","inLanguage":"es","@id":"https:\/\/elglobal.do\/index.php\/2025\/09\/11\/fuerte-explosion-de-camion-con-gas-en-mexico-deja-al-menos-6-fallecidos\/#primaryimage","url":"https:\/\/elglobal.do\/wp-content\/uploads\/2025\/09\/image-85.png","contentUrl":"https:\/\/elglobal.do\/wp-content\/uploads\/2025\/09\/image-85.png","width":599,"height":399},{"@type":"BreadcrumbList","@id":"https:\/\/elglobal.do\/index.php\/2025\/09\/11\/fuerte-explosion-de-camion-con-gas-en-mexico-deja-al-menos-6-fallecidos\/#breadcrumb","itemListElement":[{"@type":"ListItem","position":1,"name":"Portada","item":"https:\/\/elglobal.do\/"},{"@type":"ListItem","position":2,"name":"Fuerte explosi\u00f3n de cami\u00f3n con gas en M\u00e9xico deja al menos 6 fallecidos"}]},{"@type":"WebSite","@id":"https:\/\/elglobal.do\/#website","url":"https:\/\/elglobal.do\/","name":"EL GLOBAL INFORMATIVO","description":"Peri\u00f3dico digital de la Rep\u00fablica Dominicana que ofrece noticias, novedades, pol\u00edtica y las \u00faltimas actualidades, con informaci\u00f3n veraz y oportuna para mantenerte siempre informad","publisher":{"@id":"https:\/\/elglobal.do\/#organization"},"potentialAction":[{"@type":"SearchAction","target":{"@type":"EntryPoint","urlTemplate":"https:\/\/elglobal.do\/?s={search_term_string}"},"query-input":{"@type":"PropertyValueSpecification","valueRequired":true,"valueName":"search_term_string"}}],"inLanguage":"es"},{"@type":"Organization","@id":"https:\/\/elglobal.do\/#organization","name":"EL GLOBAL.DO INFORMATIVO","url":"https:\/\/elglobal.do\/","logo":{"@type":"ImageObject","inLanguage":"es","@id":"https:\/\/elglobal.do\/#\/schema\/logo\/image\/","url":"https:\/\/elglobal.do\/wp-content\/uploads\/2025\/08\/icon.png","contentUrl":"https:\/\/elglobal.do\/wp-content\/uploads\/2025\/08\/icon.png","width":512,"height":512,"caption":"EL GLOBAL.DO INFORMATIVO"},"image":{"@id":"https:\/\/elglobal.do\/#\/schema\/logo\/image\/"}},{"@type":"Person","@id":"https:\/\/elglobal.do\/#\/schema\/person\/0c97ec2c7714fb605d230c292f64d55f","name":"EL GLOBAL","image":{"@type":"ImageObject","inLanguage":"es","@id":"https:\/\/elglobal.do\/#\/schema\/person\/image\/","url":"https:\/\/secure.gravatar.com\/avatar\/081cfb6cf99faddc6f4e23a0c11ab98c5cf302925382d1c88dc3ed757ab910a3?s=96&d=mm&r=g","contentUrl":"https:\/\/secure.gravatar.com\/avatar\/081cfb6cf99faddc6f4e23a0c11ab98c5cf302925382d1c88dc3ed757ab910a3?s=96&d=mm&r=g","caption":"EL GLOBAL"},"description":"El Global Informativo es un peri\u00f3dico digital de Rep\u00fablica Dominicana que se dedica a cubrir temas importantes, como la pol\u00edtica local, geopol\u00edtica, econom\u00eda, tecnolog\u00eda, noticias internacionales y eventos relacionados con la gesti\u00f3n social, cultural y humana. Su objetivo principal es mantener a la poblaci\u00f3n informada, ofreciendo una visi\u00f3n amplia y actualizada de lo que sucede tanto en el pa\u00eds como en el mundo. Est\u00e1 dirigido por un grupo de periodistas experimentados, lo que garantiza la calidad y la precisi\u00f3n de la informaci\u00f3n que ofrecen. Tiene su sede en la ciudad de Santo Domingo y es parte integral del portafolio de la empresa, MC Global S.R.L.","sameAs":["https:\/\/elglobal.do","https:\/\/www.instagram.com\/elglobal.do_informativo\/"],"url":"https:\/\/elglobal.do\/index.php\/author\/elglobaluserpro\/"}]}},"jetpack_featured_media_url":"https:\/\/elglobal.do\/wp-content\/uploads\/2025\/09\/image-85.png","jetpack_sharing_enabled":true,"_links":{"self":[{"href":"https:\/\/elglobal.do\/index.php\/wp-json\/wp\/v2\/posts\/2225","targetHints":{"allow":["GET"]}}],"collection":[{"href":"https:\/\/elglobal.do\/index.php\/wp-json\/wp\/v2\/posts"}],"about":[{"href":"https:\/\/elglobal.do\/index.php\/wp-json\/wp\/v2\/types\/post"}],"author":[{"embeddable":true,"href":"https:\/\/elglobal.do\/index.php\/wp-json\/wp\/v2\/users\/1"}],"replies":[{"embeddable":true,"href":"https:\/\/elglobal.do\/index.php\/wp-json\/wp\/v2\/comments?post=2225"}],"version-history":[{"count":1,"href":"https:\/\/elglobal.do\/index.php\/wp-json\/wp\/v2\/posts\/2225\/revisions"}],"predecessor-version":[{"id":2230,"href":"https:\/\/elglobal.do\/index.php\/wp-json\/wp\/v2\/posts\/2225\/revisions\/2230"}],"wp:featuredmedia":[{"embeddable":true,"href":"https:\/\/elglobal.do\/index.php\/wp-json\/wp\/v2\/media\/2227"}],"wp:attachment":[{"href":"https:\/\/elglobal.do\/index.php\/wp-json\/wp\/v2\/media?parent=2225"}],"wp:term":[{"taxonomy":"category","embeddable":true,"href":"https:\/\/elglobal.do\/index.php\/wp-json\/wp\/v2\/categories?post=2225"},{"taxonomy":"post_tag","embeddable":true,"href":"https:\/\/elglobal.do\/index.php\/wp-json\/wp\/v2\/tags?post=2225"}],"curies":[{"name":"wp","href":"https:\/\/api.w.org\/{rel}","templated":true}]}}