{"id":2234,"date":"2025-09-11T12:26:05","date_gmt":"2025-09-11T16:26:05","guid":{"rendered":"https:\/\/elglobal.do\/?p=2234"},"modified":"2025-09-11T13:37:16","modified_gmt":"2025-09-11T17:37:16","slug":"26-organizaciones-llaman-a-frenar-suspension-de-clases-en-san-juan-y-bahoruco","status":"publish","type":"post","link":"https:\/\/elglobal.do\/index.php\/2025\/09\/11\/26-organizaciones-llaman-a-frenar-suspension-de-clases-en-san-juan-y-bahoruco\/","title":{"rendered":"26 organizaciones llaman a frenar suspensi\u00f3n de clases\u00a0en San Juan\u00a0y Bahoruco"},"content":{"rendered":"\n<figure class=\"wp-block-image size-full\"><img loading=\"lazy\" decoding=\"async\" width=\"896\" height=\"504\" src=\"https:\/\/elglobal.do\/wp-content\/uploads\/2025\/09\/image-88.png\" alt=\"\" class=\"wp-image-2235\" srcset=\"https:\/\/elglobal.do\/wp-content\/uploads\/2025\/09\/image-88.png 896w, https:\/\/elglobal.do\/wp-content\/uploads\/2025\/09\/image-88-300x169.png 300w, https:\/\/elglobal.do\/wp-content\/uploads\/2025\/09\/image-88-768x432.png 768w\" sizes=\"auto, (max-width: 896px) 100vw, 896px\" \/><\/figure>\n\n\n\n<p><strong>Santo Domingo.-<\/strong>El\u00a0<strong>Colectivo Pacto Educativo<\/strong>\u00a0y el\u00a0<strong>Foro Socioeducativo<\/strong>, integrado por 26 organizaciones de la sociedad civil, expresaron este mi\u00e9rcoles su\u00a0<strong>preocupaci\u00f3n<\/strong>\u00a0ante las recientes\u00a0<strong>paralizaciones<\/strong>\u00a0de\u00a0<strong>docencia<\/strong>\u00a0en las provincias\u00a0<strong>San Juan<\/strong>\u00a0y Bahoruco<strong>, situaci\u00f3n que ha afectado a m\u00e1s de un centenar de escuelas.\u00a0<\/strong>  <\/p>\n\n\n\n<p>Los&nbsp;<strong>paros&nbsp;<\/strong>han sido convocados por las seccionales de la&nbsp;<strong>Asociaci\u00f3n Dominicana de Profesores<\/strong>&nbsp;(<strong>ADP<\/strong>) en esas provincias sure\u00f1as para que se d\u00e9 respuestas a necesidades de las escuelas y situaciones relacionadas con nombramiento de persona y traslados de otros.&nbsp;<\/p>\n\n\n\n<p>En un documento p\u00fablico, las&nbsp;<strong>entidades<\/strong>&nbsp;reconocieron el&nbsp;<strong>derecho del gremio<\/strong>&nbsp;a&nbsp;<strong>reclamar mejoras<\/strong>, pero advirtieron que la&nbsp;<strong>suspensi\u00f3n de clases<\/strong>&nbsp;afecta de manera directa a los&nbsp;<strong>estudiantes<\/strong>, especialmente a los de contextos m\u00e1s vulnerables.<\/p>\n\n\n\n<p>\u00abReconocemos el derecho a ciertos reclamos laborales, pero no podemos aceptar que la infancia y la ju<strong>ventud dominicana sean<\/strong>\u00a0rehenes de<strong>\u00a0conflictos<\/strong>\u00a0que no les corresponden\u00bb, se\u00f1alaron.<\/p>\n\n\n\n<p><strong>Derecho a la\u00a0educaci\u00f3n<\/strong><\/p>\n\n\n\n<p>Las entidades alertaron que se est\u00e1 \u00ab<strong>normalizando lo inaceptable<\/strong>\u00ab: ni\u00f1os, ni\u00f1as y adolescentes que pierden semanas de&nbsp;<strong>clases<\/strong>&nbsp;sin garant\u00edas reales de recuperaci\u00f3n, con&nbsp;<strong>consecuencias a largo plazo<\/strong>.<\/p>\n\n\n\n<p>Recordaron que la\u00a0<strong>Constituci\u00f3n dominicana<\/strong>\u00a0establece, en su art\u00edculo 63, que la\u00a0<strong>educaci\u00f3n<\/strong>\u00a0es un derecho fundamental y un\u00a0<strong>servicio p\u00fablico esencial<\/strong>, y citaron precedentes del Tribunal Constitucional que otorgan primac\u00eda a ese derecho sobre el de la huelga en el sector p\u00fablico. <\/p>\n\n\n\n<p><strong>Llamados y propuestas<\/strong><\/p>\n\n\n\n<p>En su declaraci\u00f3n, el c<strong>olectivo<\/strong>&nbsp;hizo cinco&nbsp;<strong>solicitudes puntuales<\/strong>&nbsp;a distintas autoridades y sectores:<\/p>\n\n\n\n<ul class=\"wp-block-list\">\n<li>Llaman al\u00a0<strong>Ministerio de Educaci\u00f3n\u00a0<\/strong>(Minerd) a publicar los datos\u00a0<strong>actualizados sobre p\u00e9rdida<\/strong>\u00a0de horas y d\u00edas de docencia, para que la sociedad conozca con claridad la magnitud del da\u00f1o.<\/li>\n\n\n\n<li>Exhortan al Defensor del Pueblo a ejercer de manera activa sus atribuciones legales, velando porque no se vulnere el derecho fundamental a la\u00a0<strong>educaci\u00f3n<\/strong>.<\/li>\n\n\n\n<li>Proponen la creaci\u00f3n de una \u00abCl\u00e1usula de Garant\u00eda Estudiantil\u00bb, que asegure la\u00a0<strong>recuperaci\u00f3n efectiva de las clases<\/strong>\u00a0suspendidas, apoyo emocional y refuerzo pedag\u00f3gico para los estudiantes afectados.<\/li>\n\n\n\n<li>Invitan a las familias y comunidades escolares a sumarse a esta causa, no para confrontar a nadie, sino para \u00abdefender unidos el derecho de nuestros ni\u00f1os y ni\u00f1as a recibir docencia sin interrupciones\u00bb.<\/li>\n\n\n\n<li>El Colectivo Pacto Educativo plantea la necesidad de activar una \u00abAlerta Nacional de Riesgo Educativo\u00bb cada vez que se paralicen las clases, como instrumento simb\u00f3lico y ciudadano para visibilizar las consecuencias de estas suspensiones y movilizar a la sociedad en defensa del derecho a aprender.<\/li>\n\n\n\n<li>\u00abLa\u00a0<strong>educaci\u00f3n<\/strong>\u00a0no puede ser\u00a0<strong>reh\u00e9n de disputas sectoriales<\/strong>. Es hora de colocar en el centro de la\u00a0<strong>agenda p\u00fablica<\/strong>\u00a0a quienes m\u00e1s importan: nuestros\u00a0<strong>estudiantes<\/strong>. \u00a1Ni un d\u00eda m\u00e1s sin\u00a0<strong>clases<\/strong>!\u00bb, concluye el documento.<\/li>\n<\/ul>\n\n\n\n<h2 class=\"wp-block-heading\">Entidades firmantes<\/h2>\n\n\n\n<ul class=\"wp-block-list\">\n<li>\u00a0Acci\u00f3n Empresarial por la\u00a0<strong>Educaci\u00f3n<\/strong>\u00a0(Educa)<\/li>\n\n\n\n<li>Alianza ONG<\/li>\n\n\n\n<li>Centro Cultural Poveda\u00a0<\/li>\n\n\n\n<li>Centro de Formaci\u00f3n Medioambiental (Ecobosco)<\/li>\n\n\n\n<li>Centro de Investigaci\u00f3n para la Acci\u00f3n Femenina (Cipaf)\u00a0<\/li>\n\n\n\n<li>Centro de Investigacion y Promocion Social (Cipros)<\/li>\n\n\n\n<li>Centro Juan XXIII\u00a0<\/li>\n\n\n\n<li>Ciudad Alternativa<\/li>\n\n\n\n<li>Facultad Latinoamericana de Ciencias Sociales (Flacso Rep\u00fablica Dominicana)<\/li>\n\n\n\n<li>Fe y Alegr\u00eda \u2013 Rep\u00fablica Dominicana<\/li>\n\n\n\n<li>Foro Ciudadano<\/li>\n\n\n\n<li>Foro Socioeducativo (FSE)<\/li>\n\n\n\n<li>Fundaci\u00f3n Inicia\u00a0<strong>Educaci\u00f3n<\/strong>\u00a0<\/li>\n\n\n\n<li>Instituto 512<\/li>\n\n\n\n<li>Instituto Superior de Estudios Educativos Pedro Poveda (ISESP)<\/li>\n\n\n\n<li>Instituto Tecnol\u00f3gico de Santo Domingo (Intec)<\/li>\n\n\n\n<li>\u00a0 Misi\u00f3n Educativa Lasallista\u00a0<\/li>\n\n\n\n<li>Muchachos y Muchachas con Don Bosco<\/li>\n\n\n\n<li>Plan Internacional<\/li>\n\n\n\n<li>Pontificia Universidad Cat\u00f3lica Madre y Maestra (Pucmm)<\/li>\n\n\n\n<li>Repensar la\u00a0<strong>Educaci\u00f3n<\/strong>\u00a0(RED)<\/li>\n\n\n\n<li>Sector Escuela Salesiana (SES)<\/li>\n\n\n\n<li>Uni\u00f3n Nacional de Escuelas y Colegios Cat\u00f3licos (Unecc)<\/li>\n\n\n\n<li>Universidad Iberoamericana (Unibe)<\/li>\n\n\n\n<li>Universidad Nacional Pedro Henr\u00edquez Ure\u00f1a (Unphu)<\/li>\n\n\n\n<li>World Vision\u00a0<\/li>\n<\/ul>\n\n\n\n<p><\/p>\n","protected":false},"excerpt":{"rendered":"<p>Santo Domingo.-El\u00a0Colectivo Pacto Educativo\u00a0y el\u00a0Foro Socioeducativo, integrado por 26 organizaciones de la sociedad civil, expresaron este mi\u00e9rcoles su\u00a0preocupaci\u00f3n\u00a0ante las recientes\u00a0paralizaciones\u00a0de\u00a0docencia\u00a0en las provincias\u00a0San Juan\u00a0y Bahoruco, situaci\u00f3n que ha afectado a m\u00e1s&hellip; <\/p>\n","protected":false},"author":1,"featured_media":2235,"comment_status":"open","ping_status":"open","sticky":false,"template":"","format":"standard","meta":{"_jetpack_memberships_contains_paid_content":false,"footnotes":""},"categories":[329,14],"tags":[856,1153,158,1154,660,1152,583],"class_list":["post-2234","post","type-post","status-publish","format-standard","has-post-thumbnail","hentry","category-educacion-nacionales","category-slider","tag-adp","tag-bahoruco","tag-educacion","tag-entidades","tag-escuelas","tag-sanjuan","tag-suspension"],"yoast_head":"<!-- This site is optimized with the Yoast SEO plugin v26.9 - https:\/\/yoast.com\/product\/yoast-seo-wordpress\/ -->\n<title>26 organizaciones llaman a frenar suspensi\u00f3n de clases\u00a0en San Juan\u00a0y Bahoruco - EL GLOBAL INFORMATIVO<\/title>\n<meta name=\"robots\" content=\"index, follow, max-snippet:-1, max-image-preview:large, max-video-preview:-1\" \/>\n<link rel=\"canonical\" href=\"https:\/\/elglobal.do\/index.php\/2025\/09\/11\/26-organizaciones-llaman-a-frenar-suspension-de-clases-en-san-juan-y-bahoruco\/\" \/>\n<meta property=\"og:locale\" content=\"es_ES\" \/>\n<meta property=\"og:type\" content=\"article\" \/>\n<meta property=\"og:title\" content=\"26 organizaciones llaman a frenar suspensi\u00f3n de clases\u00a0en San Juan\u00a0y Bahoruco - EL GLOBAL INFORMATIVO\" \/>\n<meta property=\"og:description\" content=\"Santo Domingo.-El\u00a0Colectivo Pacto Educativo\u00a0y el\u00a0Foro Socioeducativo, integrado por 26 organizaciones de la sociedad civil, expresaron este mi\u00e9rcoles su\u00a0preocupaci\u00f3n\u00a0ante las recientes\u00a0paralizaciones\u00a0de\u00a0docencia\u00a0en las provincias\u00a0San Juan\u00a0y Bahoruco, situaci\u00f3n que ha afectado a m\u00e1s&hellip;\" \/>\n<meta property=\"og:url\" content=\"https:\/\/elglobal.do\/index.php\/2025\/09\/11\/26-organizaciones-llaman-a-frenar-suspension-de-clases-en-san-juan-y-bahoruco\/\" \/>\n<meta property=\"og:site_name\" content=\"EL GLOBAL INFORMATIVO\" \/>\n<meta property=\"article:published_time\" content=\"2025-09-11T16:26:05+00:00\" \/>\n<meta property=\"article:modified_time\" content=\"2025-09-11T17:37:16+00:00\" \/>\n<meta property=\"og:image\" content=\"https:\/\/elglobal.do\/wp-content\/uploads\/2025\/09\/image-88.png\" \/>\n\t<meta property=\"og:image:width\" content=\"896\" \/>\n\t<meta property=\"og:image:height\" content=\"504\" \/>\n\t<meta property=\"og:image:type\" content=\"image\/png\" \/>\n<meta name=\"author\" content=\"EL GLOBAL\" \/>\n<meta name=\"twitter:card\" content=\"summary_large_image\" \/>\n<meta name=\"twitter:label1\" content=\"Escrito por\" \/>\n\t<meta name=\"twitter:data1\" content=\"EL GLOBAL\" \/>\n\t<meta name=\"twitter:label2\" content=\"Tiempo de lectura\" \/>\n\t<meta name=\"twitter:data2\" content=\"3 minutos\" \/>\n<script type=\"application\/ld+json\" class=\"yoast-schema-graph\">{\"@context\":\"https:\/\/schema.org\",\"@graph\":[{\"@type\":\"Article\",\"@id\":\"https:\/\/elglobal.do\/index.php\/2025\/09\/11\/26-organizaciones-llaman-a-frenar-suspension-de-clases-en-san-juan-y-bahoruco\/#article\",\"isPartOf\":{\"@id\":\"https:\/\/elglobal.do\/index.php\/2025\/09\/11\/26-organizaciones-llaman-a-frenar-suspension-de-clases-en-san-juan-y-bahoruco\/\"},\"author\":{\"name\":\"EL GLOBAL\",\"@id\":\"https:\/\/elglobal.do\/#\/schema\/person\/0c97ec2c7714fb605d230c292f64d55f\"},\"headline\":\"26 organizaciones llaman a frenar suspensi\u00f3n de clases\u00a0en San Juan\u00a0y Bahoruco\",\"datePublished\":\"2025-09-11T16:26:05+00:00\",\"dateModified\":\"2025-09-11T17:37:16+00:00\",\"mainEntityOfPage\":{\"@id\":\"https:\/\/elglobal.do\/index.php\/2025\/09\/11\/26-organizaciones-llaman-a-frenar-suspension-de-clases-en-san-juan-y-bahoruco\/\"},\"wordCount\":643,\"commentCount\":0,\"publisher\":{\"@id\":\"https:\/\/elglobal.do\/#organization\"},\"image\":{\"@id\":\"https:\/\/elglobal.do\/index.php\/2025\/09\/11\/26-organizaciones-llaman-a-frenar-suspension-de-clases-en-san-juan-y-bahoruco\/#primaryimage\"},\"thumbnailUrl\":\"https:\/\/elglobal.do\/wp-content\/uploads\/2025\/09\/image-88.png\",\"keywords\":[\"#ADP\",\"#Bahoruco\",\"#Educaci\u00f3n\",\"#Entidades\",\"#Escuelas\",\"#SanJuan\",\"#suspensi\u00f3n\"],\"articleSection\":[\"EDUCACI\u00d3N\",\"NOTICIAS RELEVANTES\"],\"inLanguage\":\"es\",\"potentialAction\":[{\"@type\":\"CommentAction\",\"name\":\"Comment\",\"target\":[\"https:\/\/elglobal.do\/index.php\/2025\/09\/11\/26-organizaciones-llaman-a-frenar-suspension-de-clases-en-san-juan-y-bahoruco\/#respond\"]}]},{\"@type\":\"WebPage\",\"@id\":\"https:\/\/elglobal.do\/index.php\/2025\/09\/11\/26-organizaciones-llaman-a-frenar-suspension-de-clases-en-san-juan-y-bahoruco\/\",\"url\":\"https:\/\/elglobal.do\/index.php\/2025\/09\/11\/26-organizaciones-llaman-a-frenar-suspension-de-clases-en-san-juan-y-bahoruco\/\",\"name\":\"26 organizaciones llaman a frenar suspensi\u00f3n de clases\u00a0en San Juan\u00a0y Bahoruco - EL GLOBAL INFORMATIVO\",\"isPartOf\":{\"@id\":\"https:\/\/elglobal.do\/#website\"},\"primaryImageOfPage\":{\"@id\":\"https:\/\/elglobal.do\/index.php\/2025\/09\/11\/26-organizaciones-llaman-a-frenar-suspension-de-clases-en-san-juan-y-bahoruco\/#primaryimage\"},\"image\":{\"@id\":\"https:\/\/elglobal.do\/index.php\/2025\/09\/11\/26-organizaciones-llaman-a-frenar-suspension-de-clases-en-san-juan-y-bahoruco\/#primaryimage\"},\"thumbnailUrl\":\"https:\/\/elglobal.do\/wp-content\/uploads\/2025\/09\/image-88.png\",\"datePublished\":\"2025-09-11T16:26:05+00:00\",\"dateModified\":\"2025-09-11T17:37:16+00:00\",\"breadcrumb\":{\"@id\":\"https:\/\/elglobal.do\/index.php\/2025\/09\/11\/26-organizaciones-llaman-a-frenar-suspension-de-clases-en-san-juan-y-bahoruco\/#breadcrumb\"},\"inLanguage\":\"es\",\"potentialAction\":[{\"@type\":\"ReadAction\",\"target\":[\"https:\/\/elglobal.do\/index.php\/2025\/09\/11\/26-organizaciones-llaman-a-frenar-suspension-de-clases-en-san-juan-y-bahoruco\/\"]}]},{\"@type\":\"ImageObject\",\"inLanguage\":\"es\",\"@id\":\"https:\/\/elglobal.do\/index.php\/2025\/09\/11\/26-organizaciones-llaman-a-frenar-suspension-de-clases-en-san-juan-y-bahoruco\/#primaryimage\",\"url\":\"https:\/\/elglobal.do\/wp-content\/uploads\/2025\/09\/image-88.png\",\"contentUrl\":\"https:\/\/elglobal.do\/wp-content\/uploads\/2025\/09\/image-88.png\",\"width\":896,\"height\":504},{\"@type\":\"BreadcrumbList\",\"@id\":\"https:\/\/elglobal.do\/index.php\/2025\/09\/11\/26-organizaciones-llaman-a-frenar-suspension-de-clases-en-san-juan-y-bahoruco\/#breadcrumb\",\"itemListElement\":[{\"@type\":\"ListItem\",\"position\":1,\"name\":\"Portada\",\"item\":\"https:\/\/elglobal.do\/\"},{\"@type\":\"ListItem\",\"position\":2,\"name\":\"26 organizaciones llaman a frenar suspensi\u00f3n de clases\u00a0en San Juan\u00a0y Bahoruco\"}]},{\"@type\":\"WebSite\",\"@id\":\"https:\/\/elglobal.do\/#website\",\"url\":\"https:\/\/elglobal.do\/\",\"name\":\"EL GLOBAL INFORMATIVO\",\"description\":\"Peri\u00f3dico digital de la Rep\u00fablica Dominicana que ofrece noticias, novedades, pol\u00edtica y las \u00faltimas actualidades, con informaci\u00f3n veraz y oportuna para mantenerte siempre informad\",\"publisher\":{\"@id\":\"https:\/\/elglobal.do\/#organization\"},\"potentialAction\":[{\"@type\":\"SearchAction\",\"target\":{\"@type\":\"EntryPoint\",\"urlTemplate\":\"https:\/\/elglobal.do\/?s={search_term_string}\"},\"query-input\":{\"@type\":\"PropertyValueSpecification\",\"valueRequired\":true,\"valueName\":\"search_term_string\"}}],\"inLanguage\":\"es\"},{\"@type\":\"Organization\",\"@id\":\"https:\/\/elglobal.do\/#organization\",\"name\":\"EL GLOBAL.DO INFORMATIVO\",\"url\":\"https:\/\/elglobal.do\/\",\"logo\":{\"@type\":\"ImageObject\",\"inLanguage\":\"es\",\"@id\":\"https:\/\/elglobal.do\/#\/schema\/logo\/image\/\",\"url\":\"https:\/\/elglobal.do\/wp-content\/uploads\/2025\/08\/icon.png\",\"contentUrl\":\"https:\/\/elglobal.do\/wp-content\/uploads\/2025\/08\/icon.png\",\"width\":512,\"height\":512,\"caption\":\"EL GLOBAL.DO INFORMATIVO\"},\"image\":{\"@id\":\"https:\/\/elglobal.do\/#\/schema\/logo\/image\/\"}},{\"@type\":\"Person\",\"@id\":\"https:\/\/elglobal.do\/#\/schema\/person\/0c97ec2c7714fb605d230c292f64d55f\",\"name\":\"EL GLOBAL\",\"image\":{\"@type\":\"ImageObject\",\"inLanguage\":\"es\",\"@id\":\"https:\/\/elglobal.do\/#\/schema\/person\/image\/\",\"url\":\"https:\/\/secure.gravatar.com\/avatar\/081cfb6cf99faddc6f4e23a0c11ab98c5cf302925382d1c88dc3ed757ab910a3?s=96&d=mm&r=g\",\"contentUrl\":\"https:\/\/secure.gravatar.com\/avatar\/081cfb6cf99faddc6f4e23a0c11ab98c5cf302925382d1c88dc3ed757ab910a3?s=96&d=mm&r=g\",\"caption\":\"EL GLOBAL\"},\"description\":\"El Global Informativo es un peri\u00f3dico digital de Rep\u00fablica Dominicana que se dedica a cubrir temas importantes, como la pol\u00edtica local, geopol\u00edtica, econom\u00eda, tecnolog\u00eda, noticias internacionales y eventos relacionados con la gesti\u00f3n social, cultural y humana. Su objetivo principal es mantener a la poblaci\u00f3n informada, ofreciendo una visi\u00f3n amplia y actualizada de lo que sucede tanto en el pa\u00eds como en el mundo. Est\u00e1 dirigido por un grupo de periodistas experimentados, lo que garantiza la calidad y la precisi\u00f3n de la informaci\u00f3n que ofrecen. Tiene su sede en la ciudad de Santo Domingo y es parte integral del portafolio de la empresa, MC Global S.R.L.\",\"sameAs\":[\"https:\/\/elglobal.do\",\"https:\/\/www.instagram.com\/elglobal.do_informativo\/\"],\"url\":\"https:\/\/elglobal.do\/index.php\/author\/elglobaluserpro\/\"}]}<\/script>\n<!-- \/ Yoast SEO plugin. -->","yoast_head_json":{"title":"26 organizaciones llaman a frenar suspensi\u00f3n de clases\u00a0en San Juan\u00a0y Bahoruco - EL GLOBAL INFORMATIVO","robots":{"index":"index","follow":"follow","max-snippet":"max-snippet:-1","max-image-preview":"max-image-preview:large","max-video-preview":"max-video-preview:-1"},"canonical":"https:\/\/elglobal.do\/index.php\/2025\/09\/11\/26-organizaciones-llaman-a-frenar-suspension-de-clases-en-san-juan-y-bahoruco\/","og_locale":"es_ES","og_type":"article","og_title":"26 organizaciones llaman a frenar suspensi\u00f3n de clases\u00a0en San Juan\u00a0y Bahoruco - EL GLOBAL INFORMATIVO","og_description":"Santo Domingo.-El\u00a0Colectivo Pacto Educativo\u00a0y el\u00a0Foro Socioeducativo, integrado por 26 organizaciones de la sociedad civil, expresaron este mi\u00e9rcoles su\u00a0preocupaci\u00f3n\u00a0ante las recientes\u00a0paralizaciones\u00a0de\u00a0docencia\u00a0en las provincias\u00a0San Juan\u00a0y Bahoruco, situaci\u00f3n que ha afectado a m\u00e1s&hellip;","og_url":"https:\/\/elglobal.do\/index.php\/2025\/09\/11\/26-organizaciones-llaman-a-frenar-suspension-de-clases-en-san-juan-y-bahoruco\/","og_site_name":"EL GLOBAL INFORMATIVO","article_published_time":"2025-09-11T16:26:05+00:00","article_modified_time":"2025-09-11T17:37:16+00:00","og_image":[{"width":896,"height":504,"url":"https:\/\/elglobal.do\/wp-content\/uploads\/2025\/09\/image-88.png","type":"image\/png"}],"author":"EL GLOBAL","twitter_card":"summary_large_image","twitter_misc":{"Escrito por":"EL GLOBAL","Tiempo de lectura":"3 minutos"},"schema":{"@context":"https:\/\/schema.org","@graph":[{"@type":"Article","@id":"https:\/\/elglobal.do\/index.php\/2025\/09\/11\/26-organizaciones-llaman-a-frenar-suspension-de-clases-en-san-juan-y-bahoruco\/#article","isPartOf":{"@id":"https:\/\/elglobal.do\/index.php\/2025\/09\/11\/26-organizaciones-llaman-a-frenar-suspension-de-clases-en-san-juan-y-bahoruco\/"},"author":{"name":"EL GLOBAL","@id":"https:\/\/elglobal.do\/#\/schema\/person\/0c97ec2c7714fb605d230c292f64d55f"},"headline":"26 organizaciones llaman a frenar suspensi\u00f3n de clases\u00a0en San Juan\u00a0y Bahoruco","datePublished":"2025-09-11T16:26:05+00:00","dateModified":"2025-09-11T17:37:16+00:00","mainEntityOfPage":{"@id":"https:\/\/elglobal.do\/index.php\/2025\/09\/11\/26-organizaciones-llaman-a-frenar-suspension-de-clases-en-san-juan-y-bahoruco\/"},"wordCount":643,"commentCount":0,"publisher":{"@id":"https:\/\/elglobal.do\/#organization"},"image":{"@id":"https:\/\/elglobal.do\/index.php\/2025\/09\/11\/26-organizaciones-llaman-a-frenar-suspension-de-clases-en-san-juan-y-bahoruco\/#primaryimage"},"thumbnailUrl":"https:\/\/elglobal.do\/wp-content\/uploads\/2025\/09\/image-88.png","keywords":["#ADP","#Bahoruco","#Educaci\u00f3n","#Entidades","#Escuelas","#SanJuan","#suspensi\u00f3n"],"articleSection":["EDUCACI\u00d3N","NOTICIAS RELEVANTES"],"inLanguage":"es","potentialAction":[{"@type":"CommentAction","name":"Comment","target":["https:\/\/elglobal.do\/index.php\/2025\/09\/11\/26-organizaciones-llaman-a-frenar-suspension-de-clases-en-san-juan-y-bahoruco\/#respond"]}]},{"@type":"WebPage","@id":"https:\/\/elglobal.do\/index.php\/2025\/09\/11\/26-organizaciones-llaman-a-frenar-suspension-de-clases-en-san-juan-y-bahoruco\/","url":"https:\/\/elglobal.do\/index.php\/2025\/09\/11\/26-organizaciones-llaman-a-frenar-suspension-de-clases-en-san-juan-y-bahoruco\/","name":"26 organizaciones llaman a frenar suspensi\u00f3n de clases\u00a0en San Juan\u00a0y Bahoruco - EL GLOBAL INFORMATIVO","isPartOf":{"@id":"https:\/\/elglobal.do\/#website"},"primaryImageOfPage":{"@id":"https:\/\/elglobal.do\/index.php\/2025\/09\/11\/26-organizaciones-llaman-a-frenar-suspension-de-clases-en-san-juan-y-bahoruco\/#primaryimage"},"image":{"@id":"https:\/\/elglobal.do\/index.php\/2025\/09\/11\/26-organizaciones-llaman-a-frenar-suspension-de-clases-en-san-juan-y-bahoruco\/#primaryimage"},"thumbnailUrl":"https:\/\/elglobal.do\/wp-content\/uploads\/2025\/09\/image-88.png","datePublished":"2025-09-11T16:26:05+00:00","dateModified":"2025-09-11T17:37:16+00:00","breadcrumb":{"@id":"https:\/\/elglobal.do\/index.php\/2025\/09\/11\/26-organizaciones-llaman-a-frenar-suspension-de-clases-en-san-juan-y-bahoruco\/#breadcrumb"},"inLanguage":"es","potentialAction":[{"@type":"ReadAction","target":["https:\/\/elglobal.do\/index.php\/2025\/09\/11\/26-organizaciones-llaman-a-frenar-suspension-de-clases-en-san-juan-y-bahoruco\/"]}]},{"@type":"ImageObject","inLanguage":"es","@id":"https:\/\/elglobal.do\/index.php\/2025\/09\/11\/26-organizaciones-llaman-a-frenar-suspension-de-clases-en-san-juan-y-bahoruco\/#primaryimage","url":"https:\/\/elglobal.do\/wp-content\/uploads\/2025\/09\/image-88.png","contentUrl":"https:\/\/elglobal.do\/wp-content\/uploads\/2025\/09\/image-88.png","width":896,"height":504},{"@type":"BreadcrumbList","@id":"https:\/\/elglobal.do\/index.php\/2025\/09\/11\/26-organizaciones-llaman-a-frenar-suspension-de-clases-en-san-juan-y-bahoruco\/#breadcrumb","itemListElement":[{"@type":"ListItem","position":1,"name":"Portada","item":"https:\/\/elglobal.do\/"},{"@type":"ListItem","position":2,"name":"26 organizaciones llaman a frenar suspensi\u00f3n de clases\u00a0en San Juan\u00a0y Bahoruco"}]},{"@type":"WebSite","@id":"https:\/\/elglobal.do\/#website","url":"https:\/\/elglobal.do\/","name":"EL GLOBAL INFORMATIVO","description":"Peri\u00f3dico digital de la Rep\u00fablica Dominicana que ofrece noticias, novedades, pol\u00edtica y las \u00faltimas actualidades, con informaci\u00f3n veraz y oportuna para mantenerte siempre informad","publisher":{"@id":"https:\/\/elglobal.do\/#organization"},"potentialAction":[{"@type":"SearchAction","target":{"@type":"EntryPoint","urlTemplate":"https:\/\/elglobal.do\/?s={search_term_string}"},"query-input":{"@type":"PropertyValueSpecification","valueRequired":true,"valueName":"search_term_string"}}],"inLanguage":"es"},{"@type":"Organization","@id":"https:\/\/elglobal.do\/#organization","name":"EL GLOBAL.DO INFORMATIVO","url":"https:\/\/elglobal.do\/","logo":{"@type":"ImageObject","inLanguage":"es","@id":"https:\/\/elglobal.do\/#\/schema\/logo\/image\/","url":"https:\/\/elglobal.do\/wp-content\/uploads\/2025\/08\/icon.png","contentUrl":"https:\/\/elglobal.do\/wp-content\/uploads\/2025\/08\/icon.png","width":512,"height":512,"caption":"EL GLOBAL.DO INFORMATIVO"},"image":{"@id":"https:\/\/elglobal.do\/#\/schema\/logo\/image\/"}},{"@type":"Person","@id":"https:\/\/elglobal.do\/#\/schema\/person\/0c97ec2c7714fb605d230c292f64d55f","name":"EL GLOBAL","image":{"@type":"ImageObject","inLanguage":"es","@id":"https:\/\/elglobal.do\/#\/schema\/person\/image\/","url":"https:\/\/secure.gravatar.com\/avatar\/081cfb6cf99faddc6f4e23a0c11ab98c5cf302925382d1c88dc3ed757ab910a3?s=96&d=mm&r=g","contentUrl":"https:\/\/secure.gravatar.com\/avatar\/081cfb6cf99faddc6f4e23a0c11ab98c5cf302925382d1c88dc3ed757ab910a3?s=96&d=mm&r=g","caption":"EL GLOBAL"},"description":"El Global Informativo es un peri\u00f3dico digital de Rep\u00fablica Dominicana que se dedica a cubrir temas importantes, como la pol\u00edtica local, geopol\u00edtica, econom\u00eda, tecnolog\u00eda, noticias internacionales y eventos relacionados con la gesti\u00f3n social, cultural y humana. Su objetivo principal es mantener a la poblaci\u00f3n informada, ofreciendo una visi\u00f3n amplia y actualizada de lo que sucede tanto en el pa\u00eds como en el mundo. Est\u00e1 dirigido por un grupo de periodistas experimentados, lo que garantiza la calidad y la precisi\u00f3n de la informaci\u00f3n que ofrecen. Tiene su sede en la ciudad de Santo Domingo y es parte integral del portafolio de la empresa, MC Global S.R.L.","sameAs":["https:\/\/elglobal.do","https:\/\/www.instagram.com\/elglobal.do_informativo\/"],"url":"https:\/\/elglobal.do\/index.php\/author\/elglobaluserpro\/"}]}},"jetpack_featured_media_url":"https:\/\/elglobal.do\/wp-content\/uploads\/2025\/09\/image-88.png","jetpack_sharing_enabled":true,"_links":{"self":[{"href":"https:\/\/elglobal.do\/index.php\/wp-json\/wp\/v2\/posts\/2234","targetHints":{"allow":["GET"]}}],"collection":[{"href":"https:\/\/elglobal.do\/index.php\/wp-json\/wp\/v2\/posts"}],"about":[{"href":"https:\/\/elglobal.do\/index.php\/wp-json\/wp\/v2\/types\/post"}],"author":[{"embeddable":true,"href":"https:\/\/elglobal.do\/index.php\/wp-json\/wp\/v2\/users\/1"}],"replies":[{"embeddable":true,"href":"https:\/\/elglobal.do\/index.php\/wp-json\/wp\/v2\/comments?post=2234"}],"version-history":[{"count":1,"href":"https:\/\/elglobal.do\/index.php\/wp-json\/wp\/v2\/posts\/2234\/revisions"}],"predecessor-version":[{"id":2236,"href":"https:\/\/elglobal.do\/index.php\/wp-json\/wp\/v2\/posts\/2234\/revisions\/2236"}],"wp:featuredmedia":[{"embeddable":true,"href":"https:\/\/elglobal.do\/index.php\/wp-json\/wp\/v2\/media\/2235"}],"wp:attachment":[{"href":"https:\/\/elglobal.do\/index.php\/wp-json\/wp\/v2\/media?parent=2234"}],"wp:term":[{"taxonomy":"category","embeddable":true,"href":"https:\/\/elglobal.do\/index.php\/wp-json\/wp\/v2\/categories?post=2234"},{"taxonomy":"post_tag","embeddable":true,"href":"https:\/\/elglobal.do\/index.php\/wp-json\/wp\/v2\/tags?post=2234"}],"curies":[{"name":"wp","href":"https:\/\/api.w.org\/{rel}","templated":true}]}}