{"id":2237,"date":"2025-09-11T12:57:56","date_gmt":"2025-09-11T16:57:56","guid":{"rendered":"https:\/\/elglobal.do\/?p=2237"},"modified":"2025-09-11T12:57:58","modified_gmt":"2025-09-11T16:57:58","slug":"extraditan-tres-dominicanos-por-trafico-de-drogas-y-homicidio-a-estados-unidos","status":"publish","type":"post","link":"https:\/\/elglobal.do\/index.php\/2025\/09\/11\/extraditan-tres-dominicanos-por-trafico-de-drogas-y-homicidio-a-estados-unidos\/","title":{"rendered":"Extraditan tres dominicanos por tr\u00e1fico de drogas y homicidio a Estados Unidos"},"content":{"rendered":"\n<figure class=\"wp-block-image size-large is-resized\"><img loading=\"lazy\" decoding=\"async\" width=\"683\" height=\"1024\" src=\"https:\/\/elglobal.do\/wp-content\/uploads\/2025\/09\/image-89-683x1024.png\" alt=\"\" class=\"wp-image-2238\" style=\"width:521px;height:auto\" srcset=\"https:\/\/elglobal.do\/wp-content\/uploads\/2025\/09\/image-89-683x1024.png 683w, https:\/\/elglobal.do\/wp-content\/uploads\/2025\/09\/image-89-200x300.png 200w, https:\/\/elglobal.do\/wp-content\/uploads\/2025\/09\/image-89-768x1152.png 768w, https:\/\/elglobal.do\/wp-content\/uploads\/2025\/09\/image-89.png 800w\" sizes=\"auto, (max-width: 683px) 100vw, 683px\" \/><\/figure>\n\n\n\n<p><strong>Santo Domingo.-<\/strong>La<strong>\u00a0Procuradur\u00eda General de la Rep\u00fablica (PGR)<\/strong>\u00a0y la<strong>\u00a0Direcci\u00f3n Nacional de Control de Drogas (DNCD),<\/strong>\u00a0apoyados por Alguaciles de Estados Unidos (U.S. Marshals), extraditaron a tres dominicanos acusados de narcotr\u00e1fico y homicidio en Nueva York.<\/p>\n\n\n\n<p><strong>Ricardo Cruz Ortiz, Yenssy Darines Cruz Ortiz y Andres Ramirez y\/o Luis Ernesto P\u00e9rez Dipegal<\/strong>, fueron trasladados por equipos t\u00e1cticos de la DNCD, al aeropuerto Internacional de Las Am\u00e9ricas, donde custodiados por oficiales estadounidenses, abordaron un vuelo comercial con destino a esa naci\u00f3n.<\/p>\n\n\n\n<p>Seg\u00fan se inform\u00f3 a trav\u00e9s de un comunicado, los dominicanos, Ricardo y Darines Cruz Ortiz, son acusados en un&nbsp;<strong>Tribunal Supremo,<\/strong>&nbsp;(Tribunal Especial de Estupefacientes), de venta criminal de una sustancia controlada en segundo grado, en violacion a la ley penal de&nbsp;<strong>Nueva York,<\/strong>&nbsp;Estados Unidos.<\/p>\n\n\n\n<p>En el caso de Ramirez y\/o Perez Dipegal, est\u00e1 siendo requerido por ante un tribunal Supremo del Estado de Nueva York, que le acusa de tentativa para cometer homicidio, en segundo grado, agresi\u00f3n en primer grado, posesi\u00f3n delictiva de un arma de fuego en segundo grado, entre otros cargos.<\/p>\n\n\n\n<p>\u201cFueron extraditados, atendiendo a los<strong>&nbsp;decretos del Poder Ejecutivo,<\/strong>&nbsp;n\u00fameros 462-25, 464-25, 465-25, que autorizan su entrega a Estados Unidos para que respondan las acusaciones en su contra\u201d, se\u00f1ala el comunicado.<\/p>\n\n\n\n<p>Los imputados fueron detenidos en el mes de julio de este a\u00f1o, en operaciones de b\u00fasqueda y captura, desarrolladas en la provincia&nbsp;<strong>Valverde y el municipio de Boca Chica, provincia de Santo Domingo.<\/strong><\/p>\n\n\n\n<p>La<strong>&nbsp;Rep\u00fablica Dominicana&nbsp;<\/strong>ha afianzado y fortalecido la cooperaci\u00f3n internacional en la lucha contra el narcotr\u00e1fico y el delito transnacional, ampliando las operaciones de captura de fugitivos de la justicia de Estados Unidos y otros pa\u00edses.<\/p>\n\n\n\n<p><\/p>\n","protected":false},"excerpt":{"rendered":"<p>Santo Domingo.-La\u00a0Procuradur\u00eda General de la Rep\u00fablica (PGR)\u00a0y la\u00a0Direcci\u00f3n Nacional de Control de Drogas (DNCD),\u00a0apoyados por Alguaciles de Estados Unidos (U.S. Marshals), extraditaron a tres dominicanos acusados de narcotr\u00e1fico y homicidio&hellip; <\/p>\n","protected":false},"author":1,"featured_media":2238,"comment_status":"open","ping_status":"open","sticky":false,"template":"","format":"standard","meta":{"_jetpack_memberships_contains_paid_content":false,"footnotes":""},"categories":[40],"tags":[438,453,1155,1156],"class_list":["post-2237","post","type-post","status-publish","format-standard","has-post-thumbnail","hentry","category-nacionales","tag-ee-uu-3","tag-extradiccion","tag-homicidios","tag-traficodedrogas"],"yoast_head":"<!-- This site is optimized with the Yoast SEO plugin v26.9 - https:\/\/yoast.com\/product\/yoast-seo-wordpress\/ -->\n<title>Extraditan tres dominicanos por tr\u00e1fico de drogas y homicidio a Estados Unidos - EL GLOBAL INFORMATIVO<\/title>\n<meta name=\"robots\" content=\"index, follow, max-snippet:-1, max-image-preview:large, max-video-preview:-1\" \/>\n<link rel=\"canonical\" href=\"https:\/\/elglobal.do\/index.php\/2025\/09\/11\/extraditan-tres-dominicanos-por-trafico-de-drogas-y-homicidio-a-estados-unidos\/\" \/>\n<meta property=\"og:locale\" content=\"es_ES\" \/>\n<meta property=\"og:type\" content=\"article\" \/>\n<meta property=\"og:title\" content=\"Extraditan tres dominicanos por tr\u00e1fico de drogas y homicidio a Estados Unidos - EL GLOBAL INFORMATIVO\" \/>\n<meta property=\"og:description\" content=\"Santo Domingo.-La\u00a0Procuradur\u00eda General de la Rep\u00fablica (PGR)\u00a0y la\u00a0Direcci\u00f3n Nacional de Control de Drogas (DNCD),\u00a0apoyados por Alguaciles de Estados Unidos (U.S. Marshals), extraditaron a tres dominicanos acusados de narcotr\u00e1fico y homicidio&hellip;\" \/>\n<meta property=\"og:url\" content=\"https:\/\/elglobal.do\/index.php\/2025\/09\/11\/extraditan-tres-dominicanos-por-trafico-de-drogas-y-homicidio-a-estados-unidos\/\" \/>\n<meta property=\"og:site_name\" content=\"EL GLOBAL INFORMATIVO\" \/>\n<meta property=\"article:published_time\" content=\"2025-09-11T16:57:56+00:00\" \/>\n<meta property=\"article:modified_time\" content=\"2025-09-11T16:57:58+00:00\" \/>\n<meta property=\"og:image\" content=\"https:\/\/elglobal.do\/wp-content\/uploads\/2025\/09\/image-89.png\" \/>\n\t<meta property=\"og:image:width\" content=\"800\" \/>\n\t<meta property=\"og:image:height\" content=\"1200\" \/>\n\t<meta property=\"og:image:type\" content=\"image\/png\" \/>\n<meta name=\"author\" content=\"EL GLOBAL\" \/>\n<meta name=\"twitter:card\" content=\"summary_large_image\" \/>\n<meta name=\"twitter:label1\" content=\"Escrito por\" \/>\n\t<meta name=\"twitter:data1\" content=\"EL GLOBAL\" \/>\n\t<meta name=\"twitter:label2\" content=\"Tiempo de lectura\" \/>\n\t<meta name=\"twitter:data2\" content=\"2 minutos\" \/>\n<script type=\"application\/ld+json\" class=\"yoast-schema-graph\">{\"@context\":\"https:\/\/schema.org\",\"@graph\":[{\"@type\":\"Article\",\"@id\":\"https:\/\/elglobal.do\/index.php\/2025\/09\/11\/extraditan-tres-dominicanos-por-trafico-de-drogas-y-homicidio-a-estados-unidos\/#article\",\"isPartOf\":{\"@id\":\"https:\/\/elglobal.do\/index.php\/2025\/09\/11\/extraditan-tres-dominicanos-por-trafico-de-drogas-y-homicidio-a-estados-unidos\/\"},\"author\":{\"name\":\"EL GLOBAL\",\"@id\":\"https:\/\/elglobal.do\/#\/schema\/person\/0c97ec2c7714fb605d230c292f64d55f\"},\"headline\":\"Extraditan tres dominicanos por tr\u00e1fico de drogas y homicidio a Estados Unidos\",\"datePublished\":\"2025-09-11T16:57:56+00:00\",\"dateModified\":\"2025-09-11T16:57:58+00:00\",\"mainEntityOfPage\":{\"@id\":\"https:\/\/elglobal.do\/index.php\/2025\/09\/11\/extraditan-tres-dominicanos-por-trafico-de-drogas-y-homicidio-a-estados-unidos\/\"},\"wordCount\":321,\"commentCount\":0,\"publisher\":{\"@id\":\"https:\/\/elglobal.do\/#organization\"},\"image\":{\"@id\":\"https:\/\/elglobal.do\/index.php\/2025\/09\/11\/extraditan-tres-dominicanos-por-trafico-de-drogas-y-homicidio-a-estados-unidos\/#primaryimage\"},\"thumbnailUrl\":\"https:\/\/elglobal.do\/wp-content\/uploads\/2025\/09\/image-89.png\",\"keywords\":[\"#EE.UU.\",\"#extradicci\u00f3n\",\"#Homicidios\",\"#Tr\u00e1ficodedrogas\"],\"articleSection\":[\"NACIONALES\"],\"inLanguage\":\"es\",\"potentialAction\":[{\"@type\":\"CommentAction\",\"name\":\"Comment\",\"target\":[\"https:\/\/elglobal.do\/index.php\/2025\/09\/11\/extraditan-tres-dominicanos-por-trafico-de-drogas-y-homicidio-a-estados-unidos\/#respond\"]}]},{\"@type\":\"WebPage\",\"@id\":\"https:\/\/elglobal.do\/index.php\/2025\/09\/11\/extraditan-tres-dominicanos-por-trafico-de-drogas-y-homicidio-a-estados-unidos\/\",\"url\":\"https:\/\/elglobal.do\/index.php\/2025\/09\/11\/extraditan-tres-dominicanos-por-trafico-de-drogas-y-homicidio-a-estados-unidos\/\",\"name\":\"Extraditan tres dominicanos por tr\u00e1fico de drogas y homicidio a Estados Unidos - EL GLOBAL INFORMATIVO\",\"isPartOf\":{\"@id\":\"https:\/\/elglobal.do\/#website\"},\"primaryImageOfPage\":{\"@id\":\"https:\/\/elglobal.do\/index.php\/2025\/09\/11\/extraditan-tres-dominicanos-por-trafico-de-drogas-y-homicidio-a-estados-unidos\/#primaryimage\"},\"image\":{\"@id\":\"https:\/\/elglobal.do\/index.php\/2025\/09\/11\/extraditan-tres-dominicanos-por-trafico-de-drogas-y-homicidio-a-estados-unidos\/#primaryimage\"},\"thumbnailUrl\":\"https:\/\/elglobal.do\/wp-content\/uploads\/2025\/09\/image-89.png\",\"datePublished\":\"2025-09-11T16:57:56+00:00\",\"dateModified\":\"2025-09-11T16:57:58+00:00\",\"breadcrumb\":{\"@id\":\"https:\/\/elglobal.do\/index.php\/2025\/09\/11\/extraditan-tres-dominicanos-por-trafico-de-drogas-y-homicidio-a-estados-unidos\/#breadcrumb\"},\"inLanguage\":\"es\",\"potentialAction\":[{\"@type\":\"ReadAction\",\"target\":[\"https:\/\/elglobal.do\/index.php\/2025\/09\/11\/extraditan-tres-dominicanos-por-trafico-de-drogas-y-homicidio-a-estados-unidos\/\"]}]},{\"@type\":\"ImageObject\",\"inLanguage\":\"es\",\"@id\":\"https:\/\/elglobal.do\/index.php\/2025\/09\/11\/extraditan-tres-dominicanos-por-trafico-de-drogas-y-homicidio-a-estados-unidos\/#primaryimage\",\"url\":\"https:\/\/elglobal.do\/wp-content\/uploads\/2025\/09\/image-89.png\",\"contentUrl\":\"https:\/\/elglobal.do\/wp-content\/uploads\/2025\/09\/image-89.png\",\"width\":800,\"height\":1200},{\"@type\":\"BreadcrumbList\",\"@id\":\"https:\/\/elglobal.do\/index.php\/2025\/09\/11\/extraditan-tres-dominicanos-por-trafico-de-drogas-y-homicidio-a-estados-unidos\/#breadcrumb\",\"itemListElement\":[{\"@type\":\"ListItem\",\"position\":1,\"name\":\"Portada\",\"item\":\"https:\/\/elglobal.do\/\"},{\"@type\":\"ListItem\",\"position\":2,\"name\":\"Extraditan tres dominicanos por tr\u00e1fico de drogas y homicidio a Estados Unidos\"}]},{\"@type\":\"WebSite\",\"@id\":\"https:\/\/elglobal.do\/#website\",\"url\":\"https:\/\/elglobal.do\/\",\"name\":\"EL GLOBAL INFORMATIVO\",\"description\":\"Peri\u00f3dico digital de la Rep\u00fablica Dominicana que ofrece noticias, novedades, pol\u00edtica y las \u00faltimas actualidades, con informaci\u00f3n veraz y oportuna para mantenerte siempre informad\",\"publisher\":{\"@id\":\"https:\/\/elglobal.do\/#organization\"},\"potentialAction\":[{\"@type\":\"SearchAction\",\"target\":{\"@type\":\"EntryPoint\",\"urlTemplate\":\"https:\/\/elglobal.do\/?s={search_term_string}\"},\"query-input\":{\"@type\":\"PropertyValueSpecification\",\"valueRequired\":true,\"valueName\":\"search_term_string\"}}],\"inLanguage\":\"es\"},{\"@type\":\"Organization\",\"@id\":\"https:\/\/elglobal.do\/#organization\",\"name\":\"EL GLOBAL.DO INFORMATIVO\",\"url\":\"https:\/\/elglobal.do\/\",\"logo\":{\"@type\":\"ImageObject\",\"inLanguage\":\"es\",\"@id\":\"https:\/\/elglobal.do\/#\/schema\/logo\/image\/\",\"url\":\"https:\/\/elglobal.do\/wp-content\/uploads\/2025\/08\/icon.png\",\"contentUrl\":\"https:\/\/elglobal.do\/wp-content\/uploads\/2025\/08\/icon.png\",\"width\":512,\"height\":512,\"caption\":\"EL GLOBAL.DO INFORMATIVO\"},\"image\":{\"@id\":\"https:\/\/elglobal.do\/#\/schema\/logo\/image\/\"}},{\"@type\":\"Person\",\"@id\":\"https:\/\/elglobal.do\/#\/schema\/person\/0c97ec2c7714fb605d230c292f64d55f\",\"name\":\"EL GLOBAL\",\"image\":{\"@type\":\"ImageObject\",\"inLanguage\":\"es\",\"@id\":\"https:\/\/elglobal.do\/#\/schema\/person\/image\/\",\"url\":\"https:\/\/secure.gravatar.com\/avatar\/081cfb6cf99faddc6f4e23a0c11ab98c5cf302925382d1c88dc3ed757ab910a3?s=96&d=mm&r=g\",\"contentUrl\":\"https:\/\/secure.gravatar.com\/avatar\/081cfb6cf99faddc6f4e23a0c11ab98c5cf302925382d1c88dc3ed757ab910a3?s=96&d=mm&r=g\",\"caption\":\"EL GLOBAL\"},\"description\":\"El Global Informativo es un peri\u00f3dico digital de Rep\u00fablica Dominicana que se dedica a cubrir temas importantes, como la pol\u00edtica local, geopol\u00edtica, econom\u00eda, tecnolog\u00eda, noticias internacionales y eventos relacionados con la gesti\u00f3n social, cultural y humana. Su objetivo principal es mantener a la poblaci\u00f3n informada, ofreciendo una visi\u00f3n amplia y actualizada de lo que sucede tanto en el pa\u00eds como en el mundo. Est\u00e1 dirigido por un grupo de periodistas experimentados, lo que garantiza la calidad y la precisi\u00f3n de la informaci\u00f3n que ofrecen. Tiene su sede en la ciudad de Santo Domingo y es parte integral del portafolio de la empresa, MC Global S.R.L.\",\"sameAs\":[\"https:\/\/elglobal.do\",\"https:\/\/www.instagram.com\/elglobal.do_informativo\/\"],\"url\":\"https:\/\/elglobal.do\/index.php\/author\/elglobaluserpro\/\"}]}<\/script>\n<!-- \/ Yoast SEO plugin. -->","yoast_head_json":{"title":"Extraditan tres dominicanos por tr\u00e1fico de drogas y homicidio a Estados Unidos - EL GLOBAL INFORMATIVO","robots":{"index":"index","follow":"follow","max-snippet":"max-snippet:-1","max-image-preview":"max-image-preview:large","max-video-preview":"max-video-preview:-1"},"canonical":"https:\/\/elglobal.do\/index.php\/2025\/09\/11\/extraditan-tres-dominicanos-por-trafico-de-drogas-y-homicidio-a-estados-unidos\/","og_locale":"es_ES","og_type":"article","og_title":"Extraditan tres dominicanos por tr\u00e1fico de drogas y homicidio a Estados Unidos - EL GLOBAL INFORMATIVO","og_description":"Santo Domingo.-La\u00a0Procuradur\u00eda General de la Rep\u00fablica (PGR)\u00a0y la\u00a0Direcci\u00f3n Nacional de Control de Drogas (DNCD),\u00a0apoyados por Alguaciles de Estados Unidos (U.S. Marshals), extraditaron a tres dominicanos acusados de narcotr\u00e1fico y homicidio&hellip;","og_url":"https:\/\/elglobal.do\/index.php\/2025\/09\/11\/extraditan-tres-dominicanos-por-trafico-de-drogas-y-homicidio-a-estados-unidos\/","og_site_name":"EL GLOBAL INFORMATIVO","article_published_time":"2025-09-11T16:57:56+00:00","article_modified_time":"2025-09-11T16:57:58+00:00","og_image":[{"width":800,"height":1200,"url":"https:\/\/elglobal.do\/wp-content\/uploads\/2025\/09\/image-89.png","type":"image\/png"}],"author":"EL GLOBAL","twitter_card":"summary_large_image","twitter_misc":{"Escrito por":"EL GLOBAL","Tiempo de lectura":"2 minutos"},"schema":{"@context":"https:\/\/schema.org","@graph":[{"@type":"Article","@id":"https:\/\/elglobal.do\/index.php\/2025\/09\/11\/extraditan-tres-dominicanos-por-trafico-de-drogas-y-homicidio-a-estados-unidos\/#article","isPartOf":{"@id":"https:\/\/elglobal.do\/index.php\/2025\/09\/11\/extraditan-tres-dominicanos-por-trafico-de-drogas-y-homicidio-a-estados-unidos\/"},"author":{"name":"EL GLOBAL","@id":"https:\/\/elglobal.do\/#\/schema\/person\/0c97ec2c7714fb605d230c292f64d55f"},"headline":"Extraditan tres dominicanos por tr\u00e1fico de drogas y homicidio a Estados Unidos","datePublished":"2025-09-11T16:57:56+00:00","dateModified":"2025-09-11T16:57:58+00:00","mainEntityOfPage":{"@id":"https:\/\/elglobal.do\/index.php\/2025\/09\/11\/extraditan-tres-dominicanos-por-trafico-de-drogas-y-homicidio-a-estados-unidos\/"},"wordCount":321,"commentCount":0,"publisher":{"@id":"https:\/\/elglobal.do\/#organization"},"image":{"@id":"https:\/\/elglobal.do\/index.php\/2025\/09\/11\/extraditan-tres-dominicanos-por-trafico-de-drogas-y-homicidio-a-estados-unidos\/#primaryimage"},"thumbnailUrl":"https:\/\/elglobal.do\/wp-content\/uploads\/2025\/09\/image-89.png","keywords":["#EE.UU.","#extradicci\u00f3n","#Homicidios","#Tr\u00e1ficodedrogas"],"articleSection":["NACIONALES"],"inLanguage":"es","potentialAction":[{"@type":"CommentAction","name":"Comment","target":["https:\/\/elglobal.do\/index.php\/2025\/09\/11\/extraditan-tres-dominicanos-por-trafico-de-drogas-y-homicidio-a-estados-unidos\/#respond"]}]},{"@type":"WebPage","@id":"https:\/\/elglobal.do\/index.php\/2025\/09\/11\/extraditan-tres-dominicanos-por-trafico-de-drogas-y-homicidio-a-estados-unidos\/","url":"https:\/\/elglobal.do\/index.php\/2025\/09\/11\/extraditan-tres-dominicanos-por-trafico-de-drogas-y-homicidio-a-estados-unidos\/","name":"Extraditan tres dominicanos por tr\u00e1fico de drogas y homicidio a Estados Unidos - EL GLOBAL INFORMATIVO","isPartOf":{"@id":"https:\/\/elglobal.do\/#website"},"primaryImageOfPage":{"@id":"https:\/\/elglobal.do\/index.php\/2025\/09\/11\/extraditan-tres-dominicanos-por-trafico-de-drogas-y-homicidio-a-estados-unidos\/#primaryimage"},"image":{"@id":"https:\/\/elglobal.do\/index.php\/2025\/09\/11\/extraditan-tres-dominicanos-por-trafico-de-drogas-y-homicidio-a-estados-unidos\/#primaryimage"},"thumbnailUrl":"https:\/\/elglobal.do\/wp-content\/uploads\/2025\/09\/image-89.png","datePublished":"2025-09-11T16:57:56+00:00","dateModified":"2025-09-11T16:57:58+00:00","breadcrumb":{"@id":"https:\/\/elglobal.do\/index.php\/2025\/09\/11\/extraditan-tres-dominicanos-por-trafico-de-drogas-y-homicidio-a-estados-unidos\/#breadcrumb"},"inLanguage":"es","potentialAction":[{"@type":"ReadAction","target":["https:\/\/elglobal.do\/index.php\/2025\/09\/11\/extraditan-tres-dominicanos-por-trafico-de-drogas-y-homicidio-a-estados-unidos\/"]}]},{"@type":"ImageObject","inLanguage":"es","@id":"https:\/\/elglobal.do\/index.php\/2025\/09\/11\/extraditan-tres-dominicanos-por-trafico-de-drogas-y-homicidio-a-estados-unidos\/#primaryimage","url":"https:\/\/elglobal.do\/wp-content\/uploads\/2025\/09\/image-89.png","contentUrl":"https:\/\/elglobal.do\/wp-content\/uploads\/2025\/09\/image-89.png","width":800,"height":1200},{"@type":"BreadcrumbList","@id":"https:\/\/elglobal.do\/index.php\/2025\/09\/11\/extraditan-tres-dominicanos-por-trafico-de-drogas-y-homicidio-a-estados-unidos\/#breadcrumb","itemListElement":[{"@type":"ListItem","position":1,"name":"Portada","item":"https:\/\/elglobal.do\/"},{"@type":"ListItem","position":2,"name":"Extraditan tres dominicanos por tr\u00e1fico de drogas y homicidio a Estados Unidos"}]},{"@type":"WebSite","@id":"https:\/\/elglobal.do\/#website","url":"https:\/\/elglobal.do\/","name":"EL GLOBAL INFORMATIVO","description":"Peri\u00f3dico digital de la Rep\u00fablica Dominicana que ofrece noticias, novedades, pol\u00edtica y las \u00faltimas actualidades, con informaci\u00f3n veraz y oportuna para mantenerte siempre informad","publisher":{"@id":"https:\/\/elglobal.do\/#organization"},"potentialAction":[{"@type":"SearchAction","target":{"@type":"EntryPoint","urlTemplate":"https:\/\/elglobal.do\/?s={search_term_string}"},"query-input":{"@type":"PropertyValueSpecification","valueRequired":true,"valueName":"search_term_string"}}],"inLanguage":"es"},{"@type":"Organization","@id":"https:\/\/elglobal.do\/#organization","name":"EL GLOBAL.DO INFORMATIVO","url":"https:\/\/elglobal.do\/","logo":{"@type":"ImageObject","inLanguage":"es","@id":"https:\/\/elglobal.do\/#\/schema\/logo\/image\/","url":"https:\/\/elglobal.do\/wp-content\/uploads\/2025\/08\/icon.png","contentUrl":"https:\/\/elglobal.do\/wp-content\/uploads\/2025\/08\/icon.png","width":512,"height":512,"caption":"EL GLOBAL.DO INFORMATIVO"},"image":{"@id":"https:\/\/elglobal.do\/#\/schema\/logo\/image\/"}},{"@type":"Person","@id":"https:\/\/elglobal.do\/#\/schema\/person\/0c97ec2c7714fb605d230c292f64d55f","name":"EL GLOBAL","image":{"@type":"ImageObject","inLanguage":"es","@id":"https:\/\/elglobal.do\/#\/schema\/person\/image\/","url":"https:\/\/secure.gravatar.com\/avatar\/081cfb6cf99faddc6f4e23a0c11ab98c5cf302925382d1c88dc3ed757ab910a3?s=96&d=mm&r=g","contentUrl":"https:\/\/secure.gravatar.com\/avatar\/081cfb6cf99faddc6f4e23a0c11ab98c5cf302925382d1c88dc3ed757ab910a3?s=96&d=mm&r=g","caption":"EL GLOBAL"},"description":"El Global Informativo es un peri\u00f3dico digital de Rep\u00fablica Dominicana que se dedica a cubrir temas importantes, como la pol\u00edtica local, geopol\u00edtica, econom\u00eda, tecnolog\u00eda, noticias internacionales y eventos relacionados con la gesti\u00f3n social, cultural y humana. Su objetivo principal es mantener a la poblaci\u00f3n informada, ofreciendo una visi\u00f3n amplia y actualizada de lo que sucede tanto en el pa\u00eds como en el mundo. Est\u00e1 dirigido por un grupo de periodistas experimentados, lo que garantiza la calidad y la precisi\u00f3n de la informaci\u00f3n que ofrecen. Tiene su sede en la ciudad de Santo Domingo y es parte integral del portafolio de la empresa, MC Global S.R.L.","sameAs":["https:\/\/elglobal.do","https:\/\/www.instagram.com\/elglobal.do_informativo\/"],"url":"https:\/\/elglobal.do\/index.php\/author\/elglobaluserpro\/"}]}},"jetpack_featured_media_url":"https:\/\/elglobal.do\/wp-content\/uploads\/2025\/09\/image-89.png","jetpack_sharing_enabled":true,"_links":{"self":[{"href":"https:\/\/elglobal.do\/index.php\/wp-json\/wp\/v2\/posts\/2237","targetHints":{"allow":["GET"]}}],"collection":[{"href":"https:\/\/elglobal.do\/index.php\/wp-json\/wp\/v2\/posts"}],"about":[{"href":"https:\/\/elglobal.do\/index.php\/wp-json\/wp\/v2\/types\/post"}],"author":[{"embeddable":true,"href":"https:\/\/elglobal.do\/index.php\/wp-json\/wp\/v2\/users\/1"}],"replies":[{"embeddable":true,"href":"https:\/\/elglobal.do\/index.php\/wp-json\/wp\/v2\/comments?post=2237"}],"version-history":[{"count":1,"href":"https:\/\/elglobal.do\/index.php\/wp-json\/wp\/v2\/posts\/2237\/revisions"}],"predecessor-version":[{"id":2239,"href":"https:\/\/elglobal.do\/index.php\/wp-json\/wp\/v2\/posts\/2237\/revisions\/2239"}],"wp:featuredmedia":[{"embeddable":true,"href":"https:\/\/elglobal.do\/index.php\/wp-json\/wp\/v2\/media\/2238"}],"wp:attachment":[{"href":"https:\/\/elglobal.do\/index.php\/wp-json\/wp\/v2\/media?parent=2237"}],"wp:term":[{"taxonomy":"category","embeddable":true,"href":"https:\/\/elglobal.do\/index.php\/wp-json\/wp\/v2\/categories?post=2237"},{"taxonomy":"post_tag","embeddable":true,"href":"https:\/\/elglobal.do\/index.php\/wp-json\/wp\/v2\/tags?post=2237"}],"curies":[{"name":"wp","href":"https:\/\/api.w.org\/{rel}","templated":true}]}}