{"id":2267,"date":"2025-09-13T10:53:58","date_gmt":"2025-09-13T14:53:58","guid":{"rendered":"https:\/\/elglobal.do\/?p=2267"},"modified":"2025-09-13T10:54:02","modified_gmt":"2025-09-13T14:54:02","slug":"bolsonaro-es-declarado-culpable-de-intento-de-golpe-contra-lula","status":"publish","type":"post","link":"https:\/\/elglobal.do\/index.php\/2025\/09\/13\/bolsonaro-es-declarado-culpable-de-intento-de-golpe-contra-lula\/","title":{"rendered":"Bolsonaro es declarado culpable de intento de golpe contra Lula"},"content":{"rendered":"\n<figure class=\"wp-block-image size-full\"><img loading=\"lazy\" decoding=\"async\" width=\"900\" height=\"600\" src=\"https:\/\/elglobal.do\/wp-content\/uploads\/2025\/09\/Bolsonaro.webp\" alt=\"\" class=\"wp-image-2270\" srcset=\"https:\/\/elglobal.do\/wp-content\/uploads\/2025\/09\/Bolsonaro.webp 900w, https:\/\/elglobal.do\/wp-content\/uploads\/2025\/09\/Bolsonaro-300x200.webp 300w, https:\/\/elglobal.do\/wp-content\/uploads\/2025\/09\/Bolsonaro-768x512.webp 768w\" sizes=\"auto, (max-width: 900px) 100vw, 900px\" \/><\/figure>\n\n\n\n<p><strong>Brasilia, Brasil<em>. &#8211;<\/em><\/strong>El expresidente brasile\u00f1o<strong>\u00a0Jair Bolsonaro<\/strong>\u00a0fue declarado culpable de haber atentado contra el orden democr\u00e1tico, en un fallo que concluy\u00f3 con cuatro votos contra uno.<\/p>\n\n\n\n<p>El voto definitivo fue dictado por el presidente de la Primera Sala, Cristiano Zanin, antiguo abogado del actual mandatario Luiz In\u00e1cio Lula da Silva, contra quien Bolsonaro conspir\u00f3 tras perder las elecciones de 2022, seg\u00fan las conclusiones del tribunal.<\/p>\n\n\n\n<p>\u00abLas pruebas permiten concluir que los acusados pretend\u00edan romper el estado democr\u00e1tico de derecho\u00bb, dijo Zanin en su voto, que dej\u00f3 una mayor\u00eda de cuatro a uno la&nbsp;<strong>condena de Bolsonaro&nbsp;<\/strong>y otros siete reos, entre los que figuran exministros y antiguos jefes de las Fuerzas Armadas.<\/p>\n\n\n\n<p>\u00abLa Fiscal\u00eda consigui\u00f3 describir satisfactoriamente una&nbsp;<strong>organizaci\u00f3n criminal armada<\/strong>, estructurada jer\u00e1rquicamente y orientada a perseguir un proyecto\u00bb centrado en la \u00abpermanencia en el poder del presidente Bolsonaro, sea cual fuera el m\u00e9todo criminal a ser utilizado\u00bb, asegur\u00f3 Zanin.<\/p>\n\n\n\n<p>Tras la declaraci\u00f3n de culpabilidad, los cinco jueces discutir\u00e1n, en principio este viernes, las condenas que ser\u00e1n aplicadas, que pueden llegar a 43 a\u00f1os de c\u00e1rcel.<\/p>\n\n\n\n<p>Bolsonaro y los otros siete reos responden por los delitos de abolici\u00f3n del Estado democr\u00e1tico de derecho, golpe de Estado, organizaci\u00f3n criminal, deterioro del patrimonio protegido y da\u00f1o calificado.<\/p>\n\n\n\n<p>En el caso de Bolsonaro, la acusaci\u00f3n formulada por la Fiscal\u00eda General contempla un agravante, pues lo considera \u00abjefe\u00bb de la \u00aborganizaci\u00f3n criminal\u00bb que intent\u00f3 impedir la toma de posesi\u00f3n de Lula, tras su victoria en las elecciones de 2022 frente al l\u00edder de la extrema derecha.<\/p>\n\n\n\n<p>Seg\u00fan la acusaci\u00f3n formulada por la Fiscal\u00eda General y aceptada por cuatro de los cinco jueces, la conspiraci\u00f3n comenz\u00f3 en junio de 2021, poco m\u00e1s de un a\u00f1o antes de las elecciones y cuando Lula comenzaba a despuntar en las encuestas.<\/p>\n\n\n\n<p>La trama fue desarrollada en diversas fases y comenz\u00f3 con una dura campa\u00f1a de descr\u00e9dito contra las instituciones y el sistema electoral del pa\u00eds dirigida por el propio Bolsonaro, de acuerdo a la acusaci\u00f3n.<\/p>\n\n\n\n<p>La conspiraci\u00f3n paso de las palabras a los hechos despu\u00e9s de que Lula gan\u00f3 las elecciones de octubre de 2022, con intensas protestas, atentados frustrados por la Polic\u00eda y campamentos en las puertas de los cuarteles en los que miles de bolsonaristas exig\u00edan al Ej\u00e9rcito que impidiera la investidura de Lula.<\/p>\n\n\n\n<p>El l\u00edder progresista asumi\u00f3 el poder finalmente el 1 de enero de 2023 y, una semana despu\u00e9s, miles de activistas de ultraderecha salieron de uno de esos campamentos en Brasilia para asaltar con violencia las sedes de la Presidencia, el Parlamento y la propia Corte Suprema.<\/p>\n\n\n\n<p>De acuerdo a la Fiscal\u00eda, esa acci\u00f3n fue el corolario de una trama golpista que, seg\u00fan la acusaci\u00f3n, fue \u00abliderada\u00bb y dirigida personalmente por Bolsonaro, con el objetivo de \u00abperpetuarse en el poder\u00bb e instalar \u00abuna dictadura\u00bb en Brasil.<\/p>\n\n\n\n<p><\/p>\n\n\n\n<p>Fuente: <strong><a href=\"https:\/\/efe.com\/mundo\/2025-09-11\/brasil-expresidentes-condenados-jair-bolsonaro-justicia\/\">Agencia EFE<\/a><\/strong><\/p>\n","protected":false},"excerpt":{"rendered":"<p>Brasilia, Brasil. &#8211;El expresidente brasile\u00f1o\u00a0Jair Bolsonaro\u00a0fue declarado culpable de haber atentado contra el orden democr\u00e1tico, en un fallo que concluy\u00f3 con cuatro votos contra uno. El voto definitivo fue dictado&hellip; <\/p>\n","protected":false},"author":1,"featured_media":2270,"comment_status":"open","ping_status":"open","sticky":false,"template":"","format":"standard","meta":{"_jetpack_memberships_contains_paid_content":false,"footnotes":""},"categories":[1,14],"tags":[170,1175,98,1177,1176,1178,711],"class_list":["post-2267","post","type-post","status-publish","format-standard","has-post-thumbnail","hentry","category-categoria-internacionales","category-slider","tag-brasil","tag-culpable","tag-elglobalinformativo","tag-intentodegolpe","tag-jairbolsonaro","tag-luladasilva","tag-tribunal"],"yoast_head":"<!-- This site is optimized with the Yoast SEO plugin v26.9 - https:\/\/yoast.com\/product\/yoast-seo-wordpress\/ -->\n<title>Bolsonaro es declarado culpable de intento de golpe contra Lula - EL GLOBAL INFORMATIVO<\/title>\n<meta name=\"robots\" content=\"index, follow, max-snippet:-1, max-image-preview:large, max-video-preview:-1\" \/>\n<link rel=\"canonical\" href=\"https:\/\/elglobal.do\/index.php\/2025\/09\/13\/bolsonaro-es-declarado-culpable-de-intento-de-golpe-contra-lula\/\" \/>\n<meta property=\"og:locale\" content=\"es_ES\" \/>\n<meta property=\"og:type\" content=\"article\" \/>\n<meta property=\"og:title\" content=\"Bolsonaro es declarado culpable de intento de golpe contra Lula - EL GLOBAL INFORMATIVO\" \/>\n<meta property=\"og:description\" content=\"Brasilia, Brasil. &#8211;El expresidente brasile\u00f1o\u00a0Jair Bolsonaro\u00a0fue declarado culpable de haber atentado contra el orden democr\u00e1tico, en un fallo que concluy\u00f3 con cuatro votos contra uno. El voto definitivo fue dictado&hellip;\" \/>\n<meta property=\"og:url\" content=\"https:\/\/elglobal.do\/index.php\/2025\/09\/13\/bolsonaro-es-declarado-culpable-de-intento-de-golpe-contra-lula\/\" \/>\n<meta property=\"og:site_name\" content=\"EL GLOBAL INFORMATIVO\" \/>\n<meta property=\"article:published_time\" content=\"2025-09-13T14:53:58+00:00\" \/>\n<meta property=\"article:modified_time\" content=\"2025-09-13T14:54:02+00:00\" \/>\n<meta property=\"og:image\" content=\"https:\/\/elglobal.do\/wp-content\/uploads\/2025\/09\/Bolsonaro.webp\" \/>\n\t<meta property=\"og:image:width\" content=\"900\" \/>\n\t<meta property=\"og:image:height\" content=\"600\" \/>\n\t<meta property=\"og:image:type\" content=\"image\/webp\" \/>\n<meta name=\"author\" content=\"EL GLOBAL\" \/>\n<meta name=\"twitter:card\" content=\"summary_large_image\" \/>\n<meta name=\"twitter:label1\" content=\"Escrito por\" \/>\n\t<meta name=\"twitter:data1\" content=\"EL GLOBAL\" \/>\n\t<meta name=\"twitter:label2\" content=\"Tiempo de lectura\" \/>\n\t<meta name=\"twitter:data2\" content=\"3 minutos\" \/>\n<script type=\"application\/ld+json\" class=\"yoast-schema-graph\">{\"@context\":\"https:\/\/schema.org\",\"@graph\":[{\"@type\":\"Article\",\"@id\":\"https:\/\/elglobal.do\/index.php\/2025\/09\/13\/bolsonaro-es-declarado-culpable-de-intento-de-golpe-contra-lula\/#article\",\"isPartOf\":{\"@id\":\"https:\/\/elglobal.do\/index.php\/2025\/09\/13\/bolsonaro-es-declarado-culpable-de-intento-de-golpe-contra-lula\/\"},\"author\":{\"name\":\"EL GLOBAL\",\"@id\":\"https:\/\/elglobal.do\/#\/schema\/person\/0c97ec2c7714fb605d230c292f64d55f\"},\"headline\":\"Bolsonaro es declarado culpable de intento de golpe contra Lula\",\"datePublished\":\"2025-09-13T14:53:58+00:00\",\"dateModified\":\"2025-09-13T14:54:02+00:00\",\"mainEntityOfPage\":{\"@id\":\"https:\/\/elglobal.do\/index.php\/2025\/09\/13\/bolsonaro-es-declarado-culpable-de-intento-de-golpe-contra-lula\/\"},\"wordCount\":520,\"commentCount\":0,\"publisher\":{\"@id\":\"https:\/\/elglobal.do\/#organization\"},\"image\":{\"@id\":\"https:\/\/elglobal.do\/index.php\/2025\/09\/13\/bolsonaro-es-declarado-culpable-de-intento-de-golpe-contra-lula\/#primaryimage\"},\"thumbnailUrl\":\"https:\/\/elglobal.do\/wp-content\/uploads\/2025\/09\/Bolsonaro.webp\",\"keywords\":[\"#Brasil\",\"#culpable\",\"#ElGlobalInformativo\",\"#intentodegolpe\",\"#JairBolsonaro\",\"#LuladaSilva\",\"#Tribunal\"],\"articleSection\":[\"INTERNACIONALES\",\"NOTICIAS RELEVANTES\"],\"inLanguage\":\"es\",\"potentialAction\":[{\"@type\":\"CommentAction\",\"name\":\"Comment\",\"target\":[\"https:\/\/elglobal.do\/index.php\/2025\/09\/13\/bolsonaro-es-declarado-culpable-de-intento-de-golpe-contra-lula\/#respond\"]}]},{\"@type\":\"WebPage\",\"@id\":\"https:\/\/elglobal.do\/index.php\/2025\/09\/13\/bolsonaro-es-declarado-culpable-de-intento-de-golpe-contra-lula\/\",\"url\":\"https:\/\/elglobal.do\/index.php\/2025\/09\/13\/bolsonaro-es-declarado-culpable-de-intento-de-golpe-contra-lula\/\",\"name\":\"Bolsonaro es declarado culpable de intento de golpe contra Lula - EL GLOBAL INFORMATIVO\",\"isPartOf\":{\"@id\":\"https:\/\/elglobal.do\/#website\"},\"primaryImageOfPage\":{\"@id\":\"https:\/\/elglobal.do\/index.php\/2025\/09\/13\/bolsonaro-es-declarado-culpable-de-intento-de-golpe-contra-lula\/#primaryimage\"},\"image\":{\"@id\":\"https:\/\/elglobal.do\/index.php\/2025\/09\/13\/bolsonaro-es-declarado-culpable-de-intento-de-golpe-contra-lula\/#primaryimage\"},\"thumbnailUrl\":\"https:\/\/elglobal.do\/wp-content\/uploads\/2025\/09\/Bolsonaro.webp\",\"datePublished\":\"2025-09-13T14:53:58+00:00\",\"dateModified\":\"2025-09-13T14:54:02+00:00\",\"breadcrumb\":{\"@id\":\"https:\/\/elglobal.do\/index.php\/2025\/09\/13\/bolsonaro-es-declarado-culpable-de-intento-de-golpe-contra-lula\/#breadcrumb\"},\"inLanguage\":\"es\",\"potentialAction\":[{\"@type\":\"ReadAction\",\"target\":[\"https:\/\/elglobal.do\/index.php\/2025\/09\/13\/bolsonaro-es-declarado-culpable-de-intento-de-golpe-contra-lula\/\"]}]},{\"@type\":\"ImageObject\",\"inLanguage\":\"es\",\"@id\":\"https:\/\/elglobal.do\/index.php\/2025\/09\/13\/bolsonaro-es-declarado-culpable-de-intento-de-golpe-contra-lula\/#primaryimage\",\"url\":\"https:\/\/elglobal.do\/wp-content\/uploads\/2025\/09\/Bolsonaro.webp\",\"contentUrl\":\"https:\/\/elglobal.do\/wp-content\/uploads\/2025\/09\/Bolsonaro.webp\",\"width\":900,\"height\":600},{\"@type\":\"BreadcrumbList\",\"@id\":\"https:\/\/elglobal.do\/index.php\/2025\/09\/13\/bolsonaro-es-declarado-culpable-de-intento-de-golpe-contra-lula\/#breadcrumb\",\"itemListElement\":[{\"@type\":\"ListItem\",\"position\":1,\"name\":\"Portada\",\"item\":\"https:\/\/elglobal.do\/\"},{\"@type\":\"ListItem\",\"position\":2,\"name\":\"Bolsonaro es declarado culpable de intento de golpe contra Lula\"}]},{\"@type\":\"WebSite\",\"@id\":\"https:\/\/elglobal.do\/#website\",\"url\":\"https:\/\/elglobal.do\/\",\"name\":\"EL GLOBAL INFORMATIVO\",\"description\":\"Peri\u00f3dico digital de la Rep\u00fablica Dominicana que ofrece noticias, novedades, pol\u00edtica y las \u00faltimas actualidades, con informaci\u00f3n veraz y oportuna para mantenerte siempre informad\",\"publisher\":{\"@id\":\"https:\/\/elglobal.do\/#organization\"},\"potentialAction\":[{\"@type\":\"SearchAction\",\"target\":{\"@type\":\"EntryPoint\",\"urlTemplate\":\"https:\/\/elglobal.do\/?s={search_term_string}\"},\"query-input\":{\"@type\":\"PropertyValueSpecification\",\"valueRequired\":true,\"valueName\":\"search_term_string\"}}],\"inLanguage\":\"es\"},{\"@type\":\"Organization\",\"@id\":\"https:\/\/elglobal.do\/#organization\",\"name\":\"EL GLOBAL.DO INFORMATIVO\",\"url\":\"https:\/\/elglobal.do\/\",\"logo\":{\"@type\":\"ImageObject\",\"inLanguage\":\"es\",\"@id\":\"https:\/\/elglobal.do\/#\/schema\/logo\/image\/\",\"url\":\"https:\/\/elglobal.do\/wp-content\/uploads\/2025\/08\/icon.png\",\"contentUrl\":\"https:\/\/elglobal.do\/wp-content\/uploads\/2025\/08\/icon.png\",\"width\":512,\"height\":512,\"caption\":\"EL GLOBAL.DO INFORMATIVO\"},\"image\":{\"@id\":\"https:\/\/elglobal.do\/#\/schema\/logo\/image\/\"}},{\"@type\":\"Person\",\"@id\":\"https:\/\/elglobal.do\/#\/schema\/person\/0c97ec2c7714fb605d230c292f64d55f\",\"name\":\"EL GLOBAL\",\"image\":{\"@type\":\"ImageObject\",\"inLanguage\":\"es\",\"@id\":\"https:\/\/elglobal.do\/#\/schema\/person\/image\/\",\"url\":\"https:\/\/secure.gravatar.com\/avatar\/081cfb6cf99faddc6f4e23a0c11ab98c5cf302925382d1c88dc3ed757ab910a3?s=96&d=mm&r=g\",\"contentUrl\":\"https:\/\/secure.gravatar.com\/avatar\/081cfb6cf99faddc6f4e23a0c11ab98c5cf302925382d1c88dc3ed757ab910a3?s=96&d=mm&r=g\",\"caption\":\"EL GLOBAL\"},\"description\":\"El Global Informativo es un peri\u00f3dico digital de Rep\u00fablica Dominicana que se dedica a cubrir temas importantes, como la pol\u00edtica local, geopol\u00edtica, econom\u00eda, tecnolog\u00eda, noticias internacionales y eventos relacionados con la gesti\u00f3n social, cultural y humana. Su objetivo principal es mantener a la poblaci\u00f3n informada, ofreciendo una visi\u00f3n amplia y actualizada de lo que sucede tanto en el pa\u00eds como en el mundo. Est\u00e1 dirigido por un grupo de periodistas experimentados, lo que garantiza la calidad y la precisi\u00f3n de la informaci\u00f3n que ofrecen. Tiene su sede en la ciudad de Santo Domingo y es parte integral del portafolio de la empresa, MC Global S.R.L.\",\"sameAs\":[\"https:\/\/elglobal.do\",\"https:\/\/www.instagram.com\/elglobal.do_informativo\/\"],\"url\":\"https:\/\/elglobal.do\/index.php\/author\/elglobaluserpro\/\"}]}<\/script>\n<!-- \/ Yoast SEO plugin. -->","yoast_head_json":{"title":"Bolsonaro es declarado culpable de intento de golpe contra Lula - EL GLOBAL INFORMATIVO","robots":{"index":"index","follow":"follow","max-snippet":"max-snippet:-1","max-image-preview":"max-image-preview:large","max-video-preview":"max-video-preview:-1"},"canonical":"https:\/\/elglobal.do\/index.php\/2025\/09\/13\/bolsonaro-es-declarado-culpable-de-intento-de-golpe-contra-lula\/","og_locale":"es_ES","og_type":"article","og_title":"Bolsonaro es declarado culpable de intento de golpe contra Lula - EL GLOBAL INFORMATIVO","og_description":"Brasilia, Brasil. &#8211;El expresidente brasile\u00f1o\u00a0Jair Bolsonaro\u00a0fue declarado culpable de haber atentado contra el orden democr\u00e1tico, en un fallo que concluy\u00f3 con cuatro votos contra uno. El voto definitivo fue dictado&hellip;","og_url":"https:\/\/elglobal.do\/index.php\/2025\/09\/13\/bolsonaro-es-declarado-culpable-de-intento-de-golpe-contra-lula\/","og_site_name":"EL GLOBAL INFORMATIVO","article_published_time":"2025-09-13T14:53:58+00:00","article_modified_time":"2025-09-13T14:54:02+00:00","og_image":[{"width":900,"height":600,"url":"https:\/\/elglobal.do\/wp-content\/uploads\/2025\/09\/Bolsonaro.webp","type":"image\/webp"}],"author":"EL GLOBAL","twitter_card":"summary_large_image","twitter_misc":{"Escrito por":"EL GLOBAL","Tiempo de lectura":"3 minutos"},"schema":{"@context":"https:\/\/schema.org","@graph":[{"@type":"Article","@id":"https:\/\/elglobal.do\/index.php\/2025\/09\/13\/bolsonaro-es-declarado-culpable-de-intento-de-golpe-contra-lula\/#article","isPartOf":{"@id":"https:\/\/elglobal.do\/index.php\/2025\/09\/13\/bolsonaro-es-declarado-culpable-de-intento-de-golpe-contra-lula\/"},"author":{"name":"EL GLOBAL","@id":"https:\/\/elglobal.do\/#\/schema\/person\/0c97ec2c7714fb605d230c292f64d55f"},"headline":"Bolsonaro es declarado culpable de intento de golpe contra Lula","datePublished":"2025-09-13T14:53:58+00:00","dateModified":"2025-09-13T14:54:02+00:00","mainEntityOfPage":{"@id":"https:\/\/elglobal.do\/index.php\/2025\/09\/13\/bolsonaro-es-declarado-culpable-de-intento-de-golpe-contra-lula\/"},"wordCount":520,"commentCount":0,"publisher":{"@id":"https:\/\/elglobal.do\/#organization"},"image":{"@id":"https:\/\/elglobal.do\/index.php\/2025\/09\/13\/bolsonaro-es-declarado-culpable-de-intento-de-golpe-contra-lula\/#primaryimage"},"thumbnailUrl":"https:\/\/elglobal.do\/wp-content\/uploads\/2025\/09\/Bolsonaro.webp","keywords":["#Brasil","#culpable","#ElGlobalInformativo","#intentodegolpe","#JairBolsonaro","#LuladaSilva","#Tribunal"],"articleSection":["INTERNACIONALES","NOTICIAS RELEVANTES"],"inLanguage":"es","potentialAction":[{"@type":"CommentAction","name":"Comment","target":["https:\/\/elglobal.do\/index.php\/2025\/09\/13\/bolsonaro-es-declarado-culpable-de-intento-de-golpe-contra-lula\/#respond"]}]},{"@type":"WebPage","@id":"https:\/\/elglobal.do\/index.php\/2025\/09\/13\/bolsonaro-es-declarado-culpable-de-intento-de-golpe-contra-lula\/","url":"https:\/\/elglobal.do\/index.php\/2025\/09\/13\/bolsonaro-es-declarado-culpable-de-intento-de-golpe-contra-lula\/","name":"Bolsonaro es declarado culpable de intento de golpe contra Lula - EL GLOBAL INFORMATIVO","isPartOf":{"@id":"https:\/\/elglobal.do\/#website"},"primaryImageOfPage":{"@id":"https:\/\/elglobal.do\/index.php\/2025\/09\/13\/bolsonaro-es-declarado-culpable-de-intento-de-golpe-contra-lula\/#primaryimage"},"image":{"@id":"https:\/\/elglobal.do\/index.php\/2025\/09\/13\/bolsonaro-es-declarado-culpable-de-intento-de-golpe-contra-lula\/#primaryimage"},"thumbnailUrl":"https:\/\/elglobal.do\/wp-content\/uploads\/2025\/09\/Bolsonaro.webp","datePublished":"2025-09-13T14:53:58+00:00","dateModified":"2025-09-13T14:54:02+00:00","breadcrumb":{"@id":"https:\/\/elglobal.do\/index.php\/2025\/09\/13\/bolsonaro-es-declarado-culpable-de-intento-de-golpe-contra-lula\/#breadcrumb"},"inLanguage":"es","potentialAction":[{"@type":"ReadAction","target":["https:\/\/elglobal.do\/index.php\/2025\/09\/13\/bolsonaro-es-declarado-culpable-de-intento-de-golpe-contra-lula\/"]}]},{"@type":"ImageObject","inLanguage":"es","@id":"https:\/\/elglobal.do\/index.php\/2025\/09\/13\/bolsonaro-es-declarado-culpable-de-intento-de-golpe-contra-lula\/#primaryimage","url":"https:\/\/elglobal.do\/wp-content\/uploads\/2025\/09\/Bolsonaro.webp","contentUrl":"https:\/\/elglobal.do\/wp-content\/uploads\/2025\/09\/Bolsonaro.webp","width":900,"height":600},{"@type":"BreadcrumbList","@id":"https:\/\/elglobal.do\/index.php\/2025\/09\/13\/bolsonaro-es-declarado-culpable-de-intento-de-golpe-contra-lula\/#breadcrumb","itemListElement":[{"@type":"ListItem","position":1,"name":"Portada","item":"https:\/\/elglobal.do\/"},{"@type":"ListItem","position":2,"name":"Bolsonaro es declarado culpable de intento de golpe contra Lula"}]},{"@type":"WebSite","@id":"https:\/\/elglobal.do\/#website","url":"https:\/\/elglobal.do\/","name":"EL GLOBAL INFORMATIVO","description":"Peri\u00f3dico digital de la Rep\u00fablica Dominicana que ofrece noticias, novedades, pol\u00edtica y las \u00faltimas actualidades, con informaci\u00f3n veraz y oportuna para mantenerte siempre informad","publisher":{"@id":"https:\/\/elglobal.do\/#organization"},"potentialAction":[{"@type":"SearchAction","target":{"@type":"EntryPoint","urlTemplate":"https:\/\/elglobal.do\/?s={search_term_string}"},"query-input":{"@type":"PropertyValueSpecification","valueRequired":true,"valueName":"search_term_string"}}],"inLanguage":"es"},{"@type":"Organization","@id":"https:\/\/elglobal.do\/#organization","name":"EL GLOBAL.DO INFORMATIVO","url":"https:\/\/elglobal.do\/","logo":{"@type":"ImageObject","inLanguage":"es","@id":"https:\/\/elglobal.do\/#\/schema\/logo\/image\/","url":"https:\/\/elglobal.do\/wp-content\/uploads\/2025\/08\/icon.png","contentUrl":"https:\/\/elglobal.do\/wp-content\/uploads\/2025\/08\/icon.png","width":512,"height":512,"caption":"EL GLOBAL.DO INFORMATIVO"},"image":{"@id":"https:\/\/elglobal.do\/#\/schema\/logo\/image\/"}},{"@type":"Person","@id":"https:\/\/elglobal.do\/#\/schema\/person\/0c97ec2c7714fb605d230c292f64d55f","name":"EL GLOBAL","image":{"@type":"ImageObject","inLanguage":"es","@id":"https:\/\/elglobal.do\/#\/schema\/person\/image\/","url":"https:\/\/secure.gravatar.com\/avatar\/081cfb6cf99faddc6f4e23a0c11ab98c5cf302925382d1c88dc3ed757ab910a3?s=96&d=mm&r=g","contentUrl":"https:\/\/secure.gravatar.com\/avatar\/081cfb6cf99faddc6f4e23a0c11ab98c5cf302925382d1c88dc3ed757ab910a3?s=96&d=mm&r=g","caption":"EL GLOBAL"},"description":"El Global Informativo es un peri\u00f3dico digital de Rep\u00fablica Dominicana que se dedica a cubrir temas importantes, como la pol\u00edtica local, geopol\u00edtica, econom\u00eda, tecnolog\u00eda, noticias internacionales y eventos relacionados con la gesti\u00f3n social, cultural y humana. Su objetivo principal es mantener a la poblaci\u00f3n informada, ofreciendo una visi\u00f3n amplia y actualizada de lo que sucede tanto en el pa\u00eds como en el mundo. Est\u00e1 dirigido por un grupo de periodistas experimentados, lo que garantiza la calidad y la precisi\u00f3n de la informaci\u00f3n que ofrecen. Tiene su sede en la ciudad de Santo Domingo y es parte integral del portafolio de la empresa, MC Global S.R.L.","sameAs":["https:\/\/elglobal.do","https:\/\/www.instagram.com\/elglobal.do_informativo\/"],"url":"https:\/\/elglobal.do\/index.php\/author\/elglobaluserpro\/"}]}},"jetpack_featured_media_url":"https:\/\/elglobal.do\/wp-content\/uploads\/2025\/09\/Bolsonaro.webp","jetpack_sharing_enabled":true,"_links":{"self":[{"href":"https:\/\/elglobal.do\/index.php\/wp-json\/wp\/v2\/posts\/2267","targetHints":{"allow":["GET"]}}],"collection":[{"href":"https:\/\/elglobal.do\/index.php\/wp-json\/wp\/v2\/posts"}],"about":[{"href":"https:\/\/elglobal.do\/index.php\/wp-json\/wp\/v2\/types\/post"}],"author":[{"embeddable":true,"href":"https:\/\/elglobal.do\/index.php\/wp-json\/wp\/v2\/users\/1"}],"replies":[{"embeddable":true,"href":"https:\/\/elglobal.do\/index.php\/wp-json\/wp\/v2\/comments?post=2267"}],"version-history":[{"count":1,"href":"https:\/\/elglobal.do\/index.php\/wp-json\/wp\/v2\/posts\/2267\/revisions"}],"predecessor-version":[{"id":2271,"href":"https:\/\/elglobal.do\/index.php\/wp-json\/wp\/v2\/posts\/2267\/revisions\/2271"}],"wp:featuredmedia":[{"embeddable":true,"href":"https:\/\/elglobal.do\/index.php\/wp-json\/wp\/v2\/media\/2270"}],"wp:attachment":[{"href":"https:\/\/elglobal.do\/index.php\/wp-json\/wp\/v2\/media?parent=2267"}],"wp:term":[{"taxonomy":"category","embeddable":true,"href":"https:\/\/elglobal.do\/index.php\/wp-json\/wp\/v2\/categories?post=2267"},{"taxonomy":"post_tag","embeddable":true,"href":"https:\/\/elglobal.do\/index.php\/wp-json\/wp\/v2\/tags?post=2267"}],"curies":[{"name":"wp","href":"https:\/\/api.w.org\/{rel}","templated":true}]}}