{"id":2284,"date":"2025-09-15T10:57:38","date_gmt":"2025-09-15T14:57:38","guid":{"rendered":"https:\/\/elglobal.do\/?p=2284"},"modified":"2025-09-15T10:59:11","modified_gmt":"2025-09-15T14:59:11","slug":"por-que-volvieron-los-apagones","status":"publish","type":"post","link":"https:\/\/elglobal.do\/index.php\/2025\/09\/15\/por-que-volvieron-los-apagones\/","title":{"rendered":"\u00bfPor qu\u00e9 volvieron los apagones?"},"content":{"rendered":"\n<figure class=\"wp-block-image size-full\"><img loading=\"lazy\" decoding=\"async\" width=\"768\" height=\"427\" src=\"https:\/\/elglobal.do\/wp-content\/uploads\/2025\/09\/Apagones.webp\" alt=\"\" class=\"wp-image-2285\" srcset=\"https:\/\/elglobal.do\/wp-content\/uploads\/2025\/09\/Apagones.webp 768w, https:\/\/elglobal.do\/wp-content\/uploads\/2025\/09\/Apagones-300x167.webp 300w\" sizes=\"auto, (max-width: 768px) 100vw, 768px\" \/><\/figure>\n\n\n\n<p><\/p>\n\n\n\n<p>Por: Jaime Aristy Escuder<\/p>\n\n\n\n<p>La distribuci\u00f3n de los apagones no es uniforme en el territorio nacional, pues depende tanto de las condiciones t\u00e9cnicas de los circuitos el\u00e9ctricos como de los niveles de facturaci\u00f3n y cobranza que gestionan las Empresas Distribuidoras de Electricidad (EDE).<\/p>\n\n\n\n<p>\u00abLlevo dos noches sin dormir por los&nbsp;<strong>apagones<\/strong>.\u00bb Frases como esa evidencian que en la&nbsp;<strong>Rep\u00fablica Dominicana<\/strong>&nbsp;se registran, de manera generalizada,&nbsp;<strong>cortes de electricidad<\/strong>&nbsp;debido a que la&nbsp;<strong>oferta<\/strong>&nbsp;resulta insuficiente frente a la&nbsp;<strong>demanda<\/strong>.<\/p>\n\n\n\n<p>La distribuci\u00f3n de los&nbsp;<strong>apagones<\/strong>&nbsp;no es uniforme en el territorio nacional, pues depende tanto de las condiciones t\u00e9cnicas de los circuitos el\u00e9ctricos como de los niveles de facturaci\u00f3n y cobranza que gestionan las Empresas Distribuidoras de Electricidad (EDE).&nbsp;<\/p>\n\n\n\n<p>La puesta en marcha definitiva de las dos unidades de la&nbsp;<strong>Central Termoel\u00e9ctrica Punta Catalina<\/strong>&nbsp;(CTPC), que incrementaron la&nbsp;<strong>oferta<\/strong>&nbsp;en 752 MW brutos entre noviembre de 2019 y abril de 2020, permiti\u00f3 reducir los&nbsp;<strong>cortes al m\u00ednimo<\/strong>.<\/p>\n\n\n\n<p>Esa generaci\u00f3n de electricidad, suplida actualmente al menor costo variable de todo el mercado el\u00e9ctrico, facilit\u00f3 que la mayor\u00eda de los agentes econ\u00f3micos dispusiese de electricidad las 24 horas al d\u00eda. En consecuencia, a partir de 2020 dej\u00f3 de ser necesario utilizar inversores o plantas de&nbsp;<strong>generaci\u00f3n el\u00e9ctrica<\/strong>&nbsp;de emergencia.&nbsp;<\/p>\n\n\n\n<p>Punta Catalina produce&nbsp;<strong>beneficios anuales<\/strong>&nbsp;de 550 millones de d\u00f3lares al Estado dominicano: 250 millones corresponden a ganancias directas y 300 millones a los ahorros de las EDE, derivados de la diferencia entre el precio spot y el precio de contrato al cual les vende la CTPC.<\/p>\n\n\n\n<p>Con esos recursos pudo haberse eliminado una gran parte del&nbsp;<strong>d\u00e9ficit del sector el\u00e9ctrico<\/strong>&nbsp;existente en el a\u00f1o 2020; sin embargo, errores en la gesti\u00f3n de las EDE colocaron en 2024 el d\u00e9ficit por encima de los 1,800 millones de d\u00f3lares.&nbsp;<\/p>\n\n\n\n<p>En un contexto caracterizado por el&nbsp;<strong>crecimiento del Producto Interno Bruto<\/strong>&nbsp;(PIB), la&nbsp;<strong>demanda de electricidad<\/strong>&nbsp;aumenta. Ante esa previsi\u00f3n, el autor de esta columna public\u00f3, en 2021, una serie de art\u00edculos en los que recomendaba al gobierno dominicano ejecutar&nbsp;<strong>acciones<\/strong>&nbsp;para garantizar que la&nbsp;<strong>oferta<\/strong>&nbsp;se mantuviese por encima de la&nbsp;<strong>demanda<\/strong>&nbsp;y, por tanto, evitar el retorno de las interrupciones del suministro.&nbsp;<\/p>\n\n\n\n<p>Las medidas eran simples y viables, bajo el liderazgo adecuado. A partir del super\u00e1vit creado por la presencia de la CTPC en el mercado el\u00e9ctrico, solo hab\u00eda que aumentar la capacidad de generaci\u00f3n de energ\u00eda base en 150 MW anuales, para alcanzar un total de&nbsp;<strong>450 MW<\/strong>&nbsp;que hubiesen estado disponibles en 2024.<\/p>\n\n\n\n<p>En esa l\u00ednea, el art\u00edculo \u00abEl reto de&nbsp;<strong>generaci\u00f3n el\u00e9ctrica<\/strong>&nbsp;de Abinader,\u00bb publicado en el List\u00edn Diario el 2 de agosto de 2021 advirti\u00f3 que: \u00abEn los a\u00f1os 2024 y 2025 habr\u00e1 una&nbsp;<strong>crisis<\/strong>&nbsp;de&nbsp;<strong>generaci\u00f3n el\u00e9ctrica<\/strong>&#8230;se incrementar\u00e1n los&nbsp;<strong>apagones<\/strong>, a menos que el gobierno acelere la&nbsp;<strong>instalaci\u00f3n<\/strong>&nbsp;de nueva y eficiente generaci\u00f3n de electricidad.\u00bb&nbsp;<\/p>\n\n\n\n<p>En otro art\u00edculo, \u00abLa ruta \u00f3ptima de expansi\u00f3n de la generaci\u00f3n del SENI,\u00bb publicado el 5 de agosto de 2021 en el blog del autor, se destac\u00f3 la necesidad de instalar un&nbsp;<strong>ciclo combinado<\/strong>&nbsp;de&nbsp;<strong>450 MW<\/strong>&nbsp;a gas natural para evitar un incremento de los&nbsp;<strong>apagones<\/strong>&nbsp;en 2024 y 2025.<\/p>\n\n\n\n<p>Esa planta de electricidad deb\u00eda colocarse en la zona comprendida entre el Distrito Nacional y San Pedro de Macor\u00eds, aprovechando la infraestructura existente que combina la terminal de gas de Andr\u00e9s, Boca Chica, y los 85 kil\u00f3metros de l\u00edneas de gasoducto instalados en esa regi\u00f3n. \u00abEsto permitir\u00eda suplir electricidad desde el primer trimestre de 2024\u00bb y satisfacer la nueva&nbsp;<strong>demanda<\/strong>&nbsp;a precios competitivos.<\/p>\n\n\n\n<p>Esa opci\u00f3n brindar\u00eda un mejor resultado financiero para las EDE \u00abque el que arrojar\u00eda suplir electricidad en ese per\u00edodo 2024-2025 con generadores ineficientes, a menos que se gestione la&nbsp;<strong>demanda de electricidad<\/strong>, aumentando la cantidad y duraci\u00f3n de los&nbsp;<strong>apagones<\/strong>.\u00bb<\/p>\n\n\n\n<p>Las recomendaciones, no obstante, fueron ignoradas por las autoridades del sector el\u00e9ctrico. De manera irracional, estas optaron por una licitaci\u00f3n que concentrar\u00eda la mayor parte de las inversiones del sector privado en el&nbsp;<strong>proyecto de electricidad<\/strong>&nbsp;a gas natural que se instalar\u00eda en&nbsp;<strong>Manzanillo<\/strong>, consistente en tres bloques de generaci\u00f3n cada uno de 400 MW y una terminal de gas natural.<\/p>\n\n\n\n<p>Esa decisi\u00f3n se tom\u00f3 a pesar de que, el 14 de agosto de 2021, se les advirti\u00f3 en el art\u00edculo \u00abLos escollos de la Central El\u00e9ctrica de&nbsp;<strong>Manzanillo<\/strong>\u00bb publicado en el List\u00edn Diario, que dicho proyecto de generaci\u00f3n entrar\u00eda en l\u00ednea a inicios de 2026, si no hab\u00eda&nbsp;<strong>retrasos significativos<\/strong>, lo cual era poco probable.&nbsp;<\/p>\n\n\n\n<p>Por otro lado, el gobierno contrat\u00f3 en esos a\u00f1os dos&nbsp;<strong>plantas altamente ineficientes<\/strong>&nbsp;y&nbsp;<strong>costosas<\/strong>: Siba Energy y Karpowership. En el Bolet\u00edn de Generaci\u00f3n y Gesti\u00f3n de Energ\u00eda de julio de 2025, elaborado por el&nbsp;<strong>Ministerio de Energ\u00eda y Minas<\/strong>&nbsp;(MEM), se indica que la primera tiene un costo variable de 140.07 d\u00f3lares por MWh y la segunda, de 106.53 d\u00f3lares. Esas cifras contrastan con el costo variable de apenas 34.62 d\u00f3lares por MWh de Punta Catalina.&nbsp;<\/p>\n\n\n\n<p>La soluci\u00f3n planteada en los citados art\u00edculos comenz\u00f3 a ejecutarse en 2025. La planta&nbsp;<strong>Generadora San Felipe I<\/strong>, un&nbsp;<strong>ciclo combinado<\/strong>&nbsp;a gas natural con capacidad de&nbsp;<strong>467 MW<\/strong>, est\u00e1 contratada para operar a partir de diciembre de 2027, aunque es posible que est\u00e9 lista desde mayo de ese mismo a\u00f1o. De haberse iniciado su construcci\u00f3n a finales de 2021, habr\u00eda estado suministrando electricidad desde 2024 a precios competitivos.&nbsp;<\/p>\n\n\n\n<p>La falta de esa energ\u00eda llev\u00f3 al presidente Luis Abinader a emitir el&nbsp;<strong>Decreto No. 517-25<\/strong>, mediante el cual se declar\u00f3 en&nbsp;<strong>estado de emergencia<\/strong>&nbsp;el&nbsp;<strong>sector energ\u00e9tico<\/strong>, con el objetivo de aumentar la disponibilidad de&nbsp;<strong>oferta<\/strong>&nbsp;el\u00e9ctrica en plazos m\u00e1s cortos que los establecidos en los procesos ordinarios de la Ley 340-06 de Compras y Contrataciones.<\/p>\n\n\n\n<p>Un d\u00eda despu\u00e9s del decreto, lleg\u00f3 al pa\u00eds una&nbsp;<strong>barcaza Karpowership<\/strong>&nbsp;proveniente de Cuba, con una&nbsp;<strong>potencia de 65 MW<\/strong>. Se estima que el&nbsp;<strong>precio mon\u00f3mico<\/strong>&nbsp;sea, al menos, tan alto como los casi 39 centavos de d\u00f3lar por kWh que registr\u00f3 en promedio entre marzo y julio de 2025 la planta similar instalada en Azua.<\/p>\n\n\n\n<p>Dada la estructura de la tarifa el\u00e9ctrica y la capacidad de gesti\u00f3n de las EDE, la presencia de la nueva barcaza podr\u00eda reducir de forma transitoria los&nbsp;<strong>apagones<\/strong>, pero lo har\u00e1 a un precio que incrementar\u00e1 de manera significativa el&nbsp;<strong>d\u00e9ficit del sector el\u00e9ctrico<\/strong>. La incompetencia siempre tiene un costo.<\/p>\n\n\n\n<p>Fuente: Diario Libre <\/p>\n","protected":false},"excerpt":{"rendered":"<p>Por: Jaime Aristy Escuder La distribuci\u00f3n de los apagones no es uniforme en el territorio nacional, pues depende tanto de las condiciones t\u00e9cnicas de los circuitos el\u00e9ctricos como de los&hellip; <\/p>\n","protected":false},"author":1,"featured_media":2285,"comment_status":"open","ping_status":"open","sticky":false,"template":"","format":"standard","meta":{"_jetpack_memberships_contains_paid_content":false,"footnotes":""},"categories":[14,20],"tags":[676,708,956,98,1187,688,1188],"class_list":["post-2284","post","type-post","status-publish","format-standard","has-post-thumbnail","hentry","category-slider","category-opinion","tag-analisis","tag-apagones","tag-deficit","tag-elglobalinformativo","tag-jaimearistyescuder","tag-opinion","tag-sectorelectrico"],"yoast_head":"<!-- This site is optimized with the Yoast SEO plugin v26.9 - https:\/\/yoast.com\/product\/yoast-seo-wordpress\/ -->\n<title>\u00bfPor qu\u00e9 volvieron los apagones? - EL GLOBAL INFORMATIVO<\/title>\n<meta name=\"robots\" content=\"index, follow, max-snippet:-1, max-image-preview:large, max-video-preview:-1\" \/>\n<link rel=\"canonical\" href=\"https:\/\/elglobal.do\/index.php\/2025\/09\/15\/por-que-volvieron-los-apagones\/\" \/>\n<meta property=\"og:locale\" content=\"es_ES\" \/>\n<meta property=\"og:type\" content=\"article\" \/>\n<meta property=\"og:title\" content=\"\u00bfPor qu\u00e9 volvieron los apagones? - EL GLOBAL INFORMATIVO\" \/>\n<meta property=\"og:description\" content=\"Por: Jaime Aristy Escuder La distribuci\u00f3n de los apagones no es uniforme en el territorio nacional, pues depende tanto de las condiciones t\u00e9cnicas de los circuitos el\u00e9ctricos como de los&hellip;\" \/>\n<meta property=\"og:url\" content=\"https:\/\/elglobal.do\/index.php\/2025\/09\/15\/por-que-volvieron-los-apagones\/\" \/>\n<meta property=\"og:site_name\" content=\"EL GLOBAL INFORMATIVO\" \/>\n<meta property=\"article:published_time\" content=\"2025-09-15T14:57:38+00:00\" \/>\n<meta property=\"article:modified_time\" content=\"2025-09-15T14:59:11+00:00\" \/>\n<meta property=\"og:image\" content=\"https:\/\/elglobal.do\/wp-content\/uploads\/2025\/09\/Apagones.webp\" \/>\n\t<meta property=\"og:image:width\" content=\"768\" \/>\n\t<meta property=\"og:image:height\" content=\"427\" \/>\n\t<meta property=\"og:image:type\" content=\"image\/webp\" \/>\n<meta name=\"author\" content=\"EL GLOBAL\" \/>\n<meta name=\"twitter:card\" content=\"summary_large_image\" \/>\n<meta name=\"twitter:label1\" content=\"Escrito por\" \/>\n\t<meta name=\"twitter:data1\" content=\"EL GLOBAL\" \/>\n\t<meta name=\"twitter:label2\" content=\"Tiempo de lectura\" \/>\n\t<meta name=\"twitter:data2\" content=\"6 minutos\" \/>\n<script type=\"application\/ld+json\" class=\"yoast-schema-graph\">{\"@context\":\"https:\/\/schema.org\",\"@graph\":[{\"@type\":\"Article\",\"@id\":\"https:\/\/elglobal.do\/index.php\/2025\/09\/15\/por-que-volvieron-los-apagones\/#article\",\"isPartOf\":{\"@id\":\"https:\/\/elglobal.do\/index.php\/2025\/09\/15\/por-que-volvieron-los-apagones\/\"},\"author\":{\"name\":\"EL GLOBAL\",\"@id\":\"https:\/\/elglobal.do\/#\/schema\/person\/0c97ec2c7714fb605d230c292f64d55f\"},\"headline\":\"\u00bfPor qu\u00e9 volvieron los apagones?\",\"datePublished\":\"2025-09-15T14:57:38+00:00\",\"dateModified\":\"2025-09-15T14:59:11+00:00\",\"mainEntityOfPage\":{\"@id\":\"https:\/\/elglobal.do\/index.php\/2025\/09\/15\/por-que-volvieron-los-apagones\/\"},\"wordCount\":1197,\"commentCount\":0,\"publisher\":{\"@id\":\"https:\/\/elglobal.do\/#organization\"},\"image\":{\"@id\":\"https:\/\/elglobal.do\/index.php\/2025\/09\/15\/por-que-volvieron-los-apagones\/#primaryimage\"},\"thumbnailUrl\":\"https:\/\/elglobal.do\/wp-content\/uploads\/2025\/09\/Apagones.webp\",\"keywords\":[\"#an\u00e1lisis\",\"#Apagones\",\"#d\u00e9ficit\",\"#ElGlobalInformativo\",\"#JaimeAristyEscuder\",\"#Opini\u00f3n\",\"#sectorel\u00e9ctrico\"],\"articleSection\":[\"NOTICIAS RELEVANTES\",\"OPINI\u00d3N\"],\"inLanguage\":\"es\",\"potentialAction\":[{\"@type\":\"CommentAction\",\"name\":\"Comment\",\"target\":[\"https:\/\/elglobal.do\/index.php\/2025\/09\/15\/por-que-volvieron-los-apagones\/#respond\"]}]},{\"@type\":\"WebPage\",\"@id\":\"https:\/\/elglobal.do\/index.php\/2025\/09\/15\/por-que-volvieron-los-apagones\/\",\"url\":\"https:\/\/elglobal.do\/index.php\/2025\/09\/15\/por-que-volvieron-los-apagones\/\",\"name\":\"\u00bfPor qu\u00e9 volvieron los apagones? - EL GLOBAL INFORMATIVO\",\"isPartOf\":{\"@id\":\"https:\/\/elglobal.do\/#website\"},\"primaryImageOfPage\":{\"@id\":\"https:\/\/elglobal.do\/index.php\/2025\/09\/15\/por-que-volvieron-los-apagones\/#primaryimage\"},\"image\":{\"@id\":\"https:\/\/elglobal.do\/index.php\/2025\/09\/15\/por-que-volvieron-los-apagones\/#primaryimage\"},\"thumbnailUrl\":\"https:\/\/elglobal.do\/wp-content\/uploads\/2025\/09\/Apagones.webp\",\"datePublished\":\"2025-09-15T14:57:38+00:00\",\"dateModified\":\"2025-09-15T14:59:11+00:00\",\"breadcrumb\":{\"@id\":\"https:\/\/elglobal.do\/index.php\/2025\/09\/15\/por-que-volvieron-los-apagones\/#breadcrumb\"},\"inLanguage\":\"es\",\"potentialAction\":[{\"@type\":\"ReadAction\",\"target\":[\"https:\/\/elglobal.do\/index.php\/2025\/09\/15\/por-que-volvieron-los-apagones\/\"]}]},{\"@type\":\"ImageObject\",\"inLanguage\":\"es\",\"@id\":\"https:\/\/elglobal.do\/index.php\/2025\/09\/15\/por-que-volvieron-los-apagones\/#primaryimage\",\"url\":\"https:\/\/elglobal.do\/wp-content\/uploads\/2025\/09\/Apagones.webp\",\"contentUrl\":\"https:\/\/elglobal.do\/wp-content\/uploads\/2025\/09\/Apagones.webp\",\"width\":768,\"height\":427},{\"@type\":\"BreadcrumbList\",\"@id\":\"https:\/\/elglobal.do\/index.php\/2025\/09\/15\/por-que-volvieron-los-apagones\/#breadcrumb\",\"itemListElement\":[{\"@type\":\"ListItem\",\"position\":1,\"name\":\"Portada\",\"item\":\"https:\/\/elglobal.do\/\"},{\"@type\":\"ListItem\",\"position\":2,\"name\":\"\u00bfPor qu\u00e9 volvieron los apagones?\"}]},{\"@type\":\"WebSite\",\"@id\":\"https:\/\/elglobal.do\/#website\",\"url\":\"https:\/\/elglobal.do\/\",\"name\":\"EL GLOBAL INFORMATIVO\",\"description\":\"Peri\u00f3dico digital de la Rep\u00fablica Dominicana que ofrece noticias, novedades, pol\u00edtica y las \u00faltimas actualidades, con informaci\u00f3n veraz y oportuna para mantenerte siempre informad\",\"publisher\":{\"@id\":\"https:\/\/elglobal.do\/#organization\"},\"potentialAction\":[{\"@type\":\"SearchAction\",\"target\":{\"@type\":\"EntryPoint\",\"urlTemplate\":\"https:\/\/elglobal.do\/?s={search_term_string}\"},\"query-input\":{\"@type\":\"PropertyValueSpecification\",\"valueRequired\":true,\"valueName\":\"search_term_string\"}}],\"inLanguage\":\"es\"},{\"@type\":\"Organization\",\"@id\":\"https:\/\/elglobal.do\/#organization\",\"name\":\"EL GLOBAL.DO INFORMATIVO\",\"url\":\"https:\/\/elglobal.do\/\",\"logo\":{\"@type\":\"ImageObject\",\"inLanguage\":\"es\",\"@id\":\"https:\/\/elglobal.do\/#\/schema\/logo\/image\/\",\"url\":\"https:\/\/elglobal.do\/wp-content\/uploads\/2025\/08\/icon.png\",\"contentUrl\":\"https:\/\/elglobal.do\/wp-content\/uploads\/2025\/08\/icon.png\",\"width\":512,\"height\":512,\"caption\":\"EL GLOBAL.DO INFORMATIVO\"},\"image\":{\"@id\":\"https:\/\/elglobal.do\/#\/schema\/logo\/image\/\"}},{\"@type\":\"Person\",\"@id\":\"https:\/\/elglobal.do\/#\/schema\/person\/0c97ec2c7714fb605d230c292f64d55f\",\"name\":\"EL GLOBAL\",\"image\":{\"@type\":\"ImageObject\",\"inLanguage\":\"es\",\"@id\":\"https:\/\/elglobal.do\/#\/schema\/person\/image\/\",\"url\":\"https:\/\/secure.gravatar.com\/avatar\/081cfb6cf99faddc6f4e23a0c11ab98c5cf302925382d1c88dc3ed757ab910a3?s=96&d=mm&r=g\",\"contentUrl\":\"https:\/\/secure.gravatar.com\/avatar\/081cfb6cf99faddc6f4e23a0c11ab98c5cf302925382d1c88dc3ed757ab910a3?s=96&d=mm&r=g\",\"caption\":\"EL GLOBAL\"},\"description\":\"El Global Informativo es un peri\u00f3dico digital de Rep\u00fablica Dominicana que se dedica a cubrir temas importantes, como la pol\u00edtica local, geopol\u00edtica, econom\u00eda, tecnolog\u00eda, noticias internacionales y eventos relacionados con la gesti\u00f3n social, cultural y humana. Su objetivo principal es mantener a la poblaci\u00f3n informada, ofreciendo una visi\u00f3n amplia y actualizada de lo que sucede tanto en el pa\u00eds como en el mundo. Est\u00e1 dirigido por un grupo de periodistas experimentados, lo que garantiza la calidad y la precisi\u00f3n de la informaci\u00f3n que ofrecen. Tiene su sede en la ciudad de Santo Domingo y es parte integral del portafolio de la empresa, MC Global S.R.L.\",\"sameAs\":[\"https:\/\/elglobal.do\",\"https:\/\/www.instagram.com\/elglobal.do_informativo\/\"],\"url\":\"https:\/\/elglobal.do\/index.php\/author\/elglobaluserpro\/\"}]}<\/script>\n<!-- \/ Yoast SEO plugin. -->","yoast_head_json":{"title":"\u00bfPor qu\u00e9 volvieron los apagones? - EL GLOBAL INFORMATIVO","robots":{"index":"index","follow":"follow","max-snippet":"max-snippet:-1","max-image-preview":"max-image-preview:large","max-video-preview":"max-video-preview:-1"},"canonical":"https:\/\/elglobal.do\/index.php\/2025\/09\/15\/por-que-volvieron-los-apagones\/","og_locale":"es_ES","og_type":"article","og_title":"\u00bfPor qu\u00e9 volvieron los apagones? - EL GLOBAL INFORMATIVO","og_description":"Por: Jaime Aristy Escuder La distribuci\u00f3n de los apagones no es uniforme en el territorio nacional, pues depende tanto de las condiciones t\u00e9cnicas de los circuitos el\u00e9ctricos como de los&hellip;","og_url":"https:\/\/elglobal.do\/index.php\/2025\/09\/15\/por-que-volvieron-los-apagones\/","og_site_name":"EL GLOBAL INFORMATIVO","article_published_time":"2025-09-15T14:57:38+00:00","article_modified_time":"2025-09-15T14:59:11+00:00","og_image":[{"width":768,"height":427,"url":"https:\/\/elglobal.do\/wp-content\/uploads\/2025\/09\/Apagones.webp","type":"image\/webp"}],"author":"EL GLOBAL","twitter_card":"summary_large_image","twitter_misc":{"Escrito por":"EL GLOBAL","Tiempo de lectura":"6 minutos"},"schema":{"@context":"https:\/\/schema.org","@graph":[{"@type":"Article","@id":"https:\/\/elglobal.do\/index.php\/2025\/09\/15\/por-que-volvieron-los-apagones\/#article","isPartOf":{"@id":"https:\/\/elglobal.do\/index.php\/2025\/09\/15\/por-que-volvieron-los-apagones\/"},"author":{"name":"EL GLOBAL","@id":"https:\/\/elglobal.do\/#\/schema\/person\/0c97ec2c7714fb605d230c292f64d55f"},"headline":"\u00bfPor qu\u00e9 volvieron los apagones?","datePublished":"2025-09-15T14:57:38+00:00","dateModified":"2025-09-15T14:59:11+00:00","mainEntityOfPage":{"@id":"https:\/\/elglobal.do\/index.php\/2025\/09\/15\/por-que-volvieron-los-apagones\/"},"wordCount":1197,"commentCount":0,"publisher":{"@id":"https:\/\/elglobal.do\/#organization"},"image":{"@id":"https:\/\/elglobal.do\/index.php\/2025\/09\/15\/por-que-volvieron-los-apagones\/#primaryimage"},"thumbnailUrl":"https:\/\/elglobal.do\/wp-content\/uploads\/2025\/09\/Apagones.webp","keywords":["#an\u00e1lisis","#Apagones","#d\u00e9ficit","#ElGlobalInformativo","#JaimeAristyEscuder","#Opini\u00f3n","#sectorel\u00e9ctrico"],"articleSection":["NOTICIAS RELEVANTES","OPINI\u00d3N"],"inLanguage":"es","potentialAction":[{"@type":"CommentAction","name":"Comment","target":["https:\/\/elglobal.do\/index.php\/2025\/09\/15\/por-que-volvieron-los-apagones\/#respond"]}]},{"@type":"WebPage","@id":"https:\/\/elglobal.do\/index.php\/2025\/09\/15\/por-que-volvieron-los-apagones\/","url":"https:\/\/elglobal.do\/index.php\/2025\/09\/15\/por-que-volvieron-los-apagones\/","name":"\u00bfPor qu\u00e9 volvieron los apagones? - EL GLOBAL INFORMATIVO","isPartOf":{"@id":"https:\/\/elglobal.do\/#website"},"primaryImageOfPage":{"@id":"https:\/\/elglobal.do\/index.php\/2025\/09\/15\/por-que-volvieron-los-apagones\/#primaryimage"},"image":{"@id":"https:\/\/elglobal.do\/index.php\/2025\/09\/15\/por-que-volvieron-los-apagones\/#primaryimage"},"thumbnailUrl":"https:\/\/elglobal.do\/wp-content\/uploads\/2025\/09\/Apagones.webp","datePublished":"2025-09-15T14:57:38+00:00","dateModified":"2025-09-15T14:59:11+00:00","breadcrumb":{"@id":"https:\/\/elglobal.do\/index.php\/2025\/09\/15\/por-que-volvieron-los-apagones\/#breadcrumb"},"inLanguage":"es","potentialAction":[{"@type":"ReadAction","target":["https:\/\/elglobal.do\/index.php\/2025\/09\/15\/por-que-volvieron-los-apagones\/"]}]},{"@type":"ImageObject","inLanguage":"es","@id":"https:\/\/elglobal.do\/index.php\/2025\/09\/15\/por-que-volvieron-los-apagones\/#primaryimage","url":"https:\/\/elglobal.do\/wp-content\/uploads\/2025\/09\/Apagones.webp","contentUrl":"https:\/\/elglobal.do\/wp-content\/uploads\/2025\/09\/Apagones.webp","width":768,"height":427},{"@type":"BreadcrumbList","@id":"https:\/\/elglobal.do\/index.php\/2025\/09\/15\/por-que-volvieron-los-apagones\/#breadcrumb","itemListElement":[{"@type":"ListItem","position":1,"name":"Portada","item":"https:\/\/elglobal.do\/"},{"@type":"ListItem","position":2,"name":"\u00bfPor qu\u00e9 volvieron los apagones?"}]},{"@type":"WebSite","@id":"https:\/\/elglobal.do\/#website","url":"https:\/\/elglobal.do\/","name":"EL GLOBAL INFORMATIVO","description":"Peri\u00f3dico digital de la Rep\u00fablica Dominicana que ofrece noticias, novedades, pol\u00edtica y las \u00faltimas actualidades, con informaci\u00f3n veraz y oportuna para mantenerte siempre informad","publisher":{"@id":"https:\/\/elglobal.do\/#organization"},"potentialAction":[{"@type":"SearchAction","target":{"@type":"EntryPoint","urlTemplate":"https:\/\/elglobal.do\/?s={search_term_string}"},"query-input":{"@type":"PropertyValueSpecification","valueRequired":true,"valueName":"search_term_string"}}],"inLanguage":"es"},{"@type":"Organization","@id":"https:\/\/elglobal.do\/#organization","name":"EL GLOBAL.DO INFORMATIVO","url":"https:\/\/elglobal.do\/","logo":{"@type":"ImageObject","inLanguage":"es","@id":"https:\/\/elglobal.do\/#\/schema\/logo\/image\/","url":"https:\/\/elglobal.do\/wp-content\/uploads\/2025\/08\/icon.png","contentUrl":"https:\/\/elglobal.do\/wp-content\/uploads\/2025\/08\/icon.png","width":512,"height":512,"caption":"EL GLOBAL.DO INFORMATIVO"},"image":{"@id":"https:\/\/elglobal.do\/#\/schema\/logo\/image\/"}},{"@type":"Person","@id":"https:\/\/elglobal.do\/#\/schema\/person\/0c97ec2c7714fb605d230c292f64d55f","name":"EL GLOBAL","image":{"@type":"ImageObject","inLanguage":"es","@id":"https:\/\/elglobal.do\/#\/schema\/person\/image\/","url":"https:\/\/secure.gravatar.com\/avatar\/081cfb6cf99faddc6f4e23a0c11ab98c5cf302925382d1c88dc3ed757ab910a3?s=96&d=mm&r=g","contentUrl":"https:\/\/secure.gravatar.com\/avatar\/081cfb6cf99faddc6f4e23a0c11ab98c5cf302925382d1c88dc3ed757ab910a3?s=96&d=mm&r=g","caption":"EL GLOBAL"},"description":"El Global Informativo es un peri\u00f3dico digital de Rep\u00fablica Dominicana que se dedica a cubrir temas importantes, como la pol\u00edtica local, geopol\u00edtica, econom\u00eda, tecnolog\u00eda, noticias internacionales y eventos relacionados con la gesti\u00f3n social, cultural y humana. Su objetivo principal es mantener a la poblaci\u00f3n informada, ofreciendo una visi\u00f3n amplia y actualizada de lo que sucede tanto en el pa\u00eds como en el mundo. Est\u00e1 dirigido por un grupo de periodistas experimentados, lo que garantiza la calidad y la precisi\u00f3n de la informaci\u00f3n que ofrecen. Tiene su sede en la ciudad de Santo Domingo y es parte integral del portafolio de la empresa, MC Global S.R.L.","sameAs":["https:\/\/elglobal.do","https:\/\/www.instagram.com\/elglobal.do_informativo\/"],"url":"https:\/\/elglobal.do\/index.php\/author\/elglobaluserpro\/"}]}},"jetpack_featured_media_url":"https:\/\/elglobal.do\/wp-content\/uploads\/2025\/09\/Apagones.webp","jetpack_sharing_enabled":true,"_links":{"self":[{"href":"https:\/\/elglobal.do\/index.php\/wp-json\/wp\/v2\/posts\/2284","targetHints":{"allow":["GET"]}}],"collection":[{"href":"https:\/\/elglobal.do\/index.php\/wp-json\/wp\/v2\/posts"}],"about":[{"href":"https:\/\/elglobal.do\/index.php\/wp-json\/wp\/v2\/types\/post"}],"author":[{"embeddable":true,"href":"https:\/\/elglobal.do\/index.php\/wp-json\/wp\/v2\/users\/1"}],"replies":[{"embeddable":true,"href":"https:\/\/elglobal.do\/index.php\/wp-json\/wp\/v2\/comments?post=2284"}],"version-history":[{"count":2,"href":"https:\/\/elglobal.do\/index.php\/wp-json\/wp\/v2\/posts\/2284\/revisions"}],"predecessor-version":[{"id":2287,"href":"https:\/\/elglobal.do\/index.php\/wp-json\/wp\/v2\/posts\/2284\/revisions\/2287"}],"wp:featuredmedia":[{"embeddable":true,"href":"https:\/\/elglobal.do\/index.php\/wp-json\/wp\/v2\/media\/2285"}],"wp:attachment":[{"href":"https:\/\/elglobal.do\/index.php\/wp-json\/wp\/v2\/media?parent=2284"}],"wp:term":[{"taxonomy":"category","embeddable":true,"href":"https:\/\/elglobal.do\/index.php\/wp-json\/wp\/v2\/categories?post=2284"},{"taxonomy":"post_tag","embeddable":true,"href":"https:\/\/elglobal.do\/index.php\/wp-json\/wp\/v2\/tags?post=2284"}],"curies":[{"name":"wp","href":"https:\/\/api.w.org\/{rel}","templated":true}]}}