{"id":2290,"date":"2025-09-15T11:32:17","date_gmt":"2025-09-15T15:32:17","guid":{"rendered":"https:\/\/elglobal.do\/?p=2290"},"modified":"2025-09-15T11:32:19","modified_gmt":"2025-09-15T15:32:19","slug":"carolina-visita-el-centro-leon-y-reafirma-su-compromiso-con-la-cultura-dominicana","status":"publish","type":"post","link":"https:\/\/elglobal.do\/index.php\/2025\/09\/15\/carolina-visita-el-centro-leon-y-reafirma-su-compromiso-con-la-cultura-dominicana\/","title":{"rendered":"Carolina visita el Centro Le\u00f3n y reafirma su compromiso con la cultura dominicana"},"content":{"rendered":"\n<figure class=\"wp-block-image size-large\"><img loading=\"lazy\" decoding=\"async\" width=\"1024\" height=\"683\" src=\"https:\/\/elglobal.do\/wp-content\/uploads\/2025\/09\/Visita-1024x683.jpeg\" alt=\"\" class=\"wp-image-2292\" srcset=\"https:\/\/elglobal.do\/wp-content\/uploads\/2025\/09\/Visita-1024x683.jpeg 1024w, https:\/\/elglobal.do\/wp-content\/uploads\/2025\/09\/Visita-300x200.jpeg 300w, https:\/\/elglobal.do\/wp-content\/uploads\/2025\/09\/Visita-768x512.jpeg 768w, https:\/\/elglobal.do\/wp-content\/uploads\/2025\/09\/Visita-1536x1024.jpeg 1536w, https:\/\/elglobal.do\/wp-content\/uploads\/2025\/09\/Visita-2048x1365.jpeg 2048w\" sizes=\"auto, (max-width: 1024px) 100vw, 1024px\" \/><\/figure>\n\n\n\n<p><\/p>\n\n\n\n<p><strong>Santiago de los Caballeros. \u2013<\/strong> La secretaria general del partido de Gobierno y alcaldesa del Distrito Nacional, Carolina Mej\u00eda, reafirm\u00f3 este fin de semana su compromiso con el arte y la cultura dominicana durante una visita al Centro Le\u00f3n de Santiago, donde destac\u00f3 la importancia de impulsar m\u00e1s espacios culturales en todo el pa\u00eds.<\/p>\n\n\n\n<p>\u201cAs\u00ed como lo he hecho en la ciudad con el trabajo, con nuestras fiestas de carnaval, con entender la identidad de cada uno de nuestros barrios, con promover en los espacios p\u00fablicos actividades culturales y educativas, de esa misma forma nosotros podremos seguir impactando positivamente a trav\u00e9s de espacios de cultura\u201d, expres\u00f3 Carolina.<\/p>\n\n\n\n<p>Durante su visita, Carolina recorri\u00f3 las exposiciones permanentes del centro y la muestra temporal \u201cTerritorios de creatividad: sesenta a\u00f1os del Concurso de Arte Eduardo Le\u00f3n Jimenes\u201d, que conmemora la trayectoria de esta prestigiosa iniciativa art\u00edstica.<\/p>\n\n\n\n<p>La l\u00edder pol\u00edtica subray\u00f3 que la Rep\u00fablica Dominicana necesita y merece m\u00e1s centros culturales como el Centro Le\u00f3n, \u201cespacios que nos inviten a la introspecci\u00f3n, al conocimiento y al encuentro con lo mejor de nosotros mismos, para as\u00ed construir un pa\u00eds m\u00e1s fuerte, justo e inclusivo\u201d.<\/p>\n\n\n\n<figure class=\"wp-block-image size-large\"><img loading=\"lazy\" decoding=\"async\" width=\"1024\" height=\"683\" src=\"https:\/\/elglobal.do\/wp-content\/uploads\/2025\/09\/Centro-Leon-1024x683.jpeg\" alt=\"\" class=\"wp-image-2293\" srcset=\"https:\/\/elglobal.do\/wp-content\/uploads\/2025\/09\/Centro-Leon-1024x683.jpeg 1024w, https:\/\/elglobal.do\/wp-content\/uploads\/2025\/09\/Centro-Leon-300x200.jpeg 300w, https:\/\/elglobal.do\/wp-content\/uploads\/2025\/09\/Centro-Leon-768x512.jpeg 768w, https:\/\/elglobal.do\/wp-content\/uploads\/2025\/09\/Centro-Leon-1536x1024.jpeg 1536w, https:\/\/elglobal.do\/wp-content\/uploads\/2025\/09\/Centro-Leon-2048x1365.jpeg 2048w\" sizes=\"auto, (max-width: 1024px) 100vw, 1024px\" \/><\/figure>\n\n\n\n<p>La curadora en jefe del Centro Le\u00f3n, Sara Hermann, valor\u00f3 el inter\u00e9s de Mej\u00eda por el arte nacional: \u201cArtistas como Guillo P\u00e9rez, C\u00e1ndido Bid\u00f3, Lepe, de muchas maneras est\u00e1n vinculadas a su propio ser social dominicano y a su ser social pol\u00edtico, que creo que es sumamente importante porque la cultura puede tambi\u00e9n ayudar o puede contribuir a hacer pol\u00edticas p\u00fablicas m\u00e1s inclusivas\u201d, sostuvo.<\/p>\n\n\n\n<p>En el recorrido tambi\u00e9n participaron Luis Felipe Rodr\u00edguez, gerente de programas culturales, y Michelle Cruz, curadora de artes visuales, quienes resaltaron que la visita de Carolina refleja su visi\u00f3n de la cultura como \u201cun camino para el desarrollo y no un simple adorno\u201d.<\/p>\n\n\n\n<p><\/p>\n","protected":false},"excerpt":{"rendered":"<p>Santiago de los Caballeros. \u2013 La secretaria general del partido de Gobierno y alcaldesa del Distrito Nacional, Carolina Mej\u00eda, reafirm\u00f3 este fin de semana su compromiso con el arte y&hellip; <\/p>\n","protected":false},"author":1,"featured_media":2291,"comment_status":"open","ping_status":"open","sticky":false,"template":"","format":"standard","meta":{"_jetpack_memberships_contains_paid_content":false,"footnotes":""},"categories":[22,14],"tags":[94,1190,1083,1189,98,771],"class_list":["post-2290","post","type-post","status-publish","format-standard","has-post-thumbnail","hentry","category-cultura","category-slider","tag-carolinamejia","tag-centroleon","tag-compromiso","tag-culturadominicana","tag-elglobalinformativo","tag-visita"],"yoast_head":"<!-- This site is optimized with the Yoast SEO plugin v26.9 - https:\/\/yoast.com\/product\/yoast-seo-wordpress\/ -->\n<title>Carolina visita el Centro Le\u00f3n y reafirma su compromiso con la cultura dominicana - EL GLOBAL INFORMATIVO<\/title>\n<meta name=\"robots\" content=\"index, follow, max-snippet:-1, max-image-preview:large, max-video-preview:-1\" \/>\n<link rel=\"canonical\" href=\"https:\/\/elglobal.do\/index.php\/2025\/09\/15\/carolina-visita-el-centro-leon-y-reafirma-su-compromiso-con-la-cultura-dominicana\/\" \/>\n<meta property=\"og:locale\" content=\"es_ES\" \/>\n<meta property=\"og:type\" content=\"article\" \/>\n<meta property=\"og:title\" content=\"Carolina visita el Centro Le\u00f3n y reafirma su compromiso con la cultura dominicana - EL GLOBAL INFORMATIVO\" \/>\n<meta property=\"og:description\" content=\"Santiago de los Caballeros. \u2013 La secretaria general del partido de Gobierno y alcaldesa del Distrito Nacional, Carolina Mej\u00eda, reafirm\u00f3 este fin de semana su compromiso con el arte y&hellip;\" \/>\n<meta property=\"og:url\" content=\"https:\/\/elglobal.do\/index.php\/2025\/09\/15\/carolina-visita-el-centro-leon-y-reafirma-su-compromiso-con-la-cultura-dominicana\/\" \/>\n<meta property=\"og:site_name\" content=\"EL GLOBAL INFORMATIVO\" \/>\n<meta property=\"article:published_time\" content=\"2025-09-15T15:32:17+00:00\" \/>\n<meta property=\"article:modified_time\" content=\"2025-09-15T15:32:19+00:00\" \/>\n<meta property=\"og:image\" content=\"https:\/\/elglobal.do\/wp-content\/uploads\/2025\/09\/Carolina-scaled.jpeg\" \/>\n\t<meta property=\"og:image:width\" content=\"2560\" \/>\n\t<meta property=\"og:image:height\" content=\"1707\" \/>\n\t<meta property=\"og:image:type\" content=\"image\/jpeg\" \/>\n<meta name=\"author\" content=\"EL GLOBAL\" \/>\n<meta name=\"twitter:card\" content=\"summary_large_image\" \/>\n<meta name=\"twitter:label1\" content=\"Escrito por\" \/>\n\t<meta name=\"twitter:data1\" content=\"EL GLOBAL\" \/>\n\t<meta name=\"twitter:label2\" content=\"Tiempo de lectura\" \/>\n\t<meta name=\"twitter:data2\" content=\"2 minutos\" \/>\n<script type=\"application\/ld+json\" class=\"yoast-schema-graph\">{\"@context\":\"https:\/\/schema.org\",\"@graph\":[{\"@type\":\"Article\",\"@id\":\"https:\/\/elglobal.do\/index.php\/2025\/09\/15\/carolina-visita-el-centro-leon-y-reafirma-su-compromiso-con-la-cultura-dominicana\/#article\",\"isPartOf\":{\"@id\":\"https:\/\/elglobal.do\/index.php\/2025\/09\/15\/carolina-visita-el-centro-leon-y-reafirma-su-compromiso-con-la-cultura-dominicana\/\"},\"author\":{\"name\":\"EL GLOBAL\",\"@id\":\"https:\/\/elglobal.do\/#\/schema\/person\/0c97ec2c7714fb605d230c292f64d55f\"},\"headline\":\"Carolina visita el Centro Le\u00f3n y reafirma su compromiso con la cultura dominicana\",\"datePublished\":\"2025-09-15T15:32:17+00:00\",\"dateModified\":\"2025-09-15T15:32:19+00:00\",\"mainEntityOfPage\":{\"@id\":\"https:\/\/elglobal.do\/index.php\/2025\/09\/15\/carolina-visita-el-centro-leon-y-reafirma-su-compromiso-con-la-cultura-dominicana\/\"},\"wordCount\":339,\"commentCount\":0,\"publisher\":{\"@id\":\"https:\/\/elglobal.do\/#organization\"},\"image\":{\"@id\":\"https:\/\/elglobal.do\/index.php\/2025\/09\/15\/carolina-visita-el-centro-leon-y-reafirma-su-compromiso-con-la-cultura-dominicana\/#primaryimage\"},\"thumbnailUrl\":\"https:\/\/elglobal.do\/wp-content\/uploads\/2025\/09\/Carolina-scaled.jpeg\",\"keywords\":[\"#CarolinaMej\u00eda\",\"#CentroLe\u00f3n\",\"#Compromiso\",\"#culturadominicana\",\"#ElGlobalInformativo\",\"#visita\"],\"articleSection\":[\"CULTURA\",\"NOTICIAS RELEVANTES\"],\"inLanguage\":\"es\",\"potentialAction\":[{\"@type\":\"CommentAction\",\"name\":\"Comment\",\"target\":[\"https:\/\/elglobal.do\/index.php\/2025\/09\/15\/carolina-visita-el-centro-leon-y-reafirma-su-compromiso-con-la-cultura-dominicana\/#respond\"]}]},{\"@type\":\"WebPage\",\"@id\":\"https:\/\/elglobal.do\/index.php\/2025\/09\/15\/carolina-visita-el-centro-leon-y-reafirma-su-compromiso-con-la-cultura-dominicana\/\",\"url\":\"https:\/\/elglobal.do\/index.php\/2025\/09\/15\/carolina-visita-el-centro-leon-y-reafirma-su-compromiso-con-la-cultura-dominicana\/\",\"name\":\"Carolina visita el Centro Le\u00f3n y reafirma su compromiso con la cultura dominicana - EL GLOBAL INFORMATIVO\",\"isPartOf\":{\"@id\":\"https:\/\/elglobal.do\/#website\"},\"primaryImageOfPage\":{\"@id\":\"https:\/\/elglobal.do\/index.php\/2025\/09\/15\/carolina-visita-el-centro-leon-y-reafirma-su-compromiso-con-la-cultura-dominicana\/#primaryimage\"},\"image\":{\"@id\":\"https:\/\/elglobal.do\/index.php\/2025\/09\/15\/carolina-visita-el-centro-leon-y-reafirma-su-compromiso-con-la-cultura-dominicana\/#primaryimage\"},\"thumbnailUrl\":\"https:\/\/elglobal.do\/wp-content\/uploads\/2025\/09\/Carolina-scaled.jpeg\",\"datePublished\":\"2025-09-15T15:32:17+00:00\",\"dateModified\":\"2025-09-15T15:32:19+00:00\",\"breadcrumb\":{\"@id\":\"https:\/\/elglobal.do\/index.php\/2025\/09\/15\/carolina-visita-el-centro-leon-y-reafirma-su-compromiso-con-la-cultura-dominicana\/#breadcrumb\"},\"inLanguage\":\"es\",\"potentialAction\":[{\"@type\":\"ReadAction\",\"target\":[\"https:\/\/elglobal.do\/index.php\/2025\/09\/15\/carolina-visita-el-centro-leon-y-reafirma-su-compromiso-con-la-cultura-dominicana\/\"]}]},{\"@type\":\"ImageObject\",\"inLanguage\":\"es\",\"@id\":\"https:\/\/elglobal.do\/index.php\/2025\/09\/15\/carolina-visita-el-centro-leon-y-reafirma-su-compromiso-con-la-cultura-dominicana\/#primaryimage\",\"url\":\"https:\/\/elglobal.do\/wp-content\/uploads\/2025\/09\/Carolina-scaled.jpeg\",\"contentUrl\":\"https:\/\/elglobal.do\/wp-content\/uploads\/2025\/09\/Carolina-scaled.jpeg\",\"width\":2560,\"height\":1707},{\"@type\":\"BreadcrumbList\",\"@id\":\"https:\/\/elglobal.do\/index.php\/2025\/09\/15\/carolina-visita-el-centro-leon-y-reafirma-su-compromiso-con-la-cultura-dominicana\/#breadcrumb\",\"itemListElement\":[{\"@type\":\"ListItem\",\"position\":1,\"name\":\"Portada\",\"item\":\"https:\/\/elglobal.do\/\"},{\"@type\":\"ListItem\",\"position\":2,\"name\":\"Carolina visita el Centro Le\u00f3n y reafirma su compromiso con la cultura dominicana\"}]},{\"@type\":\"WebSite\",\"@id\":\"https:\/\/elglobal.do\/#website\",\"url\":\"https:\/\/elglobal.do\/\",\"name\":\"EL GLOBAL INFORMATIVO\",\"description\":\"Peri\u00f3dico digital de la Rep\u00fablica Dominicana que ofrece noticias, novedades, pol\u00edtica y las \u00faltimas actualidades, con informaci\u00f3n veraz y oportuna para mantenerte siempre informad\",\"publisher\":{\"@id\":\"https:\/\/elglobal.do\/#organization\"},\"potentialAction\":[{\"@type\":\"SearchAction\",\"target\":{\"@type\":\"EntryPoint\",\"urlTemplate\":\"https:\/\/elglobal.do\/?s={search_term_string}\"},\"query-input\":{\"@type\":\"PropertyValueSpecification\",\"valueRequired\":true,\"valueName\":\"search_term_string\"}}],\"inLanguage\":\"es\"},{\"@type\":\"Organization\",\"@id\":\"https:\/\/elglobal.do\/#organization\",\"name\":\"EL GLOBAL.DO INFORMATIVO\",\"url\":\"https:\/\/elglobal.do\/\",\"logo\":{\"@type\":\"ImageObject\",\"inLanguage\":\"es\",\"@id\":\"https:\/\/elglobal.do\/#\/schema\/logo\/image\/\",\"url\":\"https:\/\/elglobal.do\/wp-content\/uploads\/2025\/08\/icon.png\",\"contentUrl\":\"https:\/\/elglobal.do\/wp-content\/uploads\/2025\/08\/icon.png\",\"width\":512,\"height\":512,\"caption\":\"EL GLOBAL.DO INFORMATIVO\"},\"image\":{\"@id\":\"https:\/\/elglobal.do\/#\/schema\/logo\/image\/\"}},{\"@type\":\"Person\",\"@id\":\"https:\/\/elglobal.do\/#\/schema\/person\/0c97ec2c7714fb605d230c292f64d55f\",\"name\":\"EL GLOBAL\",\"image\":{\"@type\":\"ImageObject\",\"inLanguage\":\"es\",\"@id\":\"https:\/\/elglobal.do\/#\/schema\/person\/image\/\",\"url\":\"https:\/\/secure.gravatar.com\/avatar\/081cfb6cf99faddc6f4e23a0c11ab98c5cf302925382d1c88dc3ed757ab910a3?s=96&d=mm&r=g\",\"contentUrl\":\"https:\/\/secure.gravatar.com\/avatar\/081cfb6cf99faddc6f4e23a0c11ab98c5cf302925382d1c88dc3ed757ab910a3?s=96&d=mm&r=g\",\"caption\":\"EL GLOBAL\"},\"description\":\"El Global Informativo es un peri\u00f3dico digital de Rep\u00fablica Dominicana que se dedica a cubrir temas importantes, como la pol\u00edtica local, geopol\u00edtica, econom\u00eda, tecnolog\u00eda, noticias internacionales y eventos relacionados con la gesti\u00f3n social, cultural y humana. Su objetivo principal es mantener a la poblaci\u00f3n informada, ofreciendo una visi\u00f3n amplia y actualizada de lo que sucede tanto en el pa\u00eds como en el mundo. Est\u00e1 dirigido por un grupo de periodistas experimentados, lo que garantiza la calidad y la precisi\u00f3n de la informaci\u00f3n que ofrecen. Tiene su sede en la ciudad de Santo Domingo y es parte integral del portafolio de la empresa, MC Global S.R.L.\",\"sameAs\":[\"https:\/\/elglobal.do\",\"https:\/\/www.instagram.com\/elglobal.do_informativo\/\"],\"url\":\"https:\/\/elglobal.do\/index.php\/author\/elglobaluserpro\/\"}]}<\/script>\n<!-- \/ Yoast SEO plugin. -->","yoast_head_json":{"title":"Carolina visita el Centro Le\u00f3n y reafirma su compromiso con la cultura dominicana - EL GLOBAL INFORMATIVO","robots":{"index":"index","follow":"follow","max-snippet":"max-snippet:-1","max-image-preview":"max-image-preview:large","max-video-preview":"max-video-preview:-1"},"canonical":"https:\/\/elglobal.do\/index.php\/2025\/09\/15\/carolina-visita-el-centro-leon-y-reafirma-su-compromiso-con-la-cultura-dominicana\/","og_locale":"es_ES","og_type":"article","og_title":"Carolina visita el Centro Le\u00f3n y reafirma su compromiso con la cultura dominicana - EL GLOBAL INFORMATIVO","og_description":"Santiago de los Caballeros. \u2013 La secretaria general del partido de Gobierno y alcaldesa del Distrito Nacional, Carolina Mej\u00eda, reafirm\u00f3 este fin de semana su compromiso con el arte y&hellip;","og_url":"https:\/\/elglobal.do\/index.php\/2025\/09\/15\/carolina-visita-el-centro-leon-y-reafirma-su-compromiso-con-la-cultura-dominicana\/","og_site_name":"EL GLOBAL INFORMATIVO","article_published_time":"2025-09-15T15:32:17+00:00","article_modified_time":"2025-09-15T15:32:19+00:00","og_image":[{"width":2560,"height":1707,"url":"https:\/\/elglobal.do\/wp-content\/uploads\/2025\/09\/Carolina-scaled.jpeg","type":"image\/jpeg"}],"author":"EL GLOBAL","twitter_card":"summary_large_image","twitter_misc":{"Escrito por":"EL GLOBAL","Tiempo de lectura":"2 minutos"},"schema":{"@context":"https:\/\/schema.org","@graph":[{"@type":"Article","@id":"https:\/\/elglobal.do\/index.php\/2025\/09\/15\/carolina-visita-el-centro-leon-y-reafirma-su-compromiso-con-la-cultura-dominicana\/#article","isPartOf":{"@id":"https:\/\/elglobal.do\/index.php\/2025\/09\/15\/carolina-visita-el-centro-leon-y-reafirma-su-compromiso-con-la-cultura-dominicana\/"},"author":{"name":"EL GLOBAL","@id":"https:\/\/elglobal.do\/#\/schema\/person\/0c97ec2c7714fb605d230c292f64d55f"},"headline":"Carolina visita el Centro Le\u00f3n y reafirma su compromiso con la cultura dominicana","datePublished":"2025-09-15T15:32:17+00:00","dateModified":"2025-09-15T15:32:19+00:00","mainEntityOfPage":{"@id":"https:\/\/elglobal.do\/index.php\/2025\/09\/15\/carolina-visita-el-centro-leon-y-reafirma-su-compromiso-con-la-cultura-dominicana\/"},"wordCount":339,"commentCount":0,"publisher":{"@id":"https:\/\/elglobal.do\/#organization"},"image":{"@id":"https:\/\/elglobal.do\/index.php\/2025\/09\/15\/carolina-visita-el-centro-leon-y-reafirma-su-compromiso-con-la-cultura-dominicana\/#primaryimage"},"thumbnailUrl":"https:\/\/elglobal.do\/wp-content\/uploads\/2025\/09\/Carolina-scaled.jpeg","keywords":["#CarolinaMej\u00eda","#CentroLe\u00f3n","#Compromiso","#culturadominicana","#ElGlobalInformativo","#visita"],"articleSection":["CULTURA","NOTICIAS RELEVANTES"],"inLanguage":"es","potentialAction":[{"@type":"CommentAction","name":"Comment","target":["https:\/\/elglobal.do\/index.php\/2025\/09\/15\/carolina-visita-el-centro-leon-y-reafirma-su-compromiso-con-la-cultura-dominicana\/#respond"]}]},{"@type":"WebPage","@id":"https:\/\/elglobal.do\/index.php\/2025\/09\/15\/carolina-visita-el-centro-leon-y-reafirma-su-compromiso-con-la-cultura-dominicana\/","url":"https:\/\/elglobal.do\/index.php\/2025\/09\/15\/carolina-visita-el-centro-leon-y-reafirma-su-compromiso-con-la-cultura-dominicana\/","name":"Carolina visita el Centro Le\u00f3n y reafirma su compromiso con la cultura dominicana - EL GLOBAL INFORMATIVO","isPartOf":{"@id":"https:\/\/elglobal.do\/#website"},"primaryImageOfPage":{"@id":"https:\/\/elglobal.do\/index.php\/2025\/09\/15\/carolina-visita-el-centro-leon-y-reafirma-su-compromiso-con-la-cultura-dominicana\/#primaryimage"},"image":{"@id":"https:\/\/elglobal.do\/index.php\/2025\/09\/15\/carolina-visita-el-centro-leon-y-reafirma-su-compromiso-con-la-cultura-dominicana\/#primaryimage"},"thumbnailUrl":"https:\/\/elglobal.do\/wp-content\/uploads\/2025\/09\/Carolina-scaled.jpeg","datePublished":"2025-09-15T15:32:17+00:00","dateModified":"2025-09-15T15:32:19+00:00","breadcrumb":{"@id":"https:\/\/elglobal.do\/index.php\/2025\/09\/15\/carolina-visita-el-centro-leon-y-reafirma-su-compromiso-con-la-cultura-dominicana\/#breadcrumb"},"inLanguage":"es","potentialAction":[{"@type":"ReadAction","target":["https:\/\/elglobal.do\/index.php\/2025\/09\/15\/carolina-visita-el-centro-leon-y-reafirma-su-compromiso-con-la-cultura-dominicana\/"]}]},{"@type":"ImageObject","inLanguage":"es","@id":"https:\/\/elglobal.do\/index.php\/2025\/09\/15\/carolina-visita-el-centro-leon-y-reafirma-su-compromiso-con-la-cultura-dominicana\/#primaryimage","url":"https:\/\/elglobal.do\/wp-content\/uploads\/2025\/09\/Carolina-scaled.jpeg","contentUrl":"https:\/\/elglobal.do\/wp-content\/uploads\/2025\/09\/Carolina-scaled.jpeg","width":2560,"height":1707},{"@type":"BreadcrumbList","@id":"https:\/\/elglobal.do\/index.php\/2025\/09\/15\/carolina-visita-el-centro-leon-y-reafirma-su-compromiso-con-la-cultura-dominicana\/#breadcrumb","itemListElement":[{"@type":"ListItem","position":1,"name":"Portada","item":"https:\/\/elglobal.do\/"},{"@type":"ListItem","position":2,"name":"Carolina visita el Centro Le\u00f3n y reafirma su compromiso con la cultura dominicana"}]},{"@type":"WebSite","@id":"https:\/\/elglobal.do\/#website","url":"https:\/\/elglobal.do\/","name":"EL GLOBAL INFORMATIVO","description":"Peri\u00f3dico digital de la Rep\u00fablica Dominicana que ofrece noticias, novedades, pol\u00edtica y las \u00faltimas actualidades, con informaci\u00f3n veraz y oportuna para mantenerte siempre informad","publisher":{"@id":"https:\/\/elglobal.do\/#organization"},"potentialAction":[{"@type":"SearchAction","target":{"@type":"EntryPoint","urlTemplate":"https:\/\/elglobal.do\/?s={search_term_string}"},"query-input":{"@type":"PropertyValueSpecification","valueRequired":true,"valueName":"search_term_string"}}],"inLanguage":"es"},{"@type":"Organization","@id":"https:\/\/elglobal.do\/#organization","name":"EL GLOBAL.DO INFORMATIVO","url":"https:\/\/elglobal.do\/","logo":{"@type":"ImageObject","inLanguage":"es","@id":"https:\/\/elglobal.do\/#\/schema\/logo\/image\/","url":"https:\/\/elglobal.do\/wp-content\/uploads\/2025\/08\/icon.png","contentUrl":"https:\/\/elglobal.do\/wp-content\/uploads\/2025\/08\/icon.png","width":512,"height":512,"caption":"EL GLOBAL.DO INFORMATIVO"},"image":{"@id":"https:\/\/elglobal.do\/#\/schema\/logo\/image\/"}},{"@type":"Person","@id":"https:\/\/elglobal.do\/#\/schema\/person\/0c97ec2c7714fb605d230c292f64d55f","name":"EL GLOBAL","image":{"@type":"ImageObject","inLanguage":"es","@id":"https:\/\/elglobal.do\/#\/schema\/person\/image\/","url":"https:\/\/secure.gravatar.com\/avatar\/081cfb6cf99faddc6f4e23a0c11ab98c5cf302925382d1c88dc3ed757ab910a3?s=96&d=mm&r=g","contentUrl":"https:\/\/secure.gravatar.com\/avatar\/081cfb6cf99faddc6f4e23a0c11ab98c5cf302925382d1c88dc3ed757ab910a3?s=96&d=mm&r=g","caption":"EL GLOBAL"},"description":"El Global Informativo es un peri\u00f3dico digital de Rep\u00fablica Dominicana que se dedica a cubrir temas importantes, como la pol\u00edtica local, geopol\u00edtica, econom\u00eda, tecnolog\u00eda, noticias internacionales y eventos relacionados con la gesti\u00f3n social, cultural y humana. Su objetivo principal es mantener a la poblaci\u00f3n informada, ofreciendo una visi\u00f3n amplia y actualizada de lo que sucede tanto en el pa\u00eds como en el mundo. Est\u00e1 dirigido por un grupo de periodistas experimentados, lo que garantiza la calidad y la precisi\u00f3n de la informaci\u00f3n que ofrecen. Tiene su sede en la ciudad de Santo Domingo y es parte integral del portafolio de la empresa, MC Global S.R.L.","sameAs":["https:\/\/elglobal.do","https:\/\/www.instagram.com\/elglobal.do_informativo\/"],"url":"https:\/\/elglobal.do\/index.php\/author\/elglobaluserpro\/"}]}},"jetpack_featured_media_url":"https:\/\/elglobal.do\/wp-content\/uploads\/2025\/09\/Carolina-scaled.jpeg","jetpack_sharing_enabled":true,"_links":{"self":[{"href":"https:\/\/elglobal.do\/index.php\/wp-json\/wp\/v2\/posts\/2290","targetHints":{"allow":["GET"]}}],"collection":[{"href":"https:\/\/elglobal.do\/index.php\/wp-json\/wp\/v2\/posts"}],"about":[{"href":"https:\/\/elglobal.do\/index.php\/wp-json\/wp\/v2\/types\/post"}],"author":[{"embeddable":true,"href":"https:\/\/elglobal.do\/index.php\/wp-json\/wp\/v2\/users\/1"}],"replies":[{"embeddable":true,"href":"https:\/\/elglobal.do\/index.php\/wp-json\/wp\/v2\/comments?post=2290"}],"version-history":[{"count":1,"href":"https:\/\/elglobal.do\/index.php\/wp-json\/wp\/v2\/posts\/2290\/revisions"}],"predecessor-version":[{"id":2294,"href":"https:\/\/elglobal.do\/index.php\/wp-json\/wp\/v2\/posts\/2290\/revisions\/2294"}],"wp:featuredmedia":[{"embeddable":true,"href":"https:\/\/elglobal.do\/index.php\/wp-json\/wp\/v2\/media\/2291"}],"wp:attachment":[{"href":"https:\/\/elglobal.do\/index.php\/wp-json\/wp\/v2\/media?parent=2290"}],"wp:term":[{"taxonomy":"category","embeddable":true,"href":"https:\/\/elglobal.do\/index.php\/wp-json\/wp\/v2\/categories?post=2290"},{"taxonomy":"post_tag","embeddable":true,"href":"https:\/\/elglobal.do\/index.php\/wp-json\/wp\/v2\/tags?post=2290"}],"curies":[{"name":"wp","href":"https:\/\/api.w.org\/{rel}","templated":true}]}}