{"id":2344,"date":"2025-09-16T11:42:32","date_gmt":"2025-09-16T15:42:32","guid":{"rendered":"https:\/\/elglobal.do\/?p=2344"},"modified":"2025-09-16T11:42:35","modified_gmt":"2025-09-16T15:42:35","slug":"vecinos-del-sector-gala-envian-carta-al-intrant-y-al-adn-rechazando-prohibicion-de-giro-en-la-nunez","status":"publish","type":"post","link":"https:\/\/elglobal.do\/index.php\/2025\/09\/16\/vecinos-del-sector-gala-envian-carta-al-intrant-y-al-adn-rechazando-prohibicion-de-giro-en-la-nunez\/","title":{"rendered":"Vecinos del sector Gal\u00e1 env\u00edan carta al Intrant y al ADN rechazando prohibici\u00f3n de giro en la N\u00fa\u00f1ez"},"content":{"rendered":"\n<figure class=\"wp-block-image size-full\"><img loading=\"lazy\" decoding=\"async\" width=\"896\" height=\"504\" src=\"https:\/\/elglobal.do\/wp-content\/uploads\/2025\/09\/image-102.png\" alt=\"\" class=\"wp-image-2345\" srcset=\"https:\/\/elglobal.do\/wp-content\/uploads\/2025\/09\/image-102.png 896w, https:\/\/elglobal.do\/wp-content\/uploads\/2025\/09\/image-102-300x169.png 300w, https:\/\/elglobal.do\/wp-content\/uploads\/2025\/09\/image-102-768x432.png 768w\" sizes=\"auto, (max-width: 896px) 100vw, 896px\" \/><\/figure>\n\n\n\n<p><strong>Santo Domingo.-<\/strong>Tras la entrada en vigencia de la\u00a0<strong>Fase IV de la restricci\u00f3n de giros a la izquierda<\/strong>, que en esta etapa intervino la intersecci\u00f3n de la avenida N\u00fa\u00f1ez de C\u00e1ceres con John F. Kennedy, la Junta de Vecinos del\u00a0<strong>sector Gal\u00e1<\/strong>\u00a0expres\u00f3 este lunes su\u00a0<strong>desacuerdo con las reciente medida de desv\u00edo del tr\u00e1nsito vehicular<\/strong>, asegurando que han incrementado \u00absignificativamente\u00bb los tapones en la zona.<\/p>\n\n\n\n<ul class=\"wp-block-list\">\n<li>La disposici\u00f3n del\u00a0<strong>Gabinete de Transporte\u00a0<\/strong>comenz\u00f3 a aplicarse ayer domingo.<\/li>\n<\/ul>\n\n\n\n<p>Los comunitarios enviaron una carta dirigida a Milton Morrison, director del Instituto Nacional de Tr\u00e1nsito y Transporte Terrestre (Intrant), y a la alcaldesa del Distrito Nacional, Carolina Mej\u00eda, en la que les expresan su \u00ab<strong>desacuerdo y preocupaci\u00f3n<\/strong>\u00ab.<\/p>\n\n\n\n<p>\u00abEstas decisiones, lejos de mejorar la movilidad urbana, han generado un impacto negativo en la calidad de vida de los habitantes del&nbsp;<strong>sector Gal\u00e1<\/strong>, afectando el acceso a servicios b\u00e1sicos, la seguridad vial y el bienestar general de nuestras familias\u00bb, sostiene el documento.<\/p>\n\n\n\n<p>Aseguran que el aumento del flujo vehicular ha tra\u00eddo consigo\u00a0<strong>contaminaci\u00f3n ambiental<\/strong>, ruido excesivo y habr\u00e1 un acelerado\u00a0<strong>deterioro de sus v\u00edas internas<\/strong>, que, a su juicio, \u00abno est\u00e1n dise\u00f1adas para soportar tal carga\u00bb.<\/p>\n\n\n\n<p><strong>Piden reevaluar la estrategia<\/strong><\/p>\n\n\n\n<p>Los residentes solicitan a los funcionarios que se reeval\u00fae esta estrategia de desv\u00edo y se consideren alternativas m\u00e1s \u00ab<strong>equitativas y sostenibles<\/strong>\u00bb que no comprometan la tranquilidad y seguridad de sectores residenciales como el suyo.<\/p>\n\n\n\n<p>Proponen, adem\u00e1s, la apertura de un&nbsp;<strong>di\u00e1logo comunitario<\/strong>&nbsp;con t\u00e9cnicos del Intrant y representantes del Ayuntamiento del Distrito Nacional, con el fin de encontrar soluciones consensuadas que beneficien a todos los ciudadanos.<\/p>\n\n\n\n<p>\u00abAgradecemos su atenci\u00f3n y quedamos a la espera de una pronta respuesta que refleje el compromiso institucional con la&nbsp;<strong>participaci\u00f3n ciudadana<\/strong>&nbsp;y la&nbsp;<strong>planificaci\u00f3n urbana responsable<\/strong>\u00ab, concluye la carta.<\/p>\n","protected":false},"excerpt":{"rendered":"<p>Santo Domingo.-Tras la entrada en vigencia de la\u00a0Fase IV de la restricci\u00f3n de giros a la izquierda, que en esta etapa intervino la intersecci\u00f3n de la avenida N\u00fa\u00f1ez de C\u00e1ceres&hellip; <\/p>\n","protected":false},"author":1,"featured_media":2345,"comment_status":"open","ping_status":"open","sticky":false,"template":"","format":"standard","meta":{"_jetpack_memberships_contains_paid_content":false,"footnotes":""},"categories":[40],"tags":[1225,1226,504,1227,819],"class_list":["post-2344","post","type-post","status-publish","format-standard","has-post-thumbnail","hentry","category-nacionales","tag-adn","tag-giros","tag-intrant","tag-sectorgala","tag-transporte"],"yoast_head":"<!-- This site is optimized with the Yoast SEO plugin v26.9 - https:\/\/yoast.com\/product\/yoast-seo-wordpress\/ -->\n<title>Vecinos del sector Gal\u00e1 env\u00edan carta al Intrant y al ADN rechazando prohibici\u00f3n de giro en la N\u00fa\u00f1ez - EL GLOBAL INFORMATIVO<\/title>\n<meta name=\"robots\" content=\"index, follow, max-snippet:-1, max-image-preview:large, max-video-preview:-1\" \/>\n<link rel=\"canonical\" href=\"https:\/\/elglobal.do\/index.php\/2025\/09\/16\/vecinos-del-sector-gala-envian-carta-al-intrant-y-al-adn-rechazando-prohibicion-de-giro-en-la-nunez\/\" \/>\n<meta property=\"og:locale\" content=\"es_ES\" \/>\n<meta property=\"og:type\" content=\"article\" \/>\n<meta property=\"og:title\" content=\"Vecinos del sector Gal\u00e1 env\u00edan carta al Intrant y al ADN rechazando prohibici\u00f3n de giro en la N\u00fa\u00f1ez - EL GLOBAL INFORMATIVO\" \/>\n<meta property=\"og:description\" content=\"Santo Domingo.-Tras la entrada en vigencia de la\u00a0Fase IV de la restricci\u00f3n de giros a la izquierda, que en esta etapa intervino la intersecci\u00f3n de la avenida N\u00fa\u00f1ez de C\u00e1ceres&hellip;\" \/>\n<meta property=\"og:url\" content=\"https:\/\/elglobal.do\/index.php\/2025\/09\/16\/vecinos-del-sector-gala-envian-carta-al-intrant-y-al-adn-rechazando-prohibicion-de-giro-en-la-nunez\/\" \/>\n<meta property=\"og:site_name\" content=\"EL GLOBAL INFORMATIVO\" \/>\n<meta property=\"article:published_time\" content=\"2025-09-16T15:42:32+00:00\" \/>\n<meta property=\"article:modified_time\" content=\"2025-09-16T15:42:35+00:00\" \/>\n<meta property=\"og:image\" content=\"https:\/\/elglobal.do\/wp-content\/uploads\/2025\/09\/image-102.png\" \/>\n\t<meta property=\"og:image:width\" content=\"896\" \/>\n\t<meta property=\"og:image:height\" content=\"504\" \/>\n\t<meta property=\"og:image:type\" content=\"image\/png\" \/>\n<meta name=\"author\" content=\"EL GLOBAL\" \/>\n<meta name=\"twitter:card\" content=\"summary_large_image\" \/>\n<meta name=\"twitter:label1\" content=\"Escrito por\" \/>\n\t<meta name=\"twitter:data1\" content=\"EL GLOBAL\" \/>\n\t<meta name=\"twitter:label2\" content=\"Tiempo de lectura\" \/>\n\t<meta name=\"twitter:data2\" content=\"2 minutos\" \/>\n<script type=\"application\/ld+json\" class=\"yoast-schema-graph\">{\"@context\":\"https:\/\/schema.org\",\"@graph\":[{\"@type\":\"Article\",\"@id\":\"https:\/\/elglobal.do\/index.php\/2025\/09\/16\/vecinos-del-sector-gala-envian-carta-al-intrant-y-al-adn-rechazando-prohibicion-de-giro-en-la-nunez\/#article\",\"isPartOf\":{\"@id\":\"https:\/\/elglobal.do\/index.php\/2025\/09\/16\/vecinos-del-sector-gala-envian-carta-al-intrant-y-al-adn-rechazando-prohibicion-de-giro-en-la-nunez\/\"},\"author\":{\"name\":\"EL GLOBAL\",\"@id\":\"https:\/\/elglobal.do\/#\/schema\/person\/0c97ec2c7714fb605d230c292f64d55f\"},\"headline\":\"Vecinos del sector Gal\u00e1 env\u00edan carta al Intrant y al ADN rechazando prohibici\u00f3n de giro en la N\u00fa\u00f1ez\",\"datePublished\":\"2025-09-16T15:42:32+00:00\",\"dateModified\":\"2025-09-16T15:42:35+00:00\",\"mainEntityOfPage\":{\"@id\":\"https:\/\/elglobal.do\/index.php\/2025\/09\/16\/vecinos-del-sector-gala-envian-carta-al-intrant-y-al-adn-rechazando-prohibicion-de-giro-en-la-nunez\/\"},\"wordCount\":343,\"commentCount\":0,\"publisher\":{\"@id\":\"https:\/\/elglobal.do\/#organization\"},\"image\":{\"@id\":\"https:\/\/elglobal.do\/index.php\/2025\/09\/16\/vecinos-del-sector-gala-envian-carta-al-intrant-y-al-adn-rechazando-prohibicion-de-giro-en-la-nunez\/#primaryimage\"},\"thumbnailUrl\":\"https:\/\/elglobal.do\/wp-content\/uploads\/2025\/09\/image-102.png\",\"keywords\":[\"#ADN\",\"#Giros\",\"#INTRANT\",\"#SectorGal\u00e1\",\"#Transporte\"],\"articleSection\":[\"NACIONALES\"],\"inLanguage\":\"es\",\"potentialAction\":[{\"@type\":\"CommentAction\",\"name\":\"Comment\",\"target\":[\"https:\/\/elglobal.do\/index.php\/2025\/09\/16\/vecinos-del-sector-gala-envian-carta-al-intrant-y-al-adn-rechazando-prohibicion-de-giro-en-la-nunez\/#respond\"]}]},{\"@type\":\"WebPage\",\"@id\":\"https:\/\/elglobal.do\/index.php\/2025\/09\/16\/vecinos-del-sector-gala-envian-carta-al-intrant-y-al-adn-rechazando-prohibicion-de-giro-en-la-nunez\/\",\"url\":\"https:\/\/elglobal.do\/index.php\/2025\/09\/16\/vecinos-del-sector-gala-envian-carta-al-intrant-y-al-adn-rechazando-prohibicion-de-giro-en-la-nunez\/\",\"name\":\"Vecinos del sector Gal\u00e1 env\u00edan carta al Intrant y al ADN rechazando prohibici\u00f3n de giro en la N\u00fa\u00f1ez - EL GLOBAL INFORMATIVO\",\"isPartOf\":{\"@id\":\"https:\/\/elglobal.do\/#website\"},\"primaryImageOfPage\":{\"@id\":\"https:\/\/elglobal.do\/index.php\/2025\/09\/16\/vecinos-del-sector-gala-envian-carta-al-intrant-y-al-adn-rechazando-prohibicion-de-giro-en-la-nunez\/#primaryimage\"},\"image\":{\"@id\":\"https:\/\/elglobal.do\/index.php\/2025\/09\/16\/vecinos-del-sector-gala-envian-carta-al-intrant-y-al-adn-rechazando-prohibicion-de-giro-en-la-nunez\/#primaryimage\"},\"thumbnailUrl\":\"https:\/\/elglobal.do\/wp-content\/uploads\/2025\/09\/image-102.png\",\"datePublished\":\"2025-09-16T15:42:32+00:00\",\"dateModified\":\"2025-09-16T15:42:35+00:00\",\"breadcrumb\":{\"@id\":\"https:\/\/elglobal.do\/index.php\/2025\/09\/16\/vecinos-del-sector-gala-envian-carta-al-intrant-y-al-adn-rechazando-prohibicion-de-giro-en-la-nunez\/#breadcrumb\"},\"inLanguage\":\"es\",\"potentialAction\":[{\"@type\":\"ReadAction\",\"target\":[\"https:\/\/elglobal.do\/index.php\/2025\/09\/16\/vecinos-del-sector-gala-envian-carta-al-intrant-y-al-adn-rechazando-prohibicion-de-giro-en-la-nunez\/\"]}]},{\"@type\":\"ImageObject\",\"inLanguage\":\"es\",\"@id\":\"https:\/\/elglobal.do\/index.php\/2025\/09\/16\/vecinos-del-sector-gala-envian-carta-al-intrant-y-al-adn-rechazando-prohibicion-de-giro-en-la-nunez\/#primaryimage\",\"url\":\"https:\/\/elglobal.do\/wp-content\/uploads\/2025\/09\/image-102.png\",\"contentUrl\":\"https:\/\/elglobal.do\/wp-content\/uploads\/2025\/09\/image-102.png\",\"width\":896,\"height\":504},{\"@type\":\"BreadcrumbList\",\"@id\":\"https:\/\/elglobal.do\/index.php\/2025\/09\/16\/vecinos-del-sector-gala-envian-carta-al-intrant-y-al-adn-rechazando-prohibicion-de-giro-en-la-nunez\/#breadcrumb\",\"itemListElement\":[{\"@type\":\"ListItem\",\"position\":1,\"name\":\"Portada\",\"item\":\"https:\/\/elglobal.do\/\"},{\"@type\":\"ListItem\",\"position\":2,\"name\":\"Vecinos del sector Gal\u00e1 env\u00edan carta al Intrant y al ADN rechazando prohibici\u00f3n de giro en la N\u00fa\u00f1ez\"}]},{\"@type\":\"WebSite\",\"@id\":\"https:\/\/elglobal.do\/#website\",\"url\":\"https:\/\/elglobal.do\/\",\"name\":\"EL GLOBAL INFORMATIVO\",\"description\":\"Peri\u00f3dico digital de la Rep\u00fablica Dominicana que ofrece noticias, novedades, pol\u00edtica y las \u00faltimas actualidades, con informaci\u00f3n veraz y oportuna para mantenerte siempre informad\",\"publisher\":{\"@id\":\"https:\/\/elglobal.do\/#organization\"},\"potentialAction\":[{\"@type\":\"SearchAction\",\"target\":{\"@type\":\"EntryPoint\",\"urlTemplate\":\"https:\/\/elglobal.do\/?s={search_term_string}\"},\"query-input\":{\"@type\":\"PropertyValueSpecification\",\"valueRequired\":true,\"valueName\":\"search_term_string\"}}],\"inLanguage\":\"es\"},{\"@type\":\"Organization\",\"@id\":\"https:\/\/elglobal.do\/#organization\",\"name\":\"EL GLOBAL.DO INFORMATIVO\",\"url\":\"https:\/\/elglobal.do\/\",\"logo\":{\"@type\":\"ImageObject\",\"inLanguage\":\"es\",\"@id\":\"https:\/\/elglobal.do\/#\/schema\/logo\/image\/\",\"url\":\"https:\/\/elglobal.do\/wp-content\/uploads\/2025\/08\/icon.png\",\"contentUrl\":\"https:\/\/elglobal.do\/wp-content\/uploads\/2025\/08\/icon.png\",\"width\":512,\"height\":512,\"caption\":\"EL GLOBAL.DO INFORMATIVO\"},\"image\":{\"@id\":\"https:\/\/elglobal.do\/#\/schema\/logo\/image\/\"}},{\"@type\":\"Person\",\"@id\":\"https:\/\/elglobal.do\/#\/schema\/person\/0c97ec2c7714fb605d230c292f64d55f\",\"name\":\"EL GLOBAL\",\"image\":{\"@type\":\"ImageObject\",\"inLanguage\":\"es\",\"@id\":\"https:\/\/elglobal.do\/#\/schema\/person\/image\/\",\"url\":\"https:\/\/secure.gravatar.com\/avatar\/081cfb6cf99faddc6f4e23a0c11ab98c5cf302925382d1c88dc3ed757ab910a3?s=96&d=mm&r=g\",\"contentUrl\":\"https:\/\/secure.gravatar.com\/avatar\/081cfb6cf99faddc6f4e23a0c11ab98c5cf302925382d1c88dc3ed757ab910a3?s=96&d=mm&r=g\",\"caption\":\"EL GLOBAL\"},\"description\":\"El Global Informativo es un peri\u00f3dico digital de Rep\u00fablica Dominicana que se dedica a cubrir temas importantes, como la pol\u00edtica local, geopol\u00edtica, econom\u00eda, tecnolog\u00eda, noticias internacionales y eventos relacionados con la gesti\u00f3n social, cultural y humana. Su objetivo principal es mantener a la poblaci\u00f3n informada, ofreciendo una visi\u00f3n amplia y actualizada de lo que sucede tanto en el pa\u00eds como en el mundo. Est\u00e1 dirigido por un grupo de periodistas experimentados, lo que garantiza la calidad y la precisi\u00f3n de la informaci\u00f3n que ofrecen. Tiene su sede en la ciudad de Santo Domingo y es parte integral del portafolio de la empresa, MC Global S.R.L.\",\"sameAs\":[\"https:\/\/elglobal.do\",\"https:\/\/www.instagram.com\/elglobal.do_informativo\/\"],\"url\":\"https:\/\/elglobal.do\/index.php\/author\/elglobaluserpro\/\"}]}<\/script>\n<!-- \/ Yoast SEO plugin. -->","yoast_head_json":{"title":"Vecinos del sector Gal\u00e1 env\u00edan carta al Intrant y al ADN rechazando prohibici\u00f3n de giro en la N\u00fa\u00f1ez - EL GLOBAL INFORMATIVO","robots":{"index":"index","follow":"follow","max-snippet":"max-snippet:-1","max-image-preview":"max-image-preview:large","max-video-preview":"max-video-preview:-1"},"canonical":"https:\/\/elglobal.do\/index.php\/2025\/09\/16\/vecinos-del-sector-gala-envian-carta-al-intrant-y-al-adn-rechazando-prohibicion-de-giro-en-la-nunez\/","og_locale":"es_ES","og_type":"article","og_title":"Vecinos del sector Gal\u00e1 env\u00edan carta al Intrant y al ADN rechazando prohibici\u00f3n de giro en la N\u00fa\u00f1ez - EL GLOBAL INFORMATIVO","og_description":"Santo Domingo.-Tras la entrada en vigencia de la\u00a0Fase IV de la restricci\u00f3n de giros a la izquierda, que en esta etapa intervino la intersecci\u00f3n de la avenida N\u00fa\u00f1ez de C\u00e1ceres&hellip;","og_url":"https:\/\/elglobal.do\/index.php\/2025\/09\/16\/vecinos-del-sector-gala-envian-carta-al-intrant-y-al-adn-rechazando-prohibicion-de-giro-en-la-nunez\/","og_site_name":"EL GLOBAL INFORMATIVO","article_published_time":"2025-09-16T15:42:32+00:00","article_modified_time":"2025-09-16T15:42:35+00:00","og_image":[{"width":896,"height":504,"url":"https:\/\/elglobal.do\/wp-content\/uploads\/2025\/09\/image-102.png","type":"image\/png"}],"author":"EL GLOBAL","twitter_card":"summary_large_image","twitter_misc":{"Escrito por":"EL GLOBAL","Tiempo de lectura":"2 minutos"},"schema":{"@context":"https:\/\/schema.org","@graph":[{"@type":"Article","@id":"https:\/\/elglobal.do\/index.php\/2025\/09\/16\/vecinos-del-sector-gala-envian-carta-al-intrant-y-al-adn-rechazando-prohibicion-de-giro-en-la-nunez\/#article","isPartOf":{"@id":"https:\/\/elglobal.do\/index.php\/2025\/09\/16\/vecinos-del-sector-gala-envian-carta-al-intrant-y-al-adn-rechazando-prohibicion-de-giro-en-la-nunez\/"},"author":{"name":"EL GLOBAL","@id":"https:\/\/elglobal.do\/#\/schema\/person\/0c97ec2c7714fb605d230c292f64d55f"},"headline":"Vecinos del sector Gal\u00e1 env\u00edan carta al Intrant y al ADN rechazando prohibici\u00f3n de giro en la N\u00fa\u00f1ez","datePublished":"2025-09-16T15:42:32+00:00","dateModified":"2025-09-16T15:42:35+00:00","mainEntityOfPage":{"@id":"https:\/\/elglobal.do\/index.php\/2025\/09\/16\/vecinos-del-sector-gala-envian-carta-al-intrant-y-al-adn-rechazando-prohibicion-de-giro-en-la-nunez\/"},"wordCount":343,"commentCount":0,"publisher":{"@id":"https:\/\/elglobal.do\/#organization"},"image":{"@id":"https:\/\/elglobal.do\/index.php\/2025\/09\/16\/vecinos-del-sector-gala-envian-carta-al-intrant-y-al-adn-rechazando-prohibicion-de-giro-en-la-nunez\/#primaryimage"},"thumbnailUrl":"https:\/\/elglobal.do\/wp-content\/uploads\/2025\/09\/image-102.png","keywords":["#ADN","#Giros","#INTRANT","#SectorGal\u00e1","#Transporte"],"articleSection":["NACIONALES"],"inLanguage":"es","potentialAction":[{"@type":"CommentAction","name":"Comment","target":["https:\/\/elglobal.do\/index.php\/2025\/09\/16\/vecinos-del-sector-gala-envian-carta-al-intrant-y-al-adn-rechazando-prohibicion-de-giro-en-la-nunez\/#respond"]}]},{"@type":"WebPage","@id":"https:\/\/elglobal.do\/index.php\/2025\/09\/16\/vecinos-del-sector-gala-envian-carta-al-intrant-y-al-adn-rechazando-prohibicion-de-giro-en-la-nunez\/","url":"https:\/\/elglobal.do\/index.php\/2025\/09\/16\/vecinos-del-sector-gala-envian-carta-al-intrant-y-al-adn-rechazando-prohibicion-de-giro-en-la-nunez\/","name":"Vecinos del sector Gal\u00e1 env\u00edan carta al Intrant y al ADN rechazando prohibici\u00f3n de giro en la N\u00fa\u00f1ez - EL GLOBAL INFORMATIVO","isPartOf":{"@id":"https:\/\/elglobal.do\/#website"},"primaryImageOfPage":{"@id":"https:\/\/elglobal.do\/index.php\/2025\/09\/16\/vecinos-del-sector-gala-envian-carta-al-intrant-y-al-adn-rechazando-prohibicion-de-giro-en-la-nunez\/#primaryimage"},"image":{"@id":"https:\/\/elglobal.do\/index.php\/2025\/09\/16\/vecinos-del-sector-gala-envian-carta-al-intrant-y-al-adn-rechazando-prohibicion-de-giro-en-la-nunez\/#primaryimage"},"thumbnailUrl":"https:\/\/elglobal.do\/wp-content\/uploads\/2025\/09\/image-102.png","datePublished":"2025-09-16T15:42:32+00:00","dateModified":"2025-09-16T15:42:35+00:00","breadcrumb":{"@id":"https:\/\/elglobal.do\/index.php\/2025\/09\/16\/vecinos-del-sector-gala-envian-carta-al-intrant-y-al-adn-rechazando-prohibicion-de-giro-en-la-nunez\/#breadcrumb"},"inLanguage":"es","potentialAction":[{"@type":"ReadAction","target":["https:\/\/elglobal.do\/index.php\/2025\/09\/16\/vecinos-del-sector-gala-envian-carta-al-intrant-y-al-adn-rechazando-prohibicion-de-giro-en-la-nunez\/"]}]},{"@type":"ImageObject","inLanguage":"es","@id":"https:\/\/elglobal.do\/index.php\/2025\/09\/16\/vecinos-del-sector-gala-envian-carta-al-intrant-y-al-adn-rechazando-prohibicion-de-giro-en-la-nunez\/#primaryimage","url":"https:\/\/elglobal.do\/wp-content\/uploads\/2025\/09\/image-102.png","contentUrl":"https:\/\/elglobal.do\/wp-content\/uploads\/2025\/09\/image-102.png","width":896,"height":504},{"@type":"BreadcrumbList","@id":"https:\/\/elglobal.do\/index.php\/2025\/09\/16\/vecinos-del-sector-gala-envian-carta-al-intrant-y-al-adn-rechazando-prohibicion-de-giro-en-la-nunez\/#breadcrumb","itemListElement":[{"@type":"ListItem","position":1,"name":"Portada","item":"https:\/\/elglobal.do\/"},{"@type":"ListItem","position":2,"name":"Vecinos del sector Gal\u00e1 env\u00edan carta al Intrant y al ADN rechazando prohibici\u00f3n de giro en la N\u00fa\u00f1ez"}]},{"@type":"WebSite","@id":"https:\/\/elglobal.do\/#website","url":"https:\/\/elglobal.do\/","name":"EL GLOBAL INFORMATIVO","description":"Peri\u00f3dico digital de la Rep\u00fablica Dominicana que ofrece noticias, novedades, pol\u00edtica y las \u00faltimas actualidades, con informaci\u00f3n veraz y oportuna para mantenerte siempre informad","publisher":{"@id":"https:\/\/elglobal.do\/#organization"},"potentialAction":[{"@type":"SearchAction","target":{"@type":"EntryPoint","urlTemplate":"https:\/\/elglobal.do\/?s={search_term_string}"},"query-input":{"@type":"PropertyValueSpecification","valueRequired":true,"valueName":"search_term_string"}}],"inLanguage":"es"},{"@type":"Organization","@id":"https:\/\/elglobal.do\/#organization","name":"EL GLOBAL.DO INFORMATIVO","url":"https:\/\/elglobal.do\/","logo":{"@type":"ImageObject","inLanguage":"es","@id":"https:\/\/elglobal.do\/#\/schema\/logo\/image\/","url":"https:\/\/elglobal.do\/wp-content\/uploads\/2025\/08\/icon.png","contentUrl":"https:\/\/elglobal.do\/wp-content\/uploads\/2025\/08\/icon.png","width":512,"height":512,"caption":"EL GLOBAL.DO INFORMATIVO"},"image":{"@id":"https:\/\/elglobal.do\/#\/schema\/logo\/image\/"}},{"@type":"Person","@id":"https:\/\/elglobal.do\/#\/schema\/person\/0c97ec2c7714fb605d230c292f64d55f","name":"EL GLOBAL","image":{"@type":"ImageObject","inLanguage":"es","@id":"https:\/\/elglobal.do\/#\/schema\/person\/image\/","url":"https:\/\/secure.gravatar.com\/avatar\/081cfb6cf99faddc6f4e23a0c11ab98c5cf302925382d1c88dc3ed757ab910a3?s=96&d=mm&r=g","contentUrl":"https:\/\/secure.gravatar.com\/avatar\/081cfb6cf99faddc6f4e23a0c11ab98c5cf302925382d1c88dc3ed757ab910a3?s=96&d=mm&r=g","caption":"EL GLOBAL"},"description":"El Global Informativo es un peri\u00f3dico digital de Rep\u00fablica Dominicana que se dedica a cubrir temas importantes, como la pol\u00edtica local, geopol\u00edtica, econom\u00eda, tecnolog\u00eda, noticias internacionales y eventos relacionados con la gesti\u00f3n social, cultural y humana. Su objetivo principal es mantener a la poblaci\u00f3n informada, ofreciendo una visi\u00f3n amplia y actualizada de lo que sucede tanto en el pa\u00eds como en el mundo. Est\u00e1 dirigido por un grupo de periodistas experimentados, lo que garantiza la calidad y la precisi\u00f3n de la informaci\u00f3n que ofrecen. Tiene su sede en la ciudad de Santo Domingo y es parte integral del portafolio de la empresa, MC Global S.R.L.","sameAs":["https:\/\/elglobal.do","https:\/\/www.instagram.com\/elglobal.do_informativo\/"],"url":"https:\/\/elglobal.do\/index.php\/author\/elglobaluserpro\/"}]}},"jetpack_featured_media_url":"https:\/\/elglobal.do\/wp-content\/uploads\/2025\/09\/image-102.png","jetpack_sharing_enabled":true,"_links":{"self":[{"href":"https:\/\/elglobal.do\/index.php\/wp-json\/wp\/v2\/posts\/2344","targetHints":{"allow":["GET"]}}],"collection":[{"href":"https:\/\/elglobal.do\/index.php\/wp-json\/wp\/v2\/posts"}],"about":[{"href":"https:\/\/elglobal.do\/index.php\/wp-json\/wp\/v2\/types\/post"}],"author":[{"embeddable":true,"href":"https:\/\/elglobal.do\/index.php\/wp-json\/wp\/v2\/users\/1"}],"replies":[{"embeddable":true,"href":"https:\/\/elglobal.do\/index.php\/wp-json\/wp\/v2\/comments?post=2344"}],"version-history":[{"count":1,"href":"https:\/\/elglobal.do\/index.php\/wp-json\/wp\/v2\/posts\/2344\/revisions"}],"predecessor-version":[{"id":2346,"href":"https:\/\/elglobal.do\/index.php\/wp-json\/wp\/v2\/posts\/2344\/revisions\/2346"}],"wp:featuredmedia":[{"embeddable":true,"href":"https:\/\/elglobal.do\/index.php\/wp-json\/wp\/v2\/media\/2345"}],"wp:attachment":[{"href":"https:\/\/elglobal.do\/index.php\/wp-json\/wp\/v2\/media?parent=2344"}],"wp:term":[{"taxonomy":"category","embeddable":true,"href":"https:\/\/elglobal.do\/index.php\/wp-json\/wp\/v2\/categories?post=2344"},{"taxonomy":"post_tag","embeddable":true,"href":"https:\/\/elglobal.do\/index.php\/wp-json\/wp\/v2\/tags?post=2344"}],"curies":[{"name":"wp","href":"https:\/\/api.w.org\/{rel}","templated":true}]}}