{"id":2347,"date":"2025-09-16T11:51:13","date_gmt":"2025-09-16T15:51:13","guid":{"rendered":"https:\/\/elglobal.do\/?p=2347"},"modified":"2025-09-16T11:51:17","modified_gmt":"2025-09-16T15:51:17","slug":"marco-rubio-visita-catar-tras-el-ataque-de-israel-contra-una-delegacion-de-hamas-en-doha","status":"publish","type":"post","link":"https:\/\/elglobal.do\/index.php\/2025\/09\/16\/marco-rubio-visita-catar-tras-el-ataque-de-israel-contra-una-delegacion-de-hamas-en-doha\/","title":{"rendered":"Marco Rubio visita Catar tras el ataque de Israel contra una delegaci\u00f3n de Ham\u00e1s en Doha"},"content":{"rendered":"\n<figure class=\"wp-block-image size-large is-resized\"><img loading=\"lazy\" decoding=\"async\" width=\"1024\" height=\"682\" src=\"https:\/\/elglobal.do\/wp-content\/uploads\/2025\/09\/image-103-1024x682.png\" alt=\"\" class=\"wp-image-2348\" style=\"width:743px;height:auto\" srcset=\"https:\/\/elglobal.do\/wp-content\/uploads\/2025\/09\/image-103-1024x682.png 1024w, https:\/\/elglobal.do\/wp-content\/uploads\/2025\/09\/image-103-300x200.png 300w, https:\/\/elglobal.do\/wp-content\/uploads\/2025\/09\/image-103-768x512.png 768w, https:\/\/elglobal.do\/wp-content\/uploads\/2025\/09\/image-103-1536x1024.png 1536w, https:\/\/elglobal.do\/wp-content\/uploads\/2025\/09\/image-103.png 2000w\" sizes=\"auto, (max-width: 1024px) 100vw, 1024px\" \/><\/figure>\n\n\n\n<p><strong>Isarael.-<\/strong>El secretario de Estado estadounidense,\u00a0<strong>Marco Rubio<\/strong>, lleg\u00f3 este martes a\u00a0<strong>Doha<\/strong>, procedente de\u00a0<strong>Israel<\/strong>, para abordar con los responsables catar\u00edes la\u00a0<strong>situaci\u00f3n regional<\/strong>\u00a0tras el ataque israel\u00ed de la semana pasada contra una\u00a0<strong>delegaci\u00f3n negociadora de Ham\u00e1s<\/strong>\u00a0en este pa\u00eds del\u00a0<strong>golfo P\u00e9rsico<\/strong>.<\/p>\n\n\n\n<p>El pol\u00edtico estadounidense mantuvo conversaciones en&nbsp;<strong>Doha<\/strong>&nbsp;con el emir de&nbsp;<strong>Catar<\/strong>, Tamim bin Hamad Al Thani, y con el primer ministro y ministro de Exteriores, Mohamed bin Abdulrahm\u00e1n Al Thani, de acuerdo con un escueto comunicado del Departamento de Estado de Estados Unidos.<\/p>\n\n\n\n<p>\u00abEl\u00a0<strong>secretario Rubio<\/strong>\u00a0reafirm\u00f3 la s\u00f3lida\u00a0<strong>relaci\u00f3n bilateral<\/strong>\u00a0entre Estados Unidos y\u00a0<strong>Catar<\/strong>\u00a0y agradeci\u00f3 a\u00a0<strong>Catar<\/strong>\u00a0sus\u00a0<strong>esfuerzos<\/strong>\u00a0para poner fin a la\u00a0<strong>guerra en Gaza<\/strong>\u00a0y repatriar a todos los rehenes\u00bb, de acuerdo con la nota, que afirm\u00f3 el \u00abfirme apoyo\u00bb de Washington \u00aba la\u00a0<strong>seguridad<\/strong>\u00a0y la\u00a0<strong>soberan\u00eda<\/strong>\u00bb de su\u00a0<strong>aliado \u00e1rabe<\/strong>.<\/p>\n\n\n\n<p>Por su parte, el portavoz del ministerio de Exteriores catar\u00ed, Majed al Ansari, dijo a la cadena Al Jazeera que&nbsp;<strong>Rubio<\/strong>&nbsp;y el emir conversaron sobre \u00abla&nbsp;<strong>alianza estrat\u00e9gica<\/strong>&nbsp;entre ambos pa\u00edses\u00bb, en particular en el \u00e1mbito de&nbsp;<strong>defensa<\/strong>&nbsp;tras el ataque israel\u00ed que provoc\u00f3 una gran&nbsp;<strong>indignaci\u00f3n<\/strong>&nbsp;entre las&nbsp;<strong>autoridades<\/strong>&nbsp;del pa\u00eds del&nbsp;<strong>golfo P\u00e9rsico<\/strong>.<\/p>\n\n\n\n<p><strong>Catar<\/strong>, el principal\u00a0<strong>mediador<\/strong>\u00a0en la\u00a0<strong>guerra de Gaza<\/strong>\u00a0junto a EE.UU. y Egipto, considera que \u00ablas\u00a0<strong>negociaciones<\/strong>\u00a0no parecen\u00a0<strong>realistas<\/strong>\u00a0ahora\u00bb porque el primer ministro de\u00a0<strong>Israel<\/strong>,\u00a0<strong>Benjam\u00edn Netanyahu<\/strong>, \u00abquiere\u00a0<strong>asesinar<\/strong>\u00a0a todos con los que negocia y\u00a0<strong>bombardea<\/strong>\u00a0al Estado\u00a0<strong>mediador<\/strong>\u00ab, de acuerdo con Al Asari.<\/p>\n\n\n\n<p>\u00abEl mensaje a&nbsp;<strong>Netanyahu<\/strong>&nbsp;es que no se continuar\u00e1 violando el derecho internacional sin&nbsp;<strong>rendir cuentas<\/strong>. Estamos decididos a defender nuestra&nbsp;<strong>soberan\u00eda<\/strong>&nbsp;y a tomar medidas para evitar que se repitan&nbsp;<strong>ataques<\/strong>\u00ab, se\u00f1al\u00f3 el portavoz en declaraciones recogidas por la cadena catar\u00ed.<\/p>\n\n\n\n<p><strong>Rubio<\/strong>&nbsp;dijo antes de su viaje a&nbsp;<strong>Catar<\/strong>&nbsp;que su pa\u00eds quiere que&nbsp;<strong>Doha<\/strong>&nbsp;siga desempe\u00f1ando su labor de&nbsp;<strong>mediaci\u00f3n<\/strong>&nbsp;para liberar a los 48 rehenes que siguen en manos del&nbsp;<strong>grupo islamista palestino Ham\u00e1s<\/strong>.<\/p>\n\n\n\n<p>Subray\u00f3 tambi\u00e9n que queda \u00abpoco tiempo\u00bb, \u00abtal vez unas pocas semanas\u00bb, para alcanzar un acuerdo de&nbsp;<strong>alto el fuego<\/strong>&nbsp;en el&nbsp;<strong>enclave palestino<\/strong>, despu\u00e9s de que&nbsp;<strong>Israel<\/strong>&nbsp;empezara su operaci\u00f3n militar para ocupar la ciudad de Gaza.<\/p>\n\n\n\n<ul class=\"wp-block-list\">\n<li>El\u00a0<strong>bombardeo<\/strong>\u00a0israel\u00ed del pasado d\u00eda 9 en\u00a0<strong>Catar<\/strong>\u00a0tuvo como blanco la\u00a0<strong>delegaci\u00f3n negociadora de Ham\u00e1s<\/strong>\u00a0mientras debat\u00eda una propuesta de EE.UU. para desbloquear las estancadas\u00a0<strong>negociaciones<\/strong>\u00a0para alcanzar un acuerdo de\u00a0<strong>alto el fuego<\/strong>\u00a0y liberaci\u00f3n de los rehenes.<\/li>\n\n\n\n<li>Esa\u00a0<strong>acci\u00f3n<\/strong>, que provoc\u00f3 la<strong>\u00a0<\/strong>muerte de seis personas, fue calificada por\u00a0<strong>Doha<\/strong>\u00a0como \u00ab<strong>traici\u00f3n<\/strong>\u00ab, \u00ab<strong>terrorismo de Estado<\/strong>\u00bb y\u00a0<strong>\u00abagresi\u00f3n directa\u00bb<\/strong>\u00a0contra su\u00a0<strong>soberan\u00eda<\/strong>.<\/li>\n<\/ul>\n\n\n\n<p><strong>Catar<\/strong>&nbsp;asegur\u00f3, no obstante, que seguir\u00e1 trabajando para poner fin a la&nbsp;<strong>guerra en Gaza<\/strong>, donde cerca de 65,000 personas murieron desde el inicio del&nbsp;<strong>conflicto<\/strong>&nbsp;en&nbsp;<strong>octubre de 2023<\/strong>.<\/p>\n\n\n\n<p>El viaje de&nbsp;<strong>Rubio<\/strong>&nbsp;a&nbsp;<strong>Catar<\/strong>&nbsp;se produce despu\u00e9s de que m\u00e1s de 50&nbsp;<strong>jefes de Estado<\/strong>&nbsp;y representantes de la&nbsp;<strong>Liga \u00c1rabe<\/strong>&nbsp;y la&nbsp;<strong>Organizaci\u00f3n de la Cooperaci\u00f3n Isl\u00e1mica<\/strong>&nbsp;(OCI), reunidos el lunes en&nbsp;<strong>Doha<\/strong>, acusaran a&nbsp;<strong>Netanyahu<\/strong>&nbsp;de \u00abnegarse a lograr la&nbsp;<strong>paz<\/strong>\u00bb en&nbsp;<strong>Oriente Medio<\/strong>&nbsp;por su&nbsp;<strong>guerra en Gaza<\/strong>&nbsp;y la agresi\u00f3n en&nbsp;<strong>Catar<\/strong>.<\/p>\n\n\n\n<p>El&nbsp;<strong>temor<\/strong>&nbsp;y la&nbsp;<strong>duda<\/strong>&nbsp;que suscit\u00f3 ese&nbsp;<strong>bombardeo<\/strong>&nbsp;llev\u00f3 a los socios de&nbsp;<strong>Catar<\/strong>&nbsp;en el&nbsp;<strong>Consejo de Cooperaci\u00f3n del Golfo<\/strong>&nbsp;(CCG) &#8211;<strong>Catar<\/strong>, Emiratos \u00c1rabes Unidos, Arabia Saud\u00ed, Om\u00e1n, Kuwait y Bar\u00e9in-, todos aliados de EE.UU., a anunciar tambi\u00e9n el lunes la&nbsp;<strong>reactivaci\u00f3n<\/strong>&nbsp;de los mecanismos de&nbsp;<strong>defensa<\/strong>&nbsp;conjunta entre ellos.&nbsp;<\/p>\n","protected":false},"excerpt":{"rendered":"<p>Isarael.-El secretario de Estado estadounidense,\u00a0Marco Rubio, lleg\u00f3 este martes a\u00a0Doha, procedente de\u00a0Israel, para abordar con los responsables catar\u00edes la\u00a0situaci\u00f3n regional\u00a0tras el ataque israel\u00ed de la semana pasada contra una\u00a0delegaci\u00f3n negociadora&hellip; <\/p>\n","protected":false},"author":1,"featured_media":2348,"comment_status":"open","ping_status":"open","sticky":false,"template":"","format":"standard","meta":{"_jetpack_memberships_contains_paid_content":false,"footnotes":""},"categories":[1],"tags":[148,1229,651,535,1228],"class_list":["post-2347","post","type-post","status-publish","format-standard","has-post-thumbnail","hentry","category-categoria-internacionales","tag-alianza","tag-catar","tag-gaza","tag-israel","tag-marcorubio"],"yoast_head":"<!-- This site is optimized with the Yoast SEO plugin v26.9 - https:\/\/yoast.com\/product\/yoast-seo-wordpress\/ -->\n<title>Marco Rubio visita Catar tras el ataque de Israel contra una delegaci\u00f3n de Ham\u00e1s en Doha - EL GLOBAL INFORMATIVO<\/title>\n<meta name=\"robots\" content=\"index, follow, max-snippet:-1, max-image-preview:large, max-video-preview:-1\" \/>\n<link rel=\"canonical\" href=\"https:\/\/elglobal.do\/index.php\/2025\/09\/16\/marco-rubio-visita-catar-tras-el-ataque-de-israel-contra-una-delegacion-de-hamas-en-doha\/\" \/>\n<meta property=\"og:locale\" content=\"es_ES\" \/>\n<meta property=\"og:type\" content=\"article\" \/>\n<meta property=\"og:title\" content=\"Marco Rubio visita Catar tras el ataque de Israel contra una delegaci\u00f3n de Ham\u00e1s en Doha - EL GLOBAL INFORMATIVO\" \/>\n<meta property=\"og:description\" content=\"Isarael.-El secretario de Estado estadounidense,\u00a0Marco Rubio, lleg\u00f3 este martes a\u00a0Doha, procedente de\u00a0Israel, para abordar con los responsables catar\u00edes la\u00a0situaci\u00f3n regional\u00a0tras el ataque israel\u00ed de la semana pasada contra una\u00a0delegaci\u00f3n negociadora&hellip;\" \/>\n<meta property=\"og:url\" content=\"https:\/\/elglobal.do\/index.php\/2025\/09\/16\/marco-rubio-visita-catar-tras-el-ataque-de-israel-contra-una-delegacion-de-hamas-en-doha\/\" \/>\n<meta property=\"og:site_name\" content=\"EL GLOBAL INFORMATIVO\" \/>\n<meta property=\"article:published_time\" content=\"2025-09-16T15:51:13+00:00\" \/>\n<meta property=\"article:modified_time\" content=\"2025-09-16T15:51:17+00:00\" \/>\n<meta property=\"og:image\" content=\"https:\/\/elglobal.do\/wp-content\/uploads\/2025\/09\/image-103-1024x682.png\" \/>\n\t<meta property=\"og:image:width\" content=\"1024\" \/>\n\t<meta property=\"og:image:height\" content=\"682\" \/>\n\t<meta property=\"og:image:type\" content=\"image\/png\" \/>\n<meta name=\"author\" content=\"EL GLOBAL\" \/>\n<meta name=\"twitter:card\" content=\"summary_large_image\" \/>\n<meta name=\"twitter:label1\" content=\"Escrito por\" \/>\n\t<meta name=\"twitter:data1\" content=\"EL GLOBAL\" \/>\n\t<meta name=\"twitter:label2\" content=\"Tiempo de lectura\" \/>\n\t<meta name=\"twitter:data2\" content=\"4 minutos\" \/>\n<script type=\"application\/ld+json\" class=\"yoast-schema-graph\">{\"@context\":\"https:\/\/schema.org\",\"@graph\":[{\"@type\":\"Article\",\"@id\":\"https:\/\/elglobal.do\/index.php\/2025\/09\/16\/marco-rubio-visita-catar-tras-el-ataque-de-israel-contra-una-delegacion-de-hamas-en-doha\/#article\",\"isPartOf\":{\"@id\":\"https:\/\/elglobal.do\/index.php\/2025\/09\/16\/marco-rubio-visita-catar-tras-el-ataque-de-israel-contra-una-delegacion-de-hamas-en-doha\/\"},\"author\":{\"name\":\"EL GLOBAL\",\"@id\":\"https:\/\/elglobal.do\/#\/schema\/person\/0c97ec2c7714fb605d230c292f64d55f\"},\"headline\":\"Marco Rubio visita Catar tras el ataque de Israel contra una delegaci\u00f3n de Ham\u00e1s en Doha\",\"datePublished\":\"2025-09-16T15:51:13+00:00\",\"dateModified\":\"2025-09-16T15:51:17+00:00\",\"mainEntityOfPage\":{\"@id\":\"https:\/\/elglobal.do\/index.php\/2025\/09\/16\/marco-rubio-visita-catar-tras-el-ataque-de-israel-contra-una-delegacion-de-hamas-en-doha\/\"},\"wordCount\":701,\"commentCount\":0,\"publisher\":{\"@id\":\"https:\/\/elglobal.do\/#organization\"},\"image\":{\"@id\":\"https:\/\/elglobal.do\/index.php\/2025\/09\/16\/marco-rubio-visita-catar-tras-el-ataque-de-israel-contra-una-delegacion-de-hamas-en-doha\/#primaryimage\"},\"thumbnailUrl\":\"https:\/\/elglobal.do\/wp-content\/uploads\/2025\/09\/image-103.png\",\"keywords\":[\"#Alianza\",\"#Catar\",\"#Gaza\",\"#Israel\",\"#MarcoRubio\"],\"articleSection\":[\"INTERNACIONALES\"],\"inLanguage\":\"es\",\"potentialAction\":[{\"@type\":\"CommentAction\",\"name\":\"Comment\",\"target\":[\"https:\/\/elglobal.do\/index.php\/2025\/09\/16\/marco-rubio-visita-catar-tras-el-ataque-de-israel-contra-una-delegacion-de-hamas-en-doha\/#respond\"]}]},{\"@type\":\"WebPage\",\"@id\":\"https:\/\/elglobal.do\/index.php\/2025\/09\/16\/marco-rubio-visita-catar-tras-el-ataque-de-israel-contra-una-delegacion-de-hamas-en-doha\/\",\"url\":\"https:\/\/elglobal.do\/index.php\/2025\/09\/16\/marco-rubio-visita-catar-tras-el-ataque-de-israel-contra-una-delegacion-de-hamas-en-doha\/\",\"name\":\"Marco Rubio visita Catar tras el ataque de Israel contra una delegaci\u00f3n de Ham\u00e1s en Doha - EL GLOBAL INFORMATIVO\",\"isPartOf\":{\"@id\":\"https:\/\/elglobal.do\/#website\"},\"primaryImageOfPage\":{\"@id\":\"https:\/\/elglobal.do\/index.php\/2025\/09\/16\/marco-rubio-visita-catar-tras-el-ataque-de-israel-contra-una-delegacion-de-hamas-en-doha\/#primaryimage\"},\"image\":{\"@id\":\"https:\/\/elglobal.do\/index.php\/2025\/09\/16\/marco-rubio-visita-catar-tras-el-ataque-de-israel-contra-una-delegacion-de-hamas-en-doha\/#primaryimage\"},\"thumbnailUrl\":\"https:\/\/elglobal.do\/wp-content\/uploads\/2025\/09\/image-103.png\",\"datePublished\":\"2025-09-16T15:51:13+00:00\",\"dateModified\":\"2025-09-16T15:51:17+00:00\",\"breadcrumb\":{\"@id\":\"https:\/\/elglobal.do\/index.php\/2025\/09\/16\/marco-rubio-visita-catar-tras-el-ataque-de-israel-contra-una-delegacion-de-hamas-en-doha\/#breadcrumb\"},\"inLanguage\":\"es\",\"potentialAction\":[{\"@type\":\"ReadAction\",\"target\":[\"https:\/\/elglobal.do\/index.php\/2025\/09\/16\/marco-rubio-visita-catar-tras-el-ataque-de-israel-contra-una-delegacion-de-hamas-en-doha\/\"]}]},{\"@type\":\"ImageObject\",\"inLanguage\":\"es\",\"@id\":\"https:\/\/elglobal.do\/index.php\/2025\/09\/16\/marco-rubio-visita-catar-tras-el-ataque-de-israel-contra-una-delegacion-de-hamas-en-doha\/#primaryimage\",\"url\":\"https:\/\/elglobal.do\/wp-content\/uploads\/2025\/09\/image-103.png\",\"contentUrl\":\"https:\/\/elglobal.do\/wp-content\/uploads\/2025\/09\/image-103.png\",\"width\":2000,\"height\":1333},{\"@type\":\"BreadcrumbList\",\"@id\":\"https:\/\/elglobal.do\/index.php\/2025\/09\/16\/marco-rubio-visita-catar-tras-el-ataque-de-israel-contra-una-delegacion-de-hamas-en-doha\/#breadcrumb\",\"itemListElement\":[{\"@type\":\"ListItem\",\"position\":1,\"name\":\"Portada\",\"item\":\"https:\/\/elglobal.do\/\"},{\"@type\":\"ListItem\",\"position\":2,\"name\":\"Marco Rubio visita Catar tras el ataque de Israel contra una delegaci\u00f3n de Ham\u00e1s en Doha\"}]},{\"@type\":\"WebSite\",\"@id\":\"https:\/\/elglobal.do\/#website\",\"url\":\"https:\/\/elglobal.do\/\",\"name\":\"EL GLOBAL INFORMATIVO\",\"description\":\"Peri\u00f3dico digital de la Rep\u00fablica Dominicana que ofrece noticias, novedades, pol\u00edtica y las \u00faltimas actualidades, con informaci\u00f3n veraz y oportuna para mantenerte siempre informad\",\"publisher\":{\"@id\":\"https:\/\/elglobal.do\/#organization\"},\"potentialAction\":[{\"@type\":\"SearchAction\",\"target\":{\"@type\":\"EntryPoint\",\"urlTemplate\":\"https:\/\/elglobal.do\/?s={search_term_string}\"},\"query-input\":{\"@type\":\"PropertyValueSpecification\",\"valueRequired\":true,\"valueName\":\"search_term_string\"}}],\"inLanguage\":\"es\"},{\"@type\":\"Organization\",\"@id\":\"https:\/\/elglobal.do\/#organization\",\"name\":\"EL GLOBAL.DO INFORMATIVO\",\"url\":\"https:\/\/elglobal.do\/\",\"logo\":{\"@type\":\"ImageObject\",\"inLanguage\":\"es\",\"@id\":\"https:\/\/elglobal.do\/#\/schema\/logo\/image\/\",\"url\":\"https:\/\/elglobal.do\/wp-content\/uploads\/2025\/08\/icon.png\",\"contentUrl\":\"https:\/\/elglobal.do\/wp-content\/uploads\/2025\/08\/icon.png\",\"width\":512,\"height\":512,\"caption\":\"EL GLOBAL.DO INFORMATIVO\"},\"image\":{\"@id\":\"https:\/\/elglobal.do\/#\/schema\/logo\/image\/\"}},{\"@type\":\"Person\",\"@id\":\"https:\/\/elglobal.do\/#\/schema\/person\/0c97ec2c7714fb605d230c292f64d55f\",\"name\":\"EL GLOBAL\",\"image\":{\"@type\":\"ImageObject\",\"inLanguage\":\"es\",\"@id\":\"https:\/\/elglobal.do\/#\/schema\/person\/image\/\",\"url\":\"https:\/\/secure.gravatar.com\/avatar\/081cfb6cf99faddc6f4e23a0c11ab98c5cf302925382d1c88dc3ed757ab910a3?s=96&d=mm&r=g\",\"contentUrl\":\"https:\/\/secure.gravatar.com\/avatar\/081cfb6cf99faddc6f4e23a0c11ab98c5cf302925382d1c88dc3ed757ab910a3?s=96&d=mm&r=g\",\"caption\":\"EL GLOBAL\"},\"description\":\"El Global Informativo es un peri\u00f3dico digital de Rep\u00fablica Dominicana que se dedica a cubrir temas importantes, como la pol\u00edtica local, geopol\u00edtica, econom\u00eda, tecnolog\u00eda, noticias internacionales y eventos relacionados con la gesti\u00f3n social, cultural y humana. Su objetivo principal es mantener a la poblaci\u00f3n informada, ofreciendo una visi\u00f3n amplia y actualizada de lo que sucede tanto en el pa\u00eds como en el mundo. Est\u00e1 dirigido por un grupo de periodistas experimentados, lo que garantiza la calidad y la precisi\u00f3n de la informaci\u00f3n que ofrecen. Tiene su sede en la ciudad de Santo Domingo y es parte integral del portafolio de la empresa, MC Global S.R.L.\",\"sameAs\":[\"https:\/\/elglobal.do\",\"https:\/\/www.instagram.com\/elglobal.do_informativo\/\"],\"url\":\"https:\/\/elglobal.do\/index.php\/author\/elglobaluserpro\/\"}]}<\/script>\n<!-- \/ Yoast SEO plugin. -->","yoast_head_json":{"title":"Marco Rubio visita Catar tras el ataque de Israel contra una delegaci\u00f3n de Ham\u00e1s en Doha - EL GLOBAL INFORMATIVO","robots":{"index":"index","follow":"follow","max-snippet":"max-snippet:-1","max-image-preview":"max-image-preview:large","max-video-preview":"max-video-preview:-1"},"canonical":"https:\/\/elglobal.do\/index.php\/2025\/09\/16\/marco-rubio-visita-catar-tras-el-ataque-de-israel-contra-una-delegacion-de-hamas-en-doha\/","og_locale":"es_ES","og_type":"article","og_title":"Marco Rubio visita Catar tras el ataque de Israel contra una delegaci\u00f3n de Ham\u00e1s en Doha - EL GLOBAL INFORMATIVO","og_description":"Isarael.-El secretario de Estado estadounidense,\u00a0Marco Rubio, lleg\u00f3 este martes a\u00a0Doha, procedente de\u00a0Israel, para abordar con los responsables catar\u00edes la\u00a0situaci\u00f3n regional\u00a0tras el ataque israel\u00ed de la semana pasada contra una\u00a0delegaci\u00f3n negociadora&hellip;","og_url":"https:\/\/elglobal.do\/index.php\/2025\/09\/16\/marco-rubio-visita-catar-tras-el-ataque-de-israel-contra-una-delegacion-de-hamas-en-doha\/","og_site_name":"EL GLOBAL INFORMATIVO","article_published_time":"2025-09-16T15:51:13+00:00","article_modified_time":"2025-09-16T15:51:17+00:00","og_image":[{"width":1024,"height":682,"url":"https:\/\/elglobal.do\/wp-content\/uploads\/2025\/09\/image-103-1024x682.png","type":"image\/png"}],"author":"EL GLOBAL","twitter_card":"summary_large_image","twitter_misc":{"Escrito por":"EL GLOBAL","Tiempo de lectura":"4 minutos"},"schema":{"@context":"https:\/\/schema.org","@graph":[{"@type":"Article","@id":"https:\/\/elglobal.do\/index.php\/2025\/09\/16\/marco-rubio-visita-catar-tras-el-ataque-de-israel-contra-una-delegacion-de-hamas-en-doha\/#article","isPartOf":{"@id":"https:\/\/elglobal.do\/index.php\/2025\/09\/16\/marco-rubio-visita-catar-tras-el-ataque-de-israel-contra-una-delegacion-de-hamas-en-doha\/"},"author":{"name":"EL GLOBAL","@id":"https:\/\/elglobal.do\/#\/schema\/person\/0c97ec2c7714fb605d230c292f64d55f"},"headline":"Marco Rubio visita Catar tras el ataque de Israel contra una delegaci\u00f3n de Ham\u00e1s en Doha","datePublished":"2025-09-16T15:51:13+00:00","dateModified":"2025-09-16T15:51:17+00:00","mainEntityOfPage":{"@id":"https:\/\/elglobal.do\/index.php\/2025\/09\/16\/marco-rubio-visita-catar-tras-el-ataque-de-israel-contra-una-delegacion-de-hamas-en-doha\/"},"wordCount":701,"commentCount":0,"publisher":{"@id":"https:\/\/elglobal.do\/#organization"},"image":{"@id":"https:\/\/elglobal.do\/index.php\/2025\/09\/16\/marco-rubio-visita-catar-tras-el-ataque-de-israel-contra-una-delegacion-de-hamas-en-doha\/#primaryimage"},"thumbnailUrl":"https:\/\/elglobal.do\/wp-content\/uploads\/2025\/09\/image-103.png","keywords":["#Alianza","#Catar","#Gaza","#Israel","#MarcoRubio"],"articleSection":["INTERNACIONALES"],"inLanguage":"es","potentialAction":[{"@type":"CommentAction","name":"Comment","target":["https:\/\/elglobal.do\/index.php\/2025\/09\/16\/marco-rubio-visita-catar-tras-el-ataque-de-israel-contra-una-delegacion-de-hamas-en-doha\/#respond"]}]},{"@type":"WebPage","@id":"https:\/\/elglobal.do\/index.php\/2025\/09\/16\/marco-rubio-visita-catar-tras-el-ataque-de-israel-contra-una-delegacion-de-hamas-en-doha\/","url":"https:\/\/elglobal.do\/index.php\/2025\/09\/16\/marco-rubio-visita-catar-tras-el-ataque-de-israel-contra-una-delegacion-de-hamas-en-doha\/","name":"Marco Rubio visita Catar tras el ataque de Israel contra una delegaci\u00f3n de Ham\u00e1s en Doha - EL GLOBAL INFORMATIVO","isPartOf":{"@id":"https:\/\/elglobal.do\/#website"},"primaryImageOfPage":{"@id":"https:\/\/elglobal.do\/index.php\/2025\/09\/16\/marco-rubio-visita-catar-tras-el-ataque-de-israel-contra-una-delegacion-de-hamas-en-doha\/#primaryimage"},"image":{"@id":"https:\/\/elglobal.do\/index.php\/2025\/09\/16\/marco-rubio-visita-catar-tras-el-ataque-de-israel-contra-una-delegacion-de-hamas-en-doha\/#primaryimage"},"thumbnailUrl":"https:\/\/elglobal.do\/wp-content\/uploads\/2025\/09\/image-103.png","datePublished":"2025-09-16T15:51:13+00:00","dateModified":"2025-09-16T15:51:17+00:00","breadcrumb":{"@id":"https:\/\/elglobal.do\/index.php\/2025\/09\/16\/marco-rubio-visita-catar-tras-el-ataque-de-israel-contra-una-delegacion-de-hamas-en-doha\/#breadcrumb"},"inLanguage":"es","potentialAction":[{"@type":"ReadAction","target":["https:\/\/elglobal.do\/index.php\/2025\/09\/16\/marco-rubio-visita-catar-tras-el-ataque-de-israel-contra-una-delegacion-de-hamas-en-doha\/"]}]},{"@type":"ImageObject","inLanguage":"es","@id":"https:\/\/elglobal.do\/index.php\/2025\/09\/16\/marco-rubio-visita-catar-tras-el-ataque-de-israel-contra-una-delegacion-de-hamas-en-doha\/#primaryimage","url":"https:\/\/elglobal.do\/wp-content\/uploads\/2025\/09\/image-103.png","contentUrl":"https:\/\/elglobal.do\/wp-content\/uploads\/2025\/09\/image-103.png","width":2000,"height":1333},{"@type":"BreadcrumbList","@id":"https:\/\/elglobal.do\/index.php\/2025\/09\/16\/marco-rubio-visita-catar-tras-el-ataque-de-israel-contra-una-delegacion-de-hamas-en-doha\/#breadcrumb","itemListElement":[{"@type":"ListItem","position":1,"name":"Portada","item":"https:\/\/elglobal.do\/"},{"@type":"ListItem","position":2,"name":"Marco Rubio visita Catar tras el ataque de Israel contra una delegaci\u00f3n de Ham\u00e1s en Doha"}]},{"@type":"WebSite","@id":"https:\/\/elglobal.do\/#website","url":"https:\/\/elglobal.do\/","name":"EL GLOBAL INFORMATIVO","description":"Peri\u00f3dico digital de la Rep\u00fablica Dominicana que ofrece noticias, novedades, pol\u00edtica y las \u00faltimas actualidades, con informaci\u00f3n veraz y oportuna para mantenerte siempre informad","publisher":{"@id":"https:\/\/elglobal.do\/#organization"},"potentialAction":[{"@type":"SearchAction","target":{"@type":"EntryPoint","urlTemplate":"https:\/\/elglobal.do\/?s={search_term_string}"},"query-input":{"@type":"PropertyValueSpecification","valueRequired":true,"valueName":"search_term_string"}}],"inLanguage":"es"},{"@type":"Organization","@id":"https:\/\/elglobal.do\/#organization","name":"EL GLOBAL.DO INFORMATIVO","url":"https:\/\/elglobal.do\/","logo":{"@type":"ImageObject","inLanguage":"es","@id":"https:\/\/elglobal.do\/#\/schema\/logo\/image\/","url":"https:\/\/elglobal.do\/wp-content\/uploads\/2025\/08\/icon.png","contentUrl":"https:\/\/elglobal.do\/wp-content\/uploads\/2025\/08\/icon.png","width":512,"height":512,"caption":"EL GLOBAL.DO INFORMATIVO"},"image":{"@id":"https:\/\/elglobal.do\/#\/schema\/logo\/image\/"}},{"@type":"Person","@id":"https:\/\/elglobal.do\/#\/schema\/person\/0c97ec2c7714fb605d230c292f64d55f","name":"EL GLOBAL","image":{"@type":"ImageObject","inLanguage":"es","@id":"https:\/\/elglobal.do\/#\/schema\/person\/image\/","url":"https:\/\/secure.gravatar.com\/avatar\/081cfb6cf99faddc6f4e23a0c11ab98c5cf302925382d1c88dc3ed757ab910a3?s=96&d=mm&r=g","contentUrl":"https:\/\/secure.gravatar.com\/avatar\/081cfb6cf99faddc6f4e23a0c11ab98c5cf302925382d1c88dc3ed757ab910a3?s=96&d=mm&r=g","caption":"EL GLOBAL"},"description":"El Global Informativo es un peri\u00f3dico digital de Rep\u00fablica Dominicana que se dedica a cubrir temas importantes, como la pol\u00edtica local, geopol\u00edtica, econom\u00eda, tecnolog\u00eda, noticias internacionales y eventos relacionados con la gesti\u00f3n social, cultural y humana. Su objetivo principal es mantener a la poblaci\u00f3n informada, ofreciendo una visi\u00f3n amplia y actualizada de lo que sucede tanto en el pa\u00eds como en el mundo. Est\u00e1 dirigido por un grupo de periodistas experimentados, lo que garantiza la calidad y la precisi\u00f3n de la informaci\u00f3n que ofrecen. Tiene su sede en la ciudad de Santo Domingo y es parte integral del portafolio de la empresa, MC Global S.R.L.","sameAs":["https:\/\/elglobal.do","https:\/\/www.instagram.com\/elglobal.do_informativo\/"],"url":"https:\/\/elglobal.do\/index.php\/author\/elglobaluserpro\/"}]}},"jetpack_featured_media_url":"https:\/\/elglobal.do\/wp-content\/uploads\/2025\/09\/image-103.png","jetpack_sharing_enabled":true,"_links":{"self":[{"href":"https:\/\/elglobal.do\/index.php\/wp-json\/wp\/v2\/posts\/2347","targetHints":{"allow":["GET"]}}],"collection":[{"href":"https:\/\/elglobal.do\/index.php\/wp-json\/wp\/v2\/posts"}],"about":[{"href":"https:\/\/elglobal.do\/index.php\/wp-json\/wp\/v2\/types\/post"}],"author":[{"embeddable":true,"href":"https:\/\/elglobal.do\/index.php\/wp-json\/wp\/v2\/users\/1"}],"replies":[{"embeddable":true,"href":"https:\/\/elglobal.do\/index.php\/wp-json\/wp\/v2\/comments?post=2347"}],"version-history":[{"count":1,"href":"https:\/\/elglobal.do\/index.php\/wp-json\/wp\/v2\/posts\/2347\/revisions"}],"predecessor-version":[{"id":2349,"href":"https:\/\/elglobal.do\/index.php\/wp-json\/wp\/v2\/posts\/2347\/revisions\/2349"}],"wp:featuredmedia":[{"embeddable":true,"href":"https:\/\/elglobal.do\/index.php\/wp-json\/wp\/v2\/media\/2348"}],"wp:attachment":[{"href":"https:\/\/elglobal.do\/index.php\/wp-json\/wp\/v2\/media?parent=2347"}],"wp:term":[{"taxonomy":"category","embeddable":true,"href":"https:\/\/elglobal.do\/index.php\/wp-json\/wp\/v2\/categories?post=2347"},{"taxonomy":"post_tag","embeddable":true,"href":"https:\/\/elglobal.do\/index.php\/wp-json\/wp\/v2\/tags?post=2347"}],"curies":[{"name":"wp","href":"https:\/\/api.w.org\/{rel}","templated":true}]}}