{"id":2362,"date":"2025-09-18T08:55:59","date_gmt":"2025-09-18T12:55:59","guid":{"rendered":"https:\/\/elglobal.do\/?p=2362"},"modified":"2025-09-18T08:56:02","modified_gmt":"2025-09-18T12:56:02","slug":"el-ministro-chino-de-defensa-asegura-que-taiwan-pertenece-incuestionablemente-a-china","status":"publish","type":"post","link":"https:\/\/elglobal.do\/index.php\/2025\/09\/18\/el-ministro-chino-de-defensa-asegura-que-taiwan-pertenece-incuestionablemente-a-china\/","title":{"rendered":"El ministro chino de Defensa asegura que Taiw\u00e1n pertenece \u00abincuestionablemente\u00bb a China"},"content":{"rendered":"\n<figure class=\"wp-block-image size-full\"><img loading=\"lazy\" decoding=\"async\" width=\"896\" height=\"504\" src=\"https:\/\/elglobal.do\/wp-content\/uploads\/2025\/09\/image-107.png\" alt=\"\" class=\"wp-image-2363\" srcset=\"https:\/\/elglobal.do\/wp-content\/uploads\/2025\/09\/image-107.png 896w, https:\/\/elglobal.do\/wp-content\/uploads\/2025\/09\/image-107-300x169.png 300w, https:\/\/elglobal.do\/wp-content\/uploads\/2025\/09\/image-107-768x432.png 768w\" sizes=\"auto, (max-width: 896px) 100vw, 896px\" \/><\/figure>\n\n\n\n<p>China.-El&nbsp;<strong>ministro de Defensa de China<\/strong>, Dong Jun, declar\u00f3 este jueves que \u00abla pertenencia hist\u00f3rica y legal de&nbsp;<strong>Taiw\u00e1n a China<\/strong>&nbsp;es incuestionable\u00bb, durante el Foro Xiangshan de&nbsp;<strong>Pek\u00edn<\/strong>, el principal evento diplom\u00e1tico militar anual del gigante asi\u00e1tico.<\/p>\n\n\n\n<p>Dong asever\u00f3 ante delegados de Defensa de numerosos pa\u00edses que el&nbsp;<strong>Ej\u00e9rcito Popular de Liberaci\u00f3n<\/strong>&nbsp;(<strong>EPL<\/strong>, Ej\u00e9rcito chino) \u00abnunca permitir\u00e1 que triunfe ning\u00fan&nbsp;<strong>intento secesionista<\/strong>\u00bb en&nbsp;<strong>Taiw\u00e1n<\/strong>.<\/p>\n\n\n\n<p>El titular chino de Defensa a\u00f1adi\u00f3 que el&nbsp;<strong>EPL<\/strong>&nbsp;\u00absiempre ha sido una&nbsp;<strong>fuerza invencible<\/strong>&nbsp;y poderosa en la&nbsp;<strong>defensa de la unidad<\/strong>&nbsp;de la patria\u00bb.<\/p>\n\n\n\n<p>Dong indic\u00f3 adem\u00e1s durante la inauguraci\u00f3n de la primera sesi\u00f3n plenaria del foro que el gigante asi\u00e1tico est\u00e1 \u00ablisto para frustrar cualquier&nbsp;<strong>interferencia militar externa<\/strong>\u00ab, en velada referencia a&nbsp;<strong>Estados Unidos<\/strong>, principal suministrador de armas de la isla y que podr\u00eda defenderla en caso de un&nbsp;<strong>ataque chino<\/strong>.<\/p>\n\n\n\n<p>Las autoridades de\u00a0<strong>Pek\u00edn<\/strong>\u00a0consideran a\u00a0<strong>Taiw\u00e1n<\/strong>\u00a0como una \u00ab<strong>parte inalienable<\/strong>\u00bb del territorio chino y no han descartado el\u00a0<strong>uso de la fuerza<\/strong>\u00a0para concretar la \u00abreunificaci\u00f3n\u00bb de la isla y el continente, uno de los objetivos a largo plazo trazados por el presidente chino, Xi Jinping, tras su llegada al poder en 2012.<\/p>\n\n\n\n<p><strong>China\u00a0presiona a\u00a0Taiw\u00e1n<\/strong><\/p>\n\n\n\n<p>En este contexto,&nbsp;<strong>China<\/strong>&nbsp;ha intensificado su campa\u00f1a de&nbsp;<strong>presi\u00f3n militar contra Taiw\u00e1n<\/strong>&nbsp;en los \u00faltimos a\u00f1os, organizando&nbsp;<strong>maniobras b\u00e9licas<\/strong>&nbsp;en las inmediaciones de este territorio con cada vez m\u00e1s frecuencia e incrementando las&nbsp;<strong>incursiones de sus aeronaves<\/strong>&nbsp;de combate m\u00e1s all\u00e1 de la l\u00ednea media del Estrecho.<\/p>\n\n\n\n<ul class=\"wp-block-list\">\n<li><strong>Pek\u00edn<\/strong>\u00a0celebra esta semana el\u00a0<strong>Foro de Xiangshan<\/strong>, principal cita anual de\u00a0<strong>diplomacia militar china<\/strong>, con delegaciones de\u00a0<strong>m\u00e1s de un centenar de pa\u00edses<\/strong>, entre ellos Rusia, Francia, Vietnam, Singapur, Nigeria y Brasil, y organismos internacionales.<\/li>\n<\/ul>\n\n\n\n<p>Bajo el lema &#8216;Mantener el&nbsp;<strong>orden internacional<\/strong>&nbsp;y promover el&nbsp;<strong>desarrollo pac\u00edfico<\/strong>&#8216;, el programa se extiende&nbsp;<strong>hasta este viernes<\/strong>.<\/p>\n\n\n\n<p>La agenda aborda seguridad global, relaciones entre grandes potencias,&nbsp;<strong>Asia-Pac\u00edfico<\/strong>, soluci\u00f3n pol\u00edtica de conflictos, control de armamentos, nuevas tecnolog\u00edas y evoluci\u00f3n de la guerra, en un a\u00f1o marcado por los 80 a\u00f1os del final de la Segunda Guerra Mundial y de la fundaci\u00f3n de la ONU.<\/p>\n\n\n\n<p>El foro llega dos semanas despu\u00e9s del&nbsp;<strong>desfile del 3 de septiembre<\/strong>&nbsp;en&nbsp;<strong>Pek\u00edn<\/strong>, donde el&nbsp;<strong>EPL<\/strong>&nbsp;exhibi\u00f3&nbsp;<strong>armas hipers\u00f3nicas<\/strong>,&nbsp;<strong>drones y misiles bal\u00edsticos<\/strong>&nbsp;intercontinentales.<\/p>\n\n\n\n<p>En paralelo, el Ej\u00e9rcito chino atraviesa turbulencias internas: la\u00a0<strong>Fuerza de Cohetes<\/strong>\u00a0suspendi\u00f3 recientemente a numerosos expertos y proveedores por\u00a0<strong>irregularidades en contrataciones<\/strong>, mientras que la Comisi\u00f3n Militar Central (m\u00e1ximo \u00f3rgano dirigente castrense) difundi\u00f3 en julio directrices para reforzar disciplina e integridad tras esc\u00e1ndalos de corrupci\u00f3n que salpicaron a dos exministros de Defensa.\u00a0<\/p>\n\n\n\n<p><\/p>\n","protected":false},"excerpt":{"rendered":"<p>China.-El&nbsp;ministro de Defensa de China, Dong Jun, declar\u00f3 este jueves que \u00abla pertenencia hist\u00f3rica y legal de&nbsp;Taiw\u00e1n a China&nbsp;es incuestionable\u00bb, durante el Foro Xiangshan de&nbsp;Pek\u00edn, el principal evento diplom\u00e1tico militar&hellip; <\/p>\n","protected":false},"author":1,"featured_media":2363,"comment_status":"open","ping_status":"open","sticky":false,"template":"","format":"standard","meta":{"_jetpack_memberships_contains_paid_content":false,"footnotes":""},"categories":[1],"tags":[911,1242,1243,1241,1240],"class_list":["post-2362","post","type-post","status-publish","format-standard","has-post-thumbnail","hentry","category-categoria-internacionales","tag-china","tag-ejercito","tag-epl","tag-pekin","tag-taiwan"],"yoast_head":"<!-- This site is optimized with the Yoast SEO plugin v26.9 - https:\/\/yoast.com\/product\/yoast-seo-wordpress\/ -->\n<title>El ministro chino de Defensa asegura que Taiw\u00e1n pertenece &quot;incuestionablemente&quot; a China - EL GLOBAL INFORMATIVO<\/title>\n<meta name=\"robots\" content=\"index, follow, max-snippet:-1, max-image-preview:large, max-video-preview:-1\" \/>\n<link rel=\"canonical\" href=\"https:\/\/elglobal.do\/index.php\/2025\/09\/18\/el-ministro-chino-de-defensa-asegura-que-taiwan-pertenece-incuestionablemente-a-china\/\" \/>\n<meta property=\"og:locale\" content=\"es_ES\" \/>\n<meta property=\"og:type\" content=\"article\" \/>\n<meta property=\"og:title\" content=\"El ministro chino de Defensa asegura que Taiw\u00e1n pertenece &quot;incuestionablemente&quot; a China - EL GLOBAL INFORMATIVO\" \/>\n<meta property=\"og:description\" content=\"China.-El&nbsp;ministro de Defensa de China, Dong Jun, declar\u00f3 este jueves que \u00abla pertenencia hist\u00f3rica y legal de&nbsp;Taiw\u00e1n a China&nbsp;es incuestionable\u00bb, durante el Foro Xiangshan de&nbsp;Pek\u00edn, el principal evento diplom\u00e1tico militar&hellip;\" \/>\n<meta property=\"og:url\" content=\"https:\/\/elglobal.do\/index.php\/2025\/09\/18\/el-ministro-chino-de-defensa-asegura-que-taiwan-pertenece-incuestionablemente-a-china\/\" \/>\n<meta property=\"og:site_name\" content=\"EL GLOBAL INFORMATIVO\" \/>\n<meta property=\"article:published_time\" content=\"2025-09-18T12:55:59+00:00\" \/>\n<meta property=\"article:modified_time\" content=\"2025-09-18T12:56:02+00:00\" \/>\n<meta property=\"og:image\" content=\"https:\/\/elglobal.do\/wp-content\/uploads\/2025\/09\/image-107.png\" \/>\n\t<meta property=\"og:image:width\" content=\"896\" \/>\n\t<meta property=\"og:image:height\" content=\"504\" \/>\n\t<meta property=\"og:image:type\" content=\"image\/png\" \/>\n<meta name=\"author\" content=\"EL GLOBAL\" \/>\n<meta name=\"twitter:card\" content=\"summary_large_image\" \/>\n<meta name=\"twitter:label1\" content=\"Escrito por\" \/>\n\t<meta name=\"twitter:data1\" content=\"EL GLOBAL\" \/>\n\t<meta name=\"twitter:label2\" content=\"Tiempo de lectura\" \/>\n\t<meta name=\"twitter:data2\" content=\"3 minutos\" \/>\n<script type=\"application\/ld+json\" class=\"yoast-schema-graph\">{\"@context\":\"https:\/\/schema.org\",\"@graph\":[{\"@type\":\"Article\",\"@id\":\"https:\/\/elglobal.do\/index.php\/2025\/09\/18\/el-ministro-chino-de-defensa-asegura-que-taiwan-pertenece-incuestionablemente-a-china\/#article\",\"isPartOf\":{\"@id\":\"https:\/\/elglobal.do\/index.php\/2025\/09\/18\/el-ministro-chino-de-defensa-asegura-que-taiwan-pertenece-incuestionablemente-a-china\/\"},\"author\":{\"name\":\"EL GLOBAL\",\"@id\":\"https:\/\/elglobal.do\/#\/schema\/person\/0c97ec2c7714fb605d230c292f64d55f\"},\"headline\":\"El ministro chino de Defensa asegura que Taiw\u00e1n pertenece \u00abincuestionablemente\u00bb a China\",\"datePublished\":\"2025-09-18T12:55:59+00:00\",\"dateModified\":\"2025-09-18T12:56:02+00:00\",\"mainEntityOfPage\":{\"@id\":\"https:\/\/elglobal.do\/index.php\/2025\/09\/18\/el-ministro-chino-de-defensa-asegura-que-taiwan-pertenece-incuestionablemente-a-china\/\"},\"wordCount\":523,\"commentCount\":0,\"publisher\":{\"@id\":\"https:\/\/elglobal.do\/#organization\"},\"image\":{\"@id\":\"https:\/\/elglobal.do\/index.php\/2025\/09\/18\/el-ministro-chino-de-defensa-asegura-que-taiwan-pertenece-incuestionablemente-a-china\/#primaryimage\"},\"thumbnailUrl\":\"https:\/\/elglobal.do\/wp-content\/uploads\/2025\/09\/image-107.png\",\"keywords\":[\"#China\",\"#Ej\u00e9rcito\",\"#EPL\",\"#Pek\u00edn\",\"#Taiw\u00e1n\"],\"articleSection\":[\"INTERNACIONALES\"],\"inLanguage\":\"es\",\"potentialAction\":[{\"@type\":\"CommentAction\",\"name\":\"Comment\",\"target\":[\"https:\/\/elglobal.do\/index.php\/2025\/09\/18\/el-ministro-chino-de-defensa-asegura-que-taiwan-pertenece-incuestionablemente-a-china\/#respond\"]}]},{\"@type\":\"WebPage\",\"@id\":\"https:\/\/elglobal.do\/index.php\/2025\/09\/18\/el-ministro-chino-de-defensa-asegura-que-taiwan-pertenece-incuestionablemente-a-china\/\",\"url\":\"https:\/\/elglobal.do\/index.php\/2025\/09\/18\/el-ministro-chino-de-defensa-asegura-que-taiwan-pertenece-incuestionablemente-a-china\/\",\"name\":\"El ministro chino de Defensa asegura que Taiw\u00e1n pertenece \\\"incuestionablemente\\\" a China - EL GLOBAL INFORMATIVO\",\"isPartOf\":{\"@id\":\"https:\/\/elglobal.do\/#website\"},\"primaryImageOfPage\":{\"@id\":\"https:\/\/elglobal.do\/index.php\/2025\/09\/18\/el-ministro-chino-de-defensa-asegura-que-taiwan-pertenece-incuestionablemente-a-china\/#primaryimage\"},\"image\":{\"@id\":\"https:\/\/elglobal.do\/index.php\/2025\/09\/18\/el-ministro-chino-de-defensa-asegura-que-taiwan-pertenece-incuestionablemente-a-china\/#primaryimage\"},\"thumbnailUrl\":\"https:\/\/elglobal.do\/wp-content\/uploads\/2025\/09\/image-107.png\",\"datePublished\":\"2025-09-18T12:55:59+00:00\",\"dateModified\":\"2025-09-18T12:56:02+00:00\",\"breadcrumb\":{\"@id\":\"https:\/\/elglobal.do\/index.php\/2025\/09\/18\/el-ministro-chino-de-defensa-asegura-que-taiwan-pertenece-incuestionablemente-a-china\/#breadcrumb\"},\"inLanguage\":\"es\",\"potentialAction\":[{\"@type\":\"ReadAction\",\"target\":[\"https:\/\/elglobal.do\/index.php\/2025\/09\/18\/el-ministro-chino-de-defensa-asegura-que-taiwan-pertenece-incuestionablemente-a-china\/\"]}]},{\"@type\":\"ImageObject\",\"inLanguage\":\"es\",\"@id\":\"https:\/\/elglobal.do\/index.php\/2025\/09\/18\/el-ministro-chino-de-defensa-asegura-que-taiwan-pertenece-incuestionablemente-a-china\/#primaryimage\",\"url\":\"https:\/\/elglobal.do\/wp-content\/uploads\/2025\/09\/image-107.png\",\"contentUrl\":\"https:\/\/elglobal.do\/wp-content\/uploads\/2025\/09\/image-107.png\",\"width\":896,\"height\":504},{\"@type\":\"BreadcrumbList\",\"@id\":\"https:\/\/elglobal.do\/index.php\/2025\/09\/18\/el-ministro-chino-de-defensa-asegura-que-taiwan-pertenece-incuestionablemente-a-china\/#breadcrumb\",\"itemListElement\":[{\"@type\":\"ListItem\",\"position\":1,\"name\":\"Portada\",\"item\":\"https:\/\/elglobal.do\/\"},{\"@type\":\"ListItem\",\"position\":2,\"name\":\"El ministro chino de Defensa asegura que Taiw\u00e1n pertenece \u00abincuestionablemente\u00bb a China\"}]},{\"@type\":\"WebSite\",\"@id\":\"https:\/\/elglobal.do\/#website\",\"url\":\"https:\/\/elglobal.do\/\",\"name\":\"EL GLOBAL INFORMATIVO\",\"description\":\"Peri\u00f3dico digital de la Rep\u00fablica Dominicana que ofrece noticias, novedades, pol\u00edtica y las \u00faltimas actualidades, con informaci\u00f3n veraz y oportuna para mantenerte siempre informad\",\"publisher\":{\"@id\":\"https:\/\/elglobal.do\/#organization\"},\"potentialAction\":[{\"@type\":\"SearchAction\",\"target\":{\"@type\":\"EntryPoint\",\"urlTemplate\":\"https:\/\/elglobal.do\/?s={search_term_string}\"},\"query-input\":{\"@type\":\"PropertyValueSpecification\",\"valueRequired\":true,\"valueName\":\"search_term_string\"}}],\"inLanguage\":\"es\"},{\"@type\":\"Organization\",\"@id\":\"https:\/\/elglobal.do\/#organization\",\"name\":\"EL GLOBAL.DO INFORMATIVO\",\"url\":\"https:\/\/elglobal.do\/\",\"logo\":{\"@type\":\"ImageObject\",\"inLanguage\":\"es\",\"@id\":\"https:\/\/elglobal.do\/#\/schema\/logo\/image\/\",\"url\":\"https:\/\/elglobal.do\/wp-content\/uploads\/2025\/08\/icon.png\",\"contentUrl\":\"https:\/\/elglobal.do\/wp-content\/uploads\/2025\/08\/icon.png\",\"width\":512,\"height\":512,\"caption\":\"EL GLOBAL.DO INFORMATIVO\"},\"image\":{\"@id\":\"https:\/\/elglobal.do\/#\/schema\/logo\/image\/\"}},{\"@type\":\"Person\",\"@id\":\"https:\/\/elglobal.do\/#\/schema\/person\/0c97ec2c7714fb605d230c292f64d55f\",\"name\":\"EL GLOBAL\",\"image\":{\"@type\":\"ImageObject\",\"inLanguage\":\"es\",\"@id\":\"https:\/\/elglobal.do\/#\/schema\/person\/image\/\",\"url\":\"https:\/\/secure.gravatar.com\/avatar\/081cfb6cf99faddc6f4e23a0c11ab98c5cf302925382d1c88dc3ed757ab910a3?s=96&d=mm&r=g\",\"contentUrl\":\"https:\/\/secure.gravatar.com\/avatar\/081cfb6cf99faddc6f4e23a0c11ab98c5cf302925382d1c88dc3ed757ab910a3?s=96&d=mm&r=g\",\"caption\":\"EL GLOBAL\"},\"description\":\"El Global Informativo es un peri\u00f3dico digital de Rep\u00fablica Dominicana que se dedica a cubrir temas importantes, como la pol\u00edtica local, geopol\u00edtica, econom\u00eda, tecnolog\u00eda, noticias internacionales y eventos relacionados con la gesti\u00f3n social, cultural y humana. Su objetivo principal es mantener a la poblaci\u00f3n informada, ofreciendo una visi\u00f3n amplia y actualizada de lo que sucede tanto en el pa\u00eds como en el mundo. Est\u00e1 dirigido por un grupo de periodistas experimentados, lo que garantiza la calidad y la precisi\u00f3n de la informaci\u00f3n que ofrecen. Tiene su sede en la ciudad de Santo Domingo y es parte integral del portafolio de la empresa, MC Global S.R.L.\",\"sameAs\":[\"https:\/\/elglobal.do\",\"https:\/\/www.instagram.com\/elglobal.do_informativo\/\"],\"url\":\"https:\/\/elglobal.do\/index.php\/author\/elglobaluserpro\/\"}]}<\/script>\n<!-- \/ Yoast SEO plugin. -->","yoast_head_json":{"title":"El ministro chino de Defensa asegura que Taiw\u00e1n pertenece \"incuestionablemente\" a China - EL GLOBAL INFORMATIVO","robots":{"index":"index","follow":"follow","max-snippet":"max-snippet:-1","max-image-preview":"max-image-preview:large","max-video-preview":"max-video-preview:-1"},"canonical":"https:\/\/elglobal.do\/index.php\/2025\/09\/18\/el-ministro-chino-de-defensa-asegura-que-taiwan-pertenece-incuestionablemente-a-china\/","og_locale":"es_ES","og_type":"article","og_title":"El ministro chino de Defensa asegura que Taiw\u00e1n pertenece \"incuestionablemente\" a China - EL GLOBAL INFORMATIVO","og_description":"China.-El&nbsp;ministro de Defensa de China, Dong Jun, declar\u00f3 este jueves que \u00abla pertenencia hist\u00f3rica y legal de&nbsp;Taiw\u00e1n a China&nbsp;es incuestionable\u00bb, durante el Foro Xiangshan de&nbsp;Pek\u00edn, el principal evento diplom\u00e1tico militar&hellip;","og_url":"https:\/\/elglobal.do\/index.php\/2025\/09\/18\/el-ministro-chino-de-defensa-asegura-que-taiwan-pertenece-incuestionablemente-a-china\/","og_site_name":"EL GLOBAL INFORMATIVO","article_published_time":"2025-09-18T12:55:59+00:00","article_modified_time":"2025-09-18T12:56:02+00:00","og_image":[{"width":896,"height":504,"url":"https:\/\/elglobal.do\/wp-content\/uploads\/2025\/09\/image-107.png","type":"image\/png"}],"author":"EL GLOBAL","twitter_card":"summary_large_image","twitter_misc":{"Escrito por":"EL GLOBAL","Tiempo de lectura":"3 minutos"},"schema":{"@context":"https:\/\/schema.org","@graph":[{"@type":"Article","@id":"https:\/\/elglobal.do\/index.php\/2025\/09\/18\/el-ministro-chino-de-defensa-asegura-que-taiwan-pertenece-incuestionablemente-a-china\/#article","isPartOf":{"@id":"https:\/\/elglobal.do\/index.php\/2025\/09\/18\/el-ministro-chino-de-defensa-asegura-que-taiwan-pertenece-incuestionablemente-a-china\/"},"author":{"name":"EL GLOBAL","@id":"https:\/\/elglobal.do\/#\/schema\/person\/0c97ec2c7714fb605d230c292f64d55f"},"headline":"El ministro chino de Defensa asegura que Taiw\u00e1n pertenece \u00abincuestionablemente\u00bb a China","datePublished":"2025-09-18T12:55:59+00:00","dateModified":"2025-09-18T12:56:02+00:00","mainEntityOfPage":{"@id":"https:\/\/elglobal.do\/index.php\/2025\/09\/18\/el-ministro-chino-de-defensa-asegura-que-taiwan-pertenece-incuestionablemente-a-china\/"},"wordCount":523,"commentCount":0,"publisher":{"@id":"https:\/\/elglobal.do\/#organization"},"image":{"@id":"https:\/\/elglobal.do\/index.php\/2025\/09\/18\/el-ministro-chino-de-defensa-asegura-que-taiwan-pertenece-incuestionablemente-a-china\/#primaryimage"},"thumbnailUrl":"https:\/\/elglobal.do\/wp-content\/uploads\/2025\/09\/image-107.png","keywords":["#China","#Ej\u00e9rcito","#EPL","#Pek\u00edn","#Taiw\u00e1n"],"articleSection":["INTERNACIONALES"],"inLanguage":"es","potentialAction":[{"@type":"CommentAction","name":"Comment","target":["https:\/\/elglobal.do\/index.php\/2025\/09\/18\/el-ministro-chino-de-defensa-asegura-que-taiwan-pertenece-incuestionablemente-a-china\/#respond"]}]},{"@type":"WebPage","@id":"https:\/\/elglobal.do\/index.php\/2025\/09\/18\/el-ministro-chino-de-defensa-asegura-que-taiwan-pertenece-incuestionablemente-a-china\/","url":"https:\/\/elglobal.do\/index.php\/2025\/09\/18\/el-ministro-chino-de-defensa-asegura-que-taiwan-pertenece-incuestionablemente-a-china\/","name":"El ministro chino de Defensa asegura que Taiw\u00e1n pertenece \"incuestionablemente\" a China - EL GLOBAL INFORMATIVO","isPartOf":{"@id":"https:\/\/elglobal.do\/#website"},"primaryImageOfPage":{"@id":"https:\/\/elglobal.do\/index.php\/2025\/09\/18\/el-ministro-chino-de-defensa-asegura-que-taiwan-pertenece-incuestionablemente-a-china\/#primaryimage"},"image":{"@id":"https:\/\/elglobal.do\/index.php\/2025\/09\/18\/el-ministro-chino-de-defensa-asegura-que-taiwan-pertenece-incuestionablemente-a-china\/#primaryimage"},"thumbnailUrl":"https:\/\/elglobal.do\/wp-content\/uploads\/2025\/09\/image-107.png","datePublished":"2025-09-18T12:55:59+00:00","dateModified":"2025-09-18T12:56:02+00:00","breadcrumb":{"@id":"https:\/\/elglobal.do\/index.php\/2025\/09\/18\/el-ministro-chino-de-defensa-asegura-que-taiwan-pertenece-incuestionablemente-a-china\/#breadcrumb"},"inLanguage":"es","potentialAction":[{"@type":"ReadAction","target":["https:\/\/elglobal.do\/index.php\/2025\/09\/18\/el-ministro-chino-de-defensa-asegura-que-taiwan-pertenece-incuestionablemente-a-china\/"]}]},{"@type":"ImageObject","inLanguage":"es","@id":"https:\/\/elglobal.do\/index.php\/2025\/09\/18\/el-ministro-chino-de-defensa-asegura-que-taiwan-pertenece-incuestionablemente-a-china\/#primaryimage","url":"https:\/\/elglobal.do\/wp-content\/uploads\/2025\/09\/image-107.png","contentUrl":"https:\/\/elglobal.do\/wp-content\/uploads\/2025\/09\/image-107.png","width":896,"height":504},{"@type":"BreadcrumbList","@id":"https:\/\/elglobal.do\/index.php\/2025\/09\/18\/el-ministro-chino-de-defensa-asegura-que-taiwan-pertenece-incuestionablemente-a-china\/#breadcrumb","itemListElement":[{"@type":"ListItem","position":1,"name":"Portada","item":"https:\/\/elglobal.do\/"},{"@type":"ListItem","position":2,"name":"El ministro chino de Defensa asegura que Taiw\u00e1n pertenece \u00abincuestionablemente\u00bb a China"}]},{"@type":"WebSite","@id":"https:\/\/elglobal.do\/#website","url":"https:\/\/elglobal.do\/","name":"EL GLOBAL INFORMATIVO","description":"Peri\u00f3dico digital de la Rep\u00fablica Dominicana que ofrece noticias, novedades, pol\u00edtica y las \u00faltimas actualidades, con informaci\u00f3n veraz y oportuna para mantenerte siempre informad","publisher":{"@id":"https:\/\/elglobal.do\/#organization"},"potentialAction":[{"@type":"SearchAction","target":{"@type":"EntryPoint","urlTemplate":"https:\/\/elglobal.do\/?s={search_term_string}"},"query-input":{"@type":"PropertyValueSpecification","valueRequired":true,"valueName":"search_term_string"}}],"inLanguage":"es"},{"@type":"Organization","@id":"https:\/\/elglobal.do\/#organization","name":"EL GLOBAL.DO INFORMATIVO","url":"https:\/\/elglobal.do\/","logo":{"@type":"ImageObject","inLanguage":"es","@id":"https:\/\/elglobal.do\/#\/schema\/logo\/image\/","url":"https:\/\/elglobal.do\/wp-content\/uploads\/2025\/08\/icon.png","contentUrl":"https:\/\/elglobal.do\/wp-content\/uploads\/2025\/08\/icon.png","width":512,"height":512,"caption":"EL GLOBAL.DO INFORMATIVO"},"image":{"@id":"https:\/\/elglobal.do\/#\/schema\/logo\/image\/"}},{"@type":"Person","@id":"https:\/\/elglobal.do\/#\/schema\/person\/0c97ec2c7714fb605d230c292f64d55f","name":"EL GLOBAL","image":{"@type":"ImageObject","inLanguage":"es","@id":"https:\/\/elglobal.do\/#\/schema\/person\/image\/","url":"https:\/\/secure.gravatar.com\/avatar\/081cfb6cf99faddc6f4e23a0c11ab98c5cf302925382d1c88dc3ed757ab910a3?s=96&d=mm&r=g","contentUrl":"https:\/\/secure.gravatar.com\/avatar\/081cfb6cf99faddc6f4e23a0c11ab98c5cf302925382d1c88dc3ed757ab910a3?s=96&d=mm&r=g","caption":"EL GLOBAL"},"description":"El Global Informativo es un peri\u00f3dico digital de Rep\u00fablica Dominicana que se dedica a cubrir temas importantes, como la pol\u00edtica local, geopol\u00edtica, econom\u00eda, tecnolog\u00eda, noticias internacionales y eventos relacionados con la gesti\u00f3n social, cultural y humana. Su objetivo principal es mantener a la poblaci\u00f3n informada, ofreciendo una visi\u00f3n amplia y actualizada de lo que sucede tanto en el pa\u00eds como en el mundo. Est\u00e1 dirigido por un grupo de periodistas experimentados, lo que garantiza la calidad y la precisi\u00f3n de la informaci\u00f3n que ofrecen. Tiene su sede en la ciudad de Santo Domingo y es parte integral del portafolio de la empresa, MC Global S.R.L.","sameAs":["https:\/\/elglobal.do","https:\/\/www.instagram.com\/elglobal.do_informativo\/"],"url":"https:\/\/elglobal.do\/index.php\/author\/elglobaluserpro\/"}]}},"jetpack_featured_media_url":"https:\/\/elglobal.do\/wp-content\/uploads\/2025\/09\/image-107.png","jetpack_sharing_enabled":true,"_links":{"self":[{"href":"https:\/\/elglobal.do\/index.php\/wp-json\/wp\/v2\/posts\/2362","targetHints":{"allow":["GET"]}}],"collection":[{"href":"https:\/\/elglobal.do\/index.php\/wp-json\/wp\/v2\/posts"}],"about":[{"href":"https:\/\/elglobal.do\/index.php\/wp-json\/wp\/v2\/types\/post"}],"author":[{"embeddable":true,"href":"https:\/\/elglobal.do\/index.php\/wp-json\/wp\/v2\/users\/1"}],"replies":[{"embeddable":true,"href":"https:\/\/elglobal.do\/index.php\/wp-json\/wp\/v2\/comments?post=2362"}],"version-history":[{"count":1,"href":"https:\/\/elglobal.do\/index.php\/wp-json\/wp\/v2\/posts\/2362\/revisions"}],"predecessor-version":[{"id":2364,"href":"https:\/\/elglobal.do\/index.php\/wp-json\/wp\/v2\/posts\/2362\/revisions\/2364"}],"wp:featuredmedia":[{"embeddable":true,"href":"https:\/\/elglobal.do\/index.php\/wp-json\/wp\/v2\/media\/2363"}],"wp:attachment":[{"href":"https:\/\/elglobal.do\/index.php\/wp-json\/wp\/v2\/media?parent=2362"}],"wp:term":[{"taxonomy":"category","embeddable":true,"href":"https:\/\/elglobal.do\/index.php\/wp-json\/wp\/v2\/categories?post=2362"},{"taxonomy":"post_tag","embeddable":true,"href":"https:\/\/elglobal.do\/index.php\/wp-json\/wp\/v2\/tags?post=2362"}],"curies":[{"name":"wp","href":"https:\/\/api.w.org\/{rel}","templated":true}]}}