{"id":2401,"date":"2025-09-19T11:26:18","date_gmt":"2025-09-19T15:26:18","guid":{"rendered":"https:\/\/elglobal.do\/?p=2401"},"modified":"2025-09-19T11:43:04","modified_gmt":"2025-09-19T15:43:04","slug":"indignacion-en-la-onu-por-el-veto-al-cese-el-fuego-en-gaza","status":"publish","type":"post","link":"https:\/\/elglobal.do\/index.php\/2025\/09\/19\/indignacion-en-la-onu-por-el-veto-al-cese-el-fuego-en-gaza\/","title":{"rendered":"Indignaci\u00f3n en la ONU por el veto al cese el fuego en Gaza"},"content":{"rendered":"\n<figure class=\"wp-block-image size-full is-resized\"><img loading=\"lazy\" decoding=\"async\" width=\"800\" height=\"533\" src=\"https:\/\/elglobal.do\/wp-content\/uploads\/2025\/09\/image-115.png\" alt=\"\" class=\"wp-image-2402\" style=\"width:674px;height:auto\" srcset=\"https:\/\/elglobal.do\/wp-content\/uploads\/2025\/09\/image-115.png 800w, https:\/\/elglobal.do\/wp-content\/uploads\/2025\/09\/image-115-300x200.png 300w, https:\/\/elglobal.do\/wp-content\/uploads\/2025\/09\/image-115-768x512.png 768w\" sizes=\"auto, (max-width: 800px) 100vw, 800px\" \/><\/figure>\n\n\n\n<p><strong>Estados Unidos.<\/strong>-Estados Unidos volvi\u00f3 a vetar este jueves en el Consejo de Seguridad de la ONU un llamado al cese el fuego en Gaza, lo que gener\u00f3 indignaci\u00f3n entre los Estados miembros que no quieren renunciar a influir en la guerra entre Israel y Ham\u00e1s.<\/p>\n\n\n\n<p>Los otros 14 miembros del Consejo respaldaron la resoluci\u00f3n, iniciada en agosto en respuesta a la declaraci\u00f3n oficial de hambruna de la ONU tras casi dos a\u00f1os de guerra en territorio palestino.<\/p>\n\n\n\n<p>\u00abEstados Unidos rechaza esta resoluci\u00f3n inaceptable. Ya es m\u00e1s que hora de que Ham\u00e1s libere a cada uno de los rehenes y se rinda inmediatamente. Estados Unidos continuar\u00e1 trabajando con sus socios para poner fin a este conflicto horrible\u00bb, dijo Morgan Ortagus, enviada de Estados Unidos a la ONU, antes del veto de Washington.<\/p>\n\n\n\n<p>\u00abEsta resoluci\u00f3n no reconoce la realidad sobre el terreno, el hecho de que se ha producido un aumento significativo del flujo de ayuda humanitaria\u00bb, justific\u00f3 Ortagus.<\/p>\n\n\n\n<p>Por su parte, el embajador israel\u00ed, Danny Danon, denunci\u00f3 que el proyecto de texto \u00abno condenaba a Ham\u00e1s\u00bb. Y a\u00f1adi\u00f3: \u00abEsto no es diplomacia, es una capitulaci\u00f3n\u00bb.<\/p>\n\n\n\n<p><strong>Tanques y aviones israel\u00edes<\/strong><\/p>\n\n\n\n<p>La votaci\u00f3n se produjo mientras tanques y aviones israel\u00edes bombardeaban Ciudad de Gaza, objetivo de una nueva e importante ofensiva terrestre, obligando a los palestinos a huir hacia el sur.<\/p>\n\n\n\n<p>El texto de la resoluci\u00f3n exig\u00eda \u00abun alto el fuego inmediato, incondicional y permanente en Gaza, respetado por todas las partes\u00bb, as\u00ed como la liberaci\u00f3n inmediata e incondicional de los rehenes.<\/p>\n\n\n\n<p>Estados Unidos ha rechazado esta propuesta en m\u00faltiples ocasiones, la m\u00e1s reciente en junio, cuando ejerci\u00f3 su veto para respaldar a Israel.<\/p>\n\n\n\n<p>El veto de este jueves provoc\u00f3 la ira de los Estados miembros que no quieren renunciar a influir en este asunto a pesar de los repetidos vetos estadounidenses.<\/p>\n\n\n\n<p>Es un \u00abmomento oscuro\u00bb para este Consejo, lament\u00f3 el embajador paquistan\u00ed Asim Iftikhar Ahmad. \u00abEl mundo est\u00e1 mirando. El llanto de los ni\u00f1os deber\u00eda partirnos el coraz\u00f3n, la angustia de las madres deber\u00eda sacudir nuestra conciencia\u00bb, a\u00f1adi\u00f3.<\/p>\n\n\n\n<p>\u00abPerd\u00f3nennos porque este Consejo no ha podido salvar a sus hijos\u00bb, dijo por su parte el embajador de Argelia, Amar Bendjama, dirigi\u00e9ndose a la poblaci\u00f3n de Gaza. \u00abPerd\u00f3nennos porque el mundo habla de derechos, pero niega los suyos, los de ustedes, palestinos\u00bb.<\/p>\n\n\n\n<p><\/p>\n","protected":false},"excerpt":{"rendered":"<p>Estados Unidos.-Estados Unidos volvi\u00f3 a vetar este jueves en el Consejo de Seguridad de la ONU un llamado al cese el fuego en Gaza, lo que gener\u00f3 indignaci\u00f3n entre los&hellip; <\/p>\n","protected":false},"author":1,"featured_media":2402,"comment_status":"open","ping_status":"open","sticky":false,"template":"","format":"standard","meta":{"_jetpack_memberships_contains_paid_content":false,"footnotes":""},"categories":[1,14],"tags":[438,651,677,792],"class_list":["post-2401","post","type-post","status-publish","format-standard","has-post-thumbnail","hentry","category-categoria-internacionales","category-slider","tag-ee-uu-3","tag-gaza","tag-guerra","tag-onu"],"yoast_head":"<!-- This site is optimized with the Yoast SEO plugin v26.9 - https:\/\/yoast.com\/product\/yoast-seo-wordpress\/ -->\n<title>Indignaci\u00f3n en la ONU por el veto al cese el fuego en Gaza - EL GLOBAL INFORMATIVO<\/title>\n<meta name=\"robots\" content=\"index, follow, max-snippet:-1, max-image-preview:large, max-video-preview:-1\" \/>\n<link rel=\"canonical\" href=\"https:\/\/elglobal.do\/index.php\/2025\/09\/19\/indignacion-en-la-onu-por-el-veto-al-cese-el-fuego-en-gaza\/\" \/>\n<meta property=\"og:locale\" content=\"es_ES\" \/>\n<meta property=\"og:type\" content=\"article\" \/>\n<meta property=\"og:title\" content=\"Indignaci\u00f3n en la ONU por el veto al cese el fuego en Gaza - EL GLOBAL INFORMATIVO\" \/>\n<meta property=\"og:description\" content=\"Estados Unidos.-Estados Unidos volvi\u00f3 a vetar este jueves en el Consejo de Seguridad de la ONU un llamado al cese el fuego en Gaza, lo que gener\u00f3 indignaci\u00f3n entre los&hellip;\" \/>\n<meta property=\"og:url\" content=\"https:\/\/elglobal.do\/index.php\/2025\/09\/19\/indignacion-en-la-onu-por-el-veto-al-cese-el-fuego-en-gaza\/\" \/>\n<meta property=\"og:site_name\" content=\"EL GLOBAL INFORMATIVO\" \/>\n<meta property=\"article:published_time\" content=\"2025-09-19T15:26:18+00:00\" \/>\n<meta property=\"article:modified_time\" content=\"2025-09-19T15:43:04+00:00\" \/>\n<meta property=\"og:image\" content=\"https:\/\/elglobal.do\/wp-content\/uploads\/2025\/09\/image-115.png\" \/>\n\t<meta property=\"og:image:width\" content=\"800\" \/>\n\t<meta property=\"og:image:height\" content=\"533\" \/>\n\t<meta property=\"og:image:type\" content=\"image\/png\" \/>\n<meta name=\"author\" content=\"EL GLOBAL\" \/>\n<meta name=\"twitter:card\" content=\"summary_large_image\" \/>\n<meta name=\"twitter:label1\" content=\"Escrito por\" \/>\n\t<meta name=\"twitter:data1\" content=\"EL GLOBAL\" \/>\n\t<meta name=\"twitter:label2\" content=\"Tiempo de lectura\" \/>\n\t<meta name=\"twitter:data2\" content=\"3 minutos\" \/>\n<script type=\"application\/ld+json\" class=\"yoast-schema-graph\">{\"@context\":\"https:\/\/schema.org\",\"@graph\":[{\"@type\":\"Article\",\"@id\":\"https:\/\/elglobal.do\/index.php\/2025\/09\/19\/indignacion-en-la-onu-por-el-veto-al-cese-el-fuego-en-gaza\/#article\",\"isPartOf\":{\"@id\":\"https:\/\/elglobal.do\/index.php\/2025\/09\/19\/indignacion-en-la-onu-por-el-veto-al-cese-el-fuego-en-gaza\/\"},\"author\":{\"name\":\"EL GLOBAL\",\"@id\":\"https:\/\/elglobal.do\/#\/schema\/person\/0c97ec2c7714fb605d230c292f64d55f\"},\"headline\":\"Indignaci\u00f3n en la ONU por el veto al cese el fuego en Gaza\",\"datePublished\":\"2025-09-19T15:26:18+00:00\",\"dateModified\":\"2025-09-19T15:43:04+00:00\",\"mainEntityOfPage\":{\"@id\":\"https:\/\/elglobal.do\/index.php\/2025\/09\/19\/indignacion-en-la-onu-por-el-veto-al-cese-el-fuego-en-gaza\/\"},\"wordCount\":421,\"commentCount\":0,\"publisher\":{\"@id\":\"https:\/\/elglobal.do\/#organization\"},\"image\":{\"@id\":\"https:\/\/elglobal.do\/index.php\/2025\/09\/19\/indignacion-en-la-onu-por-el-veto-al-cese-el-fuego-en-gaza\/#primaryimage\"},\"thumbnailUrl\":\"https:\/\/elglobal.do\/wp-content\/uploads\/2025\/09\/image-115.png\",\"keywords\":[\"#EE.UU.\",\"#Gaza\",\"#guerra\",\"#ONU\"],\"articleSection\":[\"INTERNACIONALES\",\"NOTICIAS RELEVANTES\"],\"inLanguage\":\"es\",\"potentialAction\":[{\"@type\":\"CommentAction\",\"name\":\"Comment\",\"target\":[\"https:\/\/elglobal.do\/index.php\/2025\/09\/19\/indignacion-en-la-onu-por-el-veto-al-cese-el-fuego-en-gaza\/#respond\"]}]},{\"@type\":\"WebPage\",\"@id\":\"https:\/\/elglobal.do\/index.php\/2025\/09\/19\/indignacion-en-la-onu-por-el-veto-al-cese-el-fuego-en-gaza\/\",\"url\":\"https:\/\/elglobal.do\/index.php\/2025\/09\/19\/indignacion-en-la-onu-por-el-veto-al-cese-el-fuego-en-gaza\/\",\"name\":\"Indignaci\u00f3n en la ONU por el veto al cese el fuego en Gaza - EL GLOBAL INFORMATIVO\",\"isPartOf\":{\"@id\":\"https:\/\/elglobal.do\/#website\"},\"primaryImageOfPage\":{\"@id\":\"https:\/\/elglobal.do\/index.php\/2025\/09\/19\/indignacion-en-la-onu-por-el-veto-al-cese-el-fuego-en-gaza\/#primaryimage\"},\"image\":{\"@id\":\"https:\/\/elglobal.do\/index.php\/2025\/09\/19\/indignacion-en-la-onu-por-el-veto-al-cese-el-fuego-en-gaza\/#primaryimage\"},\"thumbnailUrl\":\"https:\/\/elglobal.do\/wp-content\/uploads\/2025\/09\/image-115.png\",\"datePublished\":\"2025-09-19T15:26:18+00:00\",\"dateModified\":\"2025-09-19T15:43:04+00:00\",\"breadcrumb\":{\"@id\":\"https:\/\/elglobal.do\/index.php\/2025\/09\/19\/indignacion-en-la-onu-por-el-veto-al-cese-el-fuego-en-gaza\/#breadcrumb\"},\"inLanguage\":\"es\",\"potentialAction\":[{\"@type\":\"ReadAction\",\"target\":[\"https:\/\/elglobal.do\/index.php\/2025\/09\/19\/indignacion-en-la-onu-por-el-veto-al-cese-el-fuego-en-gaza\/\"]}]},{\"@type\":\"ImageObject\",\"inLanguage\":\"es\",\"@id\":\"https:\/\/elglobal.do\/index.php\/2025\/09\/19\/indignacion-en-la-onu-por-el-veto-al-cese-el-fuego-en-gaza\/#primaryimage\",\"url\":\"https:\/\/elglobal.do\/wp-content\/uploads\/2025\/09\/image-115.png\",\"contentUrl\":\"https:\/\/elglobal.do\/wp-content\/uploads\/2025\/09\/image-115.png\",\"width\":800,\"height\":533},{\"@type\":\"BreadcrumbList\",\"@id\":\"https:\/\/elglobal.do\/index.php\/2025\/09\/19\/indignacion-en-la-onu-por-el-veto-al-cese-el-fuego-en-gaza\/#breadcrumb\",\"itemListElement\":[{\"@type\":\"ListItem\",\"position\":1,\"name\":\"Portada\",\"item\":\"https:\/\/elglobal.do\/\"},{\"@type\":\"ListItem\",\"position\":2,\"name\":\"Indignaci\u00f3n en la ONU por el veto al cese el fuego en Gaza\"}]},{\"@type\":\"WebSite\",\"@id\":\"https:\/\/elglobal.do\/#website\",\"url\":\"https:\/\/elglobal.do\/\",\"name\":\"EL GLOBAL INFORMATIVO\",\"description\":\"Peri\u00f3dico digital de la Rep\u00fablica Dominicana que ofrece noticias, novedades, pol\u00edtica y las \u00faltimas actualidades, con informaci\u00f3n veraz y oportuna para mantenerte siempre informad\",\"publisher\":{\"@id\":\"https:\/\/elglobal.do\/#organization\"},\"potentialAction\":[{\"@type\":\"SearchAction\",\"target\":{\"@type\":\"EntryPoint\",\"urlTemplate\":\"https:\/\/elglobal.do\/?s={search_term_string}\"},\"query-input\":{\"@type\":\"PropertyValueSpecification\",\"valueRequired\":true,\"valueName\":\"search_term_string\"}}],\"inLanguage\":\"es\"},{\"@type\":\"Organization\",\"@id\":\"https:\/\/elglobal.do\/#organization\",\"name\":\"EL GLOBAL.DO INFORMATIVO\",\"url\":\"https:\/\/elglobal.do\/\",\"logo\":{\"@type\":\"ImageObject\",\"inLanguage\":\"es\",\"@id\":\"https:\/\/elglobal.do\/#\/schema\/logo\/image\/\",\"url\":\"https:\/\/elglobal.do\/wp-content\/uploads\/2025\/08\/icon.png\",\"contentUrl\":\"https:\/\/elglobal.do\/wp-content\/uploads\/2025\/08\/icon.png\",\"width\":512,\"height\":512,\"caption\":\"EL GLOBAL.DO INFORMATIVO\"},\"image\":{\"@id\":\"https:\/\/elglobal.do\/#\/schema\/logo\/image\/\"}},{\"@type\":\"Person\",\"@id\":\"https:\/\/elglobal.do\/#\/schema\/person\/0c97ec2c7714fb605d230c292f64d55f\",\"name\":\"EL GLOBAL\",\"image\":{\"@type\":\"ImageObject\",\"inLanguage\":\"es\",\"@id\":\"https:\/\/elglobal.do\/#\/schema\/person\/image\/\",\"url\":\"https:\/\/secure.gravatar.com\/avatar\/081cfb6cf99faddc6f4e23a0c11ab98c5cf302925382d1c88dc3ed757ab910a3?s=96&d=mm&r=g\",\"contentUrl\":\"https:\/\/secure.gravatar.com\/avatar\/081cfb6cf99faddc6f4e23a0c11ab98c5cf302925382d1c88dc3ed757ab910a3?s=96&d=mm&r=g\",\"caption\":\"EL GLOBAL\"},\"description\":\"El Global Informativo es un peri\u00f3dico digital de Rep\u00fablica Dominicana que se dedica a cubrir temas importantes, como la pol\u00edtica local, geopol\u00edtica, econom\u00eda, tecnolog\u00eda, noticias internacionales y eventos relacionados con la gesti\u00f3n social, cultural y humana. Su objetivo principal es mantener a la poblaci\u00f3n informada, ofreciendo una visi\u00f3n amplia y actualizada de lo que sucede tanto en el pa\u00eds como en el mundo. Est\u00e1 dirigido por un grupo de periodistas experimentados, lo que garantiza la calidad y la precisi\u00f3n de la informaci\u00f3n que ofrecen. Tiene su sede en la ciudad de Santo Domingo y es parte integral del portafolio de la empresa, MC Global S.R.L.\",\"sameAs\":[\"https:\/\/elglobal.do\",\"https:\/\/www.instagram.com\/elglobal.do_informativo\/\"],\"url\":\"https:\/\/elglobal.do\/index.php\/author\/elglobaluserpro\/\"}]}<\/script>\n<!-- \/ Yoast SEO plugin. -->","yoast_head_json":{"title":"Indignaci\u00f3n en la ONU por el veto al cese el fuego en Gaza - EL GLOBAL INFORMATIVO","robots":{"index":"index","follow":"follow","max-snippet":"max-snippet:-1","max-image-preview":"max-image-preview:large","max-video-preview":"max-video-preview:-1"},"canonical":"https:\/\/elglobal.do\/index.php\/2025\/09\/19\/indignacion-en-la-onu-por-el-veto-al-cese-el-fuego-en-gaza\/","og_locale":"es_ES","og_type":"article","og_title":"Indignaci\u00f3n en la ONU por el veto al cese el fuego en Gaza - EL GLOBAL INFORMATIVO","og_description":"Estados Unidos.-Estados Unidos volvi\u00f3 a vetar este jueves en el Consejo de Seguridad de la ONU un llamado al cese el fuego en Gaza, lo que gener\u00f3 indignaci\u00f3n entre los&hellip;","og_url":"https:\/\/elglobal.do\/index.php\/2025\/09\/19\/indignacion-en-la-onu-por-el-veto-al-cese-el-fuego-en-gaza\/","og_site_name":"EL GLOBAL INFORMATIVO","article_published_time":"2025-09-19T15:26:18+00:00","article_modified_time":"2025-09-19T15:43:04+00:00","og_image":[{"width":800,"height":533,"url":"https:\/\/elglobal.do\/wp-content\/uploads\/2025\/09\/image-115.png","type":"image\/png"}],"author":"EL GLOBAL","twitter_card":"summary_large_image","twitter_misc":{"Escrito por":"EL GLOBAL","Tiempo de lectura":"3 minutos"},"schema":{"@context":"https:\/\/schema.org","@graph":[{"@type":"Article","@id":"https:\/\/elglobal.do\/index.php\/2025\/09\/19\/indignacion-en-la-onu-por-el-veto-al-cese-el-fuego-en-gaza\/#article","isPartOf":{"@id":"https:\/\/elglobal.do\/index.php\/2025\/09\/19\/indignacion-en-la-onu-por-el-veto-al-cese-el-fuego-en-gaza\/"},"author":{"name":"EL GLOBAL","@id":"https:\/\/elglobal.do\/#\/schema\/person\/0c97ec2c7714fb605d230c292f64d55f"},"headline":"Indignaci\u00f3n en la ONU por el veto al cese el fuego en Gaza","datePublished":"2025-09-19T15:26:18+00:00","dateModified":"2025-09-19T15:43:04+00:00","mainEntityOfPage":{"@id":"https:\/\/elglobal.do\/index.php\/2025\/09\/19\/indignacion-en-la-onu-por-el-veto-al-cese-el-fuego-en-gaza\/"},"wordCount":421,"commentCount":0,"publisher":{"@id":"https:\/\/elglobal.do\/#organization"},"image":{"@id":"https:\/\/elglobal.do\/index.php\/2025\/09\/19\/indignacion-en-la-onu-por-el-veto-al-cese-el-fuego-en-gaza\/#primaryimage"},"thumbnailUrl":"https:\/\/elglobal.do\/wp-content\/uploads\/2025\/09\/image-115.png","keywords":["#EE.UU.","#Gaza","#guerra","#ONU"],"articleSection":["INTERNACIONALES","NOTICIAS RELEVANTES"],"inLanguage":"es","potentialAction":[{"@type":"CommentAction","name":"Comment","target":["https:\/\/elglobal.do\/index.php\/2025\/09\/19\/indignacion-en-la-onu-por-el-veto-al-cese-el-fuego-en-gaza\/#respond"]}]},{"@type":"WebPage","@id":"https:\/\/elglobal.do\/index.php\/2025\/09\/19\/indignacion-en-la-onu-por-el-veto-al-cese-el-fuego-en-gaza\/","url":"https:\/\/elglobal.do\/index.php\/2025\/09\/19\/indignacion-en-la-onu-por-el-veto-al-cese-el-fuego-en-gaza\/","name":"Indignaci\u00f3n en la ONU por el veto al cese el fuego en Gaza - EL GLOBAL INFORMATIVO","isPartOf":{"@id":"https:\/\/elglobal.do\/#website"},"primaryImageOfPage":{"@id":"https:\/\/elglobal.do\/index.php\/2025\/09\/19\/indignacion-en-la-onu-por-el-veto-al-cese-el-fuego-en-gaza\/#primaryimage"},"image":{"@id":"https:\/\/elglobal.do\/index.php\/2025\/09\/19\/indignacion-en-la-onu-por-el-veto-al-cese-el-fuego-en-gaza\/#primaryimage"},"thumbnailUrl":"https:\/\/elglobal.do\/wp-content\/uploads\/2025\/09\/image-115.png","datePublished":"2025-09-19T15:26:18+00:00","dateModified":"2025-09-19T15:43:04+00:00","breadcrumb":{"@id":"https:\/\/elglobal.do\/index.php\/2025\/09\/19\/indignacion-en-la-onu-por-el-veto-al-cese-el-fuego-en-gaza\/#breadcrumb"},"inLanguage":"es","potentialAction":[{"@type":"ReadAction","target":["https:\/\/elglobal.do\/index.php\/2025\/09\/19\/indignacion-en-la-onu-por-el-veto-al-cese-el-fuego-en-gaza\/"]}]},{"@type":"ImageObject","inLanguage":"es","@id":"https:\/\/elglobal.do\/index.php\/2025\/09\/19\/indignacion-en-la-onu-por-el-veto-al-cese-el-fuego-en-gaza\/#primaryimage","url":"https:\/\/elglobal.do\/wp-content\/uploads\/2025\/09\/image-115.png","contentUrl":"https:\/\/elglobal.do\/wp-content\/uploads\/2025\/09\/image-115.png","width":800,"height":533},{"@type":"BreadcrumbList","@id":"https:\/\/elglobal.do\/index.php\/2025\/09\/19\/indignacion-en-la-onu-por-el-veto-al-cese-el-fuego-en-gaza\/#breadcrumb","itemListElement":[{"@type":"ListItem","position":1,"name":"Portada","item":"https:\/\/elglobal.do\/"},{"@type":"ListItem","position":2,"name":"Indignaci\u00f3n en la ONU por el veto al cese el fuego en Gaza"}]},{"@type":"WebSite","@id":"https:\/\/elglobal.do\/#website","url":"https:\/\/elglobal.do\/","name":"EL GLOBAL INFORMATIVO","description":"Peri\u00f3dico digital de la Rep\u00fablica Dominicana que ofrece noticias, novedades, pol\u00edtica y las \u00faltimas actualidades, con informaci\u00f3n veraz y oportuna para mantenerte siempre informad","publisher":{"@id":"https:\/\/elglobal.do\/#organization"},"potentialAction":[{"@type":"SearchAction","target":{"@type":"EntryPoint","urlTemplate":"https:\/\/elglobal.do\/?s={search_term_string}"},"query-input":{"@type":"PropertyValueSpecification","valueRequired":true,"valueName":"search_term_string"}}],"inLanguage":"es"},{"@type":"Organization","@id":"https:\/\/elglobal.do\/#organization","name":"EL GLOBAL.DO INFORMATIVO","url":"https:\/\/elglobal.do\/","logo":{"@type":"ImageObject","inLanguage":"es","@id":"https:\/\/elglobal.do\/#\/schema\/logo\/image\/","url":"https:\/\/elglobal.do\/wp-content\/uploads\/2025\/08\/icon.png","contentUrl":"https:\/\/elglobal.do\/wp-content\/uploads\/2025\/08\/icon.png","width":512,"height":512,"caption":"EL GLOBAL.DO INFORMATIVO"},"image":{"@id":"https:\/\/elglobal.do\/#\/schema\/logo\/image\/"}},{"@type":"Person","@id":"https:\/\/elglobal.do\/#\/schema\/person\/0c97ec2c7714fb605d230c292f64d55f","name":"EL GLOBAL","image":{"@type":"ImageObject","inLanguage":"es","@id":"https:\/\/elglobal.do\/#\/schema\/person\/image\/","url":"https:\/\/secure.gravatar.com\/avatar\/081cfb6cf99faddc6f4e23a0c11ab98c5cf302925382d1c88dc3ed757ab910a3?s=96&d=mm&r=g","contentUrl":"https:\/\/secure.gravatar.com\/avatar\/081cfb6cf99faddc6f4e23a0c11ab98c5cf302925382d1c88dc3ed757ab910a3?s=96&d=mm&r=g","caption":"EL GLOBAL"},"description":"El Global Informativo es un peri\u00f3dico digital de Rep\u00fablica Dominicana que se dedica a cubrir temas importantes, como la pol\u00edtica local, geopol\u00edtica, econom\u00eda, tecnolog\u00eda, noticias internacionales y eventos relacionados con la gesti\u00f3n social, cultural y humana. Su objetivo principal es mantener a la poblaci\u00f3n informada, ofreciendo una visi\u00f3n amplia y actualizada de lo que sucede tanto en el pa\u00eds como en el mundo. Est\u00e1 dirigido por un grupo de periodistas experimentados, lo que garantiza la calidad y la precisi\u00f3n de la informaci\u00f3n que ofrecen. Tiene su sede en la ciudad de Santo Domingo y es parte integral del portafolio de la empresa, MC Global S.R.L.","sameAs":["https:\/\/elglobal.do","https:\/\/www.instagram.com\/elglobal.do_informativo\/"],"url":"https:\/\/elglobal.do\/index.php\/author\/elglobaluserpro\/"}]}},"jetpack_featured_media_url":"https:\/\/elglobal.do\/wp-content\/uploads\/2025\/09\/image-115.png","jetpack_sharing_enabled":true,"_links":{"self":[{"href":"https:\/\/elglobal.do\/index.php\/wp-json\/wp\/v2\/posts\/2401","targetHints":{"allow":["GET"]}}],"collection":[{"href":"https:\/\/elglobal.do\/index.php\/wp-json\/wp\/v2\/posts"}],"about":[{"href":"https:\/\/elglobal.do\/index.php\/wp-json\/wp\/v2\/types\/post"}],"author":[{"embeddable":true,"href":"https:\/\/elglobal.do\/index.php\/wp-json\/wp\/v2\/users\/1"}],"replies":[{"embeddable":true,"href":"https:\/\/elglobal.do\/index.php\/wp-json\/wp\/v2\/comments?post=2401"}],"version-history":[{"count":1,"href":"https:\/\/elglobal.do\/index.php\/wp-json\/wp\/v2\/posts\/2401\/revisions"}],"predecessor-version":[{"id":2403,"href":"https:\/\/elglobal.do\/index.php\/wp-json\/wp\/v2\/posts\/2401\/revisions\/2403"}],"wp:featuredmedia":[{"embeddable":true,"href":"https:\/\/elglobal.do\/index.php\/wp-json\/wp\/v2\/media\/2402"}],"wp:attachment":[{"href":"https:\/\/elglobal.do\/index.php\/wp-json\/wp\/v2\/media?parent=2401"}],"wp:term":[{"taxonomy":"category","embeddable":true,"href":"https:\/\/elglobal.do\/index.php\/wp-json\/wp\/v2\/categories?post=2401"},{"taxonomy":"post_tag","embeddable":true,"href":"https:\/\/elglobal.do\/index.php\/wp-json\/wp\/v2\/tags?post=2401"}],"curies":[{"name":"wp","href":"https:\/\/api.w.org\/{rel}","templated":true}]}}