{"id":2408,"date":"2025-09-19T11:49:38","date_gmt":"2025-09-19T15:49:38","guid":{"rendered":"https:\/\/elglobal.do\/?p=2408"},"modified":"2025-09-19T11:49:41","modified_gmt":"2025-09-19T15:49:41","slug":"protestas-y-arrestos-en-la-visita-de-trump-a-londres","status":"publish","type":"post","link":"https:\/\/elglobal.do\/index.php\/2025\/09\/19\/protestas-y-arrestos-en-la-visita-de-trump-a-londres\/","title":{"rendered":"Protestas y arrestos en la visita de Trump a Londres"},"content":{"rendered":"\n<figure class=\"wp-block-image size-full\"><img loading=\"lazy\" decoding=\"async\" width=\"800\" height=\"533\" src=\"https:\/\/elglobal.do\/wp-content\/uploads\/2025\/09\/image-117.png\" alt=\"\" class=\"wp-image-2409\" srcset=\"https:\/\/elglobal.do\/wp-content\/uploads\/2025\/09\/image-117.png 800w, https:\/\/elglobal.do\/wp-content\/uploads\/2025\/09\/image-117-300x200.png 300w, https:\/\/elglobal.do\/wp-content\/uploads\/2025\/09\/image-117-768x512.png 768w\" sizes=\"auto, (max-width: 800px) 100vw, 800px\" \/><\/figure>\n\n\n\n<p><strong>Londres.-<\/strong>El presidente de Estados Unidos, Donald Trump, fen su reciente visita en el <strong>Castillo de Windsor<\/strong>, donde fue recibido con honores, pero fuera de ah\u00ed, hubo muchos descontentos con su segunda visita de Estado sin precedentes.<\/p>\n\n\n\n<p>Varios miles de personas marcharon por el centro de Londres para protestar por su visita, que incluye un lujoso banquete en su honor ofrecido por el rey Carlos III y una reuni\u00f3n con el primer ministro brit\u00e1nico Keir Starmer.<\/p>\n\n\n\n<p>El grupo, organizado por la coalici\u00f3n Stop Trump U.K., llevaba pancartas que dec\u00edan <strong>\u00abNo al racismo, no a Trump\u00bb <\/strong>mientras avanzaban por Regent Street hacia el Parlamento.<\/p>\n\n\n\n<p>Algunos llevaban peque\u00f1as versiones del enorme globo de Trump beb\u00e9, una caricatura anaranjada del l\u00edder rubio con un pa\u00f1al, que caus\u00f3 gran impresi\u00f3n durante su primera visita en junio de 2019.<\/p>\n\n\n\n<p>Otros llevaban carteles que dec\u00edan \u00abNo a Trump, no al fascismo\u00bb y \u00abDeshazte de Trump\u00bb.<\/p>\n\n\n\n<p>La multitud abuche\u00f3 a un contramanifestante que sosten\u00eda un cartel que dec\u00eda \u00abAmamos a Trump\u00bb.<\/p>\n\n\n\n<p>La Polic\u00eda Metropolitana despleg\u00f3 1,600 oficiales ya que esperaban miembros de unos 50 grupos diferentes que inclu\u00edan activistas clim\u00e1ticos, antirracistas y propalestinos.<\/p>\n\n\n\n<p>El n\u00famero de personas que participaron en la marcha fue mucho menor que hace seis a\u00f1os, cuando Trump visit\u00f3 Londres durante su primer mandato. Esta visita evita casi por completo la capital al realizar ceremonias reales en Windsor, una ciudad hist\u00f3rica a unos 32 kil\u00f3metros (20 millas) al oeste, y en Chequers, la residencia de campo del primer ministro, donde Trump se reunir\u00e1 con Starmer el jueves.<\/p>\n\n\n\n<p><strong>Castillo de Windsor<\/strong><\/p>\n\n\n\n<p>Trump y la primera dama Melania tomaron un helic\u00f3ptero al Castillo de Windsor, donde fueron recibidos calurosamente por el rey y disfrutaron de un paseo en carruaje tirado por caballos por los terrenos masivos de la finca real mientras las bandas militares tocaban los himnos nacionales de Estados Unidos y el Reino Unido.<\/p>\n\n\n\n<p>Decenas de manifestantes salieron a las calles de Windsor antes de su visita para corear: \u00abHey, hey, ho, ho, Donald Trump, no, no\u00bb y \u00abDonald Trump no es bienvenido aqu\u00ed\u00bb.<\/p>\n\n\n\n<p>\u00abNo creo que sea correcto que tengamos a Trump para una segunda visita de Estado debido a su horrible ret\u00f3rica, pol\u00edticas y acciones hacia las mujeres y las personas de color\u00bb, expres\u00f3 Grace Nathew.<\/p>\n\n\n\n<p>El grupo de manifestantes sosten\u00eda carteles que dec\u00edan: \u00abTrump, tu pol\u00edtica apesta\u00bb y \u00abVete. Est\u00e1s contaminando Windsor\u00bb.<\/p>\n\n\n\n<p>La polic\u00eda inform\u00f3 que arrestaron a cuatro personas el martes por un acto en el que se proyect\u00f3 una imagen de Trump y Jeffrey Epstein en una torre del Castillo de Windsor, un recordatorio de la relaci\u00f3n del presidente con el financiero acusado de abusar de menores.<\/p>\n\n\n\n<p><\/p>\n","protected":false},"excerpt":{"rendered":"<p>Londres.-El presidente de Estados Unidos, Donald Trump, fen su reciente visita en el Castillo de Windsor, donde fue recibido con honores, pero fuera de ah\u00ed, hubo muchos descontentos con su&hellip; <\/p>\n","protected":false},"author":1,"featured_media":2409,"comment_status":"open","ping_status":"open","sticky":false,"template":"","format":"standard","meta":{"_jetpack_memberships_contains_paid_content":false,"footnotes":""},"categories":[1],"tags":[1274,1275,1272,1271,1273],"class_list":["post-2408","post","type-post","status-publish","format-standard","has-post-thumbnail","hentry","category-categoria-internacionales","tag-arrestos","tag-castillodewindsor","tag-donaldtrump-2","tag-londres","tag-protestas"],"yoast_head":"<!-- This site is optimized with the Yoast SEO plugin v26.9 - https:\/\/yoast.com\/product\/yoast-seo-wordpress\/ -->\n<title>Protestas y arrestos en la visita de Trump a Londres - EL GLOBAL INFORMATIVO<\/title>\n<meta name=\"robots\" content=\"index, follow, max-snippet:-1, max-image-preview:large, max-video-preview:-1\" \/>\n<link rel=\"canonical\" href=\"https:\/\/elglobal.do\/index.php\/2025\/09\/19\/protestas-y-arrestos-en-la-visita-de-trump-a-londres\/\" \/>\n<meta property=\"og:locale\" content=\"es_ES\" \/>\n<meta property=\"og:type\" content=\"article\" \/>\n<meta property=\"og:title\" content=\"Protestas y arrestos en la visita de Trump a Londres - EL GLOBAL INFORMATIVO\" \/>\n<meta property=\"og:description\" content=\"Londres.-El presidente de Estados Unidos, Donald Trump, fen su reciente visita en el Castillo de Windsor, donde fue recibido con honores, pero fuera de ah\u00ed, hubo muchos descontentos con su&hellip;\" \/>\n<meta property=\"og:url\" content=\"https:\/\/elglobal.do\/index.php\/2025\/09\/19\/protestas-y-arrestos-en-la-visita-de-trump-a-londres\/\" \/>\n<meta property=\"og:site_name\" content=\"EL GLOBAL INFORMATIVO\" \/>\n<meta property=\"article:published_time\" content=\"2025-09-19T15:49:38+00:00\" \/>\n<meta property=\"article:modified_time\" content=\"2025-09-19T15:49:41+00:00\" \/>\n<meta property=\"og:image\" content=\"https:\/\/elglobal.do\/wp-content\/uploads\/2025\/09\/image-117.png\" \/>\n\t<meta property=\"og:image:width\" content=\"800\" \/>\n\t<meta property=\"og:image:height\" content=\"533\" \/>\n\t<meta property=\"og:image:type\" content=\"image\/png\" \/>\n<meta name=\"author\" content=\"EL GLOBAL\" \/>\n<meta name=\"twitter:card\" content=\"summary_large_image\" \/>\n<meta name=\"twitter:label1\" content=\"Escrito por\" \/>\n\t<meta name=\"twitter:data1\" content=\"EL GLOBAL\" \/>\n\t<meta name=\"twitter:label2\" content=\"Tiempo de lectura\" \/>\n\t<meta name=\"twitter:data2\" content=\"3 minutos\" \/>\n<script type=\"application\/ld+json\" class=\"yoast-schema-graph\">{\"@context\":\"https:\/\/schema.org\",\"@graph\":[{\"@type\":\"Article\",\"@id\":\"https:\/\/elglobal.do\/index.php\/2025\/09\/19\/protestas-y-arrestos-en-la-visita-de-trump-a-londres\/#article\",\"isPartOf\":{\"@id\":\"https:\/\/elglobal.do\/index.php\/2025\/09\/19\/protestas-y-arrestos-en-la-visita-de-trump-a-londres\/\"},\"author\":{\"name\":\"EL GLOBAL\",\"@id\":\"https:\/\/elglobal.do\/#\/schema\/person\/0c97ec2c7714fb605d230c292f64d55f\"},\"headline\":\"Protestas y arrestos en la visita de Trump a Londres\",\"datePublished\":\"2025-09-19T15:49:38+00:00\",\"dateModified\":\"2025-09-19T15:49:41+00:00\",\"mainEntityOfPage\":{\"@id\":\"https:\/\/elglobal.do\/index.php\/2025\/09\/19\/protestas-y-arrestos-en-la-visita-de-trump-a-londres\/\"},\"wordCount\":470,\"commentCount\":0,\"publisher\":{\"@id\":\"https:\/\/elglobal.do\/#organization\"},\"image\":{\"@id\":\"https:\/\/elglobal.do\/index.php\/2025\/09\/19\/protestas-y-arrestos-en-la-visita-de-trump-a-londres\/#primaryimage\"},\"thumbnailUrl\":\"https:\/\/elglobal.do\/wp-content\/uploads\/2025\/09\/image-117.png\",\"keywords\":[\"#Arrestos\",\"#CastillodeWindsor\",\"#DonaldTrump\",\"#Londres\",\"#Protestas\"],\"articleSection\":[\"INTERNACIONALES\"],\"inLanguage\":\"es\",\"potentialAction\":[{\"@type\":\"CommentAction\",\"name\":\"Comment\",\"target\":[\"https:\/\/elglobal.do\/index.php\/2025\/09\/19\/protestas-y-arrestos-en-la-visita-de-trump-a-londres\/#respond\"]}]},{\"@type\":\"WebPage\",\"@id\":\"https:\/\/elglobal.do\/index.php\/2025\/09\/19\/protestas-y-arrestos-en-la-visita-de-trump-a-londres\/\",\"url\":\"https:\/\/elglobal.do\/index.php\/2025\/09\/19\/protestas-y-arrestos-en-la-visita-de-trump-a-londres\/\",\"name\":\"Protestas y arrestos en la visita de Trump a Londres - EL GLOBAL INFORMATIVO\",\"isPartOf\":{\"@id\":\"https:\/\/elglobal.do\/#website\"},\"primaryImageOfPage\":{\"@id\":\"https:\/\/elglobal.do\/index.php\/2025\/09\/19\/protestas-y-arrestos-en-la-visita-de-trump-a-londres\/#primaryimage\"},\"image\":{\"@id\":\"https:\/\/elglobal.do\/index.php\/2025\/09\/19\/protestas-y-arrestos-en-la-visita-de-trump-a-londres\/#primaryimage\"},\"thumbnailUrl\":\"https:\/\/elglobal.do\/wp-content\/uploads\/2025\/09\/image-117.png\",\"datePublished\":\"2025-09-19T15:49:38+00:00\",\"dateModified\":\"2025-09-19T15:49:41+00:00\",\"breadcrumb\":{\"@id\":\"https:\/\/elglobal.do\/index.php\/2025\/09\/19\/protestas-y-arrestos-en-la-visita-de-trump-a-londres\/#breadcrumb\"},\"inLanguage\":\"es\",\"potentialAction\":[{\"@type\":\"ReadAction\",\"target\":[\"https:\/\/elglobal.do\/index.php\/2025\/09\/19\/protestas-y-arrestos-en-la-visita-de-trump-a-londres\/\"]}]},{\"@type\":\"ImageObject\",\"inLanguage\":\"es\",\"@id\":\"https:\/\/elglobal.do\/index.php\/2025\/09\/19\/protestas-y-arrestos-en-la-visita-de-trump-a-londres\/#primaryimage\",\"url\":\"https:\/\/elglobal.do\/wp-content\/uploads\/2025\/09\/image-117.png\",\"contentUrl\":\"https:\/\/elglobal.do\/wp-content\/uploads\/2025\/09\/image-117.png\",\"width\":800,\"height\":533},{\"@type\":\"BreadcrumbList\",\"@id\":\"https:\/\/elglobal.do\/index.php\/2025\/09\/19\/protestas-y-arrestos-en-la-visita-de-trump-a-londres\/#breadcrumb\",\"itemListElement\":[{\"@type\":\"ListItem\",\"position\":1,\"name\":\"Portada\",\"item\":\"https:\/\/elglobal.do\/\"},{\"@type\":\"ListItem\",\"position\":2,\"name\":\"Protestas y arrestos en la visita de Trump a Londres\"}]},{\"@type\":\"WebSite\",\"@id\":\"https:\/\/elglobal.do\/#website\",\"url\":\"https:\/\/elglobal.do\/\",\"name\":\"EL GLOBAL INFORMATIVO\",\"description\":\"Peri\u00f3dico digital de la Rep\u00fablica Dominicana que ofrece noticias, novedades, pol\u00edtica y las \u00faltimas actualidades, con informaci\u00f3n veraz y oportuna para mantenerte siempre informad\",\"publisher\":{\"@id\":\"https:\/\/elglobal.do\/#organization\"},\"potentialAction\":[{\"@type\":\"SearchAction\",\"target\":{\"@type\":\"EntryPoint\",\"urlTemplate\":\"https:\/\/elglobal.do\/?s={search_term_string}\"},\"query-input\":{\"@type\":\"PropertyValueSpecification\",\"valueRequired\":true,\"valueName\":\"search_term_string\"}}],\"inLanguage\":\"es\"},{\"@type\":\"Organization\",\"@id\":\"https:\/\/elglobal.do\/#organization\",\"name\":\"EL GLOBAL.DO INFORMATIVO\",\"url\":\"https:\/\/elglobal.do\/\",\"logo\":{\"@type\":\"ImageObject\",\"inLanguage\":\"es\",\"@id\":\"https:\/\/elglobal.do\/#\/schema\/logo\/image\/\",\"url\":\"https:\/\/elglobal.do\/wp-content\/uploads\/2025\/08\/icon.png\",\"contentUrl\":\"https:\/\/elglobal.do\/wp-content\/uploads\/2025\/08\/icon.png\",\"width\":512,\"height\":512,\"caption\":\"EL GLOBAL.DO INFORMATIVO\"},\"image\":{\"@id\":\"https:\/\/elglobal.do\/#\/schema\/logo\/image\/\"}},{\"@type\":\"Person\",\"@id\":\"https:\/\/elglobal.do\/#\/schema\/person\/0c97ec2c7714fb605d230c292f64d55f\",\"name\":\"EL GLOBAL\",\"image\":{\"@type\":\"ImageObject\",\"inLanguage\":\"es\",\"@id\":\"https:\/\/elglobal.do\/#\/schema\/person\/image\/\",\"url\":\"https:\/\/secure.gravatar.com\/avatar\/081cfb6cf99faddc6f4e23a0c11ab98c5cf302925382d1c88dc3ed757ab910a3?s=96&d=mm&r=g\",\"contentUrl\":\"https:\/\/secure.gravatar.com\/avatar\/081cfb6cf99faddc6f4e23a0c11ab98c5cf302925382d1c88dc3ed757ab910a3?s=96&d=mm&r=g\",\"caption\":\"EL GLOBAL\"},\"description\":\"El Global Informativo es un peri\u00f3dico digital de Rep\u00fablica Dominicana que se dedica a cubrir temas importantes, como la pol\u00edtica local, geopol\u00edtica, econom\u00eda, tecnolog\u00eda, noticias internacionales y eventos relacionados con la gesti\u00f3n social, cultural y humana. Su objetivo principal es mantener a la poblaci\u00f3n informada, ofreciendo una visi\u00f3n amplia y actualizada de lo que sucede tanto en el pa\u00eds como en el mundo. Est\u00e1 dirigido por un grupo de periodistas experimentados, lo que garantiza la calidad y la precisi\u00f3n de la informaci\u00f3n que ofrecen. Tiene su sede en la ciudad de Santo Domingo y es parte integral del portafolio de la empresa, MC Global S.R.L.\",\"sameAs\":[\"https:\/\/elglobal.do\",\"https:\/\/www.instagram.com\/elglobal.do_informativo\/\"],\"url\":\"https:\/\/elglobal.do\/index.php\/author\/elglobaluserpro\/\"}]}<\/script>\n<!-- \/ Yoast SEO plugin. -->","yoast_head_json":{"title":"Protestas y arrestos en la visita de Trump a Londres - EL GLOBAL INFORMATIVO","robots":{"index":"index","follow":"follow","max-snippet":"max-snippet:-1","max-image-preview":"max-image-preview:large","max-video-preview":"max-video-preview:-1"},"canonical":"https:\/\/elglobal.do\/index.php\/2025\/09\/19\/protestas-y-arrestos-en-la-visita-de-trump-a-londres\/","og_locale":"es_ES","og_type":"article","og_title":"Protestas y arrestos en la visita de Trump a Londres - EL GLOBAL INFORMATIVO","og_description":"Londres.-El presidente de Estados Unidos, Donald Trump, fen su reciente visita en el Castillo de Windsor, donde fue recibido con honores, pero fuera de ah\u00ed, hubo muchos descontentos con su&hellip;","og_url":"https:\/\/elglobal.do\/index.php\/2025\/09\/19\/protestas-y-arrestos-en-la-visita-de-trump-a-londres\/","og_site_name":"EL GLOBAL INFORMATIVO","article_published_time":"2025-09-19T15:49:38+00:00","article_modified_time":"2025-09-19T15:49:41+00:00","og_image":[{"width":800,"height":533,"url":"https:\/\/elglobal.do\/wp-content\/uploads\/2025\/09\/image-117.png","type":"image\/png"}],"author":"EL GLOBAL","twitter_card":"summary_large_image","twitter_misc":{"Escrito por":"EL GLOBAL","Tiempo de lectura":"3 minutos"},"schema":{"@context":"https:\/\/schema.org","@graph":[{"@type":"Article","@id":"https:\/\/elglobal.do\/index.php\/2025\/09\/19\/protestas-y-arrestos-en-la-visita-de-trump-a-londres\/#article","isPartOf":{"@id":"https:\/\/elglobal.do\/index.php\/2025\/09\/19\/protestas-y-arrestos-en-la-visita-de-trump-a-londres\/"},"author":{"name":"EL GLOBAL","@id":"https:\/\/elglobal.do\/#\/schema\/person\/0c97ec2c7714fb605d230c292f64d55f"},"headline":"Protestas y arrestos en la visita de Trump a Londres","datePublished":"2025-09-19T15:49:38+00:00","dateModified":"2025-09-19T15:49:41+00:00","mainEntityOfPage":{"@id":"https:\/\/elglobal.do\/index.php\/2025\/09\/19\/protestas-y-arrestos-en-la-visita-de-trump-a-londres\/"},"wordCount":470,"commentCount":0,"publisher":{"@id":"https:\/\/elglobal.do\/#organization"},"image":{"@id":"https:\/\/elglobal.do\/index.php\/2025\/09\/19\/protestas-y-arrestos-en-la-visita-de-trump-a-londres\/#primaryimage"},"thumbnailUrl":"https:\/\/elglobal.do\/wp-content\/uploads\/2025\/09\/image-117.png","keywords":["#Arrestos","#CastillodeWindsor","#DonaldTrump","#Londres","#Protestas"],"articleSection":["INTERNACIONALES"],"inLanguage":"es","potentialAction":[{"@type":"CommentAction","name":"Comment","target":["https:\/\/elglobal.do\/index.php\/2025\/09\/19\/protestas-y-arrestos-en-la-visita-de-trump-a-londres\/#respond"]}]},{"@type":"WebPage","@id":"https:\/\/elglobal.do\/index.php\/2025\/09\/19\/protestas-y-arrestos-en-la-visita-de-trump-a-londres\/","url":"https:\/\/elglobal.do\/index.php\/2025\/09\/19\/protestas-y-arrestos-en-la-visita-de-trump-a-londres\/","name":"Protestas y arrestos en la visita de Trump a Londres - EL GLOBAL INFORMATIVO","isPartOf":{"@id":"https:\/\/elglobal.do\/#website"},"primaryImageOfPage":{"@id":"https:\/\/elglobal.do\/index.php\/2025\/09\/19\/protestas-y-arrestos-en-la-visita-de-trump-a-londres\/#primaryimage"},"image":{"@id":"https:\/\/elglobal.do\/index.php\/2025\/09\/19\/protestas-y-arrestos-en-la-visita-de-trump-a-londres\/#primaryimage"},"thumbnailUrl":"https:\/\/elglobal.do\/wp-content\/uploads\/2025\/09\/image-117.png","datePublished":"2025-09-19T15:49:38+00:00","dateModified":"2025-09-19T15:49:41+00:00","breadcrumb":{"@id":"https:\/\/elglobal.do\/index.php\/2025\/09\/19\/protestas-y-arrestos-en-la-visita-de-trump-a-londres\/#breadcrumb"},"inLanguage":"es","potentialAction":[{"@type":"ReadAction","target":["https:\/\/elglobal.do\/index.php\/2025\/09\/19\/protestas-y-arrestos-en-la-visita-de-trump-a-londres\/"]}]},{"@type":"ImageObject","inLanguage":"es","@id":"https:\/\/elglobal.do\/index.php\/2025\/09\/19\/protestas-y-arrestos-en-la-visita-de-trump-a-londres\/#primaryimage","url":"https:\/\/elglobal.do\/wp-content\/uploads\/2025\/09\/image-117.png","contentUrl":"https:\/\/elglobal.do\/wp-content\/uploads\/2025\/09\/image-117.png","width":800,"height":533},{"@type":"BreadcrumbList","@id":"https:\/\/elglobal.do\/index.php\/2025\/09\/19\/protestas-y-arrestos-en-la-visita-de-trump-a-londres\/#breadcrumb","itemListElement":[{"@type":"ListItem","position":1,"name":"Portada","item":"https:\/\/elglobal.do\/"},{"@type":"ListItem","position":2,"name":"Protestas y arrestos en la visita de Trump a Londres"}]},{"@type":"WebSite","@id":"https:\/\/elglobal.do\/#website","url":"https:\/\/elglobal.do\/","name":"EL GLOBAL INFORMATIVO","description":"Peri\u00f3dico digital de la Rep\u00fablica Dominicana que ofrece noticias, novedades, pol\u00edtica y las \u00faltimas actualidades, con informaci\u00f3n veraz y oportuna para mantenerte siempre informad","publisher":{"@id":"https:\/\/elglobal.do\/#organization"},"potentialAction":[{"@type":"SearchAction","target":{"@type":"EntryPoint","urlTemplate":"https:\/\/elglobal.do\/?s={search_term_string}"},"query-input":{"@type":"PropertyValueSpecification","valueRequired":true,"valueName":"search_term_string"}}],"inLanguage":"es"},{"@type":"Organization","@id":"https:\/\/elglobal.do\/#organization","name":"EL GLOBAL.DO INFORMATIVO","url":"https:\/\/elglobal.do\/","logo":{"@type":"ImageObject","inLanguage":"es","@id":"https:\/\/elglobal.do\/#\/schema\/logo\/image\/","url":"https:\/\/elglobal.do\/wp-content\/uploads\/2025\/08\/icon.png","contentUrl":"https:\/\/elglobal.do\/wp-content\/uploads\/2025\/08\/icon.png","width":512,"height":512,"caption":"EL GLOBAL.DO INFORMATIVO"},"image":{"@id":"https:\/\/elglobal.do\/#\/schema\/logo\/image\/"}},{"@type":"Person","@id":"https:\/\/elglobal.do\/#\/schema\/person\/0c97ec2c7714fb605d230c292f64d55f","name":"EL GLOBAL","image":{"@type":"ImageObject","inLanguage":"es","@id":"https:\/\/elglobal.do\/#\/schema\/person\/image\/","url":"https:\/\/secure.gravatar.com\/avatar\/081cfb6cf99faddc6f4e23a0c11ab98c5cf302925382d1c88dc3ed757ab910a3?s=96&d=mm&r=g","contentUrl":"https:\/\/secure.gravatar.com\/avatar\/081cfb6cf99faddc6f4e23a0c11ab98c5cf302925382d1c88dc3ed757ab910a3?s=96&d=mm&r=g","caption":"EL GLOBAL"},"description":"El Global Informativo es un peri\u00f3dico digital de Rep\u00fablica Dominicana que se dedica a cubrir temas importantes, como la pol\u00edtica local, geopol\u00edtica, econom\u00eda, tecnolog\u00eda, noticias internacionales y eventos relacionados con la gesti\u00f3n social, cultural y humana. Su objetivo principal es mantener a la poblaci\u00f3n informada, ofreciendo una visi\u00f3n amplia y actualizada de lo que sucede tanto en el pa\u00eds como en el mundo. Est\u00e1 dirigido por un grupo de periodistas experimentados, lo que garantiza la calidad y la precisi\u00f3n de la informaci\u00f3n que ofrecen. Tiene su sede en la ciudad de Santo Domingo y es parte integral del portafolio de la empresa, MC Global S.R.L.","sameAs":["https:\/\/elglobal.do","https:\/\/www.instagram.com\/elglobal.do_informativo\/"],"url":"https:\/\/elglobal.do\/index.php\/author\/elglobaluserpro\/"}]}},"jetpack_featured_media_url":"https:\/\/elglobal.do\/wp-content\/uploads\/2025\/09\/image-117.png","jetpack_sharing_enabled":true,"_links":{"self":[{"href":"https:\/\/elglobal.do\/index.php\/wp-json\/wp\/v2\/posts\/2408","targetHints":{"allow":["GET"]}}],"collection":[{"href":"https:\/\/elglobal.do\/index.php\/wp-json\/wp\/v2\/posts"}],"about":[{"href":"https:\/\/elglobal.do\/index.php\/wp-json\/wp\/v2\/types\/post"}],"author":[{"embeddable":true,"href":"https:\/\/elglobal.do\/index.php\/wp-json\/wp\/v2\/users\/1"}],"replies":[{"embeddable":true,"href":"https:\/\/elglobal.do\/index.php\/wp-json\/wp\/v2\/comments?post=2408"}],"version-history":[{"count":1,"href":"https:\/\/elglobal.do\/index.php\/wp-json\/wp\/v2\/posts\/2408\/revisions"}],"predecessor-version":[{"id":2410,"href":"https:\/\/elglobal.do\/index.php\/wp-json\/wp\/v2\/posts\/2408\/revisions\/2410"}],"wp:featuredmedia":[{"embeddable":true,"href":"https:\/\/elglobal.do\/index.php\/wp-json\/wp\/v2\/media\/2409"}],"wp:attachment":[{"href":"https:\/\/elglobal.do\/index.php\/wp-json\/wp\/v2\/media?parent=2408"}],"wp:term":[{"taxonomy":"category","embeddable":true,"href":"https:\/\/elglobal.do\/index.php\/wp-json\/wp\/v2\/categories?post=2408"},{"taxonomy":"post_tag","embeddable":true,"href":"https:\/\/elglobal.do\/index.php\/wp-json\/wp\/v2\/tags?post=2408"}],"curies":[{"name":"wp","href":"https:\/\/api.w.org\/{rel}","templated":true}]}}